{"id":279812,"date":"2025-02-06T06:09:10","date_gmt":"2025-02-06T10:09:10","guid":{"rendered":"https:\/\/www.eldiario.net\/portal\/?p=279812"},"modified":"2025-02-06T06:09:10","modified_gmt":"2025-02-06T10:09:10","slug":"paz-pereira-convoca-a-derrumbar-muralla-ideologica-que-aisla-a-bolivia-del-mundo","status":"publish","type":"post","link":"https:\/\/www.eldiario.net\/portal\/2025\/02\/06\/paz-pereira-convoca-a-derrumbar-muralla-ideologica-que-aisla-a-bolivia-del-mundo\/","title":{"rendered":"Paz Pereira convoca a derrumbar \u201cmuralla  ideol\u00f3gica\u201d que aisla a Bolivia del mundo"},"content":{"rendered":"<p>En el marco del Foro Liderazgo para un Nuevo Ciclo, el precandidato a la presidencia de Bolivia, Rodrigo Paz Pereira, expuso claramente su postura ideol\u00f3gica de centro fustigando y convocando derrumbar la muralla ideol\u00f3gica con la que el MAS aisl\u00f3 a Bolivia del mundo en los \u00faltimos 20 a\u00f1os.<\/p>\n<p>\u201cLos bolivianos no comemos de izquierda o derecha. Bolivia no puede estar asilada del mundo como lo est\u00e1 en los \u00faltimos 20 a\u00f1os. Tenemos que abrirnos al mundo. La peor muralla que han construido es la muralla ideol\u00f3gica, que nos aisl\u00f3 de cinco pa\u00edses fronterizos, de los megamovimientos geopol\u00edticos y geoecon\u00f3micos del mundo. Es una muralla a nuestro comercio y a capacidades productivas\u201d, sostuvo el l\u00edder de Primero la Gente ante el auditorio del foro.<\/p>\n<p>Plante\u00f3 retomar relaciones diplom\u00e1ticas con Estados Unidos, Chile, y revisar los acuerdos comerciales en los que ahora se encuentra el pa\u00eds.<\/p>\n<p>\u201cFalta competitividad, tenemos necesidad biotecnolog\u00eda. Nos afecta la inseguridad jur\u00eddica, la falta de mercados en un Estado que nos ayuda. No tenemos la capacidad de construir como otros pa\u00edses\u201d, sostuvo.<\/p>\n<p>Al Foro Liderazgo para un Nuevo Ciclo convoc\u00f3 a los precandidatos Samuel Doria Medina, Efra\u00edn Su\u00e1rez, que represent\u00f3 a Luis Fernando Camacho, a Vicente Cu\u00e9llar y Branko Marinkovic. Todos de tendencia derecha, derecha extrema.\u00a0 Tambi\u00e9n estuvieron presentes en el Foro el oficialista Andr\u00f3nico Rodr\u00edguez y Chi Hyun Chung.<\/p>\n<p>Las propuestas de Paz Zamora expuestas en su ponencia muestran claramente que contrastan con las que plantean el resto de los candidatos.<\/p>\n<p>Para el l\u00edder de Primero la Gente no es necesario recurrir a las recetas que se aplicaron hasta 30 o 40 a\u00f1os. Como, por ejemplo, acudir al Fondo Monetario Internacional (como plantea Samuel Doria Medina) para comenzar a sacar a Bolivia de la actual crisis econ\u00f3mica.<\/p>\n<p>Paz Pereira plantea \u201cordenar la casa\u201d con una redistribuci\u00f3n de los recursos entre el Estado y las regiones. Propone la f\u00f3rmula 50\/50: 50% de los recursos para el Estado y 50% para las regiones. Hoy esa distribuci\u00f3n es 88% para el Estado, 12% para las regiones.<\/p>\n<p>\u201cOrdenemos la casa.\u00a0 O\u00ed decir a algunos candidatos que pedir\u00e1n al FMI. Primero ordenaremos la casa. \u00bfDesde cu\u00e1ndo se vio que teniendo dinero en la casa desordenada se quiera sacar un cr\u00e9dito para reactivar la econom\u00eda de la familia? Los estadistas saben que no es as\u00ed\u201d, reclam\u00f3.<\/p>\n<p>De la misma forma, Paz Pereira expres\u00f3 su desconcierto y rechazo a la exhortaci\u00f3n a la tolerancia que el representante del oficialismo Andr\u00f3nico Guti\u00e9rrez incluy\u00f3 en su ponencia, aclarando que no lleg\u00f3 al Foro como precandidato a la Presidencia.<\/p>\n<p>\u201cTolerancia es acabar con el Estado tranca, acabar con aquellos que pol\u00edticamente se quieren apropiar de un Estado a trav\u00e9s de un partido y de un gobierno. El Estado es de los bolivianos, no de un gobierno ni un partido\u201d, expres\u00f3.<\/p>\n","protected":false},"excerpt":{"rendered":"<p>En el marco del Foro Liderazgo para un Nuevo Ciclo, el precandidato a la presidencia de Bolivia, Rodrigo Paz Pereira, expuso claramente su postura ideol\u00f3gica de centro fustigando y convocando derrumbar la muralla ideol\u00f3gica con la que el MAS aisl\u00f3 a Bolivia del mundo en los \u00faltimos 20 a\u00f1os. \u201cLos bolivianos no comemos de izquierda [&hellip;]<\/p>\n","protected":false},"author":1,"featured_media":279813,"comment_status":"closed","ping_status":"open","sticky":false,"template":"","format":"standard","meta":{"_acf_changed":false,"footnotes":""},"categories":[14],"tags":[],"class_list":["post-279812","post","type-post","status-publish","format-standard","has-post-thumbnail","category-politica"],"acf":{"antetitulo":""},"yoast_head":"<!-- This site is optimized with the Yoast SEO plugin v28.4 - https:\/\/yoast.com\/product\/yoast-seo-wordpress\/ -->\n<title>Paz Pereira convoca a derrumbar \u201cmuralla ideol\u00f3gica\u201d que aisla a Bolivia del mundo - El Diario - Bolivia<\/title>\n<meta name=\"robots\" content=\"index, follow, max-snippet:-1, max-image-preview:large, max-video-preview:-1\" \/>\n<link rel=\"canonical\" href=\"https:\/\/www.eldiario.net\/portal\/2025\/02\/06\/paz-pereira-convoca-a-derrumbar-muralla-ideologica-que-aisla-a-bolivia-del-mundo\/\" \/>\n<meta property=\"og:locale\" content=\"es_ES\" \/>\n<meta property=\"og:type\" content=\"article\" \/>\n<meta property=\"og:title\" content=\"Paz Pereira convoca a derrumbar \u201cmuralla ideol\u00f3gica\u201d que aisla a Bolivia del mundo - El Diario - Bolivia\" \/>\n<meta property=\"og:description\" content=\"En el marco del Foro Liderazgo para un Nuevo Ciclo, el precandidato a la presidencia de Bolivia, Rodrigo Paz Pereira, expuso claramente su postura ideol\u00f3gica de centro fustigando y convocando derrumbar la muralla ideol\u00f3gica con la que el MAS aisl\u00f3 a Bolivia del mundo en los \u00faltimos 20 a\u00f1os. \u201cLos bolivianos no comemos de izquierda [&hellip;]\" \/>\n<meta property=\"og:url\" content=\"https:\/\/www.eldiario.net\/portal\/2025\/02\/06\/paz-pereira-convoca-a-derrumbar-muralla-ideologica-que-aisla-a-bolivia-del-mundo\/\" \/>\n<meta property=\"og:site_name\" content=\"El Diario - Bolivia\" \/>\n<meta property=\"article:publisher\" content=\"https:\/\/www.facebook.com\/eldiario.bolivia\/\" \/>\n<meta property=\"article:published_time\" content=\"2025-02-06T10:09:10+00:00\" \/>\n<meta property=\"og:image\" content=\"https:\/\/www.eldiario.net\/portal\/wp-content\/uploads\/2025\/02\/ZAMORA-FOTO.jpg\" \/>\n\t<meta property=\"og:image:width\" content=\"960\" \/>\n\t<meta property=\"og:image:height\" content=\"851\" \/>\n\t<meta property=\"og:image:type\" content=\"image\/jpeg\" \/>\n<meta name=\"author\" content=\"Jeanette\" \/>\n<meta name=\"twitter:card\" content=\"summary_large_image\" \/>\n<meta name=\"twitter:creator\" content=\"@eldiario_net\" \/>\n<meta name=\"twitter:site\" content=\"@eldiario_net\" \/>\n<meta name=\"twitter:label1\" content=\"Escrito por\" \/>\n\t<meta name=\"twitter:data1\" content=\"Jeanette\" \/>\n\t<meta name=\"twitter:label2\" content=\"Tiempo de lectura\" \/>\n\t<meta name=\"twitter:data2\" content=\"3 minutos\" \/>\n<script type=\"application\/ld+json\" class=\"yoast-schema-graph\">{\"@context\":\"https:\\\/\\\/schema.org\",\"@graph\":[{\"@type\":\"Article\",\"@id\":\"https:\\\/\\\/www.eldiario.net\\\/portal\\\/2025\\\/02\\\/06\\\/paz-pereira-convoca-a-derrumbar-muralla-ideologica-que-aisla-a-bolivia-del-mundo\\\/#article\",\"isPartOf\":{\"@id\":\"https:\\\/\\\/www.eldiario.net\\\/portal\\\/2025\\\/02\\\/06\\\/paz-pereira-convoca-a-derrumbar-muralla-ideologica-que-aisla-a-bolivia-del-mundo\\\/\"},\"author\":{\"name\":\"Jeanette\",\"@id\":\"https:\\\/\\\/www.eldiario.net\\\/portal\\\/#\\\/schema\\\/person\\\/f46445640444750d7d753ccd04ae01b7\"},\"headline\":\"Paz Pereira convoca a derrumbar \u201cmuralla ideol\u00f3gica\u201d que aisla a Bolivia del mundo\",\"datePublished\":\"2025-02-06T10:09:10+00:00\",\"mainEntityOfPage\":{\"@id\":\"https:\\\/\\\/www.eldiario.net\\\/portal\\\/2025\\\/02\\\/06\\\/paz-pereira-convoca-a-derrumbar-muralla-ideologica-que-aisla-a-bolivia-del-mundo\\\/\"},\"wordCount\":504,\"publisher\":{\"@id\":\"https:\\\/\\\/www.eldiario.net\\\/portal\\\/#organization\"},\"image\":{\"@id\":\"https:\\\/\\\/www.eldiario.net\\\/portal\\\/2025\\\/02\\\/06\\\/paz-pereira-convoca-a-derrumbar-muralla-ideologica-que-aisla-a-bolivia-del-mundo\\\/#primaryimage\"},\"thumbnailUrl\":\"https:\\\/\\\/www.eldiario.net\\\/portal\\\/wp-content\\\/uploads\\\/2025\\\/02\\\/ZAMORA-FOTO.jpg\",\"articleSection\":[\"Pol\u00edtica\"],\"inLanguage\":\"es\"},{\"@type\":\"WebPage\",\"@id\":\"https:\\\/\\\/www.eldiario.net\\\/portal\\\/2025\\\/02\\\/06\\\/paz-pereira-convoca-a-derrumbar-muralla-ideologica-que-aisla-a-bolivia-del-mundo\\\/\",\"url\":\"https:\\\/\\\/www.eldiario.net\\\/portal\\\/2025\\\/02\\\/06\\\/paz-pereira-convoca-a-derrumbar-muralla-ideologica-que-aisla-a-bolivia-del-mundo\\\/\",\"name\":\"Paz Pereira convoca a derrumbar \u201cmuralla ideol\u00f3gica\u201d que aisla a Bolivia del mundo - El Diario - Bolivia\",\"isPartOf\":{\"@id\":\"https:\\\/\\\/www.eldiario.net\\\/portal\\\/#website\"},\"primaryImageOfPage\":{\"@id\":\"https:\\\/\\\/www.eldiario.net\\\/portal\\\/2025\\\/02\\\/06\\\/paz-pereira-convoca-a-derrumbar-muralla-ideologica-que-aisla-a-bolivia-del-mundo\\\/#primaryimage\"},\"image\":{\"@id\":\"https:\\\/\\\/www.eldiario.net\\\/portal\\\/2025\\\/02\\\/06\\\/paz-pereira-convoca-a-derrumbar-muralla-ideologica-que-aisla-a-bolivia-del-mundo\\\/#primaryimage\"},\"thumbnailUrl\":\"https:\\\/\\\/www.eldiario.net\\\/portal\\\/wp-content\\\/uploads\\\/2025\\\/02\\\/ZAMORA-FOTO.jpg\",\"datePublished\":\"2025-02-06T10:09:10+00:00\",\"breadcrumb\":{\"@id\":\"https:\\\/\\\/www.eldiario.net\\\/portal\\\/2025\\\/02\\\/06\\\/paz-pereira-convoca-a-derrumbar-muralla-ideologica-que-aisla-a-bolivia-del-mundo\\\/#breadcrumb\"},\"inLanguage\":\"es\",\"potentialAction\":[{\"@type\":\"ReadAction\",\"target\":[\"https:\\\/\\\/www.eldiario.net\\\/portal\\\/2025\\\/02\\\/06\\\/paz-pereira-convoca-a-derrumbar-muralla-ideologica-que-aisla-a-bolivia-del-mundo\\\/\"]}]},{\"@type\":\"ImageObject\",\"inLanguage\":\"es\",\"@id\":\"https:\\\/\\\/www.eldiario.net\\\/portal\\\/2025\\\/02\\\/06\\\/paz-pereira-convoca-a-derrumbar-muralla-ideologica-que-aisla-a-bolivia-del-mundo\\\/#primaryimage\",\"url\":\"https:\\\/\\\/www.eldiario.net\\\/portal\\\/wp-content\\\/uploads\\\/2025\\\/02\\\/ZAMORA-FOTO.jpg\",\"contentUrl\":\"https:\\\/\\\/www.eldiario.net\\\/portal\\\/wp-content\\\/uploads\\\/2025\\\/02\\\/ZAMORA-FOTO.jpg\",\"width\":960,\"height\":851},{\"@type\":\"BreadcrumbList\",\"@id\":\"https:\\\/\\\/www.eldiario.net\\\/portal\\\/2025\\\/02\\\/06\\\/paz-pereira-convoca-a-derrumbar-muralla-ideologica-que-aisla-a-bolivia-del-mundo\\\/#breadcrumb\",\"itemListElement\":[{\"@type\":\"ListItem\",\"position\":1,\"name\":\"Portada\",\"item\":\"https:\\\/\\\/www.eldiario.net\\\/portal\\\/\"},{\"@type\":\"ListItem\",\"position\":2,\"name\":\"Paz Pereira convoca a derrumbar \u201cmuralla ideol\u00f3gica\u201d que aisla a Bolivia del mundo\"}]},{\"@type\":\"WebSite\",\"@id\":\"https:\\\/\\\/www.eldiario.net\\\/portal\\\/#website\",\"url\":\"https:\\\/\\\/www.eldiario.net\\\/portal\\\/\",\"name\":\"El Diario - Decano de la prensa nacional\",\"description\":\"El Diario - Decano de la prensa nacional\",\"publisher\":{\"@id\":\"https:\\\/\\\/www.eldiario.net\\\/portal\\\/#organization\"},\"potentialAction\":[{\"@type\":\"SearchAction\",\"target\":{\"@type\":\"EntryPoint\",\"urlTemplate\":\"https:\\\/\\\/www.eldiario.net\\\/portal\\\/?s={search_term_string}\"},\"query-input\":{\"@type\":\"PropertyValueSpecification\",\"valueRequired\":true,\"valueName\":\"search_term_string\"}}],\"inLanguage\":\"es\"},{\"@type\":\"Organization\",\"@id\":\"https:\\\/\\\/www.eldiario.net\\\/portal\\\/#organization\",\"name\":\"El Diario - Decano de la prensa nacional\",\"url\":\"https:\\\/\\\/www.eldiario.net\\\/portal\\\/\",\"logo\":{\"@type\":\"ImageObject\",\"inLanguage\":\"es\",\"@id\":\"https:\\\/\\\/www.eldiario.net\\\/portal\\\/#\\\/schema\\\/logo\\\/image\\\/\",\"url\":\"https:\\\/\\\/www.eldiario.net\\\/portal\\\/wp-content\\\/uploads\\\/2023\\\/07\\\/logo_ED.jpg\",\"contentUrl\":\"https:\\\/\\\/www.eldiario.net\\\/portal\\\/wp-content\\\/uploads\\\/2023\\\/07\\\/logo_ED.jpg\",\"width\":272,\"height\":52,\"caption\":\"El Diario - Decano de la prensa nacional\"},\"image\":{\"@id\":\"https:\\\/\\\/www.eldiario.net\\\/portal\\\/#\\\/schema\\\/logo\\\/image\\\/\"},\"sameAs\":[\"https:\\\/\\\/www.facebook.com\\\/eldiario.bolivia\\\/\",\"https:\\\/\\\/x.com\\\/eldiario_net\"]},{\"@type\":\"Person\",\"@id\":\"https:\\\/\\\/www.eldiario.net\\\/portal\\\/#\\\/schema\\\/person\\\/f46445640444750d7d753ccd04ae01b7\",\"name\":\"Jeanette\",\"image\":{\"@type\":\"ImageObject\",\"inLanguage\":\"es\",\"@id\":\"https:\\\/\\\/secure.gravatar.com\\\/avatar\\\/3ea2118a5f7dad2b7138b1187a6b7ee55f160b9968b66013c3a3ef39dd7e5798?s=96&d=mm&r=g\",\"url\":\"https:\\\/\\\/secure.gravatar.com\\\/avatar\\\/3ea2118a5f7dad2b7138b1187a6b7ee55f160b9968b66013c3a3ef39dd7e5798?s=96&d=mm&r=g\",\"contentUrl\":\"https:\\\/\\\/secure.gravatar.com\\\/avatar\\\/3ea2118a5f7dad2b7138b1187a6b7ee55f160b9968b66013c3a3ef39dd7e5798?s=96&d=mm&r=g\",\"caption\":\"Jeanette\"},\"sameAs\":[\"https:\\\/\\\/www.eldiario.net\\\/portal\"],\"url\":\"https:\\\/\\\/www.eldiario.net\\\/portal\\\/author\\\/jeanette\\\/\"}]}<\/script>\n<!-- \/ Yoast SEO plugin. -->","yoast_head_json":{"title":"Paz Pereira convoca a derrumbar \u201cmuralla ideol\u00f3gica\u201d que aisla a Bolivia del mundo - El Diario - Bolivia","robots":{"index":"index","follow":"follow","max-snippet":"max-snippet:-1","max-image-preview":"max-image-preview:large","max-video-preview":"max-video-preview:-1"},"canonical":"https:\/\/www.eldiario.net\/portal\/2025\/02\/06\/paz-pereira-convoca-a-derrumbar-muralla-ideologica-que-aisla-a-bolivia-del-mundo\/","og_locale":"es_ES","og_type":"article","og_title":"Paz Pereira convoca a derrumbar \u201cmuralla ideol\u00f3gica\u201d que aisla a Bolivia del mundo - El Diario - Bolivia","og_description":"En el marco del Foro Liderazgo para un Nuevo Ciclo, el precandidato a la presidencia de Bolivia, Rodrigo Paz Pereira, expuso claramente su postura ideol\u00f3gica de centro fustigando y convocando derrumbar la muralla ideol\u00f3gica con la que el MAS aisl\u00f3 a Bolivia del mundo en los \u00faltimos 20 a\u00f1os. \u201cLos bolivianos no comemos de izquierda [&hellip;]","og_url":"https:\/\/www.eldiario.net\/portal\/2025\/02\/06\/paz-pereira-convoca-a-derrumbar-muralla-ideologica-que-aisla-a-bolivia-del-mundo\/","og_site_name":"El Diario - Bolivia","article_publisher":"https:\/\/www.facebook.com\/eldiario.bolivia\/","article_published_time":"2025-02-06T10:09:10+00:00","og_image":[{"width":960,"height":851,"url":"https:\/\/www.eldiario.net\/portal\/wp-content\/uploads\/2025\/02\/ZAMORA-FOTO.jpg","type":"image\/jpeg"}],"author":"Jeanette","twitter_card":"summary_large_image","twitter_creator":"@eldiario_net","twitter_site":"@eldiario_net","twitter_misc":{"Escrito por":"Jeanette","Tiempo de lectura":"3 minutos"},"schema":{"@context":"https:\/\/schema.org","@graph":[{"@type":"Article","@id":"https:\/\/www.eldiario.net\/portal\/2025\/02\/06\/paz-pereira-convoca-a-derrumbar-muralla-ideologica-que-aisla-a-bolivia-del-mundo\/#article","isPartOf":{"@id":"https:\/\/www.eldiario.net\/portal\/2025\/02\/06\/paz-pereira-convoca-a-derrumbar-muralla-ideologica-que-aisla-a-bolivia-del-mundo\/"},"author":{"name":"Jeanette","@id":"https:\/\/www.eldiario.net\/portal\/#\/schema\/person\/f46445640444750d7d753ccd04ae01b7"},"headline":"Paz Pereira convoca a derrumbar \u201cmuralla ideol\u00f3gica\u201d que aisla a Bolivia del mundo","datePublished":"2025-02-06T10:09:10+00:00","mainEntityOfPage":{"@id":"https:\/\/www.eldiario.net\/portal\/2025\/02\/06\/paz-pereira-convoca-a-derrumbar-muralla-ideologica-que-aisla-a-bolivia-del-mundo\/"},"wordCount":504,"publisher":{"@id":"https:\/\/www.eldiario.net\/portal\/#organization"},"image":{"@id":"https:\/\/www.eldiario.net\/portal\/2025\/02\/06\/paz-pereira-convoca-a-derrumbar-muralla-ideologica-que-aisla-a-bolivia-del-mundo\/#primaryimage"},"thumbnailUrl":"https:\/\/www.eldiario.net\/portal\/wp-content\/uploads\/2025\/02\/ZAMORA-FOTO.jpg","articleSection":["Pol\u00edtica"],"inLanguage":"es"},{"@type":"WebPage","@id":"https:\/\/www.eldiario.net\/portal\/2025\/02\/06\/paz-pereira-convoca-a-derrumbar-muralla-ideologica-que-aisla-a-bolivia-del-mundo\/","url":"https:\/\/www.eldiario.net\/portal\/2025\/02\/06\/paz-pereira-convoca-a-derrumbar-muralla-ideologica-que-aisla-a-bolivia-del-mundo\/","name":"Paz Pereira convoca a derrumbar \u201cmuralla ideol\u00f3gica\u201d que aisla a Bolivia del mundo - El Diario - Bolivia","isPartOf":{"@id":"https:\/\/www.eldiario.net\/portal\/#website"},"primaryImageOfPage":{"@id":"https:\/\/www.eldiario.net\/portal\/2025\/02\/06\/paz-pereira-convoca-a-derrumbar-muralla-ideologica-que-aisla-a-bolivia-del-mundo\/#primaryimage"},"image":{"@id":"https:\/\/www.eldiario.net\/portal\/2025\/02\/06\/paz-pereira-convoca-a-derrumbar-muralla-ideologica-que-aisla-a-bolivia-del-mundo\/#primaryimage"},"thumbnailUrl":"https:\/\/www.eldiario.net\/portal\/wp-content\/uploads\/2025\/02\/ZAMORA-FOTO.jpg","datePublished":"2025-02-06T10:09:10+00:00","breadcrumb":{"@id":"https:\/\/www.eldiario.net\/portal\/2025\/02\/06\/paz-pereira-convoca-a-derrumbar-muralla-ideologica-que-aisla-a-bolivia-del-mundo\/#breadcrumb"},"inLanguage":"es","potentialAction":[{"@type":"ReadAction","target":["https:\/\/www.eldiario.net\/portal\/2025\/02\/06\/paz-pereira-convoca-a-derrumbar-muralla-ideologica-que-aisla-a-bolivia-del-mundo\/"]}]},{"@type":"ImageObject","inLanguage":"es","@id":"https:\/\/www.eldiario.net\/portal\/2025\/02\/06\/paz-pereira-convoca-a-derrumbar-muralla-ideologica-que-aisla-a-bolivia-del-mundo\/#primaryimage","url":"https:\/\/www.eldiario.net\/portal\/wp-content\/uploads\/2025\/02\/ZAMORA-FOTO.jpg","contentUrl":"https:\/\/www.eldiario.net\/portal\/wp-content\/uploads\/2025\/02\/ZAMORA-FOTO.jpg","width":960,"height":851},{"@type":"BreadcrumbList","@id":"https:\/\/www.eldiario.net\/portal\/2025\/02\/06\/paz-pereira-convoca-a-derrumbar-muralla-ideologica-que-aisla-a-bolivia-del-mundo\/#breadcrumb","itemListElement":[{"@type":"ListItem","position":1,"name":"Portada","item":"https:\/\/www.eldiario.net\/portal\/"},{"@type":"ListItem","position":2,"name":"Paz Pereira convoca a derrumbar \u201cmuralla ideol\u00f3gica\u201d que aisla a Bolivia del mundo"}]},{"@type":"WebSite","@id":"https:\/\/www.eldiario.net\/portal\/#website","url":"https:\/\/www.eldiario.net\/portal\/","name":"El Diario - Decano de la prensa nacional","description":"El Diario - Decano de la prensa nacional","publisher":{"@id":"https:\/\/www.eldiario.net\/portal\/#organization"},"potentialAction":[{"@type":"SearchAction","target":{"@type":"EntryPoint","urlTemplate":"https:\/\/www.eldiario.net\/portal\/?s={search_term_string}"},"query-input":{"@type":"PropertyValueSpecification","valueRequired":true,"valueName":"search_term_string"}}],"inLanguage":"es"},{"@type":"Organization","@id":"https:\/\/www.eldiario.net\/portal\/#organization","name":"El Diario - Decano de la prensa nacional","url":"https:\/\/www.eldiario.net\/portal\/","logo":{"@type":"ImageObject","inLanguage":"es","@id":"https:\/\/www.eldiario.net\/portal\/#\/schema\/logo\/image\/","url":"https:\/\/www.eldiario.net\/portal\/wp-content\/uploads\/2023\/07\/logo_ED.jpg","contentUrl":"https:\/\/www.eldiario.net\/portal\/wp-content\/uploads\/2023\/07\/logo_ED.jpg","width":272,"height":52,"caption":"El Diario - Decano de la prensa nacional"},"image":{"@id":"https:\/\/www.eldiario.net\/portal\/#\/schema\/logo\/image\/"},"sameAs":["https:\/\/www.facebook.com\/eldiario.bolivia\/","https:\/\/x.com\/eldiario_net"]},{"@type":"Person","@id":"https:\/\/www.eldiario.net\/portal\/#\/schema\/person\/f46445640444750d7d753ccd04ae01b7","name":"Jeanette","image":{"@type":"ImageObject","inLanguage":"es","@id":"https:\/\/secure.gravatar.com\/avatar\/3ea2118a5f7dad2b7138b1187a6b7ee55f160b9968b66013c3a3ef39dd7e5798?s=96&d=mm&r=g","url":"https:\/\/secure.gravatar.com\/avatar\/3ea2118a5f7dad2b7138b1187a6b7ee55f160b9968b66013c3a3ef39dd7e5798?s=96&d=mm&r=g","contentUrl":"https:\/\/secure.gravatar.com\/avatar\/3ea2118a5f7dad2b7138b1187a6b7ee55f160b9968b66013c3a3ef39dd7e5798?s=96&d=mm&r=g","caption":"Jeanette"},"sameAs":["https:\/\/www.eldiario.net\/portal"],"url":"https:\/\/www.eldiario.net\/portal\/author\/jeanette\/"}]}},"_links":{"self":[{"href":"https:\/\/www.eldiario.net\/portal\/wp-json\/wp\/v2\/posts\/279812","targetHints":{"allow":["GET"]}}],"collection":[{"href":"https:\/\/www.eldiario.net\/portal\/wp-json\/wp\/v2\/posts"}],"about":[{"href":"https:\/\/www.eldiario.net\/portal\/wp-json\/wp\/v2\/types\/post"}],"author":[{"embeddable":true,"href":"https:\/\/www.eldiario.net\/portal\/wp-json\/wp\/v2\/users\/1"}],"replies":[{"embeddable":true,"href":"https:\/\/www.eldiario.net\/portal\/wp-json\/wp\/v2\/comments?post=279812"}],"version-history":[{"count":1,"href":"https:\/\/www.eldiario.net\/portal\/wp-json\/wp\/v2\/posts\/279812\/revisions"}],"predecessor-version":[{"id":279814,"href":"https:\/\/www.eldiario.net\/portal\/wp-json\/wp\/v2\/posts\/279812\/revisions\/279814"}],"wp:featuredmedia":[{"embeddable":true,"href":"https:\/\/www.eldiario.net\/portal\/wp-json\/wp\/v2\/media\/279813"}],"wp:attachment":[{"href":"https:\/\/www.eldiario.net\/portal\/wp-json\/wp\/v2\/media?parent=279812"}],"wp:term":[{"taxonomy":"category","embeddable":true,"href":"https:\/\/www.eldiario.net\/portal\/wp-json\/wp\/v2\/categories?post=279812"},{"taxonomy":"post_tag","embeddable":true,"href":"https:\/\/www.eldiario.net\/portal\/wp-json\/wp\/v2\/tags?post=279812"}],"curies":[{"name":"wp","href":"https:\/\/api.w.org\/{rel}","templated":true}]}}