{"id":279809,"date":"2025-02-06T06:07:48","date_gmt":"2025-02-06T10:07:48","guid":{"rendered":"https:\/\/www.eldiario.net\/portal\/?p=279809"},"modified":"2025-02-06T06:07:48","modified_gmt":"2025-02-06T10:07:48","slug":"cada-boliviano-debe-casi-4-000-dolares-por-adquisicion-de-deuda","status":"publish","type":"post","link":"https:\/\/www.eldiario.net\/portal\/2025\/02\/06\/cada-boliviano-debe-casi-4-000-dolares-por-adquisicion-de-deuda\/","title":{"rendered":"Cada boliviano debe casi 4.000  d\u00f3lares por adquisici\u00f3n de deuda"},"content":{"rendered":"<p>Bolivia nuevamente vuelve depender de deuda externa e interna para que funcione el aparato estatal. Quedaron atr\u00e1s los ingresos por la venta de gas y se perdi\u00f3 una d\u00e9cada de oro, ahora el Gobierno todos los d\u00edas pide aprobaci\u00f3n de cr\u00e9ditos; mientras tanto, la deuda p\u00fablica pasa los $us 43.000 millones y la de cada boliviano los 3.800 d\u00f3lares.<\/p>\n<p>El pasado 31 de enero de 2025, sali\u00f3 a la luz p\u00fablica la consulta del art\u00edculo IV de 2024: comunicado de prensa &#8211; informe del personal y declaraci\u00f3n del ejecutivo director por Bolivia, donde el Directorio Ejecutivo del FMI concluye la consulta del Art\u00edculo IV de 2024 con Bolivia.<\/p>\n<p>El Gobierno desestim\u00f3 este informe, por considerarlo desactualizado y no evaluar la mejora en la econom\u00eda nacional.<\/p>\n<p>Sin embargo, algo que caus\u00f3 revuelo y debate, dentro del informe del FMI sobre la econom\u00eda boliviana, fueron las cifras de la deuda p\u00fablica (externa e interna) del pa\u00eds, que seg\u00fan sus estimaciones el 2023 fue del 83,6% del PIB y en 2024 del 86,7%.<\/p>\n<p>Por la falta de liquidez del Sistema P\u00fablico No Financiero (SPNF) se recurri\u00f3 hace unos a\u00f1os a mayores cr\u00e9ditos externos, que paulinamente fueron limitados, incluso por temas pol\u00edticos, dando lugar a un incremento extraordinario en montos y crecimiento de la deuda interna.<\/p>\n<p>Para el ministro de Econom\u00eda y Finanzas P\u00fablicas, Marcelo Montenegro, la deuda p\u00fablica s\u00f3lo llega al 46%.<\/p>\n<p>EXPLICACI\u00d3N<\/p>\n<p>\u201cPartamos que el saldo de la deuda externa de Bolivia a finales del 2024, seg\u00fan datos oficiales, fue de 13.345,40 millones de d\u00f3lares, representando el 26,8% del Producto Interno Bruto (PIB) nominal de esa gesti\u00f3n, que seg\u00fan nuestros c\u00e1lculos fue de 49.796,27 millones. En base a las estimaciones de la deuda p\u00fablica del pa\u00eds por parte del FMI, elaboramos por cuenta propia la siguiente estructura de la misma para el a\u00f1o 2024\u201d, sostiene el presidente del Colegio de Economistas de Tarija, Fernando Romero.<\/p>\n<p>El economista detalla que la deuda externa 13.345.400.000 de d\u00f3lares, la interna de 29.827.964.925 y en total la p\u00fablica alcanz\u00f3 a 43.173.364.925.<\/p>\n<p>El FMI estim\u00f3 que el 2024 la deuda p\u00fablica nacional represent\u00f3 el 86,7% del PIB nominal. Respetando los datos del BCB, nuestra deuda externa represent\u00f3 el 26,8% el a\u00f1o pasado, por lo tanto, la deuda interna fue del 59,9% del PIB. Es indudable que la deuda interna es mayor que la externa y que seg\u00fan estimaciones la misma fue 2,2 veces mayor en el 2024, explic\u00f3.<\/p>\n<p>\u201cEl destino de la deuda estuvo enfocado principalmente al gasto p\u00fablico, entre ellos al financiamiento de empresas estatales, la mayor\u00eda deficitarias. Por ejemplo el 2021, las empresas p\u00fablicas presentaron un d\u00e9ficit global por 25.946 millones de bolivianos\u201d, sostuvo el economista.<\/p>\n<p>PER C\u00c1PITA<\/p>\n<p>En otro an\u00e1lisis, si tomamos en cuenta los resultados poblacionales del Censo 2024 podemos sacar la deuda per c\u00e1pita seg\u00fan la siguiente clasificaci\u00f3n: Deuda externa per c\u00e1pita: 1.180 d\u00f3lares; deuda interna per c\u00e1pita: 2.637; y deuda p\u00fablica per c\u00e1pita:\u00a0 3.816.<\/p>\n<p>\u201cEsto es lo que deber\u00eda cada boliviano de acuerdo a cada tipo de deuda, evidentemente que, si tomamos la deuda p\u00fablica total de Bolivia, cada habitante de nuestro pa\u00eds deber\u00eda un monto aproximado de 3.816 d\u00f3lares. La implicancia de una mayor deuda p\u00fablica, orientada sobre todo al gasto fiscal y no a la inversi\u00f3n p\u00fablica tiene un costo social elevado a largo plazo\u201d, alert\u00f3.<\/p>\n<p>Si bien las cifras dadas de la deuda p\u00fablica y de la deuda per c\u00e1pita en el a\u00f1o 2024, en base a informaci\u00f3n gubernamental y el informe del FMI, son solo estimaciones, las mismas reflejan una tendencia creciente de financiar el gasto estatal y parchar los d\u00e9ficits fiscales con mayor endeudamiento, principalmente interno, observ\u00f3.<\/p>\n<p>Por ello, Romero asegur\u00f3 que amerita un reajuste estructural del gasto p\u00fablico, que es primordial para evitar que la crisis econ\u00f3mica se agudice m\u00e1s en t\u00e9rminos monetarios y cambiarios, con mayores presiones inflacionarias, y con un riesgo latente, pero real, de una estanflaci\u00f3n, crisis de balanza de pagos y\/o un default.<\/p>\n<p>&nbsp;<\/p>\n","protected":false},"excerpt":{"rendered":"<p>Bolivia nuevamente vuelve depender de deuda externa e interna para que funcione el aparato estatal. Quedaron atr\u00e1s los ingresos por la venta de gas y se perdi\u00f3 una d\u00e9cada de oro, ahora el Gobierno todos los d\u00edas pide aprobaci\u00f3n de cr\u00e9ditos; mientras tanto, la deuda p\u00fablica pasa los $us 43.000 millones y la de cada [&hellip;]<\/p>\n","protected":false},"author":1,"featured_media":279810,"comment_status":"closed","ping_status":"open","sticky":false,"template":"","format":"standard","meta":{"_acf_changed":false,"footnotes":""},"categories":[17],"tags":[],"class_list":["post-279809","post","type-post","status-publish","format-standard","has-post-thumbnail","category-principal"],"acf":{"antetitulo":""},"yoast_head":"<!-- This site is optimized with the Yoast SEO plugin v28.4 - https:\/\/yoast.com\/product\/yoast-seo-wordpress\/ -->\n<title>Cada boliviano debe casi 4.000 d\u00f3lares por adquisici\u00f3n de deuda - El Diario - Bolivia<\/title>\n<meta name=\"robots\" content=\"index, follow, max-snippet:-1, max-image-preview:large, max-video-preview:-1\" \/>\n<link rel=\"canonical\" href=\"https:\/\/www.eldiario.net\/portal\/2025\/02\/06\/cada-boliviano-debe-casi-4-000-dolares-por-adquisicion-de-deuda\/\" \/>\n<meta property=\"og:locale\" content=\"es_ES\" \/>\n<meta property=\"og:type\" content=\"article\" \/>\n<meta property=\"og:title\" content=\"Cada boliviano debe casi 4.000 d\u00f3lares por adquisici\u00f3n de deuda - El Diario - Bolivia\" \/>\n<meta property=\"og:description\" content=\"Bolivia nuevamente vuelve depender de deuda externa e interna para que funcione el aparato estatal. Quedaron atr\u00e1s los ingresos por la venta de gas y se perdi\u00f3 una d\u00e9cada de oro, ahora el Gobierno todos los d\u00edas pide aprobaci\u00f3n de cr\u00e9ditos; mientras tanto, la deuda p\u00fablica pasa los $us 43.000 millones y la de cada [&hellip;]\" \/>\n<meta property=\"og:url\" content=\"https:\/\/www.eldiario.net\/portal\/2025\/02\/06\/cada-boliviano-debe-casi-4-000-dolares-por-adquisicion-de-deuda\/\" \/>\n<meta property=\"og:site_name\" content=\"El Diario - Bolivia\" \/>\n<meta property=\"article:publisher\" content=\"https:\/\/www.facebook.com\/eldiario.bolivia\/\" \/>\n<meta property=\"article:published_time\" content=\"2025-02-06T10:07:48+00:00\" \/>\n<meta property=\"og:image\" content=\"https:\/\/www.eldiario.net\/portal\/wp-content\/uploads\/2025\/02\/AAPER-FOTO.jpg\" \/>\n\t<meta property=\"og:image:width\" content=\"800\" \/>\n\t<meta property=\"og:image:height\" content=\"450\" \/>\n\t<meta property=\"og:image:type\" content=\"image\/jpeg\" \/>\n<meta name=\"author\" content=\"Jeanette\" \/>\n<meta name=\"twitter:card\" content=\"summary_large_image\" \/>\n<meta name=\"twitter:creator\" content=\"@eldiario_net\" \/>\n<meta name=\"twitter:site\" content=\"@eldiario_net\" \/>\n<meta name=\"twitter:label1\" content=\"Escrito por\" \/>\n\t<meta name=\"twitter:data1\" content=\"Jeanette\" \/>\n\t<meta name=\"twitter:label2\" content=\"Tiempo de lectura\" \/>\n\t<meta name=\"twitter:data2\" content=\"4 minutos\" \/>\n<script type=\"application\/ld+json\" class=\"yoast-schema-graph\">{\"@context\":\"https:\\\/\\\/schema.org\",\"@graph\":[{\"@type\":\"Article\",\"@id\":\"https:\\\/\\\/www.eldiario.net\\\/portal\\\/2025\\\/02\\\/06\\\/cada-boliviano-debe-casi-4-000-dolares-por-adquisicion-de-deuda\\\/#article\",\"isPartOf\":{\"@id\":\"https:\\\/\\\/www.eldiario.net\\\/portal\\\/2025\\\/02\\\/06\\\/cada-boliviano-debe-casi-4-000-dolares-por-adquisicion-de-deuda\\\/\"},\"author\":{\"name\":\"Jeanette\",\"@id\":\"https:\\\/\\\/www.eldiario.net\\\/portal\\\/#\\\/schema\\\/person\\\/f46445640444750d7d753ccd04ae01b7\"},\"headline\":\"Cada boliviano debe casi 4.000 d\u00f3lares por adquisici\u00f3n de deuda\",\"datePublished\":\"2025-02-06T10:07:48+00:00\",\"mainEntityOfPage\":{\"@id\":\"https:\\\/\\\/www.eldiario.net\\\/portal\\\/2025\\\/02\\\/06\\\/cada-boliviano-debe-casi-4-000-dolares-por-adquisicion-de-deuda\\\/\"},\"wordCount\":702,\"publisher\":{\"@id\":\"https:\\\/\\\/www.eldiario.net\\\/portal\\\/#organization\"},\"image\":{\"@id\":\"https:\\\/\\\/www.eldiario.net\\\/portal\\\/2025\\\/02\\\/06\\\/cada-boliviano-debe-casi-4-000-dolares-por-adquisicion-de-deuda\\\/#primaryimage\"},\"thumbnailUrl\":\"https:\\\/\\\/www.eldiario.net\\\/portal\\\/wp-content\\\/uploads\\\/2025\\\/02\\\/AAPER-FOTO.jpg\",\"articleSection\":[\"Principal\"],\"inLanguage\":\"es\"},{\"@type\":\"WebPage\",\"@id\":\"https:\\\/\\\/www.eldiario.net\\\/portal\\\/2025\\\/02\\\/06\\\/cada-boliviano-debe-casi-4-000-dolares-por-adquisicion-de-deuda\\\/\",\"url\":\"https:\\\/\\\/www.eldiario.net\\\/portal\\\/2025\\\/02\\\/06\\\/cada-boliviano-debe-casi-4-000-dolares-por-adquisicion-de-deuda\\\/\",\"name\":\"Cada boliviano debe casi 4.000 d\u00f3lares por adquisici\u00f3n de deuda - El Diario - Bolivia\",\"isPartOf\":{\"@id\":\"https:\\\/\\\/www.eldiario.net\\\/portal\\\/#website\"},\"primaryImageOfPage\":{\"@id\":\"https:\\\/\\\/www.eldiario.net\\\/portal\\\/2025\\\/02\\\/06\\\/cada-boliviano-debe-casi-4-000-dolares-por-adquisicion-de-deuda\\\/#primaryimage\"},\"image\":{\"@id\":\"https:\\\/\\\/www.eldiario.net\\\/portal\\\/2025\\\/02\\\/06\\\/cada-boliviano-debe-casi-4-000-dolares-por-adquisicion-de-deuda\\\/#primaryimage\"},\"thumbnailUrl\":\"https:\\\/\\\/www.eldiario.net\\\/portal\\\/wp-content\\\/uploads\\\/2025\\\/02\\\/AAPER-FOTO.jpg\",\"datePublished\":\"2025-02-06T10:07:48+00:00\",\"breadcrumb\":{\"@id\":\"https:\\\/\\\/www.eldiario.net\\\/portal\\\/2025\\\/02\\\/06\\\/cada-boliviano-debe-casi-4-000-dolares-por-adquisicion-de-deuda\\\/#breadcrumb\"},\"inLanguage\":\"es\",\"potentialAction\":[{\"@type\":\"ReadAction\",\"target\":[\"https:\\\/\\\/www.eldiario.net\\\/portal\\\/2025\\\/02\\\/06\\\/cada-boliviano-debe-casi-4-000-dolares-por-adquisicion-de-deuda\\\/\"]}]},{\"@type\":\"ImageObject\",\"inLanguage\":\"es\",\"@id\":\"https:\\\/\\\/www.eldiario.net\\\/portal\\\/2025\\\/02\\\/06\\\/cada-boliviano-debe-casi-4-000-dolares-por-adquisicion-de-deuda\\\/#primaryimage\",\"url\":\"https:\\\/\\\/www.eldiario.net\\\/portal\\\/wp-content\\\/uploads\\\/2025\\\/02\\\/AAPER-FOTO.jpg\",\"contentUrl\":\"https:\\\/\\\/www.eldiario.net\\\/portal\\\/wp-content\\\/uploads\\\/2025\\\/02\\\/AAPER-FOTO.jpg\",\"width\":800,\"height\":450},{\"@type\":\"BreadcrumbList\",\"@id\":\"https:\\\/\\\/www.eldiario.net\\\/portal\\\/2025\\\/02\\\/06\\\/cada-boliviano-debe-casi-4-000-dolares-por-adquisicion-de-deuda\\\/#breadcrumb\",\"itemListElement\":[{\"@type\":\"ListItem\",\"position\":1,\"name\":\"Portada\",\"item\":\"https:\\\/\\\/www.eldiario.net\\\/portal\\\/\"},{\"@type\":\"ListItem\",\"position\":2,\"name\":\"Cada boliviano debe casi 4.000 d\u00f3lares por adquisici\u00f3n de deuda\"}]},{\"@type\":\"WebSite\",\"@id\":\"https:\\\/\\\/www.eldiario.net\\\/portal\\\/#website\",\"url\":\"https:\\\/\\\/www.eldiario.net\\\/portal\\\/\",\"name\":\"El Diario - Decano de la prensa nacional\",\"description\":\"El Diario - Decano de la prensa nacional\",\"publisher\":{\"@id\":\"https:\\\/\\\/www.eldiario.net\\\/portal\\\/#organization\"},\"potentialAction\":[{\"@type\":\"SearchAction\",\"target\":{\"@type\":\"EntryPoint\",\"urlTemplate\":\"https:\\\/\\\/www.eldiario.net\\\/portal\\\/?s={search_term_string}\"},\"query-input\":{\"@type\":\"PropertyValueSpecification\",\"valueRequired\":true,\"valueName\":\"search_term_string\"}}],\"inLanguage\":\"es\"},{\"@type\":\"Organization\",\"@id\":\"https:\\\/\\\/www.eldiario.net\\\/portal\\\/#organization\",\"name\":\"El Diario - Decano de la prensa nacional\",\"url\":\"https:\\\/\\\/www.eldiario.net\\\/portal\\\/\",\"logo\":{\"@type\":\"ImageObject\",\"inLanguage\":\"es\",\"@id\":\"https:\\\/\\\/www.eldiario.net\\\/portal\\\/#\\\/schema\\\/logo\\\/image\\\/\",\"url\":\"https:\\\/\\\/www.eldiario.net\\\/portal\\\/wp-content\\\/uploads\\\/2023\\\/07\\\/logo_ED.jpg\",\"contentUrl\":\"https:\\\/\\\/www.eldiario.net\\\/portal\\\/wp-content\\\/uploads\\\/2023\\\/07\\\/logo_ED.jpg\",\"width\":272,\"height\":52,\"caption\":\"El Diario - Decano de la prensa nacional\"},\"image\":{\"@id\":\"https:\\\/\\\/www.eldiario.net\\\/portal\\\/#\\\/schema\\\/logo\\\/image\\\/\"},\"sameAs\":[\"https:\\\/\\\/www.facebook.com\\\/eldiario.bolivia\\\/\",\"https:\\\/\\\/x.com\\\/eldiario_net\"]},{\"@type\":\"Person\",\"@id\":\"https:\\\/\\\/www.eldiario.net\\\/portal\\\/#\\\/schema\\\/person\\\/f46445640444750d7d753ccd04ae01b7\",\"name\":\"Jeanette\",\"image\":{\"@type\":\"ImageObject\",\"inLanguage\":\"es\",\"@id\":\"https:\\\/\\\/secure.gravatar.com\\\/avatar\\\/3ea2118a5f7dad2b7138b1187a6b7ee55f160b9968b66013c3a3ef39dd7e5798?s=96&d=mm&r=g\",\"url\":\"https:\\\/\\\/secure.gravatar.com\\\/avatar\\\/3ea2118a5f7dad2b7138b1187a6b7ee55f160b9968b66013c3a3ef39dd7e5798?s=96&d=mm&r=g\",\"contentUrl\":\"https:\\\/\\\/secure.gravatar.com\\\/avatar\\\/3ea2118a5f7dad2b7138b1187a6b7ee55f160b9968b66013c3a3ef39dd7e5798?s=96&d=mm&r=g\",\"caption\":\"Jeanette\"},\"sameAs\":[\"https:\\\/\\\/www.eldiario.net\\\/portal\"],\"url\":\"https:\\\/\\\/www.eldiario.net\\\/portal\\\/author\\\/jeanette\\\/\"}]}<\/script>\n<!-- \/ Yoast SEO plugin. -->","yoast_head_json":{"title":"Cada boliviano debe casi 4.000 d\u00f3lares por adquisici\u00f3n de deuda - El Diario - Bolivia","robots":{"index":"index","follow":"follow","max-snippet":"max-snippet:-1","max-image-preview":"max-image-preview:large","max-video-preview":"max-video-preview:-1"},"canonical":"https:\/\/www.eldiario.net\/portal\/2025\/02\/06\/cada-boliviano-debe-casi-4-000-dolares-por-adquisicion-de-deuda\/","og_locale":"es_ES","og_type":"article","og_title":"Cada boliviano debe casi 4.000 d\u00f3lares por adquisici\u00f3n de deuda - El Diario - Bolivia","og_description":"Bolivia nuevamente vuelve depender de deuda externa e interna para que funcione el aparato estatal. Quedaron atr\u00e1s los ingresos por la venta de gas y se perdi\u00f3 una d\u00e9cada de oro, ahora el Gobierno todos los d\u00edas pide aprobaci\u00f3n de cr\u00e9ditos; mientras tanto, la deuda p\u00fablica pasa los $us 43.000 millones y la de cada [&hellip;]","og_url":"https:\/\/www.eldiario.net\/portal\/2025\/02\/06\/cada-boliviano-debe-casi-4-000-dolares-por-adquisicion-de-deuda\/","og_site_name":"El Diario - Bolivia","article_publisher":"https:\/\/www.facebook.com\/eldiario.bolivia\/","article_published_time":"2025-02-06T10:07:48+00:00","og_image":[{"width":800,"height":450,"url":"https:\/\/www.eldiario.net\/portal\/wp-content\/uploads\/2025\/02\/AAPER-FOTO.jpg","type":"image\/jpeg"}],"author":"Jeanette","twitter_card":"summary_large_image","twitter_creator":"@eldiario_net","twitter_site":"@eldiario_net","twitter_misc":{"Escrito por":"Jeanette","Tiempo de lectura":"4 minutos"},"schema":{"@context":"https:\/\/schema.org","@graph":[{"@type":"Article","@id":"https:\/\/www.eldiario.net\/portal\/2025\/02\/06\/cada-boliviano-debe-casi-4-000-dolares-por-adquisicion-de-deuda\/#article","isPartOf":{"@id":"https:\/\/www.eldiario.net\/portal\/2025\/02\/06\/cada-boliviano-debe-casi-4-000-dolares-por-adquisicion-de-deuda\/"},"author":{"name":"Jeanette","@id":"https:\/\/www.eldiario.net\/portal\/#\/schema\/person\/f46445640444750d7d753ccd04ae01b7"},"headline":"Cada boliviano debe casi 4.000 d\u00f3lares por adquisici\u00f3n de deuda","datePublished":"2025-02-06T10:07:48+00:00","mainEntityOfPage":{"@id":"https:\/\/www.eldiario.net\/portal\/2025\/02\/06\/cada-boliviano-debe-casi-4-000-dolares-por-adquisicion-de-deuda\/"},"wordCount":702,"publisher":{"@id":"https:\/\/www.eldiario.net\/portal\/#organization"},"image":{"@id":"https:\/\/www.eldiario.net\/portal\/2025\/02\/06\/cada-boliviano-debe-casi-4-000-dolares-por-adquisicion-de-deuda\/#primaryimage"},"thumbnailUrl":"https:\/\/www.eldiario.net\/portal\/wp-content\/uploads\/2025\/02\/AAPER-FOTO.jpg","articleSection":["Principal"],"inLanguage":"es"},{"@type":"WebPage","@id":"https:\/\/www.eldiario.net\/portal\/2025\/02\/06\/cada-boliviano-debe-casi-4-000-dolares-por-adquisicion-de-deuda\/","url":"https:\/\/www.eldiario.net\/portal\/2025\/02\/06\/cada-boliviano-debe-casi-4-000-dolares-por-adquisicion-de-deuda\/","name":"Cada boliviano debe casi 4.000 d\u00f3lares por adquisici\u00f3n de deuda - El Diario - Bolivia","isPartOf":{"@id":"https:\/\/www.eldiario.net\/portal\/#website"},"primaryImageOfPage":{"@id":"https:\/\/www.eldiario.net\/portal\/2025\/02\/06\/cada-boliviano-debe-casi-4-000-dolares-por-adquisicion-de-deuda\/#primaryimage"},"image":{"@id":"https:\/\/www.eldiario.net\/portal\/2025\/02\/06\/cada-boliviano-debe-casi-4-000-dolares-por-adquisicion-de-deuda\/#primaryimage"},"thumbnailUrl":"https:\/\/www.eldiario.net\/portal\/wp-content\/uploads\/2025\/02\/AAPER-FOTO.jpg","datePublished":"2025-02-06T10:07:48+00:00","breadcrumb":{"@id":"https:\/\/www.eldiario.net\/portal\/2025\/02\/06\/cada-boliviano-debe-casi-4-000-dolares-por-adquisicion-de-deuda\/#breadcrumb"},"inLanguage":"es","potentialAction":[{"@type":"ReadAction","target":["https:\/\/www.eldiario.net\/portal\/2025\/02\/06\/cada-boliviano-debe-casi-4-000-dolares-por-adquisicion-de-deuda\/"]}]},{"@type":"ImageObject","inLanguage":"es","@id":"https:\/\/www.eldiario.net\/portal\/2025\/02\/06\/cada-boliviano-debe-casi-4-000-dolares-por-adquisicion-de-deuda\/#primaryimage","url":"https:\/\/www.eldiario.net\/portal\/wp-content\/uploads\/2025\/02\/AAPER-FOTO.jpg","contentUrl":"https:\/\/www.eldiario.net\/portal\/wp-content\/uploads\/2025\/02\/AAPER-FOTO.jpg","width":800,"height":450},{"@type":"BreadcrumbList","@id":"https:\/\/www.eldiario.net\/portal\/2025\/02\/06\/cada-boliviano-debe-casi-4-000-dolares-por-adquisicion-de-deuda\/#breadcrumb","itemListElement":[{"@type":"ListItem","position":1,"name":"Portada","item":"https:\/\/www.eldiario.net\/portal\/"},{"@type":"ListItem","position":2,"name":"Cada boliviano debe casi 4.000 d\u00f3lares por adquisici\u00f3n de deuda"}]},{"@type":"WebSite","@id":"https:\/\/www.eldiario.net\/portal\/#website","url":"https:\/\/www.eldiario.net\/portal\/","name":"El Diario - Decano de la prensa nacional","description":"El Diario - Decano de la prensa nacional","publisher":{"@id":"https:\/\/www.eldiario.net\/portal\/#organization"},"potentialAction":[{"@type":"SearchAction","target":{"@type":"EntryPoint","urlTemplate":"https:\/\/www.eldiario.net\/portal\/?s={search_term_string}"},"query-input":{"@type":"PropertyValueSpecification","valueRequired":true,"valueName":"search_term_string"}}],"inLanguage":"es"},{"@type":"Organization","@id":"https:\/\/www.eldiario.net\/portal\/#organization","name":"El Diario - Decano de la prensa nacional","url":"https:\/\/www.eldiario.net\/portal\/","logo":{"@type":"ImageObject","inLanguage":"es","@id":"https:\/\/www.eldiario.net\/portal\/#\/schema\/logo\/image\/","url":"https:\/\/www.eldiario.net\/portal\/wp-content\/uploads\/2023\/07\/logo_ED.jpg","contentUrl":"https:\/\/www.eldiario.net\/portal\/wp-content\/uploads\/2023\/07\/logo_ED.jpg","width":272,"height":52,"caption":"El Diario - Decano de la prensa nacional"},"image":{"@id":"https:\/\/www.eldiario.net\/portal\/#\/schema\/logo\/image\/"},"sameAs":["https:\/\/www.facebook.com\/eldiario.bolivia\/","https:\/\/x.com\/eldiario_net"]},{"@type":"Person","@id":"https:\/\/www.eldiario.net\/portal\/#\/schema\/person\/f46445640444750d7d753ccd04ae01b7","name":"Jeanette","image":{"@type":"ImageObject","inLanguage":"es","@id":"https:\/\/secure.gravatar.com\/avatar\/3ea2118a5f7dad2b7138b1187a6b7ee55f160b9968b66013c3a3ef39dd7e5798?s=96&d=mm&r=g","url":"https:\/\/secure.gravatar.com\/avatar\/3ea2118a5f7dad2b7138b1187a6b7ee55f160b9968b66013c3a3ef39dd7e5798?s=96&d=mm&r=g","contentUrl":"https:\/\/secure.gravatar.com\/avatar\/3ea2118a5f7dad2b7138b1187a6b7ee55f160b9968b66013c3a3ef39dd7e5798?s=96&d=mm&r=g","caption":"Jeanette"},"sameAs":["https:\/\/www.eldiario.net\/portal"],"url":"https:\/\/www.eldiario.net\/portal\/author\/jeanette\/"}]}},"_links":{"self":[{"href":"https:\/\/www.eldiario.net\/portal\/wp-json\/wp\/v2\/posts\/279809","targetHints":{"allow":["GET"]}}],"collection":[{"href":"https:\/\/www.eldiario.net\/portal\/wp-json\/wp\/v2\/posts"}],"about":[{"href":"https:\/\/www.eldiario.net\/portal\/wp-json\/wp\/v2\/types\/post"}],"author":[{"embeddable":true,"href":"https:\/\/www.eldiario.net\/portal\/wp-json\/wp\/v2\/users\/1"}],"replies":[{"embeddable":true,"href":"https:\/\/www.eldiario.net\/portal\/wp-json\/wp\/v2\/comments?post=279809"}],"version-history":[{"count":1,"href":"https:\/\/www.eldiario.net\/portal\/wp-json\/wp\/v2\/posts\/279809\/revisions"}],"predecessor-version":[{"id":279811,"href":"https:\/\/www.eldiario.net\/portal\/wp-json\/wp\/v2\/posts\/279809\/revisions\/279811"}],"wp:featuredmedia":[{"embeddable":true,"href":"https:\/\/www.eldiario.net\/portal\/wp-json\/wp\/v2\/media\/279810"}],"wp:attachment":[{"href":"https:\/\/www.eldiario.net\/portal\/wp-json\/wp\/v2\/media?parent=279809"}],"wp:term":[{"taxonomy":"category","embeddable":true,"href":"https:\/\/www.eldiario.net\/portal\/wp-json\/wp\/v2\/categories?post=279809"},{"taxonomy":"post_tag","embeddable":true,"href":"https:\/\/www.eldiario.net\/portal\/wp-json\/wp\/v2\/tags?post=279809"}],"curies":[{"name":"wp","href":"https:\/\/api.w.org\/{rel}","templated":true}]}}