{"id":279806,"date":"2025-02-06T06:07:15","date_gmt":"2025-02-06T10:07:15","guid":{"rendered":"https:\/\/www.eldiario.net\/portal\/?p=279806"},"modified":"2025-02-06T06:07:15","modified_gmt":"2025-02-06T10:07:15","slug":"registro-de-alianzas-politicas-vence-el-proximo-18-de-abril","status":"publish","type":"post","link":"https:\/\/www.eldiario.net\/portal\/2025\/02\/06\/registro-de-alianzas-politicas-vence-el-proximo-18-de-abril\/","title":{"rendered":"Registro de alianzas pol\u00edticas   vence el pr\u00f3ximo 18 de abril"},"content":{"rendered":"<p>El vicepresidente del Tribunal Supremo Electoral (TSE), Francisco Vargas, inform\u00f3 que la Sala Plena de esta instancia determin\u00f3 que el plazo para el registro de las alianzas pol\u00edticas que participen de las elecciones generales 2025, fenece el pr\u00f3ximo 18 de abril.<\/p>\n<p>En rueda de prensa, la autoridad electoral explic\u00f3 que, en reuni\u00f3n de Sala Plena se estableci\u00f3 el plazo l\u00edmite con el que cuentan las organizaciones pol\u00edticas que deseen constituir alianzas de cara a los comicios del mes de agosto pr\u00f3ximo, fecha que ser\u00e1 oficializada en los pr\u00f3ximos d\u00edas a trav\u00e9s de un comunicado, e incluido en la redacci\u00f3n del calendario electoral para las elecciones generales.<\/p>\n<p>\u201cLos partidos pol\u00edticos que deseen constituirse en alianza deben hacerlo hasta el 18 de abril, esto estar\u00e1 sujeto a una reglamentaci\u00f3n interna que ser\u00e1 aprobada y difundida la pr\u00f3xima semana\u201d, dijo.<\/p>\n<p>Consultado sobre la posici\u00f3n del TSE ante recientes encuestas de intenci\u00f3n de voto difundidas y replicadas por plataformas y medios comunicaci\u00f3n, Vargas, puntualiz\u00f3 que, seg\u00fan la Ley de R\u00e9gimen Electoral, el OEP est\u00e1 facultado para asumir una competencia reguladora una vez que se emita una convocatoria a proceso electoral, a partir de este momento, todo estudio de opini\u00f3n en materia electoral deber\u00e1 realizarse a trav\u00e9s de empresas registradas y autorizadas<\/p>\n<p>\u201cA partir de la convocatoria todas las empresas interesadas en realizar estudios de opini\u00f3n en materia electoral deben contar con el registro respectivo antes durante y despu\u00e9s de su realizaci\u00f3n. En caso de incumplimiento se acudir\u00e1 a las instancias correspondientes\u201d.<\/p>\n<p>\u201cEl \u00d3rgano Electoral no se va pronunciar ni a favor y ni en contra de las encuestas por ser expresiones ciudadanas que se est\u00e1n realizando, esperamos que estas cumplan criterios t\u00e9cnicos de objetividad e imparcialidad ante todo\u201d, agreg\u00f3.<\/p>\n","protected":false},"excerpt":{"rendered":"<p>El vicepresidente del Tribunal Supremo Electoral (TSE), Francisco Vargas, inform\u00f3 que la Sala Plena de esta instancia determin\u00f3 que el plazo para el registro de las alianzas pol\u00edticas que participen de las elecciones generales 2025, fenece el pr\u00f3ximo 18 de abril. En rueda de prensa, la autoridad electoral explic\u00f3 que, en reuni\u00f3n de Sala Plena [&hellip;]<\/p>\n","protected":false},"author":1,"featured_media":279807,"comment_status":"closed","ping_status":"open","sticky":false,"template":"","format":"standard","meta":{"_acf_changed":false,"footnotes":""},"categories":[15],"tags":[],"class_list":["post-279806","post","type-post","status-publish","format-standard","has-post-thumbnail","category-portada"],"acf":{"antetitulo":"Para comicios generales"},"yoast_head":"<!-- This site is optimized with the Yoast SEO plugin v28.4 - https:\/\/yoast.com\/product\/yoast-seo-wordpress\/ -->\n<title>Registro de alianzas pol\u00edticas  vence el pr\u00f3ximo 18 de abril - El Diario - Bolivia<\/title>\n<meta name=\"robots\" content=\"index, follow, max-snippet:-1, max-image-preview:large, max-video-preview:-1\" \/>\n<link rel=\"canonical\" href=\"https:\/\/www.eldiario.net\/portal\/2025\/02\/06\/registro-de-alianzas-politicas-vence-el-proximo-18-de-abril\/\" \/>\n<meta property=\"og:locale\" content=\"es_ES\" \/>\n<meta property=\"og:type\" content=\"article\" \/>\n<meta property=\"og:title\" content=\"Registro de alianzas pol\u00edticas  vence el pr\u00f3ximo 18 de abril - El Diario - Bolivia\" \/>\n<meta property=\"og:description\" content=\"El vicepresidente del Tribunal Supremo Electoral (TSE), Francisco Vargas, inform\u00f3 que la Sala Plena de esta instancia determin\u00f3 que el plazo para el registro de las alianzas pol\u00edticas que participen de las elecciones generales 2025, fenece el pr\u00f3ximo 18 de abril. En rueda de prensa, la autoridad electoral explic\u00f3 que, en reuni\u00f3n de Sala Plena [&hellip;]\" \/>\n<meta property=\"og:url\" content=\"https:\/\/www.eldiario.net\/portal\/2025\/02\/06\/registro-de-alianzas-politicas-vence-el-proximo-18-de-abril\/\" \/>\n<meta property=\"og:site_name\" content=\"El Diario - Bolivia\" \/>\n<meta property=\"article:publisher\" content=\"https:\/\/www.facebook.com\/eldiario.bolivia\/\" \/>\n<meta property=\"article:published_time\" content=\"2025-02-06T10:07:15+00:00\" \/>\n<meta property=\"og:image\" content=\"https:\/\/www.eldiario.net\/portal\/wp-content\/uploads\/2025\/02\/ALIANZAS-FOTO.jpg\" \/>\n\t<meta property=\"og:image:width\" content=\"1200\" \/>\n\t<meta property=\"og:image:height\" content=\"924\" \/>\n\t<meta property=\"og:image:type\" content=\"image\/jpeg\" \/>\n<meta name=\"author\" content=\"Jeanette\" \/>\n<meta name=\"twitter:card\" content=\"summary_large_image\" \/>\n<meta name=\"twitter:creator\" content=\"@eldiario_net\" \/>\n<meta name=\"twitter:site\" content=\"@eldiario_net\" \/>\n<meta name=\"twitter:label1\" content=\"Escrito por\" \/>\n\t<meta name=\"twitter:data1\" content=\"Jeanette\" \/>\n\t<meta name=\"twitter:label2\" content=\"Tiempo de lectura\" \/>\n\t<meta name=\"twitter:data2\" content=\"2 minutos\" \/>\n<script type=\"application\/ld+json\" class=\"yoast-schema-graph\">{\"@context\":\"https:\\\/\\\/schema.org\",\"@graph\":[{\"@type\":\"Article\",\"@id\":\"https:\\\/\\\/www.eldiario.net\\\/portal\\\/2025\\\/02\\\/06\\\/registro-de-alianzas-politicas-vence-el-proximo-18-de-abril\\\/#article\",\"isPartOf\":{\"@id\":\"https:\\\/\\\/www.eldiario.net\\\/portal\\\/2025\\\/02\\\/06\\\/registro-de-alianzas-politicas-vence-el-proximo-18-de-abril\\\/\"},\"author\":{\"name\":\"Jeanette\",\"@id\":\"https:\\\/\\\/www.eldiario.net\\\/portal\\\/#\\\/schema\\\/person\\\/f46445640444750d7d753ccd04ae01b7\"},\"headline\":\"Registro de alianzas pol\u00edticas vence el pr\u00f3ximo 18 de abril\",\"datePublished\":\"2025-02-06T10:07:15+00:00\",\"mainEntityOfPage\":{\"@id\":\"https:\\\/\\\/www.eldiario.net\\\/portal\\\/2025\\\/02\\\/06\\\/registro-de-alianzas-politicas-vence-el-proximo-18-de-abril\\\/\"},\"wordCount\":318,\"publisher\":{\"@id\":\"https:\\\/\\\/www.eldiario.net\\\/portal\\\/#organization\"},\"image\":{\"@id\":\"https:\\\/\\\/www.eldiario.net\\\/portal\\\/2025\\\/02\\\/06\\\/registro-de-alianzas-politicas-vence-el-proximo-18-de-abril\\\/#primaryimage\"},\"thumbnailUrl\":\"https:\\\/\\\/www.eldiario.net\\\/portal\\\/wp-content\\\/uploads\\\/2025\\\/02\\\/ALIANZAS-FOTO.jpg\",\"articleSection\":[\"Portada\"],\"inLanguage\":\"es\"},{\"@type\":\"WebPage\",\"@id\":\"https:\\\/\\\/www.eldiario.net\\\/portal\\\/2025\\\/02\\\/06\\\/registro-de-alianzas-politicas-vence-el-proximo-18-de-abril\\\/\",\"url\":\"https:\\\/\\\/www.eldiario.net\\\/portal\\\/2025\\\/02\\\/06\\\/registro-de-alianzas-politicas-vence-el-proximo-18-de-abril\\\/\",\"name\":\"Registro de alianzas pol\u00edticas vence el pr\u00f3ximo 18 de abril - El Diario - Bolivia\",\"isPartOf\":{\"@id\":\"https:\\\/\\\/www.eldiario.net\\\/portal\\\/#website\"},\"primaryImageOfPage\":{\"@id\":\"https:\\\/\\\/www.eldiario.net\\\/portal\\\/2025\\\/02\\\/06\\\/registro-de-alianzas-politicas-vence-el-proximo-18-de-abril\\\/#primaryimage\"},\"image\":{\"@id\":\"https:\\\/\\\/www.eldiario.net\\\/portal\\\/2025\\\/02\\\/06\\\/registro-de-alianzas-politicas-vence-el-proximo-18-de-abril\\\/#primaryimage\"},\"thumbnailUrl\":\"https:\\\/\\\/www.eldiario.net\\\/portal\\\/wp-content\\\/uploads\\\/2025\\\/02\\\/ALIANZAS-FOTO.jpg\",\"datePublished\":\"2025-02-06T10:07:15+00:00\",\"breadcrumb\":{\"@id\":\"https:\\\/\\\/www.eldiario.net\\\/portal\\\/2025\\\/02\\\/06\\\/registro-de-alianzas-politicas-vence-el-proximo-18-de-abril\\\/#breadcrumb\"},\"inLanguage\":\"es\",\"potentialAction\":[{\"@type\":\"ReadAction\",\"target\":[\"https:\\\/\\\/www.eldiario.net\\\/portal\\\/2025\\\/02\\\/06\\\/registro-de-alianzas-politicas-vence-el-proximo-18-de-abril\\\/\"]}]},{\"@type\":\"ImageObject\",\"inLanguage\":\"es\",\"@id\":\"https:\\\/\\\/www.eldiario.net\\\/portal\\\/2025\\\/02\\\/06\\\/registro-de-alianzas-politicas-vence-el-proximo-18-de-abril\\\/#primaryimage\",\"url\":\"https:\\\/\\\/www.eldiario.net\\\/portal\\\/wp-content\\\/uploads\\\/2025\\\/02\\\/ALIANZAS-FOTO.jpg\",\"contentUrl\":\"https:\\\/\\\/www.eldiario.net\\\/portal\\\/wp-content\\\/uploads\\\/2025\\\/02\\\/ALIANZAS-FOTO.jpg\",\"width\":1200,\"height\":924},{\"@type\":\"BreadcrumbList\",\"@id\":\"https:\\\/\\\/www.eldiario.net\\\/portal\\\/2025\\\/02\\\/06\\\/registro-de-alianzas-politicas-vence-el-proximo-18-de-abril\\\/#breadcrumb\",\"itemListElement\":[{\"@type\":\"ListItem\",\"position\":1,\"name\":\"Portada\",\"item\":\"https:\\\/\\\/www.eldiario.net\\\/portal\\\/\"},{\"@type\":\"ListItem\",\"position\":2,\"name\":\"Registro de alianzas pol\u00edticas vence el pr\u00f3ximo 18 de abril\"}]},{\"@type\":\"WebSite\",\"@id\":\"https:\\\/\\\/www.eldiario.net\\\/portal\\\/#website\",\"url\":\"https:\\\/\\\/www.eldiario.net\\\/portal\\\/\",\"name\":\"El Diario - Decano de la prensa nacional\",\"description\":\"El Diario - Decano de la prensa nacional\",\"publisher\":{\"@id\":\"https:\\\/\\\/www.eldiario.net\\\/portal\\\/#organization\"},\"potentialAction\":[{\"@type\":\"SearchAction\",\"target\":{\"@type\":\"EntryPoint\",\"urlTemplate\":\"https:\\\/\\\/www.eldiario.net\\\/portal\\\/?s={search_term_string}\"},\"query-input\":{\"@type\":\"PropertyValueSpecification\",\"valueRequired\":true,\"valueName\":\"search_term_string\"}}],\"inLanguage\":\"es\"},{\"@type\":\"Organization\",\"@id\":\"https:\\\/\\\/www.eldiario.net\\\/portal\\\/#organization\",\"name\":\"El Diario - Decano de la prensa nacional\",\"url\":\"https:\\\/\\\/www.eldiario.net\\\/portal\\\/\",\"logo\":{\"@type\":\"ImageObject\",\"inLanguage\":\"es\",\"@id\":\"https:\\\/\\\/www.eldiario.net\\\/portal\\\/#\\\/schema\\\/logo\\\/image\\\/\",\"url\":\"https:\\\/\\\/www.eldiario.net\\\/portal\\\/wp-content\\\/uploads\\\/2023\\\/07\\\/logo_ED.jpg\",\"contentUrl\":\"https:\\\/\\\/www.eldiario.net\\\/portal\\\/wp-content\\\/uploads\\\/2023\\\/07\\\/logo_ED.jpg\",\"width\":272,\"height\":52,\"caption\":\"El Diario - Decano de la prensa nacional\"},\"image\":{\"@id\":\"https:\\\/\\\/www.eldiario.net\\\/portal\\\/#\\\/schema\\\/logo\\\/image\\\/\"},\"sameAs\":[\"https:\\\/\\\/www.facebook.com\\\/eldiario.bolivia\\\/\",\"https:\\\/\\\/x.com\\\/eldiario_net\"]},{\"@type\":\"Person\",\"@id\":\"https:\\\/\\\/www.eldiario.net\\\/portal\\\/#\\\/schema\\\/person\\\/f46445640444750d7d753ccd04ae01b7\",\"name\":\"Jeanette\",\"image\":{\"@type\":\"ImageObject\",\"inLanguage\":\"es\",\"@id\":\"https:\\\/\\\/secure.gravatar.com\\\/avatar\\\/3ea2118a5f7dad2b7138b1187a6b7ee55f160b9968b66013c3a3ef39dd7e5798?s=96&d=mm&r=g\",\"url\":\"https:\\\/\\\/secure.gravatar.com\\\/avatar\\\/3ea2118a5f7dad2b7138b1187a6b7ee55f160b9968b66013c3a3ef39dd7e5798?s=96&d=mm&r=g\",\"contentUrl\":\"https:\\\/\\\/secure.gravatar.com\\\/avatar\\\/3ea2118a5f7dad2b7138b1187a6b7ee55f160b9968b66013c3a3ef39dd7e5798?s=96&d=mm&r=g\",\"caption\":\"Jeanette\"},\"sameAs\":[\"https:\\\/\\\/www.eldiario.net\\\/portal\"],\"url\":\"https:\\\/\\\/www.eldiario.net\\\/portal\\\/author\\\/jeanette\\\/\"}]}<\/script>\n<!-- \/ Yoast SEO plugin. -->","yoast_head_json":{"title":"Registro de alianzas pol\u00edticas  vence el pr\u00f3ximo 18 de abril - El Diario - Bolivia","robots":{"index":"index","follow":"follow","max-snippet":"max-snippet:-1","max-image-preview":"max-image-preview:large","max-video-preview":"max-video-preview:-1"},"canonical":"https:\/\/www.eldiario.net\/portal\/2025\/02\/06\/registro-de-alianzas-politicas-vence-el-proximo-18-de-abril\/","og_locale":"es_ES","og_type":"article","og_title":"Registro de alianzas pol\u00edticas  vence el pr\u00f3ximo 18 de abril - El Diario - Bolivia","og_description":"El vicepresidente del Tribunal Supremo Electoral (TSE), Francisco Vargas, inform\u00f3 que la Sala Plena de esta instancia determin\u00f3 que el plazo para el registro de las alianzas pol\u00edticas que participen de las elecciones generales 2025, fenece el pr\u00f3ximo 18 de abril. En rueda de prensa, la autoridad electoral explic\u00f3 que, en reuni\u00f3n de Sala Plena [&hellip;]","og_url":"https:\/\/www.eldiario.net\/portal\/2025\/02\/06\/registro-de-alianzas-politicas-vence-el-proximo-18-de-abril\/","og_site_name":"El Diario - Bolivia","article_publisher":"https:\/\/www.facebook.com\/eldiario.bolivia\/","article_published_time":"2025-02-06T10:07:15+00:00","og_image":[{"width":1200,"height":924,"url":"https:\/\/www.eldiario.net\/portal\/wp-content\/uploads\/2025\/02\/ALIANZAS-FOTO.jpg","type":"image\/jpeg"}],"author":"Jeanette","twitter_card":"summary_large_image","twitter_creator":"@eldiario_net","twitter_site":"@eldiario_net","twitter_misc":{"Escrito por":"Jeanette","Tiempo de lectura":"2 minutos"},"schema":{"@context":"https:\/\/schema.org","@graph":[{"@type":"Article","@id":"https:\/\/www.eldiario.net\/portal\/2025\/02\/06\/registro-de-alianzas-politicas-vence-el-proximo-18-de-abril\/#article","isPartOf":{"@id":"https:\/\/www.eldiario.net\/portal\/2025\/02\/06\/registro-de-alianzas-politicas-vence-el-proximo-18-de-abril\/"},"author":{"name":"Jeanette","@id":"https:\/\/www.eldiario.net\/portal\/#\/schema\/person\/f46445640444750d7d753ccd04ae01b7"},"headline":"Registro de alianzas pol\u00edticas vence el pr\u00f3ximo 18 de abril","datePublished":"2025-02-06T10:07:15+00:00","mainEntityOfPage":{"@id":"https:\/\/www.eldiario.net\/portal\/2025\/02\/06\/registro-de-alianzas-politicas-vence-el-proximo-18-de-abril\/"},"wordCount":318,"publisher":{"@id":"https:\/\/www.eldiario.net\/portal\/#organization"},"image":{"@id":"https:\/\/www.eldiario.net\/portal\/2025\/02\/06\/registro-de-alianzas-politicas-vence-el-proximo-18-de-abril\/#primaryimage"},"thumbnailUrl":"https:\/\/www.eldiario.net\/portal\/wp-content\/uploads\/2025\/02\/ALIANZAS-FOTO.jpg","articleSection":["Portada"],"inLanguage":"es"},{"@type":"WebPage","@id":"https:\/\/www.eldiario.net\/portal\/2025\/02\/06\/registro-de-alianzas-politicas-vence-el-proximo-18-de-abril\/","url":"https:\/\/www.eldiario.net\/portal\/2025\/02\/06\/registro-de-alianzas-politicas-vence-el-proximo-18-de-abril\/","name":"Registro de alianzas pol\u00edticas vence el pr\u00f3ximo 18 de abril - El Diario - Bolivia","isPartOf":{"@id":"https:\/\/www.eldiario.net\/portal\/#website"},"primaryImageOfPage":{"@id":"https:\/\/www.eldiario.net\/portal\/2025\/02\/06\/registro-de-alianzas-politicas-vence-el-proximo-18-de-abril\/#primaryimage"},"image":{"@id":"https:\/\/www.eldiario.net\/portal\/2025\/02\/06\/registro-de-alianzas-politicas-vence-el-proximo-18-de-abril\/#primaryimage"},"thumbnailUrl":"https:\/\/www.eldiario.net\/portal\/wp-content\/uploads\/2025\/02\/ALIANZAS-FOTO.jpg","datePublished":"2025-02-06T10:07:15+00:00","breadcrumb":{"@id":"https:\/\/www.eldiario.net\/portal\/2025\/02\/06\/registro-de-alianzas-politicas-vence-el-proximo-18-de-abril\/#breadcrumb"},"inLanguage":"es","potentialAction":[{"@type":"ReadAction","target":["https:\/\/www.eldiario.net\/portal\/2025\/02\/06\/registro-de-alianzas-politicas-vence-el-proximo-18-de-abril\/"]}]},{"@type":"ImageObject","inLanguage":"es","@id":"https:\/\/www.eldiario.net\/portal\/2025\/02\/06\/registro-de-alianzas-politicas-vence-el-proximo-18-de-abril\/#primaryimage","url":"https:\/\/www.eldiario.net\/portal\/wp-content\/uploads\/2025\/02\/ALIANZAS-FOTO.jpg","contentUrl":"https:\/\/www.eldiario.net\/portal\/wp-content\/uploads\/2025\/02\/ALIANZAS-FOTO.jpg","width":1200,"height":924},{"@type":"BreadcrumbList","@id":"https:\/\/www.eldiario.net\/portal\/2025\/02\/06\/registro-de-alianzas-politicas-vence-el-proximo-18-de-abril\/#breadcrumb","itemListElement":[{"@type":"ListItem","position":1,"name":"Portada","item":"https:\/\/www.eldiario.net\/portal\/"},{"@type":"ListItem","position":2,"name":"Registro de alianzas pol\u00edticas vence el pr\u00f3ximo 18 de abril"}]},{"@type":"WebSite","@id":"https:\/\/www.eldiario.net\/portal\/#website","url":"https:\/\/www.eldiario.net\/portal\/","name":"El Diario - Decano de la prensa nacional","description":"El Diario - Decano de la prensa nacional","publisher":{"@id":"https:\/\/www.eldiario.net\/portal\/#organization"},"potentialAction":[{"@type":"SearchAction","target":{"@type":"EntryPoint","urlTemplate":"https:\/\/www.eldiario.net\/portal\/?s={search_term_string}"},"query-input":{"@type":"PropertyValueSpecification","valueRequired":true,"valueName":"search_term_string"}}],"inLanguage":"es"},{"@type":"Organization","@id":"https:\/\/www.eldiario.net\/portal\/#organization","name":"El Diario - Decano de la prensa nacional","url":"https:\/\/www.eldiario.net\/portal\/","logo":{"@type":"ImageObject","inLanguage":"es","@id":"https:\/\/www.eldiario.net\/portal\/#\/schema\/logo\/image\/","url":"https:\/\/www.eldiario.net\/portal\/wp-content\/uploads\/2023\/07\/logo_ED.jpg","contentUrl":"https:\/\/www.eldiario.net\/portal\/wp-content\/uploads\/2023\/07\/logo_ED.jpg","width":272,"height":52,"caption":"El Diario - Decano de la prensa nacional"},"image":{"@id":"https:\/\/www.eldiario.net\/portal\/#\/schema\/logo\/image\/"},"sameAs":["https:\/\/www.facebook.com\/eldiario.bolivia\/","https:\/\/x.com\/eldiario_net"]},{"@type":"Person","@id":"https:\/\/www.eldiario.net\/portal\/#\/schema\/person\/f46445640444750d7d753ccd04ae01b7","name":"Jeanette","image":{"@type":"ImageObject","inLanguage":"es","@id":"https:\/\/secure.gravatar.com\/avatar\/3ea2118a5f7dad2b7138b1187a6b7ee55f160b9968b66013c3a3ef39dd7e5798?s=96&d=mm&r=g","url":"https:\/\/secure.gravatar.com\/avatar\/3ea2118a5f7dad2b7138b1187a6b7ee55f160b9968b66013c3a3ef39dd7e5798?s=96&d=mm&r=g","contentUrl":"https:\/\/secure.gravatar.com\/avatar\/3ea2118a5f7dad2b7138b1187a6b7ee55f160b9968b66013c3a3ef39dd7e5798?s=96&d=mm&r=g","caption":"Jeanette"},"sameAs":["https:\/\/www.eldiario.net\/portal"],"url":"https:\/\/www.eldiario.net\/portal\/author\/jeanette\/"}]}},"_links":{"self":[{"href":"https:\/\/www.eldiario.net\/portal\/wp-json\/wp\/v2\/posts\/279806","targetHints":{"allow":["GET"]}}],"collection":[{"href":"https:\/\/www.eldiario.net\/portal\/wp-json\/wp\/v2\/posts"}],"about":[{"href":"https:\/\/www.eldiario.net\/portal\/wp-json\/wp\/v2\/types\/post"}],"author":[{"embeddable":true,"href":"https:\/\/www.eldiario.net\/portal\/wp-json\/wp\/v2\/users\/1"}],"replies":[{"embeddable":true,"href":"https:\/\/www.eldiario.net\/portal\/wp-json\/wp\/v2\/comments?post=279806"}],"version-history":[{"count":1,"href":"https:\/\/www.eldiario.net\/portal\/wp-json\/wp\/v2\/posts\/279806\/revisions"}],"predecessor-version":[{"id":279808,"href":"https:\/\/www.eldiario.net\/portal\/wp-json\/wp\/v2\/posts\/279806\/revisions\/279808"}],"wp:featuredmedia":[{"embeddable":true,"href":"https:\/\/www.eldiario.net\/portal\/wp-json\/wp\/v2\/media\/279807"}],"wp:attachment":[{"href":"https:\/\/www.eldiario.net\/portal\/wp-json\/wp\/v2\/media?parent=279806"}],"wp:term":[{"taxonomy":"category","embeddable":true,"href":"https:\/\/www.eldiario.net\/portal\/wp-json\/wp\/v2\/categories?post=279806"},{"taxonomy":"post_tag","embeddable":true,"href":"https:\/\/www.eldiario.net\/portal\/wp-json\/wp\/v2\/tags?post=279806"}],"curies":[{"name":"wp","href":"https:\/\/api.w.org\/{rel}","templated":true}]}}