{"id":279803,"date":"2025-02-06T06:06:45","date_gmt":"2025-02-06T10:06:45","guid":{"rendered":"https:\/\/www.eldiario.net\/portal\/?p=279803"},"modified":"2025-02-06T06:06:45","modified_gmt":"2025-02-06T10:06:45","slug":"bloque-de-oposicion-elegira-al-candidato-a-la-presidencia-a-traves-de-una-encuesta","status":"publish","type":"post","link":"https:\/\/www.eldiario.net\/portal\/2025\/02\/06\/bloque-de-oposicion-elegira-al-candidato-a-la-presidencia-a-traves-de-una-encuesta\/","title":{"rendered":"Bloque de oposici\u00f3n elegir\u00e1 al candidato  a la Presidencia a trav\u00e9s de una encuesta"},"content":{"rendered":"<p>Con miras a las elecciones presidenciales, el jefe de Comunidad Ciudadana (CC) Carlos Mesa, se\u00f1ala que el bloque de unidad de la oposici\u00f3n elegir\u00e1 a su candidato mediante una encuesta.<\/p>\n<p>\u201cEs un hecho, ser\u00e1 a trav\u00e9s de una encuesta que tiene que ser concertada con todos a partir de un bloque de personalidades, independientes y con credibilidad\u201d, dijo Mesa.<\/p>\n<p>Sin embargo, el jefe de CC, no se\u00f1al\u00f3 la fecha en la cual se har\u00e1 esta recolecci\u00f3n de datos.<\/p>\n<p>Mesa agreg\u00f3 que el bloque de unidad presentar\u00e1 un documento ante el Tribunal Supremo Electoral (TSE) para pedir garant\u00edas de transparencia en todo el proceso electoral.<\/p>\n<p>\u201cEl bloque de unidad est\u00e1 trabajando en unas demandas para garantizar la transparencia en el \u00e1mbito del TREP (Transmisi\u00f3n de Resultados Electorales Preliminares), padr\u00f3n electoral, garant\u00eda de los servidores para tener una elecci\u00f3n transparente (&#8230;) esto no requiere de una ley, si no de compromiso y voluntad del Tribunal Electoral\u201d, agreg\u00f3 Mesa.<\/p>\n<p>Mesa se\u00f1al\u00f3 que el \u00d3rgano Electoral tiene que garantizar la aplicaci\u00f3n del sistema de resultados preliminares de las elecciones y que su aplicaci\u00f3n no necesita de una norma o ley como as\u00ed lo han indicado algunos vocales del TSE.<\/p>\n<p>\u201cEl TREP no requiere de ley, es parte de los mecanismos de derecho que tiene la posibilidad de decidir el Tribunal Supremo Electoral para garantizar un recuento de votos adecuado\u201d, explic\u00f3. (Con datos de Unitel)<\/p>\n","protected":false},"excerpt":{"rendered":"<p>Con miras a las elecciones presidenciales, el jefe de Comunidad Ciudadana (CC) Carlos Mesa, se\u00f1ala que el bloque de unidad de la oposici\u00f3n elegir\u00e1 a su candidato mediante una encuesta. \u201cEs un hecho, ser\u00e1 a trav\u00e9s de una encuesta que tiene que ser concertada con todos a partir de un bloque de personalidades, independientes y [&hellip;]<\/p>\n","protected":false},"author":1,"featured_media":279804,"comment_status":"closed","ping_status":"open","sticky":false,"template":"","format":"standard","meta":{"_acf_changed":false,"footnotes":""},"categories":[15],"tags":[],"class_list":["post-279803","post","type-post","status-publish","format-standard","has-post-thumbnail","category-portada"],"acf":{"antetitulo":""},"yoast_head":"<!-- This site is optimized with the Yoast SEO plugin v28.4 - https:\/\/yoast.com\/product\/yoast-seo-wordpress\/ -->\n<title>Bloque de oposici\u00f3n elegir\u00e1 al candidato a la Presidencia a trav\u00e9s de una encuesta - El Diario - Bolivia<\/title>\n<meta name=\"robots\" content=\"index, follow, max-snippet:-1, max-image-preview:large, max-video-preview:-1\" \/>\n<link rel=\"canonical\" href=\"https:\/\/www.eldiario.net\/portal\/2025\/02\/06\/bloque-de-oposicion-elegira-al-candidato-a-la-presidencia-a-traves-de-una-encuesta\/\" \/>\n<meta property=\"og:locale\" content=\"es_ES\" \/>\n<meta property=\"og:type\" content=\"article\" \/>\n<meta property=\"og:title\" content=\"Bloque de oposici\u00f3n elegir\u00e1 al candidato a la Presidencia a trav\u00e9s de una encuesta - El Diario - Bolivia\" \/>\n<meta property=\"og:description\" content=\"Con miras a las elecciones presidenciales, el jefe de Comunidad Ciudadana (CC) Carlos Mesa, se\u00f1ala que el bloque de unidad de la oposici\u00f3n elegir\u00e1 a su candidato mediante una encuesta. \u201cEs un hecho, ser\u00e1 a trav\u00e9s de una encuesta que tiene que ser concertada con todos a partir de un bloque de personalidades, independientes y [&hellip;]\" \/>\n<meta property=\"og:url\" content=\"https:\/\/www.eldiario.net\/portal\/2025\/02\/06\/bloque-de-oposicion-elegira-al-candidato-a-la-presidencia-a-traves-de-una-encuesta\/\" \/>\n<meta property=\"og:site_name\" content=\"El Diario - Bolivia\" \/>\n<meta property=\"article:publisher\" content=\"https:\/\/www.facebook.com\/eldiario.bolivia\/\" \/>\n<meta property=\"article:published_time\" content=\"2025-02-06T10:06:45+00:00\" \/>\n<meta property=\"og:image\" content=\"https:\/\/www.eldiario.net\/portal\/wp-content\/uploads\/2025\/02\/BLOQUE-FOTO.jpg\" \/>\n\t<meta property=\"og:image:width\" content=\"1280\" \/>\n\t<meta property=\"og:image:height\" content=\"545\" \/>\n\t<meta property=\"og:image:type\" content=\"image\/jpeg\" \/>\n<meta name=\"author\" content=\"Jeanette\" \/>\n<meta name=\"twitter:card\" content=\"summary_large_image\" \/>\n<meta name=\"twitter:creator\" content=\"@eldiario_net\" \/>\n<meta name=\"twitter:site\" content=\"@eldiario_net\" \/>\n<meta name=\"twitter:label1\" content=\"Escrito por\" \/>\n\t<meta name=\"twitter:data1\" content=\"Jeanette\" \/>\n\t<meta name=\"twitter:label2\" content=\"Tiempo de lectura\" \/>\n\t<meta name=\"twitter:data2\" content=\"2 minutos\" \/>\n<script type=\"application\/ld+json\" class=\"yoast-schema-graph\">{\"@context\":\"https:\\\/\\\/schema.org\",\"@graph\":[{\"@type\":\"Article\",\"@id\":\"https:\\\/\\\/www.eldiario.net\\\/portal\\\/2025\\\/02\\\/06\\\/bloque-de-oposicion-elegira-al-candidato-a-la-presidencia-a-traves-de-una-encuesta\\\/#article\",\"isPartOf\":{\"@id\":\"https:\\\/\\\/www.eldiario.net\\\/portal\\\/2025\\\/02\\\/06\\\/bloque-de-oposicion-elegira-al-candidato-a-la-presidencia-a-traves-de-una-encuesta\\\/\"},\"author\":{\"name\":\"Jeanette\",\"@id\":\"https:\\\/\\\/www.eldiario.net\\\/portal\\\/#\\\/schema\\\/person\\\/f46445640444750d7d753ccd04ae01b7\"},\"headline\":\"Bloque de oposici\u00f3n elegir\u00e1 al candidato a la Presidencia a trav\u00e9s de una encuesta\",\"datePublished\":\"2025-02-06T10:06:45+00:00\",\"mainEntityOfPage\":{\"@id\":\"https:\\\/\\\/www.eldiario.net\\\/portal\\\/2025\\\/02\\\/06\\\/bloque-de-oposicion-elegira-al-candidato-a-la-presidencia-a-traves-de-una-encuesta\\\/\"},\"wordCount\":258,\"publisher\":{\"@id\":\"https:\\\/\\\/www.eldiario.net\\\/portal\\\/#organization\"},\"image\":{\"@id\":\"https:\\\/\\\/www.eldiario.net\\\/portal\\\/2025\\\/02\\\/06\\\/bloque-de-oposicion-elegira-al-candidato-a-la-presidencia-a-traves-de-una-encuesta\\\/#primaryimage\"},\"thumbnailUrl\":\"https:\\\/\\\/www.eldiario.net\\\/portal\\\/wp-content\\\/uploads\\\/2025\\\/02\\\/BLOQUE-FOTO.jpg\",\"articleSection\":[\"Portada\"],\"inLanguage\":\"es\"},{\"@type\":\"WebPage\",\"@id\":\"https:\\\/\\\/www.eldiario.net\\\/portal\\\/2025\\\/02\\\/06\\\/bloque-de-oposicion-elegira-al-candidato-a-la-presidencia-a-traves-de-una-encuesta\\\/\",\"url\":\"https:\\\/\\\/www.eldiario.net\\\/portal\\\/2025\\\/02\\\/06\\\/bloque-de-oposicion-elegira-al-candidato-a-la-presidencia-a-traves-de-una-encuesta\\\/\",\"name\":\"Bloque de oposici\u00f3n elegir\u00e1 al candidato a la Presidencia a trav\u00e9s de una encuesta - El Diario - Bolivia\",\"isPartOf\":{\"@id\":\"https:\\\/\\\/www.eldiario.net\\\/portal\\\/#website\"},\"primaryImageOfPage\":{\"@id\":\"https:\\\/\\\/www.eldiario.net\\\/portal\\\/2025\\\/02\\\/06\\\/bloque-de-oposicion-elegira-al-candidato-a-la-presidencia-a-traves-de-una-encuesta\\\/#primaryimage\"},\"image\":{\"@id\":\"https:\\\/\\\/www.eldiario.net\\\/portal\\\/2025\\\/02\\\/06\\\/bloque-de-oposicion-elegira-al-candidato-a-la-presidencia-a-traves-de-una-encuesta\\\/#primaryimage\"},\"thumbnailUrl\":\"https:\\\/\\\/www.eldiario.net\\\/portal\\\/wp-content\\\/uploads\\\/2025\\\/02\\\/BLOQUE-FOTO.jpg\",\"datePublished\":\"2025-02-06T10:06:45+00:00\",\"breadcrumb\":{\"@id\":\"https:\\\/\\\/www.eldiario.net\\\/portal\\\/2025\\\/02\\\/06\\\/bloque-de-oposicion-elegira-al-candidato-a-la-presidencia-a-traves-de-una-encuesta\\\/#breadcrumb\"},\"inLanguage\":\"es\",\"potentialAction\":[{\"@type\":\"ReadAction\",\"target\":[\"https:\\\/\\\/www.eldiario.net\\\/portal\\\/2025\\\/02\\\/06\\\/bloque-de-oposicion-elegira-al-candidato-a-la-presidencia-a-traves-de-una-encuesta\\\/\"]}]},{\"@type\":\"ImageObject\",\"inLanguage\":\"es\",\"@id\":\"https:\\\/\\\/www.eldiario.net\\\/portal\\\/2025\\\/02\\\/06\\\/bloque-de-oposicion-elegira-al-candidato-a-la-presidencia-a-traves-de-una-encuesta\\\/#primaryimage\",\"url\":\"https:\\\/\\\/www.eldiario.net\\\/portal\\\/wp-content\\\/uploads\\\/2025\\\/02\\\/BLOQUE-FOTO.jpg\",\"contentUrl\":\"https:\\\/\\\/www.eldiario.net\\\/portal\\\/wp-content\\\/uploads\\\/2025\\\/02\\\/BLOQUE-FOTO.jpg\",\"width\":1280,\"height\":545,\"caption\":\"BLOQUE OPOSITOR. FOTO: RRSS\"},{\"@type\":\"BreadcrumbList\",\"@id\":\"https:\\\/\\\/www.eldiario.net\\\/portal\\\/2025\\\/02\\\/06\\\/bloque-de-oposicion-elegira-al-candidato-a-la-presidencia-a-traves-de-una-encuesta\\\/#breadcrumb\",\"itemListElement\":[{\"@type\":\"ListItem\",\"position\":1,\"name\":\"Portada\",\"item\":\"https:\\\/\\\/www.eldiario.net\\\/portal\\\/\"},{\"@type\":\"ListItem\",\"position\":2,\"name\":\"Bloque de oposici\u00f3n elegir\u00e1 al candidato a la Presidencia a trav\u00e9s de una encuesta\"}]},{\"@type\":\"WebSite\",\"@id\":\"https:\\\/\\\/www.eldiario.net\\\/portal\\\/#website\",\"url\":\"https:\\\/\\\/www.eldiario.net\\\/portal\\\/\",\"name\":\"El Diario - Decano de la prensa nacional\",\"description\":\"El Diario - Decano de la prensa nacional\",\"publisher\":{\"@id\":\"https:\\\/\\\/www.eldiario.net\\\/portal\\\/#organization\"},\"potentialAction\":[{\"@type\":\"SearchAction\",\"target\":{\"@type\":\"EntryPoint\",\"urlTemplate\":\"https:\\\/\\\/www.eldiario.net\\\/portal\\\/?s={search_term_string}\"},\"query-input\":{\"@type\":\"PropertyValueSpecification\",\"valueRequired\":true,\"valueName\":\"search_term_string\"}}],\"inLanguage\":\"es\"},{\"@type\":\"Organization\",\"@id\":\"https:\\\/\\\/www.eldiario.net\\\/portal\\\/#organization\",\"name\":\"El Diario - Decano de la prensa nacional\",\"url\":\"https:\\\/\\\/www.eldiario.net\\\/portal\\\/\",\"logo\":{\"@type\":\"ImageObject\",\"inLanguage\":\"es\",\"@id\":\"https:\\\/\\\/www.eldiario.net\\\/portal\\\/#\\\/schema\\\/logo\\\/image\\\/\",\"url\":\"https:\\\/\\\/www.eldiario.net\\\/portal\\\/wp-content\\\/uploads\\\/2023\\\/07\\\/logo_ED.jpg\",\"contentUrl\":\"https:\\\/\\\/www.eldiario.net\\\/portal\\\/wp-content\\\/uploads\\\/2023\\\/07\\\/logo_ED.jpg\",\"width\":272,\"height\":52,\"caption\":\"El Diario - Decano de la prensa nacional\"},\"image\":{\"@id\":\"https:\\\/\\\/www.eldiario.net\\\/portal\\\/#\\\/schema\\\/logo\\\/image\\\/\"},\"sameAs\":[\"https:\\\/\\\/www.facebook.com\\\/eldiario.bolivia\\\/\",\"https:\\\/\\\/x.com\\\/eldiario_net\"]},{\"@type\":\"Person\",\"@id\":\"https:\\\/\\\/www.eldiario.net\\\/portal\\\/#\\\/schema\\\/person\\\/f46445640444750d7d753ccd04ae01b7\",\"name\":\"Jeanette\",\"image\":{\"@type\":\"ImageObject\",\"inLanguage\":\"es\",\"@id\":\"https:\\\/\\\/secure.gravatar.com\\\/avatar\\\/3ea2118a5f7dad2b7138b1187a6b7ee55f160b9968b66013c3a3ef39dd7e5798?s=96&d=mm&r=g\",\"url\":\"https:\\\/\\\/secure.gravatar.com\\\/avatar\\\/3ea2118a5f7dad2b7138b1187a6b7ee55f160b9968b66013c3a3ef39dd7e5798?s=96&d=mm&r=g\",\"contentUrl\":\"https:\\\/\\\/secure.gravatar.com\\\/avatar\\\/3ea2118a5f7dad2b7138b1187a6b7ee55f160b9968b66013c3a3ef39dd7e5798?s=96&d=mm&r=g\",\"caption\":\"Jeanette\"},\"sameAs\":[\"https:\\\/\\\/www.eldiario.net\\\/portal\"],\"url\":\"https:\\\/\\\/www.eldiario.net\\\/portal\\\/author\\\/jeanette\\\/\"}]}<\/script>\n<!-- \/ Yoast SEO plugin. -->","yoast_head_json":{"title":"Bloque de oposici\u00f3n elegir\u00e1 al candidato a la Presidencia a trav\u00e9s de una encuesta - El Diario - Bolivia","robots":{"index":"index","follow":"follow","max-snippet":"max-snippet:-1","max-image-preview":"max-image-preview:large","max-video-preview":"max-video-preview:-1"},"canonical":"https:\/\/www.eldiario.net\/portal\/2025\/02\/06\/bloque-de-oposicion-elegira-al-candidato-a-la-presidencia-a-traves-de-una-encuesta\/","og_locale":"es_ES","og_type":"article","og_title":"Bloque de oposici\u00f3n elegir\u00e1 al candidato a la Presidencia a trav\u00e9s de una encuesta - El Diario - Bolivia","og_description":"Con miras a las elecciones presidenciales, el jefe de Comunidad Ciudadana (CC) Carlos Mesa, se\u00f1ala que el bloque de unidad de la oposici\u00f3n elegir\u00e1 a su candidato mediante una encuesta. \u201cEs un hecho, ser\u00e1 a trav\u00e9s de una encuesta que tiene que ser concertada con todos a partir de un bloque de personalidades, independientes y [&hellip;]","og_url":"https:\/\/www.eldiario.net\/portal\/2025\/02\/06\/bloque-de-oposicion-elegira-al-candidato-a-la-presidencia-a-traves-de-una-encuesta\/","og_site_name":"El Diario - Bolivia","article_publisher":"https:\/\/www.facebook.com\/eldiario.bolivia\/","article_published_time":"2025-02-06T10:06:45+00:00","og_image":[{"width":1280,"height":545,"url":"https:\/\/www.eldiario.net\/portal\/wp-content\/uploads\/2025\/02\/BLOQUE-FOTO.jpg","type":"image\/jpeg"}],"author":"Jeanette","twitter_card":"summary_large_image","twitter_creator":"@eldiario_net","twitter_site":"@eldiario_net","twitter_misc":{"Escrito por":"Jeanette","Tiempo de lectura":"2 minutos"},"schema":{"@context":"https:\/\/schema.org","@graph":[{"@type":"Article","@id":"https:\/\/www.eldiario.net\/portal\/2025\/02\/06\/bloque-de-oposicion-elegira-al-candidato-a-la-presidencia-a-traves-de-una-encuesta\/#article","isPartOf":{"@id":"https:\/\/www.eldiario.net\/portal\/2025\/02\/06\/bloque-de-oposicion-elegira-al-candidato-a-la-presidencia-a-traves-de-una-encuesta\/"},"author":{"name":"Jeanette","@id":"https:\/\/www.eldiario.net\/portal\/#\/schema\/person\/f46445640444750d7d753ccd04ae01b7"},"headline":"Bloque de oposici\u00f3n elegir\u00e1 al candidato a la Presidencia a trav\u00e9s de una encuesta","datePublished":"2025-02-06T10:06:45+00:00","mainEntityOfPage":{"@id":"https:\/\/www.eldiario.net\/portal\/2025\/02\/06\/bloque-de-oposicion-elegira-al-candidato-a-la-presidencia-a-traves-de-una-encuesta\/"},"wordCount":258,"publisher":{"@id":"https:\/\/www.eldiario.net\/portal\/#organization"},"image":{"@id":"https:\/\/www.eldiario.net\/portal\/2025\/02\/06\/bloque-de-oposicion-elegira-al-candidato-a-la-presidencia-a-traves-de-una-encuesta\/#primaryimage"},"thumbnailUrl":"https:\/\/www.eldiario.net\/portal\/wp-content\/uploads\/2025\/02\/BLOQUE-FOTO.jpg","articleSection":["Portada"],"inLanguage":"es"},{"@type":"WebPage","@id":"https:\/\/www.eldiario.net\/portal\/2025\/02\/06\/bloque-de-oposicion-elegira-al-candidato-a-la-presidencia-a-traves-de-una-encuesta\/","url":"https:\/\/www.eldiario.net\/portal\/2025\/02\/06\/bloque-de-oposicion-elegira-al-candidato-a-la-presidencia-a-traves-de-una-encuesta\/","name":"Bloque de oposici\u00f3n elegir\u00e1 al candidato a la Presidencia a trav\u00e9s de una encuesta - El Diario - Bolivia","isPartOf":{"@id":"https:\/\/www.eldiario.net\/portal\/#website"},"primaryImageOfPage":{"@id":"https:\/\/www.eldiario.net\/portal\/2025\/02\/06\/bloque-de-oposicion-elegira-al-candidato-a-la-presidencia-a-traves-de-una-encuesta\/#primaryimage"},"image":{"@id":"https:\/\/www.eldiario.net\/portal\/2025\/02\/06\/bloque-de-oposicion-elegira-al-candidato-a-la-presidencia-a-traves-de-una-encuesta\/#primaryimage"},"thumbnailUrl":"https:\/\/www.eldiario.net\/portal\/wp-content\/uploads\/2025\/02\/BLOQUE-FOTO.jpg","datePublished":"2025-02-06T10:06:45+00:00","breadcrumb":{"@id":"https:\/\/www.eldiario.net\/portal\/2025\/02\/06\/bloque-de-oposicion-elegira-al-candidato-a-la-presidencia-a-traves-de-una-encuesta\/#breadcrumb"},"inLanguage":"es","potentialAction":[{"@type":"ReadAction","target":["https:\/\/www.eldiario.net\/portal\/2025\/02\/06\/bloque-de-oposicion-elegira-al-candidato-a-la-presidencia-a-traves-de-una-encuesta\/"]}]},{"@type":"ImageObject","inLanguage":"es","@id":"https:\/\/www.eldiario.net\/portal\/2025\/02\/06\/bloque-de-oposicion-elegira-al-candidato-a-la-presidencia-a-traves-de-una-encuesta\/#primaryimage","url":"https:\/\/www.eldiario.net\/portal\/wp-content\/uploads\/2025\/02\/BLOQUE-FOTO.jpg","contentUrl":"https:\/\/www.eldiario.net\/portal\/wp-content\/uploads\/2025\/02\/BLOQUE-FOTO.jpg","width":1280,"height":545,"caption":"BLOQUE OPOSITOR. FOTO: RRSS"},{"@type":"BreadcrumbList","@id":"https:\/\/www.eldiario.net\/portal\/2025\/02\/06\/bloque-de-oposicion-elegira-al-candidato-a-la-presidencia-a-traves-de-una-encuesta\/#breadcrumb","itemListElement":[{"@type":"ListItem","position":1,"name":"Portada","item":"https:\/\/www.eldiario.net\/portal\/"},{"@type":"ListItem","position":2,"name":"Bloque de oposici\u00f3n elegir\u00e1 al candidato a la Presidencia a trav\u00e9s de una encuesta"}]},{"@type":"WebSite","@id":"https:\/\/www.eldiario.net\/portal\/#website","url":"https:\/\/www.eldiario.net\/portal\/","name":"El Diario - Decano de la prensa nacional","description":"El Diario - Decano de la prensa nacional","publisher":{"@id":"https:\/\/www.eldiario.net\/portal\/#organization"},"potentialAction":[{"@type":"SearchAction","target":{"@type":"EntryPoint","urlTemplate":"https:\/\/www.eldiario.net\/portal\/?s={search_term_string}"},"query-input":{"@type":"PropertyValueSpecification","valueRequired":true,"valueName":"search_term_string"}}],"inLanguage":"es"},{"@type":"Organization","@id":"https:\/\/www.eldiario.net\/portal\/#organization","name":"El Diario - Decano de la prensa nacional","url":"https:\/\/www.eldiario.net\/portal\/","logo":{"@type":"ImageObject","inLanguage":"es","@id":"https:\/\/www.eldiario.net\/portal\/#\/schema\/logo\/image\/","url":"https:\/\/www.eldiario.net\/portal\/wp-content\/uploads\/2023\/07\/logo_ED.jpg","contentUrl":"https:\/\/www.eldiario.net\/portal\/wp-content\/uploads\/2023\/07\/logo_ED.jpg","width":272,"height":52,"caption":"El Diario - Decano de la prensa nacional"},"image":{"@id":"https:\/\/www.eldiario.net\/portal\/#\/schema\/logo\/image\/"},"sameAs":["https:\/\/www.facebook.com\/eldiario.bolivia\/","https:\/\/x.com\/eldiario_net"]},{"@type":"Person","@id":"https:\/\/www.eldiario.net\/portal\/#\/schema\/person\/f46445640444750d7d753ccd04ae01b7","name":"Jeanette","image":{"@type":"ImageObject","inLanguage":"es","@id":"https:\/\/secure.gravatar.com\/avatar\/3ea2118a5f7dad2b7138b1187a6b7ee55f160b9968b66013c3a3ef39dd7e5798?s=96&d=mm&r=g","url":"https:\/\/secure.gravatar.com\/avatar\/3ea2118a5f7dad2b7138b1187a6b7ee55f160b9968b66013c3a3ef39dd7e5798?s=96&d=mm&r=g","contentUrl":"https:\/\/secure.gravatar.com\/avatar\/3ea2118a5f7dad2b7138b1187a6b7ee55f160b9968b66013c3a3ef39dd7e5798?s=96&d=mm&r=g","caption":"Jeanette"},"sameAs":["https:\/\/www.eldiario.net\/portal"],"url":"https:\/\/www.eldiario.net\/portal\/author\/jeanette\/"}]}},"_links":{"self":[{"href":"https:\/\/www.eldiario.net\/portal\/wp-json\/wp\/v2\/posts\/279803","targetHints":{"allow":["GET"]}}],"collection":[{"href":"https:\/\/www.eldiario.net\/portal\/wp-json\/wp\/v2\/posts"}],"about":[{"href":"https:\/\/www.eldiario.net\/portal\/wp-json\/wp\/v2\/types\/post"}],"author":[{"embeddable":true,"href":"https:\/\/www.eldiario.net\/portal\/wp-json\/wp\/v2\/users\/1"}],"replies":[{"embeddable":true,"href":"https:\/\/www.eldiario.net\/portal\/wp-json\/wp\/v2\/comments?post=279803"}],"version-history":[{"count":1,"href":"https:\/\/www.eldiario.net\/portal\/wp-json\/wp\/v2\/posts\/279803\/revisions"}],"predecessor-version":[{"id":279805,"href":"https:\/\/www.eldiario.net\/portal\/wp-json\/wp\/v2\/posts\/279803\/revisions\/279805"}],"wp:featuredmedia":[{"embeddable":true,"href":"https:\/\/www.eldiario.net\/portal\/wp-json\/wp\/v2\/media\/279804"}],"wp:attachment":[{"href":"https:\/\/www.eldiario.net\/portal\/wp-json\/wp\/v2\/media?parent=279803"}],"wp:term":[{"taxonomy":"category","embeddable":true,"href":"https:\/\/www.eldiario.net\/portal\/wp-json\/wp\/v2\/categories?post=279803"},{"taxonomy":"post_tag","embeddable":true,"href":"https:\/\/www.eldiario.net\/portal\/wp-json\/wp\/v2\/tags?post=279803"}],"curies":[{"name":"wp","href":"https:\/\/api.w.org\/{rel}","templated":true}]}}