{"id":279800,"date":"2025-02-06T06:06:05","date_gmt":"2025-02-06T10:06:05","guid":{"rendered":"https:\/\/www.eldiario.net\/portal\/?p=279800"},"modified":"2025-02-06T06:06:05","modified_gmt":"2025-02-06T10:06:05","slug":"senado-deroga-varios-articulos-del-pge-2025-incluida-la-disposicion-confiscatoria","status":"publish","type":"post","link":"https:\/\/www.eldiario.net\/portal\/2025\/02\/06\/senado-deroga-varios-articulos-del-pge-2025-incluida-la-disposicion-confiscatoria\/","title":{"rendered":"Senado deroga varios art\u00edculos del PGE 2025,  incluida la disposici\u00f3n \u201cconfiscatoria\u201d"},"content":{"rendered":"<p>La C\u00e1mara de Senadores aprob\u00f3 anoche, en grande y detalle, el proyecto de ley para la derogaci\u00f3n de la disposici\u00f3n s\u00e9ptima sobre decomiso de productos contemplada en el Presupuesto General del Estado (PGE). Adem\u00e1s, se derog\u00f3 otros art\u00edculos contemplados en la ley.<\/p>\n<p>De acuerdo a la lectura del documento, el pleno del Senado tambi\u00e9n derog\u00f3 los art\u00edculos 13, 14, y 19. Adem\u00e1s de las disposiciones quinta y sexta del Presupuesto General del Estado (PGN).<\/p>\n<p>Adem\u00e1s, se anul\u00f3 la disposici\u00f3n transitoria \u00fanica y la disposici\u00f3n final primera del PGE.<\/p>\n<p>Tras la aprobaci\u00f3n en su estaci\u00f3n en grande, el pleno procedi\u00f3 con el tratamiento en detalle. Tras aprobarse en sus dos estaciones, el proyecto pasar\u00e1 a la C\u00e1mara de Diputados para su tratamiento.<\/p>\n<p>La disposici\u00f3n s\u00e9ptima sobre decomiso de alimentos tiene movilizados a los sectores del aparato productivo nacional, que anunciaron un paro movilizado para este 10 de febrero en demanda de la derogaci\u00f3n de este apartado de la Ley Financial.<\/p>\n<p>Una vez que el Comit\u00e9 multisectorial ratific\u00f3 un paro movilizado contra la disposici\u00f3n adicional, el m\u00e1ximo dirigente del sector gremial, C\u00e9sar Gonz\u00e1lez, se\u00f1al\u00f3 que cada sector coordinar\u00e1 medidas con sus afiliados.<\/p>\n<p>Los dirigentes que se reunieron ayer en Tarija ratificaron que la \u00fanica forma de sentarse a dialogar con el Gobierno es derogando esta disposici\u00f3n, que es considerada como atentatoria a la seguridad jur\u00eddica de los sectores movilizados. (Con datos de Unitel)<\/p>\n","protected":false},"excerpt":{"rendered":"<p>La C\u00e1mara de Senadores aprob\u00f3 anoche, en grande y detalle, el proyecto de ley para la derogaci\u00f3n de la disposici\u00f3n s\u00e9ptima sobre decomiso de productos contemplada en el Presupuesto General del Estado (PGE). Adem\u00e1s, se derog\u00f3 otros art\u00edculos contemplados en la ley. De acuerdo a la lectura del documento, el pleno del Senado tambi\u00e9n derog\u00f3 [&hellip;]<\/p>\n","protected":false},"author":1,"featured_media":279801,"comment_status":"closed","ping_status":"open","sticky":false,"template":"","format":"standard","meta":{"_acf_changed":false,"footnotes":""},"categories":[15],"tags":[],"class_list":["post-279800","post","type-post","status-publish","format-standard","has-post-thumbnail","category-portada"],"acf":{"antetitulo":""},"yoast_head":"<!-- This site is optimized with the Yoast SEO plugin v28.4 - https:\/\/yoast.com\/product\/yoast-seo-wordpress\/ -->\n<title>Senado deroga varios art\u00edculos del PGE 2025, incluida la disposici\u00f3n \u201cconfiscatoria\u201d - El Diario - Bolivia<\/title>\n<meta name=\"robots\" content=\"index, follow, max-snippet:-1, max-image-preview:large, max-video-preview:-1\" \/>\n<link rel=\"canonical\" href=\"https:\/\/www.eldiario.net\/portal\/2025\/02\/06\/senado-deroga-varios-articulos-del-pge-2025-incluida-la-disposicion-confiscatoria\/\" \/>\n<meta property=\"og:locale\" content=\"es_ES\" \/>\n<meta property=\"og:type\" content=\"article\" \/>\n<meta property=\"og:title\" content=\"Senado deroga varios art\u00edculos del PGE 2025, incluida la disposici\u00f3n \u201cconfiscatoria\u201d - El Diario - Bolivia\" \/>\n<meta property=\"og:description\" content=\"La C\u00e1mara de Senadores aprob\u00f3 anoche, en grande y detalle, el proyecto de ley para la derogaci\u00f3n de la disposici\u00f3n s\u00e9ptima sobre decomiso de productos contemplada en el Presupuesto General del Estado (PGE). Adem\u00e1s, se derog\u00f3 otros art\u00edculos contemplados en la ley. De acuerdo a la lectura del documento, el pleno del Senado tambi\u00e9n derog\u00f3 [&hellip;]\" \/>\n<meta property=\"og:url\" content=\"https:\/\/www.eldiario.net\/portal\/2025\/02\/06\/senado-deroga-varios-articulos-del-pge-2025-incluida-la-disposicion-confiscatoria\/\" \/>\n<meta property=\"og:site_name\" content=\"El Diario - Bolivia\" \/>\n<meta property=\"article:publisher\" content=\"https:\/\/www.facebook.com\/eldiario.bolivia\/\" \/>\n<meta property=\"article:published_time\" content=\"2025-02-06T10:06:05+00:00\" \/>\n<meta property=\"og:image\" content=\"https:\/\/www.eldiario.net\/portal\/wp-content\/uploads\/2025\/02\/DEROGA-FOTO.jpg\" \/>\n\t<meta property=\"og:image:width\" content=\"1280\" \/>\n\t<meta property=\"og:image:height\" content=\"720\" \/>\n\t<meta property=\"og:image:type\" content=\"image\/jpeg\" \/>\n<meta name=\"author\" content=\"Jeanette\" \/>\n<meta name=\"twitter:card\" content=\"summary_large_image\" \/>\n<meta name=\"twitter:creator\" content=\"@eldiario_net\" \/>\n<meta name=\"twitter:site\" content=\"@eldiario_net\" \/>\n<meta name=\"twitter:label1\" content=\"Escrito por\" \/>\n\t<meta name=\"twitter:data1\" content=\"Jeanette\" \/>\n\t<meta name=\"twitter:label2\" content=\"Tiempo de lectura\" \/>\n\t<meta name=\"twitter:data2\" content=\"2 minutos\" \/>\n<script type=\"application\/ld+json\" class=\"yoast-schema-graph\">{\"@context\":\"https:\\\/\\\/schema.org\",\"@graph\":[{\"@type\":\"Article\",\"@id\":\"https:\\\/\\\/www.eldiario.net\\\/portal\\\/2025\\\/02\\\/06\\\/senado-deroga-varios-articulos-del-pge-2025-incluida-la-disposicion-confiscatoria\\\/#article\",\"isPartOf\":{\"@id\":\"https:\\\/\\\/www.eldiario.net\\\/portal\\\/2025\\\/02\\\/06\\\/senado-deroga-varios-articulos-del-pge-2025-incluida-la-disposicion-confiscatoria\\\/\"},\"author\":{\"name\":\"Jeanette\",\"@id\":\"https:\\\/\\\/www.eldiario.net\\\/portal\\\/#\\\/schema\\\/person\\\/f46445640444750d7d753ccd04ae01b7\"},\"headline\":\"Senado deroga varios art\u00edculos del PGE 2025, incluida la disposici\u00f3n \u201cconfiscatoria\u201d\",\"datePublished\":\"2025-02-06T10:06:05+00:00\",\"mainEntityOfPage\":{\"@id\":\"https:\\\/\\\/www.eldiario.net\\\/portal\\\/2025\\\/02\\\/06\\\/senado-deroga-varios-articulos-del-pge-2025-incluida-la-disposicion-confiscatoria\\\/\"},\"wordCount\":264,\"publisher\":{\"@id\":\"https:\\\/\\\/www.eldiario.net\\\/portal\\\/#organization\"},\"image\":{\"@id\":\"https:\\\/\\\/www.eldiario.net\\\/portal\\\/2025\\\/02\\\/06\\\/senado-deroga-varios-articulos-del-pge-2025-incluida-la-disposicion-confiscatoria\\\/#primaryimage\"},\"thumbnailUrl\":\"https:\\\/\\\/www.eldiario.net\\\/portal\\\/wp-content\\\/uploads\\\/2025\\\/02\\\/DEROGA-FOTO.jpg\",\"articleSection\":[\"Portada\"],\"inLanguage\":\"es\"},{\"@type\":\"WebPage\",\"@id\":\"https:\\\/\\\/www.eldiario.net\\\/portal\\\/2025\\\/02\\\/06\\\/senado-deroga-varios-articulos-del-pge-2025-incluida-la-disposicion-confiscatoria\\\/\",\"url\":\"https:\\\/\\\/www.eldiario.net\\\/portal\\\/2025\\\/02\\\/06\\\/senado-deroga-varios-articulos-del-pge-2025-incluida-la-disposicion-confiscatoria\\\/\",\"name\":\"Senado deroga varios art\u00edculos del PGE 2025, incluida la disposici\u00f3n \u201cconfiscatoria\u201d - El Diario - Bolivia\",\"isPartOf\":{\"@id\":\"https:\\\/\\\/www.eldiario.net\\\/portal\\\/#website\"},\"primaryImageOfPage\":{\"@id\":\"https:\\\/\\\/www.eldiario.net\\\/portal\\\/2025\\\/02\\\/06\\\/senado-deroga-varios-articulos-del-pge-2025-incluida-la-disposicion-confiscatoria\\\/#primaryimage\"},\"image\":{\"@id\":\"https:\\\/\\\/www.eldiario.net\\\/portal\\\/2025\\\/02\\\/06\\\/senado-deroga-varios-articulos-del-pge-2025-incluida-la-disposicion-confiscatoria\\\/#primaryimage\"},\"thumbnailUrl\":\"https:\\\/\\\/www.eldiario.net\\\/portal\\\/wp-content\\\/uploads\\\/2025\\\/02\\\/DEROGA-FOTO.jpg\",\"datePublished\":\"2025-02-06T10:06:05+00:00\",\"breadcrumb\":{\"@id\":\"https:\\\/\\\/www.eldiario.net\\\/portal\\\/2025\\\/02\\\/06\\\/senado-deroga-varios-articulos-del-pge-2025-incluida-la-disposicion-confiscatoria\\\/#breadcrumb\"},\"inLanguage\":\"es\",\"potentialAction\":[{\"@type\":\"ReadAction\",\"target\":[\"https:\\\/\\\/www.eldiario.net\\\/portal\\\/2025\\\/02\\\/06\\\/senado-deroga-varios-articulos-del-pge-2025-incluida-la-disposicion-confiscatoria\\\/\"]}]},{\"@type\":\"ImageObject\",\"inLanguage\":\"es\",\"@id\":\"https:\\\/\\\/www.eldiario.net\\\/portal\\\/2025\\\/02\\\/06\\\/senado-deroga-varios-articulos-del-pge-2025-incluida-la-disposicion-confiscatoria\\\/#primaryimage\",\"url\":\"https:\\\/\\\/www.eldiario.net\\\/portal\\\/wp-content\\\/uploads\\\/2025\\\/02\\\/DEROGA-FOTO.jpg\",\"contentUrl\":\"https:\\\/\\\/www.eldiario.net\\\/portal\\\/wp-content\\\/uploads\\\/2025\\\/02\\\/DEROGA-FOTO.jpg\",\"width\":1280,\"height\":720,\"caption\":\"PLENO DE LA C\u00c1MARA DE SENADORES. FOTO: SENADO\"},{\"@type\":\"BreadcrumbList\",\"@id\":\"https:\\\/\\\/www.eldiario.net\\\/portal\\\/2025\\\/02\\\/06\\\/senado-deroga-varios-articulos-del-pge-2025-incluida-la-disposicion-confiscatoria\\\/#breadcrumb\",\"itemListElement\":[{\"@type\":\"ListItem\",\"position\":1,\"name\":\"Portada\",\"item\":\"https:\\\/\\\/www.eldiario.net\\\/portal\\\/\"},{\"@type\":\"ListItem\",\"position\":2,\"name\":\"Senado deroga varios art\u00edculos del PGE 2025, incluida la disposici\u00f3n \u201cconfiscatoria\u201d\"}]},{\"@type\":\"WebSite\",\"@id\":\"https:\\\/\\\/www.eldiario.net\\\/portal\\\/#website\",\"url\":\"https:\\\/\\\/www.eldiario.net\\\/portal\\\/\",\"name\":\"El Diario - Decano de la prensa nacional\",\"description\":\"El Diario - Decano de la prensa nacional\",\"publisher\":{\"@id\":\"https:\\\/\\\/www.eldiario.net\\\/portal\\\/#organization\"},\"potentialAction\":[{\"@type\":\"SearchAction\",\"target\":{\"@type\":\"EntryPoint\",\"urlTemplate\":\"https:\\\/\\\/www.eldiario.net\\\/portal\\\/?s={search_term_string}\"},\"query-input\":{\"@type\":\"PropertyValueSpecification\",\"valueRequired\":true,\"valueName\":\"search_term_string\"}}],\"inLanguage\":\"es\"},{\"@type\":\"Organization\",\"@id\":\"https:\\\/\\\/www.eldiario.net\\\/portal\\\/#organization\",\"name\":\"El Diario - Decano de la prensa nacional\",\"url\":\"https:\\\/\\\/www.eldiario.net\\\/portal\\\/\",\"logo\":{\"@type\":\"ImageObject\",\"inLanguage\":\"es\",\"@id\":\"https:\\\/\\\/www.eldiario.net\\\/portal\\\/#\\\/schema\\\/logo\\\/image\\\/\",\"url\":\"https:\\\/\\\/www.eldiario.net\\\/portal\\\/wp-content\\\/uploads\\\/2023\\\/07\\\/logo_ED.jpg\",\"contentUrl\":\"https:\\\/\\\/www.eldiario.net\\\/portal\\\/wp-content\\\/uploads\\\/2023\\\/07\\\/logo_ED.jpg\",\"width\":272,\"height\":52,\"caption\":\"El Diario - Decano de la prensa nacional\"},\"image\":{\"@id\":\"https:\\\/\\\/www.eldiario.net\\\/portal\\\/#\\\/schema\\\/logo\\\/image\\\/\"},\"sameAs\":[\"https:\\\/\\\/www.facebook.com\\\/eldiario.bolivia\\\/\",\"https:\\\/\\\/x.com\\\/eldiario_net\"]},{\"@type\":\"Person\",\"@id\":\"https:\\\/\\\/www.eldiario.net\\\/portal\\\/#\\\/schema\\\/person\\\/f46445640444750d7d753ccd04ae01b7\",\"name\":\"Jeanette\",\"image\":{\"@type\":\"ImageObject\",\"inLanguage\":\"es\",\"@id\":\"https:\\\/\\\/secure.gravatar.com\\\/avatar\\\/3ea2118a5f7dad2b7138b1187a6b7ee55f160b9968b66013c3a3ef39dd7e5798?s=96&d=mm&r=g\",\"url\":\"https:\\\/\\\/secure.gravatar.com\\\/avatar\\\/3ea2118a5f7dad2b7138b1187a6b7ee55f160b9968b66013c3a3ef39dd7e5798?s=96&d=mm&r=g\",\"contentUrl\":\"https:\\\/\\\/secure.gravatar.com\\\/avatar\\\/3ea2118a5f7dad2b7138b1187a6b7ee55f160b9968b66013c3a3ef39dd7e5798?s=96&d=mm&r=g\",\"caption\":\"Jeanette\"},\"sameAs\":[\"https:\\\/\\\/www.eldiario.net\\\/portal\"],\"url\":\"https:\\\/\\\/www.eldiario.net\\\/portal\\\/author\\\/jeanette\\\/\"}]}<\/script>\n<!-- \/ Yoast SEO plugin. -->","yoast_head_json":{"title":"Senado deroga varios art\u00edculos del PGE 2025, incluida la disposici\u00f3n \u201cconfiscatoria\u201d - El Diario - Bolivia","robots":{"index":"index","follow":"follow","max-snippet":"max-snippet:-1","max-image-preview":"max-image-preview:large","max-video-preview":"max-video-preview:-1"},"canonical":"https:\/\/www.eldiario.net\/portal\/2025\/02\/06\/senado-deroga-varios-articulos-del-pge-2025-incluida-la-disposicion-confiscatoria\/","og_locale":"es_ES","og_type":"article","og_title":"Senado deroga varios art\u00edculos del PGE 2025, incluida la disposici\u00f3n \u201cconfiscatoria\u201d - El Diario - Bolivia","og_description":"La C\u00e1mara de Senadores aprob\u00f3 anoche, en grande y detalle, el proyecto de ley para la derogaci\u00f3n de la disposici\u00f3n s\u00e9ptima sobre decomiso de productos contemplada en el Presupuesto General del Estado (PGE). Adem\u00e1s, se derog\u00f3 otros art\u00edculos contemplados en la ley. De acuerdo a la lectura del documento, el pleno del Senado tambi\u00e9n derog\u00f3 [&hellip;]","og_url":"https:\/\/www.eldiario.net\/portal\/2025\/02\/06\/senado-deroga-varios-articulos-del-pge-2025-incluida-la-disposicion-confiscatoria\/","og_site_name":"El Diario - Bolivia","article_publisher":"https:\/\/www.facebook.com\/eldiario.bolivia\/","article_published_time":"2025-02-06T10:06:05+00:00","og_image":[{"width":1280,"height":720,"url":"https:\/\/www.eldiario.net\/portal\/wp-content\/uploads\/2025\/02\/DEROGA-FOTO.jpg","type":"image\/jpeg"}],"author":"Jeanette","twitter_card":"summary_large_image","twitter_creator":"@eldiario_net","twitter_site":"@eldiario_net","twitter_misc":{"Escrito por":"Jeanette","Tiempo de lectura":"2 minutos"},"schema":{"@context":"https:\/\/schema.org","@graph":[{"@type":"Article","@id":"https:\/\/www.eldiario.net\/portal\/2025\/02\/06\/senado-deroga-varios-articulos-del-pge-2025-incluida-la-disposicion-confiscatoria\/#article","isPartOf":{"@id":"https:\/\/www.eldiario.net\/portal\/2025\/02\/06\/senado-deroga-varios-articulos-del-pge-2025-incluida-la-disposicion-confiscatoria\/"},"author":{"name":"Jeanette","@id":"https:\/\/www.eldiario.net\/portal\/#\/schema\/person\/f46445640444750d7d753ccd04ae01b7"},"headline":"Senado deroga varios art\u00edculos del PGE 2025, incluida la disposici\u00f3n \u201cconfiscatoria\u201d","datePublished":"2025-02-06T10:06:05+00:00","mainEntityOfPage":{"@id":"https:\/\/www.eldiario.net\/portal\/2025\/02\/06\/senado-deroga-varios-articulos-del-pge-2025-incluida-la-disposicion-confiscatoria\/"},"wordCount":264,"publisher":{"@id":"https:\/\/www.eldiario.net\/portal\/#organization"},"image":{"@id":"https:\/\/www.eldiario.net\/portal\/2025\/02\/06\/senado-deroga-varios-articulos-del-pge-2025-incluida-la-disposicion-confiscatoria\/#primaryimage"},"thumbnailUrl":"https:\/\/www.eldiario.net\/portal\/wp-content\/uploads\/2025\/02\/DEROGA-FOTO.jpg","articleSection":["Portada"],"inLanguage":"es"},{"@type":"WebPage","@id":"https:\/\/www.eldiario.net\/portal\/2025\/02\/06\/senado-deroga-varios-articulos-del-pge-2025-incluida-la-disposicion-confiscatoria\/","url":"https:\/\/www.eldiario.net\/portal\/2025\/02\/06\/senado-deroga-varios-articulos-del-pge-2025-incluida-la-disposicion-confiscatoria\/","name":"Senado deroga varios art\u00edculos del PGE 2025, incluida la disposici\u00f3n \u201cconfiscatoria\u201d - El Diario - Bolivia","isPartOf":{"@id":"https:\/\/www.eldiario.net\/portal\/#website"},"primaryImageOfPage":{"@id":"https:\/\/www.eldiario.net\/portal\/2025\/02\/06\/senado-deroga-varios-articulos-del-pge-2025-incluida-la-disposicion-confiscatoria\/#primaryimage"},"image":{"@id":"https:\/\/www.eldiario.net\/portal\/2025\/02\/06\/senado-deroga-varios-articulos-del-pge-2025-incluida-la-disposicion-confiscatoria\/#primaryimage"},"thumbnailUrl":"https:\/\/www.eldiario.net\/portal\/wp-content\/uploads\/2025\/02\/DEROGA-FOTO.jpg","datePublished":"2025-02-06T10:06:05+00:00","breadcrumb":{"@id":"https:\/\/www.eldiario.net\/portal\/2025\/02\/06\/senado-deroga-varios-articulos-del-pge-2025-incluida-la-disposicion-confiscatoria\/#breadcrumb"},"inLanguage":"es","potentialAction":[{"@type":"ReadAction","target":["https:\/\/www.eldiario.net\/portal\/2025\/02\/06\/senado-deroga-varios-articulos-del-pge-2025-incluida-la-disposicion-confiscatoria\/"]}]},{"@type":"ImageObject","inLanguage":"es","@id":"https:\/\/www.eldiario.net\/portal\/2025\/02\/06\/senado-deroga-varios-articulos-del-pge-2025-incluida-la-disposicion-confiscatoria\/#primaryimage","url":"https:\/\/www.eldiario.net\/portal\/wp-content\/uploads\/2025\/02\/DEROGA-FOTO.jpg","contentUrl":"https:\/\/www.eldiario.net\/portal\/wp-content\/uploads\/2025\/02\/DEROGA-FOTO.jpg","width":1280,"height":720,"caption":"PLENO DE LA C\u00c1MARA DE SENADORES. FOTO: SENADO"},{"@type":"BreadcrumbList","@id":"https:\/\/www.eldiario.net\/portal\/2025\/02\/06\/senado-deroga-varios-articulos-del-pge-2025-incluida-la-disposicion-confiscatoria\/#breadcrumb","itemListElement":[{"@type":"ListItem","position":1,"name":"Portada","item":"https:\/\/www.eldiario.net\/portal\/"},{"@type":"ListItem","position":2,"name":"Senado deroga varios art\u00edculos del PGE 2025, incluida la disposici\u00f3n \u201cconfiscatoria\u201d"}]},{"@type":"WebSite","@id":"https:\/\/www.eldiario.net\/portal\/#website","url":"https:\/\/www.eldiario.net\/portal\/","name":"El Diario - Decano de la prensa nacional","description":"El Diario - Decano de la prensa nacional","publisher":{"@id":"https:\/\/www.eldiario.net\/portal\/#organization"},"potentialAction":[{"@type":"SearchAction","target":{"@type":"EntryPoint","urlTemplate":"https:\/\/www.eldiario.net\/portal\/?s={search_term_string}"},"query-input":{"@type":"PropertyValueSpecification","valueRequired":true,"valueName":"search_term_string"}}],"inLanguage":"es"},{"@type":"Organization","@id":"https:\/\/www.eldiario.net\/portal\/#organization","name":"El Diario - Decano de la prensa nacional","url":"https:\/\/www.eldiario.net\/portal\/","logo":{"@type":"ImageObject","inLanguage":"es","@id":"https:\/\/www.eldiario.net\/portal\/#\/schema\/logo\/image\/","url":"https:\/\/www.eldiario.net\/portal\/wp-content\/uploads\/2023\/07\/logo_ED.jpg","contentUrl":"https:\/\/www.eldiario.net\/portal\/wp-content\/uploads\/2023\/07\/logo_ED.jpg","width":272,"height":52,"caption":"El Diario - Decano de la prensa nacional"},"image":{"@id":"https:\/\/www.eldiario.net\/portal\/#\/schema\/logo\/image\/"},"sameAs":["https:\/\/www.facebook.com\/eldiario.bolivia\/","https:\/\/x.com\/eldiario_net"]},{"@type":"Person","@id":"https:\/\/www.eldiario.net\/portal\/#\/schema\/person\/f46445640444750d7d753ccd04ae01b7","name":"Jeanette","image":{"@type":"ImageObject","inLanguage":"es","@id":"https:\/\/secure.gravatar.com\/avatar\/3ea2118a5f7dad2b7138b1187a6b7ee55f160b9968b66013c3a3ef39dd7e5798?s=96&d=mm&r=g","url":"https:\/\/secure.gravatar.com\/avatar\/3ea2118a5f7dad2b7138b1187a6b7ee55f160b9968b66013c3a3ef39dd7e5798?s=96&d=mm&r=g","contentUrl":"https:\/\/secure.gravatar.com\/avatar\/3ea2118a5f7dad2b7138b1187a6b7ee55f160b9968b66013c3a3ef39dd7e5798?s=96&d=mm&r=g","caption":"Jeanette"},"sameAs":["https:\/\/www.eldiario.net\/portal"],"url":"https:\/\/www.eldiario.net\/portal\/author\/jeanette\/"}]}},"_links":{"self":[{"href":"https:\/\/www.eldiario.net\/portal\/wp-json\/wp\/v2\/posts\/279800","targetHints":{"allow":["GET"]}}],"collection":[{"href":"https:\/\/www.eldiario.net\/portal\/wp-json\/wp\/v2\/posts"}],"about":[{"href":"https:\/\/www.eldiario.net\/portal\/wp-json\/wp\/v2\/types\/post"}],"author":[{"embeddable":true,"href":"https:\/\/www.eldiario.net\/portal\/wp-json\/wp\/v2\/users\/1"}],"replies":[{"embeddable":true,"href":"https:\/\/www.eldiario.net\/portal\/wp-json\/wp\/v2\/comments?post=279800"}],"version-history":[{"count":1,"href":"https:\/\/www.eldiario.net\/portal\/wp-json\/wp\/v2\/posts\/279800\/revisions"}],"predecessor-version":[{"id":279802,"href":"https:\/\/www.eldiario.net\/portal\/wp-json\/wp\/v2\/posts\/279800\/revisions\/279802"}],"wp:featuredmedia":[{"embeddable":true,"href":"https:\/\/www.eldiario.net\/portal\/wp-json\/wp\/v2\/media\/279801"}],"wp:attachment":[{"href":"https:\/\/www.eldiario.net\/portal\/wp-json\/wp\/v2\/media?parent=279800"}],"wp:term":[{"taxonomy":"category","embeddable":true,"href":"https:\/\/www.eldiario.net\/portal\/wp-json\/wp\/v2\/categories?post=279800"},{"taxonomy":"post_tag","embeddable":true,"href":"https:\/\/www.eldiario.net\/portal\/wp-json\/wp\/v2\/tags?post=279800"}],"curies":[{"name":"wp","href":"https:\/\/api.w.org\/{rel}","templated":true}]}}