{"id":279797,"date":"2025-02-06T06:05:39","date_gmt":"2025-02-06T10:05:39","guid":{"rendered":"https:\/\/www.eldiario.net\/portal\/?p=279797"},"modified":"2025-02-06T06:05:39","modified_gmt":"2025-02-06T10:05:39","slug":"reunion-de-cadena-productiva-confirma-paro-movilizado-para-el-10-de-febrero","status":"publish","type":"post","link":"https:\/\/www.eldiario.net\/portal\/2025\/02\/06\/reunion-de-cadena-productiva-confirma-paro-movilizado-para-el-10-de-febrero\/","title":{"rendered":"Reuni\u00f3n de cadena productiva confirma  paro movilizado para el 10 de febrero"},"content":{"rendered":"<p>El ampliado multisectorial, realizado en la ciudad de Tarija, confirm\u00f3 el paro movilizado para el pr\u00f3ximo 10 de febrero. Y reiteraron su pedido de derogaci\u00f3n de la Disposici\u00f3n S\u00e9ptima del Presupuesto General del Estado 2025.<\/p>\n<p>En vista de que las autoridades como la Asamblea Legislativa Nacional y el Poder Ejecutivo no dan se\u00f1ales para derogar la Disposici\u00f3n Adicional S\u00e9ptima de la Ley 1613 (Presupuesto 2025) pone en riesgo los empleos, la seguridad alimentaria y puede generar mayor crisis en el pa\u00eds, se\u00f1ala el cuarto ampliado Multisectorial.<\/p>\n<p>Adem\u00e1s, la situaci\u00f3n econ\u00f3mica generada, principalmente por la falta de d\u00f3lares, escasez de carburantes, gasto publico desproporcionado y mal manejo de la econom\u00eda nacional, est\u00e1 generando una crisis insostenible que est\u00e1n soportando las familias bolivianas. Esto, no fue generado por los integrantes de la cadena de abastecimiento nacional y sin embrago buscan destruirnos, se\u00f1alan los miembros de la cadena productiva.<\/p>\n<p>El cuarto ampliado Multisectorial determin\u00f3 seis conclusiones para que se tome en cuenta, dentro las que est\u00e1n: la institucionalidad de Tarija a la cabeza del Comit\u00e9 C\u00edvico de este departamento decide sumarse a las actividades del Ampliado Multisectorial para llevar adelante todas las medidas que sean necesarias para la Derogaci\u00f3n de la Disposici\u00f3n Adicional S\u00e9ptima de la Ley 1613.<\/p>\n<p>Asimismo, deciden que el Ampliado Multisectorial realizado en Tarija bajo la conducci\u00f3n del Comit\u00e9 C\u00edvico de este departamento, ratifica y convoca al paro movilizado a realizarse el d\u00eda lunes 10 de febrero de 2025 a nivel nacional en caso de no derogar la Disposici\u00f3n Adicional S\u00e9ptima.<\/p>\n<p>\u201cExigimos, al Presidente Nato de la Asamblea Legislativa Nacional a que trabaje y convoque a sesi\u00f3n de forma inmediata para proceder a la respectiva derogaci\u00f3n en base a la propuesta de ley que se le hizo llegar; tambi\u00e9n piden al Mandatario que mediante su bancada realice las acciones necesarias para que lo antes posible se realice la respectiva derogaci\u00f3n.<\/p>\n<p>Exigimos, al poder ejecutivo, dar soluci\u00f3n a la falta de d\u00f3lares, carburantes y a la crisis econ\u00f3mica cumpliendo sus obligaciones como mandatarios para evitar que nuestros j\u00f3venes se vayan al exterior por falta de oportunidades y las familias bolivianas sigan soportando la situaci\u00f3n actual.<\/p>\n<p>\u201cLa emergencia y coordinaci\u00f3n es permanente, continuamos en reuniones nacionales y departamentales en torno a evitar que la aplicaci\u00f3n de la Disposici\u00f3n Adicional S\u00e9ptima termine afectando a las familias bolivianas\u201d, sostienen.<\/p>\n<p>De acuerdo a entendidos en la materia constitucional, la disposici\u00f3n s\u00e9ptima ser\u00eda inconstitucional, debido a que el Presupuesto General del Estado tiene el objetivo con las finanzas p\u00fablicas y no regulatorio.<\/p>\n","protected":false},"excerpt":{"rendered":"<p>El ampliado multisectorial, realizado en la ciudad de Tarija, confirm\u00f3 el paro movilizado para el pr\u00f3ximo 10 de febrero. Y reiteraron su pedido de derogaci\u00f3n de la Disposici\u00f3n S\u00e9ptima del Presupuesto General del Estado 2025. En vista de que las autoridades como la Asamblea Legislativa Nacional y el Poder Ejecutivo no dan se\u00f1ales para derogar [&hellip;]<\/p>\n","protected":false},"author":1,"featured_media":279798,"comment_status":"closed","ping_status":"open","sticky":false,"template":"","format":"standard","meta":{"_acf_changed":false,"footnotes":""},"categories":[15],"tags":[],"class_list":["post-279797","post","type-post","status-publish","format-standard","has-post-thumbnail","category-portada"],"acf":{"antetitulo":""},"yoast_head":"<!-- This site is optimized with the Yoast SEO plugin v28.3 - https:\/\/yoast.com\/product\/yoast-seo-wordpress\/ -->\n<title>Reuni\u00f3n de cadena productiva confirma paro movilizado para el 10 de febrero - El Diario - Bolivia<\/title>\n<meta name=\"robots\" content=\"index, follow, max-snippet:-1, max-image-preview:large, max-video-preview:-1\" \/>\n<link rel=\"canonical\" href=\"https:\/\/www.eldiario.net\/portal\/2025\/02\/06\/reunion-de-cadena-productiva-confirma-paro-movilizado-para-el-10-de-febrero\/\" \/>\n<meta property=\"og:locale\" content=\"es_ES\" \/>\n<meta property=\"og:type\" content=\"article\" \/>\n<meta property=\"og:title\" content=\"Reuni\u00f3n de cadena productiva confirma paro movilizado para el 10 de febrero - El Diario - Bolivia\" \/>\n<meta property=\"og:description\" content=\"El ampliado multisectorial, realizado en la ciudad de Tarija, confirm\u00f3 el paro movilizado para el pr\u00f3ximo 10 de febrero. Y reiteraron su pedido de derogaci\u00f3n de la Disposici\u00f3n S\u00e9ptima del Presupuesto General del Estado 2025. En vista de que las autoridades como la Asamblea Legislativa Nacional y el Poder Ejecutivo no dan se\u00f1ales para derogar [&hellip;]\" \/>\n<meta property=\"og:url\" content=\"https:\/\/www.eldiario.net\/portal\/2025\/02\/06\/reunion-de-cadena-productiva-confirma-paro-movilizado-para-el-10-de-febrero\/\" \/>\n<meta property=\"og:site_name\" content=\"El Diario - Bolivia\" \/>\n<meta property=\"article:publisher\" content=\"https:\/\/www.facebook.com\/eldiario.bolivia\/\" \/>\n<meta property=\"article:published_time\" content=\"2025-02-06T10:05:39+00:00\" \/>\n<meta property=\"og:image\" content=\"https:\/\/www.eldiario.net\/portal\/wp-content\/uploads\/2025\/02\/INDUS-FOTO-1.jpg\" \/>\n\t<meta property=\"og:image:width\" content=\"1280\" \/>\n\t<meta property=\"og:image:height\" content=\"719\" \/>\n\t<meta property=\"og:image:type\" content=\"image\/jpeg\" \/>\n<meta name=\"author\" content=\"Jeanette\" \/>\n<meta name=\"twitter:card\" content=\"summary_large_image\" \/>\n<meta name=\"twitter:creator\" content=\"@eldiario_net\" \/>\n<meta name=\"twitter:site\" content=\"@eldiario_net\" \/>\n<meta name=\"twitter:label1\" content=\"Escrito por\" \/>\n\t<meta name=\"twitter:data1\" content=\"Jeanette\" \/>\n\t<meta name=\"twitter:label2\" content=\"Tiempo de lectura\" \/>\n\t<meta name=\"twitter:data2\" content=\"3 minutos\" \/>\n<script type=\"application\/ld+json\" class=\"yoast-schema-graph\">{\"@context\":\"https:\\\/\\\/schema.org\",\"@graph\":[{\"@type\":\"Article\",\"@id\":\"https:\\\/\\\/www.eldiario.net\\\/portal\\\/2025\\\/02\\\/06\\\/reunion-de-cadena-productiva-confirma-paro-movilizado-para-el-10-de-febrero\\\/#article\",\"isPartOf\":{\"@id\":\"https:\\\/\\\/www.eldiario.net\\\/portal\\\/2025\\\/02\\\/06\\\/reunion-de-cadena-productiva-confirma-paro-movilizado-para-el-10-de-febrero\\\/\"},\"author\":{\"name\":\"Jeanette\",\"@id\":\"https:\\\/\\\/www.eldiario.net\\\/portal\\\/#\\\/schema\\\/person\\\/f46445640444750d7d753ccd04ae01b7\"},\"headline\":\"Reuni\u00f3n de cadena productiva confirma paro movilizado para el 10 de febrero\",\"datePublished\":\"2025-02-06T10:05:39+00:00\",\"mainEntityOfPage\":{\"@id\":\"https:\\\/\\\/www.eldiario.net\\\/portal\\\/2025\\\/02\\\/06\\\/reunion-de-cadena-productiva-confirma-paro-movilizado-para-el-10-de-febrero\\\/\"},\"wordCount\":464,\"publisher\":{\"@id\":\"https:\\\/\\\/www.eldiario.net\\\/portal\\\/#organization\"},\"image\":{\"@id\":\"https:\\\/\\\/www.eldiario.net\\\/portal\\\/2025\\\/02\\\/06\\\/reunion-de-cadena-productiva-confirma-paro-movilizado-para-el-10-de-febrero\\\/#primaryimage\"},\"thumbnailUrl\":\"https:\\\/\\\/www.eldiario.net\\\/portal\\\/wp-content\\\/uploads\\\/2025\\\/02\\\/INDUS-FOTO-1.jpg\",\"articleSection\":[\"Portada\"],\"inLanguage\":\"es\"},{\"@type\":\"WebPage\",\"@id\":\"https:\\\/\\\/www.eldiario.net\\\/portal\\\/2025\\\/02\\\/06\\\/reunion-de-cadena-productiva-confirma-paro-movilizado-para-el-10-de-febrero\\\/\",\"url\":\"https:\\\/\\\/www.eldiario.net\\\/portal\\\/2025\\\/02\\\/06\\\/reunion-de-cadena-productiva-confirma-paro-movilizado-para-el-10-de-febrero\\\/\",\"name\":\"Reuni\u00f3n de cadena productiva confirma paro movilizado para el 10 de febrero - El Diario - Bolivia\",\"isPartOf\":{\"@id\":\"https:\\\/\\\/www.eldiario.net\\\/portal\\\/#website\"},\"primaryImageOfPage\":{\"@id\":\"https:\\\/\\\/www.eldiario.net\\\/portal\\\/2025\\\/02\\\/06\\\/reunion-de-cadena-productiva-confirma-paro-movilizado-para-el-10-de-febrero\\\/#primaryimage\"},\"image\":{\"@id\":\"https:\\\/\\\/www.eldiario.net\\\/portal\\\/2025\\\/02\\\/06\\\/reunion-de-cadena-productiva-confirma-paro-movilizado-para-el-10-de-febrero\\\/#primaryimage\"},\"thumbnailUrl\":\"https:\\\/\\\/www.eldiario.net\\\/portal\\\/wp-content\\\/uploads\\\/2025\\\/02\\\/INDUS-FOTO-1.jpg\",\"datePublished\":\"2025-02-06T10:05:39+00:00\",\"breadcrumb\":{\"@id\":\"https:\\\/\\\/www.eldiario.net\\\/portal\\\/2025\\\/02\\\/06\\\/reunion-de-cadena-productiva-confirma-paro-movilizado-para-el-10-de-febrero\\\/#breadcrumb\"},\"inLanguage\":\"es\",\"potentialAction\":[{\"@type\":\"ReadAction\",\"target\":[\"https:\\\/\\\/www.eldiario.net\\\/portal\\\/2025\\\/02\\\/06\\\/reunion-de-cadena-productiva-confirma-paro-movilizado-para-el-10-de-febrero\\\/\"]}]},{\"@type\":\"ImageObject\",\"inLanguage\":\"es\",\"@id\":\"https:\\\/\\\/www.eldiario.net\\\/portal\\\/2025\\\/02\\\/06\\\/reunion-de-cadena-productiva-confirma-paro-movilizado-para-el-10-de-febrero\\\/#primaryimage\",\"url\":\"https:\\\/\\\/www.eldiario.net\\\/portal\\\/wp-content\\\/uploads\\\/2025\\\/02\\\/INDUS-FOTO-1.jpg\",\"contentUrl\":\"https:\\\/\\\/www.eldiario.net\\\/portal\\\/wp-content\\\/uploads\\\/2025\\\/02\\\/INDUS-FOTO-1.jpg\",\"width\":1280,\"height\":719,\"caption\":\"Representantes del ampliado multisectorial en conferencia de prensa. Foto CAO\"},{\"@type\":\"BreadcrumbList\",\"@id\":\"https:\\\/\\\/www.eldiario.net\\\/portal\\\/2025\\\/02\\\/06\\\/reunion-de-cadena-productiva-confirma-paro-movilizado-para-el-10-de-febrero\\\/#breadcrumb\",\"itemListElement\":[{\"@type\":\"ListItem\",\"position\":1,\"name\":\"Portada\",\"item\":\"https:\\\/\\\/www.eldiario.net\\\/portal\\\/\"},{\"@type\":\"ListItem\",\"position\":2,\"name\":\"Reuni\u00f3n de cadena productiva confirma paro movilizado para el 10 de febrero\"}]},{\"@type\":\"WebSite\",\"@id\":\"https:\\\/\\\/www.eldiario.net\\\/portal\\\/#website\",\"url\":\"https:\\\/\\\/www.eldiario.net\\\/portal\\\/\",\"name\":\"El Diario - Decano de la prensa nacional\",\"description\":\"El Diario - Decano de la prensa nacional\",\"publisher\":{\"@id\":\"https:\\\/\\\/www.eldiario.net\\\/portal\\\/#organization\"},\"potentialAction\":[{\"@type\":\"SearchAction\",\"target\":{\"@type\":\"EntryPoint\",\"urlTemplate\":\"https:\\\/\\\/www.eldiario.net\\\/portal\\\/?s={search_term_string}\"},\"query-input\":{\"@type\":\"PropertyValueSpecification\",\"valueRequired\":true,\"valueName\":\"search_term_string\"}}],\"inLanguage\":\"es\"},{\"@type\":\"Organization\",\"@id\":\"https:\\\/\\\/www.eldiario.net\\\/portal\\\/#organization\",\"name\":\"El Diario - Decano de la prensa nacional\",\"url\":\"https:\\\/\\\/www.eldiario.net\\\/portal\\\/\",\"logo\":{\"@type\":\"ImageObject\",\"inLanguage\":\"es\",\"@id\":\"https:\\\/\\\/www.eldiario.net\\\/portal\\\/#\\\/schema\\\/logo\\\/image\\\/\",\"url\":\"https:\\\/\\\/www.eldiario.net\\\/portal\\\/wp-content\\\/uploads\\\/2023\\\/07\\\/logo_ED.jpg\",\"contentUrl\":\"https:\\\/\\\/www.eldiario.net\\\/portal\\\/wp-content\\\/uploads\\\/2023\\\/07\\\/logo_ED.jpg\",\"width\":272,\"height\":52,\"caption\":\"El Diario - Decano de la prensa nacional\"},\"image\":{\"@id\":\"https:\\\/\\\/www.eldiario.net\\\/portal\\\/#\\\/schema\\\/logo\\\/image\\\/\"},\"sameAs\":[\"https:\\\/\\\/www.facebook.com\\\/eldiario.bolivia\\\/\",\"https:\\\/\\\/x.com\\\/eldiario_net\"]},{\"@type\":\"Person\",\"@id\":\"https:\\\/\\\/www.eldiario.net\\\/portal\\\/#\\\/schema\\\/person\\\/f46445640444750d7d753ccd04ae01b7\",\"name\":\"Jeanette\",\"image\":{\"@type\":\"ImageObject\",\"inLanguage\":\"es\",\"@id\":\"https:\\\/\\\/secure.gravatar.com\\\/avatar\\\/3ea2118a5f7dad2b7138b1187a6b7ee55f160b9968b66013c3a3ef39dd7e5798?s=96&d=mm&r=g\",\"url\":\"https:\\\/\\\/secure.gravatar.com\\\/avatar\\\/3ea2118a5f7dad2b7138b1187a6b7ee55f160b9968b66013c3a3ef39dd7e5798?s=96&d=mm&r=g\",\"contentUrl\":\"https:\\\/\\\/secure.gravatar.com\\\/avatar\\\/3ea2118a5f7dad2b7138b1187a6b7ee55f160b9968b66013c3a3ef39dd7e5798?s=96&d=mm&r=g\",\"caption\":\"Jeanette\"},\"sameAs\":[\"https:\\\/\\\/www.eldiario.net\\\/portal\"],\"url\":\"https:\\\/\\\/www.eldiario.net\\\/portal\\\/author\\\/jeanette\\\/\"}]}<\/script>\n<!-- \/ Yoast SEO plugin. -->","yoast_head_json":{"title":"Reuni\u00f3n de cadena productiva confirma paro movilizado para el 10 de febrero - El Diario - Bolivia","robots":{"index":"index","follow":"follow","max-snippet":"max-snippet:-1","max-image-preview":"max-image-preview:large","max-video-preview":"max-video-preview:-1"},"canonical":"https:\/\/www.eldiario.net\/portal\/2025\/02\/06\/reunion-de-cadena-productiva-confirma-paro-movilizado-para-el-10-de-febrero\/","og_locale":"es_ES","og_type":"article","og_title":"Reuni\u00f3n de cadena productiva confirma paro movilizado para el 10 de febrero - El Diario - Bolivia","og_description":"El ampliado multisectorial, realizado en la ciudad de Tarija, confirm\u00f3 el paro movilizado para el pr\u00f3ximo 10 de febrero. Y reiteraron su pedido de derogaci\u00f3n de la Disposici\u00f3n S\u00e9ptima del Presupuesto General del Estado 2025. En vista de que las autoridades como la Asamblea Legislativa Nacional y el Poder Ejecutivo no dan se\u00f1ales para derogar [&hellip;]","og_url":"https:\/\/www.eldiario.net\/portal\/2025\/02\/06\/reunion-de-cadena-productiva-confirma-paro-movilizado-para-el-10-de-febrero\/","og_site_name":"El Diario - Bolivia","article_publisher":"https:\/\/www.facebook.com\/eldiario.bolivia\/","article_published_time":"2025-02-06T10:05:39+00:00","og_image":[{"width":1280,"height":719,"url":"https:\/\/www.eldiario.net\/portal\/wp-content\/uploads\/2025\/02\/INDUS-FOTO-1.jpg","type":"image\/jpeg"}],"author":"Jeanette","twitter_card":"summary_large_image","twitter_creator":"@eldiario_net","twitter_site":"@eldiario_net","twitter_misc":{"Escrito por":"Jeanette","Tiempo de lectura":"3 minutos"},"schema":{"@context":"https:\/\/schema.org","@graph":[{"@type":"Article","@id":"https:\/\/www.eldiario.net\/portal\/2025\/02\/06\/reunion-de-cadena-productiva-confirma-paro-movilizado-para-el-10-de-febrero\/#article","isPartOf":{"@id":"https:\/\/www.eldiario.net\/portal\/2025\/02\/06\/reunion-de-cadena-productiva-confirma-paro-movilizado-para-el-10-de-febrero\/"},"author":{"name":"Jeanette","@id":"https:\/\/www.eldiario.net\/portal\/#\/schema\/person\/f46445640444750d7d753ccd04ae01b7"},"headline":"Reuni\u00f3n de cadena productiva confirma paro movilizado para el 10 de febrero","datePublished":"2025-02-06T10:05:39+00:00","mainEntityOfPage":{"@id":"https:\/\/www.eldiario.net\/portal\/2025\/02\/06\/reunion-de-cadena-productiva-confirma-paro-movilizado-para-el-10-de-febrero\/"},"wordCount":464,"publisher":{"@id":"https:\/\/www.eldiario.net\/portal\/#organization"},"image":{"@id":"https:\/\/www.eldiario.net\/portal\/2025\/02\/06\/reunion-de-cadena-productiva-confirma-paro-movilizado-para-el-10-de-febrero\/#primaryimage"},"thumbnailUrl":"https:\/\/www.eldiario.net\/portal\/wp-content\/uploads\/2025\/02\/INDUS-FOTO-1.jpg","articleSection":["Portada"],"inLanguage":"es"},{"@type":"WebPage","@id":"https:\/\/www.eldiario.net\/portal\/2025\/02\/06\/reunion-de-cadena-productiva-confirma-paro-movilizado-para-el-10-de-febrero\/","url":"https:\/\/www.eldiario.net\/portal\/2025\/02\/06\/reunion-de-cadena-productiva-confirma-paro-movilizado-para-el-10-de-febrero\/","name":"Reuni\u00f3n de cadena productiva confirma paro movilizado para el 10 de febrero - El Diario - Bolivia","isPartOf":{"@id":"https:\/\/www.eldiario.net\/portal\/#website"},"primaryImageOfPage":{"@id":"https:\/\/www.eldiario.net\/portal\/2025\/02\/06\/reunion-de-cadena-productiva-confirma-paro-movilizado-para-el-10-de-febrero\/#primaryimage"},"image":{"@id":"https:\/\/www.eldiario.net\/portal\/2025\/02\/06\/reunion-de-cadena-productiva-confirma-paro-movilizado-para-el-10-de-febrero\/#primaryimage"},"thumbnailUrl":"https:\/\/www.eldiario.net\/portal\/wp-content\/uploads\/2025\/02\/INDUS-FOTO-1.jpg","datePublished":"2025-02-06T10:05:39+00:00","breadcrumb":{"@id":"https:\/\/www.eldiario.net\/portal\/2025\/02\/06\/reunion-de-cadena-productiva-confirma-paro-movilizado-para-el-10-de-febrero\/#breadcrumb"},"inLanguage":"es","potentialAction":[{"@type":"ReadAction","target":["https:\/\/www.eldiario.net\/portal\/2025\/02\/06\/reunion-de-cadena-productiva-confirma-paro-movilizado-para-el-10-de-febrero\/"]}]},{"@type":"ImageObject","inLanguage":"es","@id":"https:\/\/www.eldiario.net\/portal\/2025\/02\/06\/reunion-de-cadena-productiva-confirma-paro-movilizado-para-el-10-de-febrero\/#primaryimage","url":"https:\/\/www.eldiario.net\/portal\/wp-content\/uploads\/2025\/02\/INDUS-FOTO-1.jpg","contentUrl":"https:\/\/www.eldiario.net\/portal\/wp-content\/uploads\/2025\/02\/INDUS-FOTO-1.jpg","width":1280,"height":719,"caption":"Representantes del ampliado multisectorial en conferencia de prensa. Foto CAO"},{"@type":"BreadcrumbList","@id":"https:\/\/www.eldiario.net\/portal\/2025\/02\/06\/reunion-de-cadena-productiva-confirma-paro-movilizado-para-el-10-de-febrero\/#breadcrumb","itemListElement":[{"@type":"ListItem","position":1,"name":"Portada","item":"https:\/\/www.eldiario.net\/portal\/"},{"@type":"ListItem","position":2,"name":"Reuni\u00f3n de cadena productiva confirma paro movilizado para el 10 de febrero"}]},{"@type":"WebSite","@id":"https:\/\/www.eldiario.net\/portal\/#website","url":"https:\/\/www.eldiario.net\/portal\/","name":"El Diario - Decano de la prensa nacional","description":"El Diario - Decano de la prensa nacional","publisher":{"@id":"https:\/\/www.eldiario.net\/portal\/#organization"},"potentialAction":[{"@type":"SearchAction","target":{"@type":"EntryPoint","urlTemplate":"https:\/\/www.eldiario.net\/portal\/?s={search_term_string}"},"query-input":{"@type":"PropertyValueSpecification","valueRequired":true,"valueName":"search_term_string"}}],"inLanguage":"es"},{"@type":"Organization","@id":"https:\/\/www.eldiario.net\/portal\/#organization","name":"El Diario - Decano de la prensa nacional","url":"https:\/\/www.eldiario.net\/portal\/","logo":{"@type":"ImageObject","inLanguage":"es","@id":"https:\/\/www.eldiario.net\/portal\/#\/schema\/logo\/image\/","url":"https:\/\/www.eldiario.net\/portal\/wp-content\/uploads\/2023\/07\/logo_ED.jpg","contentUrl":"https:\/\/www.eldiario.net\/portal\/wp-content\/uploads\/2023\/07\/logo_ED.jpg","width":272,"height":52,"caption":"El Diario - Decano de la prensa nacional"},"image":{"@id":"https:\/\/www.eldiario.net\/portal\/#\/schema\/logo\/image\/"},"sameAs":["https:\/\/www.facebook.com\/eldiario.bolivia\/","https:\/\/x.com\/eldiario_net"]},{"@type":"Person","@id":"https:\/\/www.eldiario.net\/portal\/#\/schema\/person\/f46445640444750d7d753ccd04ae01b7","name":"Jeanette","image":{"@type":"ImageObject","inLanguage":"es","@id":"https:\/\/secure.gravatar.com\/avatar\/3ea2118a5f7dad2b7138b1187a6b7ee55f160b9968b66013c3a3ef39dd7e5798?s=96&d=mm&r=g","url":"https:\/\/secure.gravatar.com\/avatar\/3ea2118a5f7dad2b7138b1187a6b7ee55f160b9968b66013c3a3ef39dd7e5798?s=96&d=mm&r=g","contentUrl":"https:\/\/secure.gravatar.com\/avatar\/3ea2118a5f7dad2b7138b1187a6b7ee55f160b9968b66013c3a3ef39dd7e5798?s=96&d=mm&r=g","caption":"Jeanette"},"sameAs":["https:\/\/www.eldiario.net\/portal"],"url":"https:\/\/www.eldiario.net\/portal\/author\/jeanette\/"}]}},"_links":{"self":[{"href":"https:\/\/www.eldiario.net\/portal\/wp-json\/wp\/v2\/posts\/279797","targetHints":{"allow":["GET"]}}],"collection":[{"href":"https:\/\/www.eldiario.net\/portal\/wp-json\/wp\/v2\/posts"}],"about":[{"href":"https:\/\/www.eldiario.net\/portal\/wp-json\/wp\/v2\/types\/post"}],"author":[{"embeddable":true,"href":"https:\/\/www.eldiario.net\/portal\/wp-json\/wp\/v2\/users\/1"}],"replies":[{"embeddable":true,"href":"https:\/\/www.eldiario.net\/portal\/wp-json\/wp\/v2\/comments?post=279797"}],"version-history":[{"count":1,"href":"https:\/\/www.eldiario.net\/portal\/wp-json\/wp\/v2\/posts\/279797\/revisions"}],"predecessor-version":[{"id":279799,"href":"https:\/\/www.eldiario.net\/portal\/wp-json\/wp\/v2\/posts\/279797\/revisions\/279799"}],"wp:featuredmedia":[{"embeddable":true,"href":"https:\/\/www.eldiario.net\/portal\/wp-json\/wp\/v2\/media\/279798"}],"wp:attachment":[{"href":"https:\/\/www.eldiario.net\/portal\/wp-json\/wp\/v2\/media?parent=279797"}],"wp:term":[{"taxonomy":"category","embeddable":true,"href":"https:\/\/www.eldiario.net\/portal\/wp-json\/wp\/v2\/categories?post=279797"},{"taxonomy":"post_tag","embeddable":true,"href":"https:\/\/www.eldiario.net\/portal\/wp-json\/wp\/v2\/tags?post=279797"}],"curies":[{"name":"wp","href":"https:\/\/api.w.org\/{rel}","templated":true}]}}