{"id":279791,"date":"2025-02-06T06:04:43","date_gmt":"2025-02-06T10:04:43","guid":{"rendered":"https:\/\/www.eldiario.net\/portal\/?p=279791"},"modified":"2025-02-06T06:04:43","modified_gmt":"2025-02-06T10:04:43","slug":"proyecto-de-ley-suspende-verificacion-de-funcion-economica-y-social-de-la-tierra","status":"publish","type":"post","link":"https:\/\/www.eldiario.net\/portal\/2025\/02\/06\/proyecto-de-ley-suspende-verificacion-de-funcion-economica-y-social-de-la-tierra\/","title":{"rendered":"Proyecto de ley suspende verificaci\u00f3n  de funci\u00f3n econ\u00f3mica y social de la tierra"},"content":{"rendered":"<p>Un proyecto de ley presentado por senadores de la oposici\u00f3n de Santa Cruz y Beni dispone la suspensi\u00f3n de la verificaci\u00f3n de la funci\u00f3n econ\u00f3mica y social de la tierra \u201cen campo\u201d por siete a\u00f1os y lo reemplaza por un mecanismo de registros pasados. Adem\u00e1s, anula el decreto supremo que sube las multas por incendios.<\/p>\n<p>\u201cLa presente Ley tiene como objetivo la declaraci\u00f3n de pausa para la verificaci\u00f3n en campo de la Funci\u00f3n social (FS) y Funci\u00f3n Econ\u00f3mica Social (FES) en los procedimientos de saneamiento y reversi\u00f3n de la propiedad agraria por el plazo de siete (7) a\u00f1os y el establecimiento de un procedimiento especial de verificaci\u00f3n del cumplimiento de la FS o FES en todo el territorio nacional por las extremas sequ\u00edas e incendios, en resguardo de la seguridad alimentaria del pa\u00eds\u201d, se\u00f1ala el primer art\u00edculo de la propuesta normativa.<\/p>\n<p>El proyecto, que beneficiar\u00eda a los grandes propietarios, pero tambi\u00e9n a las comunidades interculturales, establece la aprobaci\u00f3n de un procedimiento especial de verificaci\u00f3n, sustituyendo el conteo de cabezas de ganado en terreno por el empleo de los dos \u00faltimos registros del Registro \u00danico Nacional de Sanidad Agropecuaria (Runsa).<\/p>\n<p>\u201cSe suspenden las actividades de campo en todos los procedimientos administrativos de la propiedad agraria en todo el territorio nacional afectados por la extrema sequ\u00eda e incendios hasta el establecimiento de las condiciones materiales en el lugar, por el plazo de siete a\u00f1os calendario\u201d, se\u00f1ala el art\u00edculo cuatro.<\/p>\n<p>MULTAS POR INCENDIOS<\/p>\n<p>El documento adem\u00e1s prev\u00e9 la abrogaci\u00f3n del Decreto Supremo 5203, del 21 de agosto de 2024, que aumenta las penas y multas econ\u00f3micas para los infractores de los incendios forestales de un monto de 0,20 USD por hect\u00e1rea a valores que fluct\u00faan entre 70 d\u00f3lares y 365 d\u00f3lares por hect\u00e1rea, seg\u00fan criterios establecidos en UFV.<\/p>\n<p>Y, finalmente, dispone la derogaci\u00f3n de la disposici\u00f3n final primera del Decreto Supremo 5225, que establece que las quemas ilegales y los incendios son contrarios al uso sustentable de la tierra y no constituyen cumplimiento de la FS ni de la FES.<\/p>\n<p>La propuesta normativa fue presentada el 12 de diciembre de 2024 por las senadoras Centa Rek (Creemos, Santa Cruz), Neila Velarde (Comunidad Ciudadana, Beni), Claudia Elena \u00c9g\u00fcez (Creemos, Beni) y el senador Walter Justiniano (Comunidad Ciudadana, Beni).<\/p>\n<p>RECHAZO<\/p>\n<p>La Fundaci\u00f3n Tierra expres\u00f3 su preocupaci\u00f3n por el citado proyecto, lo rechaz\u00f3 y pidi\u00f3 \u201ccancelar o suspender de forma inmediata y p\u00fablica\u201d su tratamiento, porque \u201cpretende instrumentalizar el desastre ambiental a favor de grupos de poder agropecuario, comunidades asentadas en tierras fiscales y avasalladores de tierras\u201d.<\/p>\n<p>Adem\u00e1s, la instituci\u00f3n denunci\u00f3 que existen intenciones de \u201caprovecharse de la tragedia ambiental de los incendios forestales del 2024, por parte de grandes ganaderos y agropecuarios que poseen la tierra sin cumplir la FES, que tienen observaciones en el proceso de saneamiento, o que est\u00e1n implicados en los incendios registrados\u201d.<\/p>\n<p>La Fundaci\u00f3n Tierra indic\u00f3 que este pedido de pausa no es excepcional, como argumenta el proyecto, sino que es una demanda sectorial permanente y de varios a\u00f1os atr\u00e1s por parte de los grandes ganaderos y propietarios de la tierra que buscan anular el principio constitucional de que \u201clas propiedades deber\u00e1n cumplir con la funci\u00f3n social o con la funci\u00f3n econ\u00f3mica social para salvaguardar su derecho\u201d.<\/p>\n<p>\u201cAl intentar establecer una pausa y cambiar el sentido de la verificaci\u00f3n de la FES, el proyecto de ley atenta directamente con el esp\u00edritu de la Reforma Agraria en el pa\u00eds, que establece que el derecho a la propiedad de la tierra supone asumir una serie de obligaciones (cumplir con la FS y la FES) y que el Estado reconocer\u00e1 ese derecho en la medida en que \u00e9stas se cumplan (CPE. Art. 393)\u201d, se\u00f1ala un pronunciamiento de la entidad.<\/p>\n<p>Agrega que \u201cla verificaci\u00f3n de la FES, y la reversi\u00f3n del derecho propietario como consecuencia de su incumplimiento, es posiblemente la \u00fanica herramienta que se tiene actualmente en la normativa agraria para intentar asegurar la equidad en el sistema de tenencia de la tierra en el pa\u00eds\u201d.<\/p>\n<p>Como antecedentes de la postergaci\u00f3n o ampliaci\u00f3n de los plazos de verificaci\u00f3n de la FES, menciona la Ley 740 del 2015, que establec\u00eda un plazo excepcional de cinco a\u00f1os para la verificaci\u00f3n de la FES en procesos de reversi\u00f3n.<\/p>\n<p>Y, sobre la abrogatoria del DS 5203, Tierra indica que \u201cbusca eliminar las multas econ\u00f3micas que sancionan las quemas y los incendios causados por los desmontes ilegales. Este pedido no tiene ninguna relaci\u00f3n t\u00e9cnica ni jur\u00eddica con el proyecto de ley, de modo que se constituye en una demanda insertada de manera subrepticia y de mala fe\u201d.<\/p>\n<p>Mientras que \u201cla derogatoria de la disposici\u00f3n final primera del Decreto Supremo 5225 equivale a un \u2018perdonazo\u2019 para no sancionar a los propietarios que causaron quemas ilegales o que originaron incendios en sus predios. La derogatoria significa que los propietarios causantes del fuego no ser\u00edan sancionados por el incumplimiento de la FES y la FS, seg\u00fan corresponda\u201d. (Sumando Voces)<\/p>\n","protected":false},"excerpt":{"rendered":"<p>Un proyecto de ley presentado por senadores de la oposici\u00f3n de Santa Cruz y Beni dispone la suspensi\u00f3n de la verificaci\u00f3n de la funci\u00f3n econ\u00f3mica y social de la tierra \u201cen campo\u201d por siete a\u00f1os y lo reemplaza por un mecanismo de registros pasados. Adem\u00e1s, anula el decreto supremo que sube las multas por incendios. [&hellip;]<\/p>\n","protected":false},"author":1,"featured_media":279792,"comment_status":"closed","ping_status":"open","sticky":false,"template":"","format":"standard","meta":{"_acf_changed":false,"footnotes":""},"categories":[15],"tags":[],"class_list":["post-279791","post","type-post","status-publish","format-standard","has-post-thumbnail","category-portada"],"acf":{"antetitulo":""},"yoast_head":"<!-- This site is optimized with the Yoast SEO plugin v28.3 - https:\/\/yoast.com\/product\/yoast-seo-wordpress\/ -->\n<title>Proyecto de ley suspende verificaci\u00f3n de funci\u00f3n econ\u00f3mica y social de la tierra - El Diario - Bolivia<\/title>\n<meta name=\"robots\" content=\"index, follow, max-snippet:-1, max-image-preview:large, max-video-preview:-1\" \/>\n<link rel=\"canonical\" href=\"https:\/\/www.eldiario.net\/portal\/2025\/02\/06\/proyecto-de-ley-suspende-verificacion-de-funcion-economica-y-social-de-la-tierra\/\" \/>\n<meta property=\"og:locale\" content=\"es_ES\" \/>\n<meta property=\"og:type\" content=\"article\" \/>\n<meta property=\"og:title\" content=\"Proyecto de ley suspende verificaci\u00f3n de funci\u00f3n econ\u00f3mica y social de la tierra - El Diario - Bolivia\" \/>\n<meta property=\"og:description\" content=\"Un proyecto de ley presentado por senadores de la oposici\u00f3n de Santa Cruz y Beni dispone la suspensi\u00f3n de la verificaci\u00f3n de la funci\u00f3n econ\u00f3mica y social de la tierra \u201cen campo\u201d por siete a\u00f1os y lo reemplaza por un mecanismo de registros pasados. Adem\u00e1s, anula el decreto supremo que sube las multas por incendios. [&hellip;]\" \/>\n<meta property=\"og:url\" content=\"https:\/\/www.eldiario.net\/portal\/2025\/02\/06\/proyecto-de-ley-suspende-verificacion-de-funcion-economica-y-social-de-la-tierra\/\" \/>\n<meta property=\"og:site_name\" content=\"El Diario - Bolivia\" \/>\n<meta property=\"article:publisher\" content=\"https:\/\/www.facebook.com\/eldiario.bolivia\/\" \/>\n<meta property=\"article:published_time\" content=\"2025-02-06T10:04:43+00:00\" \/>\n<meta property=\"og:image\" content=\"https:\/\/www.eldiario.net\/portal\/wp-content\/uploads\/2025\/02\/SUSPENDE-FOTO.jpg\" \/>\n\t<meta property=\"og:image:width\" content=\"720\" \/>\n\t<meta property=\"og:image:height\" content=\"399\" \/>\n\t<meta property=\"og:image:type\" content=\"image\/jpeg\" \/>\n<meta name=\"author\" content=\"Jeanette\" \/>\n<meta name=\"twitter:card\" content=\"summary_large_image\" \/>\n<meta name=\"twitter:creator\" content=\"@eldiario_net\" \/>\n<meta name=\"twitter:site\" content=\"@eldiario_net\" \/>\n<meta name=\"twitter:label1\" content=\"Escrito por\" \/>\n\t<meta name=\"twitter:data1\" content=\"Jeanette\" \/>\n\t<meta name=\"twitter:label2\" content=\"Tiempo de lectura\" \/>\n\t<meta name=\"twitter:data2\" content=\"4 minutos\" \/>\n<script type=\"application\/ld+json\" class=\"yoast-schema-graph\">{\"@context\":\"https:\\\/\\\/schema.org\",\"@graph\":[{\"@type\":\"Article\",\"@id\":\"https:\\\/\\\/www.eldiario.net\\\/portal\\\/2025\\\/02\\\/06\\\/proyecto-de-ley-suspende-verificacion-de-funcion-economica-y-social-de-la-tierra\\\/#article\",\"isPartOf\":{\"@id\":\"https:\\\/\\\/www.eldiario.net\\\/portal\\\/2025\\\/02\\\/06\\\/proyecto-de-ley-suspende-verificacion-de-funcion-economica-y-social-de-la-tierra\\\/\"},\"author\":{\"name\":\"Jeanette\",\"@id\":\"https:\\\/\\\/www.eldiario.net\\\/portal\\\/#\\\/schema\\\/person\\\/f46445640444750d7d753ccd04ae01b7\"},\"headline\":\"Proyecto de ley suspende verificaci\u00f3n de funci\u00f3n econ\u00f3mica y social de la tierra\",\"datePublished\":\"2025-02-06T10:04:43+00:00\",\"mainEntityOfPage\":{\"@id\":\"https:\\\/\\\/www.eldiario.net\\\/portal\\\/2025\\\/02\\\/06\\\/proyecto-de-ley-suspende-verificacion-de-funcion-economica-y-social-de-la-tierra\\\/\"},\"wordCount\":890,\"publisher\":{\"@id\":\"https:\\\/\\\/www.eldiario.net\\\/portal\\\/#organization\"},\"image\":{\"@id\":\"https:\\\/\\\/www.eldiario.net\\\/portal\\\/2025\\\/02\\\/06\\\/proyecto-de-ley-suspende-verificacion-de-funcion-economica-y-social-de-la-tierra\\\/#primaryimage\"},\"thumbnailUrl\":\"https:\\\/\\\/www.eldiario.net\\\/portal\\\/wp-content\\\/uploads\\\/2025\\\/02\\\/SUSPENDE-FOTO.jpg\",\"articleSection\":[\"Portada\"],\"inLanguage\":\"es\"},{\"@type\":\"WebPage\",\"@id\":\"https:\\\/\\\/www.eldiario.net\\\/portal\\\/2025\\\/02\\\/06\\\/proyecto-de-ley-suspende-verificacion-de-funcion-economica-y-social-de-la-tierra\\\/\",\"url\":\"https:\\\/\\\/www.eldiario.net\\\/portal\\\/2025\\\/02\\\/06\\\/proyecto-de-ley-suspende-verificacion-de-funcion-economica-y-social-de-la-tierra\\\/\",\"name\":\"Proyecto de ley suspende verificaci\u00f3n de funci\u00f3n econ\u00f3mica y social de la tierra - El Diario - Bolivia\",\"isPartOf\":{\"@id\":\"https:\\\/\\\/www.eldiario.net\\\/portal\\\/#website\"},\"primaryImageOfPage\":{\"@id\":\"https:\\\/\\\/www.eldiario.net\\\/portal\\\/2025\\\/02\\\/06\\\/proyecto-de-ley-suspende-verificacion-de-funcion-economica-y-social-de-la-tierra\\\/#primaryimage\"},\"image\":{\"@id\":\"https:\\\/\\\/www.eldiario.net\\\/portal\\\/2025\\\/02\\\/06\\\/proyecto-de-ley-suspende-verificacion-de-funcion-economica-y-social-de-la-tierra\\\/#primaryimage\"},\"thumbnailUrl\":\"https:\\\/\\\/www.eldiario.net\\\/portal\\\/wp-content\\\/uploads\\\/2025\\\/02\\\/SUSPENDE-FOTO.jpg\",\"datePublished\":\"2025-02-06T10:04:43+00:00\",\"breadcrumb\":{\"@id\":\"https:\\\/\\\/www.eldiario.net\\\/portal\\\/2025\\\/02\\\/06\\\/proyecto-de-ley-suspende-verificacion-de-funcion-economica-y-social-de-la-tierra\\\/#breadcrumb\"},\"inLanguage\":\"es\",\"potentialAction\":[{\"@type\":\"ReadAction\",\"target\":[\"https:\\\/\\\/www.eldiario.net\\\/portal\\\/2025\\\/02\\\/06\\\/proyecto-de-ley-suspende-verificacion-de-funcion-economica-y-social-de-la-tierra\\\/\"]}]},{\"@type\":\"ImageObject\",\"inLanguage\":\"es\",\"@id\":\"https:\\\/\\\/www.eldiario.net\\\/portal\\\/2025\\\/02\\\/06\\\/proyecto-de-ley-suspende-verificacion-de-funcion-economica-y-social-de-la-tierra\\\/#primaryimage\",\"url\":\"https:\\\/\\\/www.eldiario.net\\\/portal\\\/wp-content\\\/uploads\\\/2025\\\/02\\\/SUSPENDE-FOTO.jpg\",\"contentUrl\":\"https:\\\/\\\/www.eldiario.net\\\/portal\\\/wp-content\\\/uploads\\\/2025\\\/02\\\/SUSPENDE-FOTO.jpg\",\"width\":720,\"height\":399,\"caption\":\"Ganado en una propiedad del oriente. Foto: Fundaci\u00f3n Tierra-Sumando Voces\"},{\"@type\":\"BreadcrumbList\",\"@id\":\"https:\\\/\\\/www.eldiario.net\\\/portal\\\/2025\\\/02\\\/06\\\/proyecto-de-ley-suspende-verificacion-de-funcion-economica-y-social-de-la-tierra\\\/#breadcrumb\",\"itemListElement\":[{\"@type\":\"ListItem\",\"position\":1,\"name\":\"Portada\",\"item\":\"https:\\\/\\\/www.eldiario.net\\\/portal\\\/\"},{\"@type\":\"ListItem\",\"position\":2,\"name\":\"Proyecto de ley suspende verificaci\u00f3n de funci\u00f3n econ\u00f3mica y social de la tierra\"}]},{\"@type\":\"WebSite\",\"@id\":\"https:\\\/\\\/www.eldiario.net\\\/portal\\\/#website\",\"url\":\"https:\\\/\\\/www.eldiario.net\\\/portal\\\/\",\"name\":\"El Diario - Decano de la prensa nacional\",\"description\":\"El Diario - Decano de la prensa nacional\",\"publisher\":{\"@id\":\"https:\\\/\\\/www.eldiario.net\\\/portal\\\/#organization\"},\"potentialAction\":[{\"@type\":\"SearchAction\",\"target\":{\"@type\":\"EntryPoint\",\"urlTemplate\":\"https:\\\/\\\/www.eldiario.net\\\/portal\\\/?s={search_term_string}\"},\"query-input\":{\"@type\":\"PropertyValueSpecification\",\"valueRequired\":true,\"valueName\":\"search_term_string\"}}],\"inLanguage\":\"es\"},{\"@type\":\"Organization\",\"@id\":\"https:\\\/\\\/www.eldiario.net\\\/portal\\\/#organization\",\"name\":\"El Diario - Decano de la prensa nacional\",\"url\":\"https:\\\/\\\/www.eldiario.net\\\/portal\\\/\",\"logo\":{\"@type\":\"ImageObject\",\"inLanguage\":\"es\",\"@id\":\"https:\\\/\\\/www.eldiario.net\\\/portal\\\/#\\\/schema\\\/logo\\\/image\\\/\",\"url\":\"https:\\\/\\\/www.eldiario.net\\\/portal\\\/wp-content\\\/uploads\\\/2023\\\/07\\\/logo_ED.jpg\",\"contentUrl\":\"https:\\\/\\\/www.eldiario.net\\\/portal\\\/wp-content\\\/uploads\\\/2023\\\/07\\\/logo_ED.jpg\",\"width\":272,\"height\":52,\"caption\":\"El Diario - Decano de la prensa nacional\"},\"image\":{\"@id\":\"https:\\\/\\\/www.eldiario.net\\\/portal\\\/#\\\/schema\\\/logo\\\/image\\\/\"},\"sameAs\":[\"https:\\\/\\\/www.facebook.com\\\/eldiario.bolivia\\\/\",\"https:\\\/\\\/x.com\\\/eldiario_net\"]},{\"@type\":\"Person\",\"@id\":\"https:\\\/\\\/www.eldiario.net\\\/portal\\\/#\\\/schema\\\/person\\\/f46445640444750d7d753ccd04ae01b7\",\"name\":\"Jeanette\",\"image\":{\"@type\":\"ImageObject\",\"inLanguage\":\"es\",\"@id\":\"https:\\\/\\\/secure.gravatar.com\\\/avatar\\\/3ea2118a5f7dad2b7138b1187a6b7ee55f160b9968b66013c3a3ef39dd7e5798?s=96&d=mm&r=g\",\"url\":\"https:\\\/\\\/secure.gravatar.com\\\/avatar\\\/3ea2118a5f7dad2b7138b1187a6b7ee55f160b9968b66013c3a3ef39dd7e5798?s=96&d=mm&r=g\",\"contentUrl\":\"https:\\\/\\\/secure.gravatar.com\\\/avatar\\\/3ea2118a5f7dad2b7138b1187a6b7ee55f160b9968b66013c3a3ef39dd7e5798?s=96&d=mm&r=g\",\"caption\":\"Jeanette\"},\"sameAs\":[\"https:\\\/\\\/www.eldiario.net\\\/portal\"],\"url\":\"https:\\\/\\\/www.eldiario.net\\\/portal\\\/author\\\/jeanette\\\/\"}]}<\/script>\n<!-- \/ Yoast SEO plugin. -->","yoast_head_json":{"title":"Proyecto de ley suspende verificaci\u00f3n de funci\u00f3n econ\u00f3mica y social de la tierra - El Diario - Bolivia","robots":{"index":"index","follow":"follow","max-snippet":"max-snippet:-1","max-image-preview":"max-image-preview:large","max-video-preview":"max-video-preview:-1"},"canonical":"https:\/\/www.eldiario.net\/portal\/2025\/02\/06\/proyecto-de-ley-suspende-verificacion-de-funcion-economica-y-social-de-la-tierra\/","og_locale":"es_ES","og_type":"article","og_title":"Proyecto de ley suspende verificaci\u00f3n de funci\u00f3n econ\u00f3mica y social de la tierra - El Diario - Bolivia","og_description":"Un proyecto de ley presentado por senadores de la oposici\u00f3n de Santa Cruz y Beni dispone la suspensi\u00f3n de la verificaci\u00f3n de la funci\u00f3n econ\u00f3mica y social de la tierra \u201cen campo\u201d por siete a\u00f1os y lo reemplaza por un mecanismo de registros pasados. Adem\u00e1s, anula el decreto supremo que sube las multas por incendios. [&hellip;]","og_url":"https:\/\/www.eldiario.net\/portal\/2025\/02\/06\/proyecto-de-ley-suspende-verificacion-de-funcion-economica-y-social-de-la-tierra\/","og_site_name":"El Diario - Bolivia","article_publisher":"https:\/\/www.facebook.com\/eldiario.bolivia\/","article_published_time":"2025-02-06T10:04:43+00:00","og_image":[{"width":720,"height":399,"url":"https:\/\/www.eldiario.net\/portal\/wp-content\/uploads\/2025\/02\/SUSPENDE-FOTO.jpg","type":"image\/jpeg"}],"author":"Jeanette","twitter_card":"summary_large_image","twitter_creator":"@eldiario_net","twitter_site":"@eldiario_net","twitter_misc":{"Escrito por":"Jeanette","Tiempo de lectura":"4 minutos"},"schema":{"@context":"https:\/\/schema.org","@graph":[{"@type":"Article","@id":"https:\/\/www.eldiario.net\/portal\/2025\/02\/06\/proyecto-de-ley-suspende-verificacion-de-funcion-economica-y-social-de-la-tierra\/#article","isPartOf":{"@id":"https:\/\/www.eldiario.net\/portal\/2025\/02\/06\/proyecto-de-ley-suspende-verificacion-de-funcion-economica-y-social-de-la-tierra\/"},"author":{"name":"Jeanette","@id":"https:\/\/www.eldiario.net\/portal\/#\/schema\/person\/f46445640444750d7d753ccd04ae01b7"},"headline":"Proyecto de ley suspende verificaci\u00f3n de funci\u00f3n econ\u00f3mica y social de la tierra","datePublished":"2025-02-06T10:04:43+00:00","mainEntityOfPage":{"@id":"https:\/\/www.eldiario.net\/portal\/2025\/02\/06\/proyecto-de-ley-suspende-verificacion-de-funcion-economica-y-social-de-la-tierra\/"},"wordCount":890,"publisher":{"@id":"https:\/\/www.eldiario.net\/portal\/#organization"},"image":{"@id":"https:\/\/www.eldiario.net\/portal\/2025\/02\/06\/proyecto-de-ley-suspende-verificacion-de-funcion-economica-y-social-de-la-tierra\/#primaryimage"},"thumbnailUrl":"https:\/\/www.eldiario.net\/portal\/wp-content\/uploads\/2025\/02\/SUSPENDE-FOTO.jpg","articleSection":["Portada"],"inLanguage":"es"},{"@type":"WebPage","@id":"https:\/\/www.eldiario.net\/portal\/2025\/02\/06\/proyecto-de-ley-suspende-verificacion-de-funcion-economica-y-social-de-la-tierra\/","url":"https:\/\/www.eldiario.net\/portal\/2025\/02\/06\/proyecto-de-ley-suspende-verificacion-de-funcion-economica-y-social-de-la-tierra\/","name":"Proyecto de ley suspende verificaci\u00f3n de funci\u00f3n econ\u00f3mica y social de la tierra - El Diario - Bolivia","isPartOf":{"@id":"https:\/\/www.eldiario.net\/portal\/#website"},"primaryImageOfPage":{"@id":"https:\/\/www.eldiario.net\/portal\/2025\/02\/06\/proyecto-de-ley-suspende-verificacion-de-funcion-economica-y-social-de-la-tierra\/#primaryimage"},"image":{"@id":"https:\/\/www.eldiario.net\/portal\/2025\/02\/06\/proyecto-de-ley-suspende-verificacion-de-funcion-economica-y-social-de-la-tierra\/#primaryimage"},"thumbnailUrl":"https:\/\/www.eldiario.net\/portal\/wp-content\/uploads\/2025\/02\/SUSPENDE-FOTO.jpg","datePublished":"2025-02-06T10:04:43+00:00","breadcrumb":{"@id":"https:\/\/www.eldiario.net\/portal\/2025\/02\/06\/proyecto-de-ley-suspende-verificacion-de-funcion-economica-y-social-de-la-tierra\/#breadcrumb"},"inLanguage":"es","potentialAction":[{"@type":"ReadAction","target":["https:\/\/www.eldiario.net\/portal\/2025\/02\/06\/proyecto-de-ley-suspende-verificacion-de-funcion-economica-y-social-de-la-tierra\/"]}]},{"@type":"ImageObject","inLanguage":"es","@id":"https:\/\/www.eldiario.net\/portal\/2025\/02\/06\/proyecto-de-ley-suspende-verificacion-de-funcion-economica-y-social-de-la-tierra\/#primaryimage","url":"https:\/\/www.eldiario.net\/portal\/wp-content\/uploads\/2025\/02\/SUSPENDE-FOTO.jpg","contentUrl":"https:\/\/www.eldiario.net\/portal\/wp-content\/uploads\/2025\/02\/SUSPENDE-FOTO.jpg","width":720,"height":399,"caption":"Ganado en una propiedad del oriente. Foto: Fundaci\u00f3n Tierra-Sumando Voces"},{"@type":"BreadcrumbList","@id":"https:\/\/www.eldiario.net\/portal\/2025\/02\/06\/proyecto-de-ley-suspende-verificacion-de-funcion-economica-y-social-de-la-tierra\/#breadcrumb","itemListElement":[{"@type":"ListItem","position":1,"name":"Portada","item":"https:\/\/www.eldiario.net\/portal\/"},{"@type":"ListItem","position":2,"name":"Proyecto de ley suspende verificaci\u00f3n de funci\u00f3n econ\u00f3mica y social de la tierra"}]},{"@type":"WebSite","@id":"https:\/\/www.eldiario.net\/portal\/#website","url":"https:\/\/www.eldiario.net\/portal\/","name":"El Diario - Decano de la prensa nacional","description":"El Diario - Decano de la prensa nacional","publisher":{"@id":"https:\/\/www.eldiario.net\/portal\/#organization"},"potentialAction":[{"@type":"SearchAction","target":{"@type":"EntryPoint","urlTemplate":"https:\/\/www.eldiario.net\/portal\/?s={search_term_string}"},"query-input":{"@type":"PropertyValueSpecification","valueRequired":true,"valueName":"search_term_string"}}],"inLanguage":"es"},{"@type":"Organization","@id":"https:\/\/www.eldiario.net\/portal\/#organization","name":"El Diario - Decano de la prensa nacional","url":"https:\/\/www.eldiario.net\/portal\/","logo":{"@type":"ImageObject","inLanguage":"es","@id":"https:\/\/www.eldiario.net\/portal\/#\/schema\/logo\/image\/","url":"https:\/\/www.eldiario.net\/portal\/wp-content\/uploads\/2023\/07\/logo_ED.jpg","contentUrl":"https:\/\/www.eldiario.net\/portal\/wp-content\/uploads\/2023\/07\/logo_ED.jpg","width":272,"height":52,"caption":"El Diario - Decano de la prensa nacional"},"image":{"@id":"https:\/\/www.eldiario.net\/portal\/#\/schema\/logo\/image\/"},"sameAs":["https:\/\/www.facebook.com\/eldiario.bolivia\/","https:\/\/x.com\/eldiario_net"]},{"@type":"Person","@id":"https:\/\/www.eldiario.net\/portal\/#\/schema\/person\/f46445640444750d7d753ccd04ae01b7","name":"Jeanette","image":{"@type":"ImageObject","inLanguage":"es","@id":"https:\/\/secure.gravatar.com\/avatar\/3ea2118a5f7dad2b7138b1187a6b7ee55f160b9968b66013c3a3ef39dd7e5798?s=96&d=mm&r=g","url":"https:\/\/secure.gravatar.com\/avatar\/3ea2118a5f7dad2b7138b1187a6b7ee55f160b9968b66013c3a3ef39dd7e5798?s=96&d=mm&r=g","contentUrl":"https:\/\/secure.gravatar.com\/avatar\/3ea2118a5f7dad2b7138b1187a6b7ee55f160b9968b66013c3a3ef39dd7e5798?s=96&d=mm&r=g","caption":"Jeanette"},"sameAs":["https:\/\/www.eldiario.net\/portal"],"url":"https:\/\/www.eldiario.net\/portal\/author\/jeanette\/"}]}},"_links":{"self":[{"href":"https:\/\/www.eldiario.net\/portal\/wp-json\/wp\/v2\/posts\/279791","targetHints":{"allow":["GET"]}}],"collection":[{"href":"https:\/\/www.eldiario.net\/portal\/wp-json\/wp\/v2\/posts"}],"about":[{"href":"https:\/\/www.eldiario.net\/portal\/wp-json\/wp\/v2\/types\/post"}],"author":[{"embeddable":true,"href":"https:\/\/www.eldiario.net\/portal\/wp-json\/wp\/v2\/users\/1"}],"replies":[{"embeddable":true,"href":"https:\/\/www.eldiario.net\/portal\/wp-json\/wp\/v2\/comments?post=279791"}],"version-history":[{"count":1,"href":"https:\/\/www.eldiario.net\/portal\/wp-json\/wp\/v2\/posts\/279791\/revisions"}],"predecessor-version":[{"id":279793,"href":"https:\/\/www.eldiario.net\/portal\/wp-json\/wp\/v2\/posts\/279791\/revisions\/279793"}],"wp:featuredmedia":[{"embeddable":true,"href":"https:\/\/www.eldiario.net\/portal\/wp-json\/wp\/v2\/media\/279792"}],"wp:attachment":[{"href":"https:\/\/www.eldiario.net\/portal\/wp-json\/wp\/v2\/media?parent=279791"}],"wp:term":[{"taxonomy":"category","embeddable":true,"href":"https:\/\/www.eldiario.net\/portal\/wp-json\/wp\/v2\/categories?post=279791"},{"taxonomy":"post_tag","embeddable":true,"href":"https:\/\/www.eldiario.net\/portal\/wp-json\/wp\/v2\/tags?post=279791"}],"curies":[{"name":"wp","href":"https:\/\/api.w.org\/{rel}","templated":true}]}}