{"id":278877,"date":"2025-02-02T07:27:59","date_gmt":"2025-02-02T11:27:59","guid":{"rendered":"https:\/\/www.eldiario.net\/portal\/?p=278877"},"modified":"2025-02-02T07:27:59","modified_gmt":"2025-02-02T11:27:59","slug":"aislada-del-mundo","status":"publish","type":"post","link":"https:\/\/www.eldiario.net\/portal\/2025\/02\/02\/aislada-del-mundo\/","title":{"rendered":"Aislada del mundo\u2026"},"content":{"rendered":"<p>La situaci\u00f3n actual de Bolivia \u2014con una aerol\u00ednea estatal que tiene el monopolio a\u00e9reo y que cada vez presenta m\u00e1s problemas, con un internet que est\u00e1 entre los m\u00e1s lentos del continente y con una situaci\u00f3n econ\u00f3mica que, entre otras cosas, no permite realizar pagos por internet de m\u00e1s de aproximadamente 30 o 40 d\u00f3lares por semana ni retirar d\u00f3lares de las entidades bancarias\u2014 es muy similar a aquella de siglos pasados, cuando Bolivia, a diferencia de sus vecinos como Argentina, Brasil o Chile, viv\u00eda desconectada del mundo y ajena al progreso debido a las luchas internas entre caudillos inescrupulosos. Y es que ese su aislamiento no se deb\u00eda tanto a las condiciones dif\u00edciles que la geograf\u00eda le hab\u00eda impuesto cuanto a la falta de visi\u00f3n y preparaci\u00f3n de la mayor parte de sus gobernantes. Para darnos cuenta de que incluso en situaciones adversas, con gente preparada y honesta, se puede salir adelante, hay que ver la historia de pa\u00edses que, contando con geograf\u00edas dif\u00edciles, ahora son pr\u00f3speros y construyeron apreciables democracias que, al d\u00eda de hoy, son referentes regionales. Para no ir lejos, ese fue el caso de la vecina Rep\u00fablica de Chile.<br \/>\nAunque parezca incre\u00edble, en este mundo interconectado por el internet y los modernos medios de transporte (como el jet o los trenes de alta velocidad), todav\u00eda puede haber pa\u00edses desconectados de muchos aspectos del carro de la modernidad. Hace poco, por ejemplo, se supo que Bolivia tiene un internet m\u00e1s lento que el de Venezuela. En este sentido, uno puede preguntarse \u2014y con toda raz\u00f3n\u2014 si se justific\u00f3 la compra del sat\u00e9lite T\u00fapac Katari por parte del gobierno de Evo Morales, sat\u00e9lite que en diciembre de 2013 los chinos pusieron en \u00f3rbita y que cost\u00f3 a los bolivianos 300 millones de d\u00f3lares. Uno puede preguntarse tambi\u00e9n por qu\u00e9 Bolivia no cuenta con la se\u00f1al de Starlink y concluir con facilidad que eso se debe a que existen reparos ideol\u00f3gicos \u2014irracionales, claro est\u00e1\u2014 que hacen que un gobierno izquierdista como el de Bolivia no acepte los servicios de un multimillonario como es, en este caso, el sudafricano Elon Musk. En esto, Bolivia forma parte de un reducido grupo de pa\u00edses \u2014en el que est\u00e1n Rusia, Ir\u00e1n, Venezuela o Corea del Norte\u2014 que, con el pretexto de resistir a la cultura occidental, se niegan a abrirse a ciertos beneficios para la gente, como aquel de Starlink.<br \/>\nPor otro lado, volar en los aviones del Estado se ha vuelto otro problema, pues desde hace algunos a\u00f1os los vuelos de BoA salen demorados y con frecuencia las maletas de los pasajeros se extrav\u00edan; por si eso fuera poco, hace unos d\u00edas la turbina de uno de los aviones se incendi\u00f3, poniendo en riesgo la integridad f\u00edsica y aun la vida de 137 pasajeros y 7 tripulantes\u2026 La verdad es que aquella empresa estatal \u2014como muchas otras\u2014 est\u00e1 desde hace varios a\u00f1os en una franca decadencia, y dado que no existen otras aerol\u00edneas disponibles, los viajeros no tienen otra posibilidad m\u00e1s que viajar en aquellas inseguras aeronaves\u2026 siempre con el Jes\u00fas en la boca. Con esto se demuestra una vez m\u00e1s que el Estado no es un buen administrador de empresas y que la falta de competencia fomenta la mediocridad.<br \/>\nTodo esto ha colocado a Bolivia en una situaci\u00f3n de aislamiento frente al mundo. Es, pues, la soledad de los pa\u00edses \u2014en realidad, de los gobiernos\u2014 que deciden anteponer prejuicios ideol\u00f3gicos a los beneficios de la modernidad, los cuales, qui\u00e9rase o no, ya forman parte de una cultura universal.<\/p>\n","protected":false},"excerpt":{"rendered":"<p>La situaci\u00f3n actual de Bolivia \u2014con una aerol\u00ednea estatal que tiene el monopolio a\u00e9reo y que cada vez presenta m\u00e1s problemas, con un internet que est\u00e1 entre los m\u00e1s lentos del continente y con una situaci\u00f3n econ\u00f3mica que, entre otras cosas, no permite realizar pagos por internet de m\u00e1s de aproximadamente 30 o 40 d\u00f3lares [&hellip;]<\/p>\n","protected":false},"author":1,"featured_media":194776,"comment_status":"closed","ping_status":"open","sticky":false,"template":"","format":"standard","meta":{"_acf_changed":false,"footnotes":""},"categories":[4],"tags":[],"class_list":["post-278877","post","type-post","status-publish","format-standard","has-post-thumbnail","category-editorial"],"acf":{"antetitulo":""},"yoast_head":"<!-- This site is optimized with the Yoast SEO plugin v28.4 - https:\/\/yoast.com\/product\/yoast-seo-wordpress\/ -->\n<title>Aislada del mundo\u2026 - El Diario - Bolivia<\/title>\n<meta name=\"robots\" content=\"index, follow, max-snippet:-1, max-image-preview:large, max-video-preview:-1\" \/>\n<link rel=\"canonical\" href=\"https:\/\/www.eldiario.net\/portal\/2025\/02\/02\/aislada-del-mundo\/\" \/>\n<meta property=\"og:locale\" content=\"es_ES\" \/>\n<meta property=\"og:type\" content=\"article\" \/>\n<meta property=\"og:title\" content=\"Aislada del mundo\u2026 - El Diario - Bolivia\" \/>\n<meta property=\"og:description\" content=\"La situaci\u00f3n actual de Bolivia \u2014con una aerol\u00ednea estatal que tiene el monopolio a\u00e9reo y que cada vez presenta m\u00e1s problemas, con un internet que est\u00e1 entre los m\u00e1s lentos del continente y con una situaci\u00f3n econ\u00f3mica que, entre otras cosas, no permite realizar pagos por internet de m\u00e1s de aproximadamente 30 o 40 d\u00f3lares [&hellip;]\" \/>\n<meta property=\"og:url\" content=\"https:\/\/www.eldiario.net\/portal\/2025\/02\/02\/aislada-del-mundo\/\" \/>\n<meta property=\"og:site_name\" content=\"El Diario - Bolivia\" \/>\n<meta property=\"article:publisher\" content=\"https:\/\/www.facebook.com\/eldiario.bolivia\/\" \/>\n<meta property=\"article:published_time\" content=\"2025-02-02T11:27:59+00:00\" \/>\n<meta property=\"og:image\" content=\"https:\/\/www.eldiario.net\/portal\/wp-content\/uploads\/2023\/12\/Editorial.jpg\" \/>\n\t<meta property=\"og:image:width\" content=\"800\" \/>\n\t<meta property=\"og:image:height\" content=\"500\" \/>\n\t<meta property=\"og:image:type\" content=\"image\/jpeg\" \/>\n<meta name=\"author\" content=\"Jeanette\" \/>\n<meta name=\"twitter:card\" content=\"summary_large_image\" \/>\n<meta name=\"twitter:creator\" content=\"@eldiario_net\" \/>\n<meta name=\"twitter:site\" content=\"@eldiario_net\" \/>\n<meta name=\"twitter:label1\" content=\"Escrito por\" \/>\n\t<meta name=\"twitter:data1\" content=\"Jeanette\" \/>\n\t<meta name=\"twitter:label2\" content=\"Tiempo de lectura\" \/>\n\t<meta name=\"twitter:data2\" content=\"3 minutos\" \/>\n<script type=\"application\/ld+json\" class=\"yoast-schema-graph\">{\"@context\":\"https:\\\/\\\/schema.org\",\"@graph\":[{\"@type\":\"Article\",\"@id\":\"https:\\\/\\\/www.eldiario.net\\\/portal\\\/2025\\\/02\\\/02\\\/aislada-del-mundo\\\/#article\",\"isPartOf\":{\"@id\":\"https:\\\/\\\/www.eldiario.net\\\/portal\\\/2025\\\/02\\\/02\\\/aislada-del-mundo\\\/\"},\"author\":{\"name\":\"Jeanette\",\"@id\":\"https:\\\/\\\/www.eldiario.net\\\/portal\\\/#\\\/schema\\\/person\\\/f46445640444750d7d753ccd04ae01b7\"},\"headline\":\"Aislada del mundo\u2026\",\"datePublished\":\"2025-02-02T11:27:59+00:00\",\"mainEntityOfPage\":{\"@id\":\"https:\\\/\\\/www.eldiario.net\\\/portal\\\/2025\\\/02\\\/02\\\/aislada-del-mundo\\\/\"},\"wordCount\":636,\"publisher\":{\"@id\":\"https:\\\/\\\/www.eldiario.net\\\/portal\\\/#organization\"},\"image\":{\"@id\":\"https:\\\/\\\/www.eldiario.net\\\/portal\\\/2025\\\/02\\\/02\\\/aislada-del-mundo\\\/#primaryimage\"},\"thumbnailUrl\":\"https:\\\/\\\/www.eldiario.net\\\/portal\\\/wp-content\\\/uploads\\\/2023\\\/12\\\/Editorial.jpg\",\"articleSection\":[\"Editorial\"],\"inLanguage\":\"es\"},{\"@type\":\"WebPage\",\"@id\":\"https:\\\/\\\/www.eldiario.net\\\/portal\\\/2025\\\/02\\\/02\\\/aislada-del-mundo\\\/\",\"url\":\"https:\\\/\\\/www.eldiario.net\\\/portal\\\/2025\\\/02\\\/02\\\/aislada-del-mundo\\\/\",\"name\":\"Aislada del mundo\u2026 - El Diario - Bolivia\",\"isPartOf\":{\"@id\":\"https:\\\/\\\/www.eldiario.net\\\/portal\\\/#website\"},\"primaryImageOfPage\":{\"@id\":\"https:\\\/\\\/www.eldiario.net\\\/portal\\\/2025\\\/02\\\/02\\\/aislada-del-mundo\\\/#primaryimage\"},\"image\":{\"@id\":\"https:\\\/\\\/www.eldiario.net\\\/portal\\\/2025\\\/02\\\/02\\\/aislada-del-mundo\\\/#primaryimage\"},\"thumbnailUrl\":\"https:\\\/\\\/www.eldiario.net\\\/portal\\\/wp-content\\\/uploads\\\/2023\\\/12\\\/Editorial.jpg\",\"datePublished\":\"2025-02-02T11:27:59+00:00\",\"breadcrumb\":{\"@id\":\"https:\\\/\\\/www.eldiario.net\\\/portal\\\/2025\\\/02\\\/02\\\/aislada-del-mundo\\\/#breadcrumb\"},\"inLanguage\":\"es\",\"potentialAction\":[{\"@type\":\"ReadAction\",\"target\":[\"https:\\\/\\\/www.eldiario.net\\\/portal\\\/2025\\\/02\\\/02\\\/aislada-del-mundo\\\/\"]}]},{\"@type\":\"ImageObject\",\"inLanguage\":\"es\",\"@id\":\"https:\\\/\\\/www.eldiario.net\\\/portal\\\/2025\\\/02\\\/02\\\/aislada-del-mundo\\\/#primaryimage\",\"url\":\"https:\\\/\\\/www.eldiario.net\\\/portal\\\/wp-content\\\/uploads\\\/2023\\\/12\\\/Editorial.jpg\",\"contentUrl\":\"https:\\\/\\\/www.eldiario.net\\\/portal\\\/wp-content\\\/uploads\\\/2023\\\/12\\\/Editorial.jpg\",\"width\":800,\"height\":500},{\"@type\":\"BreadcrumbList\",\"@id\":\"https:\\\/\\\/www.eldiario.net\\\/portal\\\/2025\\\/02\\\/02\\\/aislada-del-mundo\\\/#breadcrumb\",\"itemListElement\":[{\"@type\":\"ListItem\",\"position\":1,\"name\":\"Portada\",\"item\":\"https:\\\/\\\/www.eldiario.net\\\/portal\\\/\"},{\"@type\":\"ListItem\",\"position\":2,\"name\":\"Aislada del mundo\u2026\"}]},{\"@type\":\"WebSite\",\"@id\":\"https:\\\/\\\/www.eldiario.net\\\/portal\\\/#website\",\"url\":\"https:\\\/\\\/www.eldiario.net\\\/portal\\\/\",\"name\":\"El Diario - Decano de la prensa nacional\",\"description\":\"El Diario - Decano de la prensa nacional\",\"publisher\":{\"@id\":\"https:\\\/\\\/www.eldiario.net\\\/portal\\\/#organization\"},\"potentialAction\":[{\"@type\":\"SearchAction\",\"target\":{\"@type\":\"EntryPoint\",\"urlTemplate\":\"https:\\\/\\\/www.eldiario.net\\\/portal\\\/?s={search_term_string}\"},\"query-input\":{\"@type\":\"PropertyValueSpecification\",\"valueRequired\":true,\"valueName\":\"search_term_string\"}}],\"inLanguage\":\"es\"},{\"@type\":\"Organization\",\"@id\":\"https:\\\/\\\/www.eldiario.net\\\/portal\\\/#organization\",\"name\":\"El Diario - Decano de la prensa nacional\",\"url\":\"https:\\\/\\\/www.eldiario.net\\\/portal\\\/\",\"logo\":{\"@type\":\"ImageObject\",\"inLanguage\":\"es\",\"@id\":\"https:\\\/\\\/www.eldiario.net\\\/portal\\\/#\\\/schema\\\/logo\\\/image\\\/\",\"url\":\"https:\\\/\\\/www.eldiario.net\\\/portal\\\/wp-content\\\/uploads\\\/2023\\\/07\\\/logo_ED.jpg\",\"contentUrl\":\"https:\\\/\\\/www.eldiario.net\\\/portal\\\/wp-content\\\/uploads\\\/2023\\\/07\\\/logo_ED.jpg\",\"width\":272,\"height\":52,\"caption\":\"El Diario - Decano de la prensa nacional\"},\"image\":{\"@id\":\"https:\\\/\\\/www.eldiario.net\\\/portal\\\/#\\\/schema\\\/logo\\\/image\\\/\"},\"sameAs\":[\"https:\\\/\\\/www.facebook.com\\\/eldiario.bolivia\\\/\",\"https:\\\/\\\/x.com\\\/eldiario_net\"]},{\"@type\":\"Person\",\"@id\":\"https:\\\/\\\/www.eldiario.net\\\/portal\\\/#\\\/schema\\\/person\\\/f46445640444750d7d753ccd04ae01b7\",\"name\":\"Jeanette\",\"image\":{\"@type\":\"ImageObject\",\"inLanguage\":\"es\",\"@id\":\"https:\\\/\\\/secure.gravatar.com\\\/avatar\\\/3ea2118a5f7dad2b7138b1187a6b7ee55f160b9968b66013c3a3ef39dd7e5798?s=96&d=mm&r=g\",\"url\":\"https:\\\/\\\/secure.gravatar.com\\\/avatar\\\/3ea2118a5f7dad2b7138b1187a6b7ee55f160b9968b66013c3a3ef39dd7e5798?s=96&d=mm&r=g\",\"contentUrl\":\"https:\\\/\\\/secure.gravatar.com\\\/avatar\\\/3ea2118a5f7dad2b7138b1187a6b7ee55f160b9968b66013c3a3ef39dd7e5798?s=96&d=mm&r=g\",\"caption\":\"Jeanette\"},\"sameAs\":[\"https:\\\/\\\/www.eldiario.net\\\/portal\"],\"url\":\"https:\\\/\\\/www.eldiario.net\\\/portal\\\/author\\\/jeanette\\\/\"}]}<\/script>\n<!-- \/ Yoast SEO plugin. -->","yoast_head_json":{"title":"Aislada del mundo\u2026 - El Diario - Bolivia","robots":{"index":"index","follow":"follow","max-snippet":"max-snippet:-1","max-image-preview":"max-image-preview:large","max-video-preview":"max-video-preview:-1"},"canonical":"https:\/\/www.eldiario.net\/portal\/2025\/02\/02\/aislada-del-mundo\/","og_locale":"es_ES","og_type":"article","og_title":"Aislada del mundo\u2026 - El Diario - Bolivia","og_description":"La situaci\u00f3n actual de Bolivia \u2014con una aerol\u00ednea estatal que tiene el monopolio a\u00e9reo y que cada vez presenta m\u00e1s problemas, con un internet que est\u00e1 entre los m\u00e1s lentos del continente y con una situaci\u00f3n econ\u00f3mica que, entre otras cosas, no permite realizar pagos por internet de m\u00e1s de aproximadamente 30 o 40 d\u00f3lares [&hellip;]","og_url":"https:\/\/www.eldiario.net\/portal\/2025\/02\/02\/aislada-del-mundo\/","og_site_name":"El Diario - Bolivia","article_publisher":"https:\/\/www.facebook.com\/eldiario.bolivia\/","article_published_time":"2025-02-02T11:27:59+00:00","og_image":[{"width":800,"height":500,"url":"https:\/\/www.eldiario.net\/portal\/wp-content\/uploads\/2023\/12\/Editorial.jpg","type":"image\/jpeg"}],"author":"Jeanette","twitter_card":"summary_large_image","twitter_creator":"@eldiario_net","twitter_site":"@eldiario_net","twitter_misc":{"Escrito por":"Jeanette","Tiempo de lectura":"3 minutos"},"schema":{"@context":"https:\/\/schema.org","@graph":[{"@type":"Article","@id":"https:\/\/www.eldiario.net\/portal\/2025\/02\/02\/aislada-del-mundo\/#article","isPartOf":{"@id":"https:\/\/www.eldiario.net\/portal\/2025\/02\/02\/aislada-del-mundo\/"},"author":{"name":"Jeanette","@id":"https:\/\/www.eldiario.net\/portal\/#\/schema\/person\/f46445640444750d7d753ccd04ae01b7"},"headline":"Aislada del mundo\u2026","datePublished":"2025-02-02T11:27:59+00:00","mainEntityOfPage":{"@id":"https:\/\/www.eldiario.net\/portal\/2025\/02\/02\/aislada-del-mundo\/"},"wordCount":636,"publisher":{"@id":"https:\/\/www.eldiario.net\/portal\/#organization"},"image":{"@id":"https:\/\/www.eldiario.net\/portal\/2025\/02\/02\/aislada-del-mundo\/#primaryimage"},"thumbnailUrl":"https:\/\/www.eldiario.net\/portal\/wp-content\/uploads\/2023\/12\/Editorial.jpg","articleSection":["Editorial"],"inLanguage":"es"},{"@type":"WebPage","@id":"https:\/\/www.eldiario.net\/portal\/2025\/02\/02\/aislada-del-mundo\/","url":"https:\/\/www.eldiario.net\/portal\/2025\/02\/02\/aislada-del-mundo\/","name":"Aislada del mundo\u2026 - El Diario - Bolivia","isPartOf":{"@id":"https:\/\/www.eldiario.net\/portal\/#website"},"primaryImageOfPage":{"@id":"https:\/\/www.eldiario.net\/portal\/2025\/02\/02\/aislada-del-mundo\/#primaryimage"},"image":{"@id":"https:\/\/www.eldiario.net\/portal\/2025\/02\/02\/aislada-del-mundo\/#primaryimage"},"thumbnailUrl":"https:\/\/www.eldiario.net\/portal\/wp-content\/uploads\/2023\/12\/Editorial.jpg","datePublished":"2025-02-02T11:27:59+00:00","breadcrumb":{"@id":"https:\/\/www.eldiario.net\/portal\/2025\/02\/02\/aislada-del-mundo\/#breadcrumb"},"inLanguage":"es","potentialAction":[{"@type":"ReadAction","target":["https:\/\/www.eldiario.net\/portal\/2025\/02\/02\/aislada-del-mundo\/"]}]},{"@type":"ImageObject","inLanguage":"es","@id":"https:\/\/www.eldiario.net\/portal\/2025\/02\/02\/aislada-del-mundo\/#primaryimage","url":"https:\/\/www.eldiario.net\/portal\/wp-content\/uploads\/2023\/12\/Editorial.jpg","contentUrl":"https:\/\/www.eldiario.net\/portal\/wp-content\/uploads\/2023\/12\/Editorial.jpg","width":800,"height":500},{"@type":"BreadcrumbList","@id":"https:\/\/www.eldiario.net\/portal\/2025\/02\/02\/aislada-del-mundo\/#breadcrumb","itemListElement":[{"@type":"ListItem","position":1,"name":"Portada","item":"https:\/\/www.eldiario.net\/portal\/"},{"@type":"ListItem","position":2,"name":"Aislada del mundo\u2026"}]},{"@type":"WebSite","@id":"https:\/\/www.eldiario.net\/portal\/#website","url":"https:\/\/www.eldiario.net\/portal\/","name":"El Diario - Decano de la prensa nacional","description":"El Diario - Decano de la prensa nacional","publisher":{"@id":"https:\/\/www.eldiario.net\/portal\/#organization"},"potentialAction":[{"@type":"SearchAction","target":{"@type":"EntryPoint","urlTemplate":"https:\/\/www.eldiario.net\/portal\/?s={search_term_string}"},"query-input":{"@type":"PropertyValueSpecification","valueRequired":true,"valueName":"search_term_string"}}],"inLanguage":"es"},{"@type":"Organization","@id":"https:\/\/www.eldiario.net\/portal\/#organization","name":"El Diario - Decano de la prensa nacional","url":"https:\/\/www.eldiario.net\/portal\/","logo":{"@type":"ImageObject","inLanguage":"es","@id":"https:\/\/www.eldiario.net\/portal\/#\/schema\/logo\/image\/","url":"https:\/\/www.eldiario.net\/portal\/wp-content\/uploads\/2023\/07\/logo_ED.jpg","contentUrl":"https:\/\/www.eldiario.net\/portal\/wp-content\/uploads\/2023\/07\/logo_ED.jpg","width":272,"height":52,"caption":"El Diario - Decano de la prensa nacional"},"image":{"@id":"https:\/\/www.eldiario.net\/portal\/#\/schema\/logo\/image\/"},"sameAs":["https:\/\/www.facebook.com\/eldiario.bolivia\/","https:\/\/x.com\/eldiario_net"]},{"@type":"Person","@id":"https:\/\/www.eldiario.net\/portal\/#\/schema\/person\/f46445640444750d7d753ccd04ae01b7","name":"Jeanette","image":{"@type":"ImageObject","inLanguage":"es","@id":"https:\/\/secure.gravatar.com\/avatar\/3ea2118a5f7dad2b7138b1187a6b7ee55f160b9968b66013c3a3ef39dd7e5798?s=96&d=mm&r=g","url":"https:\/\/secure.gravatar.com\/avatar\/3ea2118a5f7dad2b7138b1187a6b7ee55f160b9968b66013c3a3ef39dd7e5798?s=96&d=mm&r=g","contentUrl":"https:\/\/secure.gravatar.com\/avatar\/3ea2118a5f7dad2b7138b1187a6b7ee55f160b9968b66013c3a3ef39dd7e5798?s=96&d=mm&r=g","caption":"Jeanette"},"sameAs":["https:\/\/www.eldiario.net\/portal"],"url":"https:\/\/www.eldiario.net\/portal\/author\/jeanette\/"}]}},"_links":{"self":[{"href":"https:\/\/www.eldiario.net\/portal\/wp-json\/wp\/v2\/posts\/278877","targetHints":{"allow":["GET"]}}],"collection":[{"href":"https:\/\/www.eldiario.net\/portal\/wp-json\/wp\/v2\/posts"}],"about":[{"href":"https:\/\/www.eldiario.net\/portal\/wp-json\/wp\/v2\/types\/post"}],"author":[{"embeddable":true,"href":"https:\/\/www.eldiario.net\/portal\/wp-json\/wp\/v2\/users\/1"}],"replies":[{"embeddable":true,"href":"https:\/\/www.eldiario.net\/portal\/wp-json\/wp\/v2\/comments?post=278877"}],"version-history":[{"count":1,"href":"https:\/\/www.eldiario.net\/portal\/wp-json\/wp\/v2\/posts\/278877\/revisions"}],"predecessor-version":[{"id":278878,"href":"https:\/\/www.eldiario.net\/portal\/wp-json\/wp\/v2\/posts\/278877\/revisions\/278878"}],"wp:featuredmedia":[{"embeddable":true,"href":"https:\/\/www.eldiario.net\/portal\/wp-json\/wp\/v2\/media\/194776"}],"wp:attachment":[{"href":"https:\/\/www.eldiario.net\/portal\/wp-json\/wp\/v2\/media?parent=278877"}],"wp:term":[{"taxonomy":"category","embeddable":true,"href":"https:\/\/www.eldiario.net\/portal\/wp-json\/wp\/v2\/categories?post=278877"},{"taxonomy":"post_tag","embeddable":true,"href":"https:\/\/www.eldiario.net\/portal\/wp-json\/wp\/v2\/tags?post=278877"}],"curies":[{"name":"wp","href":"https:\/\/api.w.org\/{rel}","templated":true}]}}