{"id":278871,"date":"2025-02-02T07:26:17","date_gmt":"2025-02-02T11:26:17","guid":{"rendered":"https:\/\/www.eldiario.net\/portal\/?p=278871"},"modified":"2025-02-02T07:26:17","modified_gmt":"2025-02-02T11:26:17","slug":"exhortan-a-consumir-produccion-nacional","status":"publish","type":"post","link":"https:\/\/www.eldiario.net\/portal\/2025\/02\/02\/exhortan-a-consumir-produccion-nacional\/","title":{"rendered":"Exhortan a consumir  producci\u00f3n nacional"},"content":{"rendered":"<p>Durante su participaci\u00f3n en el taller \u201cRuta Exportadora\u201d que se realiz\u00f3 en instalaciones de la Canciller\u00eda, la viceministra de la Micro, Peque\u00f1a Empresa y Artesan\u00eda, Ana Delina Flores, exhort\u00f3 a consumir producci\u00f3n nacional para generar m\u00e1s ingresos y empleos en el pa\u00eds.<br \/>\n\u201cDebemos exhortar a todos los ciudadanos a consumir la producci\u00f3n nacional, solo de esta manera podemos generar m\u00e1s ingresos y tambi\u00e9n m\u00e1s empleos dentro de nuestro territorio\u201d, dijo en el evento que se llev\u00f3 a cabo en coordinaci\u00f3n con el Viceministerio de Relaciones Exteriores.<br \/>\nIndic\u00f3 que el Ministerio de Desarrollo Productivo y Econom\u00eda Plural (MDPyEP) apoy\u00f3 la realizaci\u00f3n de m\u00e1s de 150 ferias a escala nacional, para la promoci\u00f3n y comercializaci\u00f3n de variedad de productos hechos en Bolivia.<br \/>\nEllo \u201cconsiderando la importancia de generar estos espacios de promoci\u00f3n y comercializaci\u00f3n para que la poblaci\u00f3n conozca sobre la variedad de productos que nuestras unidades productivas pueden ofrecer\u201d, se\u00f1al\u00f3.<br \/>\nEl taller \u201cRuta Exportadora\u201d se realiz\u00f3 para brindar capacitaci\u00f3n y asistencia t\u00e9cnica a los productores de las micro, peque\u00f1as empresas y artesan\u00edas mediante la transferencia de conocimientos sobre temas de mercados, inteligencia comercial, promoci\u00f3n y comercializaci\u00f3n, adem\u00e1s de generar capacidades para ingresar a los mercados externos.<br \/>\n\u201cPara nosotros es importante continuar con estas tareas conjuntas con el Viceministerio de Relaciones Exteriores, para replicar este taller \u2018Ruta Exportadora\u2019 en los otros departamentos, donde tambi\u00e9n nuestros productores tienen y cuentan con los requisitos para poder exportar, lo \u00fanico que les falta es un impulso a trav\u00e9s de este tipo de eventos en beneficio del productor micro, peque\u00f1o empresario y artesano\u201d, resalt\u00f3.<br \/>\nLa inauguraci\u00f3n del taller estuvo a cargo del viceministro de Comercio Exterior, Hu\u00e1scar Ajata. Participaron en las exposiciones, autoridades de la Aduana Nacional, del Servicio Nacional de Verificaci\u00f3n de Exportaciones (Senavex), del Servicio Nacional de Sanidad Agropecuaria e Inocuidad Alimentaria (Senasag) y de la Administraci\u00f3n de Servicios Portuarios Bolivia (ASP-B), seg\u00fan un bolet\u00edn institucional.<\/p>\n","protected":false},"excerpt":{"rendered":"<p>Durante su participaci\u00f3n en el taller \u201cRuta Exportadora\u201d que se realiz\u00f3 en instalaciones de la Canciller\u00eda, la viceministra de la Micro, Peque\u00f1a Empresa y Artesan\u00eda, Ana Delina Flores, exhort\u00f3 a consumir producci\u00f3n nacional para generar m\u00e1s ingresos y empleos en el pa\u00eds. \u201cDebemos exhortar a todos los ciudadanos a consumir la producci\u00f3n nacional, solo de [&hellip;]<\/p>\n","protected":false},"author":1,"featured_media":194689,"comment_status":"closed","ping_status":"open","sticky":false,"template":"","format":"standard","meta":{"_acf_changed":false,"footnotes":""},"categories":[7],"tags":[],"class_list":["post-278871","post","type-post","status-publish","format-standard","has-post-thumbnail","category-economia"],"acf":{"antetitulo":""},"yoast_head":"<!-- This site is optimized with the Yoast SEO plugin v28.4 - https:\/\/yoast.com\/product\/yoast-seo-wordpress\/ -->\n<title>Exhortan a consumir producci\u00f3n nacional - El Diario - Bolivia<\/title>\n<meta name=\"robots\" content=\"index, follow, max-snippet:-1, max-image-preview:large, max-video-preview:-1\" \/>\n<link rel=\"canonical\" href=\"https:\/\/www.eldiario.net\/portal\/2025\/02\/02\/exhortan-a-consumir-produccion-nacional\/\" \/>\n<meta property=\"og:locale\" content=\"es_ES\" \/>\n<meta property=\"og:type\" content=\"article\" \/>\n<meta property=\"og:title\" content=\"Exhortan a consumir producci\u00f3n nacional - El Diario - Bolivia\" \/>\n<meta property=\"og:description\" content=\"Durante su participaci\u00f3n en el taller \u201cRuta Exportadora\u201d que se realiz\u00f3 en instalaciones de la Canciller\u00eda, la viceministra de la Micro, Peque\u00f1a Empresa y Artesan\u00eda, Ana Delina Flores, exhort\u00f3 a consumir producci\u00f3n nacional para generar m\u00e1s ingresos y empleos en el pa\u00eds. \u201cDebemos exhortar a todos los ciudadanos a consumir la producci\u00f3n nacional, solo de [&hellip;]\" \/>\n<meta property=\"og:url\" content=\"https:\/\/www.eldiario.net\/portal\/2025\/02\/02\/exhortan-a-consumir-produccion-nacional\/\" \/>\n<meta property=\"og:site_name\" content=\"El Diario - Bolivia\" \/>\n<meta property=\"article:publisher\" content=\"https:\/\/www.facebook.com\/eldiario.bolivia\/\" \/>\n<meta property=\"article:published_time\" content=\"2025-02-02T11:26:17+00:00\" \/>\n<meta property=\"og:image\" content=\"https:\/\/www.eldiario.net\/portal\/wp-content\/uploads\/2023\/12\/Economia.jpg\" \/>\n\t<meta property=\"og:image:width\" content=\"800\" \/>\n\t<meta property=\"og:image:height\" content=\"500\" \/>\n\t<meta property=\"og:image:type\" content=\"image\/jpeg\" \/>\n<meta name=\"author\" content=\"Jeanette\" \/>\n<meta name=\"twitter:card\" content=\"summary_large_image\" \/>\n<meta name=\"twitter:creator\" content=\"@eldiario_net\" \/>\n<meta name=\"twitter:site\" content=\"@eldiario_net\" \/>\n<meta name=\"twitter:label1\" content=\"Escrito por\" \/>\n\t<meta name=\"twitter:data1\" content=\"Jeanette\" \/>\n\t<meta name=\"twitter:label2\" content=\"Tiempo de lectura\" \/>\n\t<meta name=\"twitter:data2\" content=\"2 minutos\" \/>\n<script type=\"application\/ld+json\" class=\"yoast-schema-graph\">{\"@context\":\"https:\\\/\\\/schema.org\",\"@graph\":[{\"@type\":\"Article\",\"@id\":\"https:\\\/\\\/www.eldiario.net\\\/portal\\\/2025\\\/02\\\/02\\\/exhortan-a-consumir-produccion-nacional\\\/#article\",\"isPartOf\":{\"@id\":\"https:\\\/\\\/www.eldiario.net\\\/portal\\\/2025\\\/02\\\/02\\\/exhortan-a-consumir-produccion-nacional\\\/\"},\"author\":{\"name\":\"Jeanette\",\"@id\":\"https:\\\/\\\/www.eldiario.net\\\/portal\\\/#\\\/schema\\\/person\\\/f46445640444750d7d753ccd04ae01b7\"},\"headline\":\"Exhortan a consumir producci\u00f3n nacional\",\"datePublished\":\"2025-02-02T11:26:17+00:00\",\"mainEntityOfPage\":{\"@id\":\"https:\\\/\\\/www.eldiario.net\\\/portal\\\/2025\\\/02\\\/02\\\/exhortan-a-consumir-produccion-nacional\\\/\"},\"wordCount\":354,\"publisher\":{\"@id\":\"https:\\\/\\\/www.eldiario.net\\\/portal\\\/#organization\"},\"image\":{\"@id\":\"https:\\\/\\\/www.eldiario.net\\\/portal\\\/2025\\\/02\\\/02\\\/exhortan-a-consumir-produccion-nacional\\\/#primaryimage\"},\"thumbnailUrl\":\"https:\\\/\\\/www.eldiario.net\\\/portal\\\/wp-content\\\/uploads\\\/2023\\\/12\\\/Economia.jpg\",\"articleSection\":[\"Econom\u00eda\"],\"inLanguage\":\"es\"},{\"@type\":\"WebPage\",\"@id\":\"https:\\\/\\\/www.eldiario.net\\\/portal\\\/2025\\\/02\\\/02\\\/exhortan-a-consumir-produccion-nacional\\\/\",\"url\":\"https:\\\/\\\/www.eldiario.net\\\/portal\\\/2025\\\/02\\\/02\\\/exhortan-a-consumir-produccion-nacional\\\/\",\"name\":\"Exhortan a consumir producci\u00f3n nacional - El Diario - Bolivia\",\"isPartOf\":{\"@id\":\"https:\\\/\\\/www.eldiario.net\\\/portal\\\/#website\"},\"primaryImageOfPage\":{\"@id\":\"https:\\\/\\\/www.eldiario.net\\\/portal\\\/2025\\\/02\\\/02\\\/exhortan-a-consumir-produccion-nacional\\\/#primaryimage\"},\"image\":{\"@id\":\"https:\\\/\\\/www.eldiario.net\\\/portal\\\/2025\\\/02\\\/02\\\/exhortan-a-consumir-produccion-nacional\\\/#primaryimage\"},\"thumbnailUrl\":\"https:\\\/\\\/www.eldiario.net\\\/portal\\\/wp-content\\\/uploads\\\/2023\\\/12\\\/Economia.jpg\",\"datePublished\":\"2025-02-02T11:26:17+00:00\",\"breadcrumb\":{\"@id\":\"https:\\\/\\\/www.eldiario.net\\\/portal\\\/2025\\\/02\\\/02\\\/exhortan-a-consumir-produccion-nacional\\\/#breadcrumb\"},\"inLanguage\":\"es\",\"potentialAction\":[{\"@type\":\"ReadAction\",\"target\":[\"https:\\\/\\\/www.eldiario.net\\\/portal\\\/2025\\\/02\\\/02\\\/exhortan-a-consumir-produccion-nacional\\\/\"]}]},{\"@type\":\"ImageObject\",\"inLanguage\":\"es\",\"@id\":\"https:\\\/\\\/www.eldiario.net\\\/portal\\\/2025\\\/02\\\/02\\\/exhortan-a-consumir-produccion-nacional\\\/#primaryimage\",\"url\":\"https:\\\/\\\/www.eldiario.net\\\/portal\\\/wp-content\\\/uploads\\\/2023\\\/12\\\/Economia.jpg\",\"contentUrl\":\"https:\\\/\\\/www.eldiario.net\\\/portal\\\/wp-content\\\/uploads\\\/2023\\\/12\\\/Economia.jpg\",\"width\":800,\"height\":500},{\"@type\":\"BreadcrumbList\",\"@id\":\"https:\\\/\\\/www.eldiario.net\\\/portal\\\/2025\\\/02\\\/02\\\/exhortan-a-consumir-produccion-nacional\\\/#breadcrumb\",\"itemListElement\":[{\"@type\":\"ListItem\",\"position\":1,\"name\":\"Portada\",\"item\":\"https:\\\/\\\/www.eldiario.net\\\/portal\\\/\"},{\"@type\":\"ListItem\",\"position\":2,\"name\":\"Exhortan a consumir producci\u00f3n nacional\"}]},{\"@type\":\"WebSite\",\"@id\":\"https:\\\/\\\/www.eldiario.net\\\/portal\\\/#website\",\"url\":\"https:\\\/\\\/www.eldiario.net\\\/portal\\\/\",\"name\":\"El Diario - Decano de la prensa nacional\",\"description\":\"El Diario - Decano de la prensa nacional\",\"publisher\":{\"@id\":\"https:\\\/\\\/www.eldiario.net\\\/portal\\\/#organization\"},\"potentialAction\":[{\"@type\":\"SearchAction\",\"target\":{\"@type\":\"EntryPoint\",\"urlTemplate\":\"https:\\\/\\\/www.eldiario.net\\\/portal\\\/?s={search_term_string}\"},\"query-input\":{\"@type\":\"PropertyValueSpecification\",\"valueRequired\":true,\"valueName\":\"search_term_string\"}}],\"inLanguage\":\"es\"},{\"@type\":\"Organization\",\"@id\":\"https:\\\/\\\/www.eldiario.net\\\/portal\\\/#organization\",\"name\":\"El Diario - Decano de la prensa nacional\",\"url\":\"https:\\\/\\\/www.eldiario.net\\\/portal\\\/\",\"logo\":{\"@type\":\"ImageObject\",\"inLanguage\":\"es\",\"@id\":\"https:\\\/\\\/www.eldiario.net\\\/portal\\\/#\\\/schema\\\/logo\\\/image\\\/\",\"url\":\"https:\\\/\\\/www.eldiario.net\\\/portal\\\/wp-content\\\/uploads\\\/2023\\\/07\\\/logo_ED.jpg\",\"contentUrl\":\"https:\\\/\\\/www.eldiario.net\\\/portal\\\/wp-content\\\/uploads\\\/2023\\\/07\\\/logo_ED.jpg\",\"width\":272,\"height\":52,\"caption\":\"El Diario - Decano de la prensa nacional\"},\"image\":{\"@id\":\"https:\\\/\\\/www.eldiario.net\\\/portal\\\/#\\\/schema\\\/logo\\\/image\\\/\"},\"sameAs\":[\"https:\\\/\\\/www.facebook.com\\\/eldiario.bolivia\\\/\",\"https:\\\/\\\/x.com\\\/eldiario_net\"]},{\"@type\":\"Person\",\"@id\":\"https:\\\/\\\/www.eldiario.net\\\/portal\\\/#\\\/schema\\\/person\\\/f46445640444750d7d753ccd04ae01b7\",\"name\":\"Jeanette\",\"image\":{\"@type\":\"ImageObject\",\"inLanguage\":\"es\",\"@id\":\"https:\\\/\\\/secure.gravatar.com\\\/avatar\\\/3ea2118a5f7dad2b7138b1187a6b7ee55f160b9968b66013c3a3ef39dd7e5798?s=96&d=mm&r=g\",\"url\":\"https:\\\/\\\/secure.gravatar.com\\\/avatar\\\/3ea2118a5f7dad2b7138b1187a6b7ee55f160b9968b66013c3a3ef39dd7e5798?s=96&d=mm&r=g\",\"contentUrl\":\"https:\\\/\\\/secure.gravatar.com\\\/avatar\\\/3ea2118a5f7dad2b7138b1187a6b7ee55f160b9968b66013c3a3ef39dd7e5798?s=96&d=mm&r=g\",\"caption\":\"Jeanette\"},\"sameAs\":[\"https:\\\/\\\/www.eldiario.net\\\/portal\"],\"url\":\"https:\\\/\\\/www.eldiario.net\\\/portal\\\/author\\\/jeanette\\\/\"}]}<\/script>\n<!-- \/ Yoast SEO plugin. -->","yoast_head_json":{"title":"Exhortan a consumir producci\u00f3n nacional - El Diario - Bolivia","robots":{"index":"index","follow":"follow","max-snippet":"max-snippet:-1","max-image-preview":"max-image-preview:large","max-video-preview":"max-video-preview:-1"},"canonical":"https:\/\/www.eldiario.net\/portal\/2025\/02\/02\/exhortan-a-consumir-produccion-nacional\/","og_locale":"es_ES","og_type":"article","og_title":"Exhortan a consumir producci\u00f3n nacional - El Diario - Bolivia","og_description":"Durante su participaci\u00f3n en el taller \u201cRuta Exportadora\u201d que se realiz\u00f3 en instalaciones de la Canciller\u00eda, la viceministra de la Micro, Peque\u00f1a Empresa y Artesan\u00eda, Ana Delina Flores, exhort\u00f3 a consumir producci\u00f3n nacional para generar m\u00e1s ingresos y empleos en el pa\u00eds. \u201cDebemos exhortar a todos los ciudadanos a consumir la producci\u00f3n nacional, solo de [&hellip;]","og_url":"https:\/\/www.eldiario.net\/portal\/2025\/02\/02\/exhortan-a-consumir-produccion-nacional\/","og_site_name":"El Diario - Bolivia","article_publisher":"https:\/\/www.facebook.com\/eldiario.bolivia\/","article_published_time":"2025-02-02T11:26:17+00:00","og_image":[{"width":800,"height":500,"url":"https:\/\/www.eldiario.net\/portal\/wp-content\/uploads\/2023\/12\/Economia.jpg","type":"image\/jpeg"}],"author":"Jeanette","twitter_card":"summary_large_image","twitter_creator":"@eldiario_net","twitter_site":"@eldiario_net","twitter_misc":{"Escrito por":"Jeanette","Tiempo de lectura":"2 minutos"},"schema":{"@context":"https:\/\/schema.org","@graph":[{"@type":"Article","@id":"https:\/\/www.eldiario.net\/portal\/2025\/02\/02\/exhortan-a-consumir-produccion-nacional\/#article","isPartOf":{"@id":"https:\/\/www.eldiario.net\/portal\/2025\/02\/02\/exhortan-a-consumir-produccion-nacional\/"},"author":{"name":"Jeanette","@id":"https:\/\/www.eldiario.net\/portal\/#\/schema\/person\/f46445640444750d7d753ccd04ae01b7"},"headline":"Exhortan a consumir producci\u00f3n nacional","datePublished":"2025-02-02T11:26:17+00:00","mainEntityOfPage":{"@id":"https:\/\/www.eldiario.net\/portal\/2025\/02\/02\/exhortan-a-consumir-produccion-nacional\/"},"wordCount":354,"publisher":{"@id":"https:\/\/www.eldiario.net\/portal\/#organization"},"image":{"@id":"https:\/\/www.eldiario.net\/portal\/2025\/02\/02\/exhortan-a-consumir-produccion-nacional\/#primaryimage"},"thumbnailUrl":"https:\/\/www.eldiario.net\/portal\/wp-content\/uploads\/2023\/12\/Economia.jpg","articleSection":["Econom\u00eda"],"inLanguage":"es"},{"@type":"WebPage","@id":"https:\/\/www.eldiario.net\/portal\/2025\/02\/02\/exhortan-a-consumir-produccion-nacional\/","url":"https:\/\/www.eldiario.net\/portal\/2025\/02\/02\/exhortan-a-consumir-produccion-nacional\/","name":"Exhortan a consumir producci\u00f3n nacional - El Diario - Bolivia","isPartOf":{"@id":"https:\/\/www.eldiario.net\/portal\/#website"},"primaryImageOfPage":{"@id":"https:\/\/www.eldiario.net\/portal\/2025\/02\/02\/exhortan-a-consumir-produccion-nacional\/#primaryimage"},"image":{"@id":"https:\/\/www.eldiario.net\/portal\/2025\/02\/02\/exhortan-a-consumir-produccion-nacional\/#primaryimage"},"thumbnailUrl":"https:\/\/www.eldiario.net\/portal\/wp-content\/uploads\/2023\/12\/Economia.jpg","datePublished":"2025-02-02T11:26:17+00:00","breadcrumb":{"@id":"https:\/\/www.eldiario.net\/portal\/2025\/02\/02\/exhortan-a-consumir-produccion-nacional\/#breadcrumb"},"inLanguage":"es","potentialAction":[{"@type":"ReadAction","target":["https:\/\/www.eldiario.net\/portal\/2025\/02\/02\/exhortan-a-consumir-produccion-nacional\/"]}]},{"@type":"ImageObject","inLanguage":"es","@id":"https:\/\/www.eldiario.net\/portal\/2025\/02\/02\/exhortan-a-consumir-produccion-nacional\/#primaryimage","url":"https:\/\/www.eldiario.net\/portal\/wp-content\/uploads\/2023\/12\/Economia.jpg","contentUrl":"https:\/\/www.eldiario.net\/portal\/wp-content\/uploads\/2023\/12\/Economia.jpg","width":800,"height":500},{"@type":"BreadcrumbList","@id":"https:\/\/www.eldiario.net\/portal\/2025\/02\/02\/exhortan-a-consumir-produccion-nacional\/#breadcrumb","itemListElement":[{"@type":"ListItem","position":1,"name":"Portada","item":"https:\/\/www.eldiario.net\/portal\/"},{"@type":"ListItem","position":2,"name":"Exhortan a consumir producci\u00f3n nacional"}]},{"@type":"WebSite","@id":"https:\/\/www.eldiario.net\/portal\/#website","url":"https:\/\/www.eldiario.net\/portal\/","name":"El Diario - Decano de la prensa nacional","description":"El Diario - Decano de la prensa nacional","publisher":{"@id":"https:\/\/www.eldiario.net\/portal\/#organization"},"potentialAction":[{"@type":"SearchAction","target":{"@type":"EntryPoint","urlTemplate":"https:\/\/www.eldiario.net\/portal\/?s={search_term_string}"},"query-input":{"@type":"PropertyValueSpecification","valueRequired":true,"valueName":"search_term_string"}}],"inLanguage":"es"},{"@type":"Organization","@id":"https:\/\/www.eldiario.net\/portal\/#organization","name":"El Diario - Decano de la prensa nacional","url":"https:\/\/www.eldiario.net\/portal\/","logo":{"@type":"ImageObject","inLanguage":"es","@id":"https:\/\/www.eldiario.net\/portal\/#\/schema\/logo\/image\/","url":"https:\/\/www.eldiario.net\/portal\/wp-content\/uploads\/2023\/07\/logo_ED.jpg","contentUrl":"https:\/\/www.eldiario.net\/portal\/wp-content\/uploads\/2023\/07\/logo_ED.jpg","width":272,"height":52,"caption":"El Diario - Decano de la prensa nacional"},"image":{"@id":"https:\/\/www.eldiario.net\/portal\/#\/schema\/logo\/image\/"},"sameAs":["https:\/\/www.facebook.com\/eldiario.bolivia\/","https:\/\/x.com\/eldiario_net"]},{"@type":"Person","@id":"https:\/\/www.eldiario.net\/portal\/#\/schema\/person\/f46445640444750d7d753ccd04ae01b7","name":"Jeanette","image":{"@type":"ImageObject","inLanguage":"es","@id":"https:\/\/secure.gravatar.com\/avatar\/3ea2118a5f7dad2b7138b1187a6b7ee55f160b9968b66013c3a3ef39dd7e5798?s=96&d=mm&r=g","url":"https:\/\/secure.gravatar.com\/avatar\/3ea2118a5f7dad2b7138b1187a6b7ee55f160b9968b66013c3a3ef39dd7e5798?s=96&d=mm&r=g","contentUrl":"https:\/\/secure.gravatar.com\/avatar\/3ea2118a5f7dad2b7138b1187a6b7ee55f160b9968b66013c3a3ef39dd7e5798?s=96&d=mm&r=g","caption":"Jeanette"},"sameAs":["https:\/\/www.eldiario.net\/portal"],"url":"https:\/\/www.eldiario.net\/portal\/author\/jeanette\/"}]}},"_links":{"self":[{"href":"https:\/\/www.eldiario.net\/portal\/wp-json\/wp\/v2\/posts\/278871","targetHints":{"allow":["GET"]}}],"collection":[{"href":"https:\/\/www.eldiario.net\/portal\/wp-json\/wp\/v2\/posts"}],"about":[{"href":"https:\/\/www.eldiario.net\/portal\/wp-json\/wp\/v2\/types\/post"}],"author":[{"embeddable":true,"href":"https:\/\/www.eldiario.net\/portal\/wp-json\/wp\/v2\/users\/1"}],"replies":[{"embeddable":true,"href":"https:\/\/www.eldiario.net\/portal\/wp-json\/wp\/v2\/comments?post=278871"}],"version-history":[{"count":1,"href":"https:\/\/www.eldiario.net\/portal\/wp-json\/wp\/v2\/posts\/278871\/revisions"}],"predecessor-version":[{"id":278872,"href":"https:\/\/www.eldiario.net\/portal\/wp-json\/wp\/v2\/posts\/278871\/revisions\/278872"}],"wp:featuredmedia":[{"embeddable":true,"href":"https:\/\/www.eldiario.net\/portal\/wp-json\/wp\/v2\/media\/194689"}],"wp:attachment":[{"href":"https:\/\/www.eldiario.net\/portal\/wp-json\/wp\/v2\/media?parent=278871"}],"wp:term":[{"taxonomy":"category","embeddable":true,"href":"https:\/\/www.eldiario.net\/portal\/wp-json\/wp\/v2\/categories?post=278871"},{"taxonomy":"post_tag","embeddable":true,"href":"https:\/\/www.eldiario.net\/portal\/wp-json\/wp\/v2\/tags?post=278871"}],"curies":[{"name":"wp","href":"https:\/\/api.w.org\/{rel}","templated":true}]}}