{"id":278864,"date":"2025-02-02T07:25:09","date_gmt":"2025-02-02T11:25:09","guid":{"rendered":"https:\/\/www.eldiario.net\/portal\/?p=278864"},"modified":"2025-02-02T07:25:09","modified_gmt":"2025-02-02T11:25:09","slug":"hamas-libera-a-tres-rehenes-israelies-en-franja-de-gaza","status":"publish","type":"post","link":"https:\/\/www.eldiario.net\/portal\/2025\/02\/02\/hamas-libera-a-tres-rehenes-israelies-en-franja-de-gaza\/","title":{"rendered":"Ham\u00e1s libera a tres rehenes israel\u00edes en Franja de Gaza"},"content":{"rendered":"<p>Ham\u00e1s liber\u00f3 ayer a los tres rehenes previstos en el cuarto intercambio de la tregua iniciada el 19 de enero. Los primeros en ser puestos en libertad ayer por la ma\u00f1ana fueron Ofer Kalderon y Yarden Bibas, que hab\u00edan permanecido retenidos en la Franja 484 d\u00edas, mientras que el tercero, Keith Siegel, fue liberado poco m\u00e1s de una hora despu\u00e9s.<br \/>\nLos dos primeros hombres fueron entregados de manos de las milicias palestinas en Jan Yunis, en el sur del enclave a representantes de la Cruz Roja, y ya se encuentran en territorio israel\u00ed. \u201cHace poco, los rehenes civiles que regresaron, Ofer Kalderon y Yarden Bibas, cruzaron la frontera hacia territorio israel\u00ed acompa\u00f1ados de las Fuerzas de Defensa de Israel y la Agencia de Seguridad Nacional\u201d, inform\u00f3 un comunicado castrense.<br \/>\nOfer Kalderon y Yarden Bibas, tal y como ya ocurri\u00f3 con las cinco mujeres soldado liberadas el pasado s\u00e1bado, subieron a un escenario, recibieron un certificado y saludaron ante la multitud antes de ser entregados a la Cruz Roja. En cuanto a Siegel, tambi\u00e9n fue entregado a un convoy de dicha organizaci\u00f3n humanitaria tras una ceremonia parecida en Ciudad de Gaza, rodeado de militantes de las Brigadas Ezzeld\u00edn al Qassam, ataviados con uniformes negros o de camuflaje, pasamonta\u00f1as y sus tradicionales bandas verdes en la cabeza, ahora ya est\u00e1 en suelo israel\u00ed.<br \/>\nA cambio de los tres hombres, en esta ocasi\u00f3n, se espera que las autoridades israel\u00edes liberen a 183 reclusos, seg\u00fan Ham\u00e1s. El primer autob\u00fas procedente de la c\u00e1rcel israel\u00ed de Ofer lleg\u00f3 a Ramala, en Cisjordania ocupada, con 32 palestinos, todos hombres.<br \/>\nPoco despu\u00e9s, autobuses con 143 de prisioneros y detenidos palestinos fueron liberados en Jan Yunis. Vestidos todos con un ch\u00e1ndal de color gris, fueron trasladados al Hospital Europeo de Jan Yunis, donde les esperaban sus familias, tras ser rodeados por centenares de gazat\u00edes que les recibieron con alegr\u00eda y v\u00edtores. Otros siete ser\u00e1n forzosamente deportados v\u00eda Egipto.<br \/>\nSeg\u00fan el Club de Prisioneros, algunos de ellos ten\u00edan costillas rotas, tras haber sufrido palizas \u201cdurante d\u00edas\u201d, de acuerdo con sus propios testimonios, antes de su liberaci\u00f3n. \u201cUna vez m\u00e1s, cada vez que se liberan presos, encontramos que los cuerpos de los presos reflejan el nivel de cr\u00edmenes cometidos contra ellos, incluida una tortura sin precedentes solo posible despu\u00e9s del 7 de octubre\u201d, denunci\u00f3 esta ONG en un comunicado.<br \/>\nDe los 183 prisioneros liberados, 18 eran condenados a cadena perpetua, 54 presos con sentencias elevadas y 111 procedentes de la Franja de Gaza, que fueron arrestados despu\u00e9s del estallido de la guerra de Gaza, el 7 de octubre de 2023.<\/p>\n<p>CAPTURADOS EN<br \/>\nLA FRANJA<br \/>\nLa liberaci\u00f3n de los tres rehenes israel\u00edes es \u201cun rayo de luz en medio de la oscuridad\u201d, se\u00f1ala el Foro de Familias de Rehenes. \u201cHan vuelto a casa\u201d, escribi\u00f3 el Foro en un comunicado: \u201cSu liberaci\u00f3n aporta hoy un rayo de luz en medio de la oscuridad, ofreciendo esperanza y demostrando el triunfo del esp\u00edritu humano\u201d.<br \/>\nBibas, de origen argentino y 35 a\u00f1os, fue secuestrado junto a su esposa Shiri y sus dos hijos, Ariel y Kfir, que ya cumplieron cinco y dos a\u00f1os, respectivamente, en cautiverio. En noviembre de 2023, el brazo armado de Ham\u00e1s asegur\u00f3 que Shiri y los dos ni\u00f1os hab\u00edan muerto en un ataque israel\u00ed, pero el Ej\u00e9rcito no confirm\u00f3 esa informaci\u00f3n. Los temores, sin embargo, aumentaron, ya que no fueron los primeros en ser liberados.<br \/>\nKalderon, franco-israel\u00ed de 54 a\u00f1os, fue secuestrado por milicianos palestinos en el kibutz Nir Oz, junto con sus dos hijos, Sahar y Erez, que fueron liberados durante el primer acuerdo de tregua sellado entre Israel y Ham\u00e1s en noviembre de 2023. El presidente franc\u00e9s, Emmanuel Macron, mostr\u00f3 su \u201calivio y alegr\u00eda\u201d por la liberaci\u00f3n de Kalderon: \u201ccompartimos el alivio y la alegr\u00eda inmensas de sus allegados tras 483 d\u00edas en un infierno inimaginable\u201d, public\u00f3 el presidente galo en la red social X.<br \/>\nEn cuanto, Keith Siegel, de 65 a\u00f1os y con doble nacionalidad estadounidense e israel\u00ed, fue capturado en el kibutz Kfar Azzar junto a su esposa Aviiva, que tambi\u00e9n fue puesta en libertad en noviembre de 2023, y con la que ya se reuni\u00f3 en la base militar de Reim, al sur de Israel.<br \/>\n\u201cEl buen estado f\u00edsico y psicol\u00f3gico de los prisioneros del enemigo demuestra los valores de nuestra resistencia y su compromiso \u00e9tico con los prisioneros, mientras que la ocupaci\u00f3n criminal comete atroces violaciones contra nuestros prisioneros en las c\u00e1rceles\u201d, se\u00f1al\u00f3 Ham\u00e1s en un comunicado, en el que indica que Siegel sufre de problemas de salud.<br \/>\nDe las 251 personas secuestradas el 7 de octubre de 2023 quedan en el enclave 76, de las que m\u00e1s de una treintena estar\u00edan muertas, seg\u00fan las estimaciones del Ej\u00e9rcito israel\u00ed. Adem\u00e1s, hay tres israel\u00edes secuestrados desde hace m\u00e1s de una d\u00e9cada, uno de ellos un soldado muerto.<\/p>\n<p>CRUZ ROJA PIDE<br \/>\nSEGURIDAD<br \/>\nEn esta ocasi\u00f3n, y a diferencia de lo que ocurri\u00f3 durante la entrega de dos civiles israel\u00edes y cinco trabajadores tailandeses este jueves con escenas de caos y desorden, la entrega de los milicianos de palestinos a los trabajadores de la Cruz Roja fue r\u00e1pida y ordenada.<br \/>\nEsto provoc\u00f3 la protesta de Israel, que pidi\u00f3 el jueves, despu\u00e9s de retrasar durante horas la liberaci\u00f3n de presos palestinos, a los mediadores (Catar, Egipto y Estados Unidos) que Ham\u00e1s garantice y se comprometa a una entrega segura de sus rehenes.<br \/>\nEl Comit\u00e9 Internacional de la Cruz Roja (CICR) tambi\u00e9n ha hecho un llamamiento a las partes para que mejoren las condiciones de seguridad en el proceso de intercambio de rehenes y presos.<\/p>\n<p>APERTURA DEL PASO<br \/>\nDE R\u00c1FAH<br \/>\nTambi\u00e9n ayer los primeros palestinos comenzaron a cruzar de Gaza a Egipto a trav\u00e9s del paso fronterizo de R\u00e1fah, del que Israel tom\u00f3 el control en mayo de 2024. Se abre inicialmente para 50 militares y 50 civiles heridos, junto con las personas que los escoltan, con otras 100 personas, probablemente estudiantes, por razones humanitarias.<br \/>\nLa Organizaci\u00f3n Mundial de la Salud (OMS) estima que unos 12.000 gazat\u00edes deben ser trasladados para recibir tratamiento m\u00e9dico, incluidas operaciones complejas tras haber sido heridos durante la guerra, y tambi\u00e9n pacientes oncol\u00f3gicos.<br \/>\nLa Uni\u00f3n Europea anunci\u00f3 que despleg\u00f3 all\u00ed su misi\u00f3n de asistencia, que \u201capoyar\u00e1 al personal fronterizo palestino y permitir\u00e1 el traslado de personas fuera de Gaza\u201d. En esa misi\u00f3n, Espa\u00f1a participa con diez efectivos de la Guardia Civil, confirm\u00f3 ayer el ministro de Asuntos Exteriores, Jos\u00e9 Manuel Albares.<\/p>\n<p>SEGUNDA FASE DE<br \/>\nTREGUA<br \/>\nEl acuerdo de tregua prev\u00e9 la reanudaci\u00f3n de las negociaciones el d\u00eda 16 despu\u00e9s de su entrada en vigor, es decir, el lunes 3 de febrero, para discutir las modalidades de la segunda fase. El objetivo es liberar a los \u00faltimos rehenes (despu\u00e9s del total de 33 a liberar durante la primera fase) y poner fin definitivamente a la guerra, a lo que se oponen algunos miembros del Gobierno israel\u00ed. La etapa final deber\u00eda incluir la reconstrucci\u00f3n de Gaza y la devoluci\u00f3n de los cuerpos de los \u00faltimos rehenes fallecidos.<br \/>\nEst\u00e1 previsto que el martes comiencen las negociaciones sobre los acuerdos de liberaci\u00f3n de los 60 rehenes restantes y la retirada de las tropas israel\u00edes de Gaza, ya en una segunda fase del acuerdo.<br \/>\nDieciocho rehenes (trece israel\u00edes y cinco tailandeses) y 583 prisioneros palestinos ya fueron liberados desde que entr\u00f3 en vigor el acuerdo de tregua entre Ham\u00e1s e Israel el 19 de enero, despu\u00e9s de m\u00e1s de 15 meses de guerra devastadora en Gaza. El alto el fuego inicial de seis semanas, acordado con mediadores egipcios y catar\u00edes, y respaldado por Estados Unidos, se est\u00e1 cumpliendo a pesar de una serie de incidentes que llevaron a ambas partes a acusarse mutuamente de violar los t\u00e9rminos del acuerdo.<br \/>\nEl ataque del 7 de octubre de 2023 provoc\u00f3 la muerte de 1.200 personas del lado israel\u00ed y unas 251 personas fueron secuestradas. La ofensiva de represalia israel\u00ed ha dejado m\u00e1s de 47.400 muertos en Gaza, en su mayor\u00eda civiles, seg\u00fan datos del Ministerio de Salud de Ham\u00e1s. (RTVE.es)<\/p>\n<figure id=\"attachment_278866\" aria-describedby=\"caption-attachment-278866\" style=\"width: 300px\" class=\"wp-caption alignleft\"><img loading=\"lazy\" decoding=\"async\" class=\"wp-image-278866 size-medium\" src=\"https:\/\/www.eldiario.net\/portal\/wp-content\/uploads\/2025\/02\/GAZA-2-Reuters-300x169.jpg\" alt=\"\" width=\"300\" height=\"169\" srcset=\"https:\/\/www.eldiario.net\/portal\/wp-content\/uploads\/2025\/02\/GAZA-2-Reuters-300x169.jpg 300w, https:\/\/www.eldiario.net\/portal\/wp-content\/uploads\/2025\/02\/GAZA-2-Reuters-768x433.jpg 768w, https:\/\/www.eldiario.net\/portal\/wp-content\/uploads\/2025\/02\/GAZA-2-Reuters-746x420.jpg 746w, https:\/\/www.eldiario.net\/portal\/wp-content\/uploads\/2025\/02\/GAZA-2-Reuters-696x392.jpg 696w, https:\/\/www.eldiario.net\/portal\/wp-content\/uploads\/2025\/02\/GAZA-2-Reuters.jpg 900w\" sizes=\"auto, (max-width: 300px) 100vw, 300px\" \/><figcaption id=\"caption-attachment-278866\" class=\"wp-caption-text\">Yarden Bibas, uno de los capturados por Ham\u00e1s en Israel el 2023.<\/figcaption><\/figure>\n","protected":false},"excerpt":{"rendered":"<p>Ham\u00e1s liber\u00f3 ayer a los tres rehenes previstos en el cuarto intercambio de la tregua iniciada el 19 de enero. Los primeros en ser puestos en libertad ayer por la ma\u00f1ana fueron Ofer Kalderon y Yarden Bibas, que hab\u00edan permanecido retenidos en la Franja 484 d\u00edas, mientras que el tercero, Keith Siegel, fue liberado poco [&hellip;]<\/p>\n","protected":false},"author":1,"featured_media":278865,"comment_status":"closed","ping_status":"open","sticky":false,"template":"","format":"standard","meta":{"_acf_changed":false,"footnotes":""},"categories":[3],"tags":[],"class_list":["post-278864","post","type-post","status-publish","format-standard","has-post-thumbnail","category-internacional"],"acf":{"antetitulo":"Tras una dura negociaci\u00f3n"},"yoast_head":"<!-- This site is optimized with the Yoast SEO plugin v28.4 - https:\/\/yoast.com\/product\/yoast-seo-wordpress\/ -->\n<title>Ham\u00e1s libera a tres rehenes israel\u00edes en Franja de Gaza - El Diario - Bolivia<\/title>\n<meta name=\"robots\" content=\"index, follow, max-snippet:-1, max-image-preview:large, max-video-preview:-1\" \/>\n<link rel=\"canonical\" href=\"https:\/\/www.eldiario.net\/portal\/2025\/02\/02\/hamas-libera-a-tres-rehenes-israelies-en-franja-de-gaza\/\" \/>\n<meta property=\"og:locale\" content=\"es_ES\" \/>\n<meta property=\"og:type\" content=\"article\" \/>\n<meta property=\"og:title\" content=\"Ham\u00e1s libera a tres rehenes israel\u00edes en Franja de Gaza - El Diario - Bolivia\" \/>\n<meta property=\"og:description\" content=\"Ham\u00e1s liber\u00f3 ayer a los tres rehenes previstos en el cuarto intercambio de la tregua iniciada el 19 de enero. Los primeros en ser puestos en libertad ayer por la ma\u00f1ana fueron Ofer Kalderon y Yarden Bibas, que hab\u00edan permanecido retenidos en la Franja 484 d\u00edas, mientras que el tercero, Keith Siegel, fue liberado poco [&hellip;]\" \/>\n<meta property=\"og:url\" content=\"https:\/\/www.eldiario.net\/portal\/2025\/02\/02\/hamas-libera-a-tres-rehenes-israelies-en-franja-de-gaza\/\" \/>\n<meta property=\"og:site_name\" content=\"El Diario - Bolivia\" \/>\n<meta property=\"article:publisher\" content=\"https:\/\/www.facebook.com\/eldiario.bolivia\/\" \/>\n<meta property=\"article:published_time\" content=\"2025-02-02T11:25:09+00:00\" \/>\n<meta property=\"og:image\" content=\"https:\/\/www.eldiario.net\/portal\/wp-content\/uploads\/2025\/02\/GAZA-1-RTVE.es_.jpg\" \/>\n\t<meta property=\"og:image:width\" content=\"1600\" \/>\n\t<meta property=\"og:image:height\" content=\"900\" \/>\n\t<meta property=\"og:image:type\" content=\"image\/jpeg\" \/>\n<meta name=\"author\" content=\"Jeanette\" \/>\n<meta name=\"twitter:card\" content=\"summary_large_image\" \/>\n<meta name=\"twitter:creator\" content=\"@eldiario_net\" \/>\n<meta name=\"twitter:site\" content=\"@eldiario_net\" \/>\n<meta name=\"twitter:label1\" content=\"Escrito por\" \/>\n\t<meta name=\"twitter:data1\" content=\"Jeanette\" \/>\n\t<meta name=\"twitter:label2\" content=\"Tiempo de lectura\" \/>\n\t<meta name=\"twitter:data2\" content=\"7 minutos\" \/>\n<script type=\"application\/ld+json\" class=\"yoast-schema-graph\">{\"@context\":\"https:\\\/\\\/schema.org\",\"@graph\":[{\"@type\":\"Article\",\"@id\":\"https:\\\/\\\/www.eldiario.net\\\/portal\\\/2025\\\/02\\\/02\\\/hamas-libera-a-tres-rehenes-israelies-en-franja-de-gaza\\\/#article\",\"isPartOf\":{\"@id\":\"https:\\\/\\\/www.eldiario.net\\\/portal\\\/2025\\\/02\\\/02\\\/hamas-libera-a-tres-rehenes-israelies-en-franja-de-gaza\\\/\"},\"author\":{\"name\":\"Jeanette\",\"@id\":\"https:\\\/\\\/www.eldiario.net\\\/portal\\\/#\\\/schema\\\/person\\\/2c57cf2b7a7ae032e449e4c9b1019eac\"},\"headline\":\"Ham\u00e1s libera a tres rehenes israel\u00edes en Franja de Gaza\",\"datePublished\":\"2025-02-02T11:25:09+00:00\",\"mainEntityOfPage\":{\"@id\":\"https:\\\/\\\/www.eldiario.net\\\/portal\\\/2025\\\/02\\\/02\\\/hamas-libera-a-tres-rehenes-israelies-en-franja-de-gaza\\\/\"},\"wordCount\":1427,\"publisher\":{\"@id\":\"https:\\\/\\\/www.eldiario.net\\\/portal\\\/#organization\"},\"image\":{\"@id\":\"https:\\\/\\\/www.eldiario.net\\\/portal\\\/2025\\\/02\\\/02\\\/hamas-libera-a-tres-rehenes-israelies-en-franja-de-gaza\\\/#primaryimage\"},\"thumbnailUrl\":\"https:\\\/\\\/www.eldiario.net\\\/portal\\\/wp-content\\\/uploads\\\/2025\\\/02\\\/GAZA-1-RTVE.es_.jpg\",\"articleSection\":[\"Internacional\"],\"inLanguage\":\"es\"},{\"@type\":\"WebPage\",\"@id\":\"https:\\\/\\\/www.eldiario.net\\\/portal\\\/2025\\\/02\\\/02\\\/hamas-libera-a-tres-rehenes-israelies-en-franja-de-gaza\\\/\",\"url\":\"https:\\\/\\\/www.eldiario.net\\\/portal\\\/2025\\\/02\\\/02\\\/hamas-libera-a-tres-rehenes-israelies-en-franja-de-gaza\\\/\",\"name\":\"Ham\u00e1s libera a tres rehenes israel\u00edes en Franja de Gaza - El Diario - Bolivia\",\"isPartOf\":{\"@id\":\"https:\\\/\\\/www.eldiario.net\\\/portal\\\/#website\"},\"primaryImageOfPage\":{\"@id\":\"https:\\\/\\\/www.eldiario.net\\\/portal\\\/2025\\\/02\\\/02\\\/hamas-libera-a-tres-rehenes-israelies-en-franja-de-gaza\\\/#primaryimage\"},\"image\":{\"@id\":\"https:\\\/\\\/www.eldiario.net\\\/portal\\\/2025\\\/02\\\/02\\\/hamas-libera-a-tres-rehenes-israelies-en-franja-de-gaza\\\/#primaryimage\"},\"thumbnailUrl\":\"https:\\\/\\\/www.eldiario.net\\\/portal\\\/wp-content\\\/uploads\\\/2025\\\/02\\\/GAZA-1-RTVE.es_.jpg\",\"datePublished\":\"2025-02-02T11:25:09+00:00\",\"breadcrumb\":{\"@id\":\"https:\\\/\\\/www.eldiario.net\\\/portal\\\/2025\\\/02\\\/02\\\/hamas-libera-a-tres-rehenes-israelies-en-franja-de-gaza\\\/#breadcrumb\"},\"inLanguage\":\"es\",\"potentialAction\":[{\"@type\":\"ReadAction\",\"target\":[\"https:\\\/\\\/www.eldiario.net\\\/portal\\\/2025\\\/02\\\/02\\\/hamas-libera-a-tres-rehenes-israelies-en-franja-de-gaza\\\/\"]}]},{\"@type\":\"ImageObject\",\"inLanguage\":\"es\",\"@id\":\"https:\\\/\\\/www.eldiario.net\\\/portal\\\/2025\\\/02\\\/02\\\/hamas-libera-a-tres-rehenes-israelies-en-franja-de-gaza\\\/#primaryimage\",\"url\":\"https:\\\/\\\/www.eldiario.net\\\/portal\\\/wp-content\\\/uploads\\\/2025\\\/02\\\/GAZA-1-RTVE.es_.jpg\",\"contentUrl\":\"https:\\\/\\\/www.eldiario.net\\\/portal\\\/wp-content\\\/uploads\\\/2025\\\/02\\\/GAZA-1-RTVE.es_.jpg\",\"width\":1600,\"height\":900,\"caption\":\"Ham\u00e1s e Israel completan el cuarto intercambio de la tregua en Gaza.\"},{\"@type\":\"BreadcrumbList\",\"@id\":\"https:\\\/\\\/www.eldiario.net\\\/portal\\\/2025\\\/02\\\/02\\\/hamas-libera-a-tres-rehenes-israelies-en-franja-de-gaza\\\/#breadcrumb\",\"itemListElement\":[{\"@type\":\"ListItem\",\"position\":1,\"name\":\"Portada\",\"item\":\"https:\\\/\\\/www.eldiario.net\\\/portal\\\/\"},{\"@type\":\"ListItem\",\"position\":2,\"name\":\"Ham\u00e1s libera a tres rehenes israel\u00edes en Franja de Gaza\"}]},{\"@type\":\"WebSite\",\"@id\":\"https:\\\/\\\/www.eldiario.net\\\/portal\\\/#website\",\"url\":\"https:\\\/\\\/www.eldiario.net\\\/portal\\\/\",\"name\":\"El Diario - Decano de la prensa nacional\",\"description\":\"El Diario - Decano de la prensa nacional\",\"publisher\":{\"@id\":\"https:\\\/\\\/www.eldiario.net\\\/portal\\\/#organization\"},\"potentialAction\":[{\"@type\":\"SearchAction\",\"target\":{\"@type\":\"EntryPoint\",\"urlTemplate\":\"https:\\\/\\\/www.eldiario.net\\\/portal\\\/?s={search_term_string}\"},\"query-input\":{\"@type\":\"PropertyValueSpecification\",\"valueRequired\":true,\"valueName\":\"search_term_string\"}}],\"inLanguage\":\"es\"},{\"@type\":\"Organization\",\"@id\":\"https:\\\/\\\/www.eldiario.net\\\/portal\\\/#organization\",\"name\":\"El Diario - Decano de la prensa nacional\",\"url\":\"https:\\\/\\\/www.eldiario.net\\\/portal\\\/\",\"logo\":{\"@type\":\"ImageObject\",\"inLanguage\":\"es\",\"@id\":\"https:\\\/\\\/www.eldiario.net\\\/portal\\\/#\\\/schema\\\/logo\\\/image\\\/\",\"url\":\"https:\\\/\\\/www.eldiario.net\\\/portal\\\/wp-content\\\/uploads\\\/2023\\\/07\\\/logo_ED.jpg\",\"contentUrl\":\"https:\\\/\\\/www.eldiario.net\\\/portal\\\/wp-content\\\/uploads\\\/2023\\\/07\\\/logo_ED.jpg\",\"width\":272,\"height\":52,\"caption\":\"El Diario - Decano de la prensa nacional\"},\"image\":{\"@id\":\"https:\\\/\\\/www.eldiario.net\\\/portal\\\/#\\\/schema\\\/logo\\\/image\\\/\"},\"sameAs\":[\"https:\\\/\\\/www.facebook.com\\\/eldiario.bolivia\\\/\",\"https:\\\/\\\/x.com\\\/eldiario_net\"]},{\"@type\":\"Person\",\"@id\":\"https:\\\/\\\/www.eldiario.net\\\/portal\\\/#\\\/schema\\\/person\\\/2c57cf2b7a7ae032e449e4c9b1019eac\",\"name\":\"Jeanette\",\"image\":{\"@type\":\"ImageObject\",\"inLanguage\":\"es\",\"@id\":\"https:\\\/\\\/secure.gravatar.com\\\/avatar\\\/3ea2118a5f7dad2b7138b1187a6b7ee55f160b9968b66013c3a3ef39dd7e5798?s=96&d=mm&r=g\",\"url\":\"https:\\\/\\\/secure.gravatar.com\\\/avatar\\\/3ea2118a5f7dad2b7138b1187a6b7ee55f160b9968b66013c3a3ef39dd7e5798?s=96&d=mm&r=g\",\"contentUrl\":\"https:\\\/\\\/secure.gravatar.com\\\/avatar\\\/3ea2118a5f7dad2b7138b1187a6b7ee55f160b9968b66013c3a3ef39dd7e5798?s=96&d=mm&r=g\",\"caption\":\"Jeanette\"},\"sameAs\":[\"https:\\\/\\\/www.eldiario.net\\\/portal\"],\"url\":\"https:\\\/\\\/www.eldiario.net\\\/portal\\\/author\\\/jeanette\\\/\"}]}<\/script>\n<!-- \/ Yoast SEO plugin. -->","yoast_head_json":{"title":"Ham\u00e1s libera a tres rehenes israel\u00edes en Franja de Gaza - El Diario - Bolivia","robots":{"index":"index","follow":"follow","max-snippet":"max-snippet:-1","max-image-preview":"max-image-preview:large","max-video-preview":"max-video-preview:-1"},"canonical":"https:\/\/www.eldiario.net\/portal\/2025\/02\/02\/hamas-libera-a-tres-rehenes-israelies-en-franja-de-gaza\/","og_locale":"es_ES","og_type":"article","og_title":"Ham\u00e1s libera a tres rehenes israel\u00edes en Franja de Gaza - El Diario - Bolivia","og_description":"Ham\u00e1s liber\u00f3 ayer a los tres rehenes previstos en el cuarto intercambio de la tregua iniciada el 19 de enero. Los primeros en ser puestos en libertad ayer por la ma\u00f1ana fueron Ofer Kalderon y Yarden Bibas, que hab\u00edan permanecido retenidos en la Franja 484 d\u00edas, mientras que el tercero, Keith Siegel, fue liberado poco [&hellip;]","og_url":"https:\/\/www.eldiario.net\/portal\/2025\/02\/02\/hamas-libera-a-tres-rehenes-israelies-en-franja-de-gaza\/","og_site_name":"El Diario - Bolivia","article_publisher":"https:\/\/www.facebook.com\/eldiario.bolivia\/","article_published_time":"2025-02-02T11:25:09+00:00","og_image":[{"width":1600,"height":900,"url":"https:\/\/www.eldiario.net\/portal\/wp-content\/uploads\/2025\/02\/GAZA-1-RTVE.es_.jpg","type":"image\/jpeg"}],"author":"Jeanette","twitter_card":"summary_large_image","twitter_creator":"@eldiario_net","twitter_site":"@eldiario_net","twitter_misc":{"Escrito por":"Jeanette","Tiempo de lectura":"7 minutos"},"schema":{"@context":"https:\/\/schema.org","@graph":[{"@type":"Article","@id":"https:\/\/www.eldiario.net\/portal\/2025\/02\/02\/hamas-libera-a-tres-rehenes-israelies-en-franja-de-gaza\/#article","isPartOf":{"@id":"https:\/\/www.eldiario.net\/portal\/2025\/02\/02\/hamas-libera-a-tres-rehenes-israelies-en-franja-de-gaza\/"},"author":{"name":"Jeanette","@id":"https:\/\/www.eldiario.net\/portal\/#\/schema\/person\/2c57cf2b7a7ae032e449e4c9b1019eac"},"headline":"Ham\u00e1s libera a tres rehenes israel\u00edes en Franja de Gaza","datePublished":"2025-02-02T11:25:09+00:00","mainEntityOfPage":{"@id":"https:\/\/www.eldiario.net\/portal\/2025\/02\/02\/hamas-libera-a-tres-rehenes-israelies-en-franja-de-gaza\/"},"wordCount":1427,"publisher":{"@id":"https:\/\/www.eldiario.net\/portal\/#organization"},"image":{"@id":"https:\/\/www.eldiario.net\/portal\/2025\/02\/02\/hamas-libera-a-tres-rehenes-israelies-en-franja-de-gaza\/#primaryimage"},"thumbnailUrl":"https:\/\/www.eldiario.net\/portal\/wp-content\/uploads\/2025\/02\/GAZA-1-RTVE.es_.jpg","articleSection":["Internacional"],"inLanguage":"es"},{"@type":"WebPage","@id":"https:\/\/www.eldiario.net\/portal\/2025\/02\/02\/hamas-libera-a-tres-rehenes-israelies-en-franja-de-gaza\/","url":"https:\/\/www.eldiario.net\/portal\/2025\/02\/02\/hamas-libera-a-tres-rehenes-israelies-en-franja-de-gaza\/","name":"Ham\u00e1s libera a tres rehenes israel\u00edes en Franja de Gaza - El Diario - Bolivia","isPartOf":{"@id":"https:\/\/www.eldiario.net\/portal\/#website"},"primaryImageOfPage":{"@id":"https:\/\/www.eldiario.net\/portal\/2025\/02\/02\/hamas-libera-a-tres-rehenes-israelies-en-franja-de-gaza\/#primaryimage"},"image":{"@id":"https:\/\/www.eldiario.net\/portal\/2025\/02\/02\/hamas-libera-a-tres-rehenes-israelies-en-franja-de-gaza\/#primaryimage"},"thumbnailUrl":"https:\/\/www.eldiario.net\/portal\/wp-content\/uploads\/2025\/02\/GAZA-1-RTVE.es_.jpg","datePublished":"2025-02-02T11:25:09+00:00","breadcrumb":{"@id":"https:\/\/www.eldiario.net\/portal\/2025\/02\/02\/hamas-libera-a-tres-rehenes-israelies-en-franja-de-gaza\/#breadcrumb"},"inLanguage":"es","potentialAction":[{"@type":"ReadAction","target":["https:\/\/www.eldiario.net\/portal\/2025\/02\/02\/hamas-libera-a-tres-rehenes-israelies-en-franja-de-gaza\/"]}]},{"@type":"ImageObject","inLanguage":"es","@id":"https:\/\/www.eldiario.net\/portal\/2025\/02\/02\/hamas-libera-a-tres-rehenes-israelies-en-franja-de-gaza\/#primaryimage","url":"https:\/\/www.eldiario.net\/portal\/wp-content\/uploads\/2025\/02\/GAZA-1-RTVE.es_.jpg","contentUrl":"https:\/\/www.eldiario.net\/portal\/wp-content\/uploads\/2025\/02\/GAZA-1-RTVE.es_.jpg","width":1600,"height":900,"caption":"Ham\u00e1s e Israel completan el cuarto intercambio de la tregua en Gaza."},{"@type":"BreadcrumbList","@id":"https:\/\/www.eldiario.net\/portal\/2025\/02\/02\/hamas-libera-a-tres-rehenes-israelies-en-franja-de-gaza\/#breadcrumb","itemListElement":[{"@type":"ListItem","position":1,"name":"Portada","item":"https:\/\/www.eldiario.net\/portal\/"},{"@type":"ListItem","position":2,"name":"Ham\u00e1s libera a tres rehenes israel\u00edes en Franja de Gaza"}]},{"@type":"WebSite","@id":"https:\/\/www.eldiario.net\/portal\/#website","url":"https:\/\/www.eldiario.net\/portal\/","name":"El Diario - Decano de la prensa nacional","description":"El Diario - Decano de la prensa nacional","publisher":{"@id":"https:\/\/www.eldiario.net\/portal\/#organization"},"potentialAction":[{"@type":"SearchAction","target":{"@type":"EntryPoint","urlTemplate":"https:\/\/www.eldiario.net\/portal\/?s={search_term_string}"},"query-input":{"@type":"PropertyValueSpecification","valueRequired":true,"valueName":"search_term_string"}}],"inLanguage":"es"},{"@type":"Organization","@id":"https:\/\/www.eldiario.net\/portal\/#organization","name":"El Diario - Decano de la prensa nacional","url":"https:\/\/www.eldiario.net\/portal\/","logo":{"@type":"ImageObject","inLanguage":"es","@id":"https:\/\/www.eldiario.net\/portal\/#\/schema\/logo\/image\/","url":"https:\/\/www.eldiario.net\/portal\/wp-content\/uploads\/2023\/07\/logo_ED.jpg","contentUrl":"https:\/\/www.eldiario.net\/portal\/wp-content\/uploads\/2023\/07\/logo_ED.jpg","width":272,"height":52,"caption":"El Diario - Decano de la prensa nacional"},"image":{"@id":"https:\/\/www.eldiario.net\/portal\/#\/schema\/logo\/image\/"},"sameAs":["https:\/\/www.facebook.com\/eldiario.bolivia\/","https:\/\/x.com\/eldiario_net"]},{"@type":"Person","@id":"https:\/\/www.eldiario.net\/portal\/#\/schema\/person\/2c57cf2b7a7ae032e449e4c9b1019eac","name":"Jeanette","image":{"@type":"ImageObject","inLanguage":"es","@id":"https:\/\/secure.gravatar.com\/avatar\/3ea2118a5f7dad2b7138b1187a6b7ee55f160b9968b66013c3a3ef39dd7e5798?s=96&d=mm&r=g","url":"https:\/\/secure.gravatar.com\/avatar\/3ea2118a5f7dad2b7138b1187a6b7ee55f160b9968b66013c3a3ef39dd7e5798?s=96&d=mm&r=g","contentUrl":"https:\/\/secure.gravatar.com\/avatar\/3ea2118a5f7dad2b7138b1187a6b7ee55f160b9968b66013c3a3ef39dd7e5798?s=96&d=mm&r=g","caption":"Jeanette"},"sameAs":["https:\/\/www.eldiario.net\/portal"],"url":"https:\/\/www.eldiario.net\/portal\/author\/jeanette\/"}]}},"_links":{"self":[{"href":"https:\/\/www.eldiario.net\/portal\/wp-json\/wp\/v2\/posts\/278864","targetHints":{"allow":["GET"]}}],"collection":[{"href":"https:\/\/www.eldiario.net\/portal\/wp-json\/wp\/v2\/posts"}],"about":[{"href":"https:\/\/www.eldiario.net\/portal\/wp-json\/wp\/v2\/types\/post"}],"author":[{"embeddable":true,"href":"https:\/\/www.eldiario.net\/portal\/wp-json\/wp\/v2\/users\/1"}],"replies":[{"embeddable":true,"href":"https:\/\/www.eldiario.net\/portal\/wp-json\/wp\/v2\/comments?post=278864"}],"version-history":[{"count":1,"href":"https:\/\/www.eldiario.net\/portal\/wp-json\/wp\/v2\/posts\/278864\/revisions"}],"predecessor-version":[{"id":278867,"href":"https:\/\/www.eldiario.net\/portal\/wp-json\/wp\/v2\/posts\/278864\/revisions\/278867"}],"wp:featuredmedia":[{"embeddable":true,"href":"https:\/\/www.eldiario.net\/portal\/wp-json\/wp\/v2\/media\/278865"}],"wp:attachment":[{"href":"https:\/\/www.eldiario.net\/portal\/wp-json\/wp\/v2\/media?parent=278864"}],"wp:term":[{"taxonomy":"category","embeddable":true,"href":"https:\/\/www.eldiario.net\/portal\/wp-json\/wp\/v2\/categories?post=278864"},{"taxonomy":"post_tag","embeddable":true,"href":"https:\/\/www.eldiario.net\/portal\/wp-json\/wp\/v2\/tags?post=278864"}],"curies":[{"name":"wp","href":"https:\/\/api.w.org\/{rel}","templated":true}]}}