{"id":278861,"date":"2025-02-02T07:23:44","date_gmt":"2025-02-02T11:23:44","guid":{"rendered":"https:\/\/www.eldiario.net\/portal\/?p=278861"},"modified":"2025-02-02T07:23:44","modified_gmt":"2025-02-02T11:23:44","slug":"muere-expresidente-aleman-horst-kohler","status":"publish","type":"post","link":"https:\/\/www.eldiario.net\/portal\/2025\/02\/02\/muere-expresidente-aleman-horst-kohler\/","title":{"rendered":"Muere expresidente alem\u00e1n Horst K\u00f6hler"},"content":{"rendered":"<p>El expresidente alem\u00e1n Horst K\u00f6hler falleci\u00f3 ayer a los 81 a\u00f1os tras una breve y grave enfermedad, rodeado de su familia, seg\u00fan anunci\u00f3 la oficina presidencial en Berl\u00edn.<br \/>\nElegido el 23 de mayo de 2004 y confirmado en el cargo para un segundo mandato cinco a\u00f1os despu\u00e9s, dimiti\u00f3 inesperadamente el 31 de mayo de 2010. El actual presidente, Frank-Walter Steinmeier, le rindi\u00f3 homenaje en un mensaje a la viuda de K\u00f6hler, Eva Luise K\u00f6hler, en el que lo define se\u00f1alando que fue un \u00abgolpe de suerte para nuestro pa\u00eds\u00bb.<br \/>\n\u00abS\u00f3lo podemos estar profundamente agradecidos de haber podido vivir la experiencia de Horst K\u00f6hler como el noveno presidente de la Rep\u00fablica Federal Alemana. Le dio mucho a este pa\u00eds\u00bb, escribi\u00f3 Steinmeier. \u00abCon la muerte de Horst K\u00f6hler, hemos perdido a una persona muy estimada y extremadamente popular que logr\u00f3 grandes cosas, para nuestro pa\u00eds y en el mundo\u00bb, agrega en la carta.<\/p>\n<p>SIN AFILIACI\u00d3N<br \/>\nPARTIDISTA<br \/>\nK\u00f6hler fue el primer presidente que asumi\u00f3 el cargo sin afiliaci\u00f3n pol\u00edtica. En 1976, tras estudiar Econom\u00eda, comenz\u00f3 su carrera como funcionario del Ministerio de Econom\u00eda y en 1990 ascendi\u00f3 a secretario de Estado del Ministerio de Finanzas.<br \/>\nK\u00f6hler fue el principal negociador de Alemania en el per\u00edodo previo al Tratado de Maastricht de 1992, que condujo a la creaci\u00f3n del euro. En 1993, pas\u00f3 al sector privado, donde fue presidente de la asociaci\u00f3n de los poderosos bancos de ahorro y de las grandes cajas de Alemania, antes de ser nombrado presidente del Banco Europeo de Reconstrucci\u00f3n y Desarrollo en Londres. En 2000, se convirti\u00f3 en director gerente del Fondo Monetario Internacional (FMI).<\/p>\n<p>UNA DIMISI\u00d3N SIN<br \/>\nPRECEDENTES<br \/>\nElegido para suceder a Johannes Rau como presidente federal, un cargo representativo y en gran medida \u00fanicamente protocolario en Alemania, fue reelegido en 2009. Su dimisi\u00f3n un a\u00f1o despu\u00e9s fue una sorpresa y es \u00fanica en la historia reciente de Alemania.<br \/>\nSe produjo despu\u00e9s de un comentario desafortunado en una entrevista de radio sobre la participaci\u00f3n de Alemania en el conflicto de Afganist\u00e1n. Se le critic\u00f3 por justificar el despliegue militar all\u00ed con razones econ\u00f3micas, una acusaci\u00f3n que \u00e9l neg\u00f3. Sin embargo, consider\u00f3 que su posici\u00f3n se hab\u00eda visto irreparablemente perjudicada y renunci\u00f3.<\/p>\n<p>PRESIDENCIA NO EXENTA<br \/>\nDE POL\u00c9MICAS<br \/>\nEn el cargo, K\u00f6hler tom\u00f3 decisiones pol\u00e9micas, neg\u00e1ndose en ocasiones a firmar leyes como exige la constituci\u00f3n. Su papel en la maniobra para disolver el Parlamento a instancias del entonces canciller Gerhard Schr\u00f6der en 2005, fue tambi\u00e9n controvertido en su momento.<br \/>\nK\u00f6hler fue un ferviente defensor de \u00c1frica durante su carrera y fue enviado especial de la ONU para el S\u00e1hara Occidental entre 2017 y 2019. Tras su dimisi\u00f3n, K\u00f6hler se mantuvo al margen de la pol\u00edtica nacional, pero sirvi\u00f3 al frente de un consejo sobre cambio clim\u00e1tico. (Dw)<\/p>\n","protected":false},"excerpt":{"rendered":"<p>El expresidente alem\u00e1n Horst K\u00f6hler falleci\u00f3 ayer a los 81 a\u00f1os tras una breve y grave enfermedad, rodeado de su familia, seg\u00fan anunci\u00f3 la oficina presidencial en Berl\u00edn. Elegido el 23 de mayo de 2004 y confirmado en el cargo para un segundo mandato cinco a\u00f1os despu\u00e9s, dimiti\u00f3 inesperadamente el 31 de mayo de 2010. [&hellip;]<\/p>\n","protected":false},"author":1,"featured_media":278862,"comment_status":"closed","ping_status":"open","sticky":false,"template":"","format":"standard","meta":{"_acf_changed":false,"footnotes":""},"categories":[3],"tags":[],"class_list":["post-278861","post","type-post","status-publish","format-standard","has-post-thumbnail","category-internacional"],"acf":{"antetitulo":""},"yoast_head":"<!-- This site is optimized with the Yoast SEO plugin v28.4 - https:\/\/yoast.com\/product\/yoast-seo-wordpress\/ -->\n<title>Muere expresidente alem\u00e1n Horst K\u00f6hler - El Diario - Bolivia<\/title>\n<meta name=\"robots\" content=\"index, follow, max-snippet:-1, max-image-preview:large, max-video-preview:-1\" \/>\n<link rel=\"canonical\" href=\"https:\/\/www.eldiario.net\/portal\/2025\/02\/02\/muere-expresidente-aleman-horst-kohler\/\" \/>\n<meta property=\"og:locale\" content=\"es_ES\" \/>\n<meta property=\"og:type\" content=\"article\" \/>\n<meta property=\"og:title\" content=\"Muere expresidente alem\u00e1n Horst K\u00f6hler - El Diario - Bolivia\" \/>\n<meta property=\"og:description\" content=\"El expresidente alem\u00e1n Horst K\u00f6hler falleci\u00f3 ayer a los 81 a\u00f1os tras una breve y grave enfermedad, rodeado de su familia, seg\u00fan anunci\u00f3 la oficina presidencial en Berl\u00edn. Elegido el 23 de mayo de 2004 y confirmado en el cargo para un segundo mandato cinco a\u00f1os despu\u00e9s, dimiti\u00f3 inesperadamente el 31 de mayo de 2010. [&hellip;]\" \/>\n<meta property=\"og:url\" content=\"https:\/\/www.eldiario.net\/portal\/2025\/02\/02\/muere-expresidente-aleman-horst-kohler\/\" \/>\n<meta property=\"og:site_name\" content=\"El Diario - Bolivia\" \/>\n<meta property=\"article:publisher\" content=\"https:\/\/www.facebook.com\/eldiario.bolivia\/\" \/>\n<meta property=\"article:published_time\" content=\"2025-02-02T11:23:44+00:00\" \/>\n<meta property=\"og:image\" content=\"https:\/\/www.eldiario.net\/portal\/wp-content\/uploads\/2025\/02\/ALEMAN-El-Mundo.webp\" \/>\n\t<meta property=\"og:image:width\" content=\"828\" \/>\n\t<meta property=\"og:image:height\" content=\"552\" \/>\n\t<meta property=\"og:image:type\" content=\"image\/webp\" \/>\n<meta name=\"author\" content=\"Jeanette\" \/>\n<meta name=\"twitter:card\" content=\"summary_large_image\" \/>\n<meta name=\"twitter:creator\" content=\"@eldiario_net\" \/>\n<meta name=\"twitter:site\" content=\"@eldiario_net\" \/>\n<meta name=\"twitter:label1\" content=\"Escrito por\" \/>\n\t<meta name=\"twitter:data1\" content=\"Jeanette\" \/>\n\t<meta name=\"twitter:label2\" content=\"Tiempo de lectura\" \/>\n\t<meta name=\"twitter:data2\" content=\"3 minutos\" \/>\n<script type=\"application\/ld+json\" class=\"yoast-schema-graph\">{\"@context\":\"https:\\\/\\\/schema.org\",\"@graph\":[{\"@type\":\"Article\",\"@id\":\"https:\\\/\\\/www.eldiario.net\\\/portal\\\/2025\\\/02\\\/02\\\/muere-expresidente-aleman-horst-kohler\\\/#article\",\"isPartOf\":{\"@id\":\"https:\\\/\\\/www.eldiario.net\\\/portal\\\/2025\\\/02\\\/02\\\/muere-expresidente-aleman-horst-kohler\\\/\"},\"author\":{\"name\":\"Jeanette\",\"@id\":\"https:\\\/\\\/www.eldiario.net\\\/portal\\\/#\\\/schema\\\/person\\\/2c57cf2b7a7ae032e449e4c9b1019eac\"},\"headline\":\"Muere expresidente alem\u00e1n Horst K\u00f6hler\",\"datePublished\":\"2025-02-02T11:23:44+00:00\",\"mainEntityOfPage\":{\"@id\":\"https:\\\/\\\/www.eldiario.net\\\/portal\\\/2025\\\/02\\\/02\\\/muere-expresidente-aleman-horst-kohler\\\/\"},\"wordCount\":503,\"publisher\":{\"@id\":\"https:\\\/\\\/www.eldiario.net\\\/portal\\\/#organization\"},\"image\":{\"@id\":\"https:\\\/\\\/www.eldiario.net\\\/portal\\\/2025\\\/02\\\/02\\\/muere-expresidente-aleman-horst-kohler\\\/#primaryimage\"},\"thumbnailUrl\":\"https:\\\/\\\/www.eldiario.net\\\/portal\\\/wp-content\\\/uploads\\\/2025\\\/02\\\/ALEMAN-El-Mundo.webp\",\"articleSection\":[\"Internacional\"],\"inLanguage\":\"es\"},{\"@type\":\"WebPage\",\"@id\":\"https:\\\/\\\/www.eldiario.net\\\/portal\\\/2025\\\/02\\\/02\\\/muere-expresidente-aleman-horst-kohler\\\/\",\"url\":\"https:\\\/\\\/www.eldiario.net\\\/portal\\\/2025\\\/02\\\/02\\\/muere-expresidente-aleman-horst-kohler\\\/\",\"name\":\"Muere expresidente alem\u00e1n Horst K\u00f6hler - El Diario - Bolivia\",\"isPartOf\":{\"@id\":\"https:\\\/\\\/www.eldiario.net\\\/portal\\\/#website\"},\"primaryImageOfPage\":{\"@id\":\"https:\\\/\\\/www.eldiario.net\\\/portal\\\/2025\\\/02\\\/02\\\/muere-expresidente-aleman-horst-kohler\\\/#primaryimage\"},\"image\":{\"@id\":\"https:\\\/\\\/www.eldiario.net\\\/portal\\\/2025\\\/02\\\/02\\\/muere-expresidente-aleman-horst-kohler\\\/#primaryimage\"},\"thumbnailUrl\":\"https:\\\/\\\/www.eldiario.net\\\/portal\\\/wp-content\\\/uploads\\\/2025\\\/02\\\/ALEMAN-El-Mundo.webp\",\"datePublished\":\"2025-02-02T11:23:44+00:00\",\"breadcrumb\":{\"@id\":\"https:\\\/\\\/www.eldiario.net\\\/portal\\\/2025\\\/02\\\/02\\\/muere-expresidente-aleman-horst-kohler\\\/#breadcrumb\"},\"inLanguage\":\"es\",\"potentialAction\":[{\"@type\":\"ReadAction\",\"target\":[\"https:\\\/\\\/www.eldiario.net\\\/portal\\\/2025\\\/02\\\/02\\\/muere-expresidente-aleman-horst-kohler\\\/\"]}]},{\"@type\":\"ImageObject\",\"inLanguage\":\"es\",\"@id\":\"https:\\\/\\\/www.eldiario.net\\\/portal\\\/2025\\\/02\\\/02\\\/muere-expresidente-aleman-horst-kohler\\\/#primaryimage\",\"url\":\"https:\\\/\\\/www.eldiario.net\\\/portal\\\/wp-content\\\/uploads\\\/2025\\\/02\\\/ALEMAN-El-Mundo.webp\",\"contentUrl\":\"https:\\\/\\\/www.eldiario.net\\\/portal\\\/wp-content\\\/uploads\\\/2025\\\/02\\\/ALEMAN-El-Mundo.webp\",\"width\":828,\"height\":552,\"caption\":\"El expresidente alem\u00e1n Horst K\u00f6hler.\"},{\"@type\":\"BreadcrumbList\",\"@id\":\"https:\\\/\\\/www.eldiario.net\\\/portal\\\/2025\\\/02\\\/02\\\/muere-expresidente-aleman-horst-kohler\\\/#breadcrumb\",\"itemListElement\":[{\"@type\":\"ListItem\",\"position\":1,\"name\":\"Portada\",\"item\":\"https:\\\/\\\/www.eldiario.net\\\/portal\\\/\"},{\"@type\":\"ListItem\",\"position\":2,\"name\":\"Muere expresidente alem\u00e1n Horst K\u00f6hler\"}]},{\"@type\":\"WebSite\",\"@id\":\"https:\\\/\\\/www.eldiario.net\\\/portal\\\/#website\",\"url\":\"https:\\\/\\\/www.eldiario.net\\\/portal\\\/\",\"name\":\"El Diario - Decano de la prensa nacional\",\"description\":\"El Diario - Decano de la prensa nacional\",\"publisher\":{\"@id\":\"https:\\\/\\\/www.eldiario.net\\\/portal\\\/#organization\"},\"potentialAction\":[{\"@type\":\"SearchAction\",\"target\":{\"@type\":\"EntryPoint\",\"urlTemplate\":\"https:\\\/\\\/www.eldiario.net\\\/portal\\\/?s={search_term_string}\"},\"query-input\":{\"@type\":\"PropertyValueSpecification\",\"valueRequired\":true,\"valueName\":\"search_term_string\"}}],\"inLanguage\":\"es\"},{\"@type\":\"Organization\",\"@id\":\"https:\\\/\\\/www.eldiario.net\\\/portal\\\/#organization\",\"name\":\"El Diario - Decano de la prensa nacional\",\"url\":\"https:\\\/\\\/www.eldiario.net\\\/portal\\\/\",\"logo\":{\"@type\":\"ImageObject\",\"inLanguage\":\"es\",\"@id\":\"https:\\\/\\\/www.eldiario.net\\\/portal\\\/#\\\/schema\\\/logo\\\/image\\\/\",\"url\":\"https:\\\/\\\/www.eldiario.net\\\/portal\\\/wp-content\\\/uploads\\\/2023\\\/07\\\/logo_ED.jpg\",\"contentUrl\":\"https:\\\/\\\/www.eldiario.net\\\/portal\\\/wp-content\\\/uploads\\\/2023\\\/07\\\/logo_ED.jpg\",\"width\":272,\"height\":52,\"caption\":\"El Diario - Decano de la prensa nacional\"},\"image\":{\"@id\":\"https:\\\/\\\/www.eldiario.net\\\/portal\\\/#\\\/schema\\\/logo\\\/image\\\/\"},\"sameAs\":[\"https:\\\/\\\/www.facebook.com\\\/eldiario.bolivia\\\/\",\"https:\\\/\\\/x.com\\\/eldiario_net\"]},{\"@type\":\"Person\",\"@id\":\"https:\\\/\\\/www.eldiario.net\\\/portal\\\/#\\\/schema\\\/person\\\/2c57cf2b7a7ae032e449e4c9b1019eac\",\"name\":\"Jeanette\",\"image\":{\"@type\":\"ImageObject\",\"inLanguage\":\"es\",\"@id\":\"https:\\\/\\\/secure.gravatar.com\\\/avatar\\\/3ea2118a5f7dad2b7138b1187a6b7ee55f160b9968b66013c3a3ef39dd7e5798?s=96&d=mm&r=g\",\"url\":\"https:\\\/\\\/secure.gravatar.com\\\/avatar\\\/3ea2118a5f7dad2b7138b1187a6b7ee55f160b9968b66013c3a3ef39dd7e5798?s=96&d=mm&r=g\",\"contentUrl\":\"https:\\\/\\\/secure.gravatar.com\\\/avatar\\\/3ea2118a5f7dad2b7138b1187a6b7ee55f160b9968b66013c3a3ef39dd7e5798?s=96&d=mm&r=g\",\"caption\":\"Jeanette\"},\"sameAs\":[\"https:\\\/\\\/www.eldiario.net\\\/portal\"],\"url\":\"https:\\\/\\\/www.eldiario.net\\\/portal\\\/author\\\/jeanette\\\/\"}]}<\/script>\n<!-- \/ Yoast SEO plugin. -->","yoast_head_json":{"title":"Muere expresidente alem\u00e1n Horst K\u00f6hler - El Diario - Bolivia","robots":{"index":"index","follow":"follow","max-snippet":"max-snippet:-1","max-image-preview":"max-image-preview:large","max-video-preview":"max-video-preview:-1"},"canonical":"https:\/\/www.eldiario.net\/portal\/2025\/02\/02\/muere-expresidente-aleman-horst-kohler\/","og_locale":"es_ES","og_type":"article","og_title":"Muere expresidente alem\u00e1n Horst K\u00f6hler - El Diario - Bolivia","og_description":"El expresidente alem\u00e1n Horst K\u00f6hler falleci\u00f3 ayer a los 81 a\u00f1os tras una breve y grave enfermedad, rodeado de su familia, seg\u00fan anunci\u00f3 la oficina presidencial en Berl\u00edn. Elegido el 23 de mayo de 2004 y confirmado en el cargo para un segundo mandato cinco a\u00f1os despu\u00e9s, dimiti\u00f3 inesperadamente el 31 de mayo de 2010. [&hellip;]","og_url":"https:\/\/www.eldiario.net\/portal\/2025\/02\/02\/muere-expresidente-aleman-horst-kohler\/","og_site_name":"El Diario - Bolivia","article_publisher":"https:\/\/www.facebook.com\/eldiario.bolivia\/","article_published_time":"2025-02-02T11:23:44+00:00","og_image":[{"width":828,"height":552,"url":"https:\/\/www.eldiario.net\/portal\/wp-content\/uploads\/2025\/02\/ALEMAN-El-Mundo.webp","type":"image\/webp"}],"author":"Jeanette","twitter_card":"summary_large_image","twitter_creator":"@eldiario_net","twitter_site":"@eldiario_net","twitter_misc":{"Escrito por":"Jeanette","Tiempo de lectura":"3 minutos"},"schema":{"@context":"https:\/\/schema.org","@graph":[{"@type":"Article","@id":"https:\/\/www.eldiario.net\/portal\/2025\/02\/02\/muere-expresidente-aleman-horst-kohler\/#article","isPartOf":{"@id":"https:\/\/www.eldiario.net\/portal\/2025\/02\/02\/muere-expresidente-aleman-horst-kohler\/"},"author":{"name":"Jeanette","@id":"https:\/\/www.eldiario.net\/portal\/#\/schema\/person\/2c57cf2b7a7ae032e449e4c9b1019eac"},"headline":"Muere expresidente alem\u00e1n Horst K\u00f6hler","datePublished":"2025-02-02T11:23:44+00:00","mainEntityOfPage":{"@id":"https:\/\/www.eldiario.net\/portal\/2025\/02\/02\/muere-expresidente-aleman-horst-kohler\/"},"wordCount":503,"publisher":{"@id":"https:\/\/www.eldiario.net\/portal\/#organization"},"image":{"@id":"https:\/\/www.eldiario.net\/portal\/2025\/02\/02\/muere-expresidente-aleman-horst-kohler\/#primaryimage"},"thumbnailUrl":"https:\/\/www.eldiario.net\/portal\/wp-content\/uploads\/2025\/02\/ALEMAN-El-Mundo.webp","articleSection":["Internacional"],"inLanguage":"es"},{"@type":"WebPage","@id":"https:\/\/www.eldiario.net\/portal\/2025\/02\/02\/muere-expresidente-aleman-horst-kohler\/","url":"https:\/\/www.eldiario.net\/portal\/2025\/02\/02\/muere-expresidente-aleman-horst-kohler\/","name":"Muere expresidente alem\u00e1n Horst K\u00f6hler - El Diario - Bolivia","isPartOf":{"@id":"https:\/\/www.eldiario.net\/portal\/#website"},"primaryImageOfPage":{"@id":"https:\/\/www.eldiario.net\/portal\/2025\/02\/02\/muere-expresidente-aleman-horst-kohler\/#primaryimage"},"image":{"@id":"https:\/\/www.eldiario.net\/portal\/2025\/02\/02\/muere-expresidente-aleman-horst-kohler\/#primaryimage"},"thumbnailUrl":"https:\/\/www.eldiario.net\/portal\/wp-content\/uploads\/2025\/02\/ALEMAN-El-Mundo.webp","datePublished":"2025-02-02T11:23:44+00:00","breadcrumb":{"@id":"https:\/\/www.eldiario.net\/portal\/2025\/02\/02\/muere-expresidente-aleman-horst-kohler\/#breadcrumb"},"inLanguage":"es","potentialAction":[{"@type":"ReadAction","target":["https:\/\/www.eldiario.net\/portal\/2025\/02\/02\/muere-expresidente-aleman-horst-kohler\/"]}]},{"@type":"ImageObject","inLanguage":"es","@id":"https:\/\/www.eldiario.net\/portal\/2025\/02\/02\/muere-expresidente-aleman-horst-kohler\/#primaryimage","url":"https:\/\/www.eldiario.net\/portal\/wp-content\/uploads\/2025\/02\/ALEMAN-El-Mundo.webp","contentUrl":"https:\/\/www.eldiario.net\/portal\/wp-content\/uploads\/2025\/02\/ALEMAN-El-Mundo.webp","width":828,"height":552,"caption":"El expresidente alem\u00e1n Horst K\u00f6hler."},{"@type":"BreadcrumbList","@id":"https:\/\/www.eldiario.net\/portal\/2025\/02\/02\/muere-expresidente-aleman-horst-kohler\/#breadcrumb","itemListElement":[{"@type":"ListItem","position":1,"name":"Portada","item":"https:\/\/www.eldiario.net\/portal\/"},{"@type":"ListItem","position":2,"name":"Muere expresidente alem\u00e1n Horst K\u00f6hler"}]},{"@type":"WebSite","@id":"https:\/\/www.eldiario.net\/portal\/#website","url":"https:\/\/www.eldiario.net\/portal\/","name":"El Diario - Decano de la prensa nacional","description":"El Diario - Decano de la prensa nacional","publisher":{"@id":"https:\/\/www.eldiario.net\/portal\/#organization"},"potentialAction":[{"@type":"SearchAction","target":{"@type":"EntryPoint","urlTemplate":"https:\/\/www.eldiario.net\/portal\/?s={search_term_string}"},"query-input":{"@type":"PropertyValueSpecification","valueRequired":true,"valueName":"search_term_string"}}],"inLanguage":"es"},{"@type":"Organization","@id":"https:\/\/www.eldiario.net\/portal\/#organization","name":"El Diario - Decano de la prensa nacional","url":"https:\/\/www.eldiario.net\/portal\/","logo":{"@type":"ImageObject","inLanguage":"es","@id":"https:\/\/www.eldiario.net\/portal\/#\/schema\/logo\/image\/","url":"https:\/\/www.eldiario.net\/portal\/wp-content\/uploads\/2023\/07\/logo_ED.jpg","contentUrl":"https:\/\/www.eldiario.net\/portal\/wp-content\/uploads\/2023\/07\/logo_ED.jpg","width":272,"height":52,"caption":"El Diario - Decano de la prensa nacional"},"image":{"@id":"https:\/\/www.eldiario.net\/portal\/#\/schema\/logo\/image\/"},"sameAs":["https:\/\/www.facebook.com\/eldiario.bolivia\/","https:\/\/x.com\/eldiario_net"]},{"@type":"Person","@id":"https:\/\/www.eldiario.net\/portal\/#\/schema\/person\/2c57cf2b7a7ae032e449e4c9b1019eac","name":"Jeanette","image":{"@type":"ImageObject","inLanguage":"es","@id":"https:\/\/secure.gravatar.com\/avatar\/3ea2118a5f7dad2b7138b1187a6b7ee55f160b9968b66013c3a3ef39dd7e5798?s=96&d=mm&r=g","url":"https:\/\/secure.gravatar.com\/avatar\/3ea2118a5f7dad2b7138b1187a6b7ee55f160b9968b66013c3a3ef39dd7e5798?s=96&d=mm&r=g","contentUrl":"https:\/\/secure.gravatar.com\/avatar\/3ea2118a5f7dad2b7138b1187a6b7ee55f160b9968b66013c3a3ef39dd7e5798?s=96&d=mm&r=g","caption":"Jeanette"},"sameAs":["https:\/\/www.eldiario.net\/portal"],"url":"https:\/\/www.eldiario.net\/portal\/author\/jeanette\/"}]}},"_links":{"self":[{"href":"https:\/\/www.eldiario.net\/portal\/wp-json\/wp\/v2\/posts\/278861","targetHints":{"allow":["GET"]}}],"collection":[{"href":"https:\/\/www.eldiario.net\/portal\/wp-json\/wp\/v2\/posts"}],"about":[{"href":"https:\/\/www.eldiario.net\/portal\/wp-json\/wp\/v2\/types\/post"}],"author":[{"embeddable":true,"href":"https:\/\/www.eldiario.net\/portal\/wp-json\/wp\/v2\/users\/1"}],"replies":[{"embeddable":true,"href":"https:\/\/www.eldiario.net\/portal\/wp-json\/wp\/v2\/comments?post=278861"}],"version-history":[{"count":1,"href":"https:\/\/www.eldiario.net\/portal\/wp-json\/wp\/v2\/posts\/278861\/revisions"}],"predecessor-version":[{"id":278863,"href":"https:\/\/www.eldiario.net\/portal\/wp-json\/wp\/v2\/posts\/278861\/revisions\/278863"}],"wp:featuredmedia":[{"embeddable":true,"href":"https:\/\/www.eldiario.net\/portal\/wp-json\/wp\/v2\/media\/278862"}],"wp:attachment":[{"href":"https:\/\/www.eldiario.net\/portal\/wp-json\/wp\/v2\/media?parent=278861"}],"wp:term":[{"taxonomy":"category","embeddable":true,"href":"https:\/\/www.eldiario.net\/portal\/wp-json\/wp\/v2\/categories?post=278861"},{"taxonomy":"post_tag","embeddable":true,"href":"https:\/\/www.eldiario.net\/portal\/wp-json\/wp\/v2\/tags?post=278861"}],"curies":[{"name":"wp","href":"https:\/\/api.w.org\/{rel}","templated":true}]}}