{"id":278520,"date":"2025-01-31T09:07:12","date_gmt":"2025-01-31T13:07:12","guid":{"rendered":"https:\/\/www.eldiario.net\/portal\/?p=278520"},"modified":"2025-01-31T09:07:12","modified_gmt":"2025-01-31T13:07:12","slug":"tuto-quiroga-denuncia-persecucion-politica-antes-de-elecciones-907","status":"publish","type":"post","link":"https:\/\/www.eldiario.net\/portal\/2025\/01\/31\/tuto-quiroga-denuncia-persecucion-politica-antes-de-elecciones-907\/","title":{"rendered":"Tuto Quiroga denuncia persecuci\u00f3n pol\u00edtica antes de elecciones. (9:07)"},"content":{"rendered":"<p>El expresidente Jorge Tuto Quiroga lleg\u00f3 a Santa Cruz asegurando que el caso Catler fue reactivado con fines pol\u00edticos para \u00abasustarlo e inhabilitarlo\u00bb a meses de las elecciones generales. Quiroga, quien fue citado a \u00faltimo momento para un juicio en La Paz, afirm\u00f3 que siempre ha dado la cara ante la justicia y denunci\u00f3 irregularidades en el proceso, el cual estuvo paralizado por a\u00f1os. \u00abQuieren hacerme ver como si estuviera escapando, pero aqu\u00ed estoy\u00bb, declar\u00f3.<\/p>\n<p>El caso Catler, que data de 2009, involucra corrupci\u00f3n en YPFB y un asesinato relacionado con el desv\u00edo de 400.000 d\u00f3lares. Quiroga denunci\u00f3 estas irregularidades en su momento, pero fue acusado por injurias y calumnias contra el Banco Uni\u00f3n. Aunque el proceso qued\u00f3 suspendido tras apelaciones, fue reactivado recientemente. Quiroga sostiene que esta medida es una maniobra pol\u00edtica en su contra, ya que fue quien destap\u00f3 el esc\u00e1ndalo originalmente.<\/p>\n","protected":false},"excerpt":{"rendered":"<p>El expresidente Jorge Tuto Quiroga lleg\u00f3 a Santa Cruz asegurando que el caso Catler fue reactivado con fines pol\u00edticos para \u00abasustarlo e inhabilitarlo\u00bb a meses de las elecciones generales. Quiroga, quien fue citado a \u00faltimo momento para un juicio en La Paz, afirm\u00f3 que siempre ha dado la cara ante la justicia y denunci\u00f3 irregularidades [&hellip;]<\/p>\n","protected":false},"author":7,"featured_media":278521,"comment_status":"closed","ping_status":"open","sticky":false,"template":"","format":"standard","meta":{"_acf_changed":false,"footnotes":""},"categories":[51],"tags":[],"class_list":["post-278520","post","type-post","status-publish","format-standard","has-post-thumbnail","category-ultima-hora"],"acf":{"antetitulo":""},"yoast_head":"<!-- This site is optimized with the Yoast SEO plugin v28.3 - https:\/\/yoast.com\/product\/yoast-seo-wordpress\/ -->\n<title>Tuto Quiroga denuncia persecuci\u00f3n pol\u00edtica antes de elecciones. (9:07) - El Diario - Bolivia<\/title>\n<meta name=\"robots\" content=\"index, follow, max-snippet:-1, max-image-preview:large, max-video-preview:-1\" \/>\n<link rel=\"canonical\" href=\"https:\/\/www.eldiario.net\/portal\/2025\/01\/31\/tuto-quiroga-denuncia-persecucion-politica-antes-de-elecciones-907\/\" \/>\n<meta property=\"og:locale\" content=\"es_ES\" \/>\n<meta property=\"og:type\" content=\"article\" \/>\n<meta property=\"og:title\" content=\"Tuto Quiroga denuncia persecuci\u00f3n pol\u00edtica antes de elecciones. (9:07) - El Diario - Bolivia\" \/>\n<meta property=\"og:description\" content=\"El expresidente Jorge Tuto Quiroga lleg\u00f3 a Santa Cruz asegurando que el caso Catler fue reactivado con fines pol\u00edticos para \u00abasustarlo e inhabilitarlo\u00bb a meses de las elecciones generales. Quiroga, quien fue citado a \u00faltimo momento para un juicio en La Paz, afirm\u00f3 que siempre ha dado la cara ante la justicia y denunci\u00f3 irregularidades [&hellip;]\" \/>\n<meta property=\"og:url\" content=\"https:\/\/www.eldiario.net\/portal\/2025\/01\/31\/tuto-quiroga-denuncia-persecucion-politica-antes-de-elecciones-907\/\" \/>\n<meta property=\"og:site_name\" content=\"El Diario - Bolivia\" \/>\n<meta property=\"article:publisher\" content=\"https:\/\/www.facebook.com\/eldiario.bolivia\/\" \/>\n<meta property=\"article:published_time\" content=\"2025-01-31T13:07:12+00:00\" \/>\n<meta property=\"og:image\" content=\"https:\/\/www.eldiario.net\/portal\/wp-content\/uploads\/2025\/01\/quiroga.jpg\" \/>\n\t<meta property=\"og:image:width\" content=\"224\" \/>\n\t<meta property=\"og:image:height\" content=\"225\" \/>\n\t<meta property=\"og:image:type\" content=\"image\/jpeg\" \/>\n<meta name=\"author\" content=\"Viviana Monrroy\" \/>\n<meta name=\"twitter:card\" content=\"summary_large_image\" \/>\n<meta name=\"twitter:creator\" content=\"@eldiario_net\" \/>\n<meta name=\"twitter:site\" content=\"@eldiario_net\" \/>\n<meta name=\"twitter:label1\" content=\"Escrito por\" \/>\n\t<meta name=\"twitter:data1\" content=\"Viviana Monrroy\" \/>\n\t<meta name=\"twitter:label2\" content=\"Tiempo de lectura\" \/>\n\t<meta name=\"twitter:data2\" content=\"1 minuto\" \/>\n<script type=\"application\/ld+json\" class=\"yoast-schema-graph\">{\"@context\":\"https:\\\/\\\/schema.org\",\"@graph\":[{\"@type\":\"Article\",\"@id\":\"https:\\\/\\\/www.eldiario.net\\\/portal\\\/2025\\\/01\\\/31\\\/tuto-quiroga-denuncia-persecucion-politica-antes-de-elecciones-907\\\/#article\",\"isPartOf\":{\"@id\":\"https:\\\/\\\/www.eldiario.net\\\/portal\\\/2025\\\/01\\\/31\\\/tuto-quiroga-denuncia-persecucion-politica-antes-de-elecciones-907\\\/\"},\"author\":{\"name\":\"Viviana Monrroy\",\"@id\":\"https:\\\/\\\/www.eldiario.net\\\/portal\\\/#\\\/schema\\\/person\\\/ba370d92d160f4d3574381f6d9b78fab\"},\"headline\":\"Tuto Quiroga denuncia persecuci\u00f3n pol\u00edtica antes de elecciones. (9:07)\",\"datePublished\":\"2025-01-31T13:07:12+00:00\",\"mainEntityOfPage\":{\"@id\":\"https:\\\/\\\/www.eldiario.net\\\/portal\\\/2025\\\/01\\\/31\\\/tuto-quiroga-denuncia-persecucion-politica-antes-de-elecciones-907\\\/\"},\"wordCount\":160,\"publisher\":{\"@id\":\"https:\\\/\\\/www.eldiario.net\\\/portal\\\/#organization\"},\"image\":{\"@id\":\"https:\\\/\\\/www.eldiario.net\\\/portal\\\/2025\\\/01\\\/31\\\/tuto-quiroga-denuncia-persecucion-politica-antes-de-elecciones-907\\\/#primaryimage\"},\"thumbnailUrl\":\"https:\\\/\\\/www.eldiario.net\\\/portal\\\/wp-content\\\/uploads\\\/2025\\\/01\\\/quiroga.jpg\",\"articleSection\":[\"\u00daltima Hora\"],\"inLanguage\":\"es\"},{\"@type\":\"WebPage\",\"@id\":\"https:\\\/\\\/www.eldiario.net\\\/portal\\\/2025\\\/01\\\/31\\\/tuto-quiroga-denuncia-persecucion-politica-antes-de-elecciones-907\\\/\",\"url\":\"https:\\\/\\\/www.eldiario.net\\\/portal\\\/2025\\\/01\\\/31\\\/tuto-quiroga-denuncia-persecucion-politica-antes-de-elecciones-907\\\/\",\"name\":\"Tuto Quiroga denuncia persecuci\u00f3n pol\u00edtica antes de elecciones. (9:07) - El Diario - Bolivia\",\"isPartOf\":{\"@id\":\"https:\\\/\\\/www.eldiario.net\\\/portal\\\/#website\"},\"primaryImageOfPage\":{\"@id\":\"https:\\\/\\\/www.eldiario.net\\\/portal\\\/2025\\\/01\\\/31\\\/tuto-quiroga-denuncia-persecucion-politica-antes-de-elecciones-907\\\/#primaryimage\"},\"image\":{\"@id\":\"https:\\\/\\\/www.eldiario.net\\\/portal\\\/2025\\\/01\\\/31\\\/tuto-quiroga-denuncia-persecucion-politica-antes-de-elecciones-907\\\/#primaryimage\"},\"thumbnailUrl\":\"https:\\\/\\\/www.eldiario.net\\\/portal\\\/wp-content\\\/uploads\\\/2025\\\/01\\\/quiroga.jpg\",\"datePublished\":\"2025-01-31T13:07:12+00:00\",\"breadcrumb\":{\"@id\":\"https:\\\/\\\/www.eldiario.net\\\/portal\\\/2025\\\/01\\\/31\\\/tuto-quiroga-denuncia-persecucion-politica-antes-de-elecciones-907\\\/#breadcrumb\"},\"inLanguage\":\"es\",\"potentialAction\":[{\"@type\":\"ReadAction\",\"target\":[\"https:\\\/\\\/www.eldiario.net\\\/portal\\\/2025\\\/01\\\/31\\\/tuto-quiroga-denuncia-persecucion-politica-antes-de-elecciones-907\\\/\"]}]},{\"@type\":\"ImageObject\",\"inLanguage\":\"es\",\"@id\":\"https:\\\/\\\/www.eldiario.net\\\/portal\\\/2025\\\/01\\\/31\\\/tuto-quiroga-denuncia-persecucion-politica-antes-de-elecciones-907\\\/#primaryimage\",\"url\":\"https:\\\/\\\/www.eldiario.net\\\/portal\\\/wp-content\\\/uploads\\\/2025\\\/01\\\/quiroga.jpg\",\"contentUrl\":\"https:\\\/\\\/www.eldiario.net\\\/portal\\\/wp-content\\\/uploads\\\/2025\\\/01\\\/quiroga.jpg\",\"width\":224,\"height\":225,\"caption\":\"Foto: RR.SS.\"},{\"@type\":\"BreadcrumbList\",\"@id\":\"https:\\\/\\\/www.eldiario.net\\\/portal\\\/2025\\\/01\\\/31\\\/tuto-quiroga-denuncia-persecucion-politica-antes-de-elecciones-907\\\/#breadcrumb\",\"itemListElement\":[{\"@type\":\"ListItem\",\"position\":1,\"name\":\"Portada\",\"item\":\"https:\\\/\\\/www.eldiario.net\\\/portal\\\/\"},{\"@type\":\"ListItem\",\"position\":2,\"name\":\"Tuto Quiroga denuncia persecuci\u00f3n pol\u00edtica antes de elecciones. (9:07)\"}]},{\"@type\":\"WebSite\",\"@id\":\"https:\\\/\\\/www.eldiario.net\\\/portal\\\/#website\",\"url\":\"https:\\\/\\\/www.eldiario.net\\\/portal\\\/\",\"name\":\"El Diario - Decano de la prensa nacional\",\"description\":\"El Diario - Decano de la prensa nacional\",\"publisher\":{\"@id\":\"https:\\\/\\\/www.eldiario.net\\\/portal\\\/#organization\"},\"potentialAction\":[{\"@type\":\"SearchAction\",\"target\":{\"@type\":\"EntryPoint\",\"urlTemplate\":\"https:\\\/\\\/www.eldiario.net\\\/portal\\\/?s={search_term_string}\"},\"query-input\":{\"@type\":\"PropertyValueSpecification\",\"valueRequired\":true,\"valueName\":\"search_term_string\"}}],\"inLanguage\":\"es\"},{\"@type\":\"Organization\",\"@id\":\"https:\\\/\\\/www.eldiario.net\\\/portal\\\/#organization\",\"name\":\"El Diario - Decano de la prensa nacional\",\"url\":\"https:\\\/\\\/www.eldiario.net\\\/portal\\\/\",\"logo\":{\"@type\":\"ImageObject\",\"inLanguage\":\"es\",\"@id\":\"https:\\\/\\\/www.eldiario.net\\\/portal\\\/#\\\/schema\\\/logo\\\/image\\\/\",\"url\":\"https:\\\/\\\/www.eldiario.net\\\/portal\\\/wp-content\\\/uploads\\\/2023\\\/07\\\/logo_ED.jpg\",\"contentUrl\":\"https:\\\/\\\/www.eldiario.net\\\/portal\\\/wp-content\\\/uploads\\\/2023\\\/07\\\/logo_ED.jpg\",\"width\":272,\"height\":52,\"caption\":\"El Diario - Decano de la prensa nacional\"},\"image\":{\"@id\":\"https:\\\/\\\/www.eldiario.net\\\/portal\\\/#\\\/schema\\\/logo\\\/image\\\/\"},\"sameAs\":[\"https:\\\/\\\/www.facebook.com\\\/eldiario.bolivia\\\/\",\"https:\\\/\\\/x.com\\\/eldiario_net\"]},{\"@type\":\"Person\",\"@id\":\"https:\\\/\\\/www.eldiario.net\\\/portal\\\/#\\\/schema\\\/person\\\/ba370d92d160f4d3574381f6d9b78fab\",\"name\":\"Viviana Monrroy\",\"image\":{\"@type\":\"ImageObject\",\"inLanguage\":\"es\",\"@id\":\"https:\\\/\\\/secure.gravatar.com\\\/avatar\\\/dfd1611ed5600959a0e5a9754503b6c05d1dcf190010998e0363aee2ad98afca?s=96&d=mm&r=g\",\"url\":\"https:\\\/\\\/secure.gravatar.com\\\/avatar\\\/dfd1611ed5600959a0e5a9754503b6c05d1dcf190010998e0363aee2ad98afca?s=96&d=mm&r=g\",\"contentUrl\":\"https:\\\/\\\/secure.gravatar.com\\\/avatar\\\/dfd1611ed5600959a0e5a9754503b6c05d1dcf190010998e0363aee2ad98afca?s=96&d=mm&r=g\",\"caption\":\"Viviana Monrroy\"},\"sameAs\":[\"http:\\\/\\\/www.eldiario.net\"],\"url\":\"https:\\\/\\\/www.eldiario.net\\\/portal\\\/author\\\/vivianamonrroy\\\/\"}]}<\/script>\n<!-- \/ Yoast SEO plugin. -->","yoast_head_json":{"title":"Tuto Quiroga denuncia persecuci\u00f3n pol\u00edtica antes de elecciones. (9:07) - El Diario - Bolivia","robots":{"index":"index","follow":"follow","max-snippet":"max-snippet:-1","max-image-preview":"max-image-preview:large","max-video-preview":"max-video-preview:-1"},"canonical":"https:\/\/www.eldiario.net\/portal\/2025\/01\/31\/tuto-quiroga-denuncia-persecucion-politica-antes-de-elecciones-907\/","og_locale":"es_ES","og_type":"article","og_title":"Tuto Quiroga denuncia persecuci\u00f3n pol\u00edtica antes de elecciones. (9:07) - El Diario - Bolivia","og_description":"El expresidente Jorge Tuto Quiroga lleg\u00f3 a Santa Cruz asegurando que el caso Catler fue reactivado con fines pol\u00edticos para \u00abasustarlo e inhabilitarlo\u00bb a meses de las elecciones generales. Quiroga, quien fue citado a \u00faltimo momento para un juicio en La Paz, afirm\u00f3 que siempre ha dado la cara ante la justicia y denunci\u00f3 irregularidades [&hellip;]","og_url":"https:\/\/www.eldiario.net\/portal\/2025\/01\/31\/tuto-quiroga-denuncia-persecucion-politica-antes-de-elecciones-907\/","og_site_name":"El Diario - Bolivia","article_publisher":"https:\/\/www.facebook.com\/eldiario.bolivia\/","article_published_time":"2025-01-31T13:07:12+00:00","og_image":[{"width":224,"height":225,"url":"https:\/\/www.eldiario.net\/portal\/wp-content\/uploads\/2025\/01\/quiroga.jpg","type":"image\/jpeg"}],"author":"Viviana Monrroy","twitter_card":"summary_large_image","twitter_creator":"@eldiario_net","twitter_site":"@eldiario_net","twitter_misc":{"Escrito por":"Viviana Monrroy","Tiempo de lectura":"1 minuto"},"schema":{"@context":"https:\/\/schema.org","@graph":[{"@type":"Article","@id":"https:\/\/www.eldiario.net\/portal\/2025\/01\/31\/tuto-quiroga-denuncia-persecucion-politica-antes-de-elecciones-907\/#article","isPartOf":{"@id":"https:\/\/www.eldiario.net\/portal\/2025\/01\/31\/tuto-quiroga-denuncia-persecucion-politica-antes-de-elecciones-907\/"},"author":{"name":"Viviana Monrroy","@id":"https:\/\/www.eldiario.net\/portal\/#\/schema\/person\/ba370d92d160f4d3574381f6d9b78fab"},"headline":"Tuto Quiroga denuncia persecuci\u00f3n pol\u00edtica antes de elecciones. (9:07)","datePublished":"2025-01-31T13:07:12+00:00","mainEntityOfPage":{"@id":"https:\/\/www.eldiario.net\/portal\/2025\/01\/31\/tuto-quiroga-denuncia-persecucion-politica-antes-de-elecciones-907\/"},"wordCount":160,"publisher":{"@id":"https:\/\/www.eldiario.net\/portal\/#organization"},"image":{"@id":"https:\/\/www.eldiario.net\/portal\/2025\/01\/31\/tuto-quiroga-denuncia-persecucion-politica-antes-de-elecciones-907\/#primaryimage"},"thumbnailUrl":"https:\/\/www.eldiario.net\/portal\/wp-content\/uploads\/2025\/01\/quiroga.jpg","articleSection":["\u00daltima Hora"],"inLanguage":"es"},{"@type":"WebPage","@id":"https:\/\/www.eldiario.net\/portal\/2025\/01\/31\/tuto-quiroga-denuncia-persecucion-politica-antes-de-elecciones-907\/","url":"https:\/\/www.eldiario.net\/portal\/2025\/01\/31\/tuto-quiroga-denuncia-persecucion-politica-antes-de-elecciones-907\/","name":"Tuto Quiroga denuncia persecuci\u00f3n pol\u00edtica antes de elecciones. (9:07) - El Diario - Bolivia","isPartOf":{"@id":"https:\/\/www.eldiario.net\/portal\/#website"},"primaryImageOfPage":{"@id":"https:\/\/www.eldiario.net\/portal\/2025\/01\/31\/tuto-quiroga-denuncia-persecucion-politica-antes-de-elecciones-907\/#primaryimage"},"image":{"@id":"https:\/\/www.eldiario.net\/portal\/2025\/01\/31\/tuto-quiroga-denuncia-persecucion-politica-antes-de-elecciones-907\/#primaryimage"},"thumbnailUrl":"https:\/\/www.eldiario.net\/portal\/wp-content\/uploads\/2025\/01\/quiroga.jpg","datePublished":"2025-01-31T13:07:12+00:00","breadcrumb":{"@id":"https:\/\/www.eldiario.net\/portal\/2025\/01\/31\/tuto-quiroga-denuncia-persecucion-politica-antes-de-elecciones-907\/#breadcrumb"},"inLanguage":"es","potentialAction":[{"@type":"ReadAction","target":["https:\/\/www.eldiario.net\/portal\/2025\/01\/31\/tuto-quiroga-denuncia-persecucion-politica-antes-de-elecciones-907\/"]}]},{"@type":"ImageObject","inLanguage":"es","@id":"https:\/\/www.eldiario.net\/portal\/2025\/01\/31\/tuto-quiroga-denuncia-persecucion-politica-antes-de-elecciones-907\/#primaryimage","url":"https:\/\/www.eldiario.net\/portal\/wp-content\/uploads\/2025\/01\/quiroga.jpg","contentUrl":"https:\/\/www.eldiario.net\/portal\/wp-content\/uploads\/2025\/01\/quiroga.jpg","width":224,"height":225,"caption":"Foto: RR.SS."},{"@type":"BreadcrumbList","@id":"https:\/\/www.eldiario.net\/portal\/2025\/01\/31\/tuto-quiroga-denuncia-persecucion-politica-antes-de-elecciones-907\/#breadcrumb","itemListElement":[{"@type":"ListItem","position":1,"name":"Portada","item":"https:\/\/www.eldiario.net\/portal\/"},{"@type":"ListItem","position":2,"name":"Tuto Quiroga denuncia persecuci\u00f3n pol\u00edtica antes de elecciones. (9:07)"}]},{"@type":"WebSite","@id":"https:\/\/www.eldiario.net\/portal\/#website","url":"https:\/\/www.eldiario.net\/portal\/","name":"El Diario - Decano de la prensa nacional","description":"El Diario - Decano de la prensa nacional","publisher":{"@id":"https:\/\/www.eldiario.net\/portal\/#organization"},"potentialAction":[{"@type":"SearchAction","target":{"@type":"EntryPoint","urlTemplate":"https:\/\/www.eldiario.net\/portal\/?s={search_term_string}"},"query-input":{"@type":"PropertyValueSpecification","valueRequired":true,"valueName":"search_term_string"}}],"inLanguage":"es"},{"@type":"Organization","@id":"https:\/\/www.eldiario.net\/portal\/#organization","name":"El Diario - Decano de la prensa nacional","url":"https:\/\/www.eldiario.net\/portal\/","logo":{"@type":"ImageObject","inLanguage":"es","@id":"https:\/\/www.eldiario.net\/portal\/#\/schema\/logo\/image\/","url":"https:\/\/www.eldiario.net\/portal\/wp-content\/uploads\/2023\/07\/logo_ED.jpg","contentUrl":"https:\/\/www.eldiario.net\/portal\/wp-content\/uploads\/2023\/07\/logo_ED.jpg","width":272,"height":52,"caption":"El Diario - Decano de la prensa nacional"},"image":{"@id":"https:\/\/www.eldiario.net\/portal\/#\/schema\/logo\/image\/"},"sameAs":["https:\/\/www.facebook.com\/eldiario.bolivia\/","https:\/\/x.com\/eldiario_net"]},{"@type":"Person","@id":"https:\/\/www.eldiario.net\/portal\/#\/schema\/person\/ba370d92d160f4d3574381f6d9b78fab","name":"Viviana Monrroy","image":{"@type":"ImageObject","inLanguage":"es","@id":"https:\/\/secure.gravatar.com\/avatar\/dfd1611ed5600959a0e5a9754503b6c05d1dcf190010998e0363aee2ad98afca?s=96&d=mm&r=g","url":"https:\/\/secure.gravatar.com\/avatar\/dfd1611ed5600959a0e5a9754503b6c05d1dcf190010998e0363aee2ad98afca?s=96&d=mm&r=g","contentUrl":"https:\/\/secure.gravatar.com\/avatar\/dfd1611ed5600959a0e5a9754503b6c05d1dcf190010998e0363aee2ad98afca?s=96&d=mm&r=g","caption":"Viviana Monrroy"},"sameAs":["http:\/\/www.eldiario.net"],"url":"https:\/\/www.eldiario.net\/portal\/author\/vivianamonrroy\/"}]}},"_links":{"self":[{"href":"https:\/\/www.eldiario.net\/portal\/wp-json\/wp\/v2\/posts\/278520","targetHints":{"allow":["GET"]}}],"collection":[{"href":"https:\/\/www.eldiario.net\/portal\/wp-json\/wp\/v2\/posts"}],"about":[{"href":"https:\/\/www.eldiario.net\/portal\/wp-json\/wp\/v2\/types\/post"}],"author":[{"embeddable":true,"href":"https:\/\/www.eldiario.net\/portal\/wp-json\/wp\/v2\/users\/7"}],"replies":[{"embeddable":true,"href":"https:\/\/www.eldiario.net\/portal\/wp-json\/wp\/v2\/comments?post=278520"}],"version-history":[{"count":1,"href":"https:\/\/www.eldiario.net\/portal\/wp-json\/wp\/v2\/posts\/278520\/revisions"}],"predecessor-version":[{"id":278522,"href":"https:\/\/www.eldiario.net\/portal\/wp-json\/wp\/v2\/posts\/278520\/revisions\/278522"}],"wp:featuredmedia":[{"embeddable":true,"href":"https:\/\/www.eldiario.net\/portal\/wp-json\/wp\/v2\/media\/278521"}],"wp:attachment":[{"href":"https:\/\/www.eldiario.net\/portal\/wp-json\/wp\/v2\/media?parent=278520"}],"wp:term":[{"taxonomy":"category","embeddable":true,"href":"https:\/\/www.eldiario.net\/portal\/wp-json\/wp\/v2\/categories?post=278520"},{"taxonomy":"post_tag","embeddable":true,"href":"https:\/\/www.eldiario.net\/portal\/wp-json\/wp\/v2\/tags?post=278520"}],"curies":[{"name":"wp","href":"https:\/\/api.w.org\/{rel}","templated":true}]}}