{"id":278511,"date":"2025-01-31T06:34:38","date_gmt":"2025-01-31T10:34:38","guid":{"rendered":"https:\/\/www.eldiario.net\/portal\/?p=278511"},"modified":"2025-01-31T06:34:38","modified_gmt":"2025-01-31T10:34:38","slug":"heydi-gutierrez-me-encanta-la-posibilidad-de-acompanar-a-la-gente","status":"publish","type":"post","link":"https:\/\/www.eldiario.net\/portal\/2025\/01\/31\/heydi-gutierrez-me-encanta-la-posibilidad-de-acompanar-a-la-gente\/","title":{"rendered":"HEYDI GUTI\u00c9RREZ \u201cMe encanta la posibilidad  de acompa\u00f1ar a la gente\u201d"},"content":{"rendered":"<p>Ya lleva diez a\u00f1os en el mundo televisivo. Es una talentosa joven boliviana que ha logrado superar sus desaf\u00edos, pero que tiene todav\u00eda mucha curiosidad por explorar el mundo.<\/p>\n<p>Ella es Heydi Guti\u00e9rrez, la simp\u00e1tica presentadora de Unitel en La Paz, quien hace poco nos sorprendi\u00f3 al ganar siete medallas de oro en un Campeonato Nacional \u201cPre m\u00e1ster y M\u00e1ster\u201d de Nataci\u00f3n, demostrando que no solo es una sobresaliente periodista y conductora de televisi\u00f3n, sino tambi\u00e9n una excelente deportista.<\/p>\n<p>Heydi empez\u00f3 su carrera comunicacional en Univalle TV y luego pas\u00f3 por Bolivia TV, Telesur, FIDES, PAT,\u00a0 Contacto Bolivia y Unitel, donde ya est\u00e1 tres a\u00f1os y cuatro meses, seg\u00fan cont\u00f3 en la entrevista que le hizo La Gu\u00eda.<\/p>\n<p><strong>LG: \u00bfQu\u00e9 haces actualmente en Unitel?<\/strong><\/p>\n<p>H: Soy presentadora de noticias en Telepa\u00eds Central y formo parte del equipo de La Revista. Tambi\u00e9n hacemos algunos proyectos que son por plataformas digitales y redes sociales.<\/p>\n<p><strong>LG: \u00bfQu\u00e9 buscas con tu trabajo?<\/strong><\/p>\n<p>H: Me encanta la posibilidad de acompa\u00f1ar a la gente, creo que ese es un concepto que desde muy peque\u00f1a fui reforzando. Cuando era chica estaba en casa, no ten\u00eda hermanos, as\u00ed que la televisi\u00f3n nacional ha sido una gran compa\u00f1\u00eda para m\u00ed. Y me gusta poder transmitir eso a trav\u00e9s del trabajo que hago: Compa\u00f1\u00eda, estar junto a la gente, incluso a pesar de que la pantalla sea la \u00fanica manera.<\/p>\n<p><strong>LG: \u00bfQu\u00e9 tipo de presentadora eres?<\/strong><\/p>\n<p>H: Creo que no estoy encasillada en la actualidad ni a presentadora formal o a presentadora de espect\u00e1culos o far\u00e1ndula, me considero una presentadora vers\u00e1til, la verdad.<\/p>\n<p><strong>LG: \u00bfQu\u00e9 es lo bueno y lo negativo de tu trabajo?<\/strong><\/p>\n<p>H: Lo bueno es eso, la posibilidad de acompa\u00f1ar a los dem\u00e1s que, pese a la distancia, la gente nos reciba en sus hogares. Y lo negativo probablemente sea el horario. A veces y especialmente en esta temporada, que es tan fr\u00eda, resulta un poco m\u00e1s dif\u00edcil madrugar, pero incluso a pesar de aquello, creo que no lo podr\u00eda mencionar como algo negativo, (sino) es algo m\u00e1s que forma parte del trabajo.<\/p>\n<p><strong>LG: \u00bfCu\u00e1les fueron tus mayores logros?<\/strong><\/p>\n<p>H: Creo que, si hablamos de reconocimientos, no los tomar\u00eda en cuenta, m\u00e1s bien (s\u00ed) la consolidaci\u00f3n de mi faceta profesional a trav\u00e9s de la pantalla. S\u00ed, creo que ese es el mayor logro, que la gente de a poco se vaya familiarizando contigo y se vaya encari\u00f1ando contigo, que comparta eso, incluso en la calle.<\/p>\n<p><strong>LG: \u00bfAlguna noticia o reportaje te ha marcado?<\/strong><\/p>\n<p>H: Hay varios y siendo honesta, no podr\u00eda elegir solo uno. Las noticias son cosa de cada d\u00eda, no podr\u00eda quedarme con un solo evento como tal.<\/p>\n<p><strong>LG: \u00bfQu\u00e9 calificaci\u00f3n le dar\u00edas a tu trabajo? <\/strong><\/p>\n<p>H: No me compete, eso lo hace la gente.<\/p>\n<p><strong>LG: \u00bfQu\u00e9 destacas de Unitel?<\/strong><\/p>\n<p>H: Es un medio que tiene una cobertura fant\u00e1stica, llega a miles de hogares y, de verdad, est\u00e1 comprometido con el formato period\u00edstico informativo. Me gusta ser parte de mi equipo.<\/p>\n<p><strong>LG: \u00bfCu\u00e1l es tu mayor aspiraci\u00f3n profesional?<\/strong><\/p>\n<p>H: Trabajar en la BBC o en National Geographic, me gusta mucho el contacto con los animales, con la naturaleza.<\/p>\n<p><strong>UNA PERSONA TRANQUILA Y RELAJADA<\/strong><\/p>\n<p>Heydi Guti\u00e9rrez Centellas naci\u00f3 el 27 de septiembre de 1995 en Cochabamba. Inicialmente estudiaba medicina, pero luego se cambi\u00f3 a la carrera de comunicaci\u00f3n social y periodismo.<\/p>\n<p>Confiesa que no le gusta el f\u00fatbol, pero s\u00ed la nataci\u00f3n y el ciclismo.<\/p>\n<p><strong>LG: \u00bfC\u00f3mo te defines?<\/strong><\/p>\n<p>H: Como una persona muy curiosa y muy predispuesta a seguir experimentando en esta vida.<\/p>\n<p><strong>LG: \u00bfTu car\u00e1cter?<\/strong><\/p>\n<p>H: Pues, es una buena pregunta. Pienso que soy una persona tranquila, relajada.<\/p>\n<p><strong>LG: \u00bfAlguna vez te dijeron cu\u00e1l es tu mayor virtud?<\/strong><\/p>\n<p>H: No, tampoco lo he preguntado, la verdad.<\/p>\n<p><strong>LG: \u00bfY tu peor defecto?<\/strong><\/p>\n<p>H: Soy poco paciente.<\/p>\n<p><strong>LG: \u00bfQu\u00e9 significa en tu vida la nataci\u00f3n?<\/strong><\/p>\n<p>H: Es un modo de vivir. La nataci\u00f3n, a diferencia de otros deportes, te da la posibilidad de tener calma, mientras t\u00fa est\u00e1s dentro del agua solo est\u00e1s pensando en eso, en cumplir con la prueba (\u2026) son diversas emociones, est\u00e1s sola en el agua, no hay nadie m\u00e1s, no escuchas siquiera a la gente cuando est\u00e1s en una competencia, s\u00f3lo est\u00e1s t\u00fa con tus pensamientos y pueden ser pensamientos positivos o pensamientos negativos. Entonces s\u00ed, es un modo de vivir, incluso sin estar en el agua, es eso, es enfocarse en qu\u00e9 tipo de pensamientos est\u00e1s promoviendo en tu cabeza.<\/p>\n<p><strong>LG: \u00bfQu\u00e9 sientes cuando nadas?<\/strong><\/p>\n<p>H: Paz, incluso, a pesar de cualquier problema que puedas estar atravesando, los minutos en el agua te permiten reflexionar mejor.<\/p>\n<p><strong>LG: \u00bfCu\u00e1ntas horas entrenas?<\/strong><\/p>\n<p>H: Dos horas cuatro veces a la semana y lo restante intento hacer un poco de marat\u00f3n, intento correr.<\/p>\n<p><strong>LG: \u00bfC\u00f3mo te sentiste al obtener tantas medallas de oro?<\/strong><\/p>\n<p>H: Muy contenta, la verdad\u2026 cre\u00eda que no ser\u00eda posible porque el deporte lo dej\u00e9 hace siete, ocho a\u00f1os. La \u00faltima vez fue cuando estuve en Cochabamba, pero por la universidad, el trabajo, se me hizo muy dif\u00edcil continuar, as\u00ed que lo retom\u00e9 en los inicios de este a\u00f1o.<\/p>\n<p><strong>LG: \u00bfA d\u00f3nde apuntas con la nataci\u00f3n?<\/strong><\/p>\n<p>H: Me gustar\u00eda participar de campeonatos internacionales representando a Bolivia. De hecho esa era mi faceta. Como adolescente tuve la oportunidad de representar a Bolivia. Estuvimos en Uruguay, Argentina, as\u00ed que me encantar\u00eda, si es posible, volver a esa din\u00e1mica.<\/p>\n<p><strong>LG: \u00bfQui\u00e9n es hoy Heydi Guti\u00e9rrez?<\/strong><\/p>\n<p>H: Es una pregunta que requiere mucho an\u00e1lisis, pero creo que se ha convertido en una persona que ha logrado superar sus desaf\u00edos, pero que tiene todav\u00eda mucha curiosidad por explorar el mundo.<\/p>\n<p><strong>LG: \u00bfDeseas agregar algo?<\/strong><\/p>\n<p>H: Que estoy muy agradecida con la vida, porque cre\u00eda que el deporte no lo podr\u00eda retomar, cre\u00eda que por los tiempos iba a ser dif\u00edcil balancear algo que amo con mi faceta laboral. Pero la vida es muy bonita y adem\u00e1s el cari\u00f1o que recibo no solo de la gente sino de la familia, los amigos, me hace pensar en que hay que dar gracias cada d\u00eda por todo lo que viene, lo consideres negativo o positivo.<\/p>\n\r\n                <style type=\"text\/css\">\r\n                    \r\n                    #tdi_1  .td-doubleSlider-2 .td-item1 {\r\n                        background: url(https:\/\/www.eldiario.net\/portal\/wp-content\/uploads\/2025\/01\/1-PRINCIPAL-12-80x60.jpg) 0 0 no-repeat;\r\n                    }\r\n                    #tdi_1  .td-doubleSlider-2 .td-item2 {\r\n                        background: url(https:\/\/www.eldiario.net\/portal\/wp-content\/uploads\/2025\/01\/2-2-80x60.jpeg) 0 0 no-repeat;\r\n                    }\r\n                    #tdi_1  .td-doubleSlider-2 .td-item3 {\r\n                        background: url(https:\/\/www.eldiario.net\/portal\/wp-content\/uploads\/2025\/01\/3-1-80x60.jpeg) 0 0 no-repeat;\r\n                    }\r\n                    #tdi_1  .td-doubleSlider-2 .td-item4 {\r\n                        background: url(https:\/\/www.eldiario.net\/portal\/wp-content\/uploads\/2025\/01\/4-2-80x60.jpeg) 0 0 no-repeat;\r\n                    }\r\n                    #tdi_1  .td-doubleSlider-2 .td-item5 {\r\n                        background: url(https:\/\/www.eldiario.net\/portal\/wp-content\/uploads\/2025\/01\/6-1-80x60.jpeg) 0 0 no-repeat;\r\n                    }\r\n                <\/style>\r\n\r\n                <div id=\"tdi_1\" class=\"td-gallery td-slide-on-2-columns\">\r\n                    <div class=\"post_td_gallery\">\r\n                        <div class=\"td-gallery-slide-top\">\r\n                           <div class=\"td-gallery-title\"><\/div>\r\n\r\n                            <div class=\"td-gallery-controls-wrapper\">\r\n                                <div class=\"td-gallery-slide-count\"><span class=\"td-gallery-slide-item-focus\">1<\/span> de 5<\/div>\r\n                                <div class=\"td-gallery-slide-prev-next-but\">\r\n                                    <i class = \"td-icon-left doubleSliderPrevButton\"><\/i>\r\n                                    <i class = \"td-icon-right doubleSliderNextButton\"><\/i>\r\n                                <\/div>\r\n                            <\/div>\r\n                        <\/div>\r\n\r\n                        <div class = \"td-doubleSlider-1 \">\r\n                            <div class = \"td-slider\">\r\n                                \r\n                    <div class = \"td-slide-item td-item1\">\r\n                        <figure class=\"td-slide-galery-figure td-slide-popup-gallery\">\r\n                            <a class=\"slide-gallery-image-link\" href=\"https:\/\/www.eldiario.net\/portal\/wp-content\/uploads\/2025\/01\/1-PRINCIPAL-12.jpg\" title=\"1-PRINCIPAL\"  data-caption=\"\"  data-description=\"\">\r\n                                <img decoding=\"async\" src=\"https:\/\/www.eldiario.net\/portal\/wp-content\/uploads\/2025\/01\/1-PRINCIPAL-12-424x420.jpg\" srcset=\"https:\/\/www.eldiario.net\/portal\/wp-content\/uploads\/2025\/01\/1-PRINCIPAL-12-424x420.jpg 424w, https:\/\/www.eldiario.net\/portal\/wp-content\/uploads\/2025\/01\/1-PRINCIPAL-12-300x297.jpg 300w, https:\/\/www.eldiario.net\/portal\/wp-content\/uploads\/2025\/01\/1-PRINCIPAL-12-1024x1014.jpg 1024w, https:\/\/www.eldiario.net\/portal\/wp-content\/uploads\/2025\/01\/1-PRINCIPAL-12-150x150.jpg 150w, https:\/\/www.eldiario.net\/portal\/wp-content\/uploads\/2025\/01\/1-PRINCIPAL-12-768x760.jpg 768w, https:\/\/www.eldiario.net\/portal\/wp-content\/uploads\/2025\/01\/1-PRINCIPAL-12-696x689.jpg 696w, https:\/\/www.eldiario.net\/portal\/wp-content\/uploads\/2025\/01\/1-PRINCIPAL-12-1068x1057.jpg 1068w, https:\/\/www.eldiario.net\/portal\/wp-content\/uploads\/2025\/01\/1-PRINCIPAL-12.jpg 1200w\" sizes=\"(max-width: 424px) 100vw, 424px\" alt=\"\">\r\n                            <\/a>\r\n                            \r\n                        <\/figure>\r\n                    <\/div>\r\n                    <div class = \"td-slide-item td-item2\">\r\n                        <figure class=\"td-slide-galery-figure td-slide-popup-gallery\">\r\n                            <a class=\"slide-gallery-image-link\" href=\"https:\/\/www.eldiario.net\/portal\/wp-content\/uploads\/2025\/01\/2-2.jpeg\" title=\"2\"  data-caption=\"\"  data-description=\"\">\r\n                                <img decoding=\"async\" src=\"https:\/\/www.eldiario.net\/portal\/wp-content\/uploads\/2025\/01\/2-2-747x420.jpeg\" srcset=\"https:\/\/www.eldiario.net\/portal\/wp-content\/uploads\/2025\/01\/2-2-747x420.jpeg 747w, https:\/\/www.eldiario.net\/portal\/wp-content\/uploads\/2025\/01\/2-2-300x169.jpeg 300w, https:\/\/www.eldiario.net\/portal\/wp-content\/uploads\/2025\/01\/2-2-1024x576.jpeg 1024w, https:\/\/www.eldiario.net\/portal\/wp-content\/uploads\/2025\/01\/2-2-768x432.jpeg 768w, https:\/\/www.eldiario.net\/portal\/wp-content\/uploads\/2025\/01\/2-2-696x392.jpeg 696w, https:\/\/www.eldiario.net\/portal\/wp-content\/uploads\/2025\/01\/2-2-1068x601.jpeg 1068w, https:\/\/www.eldiario.net\/portal\/wp-content\/uploads\/2025\/01\/2-2.jpeg 1280w\" sizes=\"(max-width: 747px) 100vw, 747px\" alt=\"\">\r\n                            <\/a>\r\n                            \r\n                        <\/figure>\r\n                    <\/div>\r\n                    <div class = \"td-slide-item td-item3\">\r\n                        <figure class=\"td-slide-galery-figure td-slide-popup-gallery\">\r\n                            <a class=\"slide-gallery-image-link\" href=\"https:\/\/www.eldiario.net\/portal\/wp-content\/uploads\/2025\/01\/3-1.jpeg\" title=\"3\"  data-caption=\"\"  data-description=\"\">\r\n                                <img decoding=\"async\" src=\"https:\/\/www.eldiario.net\/portal\/wp-content\/uploads\/2025\/01\/3-1-286x420.jpeg\" srcset=\"https:\/\/www.eldiario.net\/portal\/wp-content\/uploads\/2025\/01\/3-1-286x420.jpeg 286w, https:\/\/www.eldiario.net\/portal\/wp-content\/uploads\/2025\/01\/3-1-204x300.jpeg 204w, https:\/\/www.eldiario.net\/portal\/wp-content\/uploads\/2025\/01\/3-1-697x1024.jpeg 697w, https:\/\/www.eldiario.net\/portal\/wp-content\/uploads\/2025\/01\/3-1-768x1129.jpeg 768w, https:\/\/www.eldiario.net\/portal\/wp-content\/uploads\/2025\/01\/3-1-696x1023.jpeg 696w, https:\/\/www.eldiario.net\/portal\/wp-content\/uploads\/2025\/01\/3-1.jpeg 871w\" sizes=\"(max-width: 286px) 100vw, 286px\" alt=\"\">\r\n                            <\/a>\r\n                            \r\n                        <\/figure>\r\n                    <\/div>\r\n                    <div class = \"td-slide-item td-item4\">\r\n                        <figure class=\"td-slide-galery-figure td-slide-popup-gallery\">\r\n                            <a class=\"slide-gallery-image-link\" href=\"https:\/\/www.eldiario.net\/portal\/wp-content\/uploads\/2025\/01\/4-2.jpeg\" title=\"4\"  data-caption=\"\"  data-description=\"\">\r\n                                <img decoding=\"async\" src=\"https:\/\/www.eldiario.net\/portal\/wp-content\/uploads\/2025\/01\/4-2-319x420.jpeg\" srcset=\"https:\/\/www.eldiario.net\/portal\/wp-content\/uploads\/2025\/01\/4-2-319x420.jpeg 319w, https:\/\/www.eldiario.net\/portal\/wp-content\/uploads\/2025\/01\/4-2-228x300.jpeg 228w, https:\/\/www.eldiario.net\/portal\/wp-content\/uploads\/2025\/01\/4-2-779x1024.jpeg 779w, https:\/\/www.eldiario.net\/portal\/wp-content\/uploads\/2025\/01\/4-2-768x1010.jpeg 768w, https:\/\/www.eldiario.net\/portal\/wp-content\/uploads\/2025\/01\/4-2-696x915.jpeg 696w, https:\/\/www.eldiario.net\/portal\/wp-content\/uploads\/2025\/01\/4-2-1068x1404.jpeg 1068w, https:\/\/www.eldiario.net\/portal\/wp-content\/uploads\/2025\/01\/4-2.jpeg 1125w\" sizes=\"(max-width: 319px) 100vw, 319px\" alt=\"\">\r\n                            <\/a>\r\n                            \r\n                        <\/figure>\r\n                    <\/div>\r\n                    <div class = \"td-slide-item td-item5\">\r\n                        <figure class=\"td-slide-galery-figure td-slide-popup-gallery\">\r\n                            <a class=\"slide-gallery-image-link\" href=\"https:\/\/www.eldiario.net\/portal\/wp-content\/uploads\/2025\/01\/6-1.jpeg\" title=\"6\"  data-caption=\"\"  data-description=\"\">\r\n                                <img decoding=\"async\" src=\"https:\/\/www.eldiario.net\/portal\/wp-content\/uploads\/2025\/01\/6-1-315x420.jpeg\" srcset=\"https:\/\/www.eldiario.net\/portal\/wp-content\/uploads\/2025\/01\/6-1-315x420.jpeg 315w, https:\/\/www.eldiario.net\/portal\/wp-content\/uploads\/2025\/01\/6-1-225x300.jpeg 225w, https:\/\/www.eldiario.net\/portal\/wp-content\/uploads\/2025\/01\/6-1-768x1024.jpeg 768w, https:\/\/www.eldiario.net\/portal\/wp-content\/uploads\/2025\/01\/6-1-1152x1536.jpeg 1152w, https:\/\/www.eldiario.net\/portal\/wp-content\/uploads\/2025\/01\/6-1-696x928.jpeg 696w, https:\/\/www.eldiario.net\/portal\/wp-content\/uploads\/2025\/01\/6-1-1068x1424.jpeg 1068w, https:\/\/www.eldiario.net\/portal\/wp-content\/uploads\/2025\/01\/6-1.jpeg 1200w\" sizes=\"(max-width: 315px) 100vw, 315px\" alt=\"\">\r\n                            <\/a>\r\n                            \r\n                        <\/figure>\r\n                    <\/div>\r\n                            <\/div>\r\n                        <\/div>\r\n\r\n                        <div class = \"td-doubleSlider-2\">\r\n                            <div class = \"td-slider\">\r\n                                \r\n                    <div class = \"td-button td-item1\">\r\n                        <div class = \"td-border\"><\/div>\r\n                    <\/div>\r\n                    <div class = \"td-button td-item2\">\r\n                        <div class = \"td-border\"><\/div>\r\n                    <\/div>\r\n                    <div class = \"td-button td-item3\">\r\n                        <div class = \"td-border\"><\/div>\r\n                    <\/div>\r\n                    <div class = \"td-button td-item4\">\r\n                        <div class = \"td-border\"><\/div>\r\n                    <\/div>\r\n                    <div class = \"td-button td-item5\">\r\n                        <div class = \"td-border\"><\/div>\r\n                    <\/div>\r\n                            <\/div>\r\n                        <\/div>\r\n\r\n                    <\/div>\r\n\r\n                <\/div>\r\n                \n","protected":false},"excerpt":{"rendered":"<p>Ya lleva diez a\u00f1os en el mundo televisivo. Es una talentosa joven boliviana que ha logrado superar sus desaf\u00edos, pero que tiene todav\u00eda mucha curiosidad por explorar el mundo. Ella es Heydi Guti\u00e9rrez, la simp\u00e1tica presentadora de Unitel en La Paz, quien hace poco nos sorprendi\u00f3 al ganar siete medallas de oro en un Campeonato [&hellip;]<\/p>\n","protected":false},"author":1,"featured_media":278512,"comment_status":"closed","ping_status":"open","sticky":false,"template":"","format":"standard","meta":{"_acf_changed":false,"footnotes":""},"categories":[41],"tags":[],"class_list":["post-278511","post","type-post","status-publish","format-standard","has-post-thumbnail","category-la-guia"],"acf":{"antetitulo":""},"yoast_head":"<!-- This site is optimized with the Yoast SEO plugin v28.3 - https:\/\/yoast.com\/product\/yoast-seo-wordpress\/ -->\n<title>HEYDI GUTI\u00c9RREZ \u201cMe encanta la posibilidad de acompa\u00f1ar a la gente\u201d - El Diario - Bolivia<\/title>\n<meta name=\"robots\" content=\"index, follow, max-snippet:-1, max-image-preview:large, max-video-preview:-1\" \/>\n<link rel=\"canonical\" href=\"https:\/\/www.eldiario.net\/portal\/2025\/01\/31\/heydi-gutierrez-me-encanta-la-posibilidad-de-acompanar-a-la-gente\/\" \/>\n<meta property=\"og:locale\" content=\"es_ES\" \/>\n<meta property=\"og:type\" content=\"article\" \/>\n<meta property=\"og:title\" content=\"HEYDI GUTI\u00c9RREZ \u201cMe encanta la posibilidad de acompa\u00f1ar a la gente\u201d - El Diario - Bolivia\" \/>\n<meta property=\"og:description\" content=\"Ya lleva diez a\u00f1os en el mundo televisivo. Es una talentosa joven boliviana que ha logrado superar sus desaf\u00edos, pero que tiene todav\u00eda mucha curiosidad por explorar el mundo. Ella es Heydi Guti\u00e9rrez, la simp\u00e1tica presentadora de Unitel en La Paz, quien hace poco nos sorprendi\u00f3 al ganar siete medallas de oro en un Campeonato [&hellip;]\" \/>\n<meta property=\"og:url\" content=\"https:\/\/www.eldiario.net\/portal\/2025\/01\/31\/heydi-gutierrez-me-encanta-la-posibilidad-de-acompanar-a-la-gente\/\" \/>\n<meta property=\"og:site_name\" content=\"El Diario - Bolivia\" \/>\n<meta property=\"article:publisher\" content=\"https:\/\/www.facebook.com\/eldiario.bolivia\/\" \/>\n<meta property=\"article:published_time\" content=\"2025-01-31T10:34:38+00:00\" \/>\n<meta property=\"og:image\" content=\"https:\/\/www.eldiario.net\/portal\/wp-content\/uploads\/2025\/01\/1-PRINCIPAL-12.jpg\" \/>\n\t<meta property=\"og:image:width\" content=\"1200\" \/>\n\t<meta property=\"og:image:height\" content=\"1188\" \/>\n\t<meta property=\"og:image:type\" content=\"image\/jpeg\" \/>\n<meta name=\"author\" content=\"Jeanette\" \/>\n<meta name=\"twitter:card\" content=\"summary_large_image\" \/>\n<meta name=\"twitter:creator\" content=\"@eldiario_net\" \/>\n<meta name=\"twitter:site\" content=\"@eldiario_net\" \/>\n<meta name=\"twitter:label1\" content=\"Escrito por\" \/>\n\t<meta name=\"twitter:data1\" content=\"Jeanette\" \/>\n\t<meta name=\"twitter:label2\" content=\"Tiempo de lectura\" \/>\n\t<meta name=\"twitter:data2\" content=\"5 minutos\" \/>\n<script type=\"application\/ld+json\" class=\"yoast-schema-graph\">{\"@context\":\"https:\\\/\\\/schema.org\",\"@graph\":[{\"@type\":\"Article\",\"@id\":\"https:\\\/\\\/www.eldiario.net\\\/portal\\\/2025\\\/01\\\/31\\\/heydi-gutierrez-me-encanta-la-posibilidad-de-acompanar-a-la-gente\\\/#article\",\"isPartOf\":{\"@id\":\"https:\\\/\\\/www.eldiario.net\\\/portal\\\/2025\\\/01\\\/31\\\/heydi-gutierrez-me-encanta-la-posibilidad-de-acompanar-a-la-gente\\\/\"},\"author\":{\"name\":\"Jeanette\",\"@id\":\"https:\\\/\\\/www.eldiario.net\\\/portal\\\/#\\\/schema\\\/person\\\/f46445640444750d7d753ccd04ae01b7\"},\"headline\":\"HEYDI GUTI\u00c9RREZ \u201cMe encanta la posibilidad de acompa\u00f1ar a la gente\u201d\",\"datePublished\":\"2025-01-31T10:34:38+00:00\",\"mainEntityOfPage\":{\"@id\":\"https:\\\/\\\/www.eldiario.net\\\/portal\\\/2025\\\/01\\\/31\\\/heydi-gutierrez-me-encanta-la-posibilidad-de-acompanar-a-la-gente\\\/\"},\"wordCount\":1124,\"publisher\":{\"@id\":\"https:\\\/\\\/www.eldiario.net\\\/portal\\\/#organization\"},\"image\":{\"@id\":\"https:\\\/\\\/www.eldiario.net\\\/portal\\\/2025\\\/01\\\/31\\\/heydi-gutierrez-me-encanta-la-posibilidad-de-acompanar-a-la-gente\\\/#primaryimage\"},\"thumbnailUrl\":\"https:\\\/\\\/www.eldiario.net\\\/portal\\\/wp-content\\\/uploads\\\/2025\\\/01\\\/1-PRINCIPAL-12.jpg\",\"articleSection\":[\"La Gu\u00eda\"],\"inLanguage\":\"es\"},{\"@type\":\"WebPage\",\"@id\":\"https:\\\/\\\/www.eldiario.net\\\/portal\\\/2025\\\/01\\\/31\\\/heydi-gutierrez-me-encanta-la-posibilidad-de-acompanar-a-la-gente\\\/\",\"url\":\"https:\\\/\\\/www.eldiario.net\\\/portal\\\/2025\\\/01\\\/31\\\/heydi-gutierrez-me-encanta-la-posibilidad-de-acompanar-a-la-gente\\\/\",\"name\":\"HEYDI GUTI\u00c9RREZ \u201cMe encanta la posibilidad de acompa\u00f1ar a la gente\u201d - El Diario - Bolivia\",\"isPartOf\":{\"@id\":\"https:\\\/\\\/www.eldiario.net\\\/portal\\\/#website\"},\"primaryImageOfPage\":{\"@id\":\"https:\\\/\\\/www.eldiario.net\\\/portal\\\/2025\\\/01\\\/31\\\/heydi-gutierrez-me-encanta-la-posibilidad-de-acompanar-a-la-gente\\\/#primaryimage\"},\"image\":{\"@id\":\"https:\\\/\\\/www.eldiario.net\\\/portal\\\/2025\\\/01\\\/31\\\/heydi-gutierrez-me-encanta-la-posibilidad-de-acompanar-a-la-gente\\\/#primaryimage\"},\"thumbnailUrl\":\"https:\\\/\\\/www.eldiario.net\\\/portal\\\/wp-content\\\/uploads\\\/2025\\\/01\\\/1-PRINCIPAL-12.jpg\",\"datePublished\":\"2025-01-31T10:34:38+00:00\",\"breadcrumb\":{\"@id\":\"https:\\\/\\\/www.eldiario.net\\\/portal\\\/2025\\\/01\\\/31\\\/heydi-gutierrez-me-encanta-la-posibilidad-de-acompanar-a-la-gente\\\/#breadcrumb\"},\"inLanguage\":\"es\",\"potentialAction\":[{\"@type\":\"ReadAction\",\"target\":[\"https:\\\/\\\/www.eldiario.net\\\/portal\\\/2025\\\/01\\\/31\\\/heydi-gutierrez-me-encanta-la-posibilidad-de-acompanar-a-la-gente\\\/\"]}]},{\"@type\":\"ImageObject\",\"inLanguage\":\"es\",\"@id\":\"https:\\\/\\\/www.eldiario.net\\\/portal\\\/2025\\\/01\\\/31\\\/heydi-gutierrez-me-encanta-la-posibilidad-de-acompanar-a-la-gente\\\/#primaryimage\",\"url\":\"https:\\\/\\\/www.eldiario.net\\\/portal\\\/wp-content\\\/uploads\\\/2025\\\/01\\\/1-PRINCIPAL-12.jpg\",\"contentUrl\":\"https:\\\/\\\/www.eldiario.net\\\/portal\\\/wp-content\\\/uploads\\\/2025\\\/01\\\/1-PRINCIPAL-12.jpg\",\"width\":1200,\"height\":1188},{\"@type\":\"BreadcrumbList\",\"@id\":\"https:\\\/\\\/www.eldiario.net\\\/portal\\\/2025\\\/01\\\/31\\\/heydi-gutierrez-me-encanta-la-posibilidad-de-acompanar-a-la-gente\\\/#breadcrumb\",\"itemListElement\":[{\"@type\":\"ListItem\",\"position\":1,\"name\":\"Portada\",\"item\":\"https:\\\/\\\/www.eldiario.net\\\/portal\\\/\"},{\"@type\":\"ListItem\",\"position\":2,\"name\":\"HEYDI GUTI\u00c9RREZ \u201cMe encanta la posibilidad de acompa\u00f1ar a la gente\u201d\"}]},{\"@type\":\"WebSite\",\"@id\":\"https:\\\/\\\/www.eldiario.net\\\/portal\\\/#website\",\"url\":\"https:\\\/\\\/www.eldiario.net\\\/portal\\\/\",\"name\":\"El Diario - Decano de la prensa nacional\",\"description\":\"El Diario - Decano de la prensa nacional\",\"publisher\":{\"@id\":\"https:\\\/\\\/www.eldiario.net\\\/portal\\\/#organization\"},\"potentialAction\":[{\"@type\":\"SearchAction\",\"target\":{\"@type\":\"EntryPoint\",\"urlTemplate\":\"https:\\\/\\\/www.eldiario.net\\\/portal\\\/?s={search_term_string}\"},\"query-input\":{\"@type\":\"PropertyValueSpecification\",\"valueRequired\":true,\"valueName\":\"search_term_string\"}}],\"inLanguage\":\"es\"},{\"@type\":\"Organization\",\"@id\":\"https:\\\/\\\/www.eldiario.net\\\/portal\\\/#organization\",\"name\":\"El Diario - Decano de la prensa nacional\",\"url\":\"https:\\\/\\\/www.eldiario.net\\\/portal\\\/\",\"logo\":{\"@type\":\"ImageObject\",\"inLanguage\":\"es\",\"@id\":\"https:\\\/\\\/www.eldiario.net\\\/portal\\\/#\\\/schema\\\/logo\\\/image\\\/\",\"url\":\"https:\\\/\\\/www.eldiario.net\\\/portal\\\/wp-content\\\/uploads\\\/2023\\\/07\\\/logo_ED.jpg\",\"contentUrl\":\"https:\\\/\\\/www.eldiario.net\\\/portal\\\/wp-content\\\/uploads\\\/2023\\\/07\\\/logo_ED.jpg\",\"width\":272,\"height\":52,\"caption\":\"El Diario - Decano de la prensa nacional\"},\"image\":{\"@id\":\"https:\\\/\\\/www.eldiario.net\\\/portal\\\/#\\\/schema\\\/logo\\\/image\\\/\"},\"sameAs\":[\"https:\\\/\\\/www.facebook.com\\\/eldiario.bolivia\\\/\",\"https:\\\/\\\/x.com\\\/eldiario_net\"]},{\"@type\":\"Person\",\"@id\":\"https:\\\/\\\/www.eldiario.net\\\/portal\\\/#\\\/schema\\\/person\\\/f46445640444750d7d753ccd04ae01b7\",\"name\":\"Jeanette\",\"image\":{\"@type\":\"ImageObject\",\"inLanguage\":\"es\",\"@id\":\"https:\\\/\\\/secure.gravatar.com\\\/avatar\\\/3ea2118a5f7dad2b7138b1187a6b7ee55f160b9968b66013c3a3ef39dd7e5798?s=96&d=mm&r=g\",\"url\":\"https:\\\/\\\/secure.gravatar.com\\\/avatar\\\/3ea2118a5f7dad2b7138b1187a6b7ee55f160b9968b66013c3a3ef39dd7e5798?s=96&d=mm&r=g\",\"contentUrl\":\"https:\\\/\\\/secure.gravatar.com\\\/avatar\\\/3ea2118a5f7dad2b7138b1187a6b7ee55f160b9968b66013c3a3ef39dd7e5798?s=96&d=mm&r=g\",\"caption\":\"Jeanette\"},\"sameAs\":[\"https:\\\/\\\/www.eldiario.net\\\/portal\"],\"url\":\"https:\\\/\\\/www.eldiario.net\\\/portal\\\/author\\\/jeanette\\\/\"}]}<\/script>\n<!-- \/ Yoast SEO plugin. -->","yoast_head_json":{"title":"HEYDI GUTI\u00c9RREZ \u201cMe encanta la posibilidad de acompa\u00f1ar a la gente\u201d - El Diario - Bolivia","robots":{"index":"index","follow":"follow","max-snippet":"max-snippet:-1","max-image-preview":"max-image-preview:large","max-video-preview":"max-video-preview:-1"},"canonical":"https:\/\/www.eldiario.net\/portal\/2025\/01\/31\/heydi-gutierrez-me-encanta-la-posibilidad-de-acompanar-a-la-gente\/","og_locale":"es_ES","og_type":"article","og_title":"HEYDI GUTI\u00c9RREZ \u201cMe encanta la posibilidad de acompa\u00f1ar a la gente\u201d - El Diario - Bolivia","og_description":"Ya lleva diez a\u00f1os en el mundo televisivo. Es una talentosa joven boliviana que ha logrado superar sus desaf\u00edos, pero que tiene todav\u00eda mucha curiosidad por explorar el mundo. Ella es Heydi Guti\u00e9rrez, la simp\u00e1tica presentadora de Unitel en La Paz, quien hace poco nos sorprendi\u00f3 al ganar siete medallas de oro en un Campeonato [&hellip;]","og_url":"https:\/\/www.eldiario.net\/portal\/2025\/01\/31\/heydi-gutierrez-me-encanta-la-posibilidad-de-acompanar-a-la-gente\/","og_site_name":"El Diario - Bolivia","article_publisher":"https:\/\/www.facebook.com\/eldiario.bolivia\/","article_published_time":"2025-01-31T10:34:38+00:00","og_image":[{"width":1200,"height":1188,"url":"https:\/\/www.eldiario.net\/portal\/wp-content\/uploads\/2025\/01\/1-PRINCIPAL-12.jpg","type":"image\/jpeg"}],"author":"Jeanette","twitter_card":"summary_large_image","twitter_creator":"@eldiario_net","twitter_site":"@eldiario_net","twitter_misc":{"Escrito por":"Jeanette","Tiempo de lectura":"5 minutos"},"schema":{"@context":"https:\/\/schema.org","@graph":[{"@type":"Article","@id":"https:\/\/www.eldiario.net\/portal\/2025\/01\/31\/heydi-gutierrez-me-encanta-la-posibilidad-de-acompanar-a-la-gente\/#article","isPartOf":{"@id":"https:\/\/www.eldiario.net\/portal\/2025\/01\/31\/heydi-gutierrez-me-encanta-la-posibilidad-de-acompanar-a-la-gente\/"},"author":{"name":"Jeanette","@id":"https:\/\/www.eldiario.net\/portal\/#\/schema\/person\/f46445640444750d7d753ccd04ae01b7"},"headline":"HEYDI GUTI\u00c9RREZ \u201cMe encanta la posibilidad de acompa\u00f1ar a la gente\u201d","datePublished":"2025-01-31T10:34:38+00:00","mainEntityOfPage":{"@id":"https:\/\/www.eldiario.net\/portal\/2025\/01\/31\/heydi-gutierrez-me-encanta-la-posibilidad-de-acompanar-a-la-gente\/"},"wordCount":1124,"publisher":{"@id":"https:\/\/www.eldiario.net\/portal\/#organization"},"image":{"@id":"https:\/\/www.eldiario.net\/portal\/2025\/01\/31\/heydi-gutierrez-me-encanta-la-posibilidad-de-acompanar-a-la-gente\/#primaryimage"},"thumbnailUrl":"https:\/\/www.eldiario.net\/portal\/wp-content\/uploads\/2025\/01\/1-PRINCIPAL-12.jpg","articleSection":["La Gu\u00eda"],"inLanguage":"es"},{"@type":"WebPage","@id":"https:\/\/www.eldiario.net\/portal\/2025\/01\/31\/heydi-gutierrez-me-encanta-la-posibilidad-de-acompanar-a-la-gente\/","url":"https:\/\/www.eldiario.net\/portal\/2025\/01\/31\/heydi-gutierrez-me-encanta-la-posibilidad-de-acompanar-a-la-gente\/","name":"HEYDI GUTI\u00c9RREZ \u201cMe encanta la posibilidad de acompa\u00f1ar a la gente\u201d - El Diario - Bolivia","isPartOf":{"@id":"https:\/\/www.eldiario.net\/portal\/#website"},"primaryImageOfPage":{"@id":"https:\/\/www.eldiario.net\/portal\/2025\/01\/31\/heydi-gutierrez-me-encanta-la-posibilidad-de-acompanar-a-la-gente\/#primaryimage"},"image":{"@id":"https:\/\/www.eldiario.net\/portal\/2025\/01\/31\/heydi-gutierrez-me-encanta-la-posibilidad-de-acompanar-a-la-gente\/#primaryimage"},"thumbnailUrl":"https:\/\/www.eldiario.net\/portal\/wp-content\/uploads\/2025\/01\/1-PRINCIPAL-12.jpg","datePublished":"2025-01-31T10:34:38+00:00","breadcrumb":{"@id":"https:\/\/www.eldiario.net\/portal\/2025\/01\/31\/heydi-gutierrez-me-encanta-la-posibilidad-de-acompanar-a-la-gente\/#breadcrumb"},"inLanguage":"es","potentialAction":[{"@type":"ReadAction","target":["https:\/\/www.eldiario.net\/portal\/2025\/01\/31\/heydi-gutierrez-me-encanta-la-posibilidad-de-acompanar-a-la-gente\/"]}]},{"@type":"ImageObject","inLanguage":"es","@id":"https:\/\/www.eldiario.net\/portal\/2025\/01\/31\/heydi-gutierrez-me-encanta-la-posibilidad-de-acompanar-a-la-gente\/#primaryimage","url":"https:\/\/www.eldiario.net\/portal\/wp-content\/uploads\/2025\/01\/1-PRINCIPAL-12.jpg","contentUrl":"https:\/\/www.eldiario.net\/portal\/wp-content\/uploads\/2025\/01\/1-PRINCIPAL-12.jpg","width":1200,"height":1188},{"@type":"BreadcrumbList","@id":"https:\/\/www.eldiario.net\/portal\/2025\/01\/31\/heydi-gutierrez-me-encanta-la-posibilidad-de-acompanar-a-la-gente\/#breadcrumb","itemListElement":[{"@type":"ListItem","position":1,"name":"Portada","item":"https:\/\/www.eldiario.net\/portal\/"},{"@type":"ListItem","position":2,"name":"HEYDI GUTI\u00c9RREZ \u201cMe encanta la posibilidad de acompa\u00f1ar a la gente\u201d"}]},{"@type":"WebSite","@id":"https:\/\/www.eldiario.net\/portal\/#website","url":"https:\/\/www.eldiario.net\/portal\/","name":"El Diario - Decano de la prensa nacional","description":"El Diario - Decano de la prensa nacional","publisher":{"@id":"https:\/\/www.eldiario.net\/portal\/#organization"},"potentialAction":[{"@type":"SearchAction","target":{"@type":"EntryPoint","urlTemplate":"https:\/\/www.eldiario.net\/portal\/?s={search_term_string}"},"query-input":{"@type":"PropertyValueSpecification","valueRequired":true,"valueName":"search_term_string"}}],"inLanguage":"es"},{"@type":"Organization","@id":"https:\/\/www.eldiario.net\/portal\/#organization","name":"El Diario - Decano de la prensa nacional","url":"https:\/\/www.eldiario.net\/portal\/","logo":{"@type":"ImageObject","inLanguage":"es","@id":"https:\/\/www.eldiario.net\/portal\/#\/schema\/logo\/image\/","url":"https:\/\/www.eldiario.net\/portal\/wp-content\/uploads\/2023\/07\/logo_ED.jpg","contentUrl":"https:\/\/www.eldiario.net\/portal\/wp-content\/uploads\/2023\/07\/logo_ED.jpg","width":272,"height":52,"caption":"El Diario - Decano de la prensa nacional"},"image":{"@id":"https:\/\/www.eldiario.net\/portal\/#\/schema\/logo\/image\/"},"sameAs":["https:\/\/www.facebook.com\/eldiario.bolivia\/","https:\/\/x.com\/eldiario_net"]},{"@type":"Person","@id":"https:\/\/www.eldiario.net\/portal\/#\/schema\/person\/f46445640444750d7d753ccd04ae01b7","name":"Jeanette","image":{"@type":"ImageObject","inLanguage":"es","@id":"https:\/\/secure.gravatar.com\/avatar\/3ea2118a5f7dad2b7138b1187a6b7ee55f160b9968b66013c3a3ef39dd7e5798?s=96&d=mm&r=g","url":"https:\/\/secure.gravatar.com\/avatar\/3ea2118a5f7dad2b7138b1187a6b7ee55f160b9968b66013c3a3ef39dd7e5798?s=96&d=mm&r=g","contentUrl":"https:\/\/secure.gravatar.com\/avatar\/3ea2118a5f7dad2b7138b1187a6b7ee55f160b9968b66013c3a3ef39dd7e5798?s=96&d=mm&r=g","caption":"Jeanette"},"sameAs":["https:\/\/www.eldiario.net\/portal"],"url":"https:\/\/www.eldiario.net\/portal\/author\/jeanette\/"}]}},"_links":{"self":[{"href":"https:\/\/www.eldiario.net\/portal\/wp-json\/wp\/v2\/posts\/278511","targetHints":{"allow":["GET"]}}],"collection":[{"href":"https:\/\/www.eldiario.net\/portal\/wp-json\/wp\/v2\/posts"}],"about":[{"href":"https:\/\/www.eldiario.net\/portal\/wp-json\/wp\/v2\/types\/post"}],"author":[{"embeddable":true,"href":"https:\/\/www.eldiario.net\/portal\/wp-json\/wp\/v2\/users\/1"}],"replies":[{"embeddable":true,"href":"https:\/\/www.eldiario.net\/portal\/wp-json\/wp\/v2\/comments?post=278511"}],"version-history":[{"count":1,"href":"https:\/\/www.eldiario.net\/portal\/wp-json\/wp\/v2\/posts\/278511\/revisions"}],"predecessor-version":[{"id":278517,"href":"https:\/\/www.eldiario.net\/portal\/wp-json\/wp\/v2\/posts\/278511\/revisions\/278517"}],"wp:featuredmedia":[{"embeddable":true,"href":"https:\/\/www.eldiario.net\/portal\/wp-json\/wp\/v2\/media\/278512"}],"wp:attachment":[{"href":"https:\/\/www.eldiario.net\/portal\/wp-json\/wp\/v2\/media?parent=278511"}],"wp:term":[{"taxonomy":"category","embeddable":true,"href":"https:\/\/www.eldiario.net\/portal\/wp-json\/wp\/v2\/categories?post=278511"},{"taxonomy":"post_tag","embeddable":true,"href":"https:\/\/www.eldiario.net\/portal\/wp-json\/wp\/v2\/tags?post=278511"}],"curies":[{"name":"wp","href":"https:\/\/api.w.org\/{rel}","templated":true}]}}