{"id":277669,"date":"2025-01-28T05:53:37","date_gmt":"2025-01-28T09:53:37","guid":{"rendered":"https:\/\/www.eldiario.net\/portal\/?p=277669"},"modified":"2025-01-28T05:53:37","modified_gmt":"2025-01-28T09:53:37","slug":"mecanicos-denuncian-que-gasolina-especial-tiene-23-de-etanol","status":"publish","type":"post","link":"https:\/\/www.eldiario.net\/portal\/2025\/01\/28\/mecanicos-denuncian-que-gasolina-especial-tiene-23-de-etanol\/","title":{"rendered":"Mec\u00e1nicos denuncian que gasolina  especial tiene 23% de etanol"},"content":{"rendered":"<p>El Colegio de Mec\u00e1nicos de Santa Cruz afirm\u00f3 que se est\u00e1 mezclando un mayor porcentaje de etanol en la gasolina especial del permitido por est\u00e1ndares internacionales.<\/p>\n<p>\u201cEl etanol est\u00e1 al 23% del combustible que se est\u00e1 comercializando a nivel nacional y departamental. Entonces, como Colegio de Ingenieros Mec\u00e1nicos expresamos nuestra preocupaci\u00f3n ya que los veh\u00edculos que est\u00e1n actualmente en el parque automotor no est\u00e1n dise\u00f1ados para trabajar con ese porcentaje de etanol\u201d, sostuvo Juan Miguel Bonilla, presidente del Colegio de Mec\u00e1nicos de Santa Cruz.<\/p>\n<p>Por su parte, Bonilla remarc\u00f3 que esta situaci\u00f3n puede provocar da\u00f1os severos en el motor, mala combusti\u00f3n, da\u00f1os en los inyectores y el mismo rendimiento del veh\u00edculo es menor. \u201cLa misma gasolina dura menos\u201d, asegur\u00f3.<\/p>\n<p>A su vez, el vicepresidente del Colegio de Mec\u00e1nicos de Santa Cruz, Guido Moreno, se\u00f1al\u00f3 que en la actualidad no se tiene la posibilidad de establecer un banco de pruebas con una cantidad determinada de motores; sin embargo, remarc\u00f3 que lo que se puede hacer es comprobar qu\u00e9 propiedades f\u00edsico- qu\u00edmica est\u00e1n afectando en el nuevo combustible, que pueda afectar al motor.<\/p>\n<p>Agreg\u00f3 que tambi\u00e9n se invita a las concesionarias que apoyen la iniciativa. \u201cCreo que lo que se viene es un reclamo masivo\u201d, remarc\u00f3.<\/p>\n<p>En septiembre del 2018, en el gobierno de Evo Morales, se promulg\u00f3 el Decreto Supremo 3672 que establec\u00eda que los combustibles iban a tener hasta un 12% de etanol anhidro.<\/p>\n<p>En marzo del 2024 en el gobierno de Luis Arce se promulg\u00f3 el Decreto Supremo 5135 que establec\u00eda que el etanol anhidro pod\u00eda llegar hasta el 25%.<\/p>\n<p>PROPIETARIOS SE MANIFIESTAN<\/p>\n<p>Por su parte, los propietarios de motorizados, a trav\u00e9s de sus redes sociales, reclamaron por esta situaci\u00f3n indicando que los motores de sus veh\u00edculos comenzaron a tener problemas.<\/p>\n<p>Lo que m\u00e1s de da\u00f1a es el sistema de inyecci\u00f3n, cuya reparaci\u00f3n tiene un costo aproximado entre 2.000 y 2.500 d\u00f3lares, manifest\u00f3 uno de los due\u00f1os cuyo autom\u00f3vil fue afectado por la mala calidad de gasolina.<\/p>\n<p>VERSI\u00d3N DE YPFB<\/p>\n<p>Ante las denuncias por la calidad de la gasolina que se distribuye en el pa\u00eds, desde Yacimientos Petrol\u00edferos Fiscales Bolivianos (YPFB) negaron que hubiera cambios en la mezcla de este combustible con etanol, alegando que se adiciona hasta un 12% de alcohol anhidro y no un volumen mayor.<\/p>\n<p>El gerente general de YPFB Log\u00edstica, F\u00e9lix Cruz, dijo ayer que la mezcla est\u00e1 cumpliendo con la normativa vigente y que no excede del 12%, lo que se demuestra con los vol\u00famenes de etanol que entrega el sector ca\u00f1ero al Estado.<\/p>\n<p>Seg\u00fan el ejecutivo, en 2024 se comercializ\u00f3 un volumen de 1.845.000 metros c\u00fabicos (m3) de gasolina Especial Plus en el pa\u00eds y lo que respecta al etanol fue de 214.964 m3. \u201cSi hacemos una operaci\u00f3n que est\u00e1 superior a lo que es el 12%, entonces tendr\u00edamos que preguntarnos de d\u00f3nde ingresar\u00eda el etanol\u201d, remarc\u00f3. (Santa Cruz, con datos de Unitel)<\/p>\n","protected":false},"excerpt":{"rendered":"<p>El Colegio de Mec\u00e1nicos de Santa Cruz afirm\u00f3 que se est\u00e1 mezclando un mayor porcentaje de etanol en la gasolina especial del permitido por est\u00e1ndares internacionales. \u201cEl etanol est\u00e1 al 23% del combustible que se est\u00e1 comercializando a nivel nacional y departamental. Entonces, como Colegio de Ingenieros Mec\u00e1nicos expresamos nuestra preocupaci\u00f3n ya que los veh\u00edculos [&hellip;]<\/p>\n","protected":false},"author":1,"featured_media":277670,"comment_status":"closed","ping_status":"open","sticky":false,"template":"","format":"standard","meta":{"_acf_changed":false,"footnotes":""},"categories":[15],"tags":[],"class_list":["post-277669","post","type-post","status-publish","format-standard","has-post-thumbnail","category-portada"],"acf":{"antetitulo":"Los motores de veh\u00edculos pueden sufrir da\u00f1os"},"yoast_head":"<!-- This site is optimized with the Yoast SEO plugin v28.4 - https:\/\/yoast.com\/product\/yoast-seo-wordpress\/ -->\n<title>Mec\u00e1nicos denuncian que gasolina especial tiene 23% de etanol - El Diario - Bolivia<\/title>\n<meta name=\"robots\" content=\"index, follow, max-snippet:-1, max-image-preview:large, max-video-preview:-1\" \/>\n<link rel=\"canonical\" href=\"https:\/\/www.eldiario.net\/portal\/2025\/01\/28\/mecanicos-denuncian-que-gasolina-especial-tiene-23-de-etanol\/\" \/>\n<meta property=\"og:locale\" content=\"es_ES\" \/>\n<meta property=\"og:type\" content=\"article\" \/>\n<meta property=\"og:title\" content=\"Mec\u00e1nicos denuncian que gasolina especial tiene 23% de etanol - El Diario - Bolivia\" \/>\n<meta property=\"og:description\" content=\"El Colegio de Mec\u00e1nicos de Santa Cruz afirm\u00f3 que se est\u00e1 mezclando un mayor porcentaje de etanol en la gasolina especial del permitido por est\u00e1ndares internacionales. \u201cEl etanol est\u00e1 al 23% del combustible que se est\u00e1 comercializando a nivel nacional y departamental. Entonces, como Colegio de Ingenieros Mec\u00e1nicos expresamos nuestra preocupaci\u00f3n ya que los veh\u00edculos [&hellip;]\" \/>\n<meta property=\"og:url\" content=\"https:\/\/www.eldiario.net\/portal\/2025\/01\/28\/mecanicos-denuncian-que-gasolina-especial-tiene-23-de-etanol\/\" \/>\n<meta property=\"og:site_name\" content=\"El Diario - Bolivia\" \/>\n<meta property=\"article:publisher\" content=\"https:\/\/www.facebook.com\/eldiario.bolivia\/\" \/>\n<meta property=\"article:published_time\" content=\"2025-01-28T09:53:37+00:00\" \/>\n<meta property=\"og:image\" content=\"https:\/\/www.eldiario.net\/portal\/wp-content\/uploads\/2025\/01\/MOTORES-FOTO.jpg\" \/>\n\t<meta property=\"og:image:width\" content=\"1280\" \/>\n\t<meta property=\"og:image:height\" content=\"545\" \/>\n\t<meta property=\"og:image:type\" content=\"image\/jpeg\" \/>\n<meta name=\"author\" content=\"Jeanette\" \/>\n<meta name=\"twitter:card\" content=\"summary_large_image\" \/>\n<meta name=\"twitter:creator\" content=\"@eldiario_net\" \/>\n<meta name=\"twitter:site\" content=\"@eldiario_net\" \/>\n<meta name=\"twitter:label1\" content=\"Escrito por\" \/>\n\t<meta name=\"twitter:data1\" content=\"Jeanette\" \/>\n\t<meta name=\"twitter:label2\" content=\"Tiempo de lectura\" \/>\n\t<meta name=\"twitter:data2\" content=\"3 minutos\" \/>\n<script type=\"application\/ld+json\" class=\"yoast-schema-graph\">{\"@context\":\"https:\\\/\\\/schema.org\",\"@graph\":[{\"@type\":\"Article\",\"@id\":\"https:\\\/\\\/www.eldiario.net\\\/portal\\\/2025\\\/01\\\/28\\\/mecanicos-denuncian-que-gasolina-especial-tiene-23-de-etanol\\\/#article\",\"isPartOf\":{\"@id\":\"https:\\\/\\\/www.eldiario.net\\\/portal\\\/2025\\\/01\\\/28\\\/mecanicos-denuncian-que-gasolina-especial-tiene-23-de-etanol\\\/\"},\"author\":{\"name\":\"Jeanette\",\"@id\":\"https:\\\/\\\/www.eldiario.net\\\/portal\\\/#\\\/schema\\\/person\\\/f46445640444750d7d753ccd04ae01b7\"},\"headline\":\"Mec\u00e1nicos denuncian que gasolina especial tiene 23% de etanol\",\"datePublished\":\"2025-01-28T09:53:37+00:00\",\"mainEntityOfPage\":{\"@id\":\"https:\\\/\\\/www.eldiario.net\\\/portal\\\/2025\\\/01\\\/28\\\/mecanicos-denuncian-que-gasolina-especial-tiene-23-de-etanol\\\/\"},\"wordCount\":521,\"publisher\":{\"@id\":\"https:\\\/\\\/www.eldiario.net\\\/portal\\\/#organization\"},\"image\":{\"@id\":\"https:\\\/\\\/www.eldiario.net\\\/portal\\\/2025\\\/01\\\/28\\\/mecanicos-denuncian-que-gasolina-especial-tiene-23-de-etanol\\\/#primaryimage\"},\"thumbnailUrl\":\"https:\\\/\\\/www.eldiario.net\\\/portal\\\/wp-content\\\/uploads\\\/2025\\\/01\\\/MOTORES-FOTO.jpg\",\"articleSection\":[\"Portada\"],\"inLanguage\":\"es\"},{\"@type\":\"WebPage\",\"@id\":\"https:\\\/\\\/www.eldiario.net\\\/portal\\\/2025\\\/01\\\/28\\\/mecanicos-denuncian-que-gasolina-especial-tiene-23-de-etanol\\\/\",\"url\":\"https:\\\/\\\/www.eldiario.net\\\/portal\\\/2025\\\/01\\\/28\\\/mecanicos-denuncian-que-gasolina-especial-tiene-23-de-etanol\\\/\",\"name\":\"Mec\u00e1nicos denuncian que gasolina especial tiene 23% de etanol - El Diario - Bolivia\",\"isPartOf\":{\"@id\":\"https:\\\/\\\/www.eldiario.net\\\/portal\\\/#website\"},\"primaryImageOfPage\":{\"@id\":\"https:\\\/\\\/www.eldiario.net\\\/portal\\\/2025\\\/01\\\/28\\\/mecanicos-denuncian-que-gasolina-especial-tiene-23-de-etanol\\\/#primaryimage\"},\"image\":{\"@id\":\"https:\\\/\\\/www.eldiario.net\\\/portal\\\/2025\\\/01\\\/28\\\/mecanicos-denuncian-que-gasolina-especial-tiene-23-de-etanol\\\/#primaryimage\"},\"thumbnailUrl\":\"https:\\\/\\\/www.eldiario.net\\\/portal\\\/wp-content\\\/uploads\\\/2025\\\/01\\\/MOTORES-FOTO.jpg\",\"datePublished\":\"2025-01-28T09:53:37+00:00\",\"breadcrumb\":{\"@id\":\"https:\\\/\\\/www.eldiario.net\\\/portal\\\/2025\\\/01\\\/28\\\/mecanicos-denuncian-que-gasolina-especial-tiene-23-de-etanol\\\/#breadcrumb\"},\"inLanguage\":\"es\",\"potentialAction\":[{\"@type\":\"ReadAction\",\"target\":[\"https:\\\/\\\/www.eldiario.net\\\/portal\\\/2025\\\/01\\\/28\\\/mecanicos-denuncian-que-gasolina-especial-tiene-23-de-etanol\\\/\"]}]},{\"@type\":\"ImageObject\",\"inLanguage\":\"es\",\"@id\":\"https:\\\/\\\/www.eldiario.net\\\/portal\\\/2025\\\/01\\\/28\\\/mecanicos-denuncian-que-gasolina-especial-tiene-23-de-etanol\\\/#primaryimage\",\"url\":\"https:\\\/\\\/www.eldiario.net\\\/portal\\\/wp-content\\\/uploads\\\/2025\\\/01\\\/MOTORES-FOTO.jpg\",\"contentUrl\":\"https:\\\/\\\/www.eldiario.net\\\/portal\\\/wp-content\\\/uploads\\\/2025\\\/01\\\/MOTORES-FOTO.jpg\",\"width\":1280,\"height\":545,\"caption\":\"FOTO: UNITEL\"},{\"@type\":\"BreadcrumbList\",\"@id\":\"https:\\\/\\\/www.eldiario.net\\\/portal\\\/2025\\\/01\\\/28\\\/mecanicos-denuncian-que-gasolina-especial-tiene-23-de-etanol\\\/#breadcrumb\",\"itemListElement\":[{\"@type\":\"ListItem\",\"position\":1,\"name\":\"Portada\",\"item\":\"https:\\\/\\\/www.eldiario.net\\\/portal\\\/\"},{\"@type\":\"ListItem\",\"position\":2,\"name\":\"Mec\u00e1nicos denuncian que gasolina especial tiene 23% de etanol\"}]},{\"@type\":\"WebSite\",\"@id\":\"https:\\\/\\\/www.eldiario.net\\\/portal\\\/#website\",\"url\":\"https:\\\/\\\/www.eldiario.net\\\/portal\\\/\",\"name\":\"El Diario - Decano de la prensa nacional\",\"description\":\"El Diario - Decano de la prensa nacional\",\"publisher\":{\"@id\":\"https:\\\/\\\/www.eldiario.net\\\/portal\\\/#organization\"},\"potentialAction\":[{\"@type\":\"SearchAction\",\"target\":{\"@type\":\"EntryPoint\",\"urlTemplate\":\"https:\\\/\\\/www.eldiario.net\\\/portal\\\/?s={search_term_string}\"},\"query-input\":{\"@type\":\"PropertyValueSpecification\",\"valueRequired\":true,\"valueName\":\"search_term_string\"}}],\"inLanguage\":\"es\"},{\"@type\":\"Organization\",\"@id\":\"https:\\\/\\\/www.eldiario.net\\\/portal\\\/#organization\",\"name\":\"El Diario - Decano de la prensa nacional\",\"url\":\"https:\\\/\\\/www.eldiario.net\\\/portal\\\/\",\"logo\":{\"@type\":\"ImageObject\",\"inLanguage\":\"es\",\"@id\":\"https:\\\/\\\/www.eldiario.net\\\/portal\\\/#\\\/schema\\\/logo\\\/image\\\/\",\"url\":\"https:\\\/\\\/www.eldiario.net\\\/portal\\\/wp-content\\\/uploads\\\/2023\\\/07\\\/logo_ED.jpg\",\"contentUrl\":\"https:\\\/\\\/www.eldiario.net\\\/portal\\\/wp-content\\\/uploads\\\/2023\\\/07\\\/logo_ED.jpg\",\"width\":272,\"height\":52,\"caption\":\"El Diario - Decano de la prensa nacional\"},\"image\":{\"@id\":\"https:\\\/\\\/www.eldiario.net\\\/portal\\\/#\\\/schema\\\/logo\\\/image\\\/\"},\"sameAs\":[\"https:\\\/\\\/www.facebook.com\\\/eldiario.bolivia\\\/\",\"https:\\\/\\\/x.com\\\/eldiario_net\"]},{\"@type\":\"Person\",\"@id\":\"https:\\\/\\\/www.eldiario.net\\\/portal\\\/#\\\/schema\\\/person\\\/f46445640444750d7d753ccd04ae01b7\",\"name\":\"Jeanette\",\"image\":{\"@type\":\"ImageObject\",\"inLanguage\":\"es\",\"@id\":\"https:\\\/\\\/secure.gravatar.com\\\/avatar\\\/3ea2118a5f7dad2b7138b1187a6b7ee55f160b9968b66013c3a3ef39dd7e5798?s=96&d=mm&r=g\",\"url\":\"https:\\\/\\\/secure.gravatar.com\\\/avatar\\\/3ea2118a5f7dad2b7138b1187a6b7ee55f160b9968b66013c3a3ef39dd7e5798?s=96&d=mm&r=g\",\"contentUrl\":\"https:\\\/\\\/secure.gravatar.com\\\/avatar\\\/3ea2118a5f7dad2b7138b1187a6b7ee55f160b9968b66013c3a3ef39dd7e5798?s=96&d=mm&r=g\",\"caption\":\"Jeanette\"},\"sameAs\":[\"https:\\\/\\\/www.eldiario.net\\\/portal\"],\"url\":\"https:\\\/\\\/www.eldiario.net\\\/portal\\\/author\\\/jeanette\\\/\"}]}<\/script>\n<!-- \/ Yoast SEO plugin. -->","yoast_head_json":{"title":"Mec\u00e1nicos denuncian que gasolina especial tiene 23% de etanol - El Diario - Bolivia","robots":{"index":"index","follow":"follow","max-snippet":"max-snippet:-1","max-image-preview":"max-image-preview:large","max-video-preview":"max-video-preview:-1"},"canonical":"https:\/\/www.eldiario.net\/portal\/2025\/01\/28\/mecanicos-denuncian-que-gasolina-especial-tiene-23-de-etanol\/","og_locale":"es_ES","og_type":"article","og_title":"Mec\u00e1nicos denuncian que gasolina especial tiene 23% de etanol - El Diario - Bolivia","og_description":"El Colegio de Mec\u00e1nicos de Santa Cruz afirm\u00f3 que se est\u00e1 mezclando un mayor porcentaje de etanol en la gasolina especial del permitido por est\u00e1ndares internacionales. \u201cEl etanol est\u00e1 al 23% del combustible que se est\u00e1 comercializando a nivel nacional y departamental. Entonces, como Colegio de Ingenieros Mec\u00e1nicos expresamos nuestra preocupaci\u00f3n ya que los veh\u00edculos [&hellip;]","og_url":"https:\/\/www.eldiario.net\/portal\/2025\/01\/28\/mecanicos-denuncian-que-gasolina-especial-tiene-23-de-etanol\/","og_site_name":"El Diario - Bolivia","article_publisher":"https:\/\/www.facebook.com\/eldiario.bolivia\/","article_published_time":"2025-01-28T09:53:37+00:00","og_image":[{"width":1280,"height":545,"url":"https:\/\/www.eldiario.net\/portal\/wp-content\/uploads\/2025\/01\/MOTORES-FOTO.jpg","type":"image\/jpeg"}],"author":"Jeanette","twitter_card":"summary_large_image","twitter_creator":"@eldiario_net","twitter_site":"@eldiario_net","twitter_misc":{"Escrito por":"Jeanette","Tiempo de lectura":"3 minutos"},"schema":{"@context":"https:\/\/schema.org","@graph":[{"@type":"Article","@id":"https:\/\/www.eldiario.net\/portal\/2025\/01\/28\/mecanicos-denuncian-que-gasolina-especial-tiene-23-de-etanol\/#article","isPartOf":{"@id":"https:\/\/www.eldiario.net\/portal\/2025\/01\/28\/mecanicos-denuncian-que-gasolina-especial-tiene-23-de-etanol\/"},"author":{"name":"Jeanette","@id":"https:\/\/www.eldiario.net\/portal\/#\/schema\/person\/f46445640444750d7d753ccd04ae01b7"},"headline":"Mec\u00e1nicos denuncian que gasolina especial tiene 23% de etanol","datePublished":"2025-01-28T09:53:37+00:00","mainEntityOfPage":{"@id":"https:\/\/www.eldiario.net\/portal\/2025\/01\/28\/mecanicos-denuncian-que-gasolina-especial-tiene-23-de-etanol\/"},"wordCount":521,"publisher":{"@id":"https:\/\/www.eldiario.net\/portal\/#organization"},"image":{"@id":"https:\/\/www.eldiario.net\/portal\/2025\/01\/28\/mecanicos-denuncian-que-gasolina-especial-tiene-23-de-etanol\/#primaryimage"},"thumbnailUrl":"https:\/\/www.eldiario.net\/portal\/wp-content\/uploads\/2025\/01\/MOTORES-FOTO.jpg","articleSection":["Portada"],"inLanguage":"es"},{"@type":"WebPage","@id":"https:\/\/www.eldiario.net\/portal\/2025\/01\/28\/mecanicos-denuncian-que-gasolina-especial-tiene-23-de-etanol\/","url":"https:\/\/www.eldiario.net\/portal\/2025\/01\/28\/mecanicos-denuncian-que-gasolina-especial-tiene-23-de-etanol\/","name":"Mec\u00e1nicos denuncian que gasolina especial tiene 23% de etanol - El Diario - Bolivia","isPartOf":{"@id":"https:\/\/www.eldiario.net\/portal\/#website"},"primaryImageOfPage":{"@id":"https:\/\/www.eldiario.net\/portal\/2025\/01\/28\/mecanicos-denuncian-que-gasolina-especial-tiene-23-de-etanol\/#primaryimage"},"image":{"@id":"https:\/\/www.eldiario.net\/portal\/2025\/01\/28\/mecanicos-denuncian-que-gasolina-especial-tiene-23-de-etanol\/#primaryimage"},"thumbnailUrl":"https:\/\/www.eldiario.net\/portal\/wp-content\/uploads\/2025\/01\/MOTORES-FOTO.jpg","datePublished":"2025-01-28T09:53:37+00:00","breadcrumb":{"@id":"https:\/\/www.eldiario.net\/portal\/2025\/01\/28\/mecanicos-denuncian-que-gasolina-especial-tiene-23-de-etanol\/#breadcrumb"},"inLanguage":"es","potentialAction":[{"@type":"ReadAction","target":["https:\/\/www.eldiario.net\/portal\/2025\/01\/28\/mecanicos-denuncian-que-gasolina-especial-tiene-23-de-etanol\/"]}]},{"@type":"ImageObject","inLanguage":"es","@id":"https:\/\/www.eldiario.net\/portal\/2025\/01\/28\/mecanicos-denuncian-que-gasolina-especial-tiene-23-de-etanol\/#primaryimage","url":"https:\/\/www.eldiario.net\/portal\/wp-content\/uploads\/2025\/01\/MOTORES-FOTO.jpg","contentUrl":"https:\/\/www.eldiario.net\/portal\/wp-content\/uploads\/2025\/01\/MOTORES-FOTO.jpg","width":1280,"height":545,"caption":"FOTO: UNITEL"},{"@type":"BreadcrumbList","@id":"https:\/\/www.eldiario.net\/portal\/2025\/01\/28\/mecanicos-denuncian-que-gasolina-especial-tiene-23-de-etanol\/#breadcrumb","itemListElement":[{"@type":"ListItem","position":1,"name":"Portada","item":"https:\/\/www.eldiario.net\/portal\/"},{"@type":"ListItem","position":2,"name":"Mec\u00e1nicos denuncian que gasolina especial tiene 23% de etanol"}]},{"@type":"WebSite","@id":"https:\/\/www.eldiario.net\/portal\/#website","url":"https:\/\/www.eldiario.net\/portal\/","name":"El Diario - Decano de la prensa nacional","description":"El Diario - Decano de la prensa nacional","publisher":{"@id":"https:\/\/www.eldiario.net\/portal\/#organization"},"potentialAction":[{"@type":"SearchAction","target":{"@type":"EntryPoint","urlTemplate":"https:\/\/www.eldiario.net\/portal\/?s={search_term_string}"},"query-input":{"@type":"PropertyValueSpecification","valueRequired":true,"valueName":"search_term_string"}}],"inLanguage":"es"},{"@type":"Organization","@id":"https:\/\/www.eldiario.net\/portal\/#organization","name":"El Diario - Decano de la prensa nacional","url":"https:\/\/www.eldiario.net\/portal\/","logo":{"@type":"ImageObject","inLanguage":"es","@id":"https:\/\/www.eldiario.net\/portal\/#\/schema\/logo\/image\/","url":"https:\/\/www.eldiario.net\/portal\/wp-content\/uploads\/2023\/07\/logo_ED.jpg","contentUrl":"https:\/\/www.eldiario.net\/portal\/wp-content\/uploads\/2023\/07\/logo_ED.jpg","width":272,"height":52,"caption":"El Diario - Decano de la prensa nacional"},"image":{"@id":"https:\/\/www.eldiario.net\/portal\/#\/schema\/logo\/image\/"},"sameAs":["https:\/\/www.facebook.com\/eldiario.bolivia\/","https:\/\/x.com\/eldiario_net"]},{"@type":"Person","@id":"https:\/\/www.eldiario.net\/portal\/#\/schema\/person\/f46445640444750d7d753ccd04ae01b7","name":"Jeanette","image":{"@type":"ImageObject","inLanguage":"es","@id":"https:\/\/secure.gravatar.com\/avatar\/3ea2118a5f7dad2b7138b1187a6b7ee55f160b9968b66013c3a3ef39dd7e5798?s=96&d=mm&r=g","url":"https:\/\/secure.gravatar.com\/avatar\/3ea2118a5f7dad2b7138b1187a6b7ee55f160b9968b66013c3a3ef39dd7e5798?s=96&d=mm&r=g","contentUrl":"https:\/\/secure.gravatar.com\/avatar\/3ea2118a5f7dad2b7138b1187a6b7ee55f160b9968b66013c3a3ef39dd7e5798?s=96&d=mm&r=g","caption":"Jeanette"},"sameAs":["https:\/\/www.eldiario.net\/portal"],"url":"https:\/\/www.eldiario.net\/portal\/author\/jeanette\/"}]}},"_links":{"self":[{"href":"https:\/\/www.eldiario.net\/portal\/wp-json\/wp\/v2\/posts\/277669","targetHints":{"allow":["GET"]}}],"collection":[{"href":"https:\/\/www.eldiario.net\/portal\/wp-json\/wp\/v2\/posts"}],"about":[{"href":"https:\/\/www.eldiario.net\/portal\/wp-json\/wp\/v2\/types\/post"}],"author":[{"embeddable":true,"href":"https:\/\/www.eldiario.net\/portal\/wp-json\/wp\/v2\/users\/1"}],"replies":[{"embeddable":true,"href":"https:\/\/www.eldiario.net\/portal\/wp-json\/wp\/v2\/comments?post=277669"}],"version-history":[{"count":1,"href":"https:\/\/www.eldiario.net\/portal\/wp-json\/wp\/v2\/posts\/277669\/revisions"}],"predecessor-version":[{"id":277671,"href":"https:\/\/www.eldiario.net\/portal\/wp-json\/wp\/v2\/posts\/277669\/revisions\/277671"}],"wp:featuredmedia":[{"embeddable":true,"href":"https:\/\/www.eldiario.net\/portal\/wp-json\/wp\/v2\/media\/277670"}],"wp:attachment":[{"href":"https:\/\/www.eldiario.net\/portal\/wp-json\/wp\/v2\/media?parent=277669"}],"wp:term":[{"taxonomy":"category","embeddable":true,"href":"https:\/\/www.eldiario.net\/portal\/wp-json\/wp\/v2\/categories?post=277669"},{"taxonomy":"post_tag","embeddable":true,"href":"https:\/\/www.eldiario.net\/portal\/wp-json\/wp\/v2\/tags?post=277669"}],"curies":[{"name":"wp","href":"https:\/\/api.w.org\/{rel}","templated":true}]}}