{"id":277666,"date":"2025-01-28T05:53:01","date_gmt":"2025-01-28T09:53:01","guid":{"rendered":"https:\/\/www.eldiario.net\/portal\/?p=277666"},"modified":"2025-01-28T05:53:01","modified_gmt":"2025-01-28T09:53:01","slug":"reactivan-navegabilidad-y-el-pais-recibe-una-carga-historica","status":"publish","type":"post","link":"https:\/\/www.eldiario.net\/portal\/2025\/01\/28\/reactivan-navegabilidad-y-el-pais-recibe-una-carga-historica\/","title":{"rendered":"Reactivan navegabilidad y el  pa\u00eds recibe una carga hist\u00f3rica"},"content":{"rendered":"<p>Al reactivarse la navegabilidad en la hidrov\u00eda Paraguay-Paran\u00e1, desde la firma boliviana Puerto Jennefer reportaron el ingreso de una carga hist\u00f3rica y de dimensiones que ponen a la actividad portuaria nacional a la altura de otros jugadores de la regi\u00f3n. Se trata del arribo de un convoy de 20 barcazas con 10 megaestructuras que estar\u00e1n destinadas a un parque e\u00f3lico que construye en el municipio cruce\u00f1o de Warnes.<\/p>\n<p>Ese fue el reporte que dio ayer el gerente general de Puerto Jennefer, Bismark Rosales, al referir que esta es \u201cquiz\u00e1 la m\u00e1s grande que ha recibido el pa\u00eds\u201d, recordando tambi\u00e9n que en 2019 tambi\u00e9n se dio una iniciativa de esta magnitud y cuyo ingreso a Bolivia es operado por capital y mano de obra nacional.<\/p>\n<p>\u201cSe trata de una carga estrat\u00e9gica nacional y en este momento se est\u00e1 descargando con mucha eficiencia en Puerto Jennefer. Lleg\u00f3 a la hidrov\u00eda desde buques de ultramar provenientes de China, pasando por los puertos uruguayos hasta su llegada en barcazas a Bolivia\u201d, se\u00f1al\u00f3 Rosales.<\/p>\n<p>El ejecutivo del mencionado puerto internacional explic\u00f3 que son 10 torres en total y cuyas estructuras pesan entre 30 y 140 toneladas cada una, que exigen el movimiento de gr\u00faas y camiones especializados de hasta 70 metros de largo, es decir, son cargas de alto tonelaje que ya pueden ser ingresadas a Bolivia a trav\u00e9s de la plataforma de la zona este del pa\u00eds.<\/p>\n<p>\u201cUn puerto boliviano ya est\u00e1 a la altura de cualquier otro puerto de los pa\u00edses de la hidrov\u00eda, sea los argentino, uruguayo, paraguayo o brasile\u00f1o. La hidrov\u00eda volvi\u00f3 a estar navegable, estuvo parada por los niveles muy bajos de agua y gracias a su recuperaci\u00f3n es de que el comercio exterior boliviano vuelve a tener oportunidades de ser competitivo afuera en el mercado internacional\u201d, remarc\u00f3.<\/p>\n<p>Estas megaestructuras corresponden a la estatal Empresa Nacional de Electricidad (ENDE) y ya se descargaron en un 50%, proyectando que hasta la mitad de la presente semana se concluyan las labores para que empezar enviarlas a su destino en los pr\u00f3ximo 15 d\u00edas, de acuerdo con el reporte.<\/p>\n<p>\u201cEl exportador boliviano vuelve a tener alguna luz en el t\u00fanel, dada la crisis y las situaciones que hay, ya que la exportaci\u00f3n v\u00eda fluvial mar\u00edtima es el camino m\u00e1s eficiente. Entonces, esto volvi\u00f3 a ser una alternativa y no es necesario para la carga del oriente boliviano y de parte de Cochabamba ir hasta el Pac\u00edfico pagando fletes terrestres muy caros para llegar a los puertos\u201d, concluy\u00f3 Rosales. (Santa Cruz, con datos de Unitel)<\/p>\n","protected":false},"excerpt":{"rendered":"<p>Al reactivarse la navegabilidad en la hidrov\u00eda Paraguay-Paran\u00e1, desde la firma boliviana Puerto Jennefer reportaron el ingreso de una carga hist\u00f3rica y de dimensiones que ponen a la actividad portuaria nacional a la altura de otros jugadores de la regi\u00f3n. Se trata del arribo de un convoy de 20 barcazas con 10 megaestructuras que estar\u00e1n [&hellip;]<\/p>\n","protected":false},"author":1,"featured_media":277667,"comment_status":"closed","ping_status":"open","sticky":false,"template":"","format":"standard","meta":{"_acf_changed":false,"footnotes":""},"categories":[15],"tags":[],"class_list":["post-277666","post","type-post","status-publish","format-standard","has-post-thumbnail","category-portada"],"acf":{"antetitulo":"Hidrov\u00eda Paraguay-Paran\u00e1"},"yoast_head":"<!-- This site is optimized with the Yoast SEO plugin v28.4 - https:\/\/yoast.com\/product\/yoast-seo-wordpress\/ -->\n<title>Reactivan navegabilidad y el pa\u00eds recibe una carga hist\u00f3rica - El Diario - Bolivia<\/title>\n<meta name=\"robots\" content=\"index, follow, max-snippet:-1, max-image-preview:large, max-video-preview:-1\" \/>\n<link rel=\"canonical\" href=\"https:\/\/www.eldiario.net\/portal\/2025\/01\/28\/reactivan-navegabilidad-y-el-pais-recibe-una-carga-historica\/\" \/>\n<meta property=\"og:locale\" content=\"es_ES\" \/>\n<meta property=\"og:type\" content=\"article\" \/>\n<meta property=\"og:title\" content=\"Reactivan navegabilidad y el pa\u00eds recibe una carga hist\u00f3rica - El Diario - Bolivia\" \/>\n<meta property=\"og:description\" content=\"Al reactivarse la navegabilidad en la hidrov\u00eda Paraguay-Paran\u00e1, desde la firma boliviana Puerto Jennefer reportaron el ingreso de una carga hist\u00f3rica y de dimensiones que ponen a la actividad portuaria nacional a la altura de otros jugadores de la regi\u00f3n. Se trata del arribo de un convoy de 20 barcazas con 10 megaestructuras que estar\u00e1n [&hellip;]\" \/>\n<meta property=\"og:url\" content=\"https:\/\/www.eldiario.net\/portal\/2025\/01\/28\/reactivan-navegabilidad-y-el-pais-recibe-una-carga-historica\/\" \/>\n<meta property=\"og:site_name\" content=\"El Diario - Bolivia\" \/>\n<meta property=\"article:publisher\" content=\"https:\/\/www.facebook.com\/eldiario.bolivia\/\" \/>\n<meta property=\"article:published_time\" content=\"2025-01-28T09:53:01+00:00\" \/>\n<meta property=\"og:image\" content=\"https:\/\/www.eldiario.net\/portal\/wp-content\/uploads\/2025\/01\/PARANA-FOTO.jpg\" \/>\n\t<meta property=\"og:image:width\" content=\"1280\" \/>\n\t<meta property=\"og:image:height\" content=\"545\" \/>\n\t<meta property=\"og:image:type\" content=\"image\/jpeg\" \/>\n<meta name=\"author\" content=\"Jeanette\" \/>\n<meta name=\"twitter:card\" content=\"summary_large_image\" \/>\n<meta name=\"twitter:creator\" content=\"@eldiario_net\" \/>\n<meta name=\"twitter:site\" content=\"@eldiario_net\" \/>\n<meta name=\"twitter:label1\" content=\"Escrito por\" \/>\n\t<meta name=\"twitter:data1\" content=\"Jeanette\" \/>\n\t<meta name=\"twitter:label2\" content=\"Tiempo de lectura\" \/>\n\t<meta name=\"twitter:data2\" content=\"3 minutos\" \/>\n<script type=\"application\/ld+json\" class=\"yoast-schema-graph\">{\"@context\":\"https:\\\/\\\/schema.org\",\"@graph\":[{\"@type\":\"Article\",\"@id\":\"https:\\\/\\\/www.eldiario.net\\\/portal\\\/2025\\\/01\\\/28\\\/reactivan-navegabilidad-y-el-pais-recibe-una-carga-historica\\\/#article\",\"isPartOf\":{\"@id\":\"https:\\\/\\\/www.eldiario.net\\\/portal\\\/2025\\\/01\\\/28\\\/reactivan-navegabilidad-y-el-pais-recibe-una-carga-historica\\\/\"},\"author\":{\"name\":\"Jeanette\",\"@id\":\"https:\\\/\\\/www.eldiario.net\\\/portal\\\/#\\\/schema\\\/person\\\/f46445640444750d7d753ccd04ae01b7\"},\"headline\":\"Reactivan navegabilidad y el pa\u00eds recibe una carga hist\u00f3rica\",\"datePublished\":\"2025-01-28T09:53:01+00:00\",\"mainEntityOfPage\":{\"@id\":\"https:\\\/\\\/www.eldiario.net\\\/portal\\\/2025\\\/01\\\/28\\\/reactivan-navegabilidad-y-el-pais-recibe-una-carga-historica\\\/\"},\"wordCount\":452,\"publisher\":{\"@id\":\"https:\\\/\\\/www.eldiario.net\\\/portal\\\/#organization\"},\"image\":{\"@id\":\"https:\\\/\\\/www.eldiario.net\\\/portal\\\/2025\\\/01\\\/28\\\/reactivan-navegabilidad-y-el-pais-recibe-una-carga-historica\\\/#primaryimage\"},\"thumbnailUrl\":\"https:\\\/\\\/www.eldiario.net\\\/portal\\\/wp-content\\\/uploads\\\/2025\\\/01\\\/PARANA-FOTO.jpg\",\"articleSection\":[\"Portada\"],\"inLanguage\":\"es\"},{\"@type\":\"WebPage\",\"@id\":\"https:\\\/\\\/www.eldiario.net\\\/portal\\\/2025\\\/01\\\/28\\\/reactivan-navegabilidad-y-el-pais-recibe-una-carga-historica\\\/\",\"url\":\"https:\\\/\\\/www.eldiario.net\\\/portal\\\/2025\\\/01\\\/28\\\/reactivan-navegabilidad-y-el-pais-recibe-una-carga-historica\\\/\",\"name\":\"Reactivan navegabilidad y el pa\u00eds recibe una carga hist\u00f3rica - El Diario - Bolivia\",\"isPartOf\":{\"@id\":\"https:\\\/\\\/www.eldiario.net\\\/portal\\\/#website\"},\"primaryImageOfPage\":{\"@id\":\"https:\\\/\\\/www.eldiario.net\\\/portal\\\/2025\\\/01\\\/28\\\/reactivan-navegabilidad-y-el-pais-recibe-una-carga-historica\\\/#primaryimage\"},\"image\":{\"@id\":\"https:\\\/\\\/www.eldiario.net\\\/portal\\\/2025\\\/01\\\/28\\\/reactivan-navegabilidad-y-el-pais-recibe-una-carga-historica\\\/#primaryimage\"},\"thumbnailUrl\":\"https:\\\/\\\/www.eldiario.net\\\/portal\\\/wp-content\\\/uploads\\\/2025\\\/01\\\/PARANA-FOTO.jpg\",\"datePublished\":\"2025-01-28T09:53:01+00:00\",\"breadcrumb\":{\"@id\":\"https:\\\/\\\/www.eldiario.net\\\/portal\\\/2025\\\/01\\\/28\\\/reactivan-navegabilidad-y-el-pais-recibe-una-carga-historica\\\/#breadcrumb\"},\"inLanguage\":\"es\",\"potentialAction\":[{\"@type\":\"ReadAction\",\"target\":[\"https:\\\/\\\/www.eldiario.net\\\/portal\\\/2025\\\/01\\\/28\\\/reactivan-navegabilidad-y-el-pais-recibe-una-carga-historica\\\/\"]}]},{\"@type\":\"ImageObject\",\"inLanguage\":\"es\",\"@id\":\"https:\\\/\\\/www.eldiario.net\\\/portal\\\/2025\\\/01\\\/28\\\/reactivan-navegabilidad-y-el-pais-recibe-una-carga-historica\\\/#primaryimage\",\"url\":\"https:\\\/\\\/www.eldiario.net\\\/portal\\\/wp-content\\\/uploads\\\/2025\\\/01\\\/PARANA-FOTO.jpg\",\"contentUrl\":\"https:\\\/\\\/www.eldiario.net\\\/portal\\\/wp-content\\\/uploads\\\/2025\\\/01\\\/PARANA-FOTO.jpg\",\"width\":1280,\"height\":545,\"caption\":\"La carga que lleg\u00f3 exige el movimiento de gr\u00faas y camiones especializados de hasta 70 metros de largo. FOTO: Unitel\"},{\"@type\":\"BreadcrumbList\",\"@id\":\"https:\\\/\\\/www.eldiario.net\\\/portal\\\/2025\\\/01\\\/28\\\/reactivan-navegabilidad-y-el-pais-recibe-una-carga-historica\\\/#breadcrumb\",\"itemListElement\":[{\"@type\":\"ListItem\",\"position\":1,\"name\":\"Portada\",\"item\":\"https:\\\/\\\/www.eldiario.net\\\/portal\\\/\"},{\"@type\":\"ListItem\",\"position\":2,\"name\":\"Reactivan navegabilidad y el pa\u00eds recibe una carga hist\u00f3rica\"}]},{\"@type\":\"WebSite\",\"@id\":\"https:\\\/\\\/www.eldiario.net\\\/portal\\\/#website\",\"url\":\"https:\\\/\\\/www.eldiario.net\\\/portal\\\/\",\"name\":\"El Diario - Decano de la prensa nacional\",\"description\":\"El Diario - Decano de la prensa nacional\",\"publisher\":{\"@id\":\"https:\\\/\\\/www.eldiario.net\\\/portal\\\/#organization\"},\"potentialAction\":[{\"@type\":\"SearchAction\",\"target\":{\"@type\":\"EntryPoint\",\"urlTemplate\":\"https:\\\/\\\/www.eldiario.net\\\/portal\\\/?s={search_term_string}\"},\"query-input\":{\"@type\":\"PropertyValueSpecification\",\"valueRequired\":true,\"valueName\":\"search_term_string\"}}],\"inLanguage\":\"es\"},{\"@type\":\"Organization\",\"@id\":\"https:\\\/\\\/www.eldiario.net\\\/portal\\\/#organization\",\"name\":\"El Diario - Decano de la prensa nacional\",\"url\":\"https:\\\/\\\/www.eldiario.net\\\/portal\\\/\",\"logo\":{\"@type\":\"ImageObject\",\"inLanguage\":\"es\",\"@id\":\"https:\\\/\\\/www.eldiario.net\\\/portal\\\/#\\\/schema\\\/logo\\\/image\\\/\",\"url\":\"https:\\\/\\\/www.eldiario.net\\\/portal\\\/wp-content\\\/uploads\\\/2023\\\/07\\\/logo_ED.jpg\",\"contentUrl\":\"https:\\\/\\\/www.eldiario.net\\\/portal\\\/wp-content\\\/uploads\\\/2023\\\/07\\\/logo_ED.jpg\",\"width\":272,\"height\":52,\"caption\":\"El Diario - Decano de la prensa nacional\"},\"image\":{\"@id\":\"https:\\\/\\\/www.eldiario.net\\\/portal\\\/#\\\/schema\\\/logo\\\/image\\\/\"},\"sameAs\":[\"https:\\\/\\\/www.facebook.com\\\/eldiario.bolivia\\\/\",\"https:\\\/\\\/x.com\\\/eldiario_net\"]},{\"@type\":\"Person\",\"@id\":\"https:\\\/\\\/www.eldiario.net\\\/portal\\\/#\\\/schema\\\/person\\\/f46445640444750d7d753ccd04ae01b7\",\"name\":\"Jeanette\",\"image\":{\"@type\":\"ImageObject\",\"inLanguage\":\"es\",\"@id\":\"https:\\\/\\\/secure.gravatar.com\\\/avatar\\\/3ea2118a5f7dad2b7138b1187a6b7ee55f160b9968b66013c3a3ef39dd7e5798?s=96&d=mm&r=g\",\"url\":\"https:\\\/\\\/secure.gravatar.com\\\/avatar\\\/3ea2118a5f7dad2b7138b1187a6b7ee55f160b9968b66013c3a3ef39dd7e5798?s=96&d=mm&r=g\",\"contentUrl\":\"https:\\\/\\\/secure.gravatar.com\\\/avatar\\\/3ea2118a5f7dad2b7138b1187a6b7ee55f160b9968b66013c3a3ef39dd7e5798?s=96&d=mm&r=g\",\"caption\":\"Jeanette\"},\"sameAs\":[\"https:\\\/\\\/www.eldiario.net\\\/portal\"],\"url\":\"https:\\\/\\\/www.eldiario.net\\\/portal\\\/author\\\/jeanette\\\/\"}]}<\/script>\n<!-- \/ Yoast SEO plugin. -->","yoast_head_json":{"title":"Reactivan navegabilidad y el pa\u00eds recibe una carga hist\u00f3rica - El Diario - Bolivia","robots":{"index":"index","follow":"follow","max-snippet":"max-snippet:-1","max-image-preview":"max-image-preview:large","max-video-preview":"max-video-preview:-1"},"canonical":"https:\/\/www.eldiario.net\/portal\/2025\/01\/28\/reactivan-navegabilidad-y-el-pais-recibe-una-carga-historica\/","og_locale":"es_ES","og_type":"article","og_title":"Reactivan navegabilidad y el pa\u00eds recibe una carga hist\u00f3rica - El Diario - Bolivia","og_description":"Al reactivarse la navegabilidad en la hidrov\u00eda Paraguay-Paran\u00e1, desde la firma boliviana Puerto Jennefer reportaron el ingreso de una carga hist\u00f3rica y de dimensiones que ponen a la actividad portuaria nacional a la altura de otros jugadores de la regi\u00f3n. Se trata del arribo de un convoy de 20 barcazas con 10 megaestructuras que estar\u00e1n [&hellip;]","og_url":"https:\/\/www.eldiario.net\/portal\/2025\/01\/28\/reactivan-navegabilidad-y-el-pais-recibe-una-carga-historica\/","og_site_name":"El Diario - Bolivia","article_publisher":"https:\/\/www.facebook.com\/eldiario.bolivia\/","article_published_time":"2025-01-28T09:53:01+00:00","og_image":[{"width":1280,"height":545,"url":"https:\/\/www.eldiario.net\/portal\/wp-content\/uploads\/2025\/01\/PARANA-FOTO.jpg","type":"image\/jpeg"}],"author":"Jeanette","twitter_card":"summary_large_image","twitter_creator":"@eldiario_net","twitter_site":"@eldiario_net","twitter_misc":{"Escrito por":"Jeanette","Tiempo de lectura":"3 minutos"},"schema":{"@context":"https:\/\/schema.org","@graph":[{"@type":"Article","@id":"https:\/\/www.eldiario.net\/portal\/2025\/01\/28\/reactivan-navegabilidad-y-el-pais-recibe-una-carga-historica\/#article","isPartOf":{"@id":"https:\/\/www.eldiario.net\/portal\/2025\/01\/28\/reactivan-navegabilidad-y-el-pais-recibe-una-carga-historica\/"},"author":{"name":"Jeanette","@id":"https:\/\/www.eldiario.net\/portal\/#\/schema\/person\/f46445640444750d7d753ccd04ae01b7"},"headline":"Reactivan navegabilidad y el pa\u00eds recibe una carga hist\u00f3rica","datePublished":"2025-01-28T09:53:01+00:00","mainEntityOfPage":{"@id":"https:\/\/www.eldiario.net\/portal\/2025\/01\/28\/reactivan-navegabilidad-y-el-pais-recibe-una-carga-historica\/"},"wordCount":452,"publisher":{"@id":"https:\/\/www.eldiario.net\/portal\/#organization"},"image":{"@id":"https:\/\/www.eldiario.net\/portal\/2025\/01\/28\/reactivan-navegabilidad-y-el-pais-recibe-una-carga-historica\/#primaryimage"},"thumbnailUrl":"https:\/\/www.eldiario.net\/portal\/wp-content\/uploads\/2025\/01\/PARANA-FOTO.jpg","articleSection":["Portada"],"inLanguage":"es"},{"@type":"WebPage","@id":"https:\/\/www.eldiario.net\/portal\/2025\/01\/28\/reactivan-navegabilidad-y-el-pais-recibe-una-carga-historica\/","url":"https:\/\/www.eldiario.net\/portal\/2025\/01\/28\/reactivan-navegabilidad-y-el-pais-recibe-una-carga-historica\/","name":"Reactivan navegabilidad y el pa\u00eds recibe una carga hist\u00f3rica - El Diario - Bolivia","isPartOf":{"@id":"https:\/\/www.eldiario.net\/portal\/#website"},"primaryImageOfPage":{"@id":"https:\/\/www.eldiario.net\/portal\/2025\/01\/28\/reactivan-navegabilidad-y-el-pais-recibe-una-carga-historica\/#primaryimage"},"image":{"@id":"https:\/\/www.eldiario.net\/portal\/2025\/01\/28\/reactivan-navegabilidad-y-el-pais-recibe-una-carga-historica\/#primaryimage"},"thumbnailUrl":"https:\/\/www.eldiario.net\/portal\/wp-content\/uploads\/2025\/01\/PARANA-FOTO.jpg","datePublished":"2025-01-28T09:53:01+00:00","breadcrumb":{"@id":"https:\/\/www.eldiario.net\/portal\/2025\/01\/28\/reactivan-navegabilidad-y-el-pais-recibe-una-carga-historica\/#breadcrumb"},"inLanguage":"es","potentialAction":[{"@type":"ReadAction","target":["https:\/\/www.eldiario.net\/portal\/2025\/01\/28\/reactivan-navegabilidad-y-el-pais-recibe-una-carga-historica\/"]}]},{"@type":"ImageObject","inLanguage":"es","@id":"https:\/\/www.eldiario.net\/portal\/2025\/01\/28\/reactivan-navegabilidad-y-el-pais-recibe-una-carga-historica\/#primaryimage","url":"https:\/\/www.eldiario.net\/portal\/wp-content\/uploads\/2025\/01\/PARANA-FOTO.jpg","contentUrl":"https:\/\/www.eldiario.net\/portal\/wp-content\/uploads\/2025\/01\/PARANA-FOTO.jpg","width":1280,"height":545,"caption":"La carga que lleg\u00f3 exige el movimiento de gr\u00faas y camiones especializados de hasta 70 metros de largo. FOTO: Unitel"},{"@type":"BreadcrumbList","@id":"https:\/\/www.eldiario.net\/portal\/2025\/01\/28\/reactivan-navegabilidad-y-el-pais-recibe-una-carga-historica\/#breadcrumb","itemListElement":[{"@type":"ListItem","position":1,"name":"Portada","item":"https:\/\/www.eldiario.net\/portal\/"},{"@type":"ListItem","position":2,"name":"Reactivan navegabilidad y el pa\u00eds recibe una carga hist\u00f3rica"}]},{"@type":"WebSite","@id":"https:\/\/www.eldiario.net\/portal\/#website","url":"https:\/\/www.eldiario.net\/portal\/","name":"El Diario - Decano de la prensa nacional","description":"El Diario - Decano de la prensa nacional","publisher":{"@id":"https:\/\/www.eldiario.net\/portal\/#organization"},"potentialAction":[{"@type":"SearchAction","target":{"@type":"EntryPoint","urlTemplate":"https:\/\/www.eldiario.net\/portal\/?s={search_term_string}"},"query-input":{"@type":"PropertyValueSpecification","valueRequired":true,"valueName":"search_term_string"}}],"inLanguage":"es"},{"@type":"Organization","@id":"https:\/\/www.eldiario.net\/portal\/#organization","name":"El Diario - Decano de la prensa nacional","url":"https:\/\/www.eldiario.net\/portal\/","logo":{"@type":"ImageObject","inLanguage":"es","@id":"https:\/\/www.eldiario.net\/portal\/#\/schema\/logo\/image\/","url":"https:\/\/www.eldiario.net\/portal\/wp-content\/uploads\/2023\/07\/logo_ED.jpg","contentUrl":"https:\/\/www.eldiario.net\/portal\/wp-content\/uploads\/2023\/07\/logo_ED.jpg","width":272,"height":52,"caption":"El Diario - Decano de la prensa nacional"},"image":{"@id":"https:\/\/www.eldiario.net\/portal\/#\/schema\/logo\/image\/"},"sameAs":["https:\/\/www.facebook.com\/eldiario.bolivia\/","https:\/\/x.com\/eldiario_net"]},{"@type":"Person","@id":"https:\/\/www.eldiario.net\/portal\/#\/schema\/person\/f46445640444750d7d753ccd04ae01b7","name":"Jeanette","image":{"@type":"ImageObject","inLanguage":"es","@id":"https:\/\/secure.gravatar.com\/avatar\/3ea2118a5f7dad2b7138b1187a6b7ee55f160b9968b66013c3a3ef39dd7e5798?s=96&d=mm&r=g","url":"https:\/\/secure.gravatar.com\/avatar\/3ea2118a5f7dad2b7138b1187a6b7ee55f160b9968b66013c3a3ef39dd7e5798?s=96&d=mm&r=g","contentUrl":"https:\/\/secure.gravatar.com\/avatar\/3ea2118a5f7dad2b7138b1187a6b7ee55f160b9968b66013c3a3ef39dd7e5798?s=96&d=mm&r=g","caption":"Jeanette"},"sameAs":["https:\/\/www.eldiario.net\/portal"],"url":"https:\/\/www.eldiario.net\/portal\/author\/jeanette\/"}]}},"_links":{"self":[{"href":"https:\/\/www.eldiario.net\/portal\/wp-json\/wp\/v2\/posts\/277666","targetHints":{"allow":["GET"]}}],"collection":[{"href":"https:\/\/www.eldiario.net\/portal\/wp-json\/wp\/v2\/posts"}],"about":[{"href":"https:\/\/www.eldiario.net\/portal\/wp-json\/wp\/v2\/types\/post"}],"author":[{"embeddable":true,"href":"https:\/\/www.eldiario.net\/portal\/wp-json\/wp\/v2\/users\/1"}],"replies":[{"embeddable":true,"href":"https:\/\/www.eldiario.net\/portal\/wp-json\/wp\/v2\/comments?post=277666"}],"version-history":[{"count":1,"href":"https:\/\/www.eldiario.net\/portal\/wp-json\/wp\/v2\/posts\/277666\/revisions"}],"predecessor-version":[{"id":277668,"href":"https:\/\/www.eldiario.net\/portal\/wp-json\/wp\/v2\/posts\/277666\/revisions\/277668"}],"wp:featuredmedia":[{"embeddable":true,"href":"https:\/\/www.eldiario.net\/portal\/wp-json\/wp\/v2\/media\/277667"}],"wp:attachment":[{"href":"https:\/\/www.eldiario.net\/portal\/wp-json\/wp\/v2\/media?parent=277666"}],"wp:term":[{"taxonomy":"category","embeddable":true,"href":"https:\/\/www.eldiario.net\/portal\/wp-json\/wp\/v2\/categories?post=277666"},{"taxonomy":"post_tag","embeddable":true,"href":"https:\/\/www.eldiario.net\/portal\/wp-json\/wp\/v2\/tags?post=277666"}],"curies":[{"name":"wp","href":"https:\/\/api.w.org\/{rel}","templated":true}]}}