{"id":277663,"date":"2025-01-28T05:52:27","date_gmt":"2025-01-28T09:52:27","guid":{"rendered":"https:\/\/www.eldiario.net\/portal\/?p=277663"},"modified":"2025-01-28T05:52:27","modified_gmt":"2025-01-28T09:52:27","slug":"argentina-confirma-licitacion-para-cerco-en-frontera-con-bolivia","status":"publish","type":"post","link":"https:\/\/www.eldiario.net\/portal\/2025\/01\/28\/argentina-confirma-licitacion-para-cerco-en-frontera-con-bolivia\/","title":{"rendered":"Argentina confirma licitaci\u00f3n para  cerco en frontera con Bolivia"},"content":{"rendered":"<p>El Gobierno de la provincia de Salta en Argentina anunci\u00f3 la licitaci\u00f3n para construir un cerco de alambrado en la frontera con Bolivia, cuyo objetivo ser\u00e1 impedir el ingreso ilegal en el sector adyacente a la oficina de migraciones en Aguas Blancas.<\/p>\n<p>El cerco ser\u00e1 de malla ol\u00edmpica y se extender\u00e1 200 metros desde la terminal de colectivos hasta la oficina de migraciones. El enmallado estar\u00e1 compuesto por postes de 3,5 metros en total, siendo de utilidad 2,8 metros, seg\u00fan public\u00f3 la administraci\u00f3n salte\u00f1a.<\/p>\n<p>Los postes ser\u00e1n de hormig\u00f3n armado reforzados y se dispondr\u00e1n cada cuatro metros de distancia, con puntales de refuerzo cada cuatro postes. Estos mismos ser\u00e1n enterrados 70 cent\u00edmetros.<\/p>\n<p>El alambrado ser\u00e1 de acero calibre 14 con rombos de 5 cent\u00edmetros m\u00e1ximo. En la parte superior se colocaran tres hilos de alambre de p\u00faas y alambre concertina.<\/p>\n<p>En el cerco se construir\u00e1n tres puertas de acceso para el uso de fuerzas de seguridad.<\/p>\n<p>El plazo de la obra es de 60 d\u00edas corridos. La contrataci\u00f3n se har\u00e1 mediante Adjudicaci\u00f3n Simple.<\/p>\n<p>Adr\u00edan Zigari, interventor de Aguas Blancas, neg\u00f3 a radio La Red que la intenci\u00f3n sea similar a la Donald Trump con M\u00e9xico, sino explic\u00f3 que actualmente existe un muro de 30 a 40 cent\u00edmetros, sobre el cual saltan las personas. Entonces, con el alambrado se pretende evitar ese paso ilegal.<\/p>\n<p>El Gobierno de Salta afirm\u00f3 que la obra responde a un pedido del Gobierno nacional argentino, para proteger las v\u00edas legales de ingreso desde Bolivia.<\/p>\n<p>\u201cSeguimos trabajando junto al Gobierno nacional para cuidar a los salte\u00f1os y a los argentinos. Ni un paso atr\u00e1s\u201d, expres\u00f3 el gobernador Gustavo S\u00e1enz.<\/p>\n<p>Prev\u00e9n que el enmallado afecte positivamente en la prevenci\u00f3n del contrabando y el tr\u00e1fico irregular, aspectos que amenazan la paz social en zonas lim\u00edtrofes.<\/p>\n<p>De parte de Bolivia, el Ministerio de Relaciones Exteriores de Bolivia expres\u00f3 su preocupaci\u00f3n ante el anuncio de instalar la cerca de 200.<\/p>\n<p>\u201cLos temas fronterizos deben ser tratados por medio de mecanismos de di\u00e1logo bilaterales establecidos entre los Estados para encontrar soluciones coordinadas a temas en com\u00fan. Cualquier medida unilateral puede afectar la buena vecindad y la convivencia pac\u00edfica entre pueblos hermanos\u201d, a\u00f1adi\u00f3. (Erbol)<\/p>\n","protected":false},"excerpt":{"rendered":"<p>El Gobierno de la provincia de Salta en Argentina anunci\u00f3 la licitaci\u00f3n para construir un cerco de alambrado en la frontera con Bolivia, cuyo objetivo ser\u00e1 impedir el ingreso ilegal en el sector adyacente a la oficina de migraciones en Aguas Blancas. El cerco ser\u00e1 de malla ol\u00edmpica y se extender\u00e1 200 metros desde la [&hellip;]<\/p>\n","protected":false},"author":1,"featured_media":277664,"comment_status":"closed","ping_status":"open","sticky":false,"template":"","format":"standard","meta":{"_acf_changed":false,"footnotes":""},"categories":[15],"tags":[],"class_list":["post-277663","post","type-post","status-publish","format-standard","has-post-thumbnail","category-portada"],"acf":{"antetitulo":""},"yoast_head":"<!-- This site is optimized with the Yoast SEO plugin v28.4 - https:\/\/yoast.com\/product\/yoast-seo-wordpress\/ -->\n<title>Argentina confirma licitaci\u00f3n para cerco en frontera con Bolivia - El Diario - Bolivia<\/title>\n<meta name=\"robots\" content=\"index, follow, max-snippet:-1, max-image-preview:large, max-video-preview:-1\" \/>\n<link rel=\"canonical\" href=\"https:\/\/www.eldiario.net\/portal\/2025\/01\/28\/argentina-confirma-licitacion-para-cerco-en-frontera-con-bolivia\/\" \/>\n<meta property=\"og:locale\" content=\"es_ES\" \/>\n<meta property=\"og:type\" content=\"article\" \/>\n<meta property=\"og:title\" content=\"Argentina confirma licitaci\u00f3n para cerco en frontera con Bolivia - El Diario - Bolivia\" \/>\n<meta property=\"og:description\" content=\"El Gobierno de la provincia de Salta en Argentina anunci\u00f3 la licitaci\u00f3n para construir un cerco de alambrado en la frontera con Bolivia, cuyo objetivo ser\u00e1 impedir el ingreso ilegal en el sector adyacente a la oficina de migraciones en Aguas Blancas. El cerco ser\u00e1 de malla ol\u00edmpica y se extender\u00e1 200 metros desde la [&hellip;]\" \/>\n<meta property=\"og:url\" content=\"https:\/\/www.eldiario.net\/portal\/2025\/01\/28\/argentina-confirma-licitacion-para-cerco-en-frontera-con-bolivia\/\" \/>\n<meta property=\"og:site_name\" content=\"El Diario - Bolivia\" \/>\n<meta property=\"article:publisher\" content=\"https:\/\/www.facebook.com\/eldiario.bolivia\/\" \/>\n<meta property=\"article:published_time\" content=\"2025-01-28T09:52:27+00:00\" \/>\n<meta property=\"og:image\" content=\"https:\/\/www.eldiario.net\/portal\/wp-content\/uploads\/2025\/01\/SALTA-FOTO.jpg\" \/>\n\t<meta property=\"og:image:width\" content=\"1051\" \/>\n\t<meta property=\"og:image:height\" content=\"600\" \/>\n\t<meta property=\"og:image:type\" content=\"image\/jpeg\" \/>\n<meta name=\"author\" content=\"Jeanette\" \/>\n<meta name=\"twitter:card\" content=\"summary_large_image\" \/>\n<meta name=\"twitter:creator\" content=\"@eldiario_net\" \/>\n<meta name=\"twitter:site\" content=\"@eldiario_net\" \/>\n<meta name=\"twitter:label1\" content=\"Escrito por\" \/>\n\t<meta name=\"twitter:data1\" content=\"Jeanette\" \/>\n\t<meta name=\"twitter:label2\" content=\"Tiempo de lectura\" \/>\n\t<meta name=\"twitter:data2\" content=\"2 minutos\" \/>\n<script type=\"application\/ld+json\" class=\"yoast-schema-graph\">{\"@context\":\"https:\\\/\\\/schema.org\",\"@graph\":[{\"@type\":\"Article\",\"@id\":\"https:\\\/\\\/www.eldiario.net\\\/portal\\\/2025\\\/01\\\/28\\\/argentina-confirma-licitacion-para-cerco-en-frontera-con-bolivia\\\/#article\",\"isPartOf\":{\"@id\":\"https:\\\/\\\/www.eldiario.net\\\/portal\\\/2025\\\/01\\\/28\\\/argentina-confirma-licitacion-para-cerco-en-frontera-con-bolivia\\\/\"},\"author\":{\"name\":\"Jeanette\",\"@id\":\"https:\\\/\\\/www.eldiario.net\\\/portal\\\/#\\\/schema\\\/person\\\/f46445640444750d7d753ccd04ae01b7\"},\"headline\":\"Argentina confirma licitaci\u00f3n para cerco en frontera con Bolivia\",\"datePublished\":\"2025-01-28T09:52:27+00:00\",\"mainEntityOfPage\":{\"@id\":\"https:\\\/\\\/www.eldiario.net\\\/portal\\\/2025\\\/01\\\/28\\\/argentina-confirma-licitacion-para-cerco-en-frontera-con-bolivia\\\/\"},\"wordCount\":395,\"publisher\":{\"@id\":\"https:\\\/\\\/www.eldiario.net\\\/portal\\\/#organization\"},\"image\":{\"@id\":\"https:\\\/\\\/www.eldiario.net\\\/portal\\\/2025\\\/01\\\/28\\\/argentina-confirma-licitacion-para-cerco-en-frontera-con-bolivia\\\/#primaryimage\"},\"thumbnailUrl\":\"https:\\\/\\\/www.eldiario.net\\\/portal\\\/wp-content\\\/uploads\\\/2025\\\/01\\\/SALTA-FOTO.jpg\",\"articleSection\":[\"Portada\"],\"inLanguage\":\"es\"},{\"@type\":\"WebPage\",\"@id\":\"https:\\\/\\\/www.eldiario.net\\\/portal\\\/2025\\\/01\\\/28\\\/argentina-confirma-licitacion-para-cerco-en-frontera-con-bolivia\\\/\",\"url\":\"https:\\\/\\\/www.eldiario.net\\\/portal\\\/2025\\\/01\\\/28\\\/argentina-confirma-licitacion-para-cerco-en-frontera-con-bolivia\\\/\",\"name\":\"Argentina confirma licitaci\u00f3n para cerco en frontera con Bolivia - El Diario - Bolivia\",\"isPartOf\":{\"@id\":\"https:\\\/\\\/www.eldiario.net\\\/portal\\\/#website\"},\"primaryImageOfPage\":{\"@id\":\"https:\\\/\\\/www.eldiario.net\\\/portal\\\/2025\\\/01\\\/28\\\/argentina-confirma-licitacion-para-cerco-en-frontera-con-bolivia\\\/#primaryimage\"},\"image\":{\"@id\":\"https:\\\/\\\/www.eldiario.net\\\/portal\\\/2025\\\/01\\\/28\\\/argentina-confirma-licitacion-para-cerco-en-frontera-con-bolivia\\\/#primaryimage\"},\"thumbnailUrl\":\"https:\\\/\\\/www.eldiario.net\\\/portal\\\/wp-content\\\/uploads\\\/2025\\\/01\\\/SALTA-FOTO.jpg\",\"datePublished\":\"2025-01-28T09:52:27+00:00\",\"breadcrumb\":{\"@id\":\"https:\\\/\\\/www.eldiario.net\\\/portal\\\/2025\\\/01\\\/28\\\/argentina-confirma-licitacion-para-cerco-en-frontera-con-bolivia\\\/#breadcrumb\"},\"inLanguage\":\"es\",\"potentialAction\":[{\"@type\":\"ReadAction\",\"target\":[\"https:\\\/\\\/www.eldiario.net\\\/portal\\\/2025\\\/01\\\/28\\\/argentina-confirma-licitacion-para-cerco-en-frontera-con-bolivia\\\/\"]}]},{\"@type\":\"ImageObject\",\"inLanguage\":\"es\",\"@id\":\"https:\\\/\\\/www.eldiario.net\\\/portal\\\/2025\\\/01\\\/28\\\/argentina-confirma-licitacion-para-cerco-en-frontera-con-bolivia\\\/#primaryimage\",\"url\":\"https:\\\/\\\/www.eldiario.net\\\/portal\\\/wp-content\\\/uploads\\\/2025\\\/01\\\/SALTA-FOTO.jpg\",\"contentUrl\":\"https:\\\/\\\/www.eldiario.net\\\/portal\\\/wp-content\\\/uploads\\\/2025\\\/01\\\/SALTA-FOTO.jpg\",\"width\":1051,\"height\":600,\"caption\":\"LA L\u00cdNEA ROJA MUESTRA EL LUGAR DONDE SE COLOCAR\u00c1 LA MALLA. FOTO: Gobierno de Salta.\"},{\"@type\":\"BreadcrumbList\",\"@id\":\"https:\\\/\\\/www.eldiario.net\\\/portal\\\/2025\\\/01\\\/28\\\/argentina-confirma-licitacion-para-cerco-en-frontera-con-bolivia\\\/#breadcrumb\",\"itemListElement\":[{\"@type\":\"ListItem\",\"position\":1,\"name\":\"Portada\",\"item\":\"https:\\\/\\\/www.eldiario.net\\\/portal\\\/\"},{\"@type\":\"ListItem\",\"position\":2,\"name\":\"Argentina confirma licitaci\u00f3n para cerco en frontera con Bolivia\"}]},{\"@type\":\"WebSite\",\"@id\":\"https:\\\/\\\/www.eldiario.net\\\/portal\\\/#website\",\"url\":\"https:\\\/\\\/www.eldiario.net\\\/portal\\\/\",\"name\":\"El Diario - Decano de la prensa nacional\",\"description\":\"El Diario - Decano de la prensa nacional\",\"publisher\":{\"@id\":\"https:\\\/\\\/www.eldiario.net\\\/portal\\\/#organization\"},\"potentialAction\":[{\"@type\":\"SearchAction\",\"target\":{\"@type\":\"EntryPoint\",\"urlTemplate\":\"https:\\\/\\\/www.eldiario.net\\\/portal\\\/?s={search_term_string}\"},\"query-input\":{\"@type\":\"PropertyValueSpecification\",\"valueRequired\":true,\"valueName\":\"search_term_string\"}}],\"inLanguage\":\"es\"},{\"@type\":\"Organization\",\"@id\":\"https:\\\/\\\/www.eldiario.net\\\/portal\\\/#organization\",\"name\":\"El Diario - Decano de la prensa nacional\",\"url\":\"https:\\\/\\\/www.eldiario.net\\\/portal\\\/\",\"logo\":{\"@type\":\"ImageObject\",\"inLanguage\":\"es\",\"@id\":\"https:\\\/\\\/www.eldiario.net\\\/portal\\\/#\\\/schema\\\/logo\\\/image\\\/\",\"url\":\"https:\\\/\\\/www.eldiario.net\\\/portal\\\/wp-content\\\/uploads\\\/2023\\\/07\\\/logo_ED.jpg\",\"contentUrl\":\"https:\\\/\\\/www.eldiario.net\\\/portal\\\/wp-content\\\/uploads\\\/2023\\\/07\\\/logo_ED.jpg\",\"width\":272,\"height\":52,\"caption\":\"El Diario - Decano de la prensa nacional\"},\"image\":{\"@id\":\"https:\\\/\\\/www.eldiario.net\\\/portal\\\/#\\\/schema\\\/logo\\\/image\\\/\"},\"sameAs\":[\"https:\\\/\\\/www.facebook.com\\\/eldiario.bolivia\\\/\",\"https:\\\/\\\/x.com\\\/eldiario_net\"]},{\"@type\":\"Person\",\"@id\":\"https:\\\/\\\/www.eldiario.net\\\/portal\\\/#\\\/schema\\\/person\\\/f46445640444750d7d753ccd04ae01b7\",\"name\":\"Jeanette\",\"image\":{\"@type\":\"ImageObject\",\"inLanguage\":\"es\",\"@id\":\"https:\\\/\\\/secure.gravatar.com\\\/avatar\\\/3ea2118a5f7dad2b7138b1187a6b7ee55f160b9968b66013c3a3ef39dd7e5798?s=96&d=mm&r=g\",\"url\":\"https:\\\/\\\/secure.gravatar.com\\\/avatar\\\/3ea2118a5f7dad2b7138b1187a6b7ee55f160b9968b66013c3a3ef39dd7e5798?s=96&d=mm&r=g\",\"contentUrl\":\"https:\\\/\\\/secure.gravatar.com\\\/avatar\\\/3ea2118a5f7dad2b7138b1187a6b7ee55f160b9968b66013c3a3ef39dd7e5798?s=96&d=mm&r=g\",\"caption\":\"Jeanette\"},\"sameAs\":[\"https:\\\/\\\/www.eldiario.net\\\/portal\"],\"url\":\"https:\\\/\\\/www.eldiario.net\\\/portal\\\/author\\\/jeanette\\\/\"}]}<\/script>\n<!-- \/ Yoast SEO plugin. -->","yoast_head_json":{"title":"Argentina confirma licitaci\u00f3n para cerco en frontera con Bolivia - El Diario - Bolivia","robots":{"index":"index","follow":"follow","max-snippet":"max-snippet:-1","max-image-preview":"max-image-preview:large","max-video-preview":"max-video-preview:-1"},"canonical":"https:\/\/www.eldiario.net\/portal\/2025\/01\/28\/argentina-confirma-licitacion-para-cerco-en-frontera-con-bolivia\/","og_locale":"es_ES","og_type":"article","og_title":"Argentina confirma licitaci\u00f3n para cerco en frontera con Bolivia - El Diario - Bolivia","og_description":"El Gobierno de la provincia de Salta en Argentina anunci\u00f3 la licitaci\u00f3n para construir un cerco de alambrado en la frontera con Bolivia, cuyo objetivo ser\u00e1 impedir el ingreso ilegal en el sector adyacente a la oficina de migraciones en Aguas Blancas. El cerco ser\u00e1 de malla ol\u00edmpica y se extender\u00e1 200 metros desde la [&hellip;]","og_url":"https:\/\/www.eldiario.net\/portal\/2025\/01\/28\/argentina-confirma-licitacion-para-cerco-en-frontera-con-bolivia\/","og_site_name":"El Diario - Bolivia","article_publisher":"https:\/\/www.facebook.com\/eldiario.bolivia\/","article_published_time":"2025-01-28T09:52:27+00:00","og_image":[{"width":1051,"height":600,"url":"https:\/\/www.eldiario.net\/portal\/wp-content\/uploads\/2025\/01\/SALTA-FOTO.jpg","type":"image\/jpeg"}],"author":"Jeanette","twitter_card":"summary_large_image","twitter_creator":"@eldiario_net","twitter_site":"@eldiario_net","twitter_misc":{"Escrito por":"Jeanette","Tiempo de lectura":"2 minutos"},"schema":{"@context":"https:\/\/schema.org","@graph":[{"@type":"Article","@id":"https:\/\/www.eldiario.net\/portal\/2025\/01\/28\/argentina-confirma-licitacion-para-cerco-en-frontera-con-bolivia\/#article","isPartOf":{"@id":"https:\/\/www.eldiario.net\/portal\/2025\/01\/28\/argentina-confirma-licitacion-para-cerco-en-frontera-con-bolivia\/"},"author":{"name":"Jeanette","@id":"https:\/\/www.eldiario.net\/portal\/#\/schema\/person\/f46445640444750d7d753ccd04ae01b7"},"headline":"Argentina confirma licitaci\u00f3n para cerco en frontera con Bolivia","datePublished":"2025-01-28T09:52:27+00:00","mainEntityOfPage":{"@id":"https:\/\/www.eldiario.net\/portal\/2025\/01\/28\/argentina-confirma-licitacion-para-cerco-en-frontera-con-bolivia\/"},"wordCount":395,"publisher":{"@id":"https:\/\/www.eldiario.net\/portal\/#organization"},"image":{"@id":"https:\/\/www.eldiario.net\/portal\/2025\/01\/28\/argentina-confirma-licitacion-para-cerco-en-frontera-con-bolivia\/#primaryimage"},"thumbnailUrl":"https:\/\/www.eldiario.net\/portal\/wp-content\/uploads\/2025\/01\/SALTA-FOTO.jpg","articleSection":["Portada"],"inLanguage":"es"},{"@type":"WebPage","@id":"https:\/\/www.eldiario.net\/portal\/2025\/01\/28\/argentina-confirma-licitacion-para-cerco-en-frontera-con-bolivia\/","url":"https:\/\/www.eldiario.net\/portal\/2025\/01\/28\/argentina-confirma-licitacion-para-cerco-en-frontera-con-bolivia\/","name":"Argentina confirma licitaci\u00f3n para cerco en frontera con Bolivia - El Diario - Bolivia","isPartOf":{"@id":"https:\/\/www.eldiario.net\/portal\/#website"},"primaryImageOfPage":{"@id":"https:\/\/www.eldiario.net\/portal\/2025\/01\/28\/argentina-confirma-licitacion-para-cerco-en-frontera-con-bolivia\/#primaryimage"},"image":{"@id":"https:\/\/www.eldiario.net\/portal\/2025\/01\/28\/argentina-confirma-licitacion-para-cerco-en-frontera-con-bolivia\/#primaryimage"},"thumbnailUrl":"https:\/\/www.eldiario.net\/portal\/wp-content\/uploads\/2025\/01\/SALTA-FOTO.jpg","datePublished":"2025-01-28T09:52:27+00:00","breadcrumb":{"@id":"https:\/\/www.eldiario.net\/portal\/2025\/01\/28\/argentina-confirma-licitacion-para-cerco-en-frontera-con-bolivia\/#breadcrumb"},"inLanguage":"es","potentialAction":[{"@type":"ReadAction","target":["https:\/\/www.eldiario.net\/portal\/2025\/01\/28\/argentina-confirma-licitacion-para-cerco-en-frontera-con-bolivia\/"]}]},{"@type":"ImageObject","inLanguage":"es","@id":"https:\/\/www.eldiario.net\/portal\/2025\/01\/28\/argentina-confirma-licitacion-para-cerco-en-frontera-con-bolivia\/#primaryimage","url":"https:\/\/www.eldiario.net\/portal\/wp-content\/uploads\/2025\/01\/SALTA-FOTO.jpg","contentUrl":"https:\/\/www.eldiario.net\/portal\/wp-content\/uploads\/2025\/01\/SALTA-FOTO.jpg","width":1051,"height":600,"caption":"LA L\u00cdNEA ROJA MUESTRA EL LUGAR DONDE SE COLOCAR\u00c1 LA MALLA. FOTO: Gobierno de Salta."},{"@type":"BreadcrumbList","@id":"https:\/\/www.eldiario.net\/portal\/2025\/01\/28\/argentina-confirma-licitacion-para-cerco-en-frontera-con-bolivia\/#breadcrumb","itemListElement":[{"@type":"ListItem","position":1,"name":"Portada","item":"https:\/\/www.eldiario.net\/portal\/"},{"@type":"ListItem","position":2,"name":"Argentina confirma licitaci\u00f3n para cerco en frontera con Bolivia"}]},{"@type":"WebSite","@id":"https:\/\/www.eldiario.net\/portal\/#website","url":"https:\/\/www.eldiario.net\/portal\/","name":"El Diario - Decano de la prensa nacional","description":"El Diario - Decano de la prensa nacional","publisher":{"@id":"https:\/\/www.eldiario.net\/portal\/#organization"},"potentialAction":[{"@type":"SearchAction","target":{"@type":"EntryPoint","urlTemplate":"https:\/\/www.eldiario.net\/portal\/?s={search_term_string}"},"query-input":{"@type":"PropertyValueSpecification","valueRequired":true,"valueName":"search_term_string"}}],"inLanguage":"es"},{"@type":"Organization","@id":"https:\/\/www.eldiario.net\/portal\/#organization","name":"El Diario - Decano de la prensa nacional","url":"https:\/\/www.eldiario.net\/portal\/","logo":{"@type":"ImageObject","inLanguage":"es","@id":"https:\/\/www.eldiario.net\/portal\/#\/schema\/logo\/image\/","url":"https:\/\/www.eldiario.net\/portal\/wp-content\/uploads\/2023\/07\/logo_ED.jpg","contentUrl":"https:\/\/www.eldiario.net\/portal\/wp-content\/uploads\/2023\/07\/logo_ED.jpg","width":272,"height":52,"caption":"El Diario - Decano de la prensa nacional"},"image":{"@id":"https:\/\/www.eldiario.net\/portal\/#\/schema\/logo\/image\/"},"sameAs":["https:\/\/www.facebook.com\/eldiario.bolivia\/","https:\/\/x.com\/eldiario_net"]},{"@type":"Person","@id":"https:\/\/www.eldiario.net\/portal\/#\/schema\/person\/f46445640444750d7d753ccd04ae01b7","name":"Jeanette","image":{"@type":"ImageObject","inLanguage":"es","@id":"https:\/\/secure.gravatar.com\/avatar\/3ea2118a5f7dad2b7138b1187a6b7ee55f160b9968b66013c3a3ef39dd7e5798?s=96&d=mm&r=g","url":"https:\/\/secure.gravatar.com\/avatar\/3ea2118a5f7dad2b7138b1187a6b7ee55f160b9968b66013c3a3ef39dd7e5798?s=96&d=mm&r=g","contentUrl":"https:\/\/secure.gravatar.com\/avatar\/3ea2118a5f7dad2b7138b1187a6b7ee55f160b9968b66013c3a3ef39dd7e5798?s=96&d=mm&r=g","caption":"Jeanette"},"sameAs":["https:\/\/www.eldiario.net\/portal"],"url":"https:\/\/www.eldiario.net\/portal\/author\/jeanette\/"}]}},"_links":{"self":[{"href":"https:\/\/www.eldiario.net\/portal\/wp-json\/wp\/v2\/posts\/277663","targetHints":{"allow":["GET"]}}],"collection":[{"href":"https:\/\/www.eldiario.net\/portal\/wp-json\/wp\/v2\/posts"}],"about":[{"href":"https:\/\/www.eldiario.net\/portal\/wp-json\/wp\/v2\/types\/post"}],"author":[{"embeddable":true,"href":"https:\/\/www.eldiario.net\/portal\/wp-json\/wp\/v2\/users\/1"}],"replies":[{"embeddable":true,"href":"https:\/\/www.eldiario.net\/portal\/wp-json\/wp\/v2\/comments?post=277663"}],"version-history":[{"count":1,"href":"https:\/\/www.eldiario.net\/portal\/wp-json\/wp\/v2\/posts\/277663\/revisions"}],"predecessor-version":[{"id":277665,"href":"https:\/\/www.eldiario.net\/portal\/wp-json\/wp\/v2\/posts\/277663\/revisions\/277665"}],"wp:featuredmedia":[{"embeddable":true,"href":"https:\/\/www.eldiario.net\/portal\/wp-json\/wp\/v2\/media\/277664"}],"wp:attachment":[{"href":"https:\/\/www.eldiario.net\/portal\/wp-json\/wp\/v2\/media?parent=277663"}],"wp:term":[{"taxonomy":"category","embeddable":true,"href":"https:\/\/www.eldiario.net\/portal\/wp-json\/wp\/v2\/categories?post=277663"},{"taxonomy":"post_tag","embeddable":true,"href":"https:\/\/www.eldiario.net\/portal\/wp-json\/wp\/v2\/tags?post=277663"}],"curies":[{"name":"wp","href":"https:\/\/api.w.org\/{rel}","templated":true}]}}