{"id":277656,"date":"2025-01-28T05:50:44","date_gmt":"2025-01-28T09:50:44","guid":{"rendered":"https:\/\/www.eldiario.net\/portal\/?p=277656"},"modified":"2025-01-28T05:50:44","modified_gmt":"2025-01-28T09:50:44","slug":"ponciano-santos-enfrenta-hasta-10-anos-de-carcel-por-violencia-politica","status":"publish","type":"post","link":"https:\/\/www.eldiario.net\/portal\/2025\/01\/28\/ponciano-santos-enfrenta-hasta-10-anos-de-carcel-por-violencia-politica\/","title":{"rendered":"Ponciano Santos enfrenta hasta 10 a\u00f1os de c\u00e1rcel por violencia pol\u00edtica"},"content":{"rendered":"<p>El dirigente campesino \u201cevista\u201d, Ponciano Santos Colque Cruz, fue citado por edicto para que declare por la denuncia por los presuntos delitos de Violencia Pol\u00edtica e Instigaci\u00f3n al Odio, Racismo y Discriminaci\u00f3n en un plazo de diez d\u00edas, inform\u00f3 ayer Frank Campero, abogado de la alcaldesa de El Alto, Eva Copa.<\/p>\n<p>\u201cDecirle al se\u00f1or Santos que, por haber agredido verbalmente y violentado a una mujer del Alto (Copa), tiene hasta el 6 de febrero para poder presentarse ante el Ministerio P\u00fablico de El Alto, porque ha sido citado ya por edicto, (\u2026) caso contrario ya tendr\u00edamos la imputaci\u00f3n formal solicitando la detenci\u00f3n preventiva por seis meses en San Pedro o Chonchocoro\u201d, se\u00f1al\u00f3 Campero en entrevista a ANF.<\/p>\n<p>El jurista explic\u00f3 que la notificaci\u00f3n fue hecha por edicto en vista de que Colque no se presenta a declarar y est\u00e1 protegido bajo la \u201cangurria\u201d y el \u201cmanto\u201d del expresidente, Evo Morales, en lo que denomin\u00f3 \u201cese estado aut\u00f3nomo llamado El Chapare\u201d.<\/p>\n<p>Colque es investigado por los presuntos delitos de violencia pol\u00edtica, psicol\u00f3gica y contra las mujeres, instigaci\u00f3n al odio, racismo y discriminaci\u00f3n, tras una denuncia presentada por la autoridad municipal alte\u00f1a, a quien el dirigente masista llam\u00f3 \u201cmujerzuela\u201d, en septiembre de 2024.<\/p>\n<p>Entonces, la Fiscal\u00eda de El Alto admiti\u00f3 la denuncia de Copa e inici\u00f3 investigaciones por el delito de violencia pol\u00edtica en contra del dirigente que fue ejecutivo de la Confederaci\u00f3n Sindical \u00danica de Trabajadores Campesinos de Bolivia (Csutcb).<\/p>\n<p>Colque se caracteriza por emplear t\u00e9rminos despectivos en sus declaraciones ante la prensa, por lanzar amenazas p\u00fablicas al Gobierno y por defender fervientemente al l\u00edder cocalero.<\/p>\n<figure id=\"attachment_277658\" aria-describedby=\"caption-attachment-277658\" style=\"width: 300px\" class=\"wp-caption aligncenter\"><img loading=\"lazy\" decoding=\"async\" class=\"wp-image-277658 size-medium\" src=\"https:\/\/www.eldiario.net\/portal\/wp-content\/uploads\/2025\/01\/COPA-FOTO-2-300x169.jpg\" alt=\"\" width=\"300\" height=\"169\" srcset=\"https:\/\/www.eldiario.net\/portal\/wp-content\/uploads\/2025\/01\/COPA-FOTO-2-300x169.jpg 300w, https:\/\/www.eldiario.net\/portal\/wp-content\/uploads\/2025\/01\/COPA-FOTO-2-1024x576.jpg 1024w, https:\/\/www.eldiario.net\/portal\/wp-content\/uploads\/2025\/01\/COPA-FOTO-2-768x432.jpg 768w, https:\/\/www.eldiario.net\/portal\/wp-content\/uploads\/2025\/01\/COPA-FOTO-2-747x420.jpg 747w, https:\/\/www.eldiario.net\/portal\/wp-content\/uploads\/2025\/01\/COPA-FOTO-2-696x392.jpg 696w, https:\/\/www.eldiario.net\/portal\/wp-content\/uploads\/2025\/01\/COPA-FOTO-2-1068x601.jpg 1068w, https:\/\/www.eldiario.net\/portal\/wp-content\/uploads\/2025\/01\/COPA-FOTO-2.jpg 1200w\" sizes=\"auto, (max-width: 300px) 100vw, 300px\" \/><figcaption id=\"caption-attachment-277658\" class=\"wp-caption-text\">El dirigente campesino allegado al expresidente Morales, Ponciano Colque.<br \/>Cr\u00e9ditos: Captura<\/figcaption><\/figure>\n","protected":false},"excerpt":{"rendered":"<p>El dirigente campesino \u201cevista\u201d, Ponciano Santos Colque Cruz, fue citado por edicto para que declare por la denuncia por los presuntos delitos de Violencia Pol\u00edtica e Instigaci\u00f3n al Odio, Racismo y Discriminaci\u00f3n en un plazo de diez d\u00edas, inform\u00f3 ayer Frank Campero, abogado de la alcaldesa de El Alto, Eva Copa. \u201cDecirle al se\u00f1or Santos [&hellip;]<\/p>\n","protected":false},"author":1,"featured_media":277657,"comment_status":"closed","ping_status":"open","sticky":false,"template":"","format":"standard","meta":{"_acf_changed":false,"footnotes":""},"categories":[39],"tags":[],"class_list":["post-277656","post","type-post","status-publish","format-standard","has-post-thumbnail","category-sociedad"],"acf":{"antetitulo":"Caso Eva Copa"},"yoast_head":"<!-- This site is optimized with the Yoast SEO plugin v28.4 - https:\/\/yoast.com\/product\/yoast-seo-wordpress\/ -->\n<title>Ponciano Santos enfrenta hasta 10 a\u00f1os de c\u00e1rcel por violencia pol\u00edtica - El Diario - Bolivia<\/title>\n<meta name=\"robots\" content=\"index, follow, max-snippet:-1, max-image-preview:large, max-video-preview:-1\" \/>\n<link rel=\"canonical\" href=\"https:\/\/www.eldiario.net\/portal\/2025\/01\/28\/ponciano-santos-enfrenta-hasta-10-anos-de-carcel-por-violencia-politica\/\" \/>\n<meta property=\"og:locale\" content=\"es_ES\" \/>\n<meta property=\"og:type\" content=\"article\" \/>\n<meta property=\"og:title\" content=\"Ponciano Santos enfrenta hasta 10 a\u00f1os de c\u00e1rcel por violencia pol\u00edtica - El Diario - Bolivia\" \/>\n<meta property=\"og:description\" content=\"El dirigente campesino \u201cevista\u201d, Ponciano Santos Colque Cruz, fue citado por edicto para que declare por la denuncia por los presuntos delitos de Violencia Pol\u00edtica e Instigaci\u00f3n al Odio, Racismo y Discriminaci\u00f3n en un plazo de diez d\u00edas, inform\u00f3 ayer Frank Campero, abogado de la alcaldesa de El Alto, Eva Copa. \u201cDecirle al se\u00f1or Santos [&hellip;]\" \/>\n<meta property=\"og:url\" content=\"https:\/\/www.eldiario.net\/portal\/2025\/01\/28\/ponciano-santos-enfrenta-hasta-10-anos-de-carcel-por-violencia-politica\/\" \/>\n<meta property=\"og:site_name\" content=\"El Diario - Bolivia\" \/>\n<meta property=\"article:publisher\" content=\"https:\/\/www.facebook.com\/eldiario.bolivia\/\" \/>\n<meta property=\"article:published_time\" content=\"2025-01-28T09:50:44+00:00\" \/>\n<meta property=\"og:image\" content=\"https:\/\/www.eldiario.net\/portal\/wp-content\/uploads\/2025\/01\/COPA-FOTO-1.jpg\" \/>\n\t<meta property=\"og:image:width\" content=\"928\" \/>\n\t<meta property=\"og:image:height\" content=\"928\" \/>\n\t<meta property=\"og:image:type\" content=\"image\/jpeg\" \/>\n<meta name=\"author\" content=\"Jeanette\" \/>\n<meta name=\"twitter:card\" content=\"summary_large_image\" \/>\n<meta name=\"twitter:creator\" content=\"@eldiario_net\" \/>\n<meta name=\"twitter:site\" content=\"@eldiario_net\" \/>\n<meta name=\"twitter:label1\" content=\"Escrito por\" \/>\n\t<meta name=\"twitter:data1\" content=\"Jeanette\" \/>\n\t<meta name=\"twitter:label2\" content=\"Tiempo de lectura\" \/>\n\t<meta name=\"twitter:data2\" content=\"2 minutos\" \/>\n<script type=\"application\/ld+json\" class=\"yoast-schema-graph\">{\"@context\":\"https:\\\/\\\/schema.org\",\"@graph\":[{\"@type\":\"Article\",\"@id\":\"https:\\\/\\\/www.eldiario.net\\\/portal\\\/2025\\\/01\\\/28\\\/ponciano-santos-enfrenta-hasta-10-anos-de-carcel-por-violencia-politica\\\/#article\",\"isPartOf\":{\"@id\":\"https:\\\/\\\/www.eldiario.net\\\/portal\\\/2025\\\/01\\\/28\\\/ponciano-santos-enfrenta-hasta-10-anos-de-carcel-por-violencia-politica\\\/\"},\"author\":{\"name\":\"Jeanette\",\"@id\":\"https:\\\/\\\/www.eldiario.net\\\/portal\\\/#\\\/schema\\\/person\\\/f46445640444750d7d753ccd04ae01b7\"},\"headline\":\"Ponciano Santos enfrenta hasta 10 a\u00f1os de c\u00e1rcel por violencia pol\u00edtica\",\"datePublished\":\"2025-01-28T09:50:44+00:00\",\"mainEntityOfPage\":{\"@id\":\"https:\\\/\\\/www.eldiario.net\\\/portal\\\/2025\\\/01\\\/28\\\/ponciano-santos-enfrenta-hasta-10-anos-de-carcel-por-violencia-politica\\\/\"},\"wordCount\":317,\"publisher\":{\"@id\":\"https:\\\/\\\/www.eldiario.net\\\/portal\\\/#organization\"},\"image\":{\"@id\":\"https:\\\/\\\/www.eldiario.net\\\/portal\\\/2025\\\/01\\\/28\\\/ponciano-santos-enfrenta-hasta-10-anos-de-carcel-por-violencia-politica\\\/#primaryimage\"},\"thumbnailUrl\":\"https:\\\/\\\/www.eldiario.net\\\/portal\\\/wp-content\\\/uploads\\\/2025\\\/01\\\/COPA-FOTO-1.jpg\",\"articleSection\":[\"Sociedad - Seguridad\"],\"inLanguage\":\"es\"},{\"@type\":\"WebPage\",\"@id\":\"https:\\\/\\\/www.eldiario.net\\\/portal\\\/2025\\\/01\\\/28\\\/ponciano-santos-enfrenta-hasta-10-anos-de-carcel-por-violencia-politica\\\/\",\"url\":\"https:\\\/\\\/www.eldiario.net\\\/portal\\\/2025\\\/01\\\/28\\\/ponciano-santos-enfrenta-hasta-10-anos-de-carcel-por-violencia-politica\\\/\",\"name\":\"Ponciano Santos enfrenta hasta 10 a\u00f1os de c\u00e1rcel por violencia pol\u00edtica - El Diario - Bolivia\",\"isPartOf\":{\"@id\":\"https:\\\/\\\/www.eldiario.net\\\/portal\\\/#website\"},\"primaryImageOfPage\":{\"@id\":\"https:\\\/\\\/www.eldiario.net\\\/portal\\\/2025\\\/01\\\/28\\\/ponciano-santos-enfrenta-hasta-10-anos-de-carcel-por-violencia-politica\\\/#primaryimage\"},\"image\":{\"@id\":\"https:\\\/\\\/www.eldiario.net\\\/portal\\\/2025\\\/01\\\/28\\\/ponciano-santos-enfrenta-hasta-10-anos-de-carcel-por-violencia-politica\\\/#primaryimage\"},\"thumbnailUrl\":\"https:\\\/\\\/www.eldiario.net\\\/portal\\\/wp-content\\\/uploads\\\/2025\\\/01\\\/COPA-FOTO-1.jpg\",\"datePublished\":\"2025-01-28T09:50:44+00:00\",\"breadcrumb\":{\"@id\":\"https:\\\/\\\/www.eldiario.net\\\/portal\\\/2025\\\/01\\\/28\\\/ponciano-santos-enfrenta-hasta-10-anos-de-carcel-por-violencia-politica\\\/#breadcrumb\"},\"inLanguage\":\"es\",\"potentialAction\":[{\"@type\":\"ReadAction\",\"target\":[\"https:\\\/\\\/www.eldiario.net\\\/portal\\\/2025\\\/01\\\/28\\\/ponciano-santos-enfrenta-hasta-10-anos-de-carcel-por-violencia-politica\\\/\"]}]},{\"@type\":\"ImageObject\",\"inLanguage\":\"es\",\"@id\":\"https:\\\/\\\/www.eldiario.net\\\/portal\\\/2025\\\/01\\\/28\\\/ponciano-santos-enfrenta-hasta-10-anos-de-carcel-por-violencia-politica\\\/#primaryimage\",\"url\":\"https:\\\/\\\/www.eldiario.net\\\/portal\\\/wp-content\\\/uploads\\\/2025\\\/01\\\/COPA-FOTO-1.jpg\",\"contentUrl\":\"https:\\\/\\\/www.eldiario.net\\\/portal\\\/wp-content\\\/uploads\\\/2025\\\/01\\\/COPA-FOTO-1.jpg\",\"width\":928,\"height\":928,\"caption\":\"El abogado de la alcaldesa de El Alto, Frank Campero. Cr\u00e9ditos: RRSS\"},{\"@type\":\"BreadcrumbList\",\"@id\":\"https:\\\/\\\/www.eldiario.net\\\/portal\\\/2025\\\/01\\\/28\\\/ponciano-santos-enfrenta-hasta-10-anos-de-carcel-por-violencia-politica\\\/#breadcrumb\",\"itemListElement\":[{\"@type\":\"ListItem\",\"position\":1,\"name\":\"Portada\",\"item\":\"https:\\\/\\\/www.eldiario.net\\\/portal\\\/\"},{\"@type\":\"ListItem\",\"position\":2,\"name\":\"Ponciano Santos enfrenta hasta 10 a\u00f1os de c\u00e1rcel por violencia pol\u00edtica\"}]},{\"@type\":\"WebSite\",\"@id\":\"https:\\\/\\\/www.eldiario.net\\\/portal\\\/#website\",\"url\":\"https:\\\/\\\/www.eldiario.net\\\/portal\\\/\",\"name\":\"El Diario - Decano de la prensa nacional\",\"description\":\"El Diario - Decano de la prensa nacional\",\"publisher\":{\"@id\":\"https:\\\/\\\/www.eldiario.net\\\/portal\\\/#organization\"},\"potentialAction\":[{\"@type\":\"SearchAction\",\"target\":{\"@type\":\"EntryPoint\",\"urlTemplate\":\"https:\\\/\\\/www.eldiario.net\\\/portal\\\/?s={search_term_string}\"},\"query-input\":{\"@type\":\"PropertyValueSpecification\",\"valueRequired\":true,\"valueName\":\"search_term_string\"}}],\"inLanguage\":\"es\"},{\"@type\":\"Organization\",\"@id\":\"https:\\\/\\\/www.eldiario.net\\\/portal\\\/#organization\",\"name\":\"El Diario - Decano de la prensa nacional\",\"url\":\"https:\\\/\\\/www.eldiario.net\\\/portal\\\/\",\"logo\":{\"@type\":\"ImageObject\",\"inLanguage\":\"es\",\"@id\":\"https:\\\/\\\/www.eldiario.net\\\/portal\\\/#\\\/schema\\\/logo\\\/image\\\/\",\"url\":\"https:\\\/\\\/www.eldiario.net\\\/portal\\\/wp-content\\\/uploads\\\/2023\\\/07\\\/logo_ED.jpg\",\"contentUrl\":\"https:\\\/\\\/www.eldiario.net\\\/portal\\\/wp-content\\\/uploads\\\/2023\\\/07\\\/logo_ED.jpg\",\"width\":272,\"height\":52,\"caption\":\"El Diario - Decano de la prensa nacional\"},\"image\":{\"@id\":\"https:\\\/\\\/www.eldiario.net\\\/portal\\\/#\\\/schema\\\/logo\\\/image\\\/\"},\"sameAs\":[\"https:\\\/\\\/www.facebook.com\\\/eldiario.bolivia\\\/\",\"https:\\\/\\\/x.com\\\/eldiario_net\"]},{\"@type\":\"Person\",\"@id\":\"https:\\\/\\\/www.eldiario.net\\\/portal\\\/#\\\/schema\\\/person\\\/f46445640444750d7d753ccd04ae01b7\",\"name\":\"Jeanette\",\"image\":{\"@type\":\"ImageObject\",\"inLanguage\":\"es\",\"@id\":\"https:\\\/\\\/secure.gravatar.com\\\/avatar\\\/3ea2118a5f7dad2b7138b1187a6b7ee55f160b9968b66013c3a3ef39dd7e5798?s=96&d=mm&r=g\",\"url\":\"https:\\\/\\\/secure.gravatar.com\\\/avatar\\\/3ea2118a5f7dad2b7138b1187a6b7ee55f160b9968b66013c3a3ef39dd7e5798?s=96&d=mm&r=g\",\"contentUrl\":\"https:\\\/\\\/secure.gravatar.com\\\/avatar\\\/3ea2118a5f7dad2b7138b1187a6b7ee55f160b9968b66013c3a3ef39dd7e5798?s=96&d=mm&r=g\",\"caption\":\"Jeanette\"},\"sameAs\":[\"https:\\\/\\\/www.eldiario.net\\\/portal\"],\"url\":\"https:\\\/\\\/www.eldiario.net\\\/portal\\\/author\\\/jeanette\\\/\"}]}<\/script>\n<!-- \/ Yoast SEO plugin. -->","yoast_head_json":{"title":"Ponciano Santos enfrenta hasta 10 a\u00f1os de c\u00e1rcel por violencia pol\u00edtica - El Diario - Bolivia","robots":{"index":"index","follow":"follow","max-snippet":"max-snippet:-1","max-image-preview":"max-image-preview:large","max-video-preview":"max-video-preview:-1"},"canonical":"https:\/\/www.eldiario.net\/portal\/2025\/01\/28\/ponciano-santos-enfrenta-hasta-10-anos-de-carcel-por-violencia-politica\/","og_locale":"es_ES","og_type":"article","og_title":"Ponciano Santos enfrenta hasta 10 a\u00f1os de c\u00e1rcel por violencia pol\u00edtica - El Diario - Bolivia","og_description":"El dirigente campesino \u201cevista\u201d, Ponciano Santos Colque Cruz, fue citado por edicto para que declare por la denuncia por los presuntos delitos de Violencia Pol\u00edtica e Instigaci\u00f3n al Odio, Racismo y Discriminaci\u00f3n en un plazo de diez d\u00edas, inform\u00f3 ayer Frank Campero, abogado de la alcaldesa de El Alto, Eva Copa. \u201cDecirle al se\u00f1or Santos [&hellip;]","og_url":"https:\/\/www.eldiario.net\/portal\/2025\/01\/28\/ponciano-santos-enfrenta-hasta-10-anos-de-carcel-por-violencia-politica\/","og_site_name":"El Diario - Bolivia","article_publisher":"https:\/\/www.facebook.com\/eldiario.bolivia\/","article_published_time":"2025-01-28T09:50:44+00:00","og_image":[{"width":928,"height":928,"url":"https:\/\/www.eldiario.net\/portal\/wp-content\/uploads\/2025\/01\/COPA-FOTO-1.jpg","type":"image\/jpeg"}],"author":"Jeanette","twitter_card":"summary_large_image","twitter_creator":"@eldiario_net","twitter_site":"@eldiario_net","twitter_misc":{"Escrito por":"Jeanette","Tiempo de lectura":"2 minutos"},"schema":{"@context":"https:\/\/schema.org","@graph":[{"@type":"Article","@id":"https:\/\/www.eldiario.net\/portal\/2025\/01\/28\/ponciano-santos-enfrenta-hasta-10-anos-de-carcel-por-violencia-politica\/#article","isPartOf":{"@id":"https:\/\/www.eldiario.net\/portal\/2025\/01\/28\/ponciano-santos-enfrenta-hasta-10-anos-de-carcel-por-violencia-politica\/"},"author":{"name":"Jeanette","@id":"https:\/\/www.eldiario.net\/portal\/#\/schema\/person\/f46445640444750d7d753ccd04ae01b7"},"headline":"Ponciano Santos enfrenta hasta 10 a\u00f1os de c\u00e1rcel por violencia pol\u00edtica","datePublished":"2025-01-28T09:50:44+00:00","mainEntityOfPage":{"@id":"https:\/\/www.eldiario.net\/portal\/2025\/01\/28\/ponciano-santos-enfrenta-hasta-10-anos-de-carcel-por-violencia-politica\/"},"wordCount":317,"publisher":{"@id":"https:\/\/www.eldiario.net\/portal\/#organization"},"image":{"@id":"https:\/\/www.eldiario.net\/portal\/2025\/01\/28\/ponciano-santos-enfrenta-hasta-10-anos-de-carcel-por-violencia-politica\/#primaryimage"},"thumbnailUrl":"https:\/\/www.eldiario.net\/portal\/wp-content\/uploads\/2025\/01\/COPA-FOTO-1.jpg","articleSection":["Sociedad - Seguridad"],"inLanguage":"es"},{"@type":"WebPage","@id":"https:\/\/www.eldiario.net\/portal\/2025\/01\/28\/ponciano-santos-enfrenta-hasta-10-anos-de-carcel-por-violencia-politica\/","url":"https:\/\/www.eldiario.net\/portal\/2025\/01\/28\/ponciano-santos-enfrenta-hasta-10-anos-de-carcel-por-violencia-politica\/","name":"Ponciano Santos enfrenta hasta 10 a\u00f1os de c\u00e1rcel por violencia pol\u00edtica - El Diario - Bolivia","isPartOf":{"@id":"https:\/\/www.eldiario.net\/portal\/#website"},"primaryImageOfPage":{"@id":"https:\/\/www.eldiario.net\/portal\/2025\/01\/28\/ponciano-santos-enfrenta-hasta-10-anos-de-carcel-por-violencia-politica\/#primaryimage"},"image":{"@id":"https:\/\/www.eldiario.net\/portal\/2025\/01\/28\/ponciano-santos-enfrenta-hasta-10-anos-de-carcel-por-violencia-politica\/#primaryimage"},"thumbnailUrl":"https:\/\/www.eldiario.net\/portal\/wp-content\/uploads\/2025\/01\/COPA-FOTO-1.jpg","datePublished":"2025-01-28T09:50:44+00:00","breadcrumb":{"@id":"https:\/\/www.eldiario.net\/portal\/2025\/01\/28\/ponciano-santos-enfrenta-hasta-10-anos-de-carcel-por-violencia-politica\/#breadcrumb"},"inLanguage":"es","potentialAction":[{"@type":"ReadAction","target":["https:\/\/www.eldiario.net\/portal\/2025\/01\/28\/ponciano-santos-enfrenta-hasta-10-anos-de-carcel-por-violencia-politica\/"]}]},{"@type":"ImageObject","inLanguage":"es","@id":"https:\/\/www.eldiario.net\/portal\/2025\/01\/28\/ponciano-santos-enfrenta-hasta-10-anos-de-carcel-por-violencia-politica\/#primaryimage","url":"https:\/\/www.eldiario.net\/portal\/wp-content\/uploads\/2025\/01\/COPA-FOTO-1.jpg","contentUrl":"https:\/\/www.eldiario.net\/portal\/wp-content\/uploads\/2025\/01\/COPA-FOTO-1.jpg","width":928,"height":928,"caption":"El abogado de la alcaldesa de El Alto, Frank Campero. Cr\u00e9ditos: RRSS"},{"@type":"BreadcrumbList","@id":"https:\/\/www.eldiario.net\/portal\/2025\/01\/28\/ponciano-santos-enfrenta-hasta-10-anos-de-carcel-por-violencia-politica\/#breadcrumb","itemListElement":[{"@type":"ListItem","position":1,"name":"Portada","item":"https:\/\/www.eldiario.net\/portal\/"},{"@type":"ListItem","position":2,"name":"Ponciano Santos enfrenta hasta 10 a\u00f1os de c\u00e1rcel por violencia pol\u00edtica"}]},{"@type":"WebSite","@id":"https:\/\/www.eldiario.net\/portal\/#website","url":"https:\/\/www.eldiario.net\/portal\/","name":"El Diario - Decano de la prensa nacional","description":"El Diario - Decano de la prensa nacional","publisher":{"@id":"https:\/\/www.eldiario.net\/portal\/#organization"},"potentialAction":[{"@type":"SearchAction","target":{"@type":"EntryPoint","urlTemplate":"https:\/\/www.eldiario.net\/portal\/?s={search_term_string}"},"query-input":{"@type":"PropertyValueSpecification","valueRequired":true,"valueName":"search_term_string"}}],"inLanguage":"es"},{"@type":"Organization","@id":"https:\/\/www.eldiario.net\/portal\/#organization","name":"El Diario - Decano de la prensa nacional","url":"https:\/\/www.eldiario.net\/portal\/","logo":{"@type":"ImageObject","inLanguage":"es","@id":"https:\/\/www.eldiario.net\/portal\/#\/schema\/logo\/image\/","url":"https:\/\/www.eldiario.net\/portal\/wp-content\/uploads\/2023\/07\/logo_ED.jpg","contentUrl":"https:\/\/www.eldiario.net\/portal\/wp-content\/uploads\/2023\/07\/logo_ED.jpg","width":272,"height":52,"caption":"El Diario - Decano de la prensa nacional"},"image":{"@id":"https:\/\/www.eldiario.net\/portal\/#\/schema\/logo\/image\/"},"sameAs":["https:\/\/www.facebook.com\/eldiario.bolivia\/","https:\/\/x.com\/eldiario_net"]},{"@type":"Person","@id":"https:\/\/www.eldiario.net\/portal\/#\/schema\/person\/f46445640444750d7d753ccd04ae01b7","name":"Jeanette","image":{"@type":"ImageObject","inLanguage":"es","@id":"https:\/\/secure.gravatar.com\/avatar\/3ea2118a5f7dad2b7138b1187a6b7ee55f160b9968b66013c3a3ef39dd7e5798?s=96&d=mm&r=g","url":"https:\/\/secure.gravatar.com\/avatar\/3ea2118a5f7dad2b7138b1187a6b7ee55f160b9968b66013c3a3ef39dd7e5798?s=96&d=mm&r=g","contentUrl":"https:\/\/secure.gravatar.com\/avatar\/3ea2118a5f7dad2b7138b1187a6b7ee55f160b9968b66013c3a3ef39dd7e5798?s=96&d=mm&r=g","caption":"Jeanette"},"sameAs":["https:\/\/www.eldiario.net\/portal"],"url":"https:\/\/www.eldiario.net\/portal\/author\/jeanette\/"}]}},"_links":{"self":[{"href":"https:\/\/www.eldiario.net\/portal\/wp-json\/wp\/v2\/posts\/277656","targetHints":{"allow":["GET"]}}],"collection":[{"href":"https:\/\/www.eldiario.net\/portal\/wp-json\/wp\/v2\/posts"}],"about":[{"href":"https:\/\/www.eldiario.net\/portal\/wp-json\/wp\/v2\/types\/post"}],"author":[{"embeddable":true,"href":"https:\/\/www.eldiario.net\/portal\/wp-json\/wp\/v2\/users\/1"}],"replies":[{"embeddable":true,"href":"https:\/\/www.eldiario.net\/portal\/wp-json\/wp\/v2\/comments?post=277656"}],"version-history":[{"count":1,"href":"https:\/\/www.eldiario.net\/portal\/wp-json\/wp\/v2\/posts\/277656\/revisions"}],"predecessor-version":[{"id":277659,"href":"https:\/\/www.eldiario.net\/portal\/wp-json\/wp\/v2\/posts\/277656\/revisions\/277659"}],"wp:featuredmedia":[{"embeddable":true,"href":"https:\/\/www.eldiario.net\/portal\/wp-json\/wp\/v2\/media\/277657"}],"wp:attachment":[{"href":"https:\/\/www.eldiario.net\/portal\/wp-json\/wp\/v2\/media?parent=277656"}],"wp:term":[{"taxonomy":"category","embeddable":true,"href":"https:\/\/www.eldiario.net\/portal\/wp-json\/wp\/v2\/categories?post=277656"},{"taxonomy":"post_tag","embeddable":true,"href":"https:\/\/www.eldiario.net\/portal\/wp-json\/wp\/v2\/tags?post=277656"}],"curies":[{"name":"wp","href":"https:\/\/api.w.org\/{rel}","templated":true}]}}