{"id":277652,"date":"2025-01-28T05:49:50","date_gmt":"2025-01-28T09:49:50","guid":{"rendered":"https:\/\/www.eldiario.net\/portal\/?p=277652"},"modified":"2025-01-28T10:35:48","modified_gmt":"2025-01-28T14:35:48","slug":"los-19-cuerpos-de-accidente-en-cerdas-fueron-dejados-en-patio-de-un-hospital","status":"publish","type":"post","link":"https:\/\/www.eldiario.net\/portal\/2025\/01\/28\/los-19-cuerpos-de-accidente-en-cerdas-fueron-dejados-en-patio-de-un-hospital\/","title":{"rendered":"Los 19 cuerpos de accidente en Cerdas fueron dejados en patio de un hospital"},"content":{"rendered":"<p>Los cuerpos de los 19 fallecidos del accidente de un bus en Cerdas est\u00e1n abandonados en el patio de un hospital en Uyuni, denunci\u00f3 la asamble\u00edsta departamental de Potos\u00ed, Azucena Fuertes, a tiempo de lamentar que Potos\u00ed, el departamento con la mayor riqueza mineral de Bolivia, no cuente con un solo hospital de tercer nivel en sus ciudades intermedias.<\/p>\n<p>\u201cEste hecho ha reflejado la gran carencia que tenemos en infraestructura de salud en todo el departamento. Las 19 personas fallecidas han sido depositadas en el patio de un hospital, a la intemperie, sin cumplir con las condiciones m\u00ednimas de bioseguridad\u201d, se\u00f1al\u00f3 Fuertes a EL DIARIO.<\/p>\n<p>Agreg\u00f3 que este fatal accidente debe mostrarle al Gobierno que Potos\u00ed no ha sido atendido en temas de salud y le exhort\u00f3 a que deje su \u201capat\u00eda\u201d hacia esta regi\u00f3n del pa\u00eds.<\/p>\n<p>\u201cUyuni, el principal destino tur\u00edstico de Bolivia por su Salar, ha sido rebasado en cuanto a su infraestructura. La morgue ha quedado peque\u00f1a y hoy los cuerpos est\u00e1n en el patio del hospital (\u2026) Nuestras ciudades intermedias no cuentan con un hospital de tercer nivel para atender estas necesidades\u201d, agreg\u00f3.<\/p>\n<p>La asamble\u00edsta por Unidad Nacional (UN) conden\u00f3 que, mientras \u201cmillonarios contratos de litio potosino se negocian internacionalmente\u201d desde el Gobierno, su departamento no cuenta siquiera con un solo hospital de tercer nivel funcionando para la atenci\u00f3n de este tipo de accidentes, considerando que Potos\u00ed contribuye al erario nacional con su miner\u00eda.<\/p>\n<p>El domingo, en horas de la madrugada, un bus que se dirig\u00eda de La Paz a Villaz\u00f3n sufri\u00f3 un accidente cerca de la comunidad potosina de Cerdas. Un vuelco de cabeza, luego de un impacto contra la barrera met\u00e1lica de seguridad de la carretera, provoc\u00f3 la muerte de 19 personas y dej\u00f3 al menos nueve personas heridas, seg\u00fan datos oficiales.<\/p>\n<p>La Polic\u00eda revel\u00f3 ayer que el veh\u00edculo era conducido por un joven de 24 a\u00f1os que no era el conductor titular ni ten\u00eda la experiencia necesaria para operar el veh\u00edculo, sino una licencia de categor\u00eda \u201cA\u201d.<\/p>\n<p>Los cuerpos no lograron ser identificados debido a la gravedad de sus lesiones y la Polic\u00eda pidi\u00f3 a los familiares acudir a la morgue de Uyuni para colaborar con los trabajos de identificaci\u00f3n. De los fallecidos, 14 son de sexo femenino, tres son varones y otros dos son menores de edad. (Potos\u00ed, EL DIARIO)<\/p>\n<figure id=\"attachment_277654\" aria-describedby=\"caption-attachment-277654\" style=\"width: 225px\" class=\"wp-caption aligncenter\"><img loading=\"lazy\" decoding=\"async\" class=\"wp-image-277654 size-medium\" src=\"https:\/\/www.eldiario.net\/portal\/wp-content\/uploads\/2025\/01\/CUERPOS-FOTO-2-225x300.jpg\" alt=\"\" width=\"225\" height=\"300\" srcset=\"https:\/\/www.eldiario.net\/portal\/wp-content\/uploads\/2025\/01\/CUERPOS-FOTO-2-225x300.jpg 225w, https:\/\/www.eldiario.net\/portal\/wp-content\/uploads\/2025\/01\/CUERPOS-FOTO-2-768x1024.jpg 768w, https:\/\/www.eldiario.net\/portal\/wp-content\/uploads\/2025\/01\/CUERPOS-FOTO-2-315x420.jpg 315w, https:\/\/www.eldiario.net\/portal\/wp-content\/uploads\/2025\/01\/CUERPOS-FOTO-2-696x928.jpg 696w, https:\/\/www.eldiario.net\/portal\/wp-content\/uploads\/2025\/01\/CUERPOS-FOTO-2-1068x1424.jpg 1068w, https:\/\/www.eldiario.net\/portal\/wp-content\/uploads\/2025\/01\/CUERPOS-FOTO-2.jpg 1080w\" sizes=\"auto, (max-width: 225px) 100vw, 225px\" \/><figcaption id=\"caption-attachment-277654\" class=\"wp-caption-text\">Azucena Fuertes.<br \/>Foto: RRSS<\/figcaption><\/figure>\n","protected":false},"excerpt":{"rendered":"<p>Los cuerpos de los 19 fallecidos del accidente de un bus en Cerdas est\u00e1n abandonados en el patio de un hospital en Uyuni, denunci\u00f3 la asamble\u00edsta departamental de Potos\u00ed, Azucena Fuertes, a tiempo de lamentar que Potos\u00ed, el departamento con la mayor riqueza mineral de Bolivia, no cuente con un solo hospital de tercer nivel [&hellip;]<\/p>\n","protected":false},"author":1,"featured_media":277653,"comment_status":"closed","ping_status":"open","sticky":false,"template":"","format":"standard","meta":{"_acf_changed":false,"footnotes":""},"categories":[39],"tags":[],"class_list":["post-277652","post","type-post","status-publish","format-standard","has-post-thumbnail","category-sociedad"],"acf":{"antetitulo":"Denuncia asamble\u00edsta Azucena Fuertes"},"yoast_head":"<!-- This site is optimized with the Yoast SEO plugin v28.4 - https:\/\/yoast.com\/product\/yoast-seo-wordpress\/ -->\n<title>Los 19 cuerpos de accidente en Cerdas fueron dejados en patio de un hospital - El Diario - Bolivia<\/title>\n<meta name=\"robots\" content=\"index, follow, max-snippet:-1, max-image-preview:large, max-video-preview:-1\" \/>\n<link rel=\"canonical\" href=\"https:\/\/www.eldiario.net\/portal\/2025\/01\/28\/los-19-cuerpos-de-accidente-en-cerdas-fueron-dejados-en-patio-de-un-hospital\/\" \/>\n<meta property=\"og:locale\" content=\"es_ES\" \/>\n<meta property=\"og:type\" content=\"article\" \/>\n<meta property=\"og:title\" content=\"Los 19 cuerpos de accidente en Cerdas fueron dejados en patio de un hospital - El Diario - Bolivia\" \/>\n<meta property=\"og:description\" content=\"Los cuerpos de los 19 fallecidos del accidente de un bus en Cerdas est\u00e1n abandonados en el patio de un hospital en Uyuni, denunci\u00f3 la asamble\u00edsta departamental de Potos\u00ed, Azucena Fuertes, a tiempo de lamentar que Potos\u00ed, el departamento con la mayor riqueza mineral de Bolivia, no cuente con un solo hospital de tercer nivel [&hellip;]\" \/>\n<meta property=\"og:url\" content=\"https:\/\/www.eldiario.net\/portal\/2025\/01\/28\/los-19-cuerpos-de-accidente-en-cerdas-fueron-dejados-en-patio-de-un-hospital\/\" \/>\n<meta property=\"og:site_name\" content=\"El Diario - Bolivia\" \/>\n<meta property=\"article:publisher\" content=\"https:\/\/www.facebook.com\/eldiario.bolivia\/\" \/>\n<meta property=\"article:published_time\" content=\"2025-01-28T09:49:50+00:00\" \/>\n<meta property=\"article:modified_time\" content=\"2025-01-28T14:35:48+00:00\" \/>\n<meta property=\"og:image\" content=\"https:\/\/www.eldiario.net\/portal\/wp-content\/uploads\/2025\/01\/CUERPOS-FOTO-1.jpg\" \/>\n\t<meta property=\"og:image:width\" content=\"1200\" \/>\n\t<meta property=\"og:image:height\" content=\"977\" \/>\n\t<meta property=\"og:image:type\" content=\"image\/jpeg\" \/>\n<meta name=\"author\" content=\"Jeanette\" \/>\n<meta name=\"twitter:card\" content=\"summary_large_image\" \/>\n<meta name=\"twitter:creator\" content=\"@eldiario_net\" \/>\n<meta name=\"twitter:site\" content=\"@eldiario_net\" \/>\n<meta name=\"twitter:label1\" content=\"Escrito por\" \/>\n\t<meta name=\"twitter:data1\" content=\"Jeanette\" \/>\n\t<meta name=\"twitter:label2\" content=\"Tiempo de lectura\" \/>\n\t<meta name=\"twitter:data2\" content=\"3 minutos\" \/>\n<script type=\"application\/ld+json\" class=\"yoast-schema-graph\">{\"@context\":\"https:\\\/\\\/schema.org\",\"@graph\":[{\"@type\":\"Article\",\"@id\":\"https:\\\/\\\/www.eldiario.net\\\/portal\\\/2025\\\/01\\\/28\\\/los-19-cuerpos-de-accidente-en-cerdas-fueron-dejados-en-patio-de-un-hospital\\\/#article\",\"isPartOf\":{\"@id\":\"https:\\\/\\\/www.eldiario.net\\\/portal\\\/2025\\\/01\\\/28\\\/los-19-cuerpos-de-accidente-en-cerdas-fueron-dejados-en-patio-de-un-hospital\\\/\"},\"author\":{\"name\":\"Jeanette\",\"@id\":\"https:\\\/\\\/www.eldiario.net\\\/portal\\\/#\\\/schema\\\/person\\\/f46445640444750d7d753ccd04ae01b7\"},\"headline\":\"Los 19 cuerpos de accidente en Cerdas fueron dejados en patio de un hospital\",\"datePublished\":\"2025-01-28T09:49:50+00:00\",\"dateModified\":\"2025-01-28T14:35:48+00:00\",\"mainEntityOfPage\":{\"@id\":\"https:\\\/\\\/www.eldiario.net\\\/portal\\\/2025\\\/01\\\/28\\\/los-19-cuerpos-de-accidente-en-cerdas-fueron-dejados-en-patio-de-un-hospital\\\/\"},\"wordCount\":431,\"publisher\":{\"@id\":\"https:\\\/\\\/www.eldiario.net\\\/portal\\\/#organization\"},\"image\":{\"@id\":\"https:\\\/\\\/www.eldiario.net\\\/portal\\\/2025\\\/01\\\/28\\\/los-19-cuerpos-de-accidente-en-cerdas-fueron-dejados-en-patio-de-un-hospital\\\/#primaryimage\"},\"thumbnailUrl\":\"https:\\\/\\\/www.eldiario.net\\\/portal\\\/wp-content\\\/uploads\\\/2025\\\/01\\\/CUERPOS-FOTO-1.jpg\",\"articleSection\":[\"Sociedad - Seguridad\"],\"inLanguage\":\"es\"},{\"@type\":\"WebPage\",\"@id\":\"https:\\\/\\\/www.eldiario.net\\\/portal\\\/2025\\\/01\\\/28\\\/los-19-cuerpos-de-accidente-en-cerdas-fueron-dejados-en-patio-de-un-hospital\\\/\",\"url\":\"https:\\\/\\\/www.eldiario.net\\\/portal\\\/2025\\\/01\\\/28\\\/los-19-cuerpos-de-accidente-en-cerdas-fueron-dejados-en-patio-de-un-hospital\\\/\",\"name\":\"Los 19 cuerpos de accidente en Cerdas fueron dejados en patio de un hospital - El Diario - Bolivia\",\"isPartOf\":{\"@id\":\"https:\\\/\\\/www.eldiario.net\\\/portal\\\/#website\"},\"primaryImageOfPage\":{\"@id\":\"https:\\\/\\\/www.eldiario.net\\\/portal\\\/2025\\\/01\\\/28\\\/los-19-cuerpos-de-accidente-en-cerdas-fueron-dejados-en-patio-de-un-hospital\\\/#primaryimage\"},\"image\":{\"@id\":\"https:\\\/\\\/www.eldiario.net\\\/portal\\\/2025\\\/01\\\/28\\\/los-19-cuerpos-de-accidente-en-cerdas-fueron-dejados-en-patio-de-un-hospital\\\/#primaryimage\"},\"thumbnailUrl\":\"https:\\\/\\\/www.eldiario.net\\\/portal\\\/wp-content\\\/uploads\\\/2025\\\/01\\\/CUERPOS-FOTO-1.jpg\",\"datePublished\":\"2025-01-28T09:49:50+00:00\",\"dateModified\":\"2025-01-28T14:35:48+00:00\",\"breadcrumb\":{\"@id\":\"https:\\\/\\\/www.eldiario.net\\\/portal\\\/2025\\\/01\\\/28\\\/los-19-cuerpos-de-accidente-en-cerdas-fueron-dejados-en-patio-de-un-hospital\\\/#breadcrumb\"},\"inLanguage\":\"es\",\"potentialAction\":[{\"@type\":\"ReadAction\",\"target\":[\"https:\\\/\\\/www.eldiario.net\\\/portal\\\/2025\\\/01\\\/28\\\/los-19-cuerpos-de-accidente-en-cerdas-fueron-dejados-en-patio-de-un-hospital\\\/\"]}]},{\"@type\":\"ImageObject\",\"inLanguage\":\"es\",\"@id\":\"https:\\\/\\\/www.eldiario.net\\\/portal\\\/2025\\\/01\\\/28\\\/los-19-cuerpos-de-accidente-en-cerdas-fueron-dejados-en-patio-de-un-hospital\\\/#primaryimage\",\"url\":\"https:\\\/\\\/www.eldiario.net\\\/portal\\\/wp-content\\\/uploads\\\/2025\\\/01\\\/CUERPOS-FOTO-1.jpg\",\"contentUrl\":\"https:\\\/\\\/www.eldiario.net\\\/portal\\\/wp-content\\\/uploads\\\/2025\\\/01\\\/CUERPOS-FOTO-1.jpg\",\"width\":1200,\"height\":977,\"caption\":\"Los cuerpos permanecen a la intemperie, seg\u00fan denunci\u00f3 la asamble\u00edsta. Cr\u00e9ditos: Radio Libertad Tarija.\"},{\"@type\":\"BreadcrumbList\",\"@id\":\"https:\\\/\\\/www.eldiario.net\\\/portal\\\/2025\\\/01\\\/28\\\/los-19-cuerpos-de-accidente-en-cerdas-fueron-dejados-en-patio-de-un-hospital\\\/#breadcrumb\",\"itemListElement\":[{\"@type\":\"ListItem\",\"position\":1,\"name\":\"Portada\",\"item\":\"https:\\\/\\\/www.eldiario.net\\\/portal\\\/\"},{\"@type\":\"ListItem\",\"position\":2,\"name\":\"Los 19 cuerpos de accidente en Cerdas fueron dejados en patio de un hospital\"}]},{\"@type\":\"WebSite\",\"@id\":\"https:\\\/\\\/www.eldiario.net\\\/portal\\\/#website\",\"url\":\"https:\\\/\\\/www.eldiario.net\\\/portal\\\/\",\"name\":\"El Diario - Decano de la prensa nacional\",\"description\":\"El Diario - Decano de la prensa nacional\",\"publisher\":{\"@id\":\"https:\\\/\\\/www.eldiario.net\\\/portal\\\/#organization\"},\"potentialAction\":[{\"@type\":\"SearchAction\",\"target\":{\"@type\":\"EntryPoint\",\"urlTemplate\":\"https:\\\/\\\/www.eldiario.net\\\/portal\\\/?s={search_term_string}\"},\"query-input\":{\"@type\":\"PropertyValueSpecification\",\"valueRequired\":true,\"valueName\":\"search_term_string\"}}],\"inLanguage\":\"es\"},{\"@type\":\"Organization\",\"@id\":\"https:\\\/\\\/www.eldiario.net\\\/portal\\\/#organization\",\"name\":\"El Diario - Decano de la prensa nacional\",\"url\":\"https:\\\/\\\/www.eldiario.net\\\/portal\\\/\",\"logo\":{\"@type\":\"ImageObject\",\"inLanguage\":\"es\",\"@id\":\"https:\\\/\\\/www.eldiario.net\\\/portal\\\/#\\\/schema\\\/logo\\\/image\\\/\",\"url\":\"https:\\\/\\\/www.eldiario.net\\\/portal\\\/wp-content\\\/uploads\\\/2023\\\/07\\\/logo_ED.jpg\",\"contentUrl\":\"https:\\\/\\\/www.eldiario.net\\\/portal\\\/wp-content\\\/uploads\\\/2023\\\/07\\\/logo_ED.jpg\",\"width\":272,\"height\":52,\"caption\":\"El Diario - Decano de la prensa nacional\"},\"image\":{\"@id\":\"https:\\\/\\\/www.eldiario.net\\\/portal\\\/#\\\/schema\\\/logo\\\/image\\\/\"},\"sameAs\":[\"https:\\\/\\\/www.facebook.com\\\/eldiario.bolivia\\\/\",\"https:\\\/\\\/x.com\\\/eldiario_net\"]},{\"@type\":\"Person\",\"@id\":\"https:\\\/\\\/www.eldiario.net\\\/portal\\\/#\\\/schema\\\/person\\\/f46445640444750d7d753ccd04ae01b7\",\"name\":\"Jeanette\",\"image\":{\"@type\":\"ImageObject\",\"inLanguage\":\"es\",\"@id\":\"https:\\\/\\\/secure.gravatar.com\\\/avatar\\\/3ea2118a5f7dad2b7138b1187a6b7ee55f160b9968b66013c3a3ef39dd7e5798?s=96&d=mm&r=g\",\"url\":\"https:\\\/\\\/secure.gravatar.com\\\/avatar\\\/3ea2118a5f7dad2b7138b1187a6b7ee55f160b9968b66013c3a3ef39dd7e5798?s=96&d=mm&r=g\",\"contentUrl\":\"https:\\\/\\\/secure.gravatar.com\\\/avatar\\\/3ea2118a5f7dad2b7138b1187a6b7ee55f160b9968b66013c3a3ef39dd7e5798?s=96&d=mm&r=g\",\"caption\":\"Jeanette\"},\"sameAs\":[\"https:\\\/\\\/www.eldiario.net\\\/portal\"],\"url\":\"https:\\\/\\\/www.eldiario.net\\\/portal\\\/author\\\/jeanette\\\/\"}]}<\/script>\n<!-- \/ Yoast SEO plugin. -->","yoast_head_json":{"title":"Los 19 cuerpos de accidente en Cerdas fueron dejados en patio de un hospital - El Diario - Bolivia","robots":{"index":"index","follow":"follow","max-snippet":"max-snippet:-1","max-image-preview":"max-image-preview:large","max-video-preview":"max-video-preview:-1"},"canonical":"https:\/\/www.eldiario.net\/portal\/2025\/01\/28\/los-19-cuerpos-de-accidente-en-cerdas-fueron-dejados-en-patio-de-un-hospital\/","og_locale":"es_ES","og_type":"article","og_title":"Los 19 cuerpos de accidente en Cerdas fueron dejados en patio de un hospital - El Diario - Bolivia","og_description":"Los cuerpos de los 19 fallecidos del accidente de un bus en Cerdas est\u00e1n abandonados en el patio de un hospital en Uyuni, denunci\u00f3 la asamble\u00edsta departamental de Potos\u00ed, Azucena Fuertes, a tiempo de lamentar que Potos\u00ed, el departamento con la mayor riqueza mineral de Bolivia, no cuente con un solo hospital de tercer nivel [&hellip;]","og_url":"https:\/\/www.eldiario.net\/portal\/2025\/01\/28\/los-19-cuerpos-de-accidente-en-cerdas-fueron-dejados-en-patio-de-un-hospital\/","og_site_name":"El Diario - Bolivia","article_publisher":"https:\/\/www.facebook.com\/eldiario.bolivia\/","article_published_time":"2025-01-28T09:49:50+00:00","article_modified_time":"2025-01-28T14:35:48+00:00","og_image":[{"width":1200,"height":977,"url":"https:\/\/www.eldiario.net\/portal\/wp-content\/uploads\/2025\/01\/CUERPOS-FOTO-1.jpg","type":"image\/jpeg"}],"author":"Jeanette","twitter_card":"summary_large_image","twitter_creator":"@eldiario_net","twitter_site":"@eldiario_net","twitter_misc":{"Escrito por":"Jeanette","Tiempo de lectura":"3 minutos"},"schema":{"@context":"https:\/\/schema.org","@graph":[{"@type":"Article","@id":"https:\/\/www.eldiario.net\/portal\/2025\/01\/28\/los-19-cuerpos-de-accidente-en-cerdas-fueron-dejados-en-patio-de-un-hospital\/#article","isPartOf":{"@id":"https:\/\/www.eldiario.net\/portal\/2025\/01\/28\/los-19-cuerpos-de-accidente-en-cerdas-fueron-dejados-en-patio-de-un-hospital\/"},"author":{"name":"Jeanette","@id":"https:\/\/www.eldiario.net\/portal\/#\/schema\/person\/f46445640444750d7d753ccd04ae01b7"},"headline":"Los 19 cuerpos de accidente en Cerdas fueron dejados en patio de un hospital","datePublished":"2025-01-28T09:49:50+00:00","dateModified":"2025-01-28T14:35:48+00:00","mainEntityOfPage":{"@id":"https:\/\/www.eldiario.net\/portal\/2025\/01\/28\/los-19-cuerpos-de-accidente-en-cerdas-fueron-dejados-en-patio-de-un-hospital\/"},"wordCount":431,"publisher":{"@id":"https:\/\/www.eldiario.net\/portal\/#organization"},"image":{"@id":"https:\/\/www.eldiario.net\/portal\/2025\/01\/28\/los-19-cuerpos-de-accidente-en-cerdas-fueron-dejados-en-patio-de-un-hospital\/#primaryimage"},"thumbnailUrl":"https:\/\/www.eldiario.net\/portal\/wp-content\/uploads\/2025\/01\/CUERPOS-FOTO-1.jpg","articleSection":["Sociedad - Seguridad"],"inLanguage":"es"},{"@type":"WebPage","@id":"https:\/\/www.eldiario.net\/portal\/2025\/01\/28\/los-19-cuerpos-de-accidente-en-cerdas-fueron-dejados-en-patio-de-un-hospital\/","url":"https:\/\/www.eldiario.net\/portal\/2025\/01\/28\/los-19-cuerpos-de-accidente-en-cerdas-fueron-dejados-en-patio-de-un-hospital\/","name":"Los 19 cuerpos de accidente en Cerdas fueron dejados en patio de un hospital - El Diario - Bolivia","isPartOf":{"@id":"https:\/\/www.eldiario.net\/portal\/#website"},"primaryImageOfPage":{"@id":"https:\/\/www.eldiario.net\/portal\/2025\/01\/28\/los-19-cuerpos-de-accidente-en-cerdas-fueron-dejados-en-patio-de-un-hospital\/#primaryimage"},"image":{"@id":"https:\/\/www.eldiario.net\/portal\/2025\/01\/28\/los-19-cuerpos-de-accidente-en-cerdas-fueron-dejados-en-patio-de-un-hospital\/#primaryimage"},"thumbnailUrl":"https:\/\/www.eldiario.net\/portal\/wp-content\/uploads\/2025\/01\/CUERPOS-FOTO-1.jpg","datePublished":"2025-01-28T09:49:50+00:00","dateModified":"2025-01-28T14:35:48+00:00","breadcrumb":{"@id":"https:\/\/www.eldiario.net\/portal\/2025\/01\/28\/los-19-cuerpos-de-accidente-en-cerdas-fueron-dejados-en-patio-de-un-hospital\/#breadcrumb"},"inLanguage":"es","potentialAction":[{"@type":"ReadAction","target":["https:\/\/www.eldiario.net\/portal\/2025\/01\/28\/los-19-cuerpos-de-accidente-en-cerdas-fueron-dejados-en-patio-de-un-hospital\/"]}]},{"@type":"ImageObject","inLanguage":"es","@id":"https:\/\/www.eldiario.net\/portal\/2025\/01\/28\/los-19-cuerpos-de-accidente-en-cerdas-fueron-dejados-en-patio-de-un-hospital\/#primaryimage","url":"https:\/\/www.eldiario.net\/portal\/wp-content\/uploads\/2025\/01\/CUERPOS-FOTO-1.jpg","contentUrl":"https:\/\/www.eldiario.net\/portal\/wp-content\/uploads\/2025\/01\/CUERPOS-FOTO-1.jpg","width":1200,"height":977,"caption":"Los cuerpos permanecen a la intemperie, seg\u00fan denunci\u00f3 la asamble\u00edsta. Cr\u00e9ditos: Radio Libertad Tarija."},{"@type":"BreadcrumbList","@id":"https:\/\/www.eldiario.net\/portal\/2025\/01\/28\/los-19-cuerpos-de-accidente-en-cerdas-fueron-dejados-en-patio-de-un-hospital\/#breadcrumb","itemListElement":[{"@type":"ListItem","position":1,"name":"Portada","item":"https:\/\/www.eldiario.net\/portal\/"},{"@type":"ListItem","position":2,"name":"Los 19 cuerpos de accidente en Cerdas fueron dejados en patio de un hospital"}]},{"@type":"WebSite","@id":"https:\/\/www.eldiario.net\/portal\/#website","url":"https:\/\/www.eldiario.net\/portal\/","name":"El Diario - Decano de la prensa nacional","description":"El Diario - Decano de la prensa nacional","publisher":{"@id":"https:\/\/www.eldiario.net\/portal\/#organization"},"potentialAction":[{"@type":"SearchAction","target":{"@type":"EntryPoint","urlTemplate":"https:\/\/www.eldiario.net\/portal\/?s={search_term_string}"},"query-input":{"@type":"PropertyValueSpecification","valueRequired":true,"valueName":"search_term_string"}}],"inLanguage":"es"},{"@type":"Organization","@id":"https:\/\/www.eldiario.net\/portal\/#organization","name":"El Diario - Decano de la prensa nacional","url":"https:\/\/www.eldiario.net\/portal\/","logo":{"@type":"ImageObject","inLanguage":"es","@id":"https:\/\/www.eldiario.net\/portal\/#\/schema\/logo\/image\/","url":"https:\/\/www.eldiario.net\/portal\/wp-content\/uploads\/2023\/07\/logo_ED.jpg","contentUrl":"https:\/\/www.eldiario.net\/portal\/wp-content\/uploads\/2023\/07\/logo_ED.jpg","width":272,"height":52,"caption":"El Diario - Decano de la prensa nacional"},"image":{"@id":"https:\/\/www.eldiario.net\/portal\/#\/schema\/logo\/image\/"},"sameAs":["https:\/\/www.facebook.com\/eldiario.bolivia\/","https:\/\/x.com\/eldiario_net"]},{"@type":"Person","@id":"https:\/\/www.eldiario.net\/portal\/#\/schema\/person\/f46445640444750d7d753ccd04ae01b7","name":"Jeanette","image":{"@type":"ImageObject","inLanguage":"es","@id":"https:\/\/secure.gravatar.com\/avatar\/3ea2118a5f7dad2b7138b1187a6b7ee55f160b9968b66013c3a3ef39dd7e5798?s=96&d=mm&r=g","url":"https:\/\/secure.gravatar.com\/avatar\/3ea2118a5f7dad2b7138b1187a6b7ee55f160b9968b66013c3a3ef39dd7e5798?s=96&d=mm&r=g","contentUrl":"https:\/\/secure.gravatar.com\/avatar\/3ea2118a5f7dad2b7138b1187a6b7ee55f160b9968b66013c3a3ef39dd7e5798?s=96&d=mm&r=g","caption":"Jeanette"},"sameAs":["https:\/\/www.eldiario.net\/portal"],"url":"https:\/\/www.eldiario.net\/portal\/author\/jeanette\/"}]}},"_links":{"self":[{"href":"https:\/\/www.eldiario.net\/portal\/wp-json\/wp\/v2\/posts\/277652","targetHints":{"allow":["GET"]}}],"collection":[{"href":"https:\/\/www.eldiario.net\/portal\/wp-json\/wp\/v2\/posts"}],"about":[{"href":"https:\/\/www.eldiario.net\/portal\/wp-json\/wp\/v2\/types\/post"}],"author":[{"embeddable":true,"href":"https:\/\/www.eldiario.net\/portal\/wp-json\/wp\/v2\/users\/1"}],"replies":[{"embeddable":true,"href":"https:\/\/www.eldiario.net\/portal\/wp-json\/wp\/v2\/comments?post=277652"}],"version-history":[{"count":2,"href":"https:\/\/www.eldiario.net\/portal\/wp-json\/wp\/v2\/posts\/277652\/revisions"}],"predecessor-version":[{"id":277787,"href":"https:\/\/www.eldiario.net\/portal\/wp-json\/wp\/v2\/posts\/277652\/revisions\/277787"}],"wp:featuredmedia":[{"embeddable":true,"href":"https:\/\/www.eldiario.net\/portal\/wp-json\/wp\/v2\/media\/277653"}],"wp:attachment":[{"href":"https:\/\/www.eldiario.net\/portal\/wp-json\/wp\/v2\/media?parent=277652"}],"wp:term":[{"taxonomy":"category","embeddable":true,"href":"https:\/\/www.eldiario.net\/portal\/wp-json\/wp\/v2\/categories?post=277652"},{"taxonomy":"post_tag","embeddable":true,"href":"https:\/\/www.eldiario.net\/portal\/wp-json\/wp\/v2\/tags?post=277652"}],"curies":[{"name":"wp","href":"https:\/\/api.w.org\/{rel}","templated":true}]}}