{"id":277649,"date":"2025-01-28T05:48:31","date_gmt":"2025-01-28T09:48:31","guid":{"rendered":"https:\/\/www.eldiario.net\/portal\/?p=277649"},"modified":"2025-01-28T05:48:31","modified_gmt":"2025-01-28T09:48:31","slug":"dos-jovenes-son-asesinadas-a-tiros-en-puerto-quijarro","status":"publish","type":"post","link":"https:\/\/www.eldiario.net\/portal\/2025\/01\/28\/dos-jovenes-son-asesinadas-a-tiros-en-puerto-quijarro\/","title":{"rendered":"Dos j\u00f3venes son asesinadas a tiros en Puerto Quijarro"},"content":{"rendered":"<p>Se registr\u00f3 el hallazgo de los cuerpos sin vida de dos j\u00f3venes cochabambinas, Nelly G.M.O. (21 a\u00f1os) y Dimelsa N.C. (24), en un sector aislado conocido como el Circuito del Aut\u00f3dromo, en la comunidad fronteriza de Puerto Quijarro en el departamento de Santa Cruz; presentaban disparos en la cabeza y estaban en avanzado estado de descomposici\u00f3n.<\/p>\n<p>El m\u00e9dico forense, Juan Jos\u00e9 Cabrera, confirm\u00f3 que las v\u00edctimas fallecieron entre tres y cinco d\u00edas antes de su hallazgo. \u201cRealizamos las autopsias el s\u00e1bado, tras el levantamiento de los cad\u00e1veres cerca de las 17:00 y 18:00 horas. La causa de muerte fue traumatismo cr\u00e1neo encef\u00e1lico por proyectil de arma de fuego\u00bb, declar\u00f3 Cabrera, quien advirti\u00f3 que el estado de descomposici\u00f3n de los cuerpos complic\u00f3 el an\u00e1lisis detallado de las lesiones.<\/p>\n<p>Las investigaciones preliminares indican que las mujeres, quienes hab\u00edan llegado desde S\u00e3o Paulo, Brasil, el mi\u00e9rcoles 22 de enero, fueron asesinadas en otro lugar y posteriormente abandonadas en el aut\u00f3dromo.<\/p>\n<p>Se presume que las v\u00edctimas, oriundas de Entre R\u00edos, estar\u00edan vinculadas al narcotr\u00e1fico. El comandante departamental de la Polic\u00eda de Santa Cruz, Rolando Rojas, se\u00f1al\u00f3 que \u201cse presume una relaci\u00f3n con el tr\u00e1fico de sustancias controladas, aunque las investigaciones contin\u00faan\u201d.<\/p>\n<p>El lunes 27 de enero, efectivos de la Polic\u00eda y el Ministerio P\u00fablico allanaron la vivienda donde las j\u00f3venes se hospedaban. Seg\u00fan los reportes, el lugar carec\u00eda de comodidades, contaba \u00fanicamente con colchones y comida, y aparentemente era utilizado como punto de tr\u00e1nsito en un recorrido frecuente entre Brasil y Bolivia. Las autoridades mencionaron que las j\u00f3venes sol\u00edan viajar seguido al vecino pa\u00eds.<\/p>\n<p>Puerto Quijarro, ubicado en la frontera con Brasil, es una regi\u00f3n conocida por el incremento de la violencia y la presencia de actividades il\u00edcitas propias de zonas lim\u00edtrofes. Este caso, que tiene las caracter\u00edsticas de un ajuste de cuentas, se suma a una serie de hechos delictivos genera preocupaci\u00f3n en la poblaci\u00f3n.<\/p>\n<p>La Fiscal\u00eda y las fuerzas de seguridad, incluyendo personal del Departamento de An\u00e1lisis Criminal e Inteligencia (DACI) y de la Fuerza Especial de Lucha Contra el Crimen (Felcc), intensificaron las investigaciones para esclarecer las causas y dar con los responsables de este suceso.<\/p>\n<p>Mientras los cuerpos de las v\u00edctimas fueron trasladados a Cochabamba para su sepultura, la comunidad de Puerto Quijarro exige justicia y acciones concretas para frenar la creciente inseguridad en la regi\u00f3n. (Santa Cruz, EL DIARIO y agencias)<\/p>\n","protected":false},"excerpt":{"rendered":"<p>Se registr\u00f3 el hallazgo de los cuerpos sin vida de dos j\u00f3venes cochabambinas, Nelly G.M.O. (21 a\u00f1os) y Dimelsa N.C. (24), en un sector aislado conocido como el Circuito del Aut\u00f3dromo, en la comunidad fronteriza de Puerto Quijarro en el departamento de Santa Cruz; presentaban disparos en la cabeza y estaban en avanzado estado de [&hellip;]<\/p>\n","protected":false},"author":1,"featured_media":277650,"comment_status":"closed","ping_status":"open","sticky":false,"template":"","format":"standard","meta":{"_acf_changed":false,"footnotes":""},"categories":[39],"tags":[],"class_list":["post-277649","post","type-post","status-publish","format-standard","has-post-thumbnail","category-sociedad"],"acf":{"antetitulo":"Presumen ajuste de cuentas"},"yoast_head":"<!-- This site is optimized with the Yoast SEO plugin v28.4 - https:\/\/yoast.com\/product\/yoast-seo-wordpress\/ -->\n<title>Dos j\u00f3venes son asesinadas a tiros en Puerto Quijarro - El Diario - Bolivia<\/title>\n<meta name=\"robots\" content=\"index, follow, max-snippet:-1, max-image-preview:large, max-video-preview:-1\" \/>\n<link rel=\"canonical\" href=\"https:\/\/www.eldiario.net\/portal\/2025\/01\/28\/dos-jovenes-son-asesinadas-a-tiros-en-puerto-quijarro\/\" \/>\n<meta property=\"og:locale\" content=\"es_ES\" \/>\n<meta property=\"og:type\" content=\"article\" \/>\n<meta property=\"og:title\" content=\"Dos j\u00f3venes son asesinadas a tiros en Puerto Quijarro - El Diario - Bolivia\" \/>\n<meta property=\"og:description\" content=\"Se registr\u00f3 el hallazgo de los cuerpos sin vida de dos j\u00f3venes cochabambinas, Nelly G.M.O. (21 a\u00f1os) y Dimelsa N.C. (24), en un sector aislado conocido como el Circuito del Aut\u00f3dromo, en la comunidad fronteriza de Puerto Quijarro en el departamento de Santa Cruz; presentaban disparos en la cabeza y estaban en avanzado estado de [&hellip;]\" \/>\n<meta property=\"og:url\" content=\"https:\/\/www.eldiario.net\/portal\/2025\/01\/28\/dos-jovenes-son-asesinadas-a-tiros-en-puerto-quijarro\/\" \/>\n<meta property=\"og:site_name\" content=\"El Diario - Bolivia\" \/>\n<meta property=\"article:publisher\" content=\"https:\/\/www.facebook.com\/eldiario.bolivia\/\" \/>\n<meta property=\"article:published_time\" content=\"2025-01-28T09:48:31+00:00\" \/>\n<meta property=\"og:image\" content=\"https:\/\/www.eldiario.net\/portal\/wp-content\/uploads\/2025\/01\/JOV-FOTO.jpg\" \/>\n\t<meta property=\"og:image:width\" content=\"720\" \/>\n\t<meta property=\"og:image:height\" content=\"399\" \/>\n\t<meta property=\"og:image:type\" content=\"image\/jpeg\" \/>\n<meta name=\"author\" content=\"Jeanette\" \/>\n<meta name=\"twitter:card\" content=\"summary_large_image\" \/>\n<meta name=\"twitter:creator\" content=\"@eldiario_net\" \/>\n<meta name=\"twitter:site\" content=\"@eldiario_net\" \/>\n<meta name=\"twitter:label1\" content=\"Escrito por\" \/>\n\t<meta name=\"twitter:data1\" content=\"Jeanette\" \/>\n\t<meta name=\"twitter:label2\" content=\"Tiempo de lectura\" \/>\n\t<meta name=\"twitter:data2\" content=\"2 minutos\" \/>\n<script type=\"application\/ld+json\" class=\"yoast-schema-graph\">{\"@context\":\"https:\\\/\\\/schema.org\",\"@graph\":[{\"@type\":\"Article\",\"@id\":\"https:\\\/\\\/www.eldiario.net\\\/portal\\\/2025\\\/01\\\/28\\\/dos-jovenes-son-asesinadas-a-tiros-en-puerto-quijarro\\\/#article\",\"isPartOf\":{\"@id\":\"https:\\\/\\\/www.eldiario.net\\\/portal\\\/2025\\\/01\\\/28\\\/dos-jovenes-son-asesinadas-a-tiros-en-puerto-quijarro\\\/\"},\"author\":{\"name\":\"Jeanette\",\"@id\":\"https:\\\/\\\/www.eldiario.net\\\/portal\\\/#\\\/schema\\\/person\\\/f46445640444750d7d753ccd04ae01b7\"},\"headline\":\"Dos j\u00f3venes son asesinadas a tiros en Puerto Quijarro\",\"datePublished\":\"2025-01-28T09:48:31+00:00\",\"mainEntityOfPage\":{\"@id\":\"https:\\\/\\\/www.eldiario.net\\\/portal\\\/2025\\\/01\\\/28\\\/dos-jovenes-son-asesinadas-a-tiros-en-puerto-quijarro\\\/\"},\"wordCount\":444,\"publisher\":{\"@id\":\"https:\\\/\\\/www.eldiario.net\\\/portal\\\/#organization\"},\"image\":{\"@id\":\"https:\\\/\\\/www.eldiario.net\\\/portal\\\/2025\\\/01\\\/28\\\/dos-jovenes-son-asesinadas-a-tiros-en-puerto-quijarro\\\/#primaryimage\"},\"thumbnailUrl\":\"https:\\\/\\\/www.eldiario.net\\\/portal\\\/wp-content\\\/uploads\\\/2025\\\/01\\\/JOV-FOTO.jpg\",\"articleSection\":[\"Sociedad - Seguridad\"],\"inLanguage\":\"es\"},{\"@type\":\"WebPage\",\"@id\":\"https:\\\/\\\/www.eldiario.net\\\/portal\\\/2025\\\/01\\\/28\\\/dos-jovenes-son-asesinadas-a-tiros-en-puerto-quijarro\\\/\",\"url\":\"https:\\\/\\\/www.eldiario.net\\\/portal\\\/2025\\\/01\\\/28\\\/dos-jovenes-son-asesinadas-a-tiros-en-puerto-quijarro\\\/\",\"name\":\"Dos j\u00f3venes son asesinadas a tiros en Puerto Quijarro - El Diario - Bolivia\",\"isPartOf\":{\"@id\":\"https:\\\/\\\/www.eldiario.net\\\/portal\\\/#website\"},\"primaryImageOfPage\":{\"@id\":\"https:\\\/\\\/www.eldiario.net\\\/portal\\\/2025\\\/01\\\/28\\\/dos-jovenes-son-asesinadas-a-tiros-en-puerto-quijarro\\\/#primaryimage\"},\"image\":{\"@id\":\"https:\\\/\\\/www.eldiario.net\\\/portal\\\/2025\\\/01\\\/28\\\/dos-jovenes-son-asesinadas-a-tiros-en-puerto-quijarro\\\/#primaryimage\"},\"thumbnailUrl\":\"https:\\\/\\\/www.eldiario.net\\\/portal\\\/wp-content\\\/uploads\\\/2025\\\/01\\\/JOV-FOTO.jpg\",\"datePublished\":\"2025-01-28T09:48:31+00:00\",\"breadcrumb\":{\"@id\":\"https:\\\/\\\/www.eldiario.net\\\/portal\\\/2025\\\/01\\\/28\\\/dos-jovenes-son-asesinadas-a-tiros-en-puerto-quijarro\\\/#breadcrumb\"},\"inLanguage\":\"es\",\"potentialAction\":[{\"@type\":\"ReadAction\",\"target\":[\"https:\\\/\\\/www.eldiario.net\\\/portal\\\/2025\\\/01\\\/28\\\/dos-jovenes-son-asesinadas-a-tiros-en-puerto-quijarro\\\/\"]}]},{\"@type\":\"ImageObject\",\"inLanguage\":\"es\",\"@id\":\"https:\\\/\\\/www.eldiario.net\\\/portal\\\/2025\\\/01\\\/28\\\/dos-jovenes-son-asesinadas-a-tiros-en-puerto-quijarro\\\/#primaryimage\",\"url\":\"https:\\\/\\\/www.eldiario.net\\\/portal\\\/wp-content\\\/uploads\\\/2025\\\/01\\\/JOV-FOTO.jpg\",\"contentUrl\":\"https:\\\/\\\/www.eldiario.net\\\/portal\\\/wp-content\\\/uploads\\\/2025\\\/01\\\/JOV-FOTO.jpg\",\"width\":720,\"height\":399,\"caption\":\"Los cuerpos fueron hallados en un sector de Puerto Quijarro. Cr\u00e9ditos: Unitel\"},{\"@type\":\"BreadcrumbList\",\"@id\":\"https:\\\/\\\/www.eldiario.net\\\/portal\\\/2025\\\/01\\\/28\\\/dos-jovenes-son-asesinadas-a-tiros-en-puerto-quijarro\\\/#breadcrumb\",\"itemListElement\":[{\"@type\":\"ListItem\",\"position\":1,\"name\":\"Portada\",\"item\":\"https:\\\/\\\/www.eldiario.net\\\/portal\\\/\"},{\"@type\":\"ListItem\",\"position\":2,\"name\":\"Dos j\u00f3venes son asesinadas a tiros en Puerto Quijarro\"}]},{\"@type\":\"WebSite\",\"@id\":\"https:\\\/\\\/www.eldiario.net\\\/portal\\\/#website\",\"url\":\"https:\\\/\\\/www.eldiario.net\\\/portal\\\/\",\"name\":\"El Diario - Decano de la prensa nacional\",\"description\":\"El Diario - Decano de la prensa nacional\",\"publisher\":{\"@id\":\"https:\\\/\\\/www.eldiario.net\\\/portal\\\/#organization\"},\"potentialAction\":[{\"@type\":\"SearchAction\",\"target\":{\"@type\":\"EntryPoint\",\"urlTemplate\":\"https:\\\/\\\/www.eldiario.net\\\/portal\\\/?s={search_term_string}\"},\"query-input\":{\"@type\":\"PropertyValueSpecification\",\"valueRequired\":true,\"valueName\":\"search_term_string\"}}],\"inLanguage\":\"es\"},{\"@type\":\"Organization\",\"@id\":\"https:\\\/\\\/www.eldiario.net\\\/portal\\\/#organization\",\"name\":\"El Diario - Decano de la prensa nacional\",\"url\":\"https:\\\/\\\/www.eldiario.net\\\/portal\\\/\",\"logo\":{\"@type\":\"ImageObject\",\"inLanguage\":\"es\",\"@id\":\"https:\\\/\\\/www.eldiario.net\\\/portal\\\/#\\\/schema\\\/logo\\\/image\\\/\",\"url\":\"https:\\\/\\\/www.eldiario.net\\\/portal\\\/wp-content\\\/uploads\\\/2023\\\/07\\\/logo_ED.jpg\",\"contentUrl\":\"https:\\\/\\\/www.eldiario.net\\\/portal\\\/wp-content\\\/uploads\\\/2023\\\/07\\\/logo_ED.jpg\",\"width\":272,\"height\":52,\"caption\":\"El Diario - Decano de la prensa nacional\"},\"image\":{\"@id\":\"https:\\\/\\\/www.eldiario.net\\\/portal\\\/#\\\/schema\\\/logo\\\/image\\\/\"},\"sameAs\":[\"https:\\\/\\\/www.facebook.com\\\/eldiario.bolivia\\\/\",\"https:\\\/\\\/x.com\\\/eldiario_net\"]},{\"@type\":\"Person\",\"@id\":\"https:\\\/\\\/www.eldiario.net\\\/portal\\\/#\\\/schema\\\/person\\\/f46445640444750d7d753ccd04ae01b7\",\"name\":\"Jeanette\",\"image\":{\"@type\":\"ImageObject\",\"inLanguage\":\"es\",\"@id\":\"https:\\\/\\\/secure.gravatar.com\\\/avatar\\\/3ea2118a5f7dad2b7138b1187a6b7ee55f160b9968b66013c3a3ef39dd7e5798?s=96&d=mm&r=g\",\"url\":\"https:\\\/\\\/secure.gravatar.com\\\/avatar\\\/3ea2118a5f7dad2b7138b1187a6b7ee55f160b9968b66013c3a3ef39dd7e5798?s=96&d=mm&r=g\",\"contentUrl\":\"https:\\\/\\\/secure.gravatar.com\\\/avatar\\\/3ea2118a5f7dad2b7138b1187a6b7ee55f160b9968b66013c3a3ef39dd7e5798?s=96&d=mm&r=g\",\"caption\":\"Jeanette\"},\"sameAs\":[\"https:\\\/\\\/www.eldiario.net\\\/portal\"],\"url\":\"https:\\\/\\\/www.eldiario.net\\\/portal\\\/author\\\/jeanette\\\/\"}]}<\/script>\n<!-- \/ Yoast SEO plugin. -->","yoast_head_json":{"title":"Dos j\u00f3venes son asesinadas a tiros en Puerto Quijarro - El Diario - Bolivia","robots":{"index":"index","follow":"follow","max-snippet":"max-snippet:-1","max-image-preview":"max-image-preview:large","max-video-preview":"max-video-preview:-1"},"canonical":"https:\/\/www.eldiario.net\/portal\/2025\/01\/28\/dos-jovenes-son-asesinadas-a-tiros-en-puerto-quijarro\/","og_locale":"es_ES","og_type":"article","og_title":"Dos j\u00f3venes son asesinadas a tiros en Puerto Quijarro - El Diario - Bolivia","og_description":"Se registr\u00f3 el hallazgo de los cuerpos sin vida de dos j\u00f3venes cochabambinas, Nelly G.M.O. (21 a\u00f1os) y Dimelsa N.C. (24), en un sector aislado conocido como el Circuito del Aut\u00f3dromo, en la comunidad fronteriza de Puerto Quijarro en el departamento de Santa Cruz; presentaban disparos en la cabeza y estaban en avanzado estado de [&hellip;]","og_url":"https:\/\/www.eldiario.net\/portal\/2025\/01\/28\/dos-jovenes-son-asesinadas-a-tiros-en-puerto-quijarro\/","og_site_name":"El Diario - Bolivia","article_publisher":"https:\/\/www.facebook.com\/eldiario.bolivia\/","article_published_time":"2025-01-28T09:48:31+00:00","og_image":[{"width":720,"height":399,"url":"https:\/\/www.eldiario.net\/portal\/wp-content\/uploads\/2025\/01\/JOV-FOTO.jpg","type":"image\/jpeg"}],"author":"Jeanette","twitter_card":"summary_large_image","twitter_creator":"@eldiario_net","twitter_site":"@eldiario_net","twitter_misc":{"Escrito por":"Jeanette","Tiempo de lectura":"2 minutos"},"schema":{"@context":"https:\/\/schema.org","@graph":[{"@type":"Article","@id":"https:\/\/www.eldiario.net\/portal\/2025\/01\/28\/dos-jovenes-son-asesinadas-a-tiros-en-puerto-quijarro\/#article","isPartOf":{"@id":"https:\/\/www.eldiario.net\/portal\/2025\/01\/28\/dos-jovenes-son-asesinadas-a-tiros-en-puerto-quijarro\/"},"author":{"name":"Jeanette","@id":"https:\/\/www.eldiario.net\/portal\/#\/schema\/person\/f46445640444750d7d753ccd04ae01b7"},"headline":"Dos j\u00f3venes son asesinadas a tiros en Puerto Quijarro","datePublished":"2025-01-28T09:48:31+00:00","mainEntityOfPage":{"@id":"https:\/\/www.eldiario.net\/portal\/2025\/01\/28\/dos-jovenes-son-asesinadas-a-tiros-en-puerto-quijarro\/"},"wordCount":444,"publisher":{"@id":"https:\/\/www.eldiario.net\/portal\/#organization"},"image":{"@id":"https:\/\/www.eldiario.net\/portal\/2025\/01\/28\/dos-jovenes-son-asesinadas-a-tiros-en-puerto-quijarro\/#primaryimage"},"thumbnailUrl":"https:\/\/www.eldiario.net\/portal\/wp-content\/uploads\/2025\/01\/JOV-FOTO.jpg","articleSection":["Sociedad - Seguridad"],"inLanguage":"es"},{"@type":"WebPage","@id":"https:\/\/www.eldiario.net\/portal\/2025\/01\/28\/dos-jovenes-son-asesinadas-a-tiros-en-puerto-quijarro\/","url":"https:\/\/www.eldiario.net\/portal\/2025\/01\/28\/dos-jovenes-son-asesinadas-a-tiros-en-puerto-quijarro\/","name":"Dos j\u00f3venes son asesinadas a tiros en Puerto Quijarro - El Diario - Bolivia","isPartOf":{"@id":"https:\/\/www.eldiario.net\/portal\/#website"},"primaryImageOfPage":{"@id":"https:\/\/www.eldiario.net\/portal\/2025\/01\/28\/dos-jovenes-son-asesinadas-a-tiros-en-puerto-quijarro\/#primaryimage"},"image":{"@id":"https:\/\/www.eldiario.net\/portal\/2025\/01\/28\/dos-jovenes-son-asesinadas-a-tiros-en-puerto-quijarro\/#primaryimage"},"thumbnailUrl":"https:\/\/www.eldiario.net\/portal\/wp-content\/uploads\/2025\/01\/JOV-FOTO.jpg","datePublished":"2025-01-28T09:48:31+00:00","breadcrumb":{"@id":"https:\/\/www.eldiario.net\/portal\/2025\/01\/28\/dos-jovenes-son-asesinadas-a-tiros-en-puerto-quijarro\/#breadcrumb"},"inLanguage":"es","potentialAction":[{"@type":"ReadAction","target":["https:\/\/www.eldiario.net\/portal\/2025\/01\/28\/dos-jovenes-son-asesinadas-a-tiros-en-puerto-quijarro\/"]}]},{"@type":"ImageObject","inLanguage":"es","@id":"https:\/\/www.eldiario.net\/portal\/2025\/01\/28\/dos-jovenes-son-asesinadas-a-tiros-en-puerto-quijarro\/#primaryimage","url":"https:\/\/www.eldiario.net\/portal\/wp-content\/uploads\/2025\/01\/JOV-FOTO.jpg","contentUrl":"https:\/\/www.eldiario.net\/portal\/wp-content\/uploads\/2025\/01\/JOV-FOTO.jpg","width":720,"height":399,"caption":"Los cuerpos fueron hallados en un sector de Puerto Quijarro. Cr\u00e9ditos: Unitel"},{"@type":"BreadcrumbList","@id":"https:\/\/www.eldiario.net\/portal\/2025\/01\/28\/dos-jovenes-son-asesinadas-a-tiros-en-puerto-quijarro\/#breadcrumb","itemListElement":[{"@type":"ListItem","position":1,"name":"Portada","item":"https:\/\/www.eldiario.net\/portal\/"},{"@type":"ListItem","position":2,"name":"Dos j\u00f3venes son asesinadas a tiros en Puerto Quijarro"}]},{"@type":"WebSite","@id":"https:\/\/www.eldiario.net\/portal\/#website","url":"https:\/\/www.eldiario.net\/portal\/","name":"El Diario - Decano de la prensa nacional","description":"El Diario - Decano de la prensa nacional","publisher":{"@id":"https:\/\/www.eldiario.net\/portal\/#organization"},"potentialAction":[{"@type":"SearchAction","target":{"@type":"EntryPoint","urlTemplate":"https:\/\/www.eldiario.net\/portal\/?s={search_term_string}"},"query-input":{"@type":"PropertyValueSpecification","valueRequired":true,"valueName":"search_term_string"}}],"inLanguage":"es"},{"@type":"Organization","@id":"https:\/\/www.eldiario.net\/portal\/#organization","name":"El Diario - Decano de la prensa nacional","url":"https:\/\/www.eldiario.net\/portal\/","logo":{"@type":"ImageObject","inLanguage":"es","@id":"https:\/\/www.eldiario.net\/portal\/#\/schema\/logo\/image\/","url":"https:\/\/www.eldiario.net\/portal\/wp-content\/uploads\/2023\/07\/logo_ED.jpg","contentUrl":"https:\/\/www.eldiario.net\/portal\/wp-content\/uploads\/2023\/07\/logo_ED.jpg","width":272,"height":52,"caption":"El Diario - Decano de la prensa nacional"},"image":{"@id":"https:\/\/www.eldiario.net\/portal\/#\/schema\/logo\/image\/"},"sameAs":["https:\/\/www.facebook.com\/eldiario.bolivia\/","https:\/\/x.com\/eldiario_net"]},{"@type":"Person","@id":"https:\/\/www.eldiario.net\/portal\/#\/schema\/person\/f46445640444750d7d753ccd04ae01b7","name":"Jeanette","image":{"@type":"ImageObject","inLanguage":"es","@id":"https:\/\/secure.gravatar.com\/avatar\/3ea2118a5f7dad2b7138b1187a6b7ee55f160b9968b66013c3a3ef39dd7e5798?s=96&d=mm&r=g","url":"https:\/\/secure.gravatar.com\/avatar\/3ea2118a5f7dad2b7138b1187a6b7ee55f160b9968b66013c3a3ef39dd7e5798?s=96&d=mm&r=g","contentUrl":"https:\/\/secure.gravatar.com\/avatar\/3ea2118a5f7dad2b7138b1187a6b7ee55f160b9968b66013c3a3ef39dd7e5798?s=96&d=mm&r=g","caption":"Jeanette"},"sameAs":["https:\/\/www.eldiario.net\/portal"],"url":"https:\/\/www.eldiario.net\/portal\/author\/jeanette\/"}]}},"_links":{"self":[{"href":"https:\/\/www.eldiario.net\/portal\/wp-json\/wp\/v2\/posts\/277649","targetHints":{"allow":["GET"]}}],"collection":[{"href":"https:\/\/www.eldiario.net\/portal\/wp-json\/wp\/v2\/posts"}],"about":[{"href":"https:\/\/www.eldiario.net\/portal\/wp-json\/wp\/v2\/types\/post"}],"author":[{"embeddable":true,"href":"https:\/\/www.eldiario.net\/portal\/wp-json\/wp\/v2\/users\/1"}],"replies":[{"embeddable":true,"href":"https:\/\/www.eldiario.net\/portal\/wp-json\/wp\/v2\/comments?post=277649"}],"version-history":[{"count":1,"href":"https:\/\/www.eldiario.net\/portal\/wp-json\/wp\/v2\/posts\/277649\/revisions"}],"predecessor-version":[{"id":277651,"href":"https:\/\/www.eldiario.net\/portal\/wp-json\/wp\/v2\/posts\/277649\/revisions\/277651"}],"wp:featuredmedia":[{"embeddable":true,"href":"https:\/\/www.eldiario.net\/portal\/wp-json\/wp\/v2\/media\/277650"}],"wp:attachment":[{"href":"https:\/\/www.eldiario.net\/portal\/wp-json\/wp\/v2\/media?parent=277649"}],"wp:term":[{"taxonomy":"category","embeddable":true,"href":"https:\/\/www.eldiario.net\/portal\/wp-json\/wp\/v2\/categories?post=277649"},{"taxonomy":"post_tag","embeddable":true,"href":"https:\/\/www.eldiario.net\/portal\/wp-json\/wp\/v2\/tags?post=277649"}],"curies":[{"name":"wp","href":"https:\/\/api.w.org\/{rel}","templated":true}]}}