{"id":277646,"date":"2025-01-28T05:47:59","date_gmt":"2025-01-28T09:47:59","guid":{"rendered":"https:\/\/www.eldiario.net\/portal\/?p=277646"},"modified":"2025-01-28T05:47:59","modified_gmt":"2025-01-28T09:47:59","slug":"asesinan-en-chonchocoro-a-lider-de-grupo-criminal-nabor-lopez","status":"publish","type":"post","link":"https:\/\/www.eldiario.net\/portal\/2025\/01\/28\/asesinan-en-chonchocoro-a-lider-de-grupo-criminal-nabor-lopez\/","title":{"rendered":"Asesinan en Chonchocoro a l\u00edder de grupo criminal, Nabor L\u00f3pez"},"content":{"rendered":"<p>Un recluso considerado el l\u00edder de una banda criminal de secuestradores y sicarios, Nabor L\u00f3pez, fue asesinado a balazos por su compa\u00f1ero de celda en la c\u00e1rcel de Chonchocoro, quien confes\u00f3 que adquiri\u00f3 el arma homicida de un sargento de Polic\u00eda. Las circunstancias y detalles del hecho son investigados por las autoridades.<\/p>\n<p>El hecho, un posible ajuste de cuentas, ocurri\u00f3 el domingo, aproximadamente a las 17:35, cuando el recluso brasile\u00f1o, Da Silva Tabaras, arma en mano, dispar\u00f3 a L\u00f3pez dej\u00e1ndolo gravemente herido, quien perdi\u00f3 la vida pese a los esfuerzos del equipo m\u00e9dico, seg\u00fan confirm\u00f3 la direcci\u00f3n de R\u00e9gimen Penitenciario en un comunicado.<\/p>\n<p>L\u00f3pez es se\u00f1alado por liderar una banda criminal que lleva su nombre, la cual est\u00e1 relacionada con al menos ocho secuestros, asesinatos, narcotr\u00e1fico y otros delitos en el Tr\u00f3pico de Cochabamba, de acuerdo con un reporte de Unitel. Fue capturado el 14 de mayo de 2023 junto con parte de sus lugartenientes, tras el asesinato de un hombre.<\/p>\n<p>Tras su aprehensi\u00f3n, L\u00f3pez fue enviado al penal de El Abra en el municipio de Sacaba con detenci\u00f3n preventiva; sin embargo, la Polic\u00eda encontr\u00f3 en su posesi\u00f3n un tel\u00e9fono con registros de llamadas que permitieron deducir que continuaba operando, por lo que fue trasladado a Chonchocoro, siendo considerado un recluso de alta peligrosidad.<\/p>\n<p>El director de Seguridad Penitenciaria, Rodolfo Machicado, inform\u00f3 ayer que este asesinato se tratar\u00eda de un ajuste de cuentas y que existir\u00edan al menos dos c\u00f3mplices, adem\u00e1s del polic\u00eda que habr\u00eda vendido el arma en Bs 4.000 al sindicado. De comprobarse la participaci\u00f3n del uniformado, podr\u00eda ser dado de baja y procesado.<\/p>\n<p>Tras el ataque, Tabaras fue inmediatamente reducido por el personal policial del recinto penitenciario y se colect\u00f3 evidencias. El extranjero aleg\u00f3 que decidi\u00f3 matar a su compa\u00f1ero porque \u00e9l mismo hab\u00eda intentado quitar la vida a un familiar suyo, agreg\u00f3 Machicado. Se realizan investigaciones para confirmar a los involucrados y esclarecer qui\u00e9n proporcion\u00f3 el arma de fuego al asesino.<\/p>\n","protected":false},"excerpt":{"rendered":"<p>Un recluso considerado el l\u00edder de una banda criminal de secuestradores y sicarios, Nabor L\u00f3pez, fue asesinado a balazos por su compa\u00f1ero de celda en la c\u00e1rcel de Chonchocoro, quien confes\u00f3 que adquiri\u00f3 el arma homicida de un sargento de Polic\u00eda. Las circunstancias y detalles del hecho son investigados por las autoridades. El hecho, un [&hellip;]<\/p>\n","protected":false},"author":1,"featured_media":277647,"comment_status":"closed","ping_status":"open","sticky":false,"template":"","format":"standard","meta":{"_acf_changed":false,"footnotes":""},"categories":[39],"tags":[],"class_list":["post-277646","post","type-post","status-publish","format-standard","has-post-thumbnail","category-sociedad"],"acf":{"antetitulo":"Polic\u00eda implicado"},"yoast_head":"<!-- This site is optimized with the Yoast SEO plugin v28.4 - https:\/\/yoast.com\/product\/yoast-seo-wordpress\/ -->\n<title>Asesinan en Chonchocoro a l\u00edder de grupo criminal, Nabor L\u00f3pez - El Diario - Bolivia<\/title>\n<meta name=\"robots\" content=\"index, follow, max-snippet:-1, max-image-preview:large, max-video-preview:-1\" \/>\n<link rel=\"canonical\" href=\"https:\/\/www.eldiario.net\/portal\/2025\/01\/28\/asesinan-en-chonchocoro-a-lider-de-grupo-criminal-nabor-lopez\/\" \/>\n<meta property=\"og:locale\" content=\"es_ES\" \/>\n<meta property=\"og:type\" content=\"article\" \/>\n<meta property=\"og:title\" content=\"Asesinan en Chonchocoro a l\u00edder de grupo criminal, Nabor L\u00f3pez - El Diario - Bolivia\" \/>\n<meta property=\"og:description\" content=\"Un recluso considerado el l\u00edder de una banda criminal de secuestradores y sicarios, Nabor L\u00f3pez, fue asesinado a balazos por su compa\u00f1ero de celda en la c\u00e1rcel de Chonchocoro, quien confes\u00f3 que adquiri\u00f3 el arma homicida de un sargento de Polic\u00eda. Las circunstancias y detalles del hecho son investigados por las autoridades. El hecho, un [&hellip;]\" \/>\n<meta property=\"og:url\" content=\"https:\/\/www.eldiario.net\/portal\/2025\/01\/28\/asesinan-en-chonchocoro-a-lider-de-grupo-criminal-nabor-lopez\/\" \/>\n<meta property=\"og:site_name\" content=\"El Diario - Bolivia\" \/>\n<meta property=\"article:publisher\" content=\"https:\/\/www.facebook.com\/eldiario.bolivia\/\" \/>\n<meta property=\"article:published_time\" content=\"2025-01-28T09:47:59+00:00\" \/>\n<meta property=\"og:image\" content=\"https:\/\/www.eldiario.net\/portal\/wp-content\/uploads\/2025\/01\/NABOR-FOTO.jpg\" \/>\n\t<meta property=\"og:image:width\" content=\"919\" \/>\n\t<meta property=\"og:image:height\" content=\"563\" \/>\n\t<meta property=\"og:image:type\" content=\"image\/jpeg\" \/>\n<meta name=\"author\" content=\"Jeanette\" \/>\n<meta name=\"twitter:card\" content=\"summary_large_image\" \/>\n<meta name=\"twitter:creator\" content=\"@eldiario_net\" \/>\n<meta name=\"twitter:site\" content=\"@eldiario_net\" \/>\n<meta name=\"twitter:label1\" content=\"Escrito por\" \/>\n\t<meta name=\"twitter:data1\" content=\"Jeanette\" \/>\n\t<meta name=\"twitter:label2\" content=\"Tiempo de lectura\" \/>\n\t<meta name=\"twitter:data2\" content=\"2 minutos\" \/>\n<script type=\"application\/ld+json\" class=\"yoast-schema-graph\">{\"@context\":\"https:\\\/\\\/schema.org\",\"@graph\":[{\"@type\":\"Article\",\"@id\":\"https:\\\/\\\/www.eldiario.net\\\/portal\\\/2025\\\/01\\\/28\\\/asesinan-en-chonchocoro-a-lider-de-grupo-criminal-nabor-lopez\\\/#article\",\"isPartOf\":{\"@id\":\"https:\\\/\\\/www.eldiario.net\\\/portal\\\/2025\\\/01\\\/28\\\/asesinan-en-chonchocoro-a-lider-de-grupo-criminal-nabor-lopez\\\/\"},\"author\":{\"name\":\"Jeanette\",\"@id\":\"https:\\\/\\\/www.eldiario.net\\\/portal\\\/#\\\/schema\\\/person\\\/f46445640444750d7d753ccd04ae01b7\"},\"headline\":\"Asesinan en Chonchocoro a l\u00edder de grupo criminal, Nabor L\u00f3pez\",\"datePublished\":\"2025-01-28T09:47:59+00:00\",\"mainEntityOfPage\":{\"@id\":\"https:\\\/\\\/www.eldiario.net\\\/portal\\\/2025\\\/01\\\/28\\\/asesinan-en-chonchocoro-a-lider-de-grupo-criminal-nabor-lopez\\\/\"},\"wordCount\":366,\"publisher\":{\"@id\":\"https:\\\/\\\/www.eldiario.net\\\/portal\\\/#organization\"},\"image\":{\"@id\":\"https:\\\/\\\/www.eldiario.net\\\/portal\\\/2025\\\/01\\\/28\\\/asesinan-en-chonchocoro-a-lider-de-grupo-criminal-nabor-lopez\\\/#primaryimage\"},\"thumbnailUrl\":\"https:\\\/\\\/www.eldiario.net\\\/portal\\\/wp-content\\\/uploads\\\/2025\\\/01\\\/NABOR-FOTO.jpg\",\"articleSection\":[\"Sociedad - Seguridad\"],\"inLanguage\":\"es\"},{\"@type\":\"WebPage\",\"@id\":\"https:\\\/\\\/www.eldiario.net\\\/portal\\\/2025\\\/01\\\/28\\\/asesinan-en-chonchocoro-a-lider-de-grupo-criminal-nabor-lopez\\\/\",\"url\":\"https:\\\/\\\/www.eldiario.net\\\/portal\\\/2025\\\/01\\\/28\\\/asesinan-en-chonchocoro-a-lider-de-grupo-criminal-nabor-lopez\\\/\",\"name\":\"Asesinan en Chonchocoro a l\u00edder de grupo criminal, Nabor L\u00f3pez - El Diario - Bolivia\",\"isPartOf\":{\"@id\":\"https:\\\/\\\/www.eldiario.net\\\/portal\\\/#website\"},\"primaryImageOfPage\":{\"@id\":\"https:\\\/\\\/www.eldiario.net\\\/portal\\\/2025\\\/01\\\/28\\\/asesinan-en-chonchocoro-a-lider-de-grupo-criminal-nabor-lopez\\\/#primaryimage\"},\"image\":{\"@id\":\"https:\\\/\\\/www.eldiario.net\\\/portal\\\/2025\\\/01\\\/28\\\/asesinan-en-chonchocoro-a-lider-de-grupo-criminal-nabor-lopez\\\/#primaryimage\"},\"thumbnailUrl\":\"https:\\\/\\\/www.eldiario.net\\\/portal\\\/wp-content\\\/uploads\\\/2025\\\/01\\\/NABOR-FOTO.jpg\",\"datePublished\":\"2025-01-28T09:47:59+00:00\",\"breadcrumb\":{\"@id\":\"https:\\\/\\\/www.eldiario.net\\\/portal\\\/2025\\\/01\\\/28\\\/asesinan-en-chonchocoro-a-lider-de-grupo-criminal-nabor-lopez\\\/#breadcrumb\"},\"inLanguage\":\"es\",\"potentialAction\":[{\"@type\":\"ReadAction\",\"target\":[\"https:\\\/\\\/www.eldiario.net\\\/portal\\\/2025\\\/01\\\/28\\\/asesinan-en-chonchocoro-a-lider-de-grupo-criminal-nabor-lopez\\\/\"]}]},{\"@type\":\"ImageObject\",\"inLanguage\":\"es\",\"@id\":\"https:\\\/\\\/www.eldiario.net\\\/portal\\\/2025\\\/01\\\/28\\\/asesinan-en-chonchocoro-a-lider-de-grupo-criminal-nabor-lopez\\\/#primaryimage\",\"url\":\"https:\\\/\\\/www.eldiario.net\\\/portal\\\/wp-content\\\/uploads\\\/2025\\\/01\\\/NABOR-FOTO.jpg\",\"contentUrl\":\"https:\\\/\\\/www.eldiario.net\\\/portal\\\/wp-content\\\/uploads\\\/2025\\\/01\\\/NABOR-FOTO.jpg\",\"width\":919,\"height\":563,\"caption\":\"Frontis del penal de Chonchocoro, en La Paz. Cr\u00e9ditos: DPB\"},{\"@type\":\"BreadcrumbList\",\"@id\":\"https:\\\/\\\/www.eldiario.net\\\/portal\\\/2025\\\/01\\\/28\\\/asesinan-en-chonchocoro-a-lider-de-grupo-criminal-nabor-lopez\\\/#breadcrumb\",\"itemListElement\":[{\"@type\":\"ListItem\",\"position\":1,\"name\":\"Portada\",\"item\":\"https:\\\/\\\/www.eldiario.net\\\/portal\\\/\"},{\"@type\":\"ListItem\",\"position\":2,\"name\":\"Asesinan en Chonchocoro a l\u00edder de grupo criminal, Nabor L\u00f3pez\"}]},{\"@type\":\"WebSite\",\"@id\":\"https:\\\/\\\/www.eldiario.net\\\/portal\\\/#website\",\"url\":\"https:\\\/\\\/www.eldiario.net\\\/portal\\\/\",\"name\":\"El Diario - Decano de la prensa nacional\",\"description\":\"El Diario - Decano de la prensa nacional\",\"publisher\":{\"@id\":\"https:\\\/\\\/www.eldiario.net\\\/portal\\\/#organization\"},\"potentialAction\":[{\"@type\":\"SearchAction\",\"target\":{\"@type\":\"EntryPoint\",\"urlTemplate\":\"https:\\\/\\\/www.eldiario.net\\\/portal\\\/?s={search_term_string}\"},\"query-input\":{\"@type\":\"PropertyValueSpecification\",\"valueRequired\":true,\"valueName\":\"search_term_string\"}}],\"inLanguage\":\"es\"},{\"@type\":\"Organization\",\"@id\":\"https:\\\/\\\/www.eldiario.net\\\/portal\\\/#organization\",\"name\":\"El Diario - Decano de la prensa nacional\",\"url\":\"https:\\\/\\\/www.eldiario.net\\\/portal\\\/\",\"logo\":{\"@type\":\"ImageObject\",\"inLanguage\":\"es\",\"@id\":\"https:\\\/\\\/www.eldiario.net\\\/portal\\\/#\\\/schema\\\/logo\\\/image\\\/\",\"url\":\"https:\\\/\\\/www.eldiario.net\\\/portal\\\/wp-content\\\/uploads\\\/2023\\\/07\\\/logo_ED.jpg\",\"contentUrl\":\"https:\\\/\\\/www.eldiario.net\\\/portal\\\/wp-content\\\/uploads\\\/2023\\\/07\\\/logo_ED.jpg\",\"width\":272,\"height\":52,\"caption\":\"El Diario - Decano de la prensa nacional\"},\"image\":{\"@id\":\"https:\\\/\\\/www.eldiario.net\\\/portal\\\/#\\\/schema\\\/logo\\\/image\\\/\"},\"sameAs\":[\"https:\\\/\\\/www.facebook.com\\\/eldiario.bolivia\\\/\",\"https:\\\/\\\/x.com\\\/eldiario_net\"]},{\"@type\":\"Person\",\"@id\":\"https:\\\/\\\/www.eldiario.net\\\/portal\\\/#\\\/schema\\\/person\\\/f46445640444750d7d753ccd04ae01b7\",\"name\":\"Jeanette\",\"image\":{\"@type\":\"ImageObject\",\"inLanguage\":\"es\",\"@id\":\"https:\\\/\\\/secure.gravatar.com\\\/avatar\\\/3ea2118a5f7dad2b7138b1187a6b7ee55f160b9968b66013c3a3ef39dd7e5798?s=96&d=mm&r=g\",\"url\":\"https:\\\/\\\/secure.gravatar.com\\\/avatar\\\/3ea2118a5f7dad2b7138b1187a6b7ee55f160b9968b66013c3a3ef39dd7e5798?s=96&d=mm&r=g\",\"contentUrl\":\"https:\\\/\\\/secure.gravatar.com\\\/avatar\\\/3ea2118a5f7dad2b7138b1187a6b7ee55f160b9968b66013c3a3ef39dd7e5798?s=96&d=mm&r=g\",\"caption\":\"Jeanette\"},\"sameAs\":[\"https:\\\/\\\/www.eldiario.net\\\/portal\"],\"url\":\"https:\\\/\\\/www.eldiario.net\\\/portal\\\/author\\\/jeanette\\\/\"}]}<\/script>\n<!-- \/ Yoast SEO plugin. -->","yoast_head_json":{"title":"Asesinan en Chonchocoro a l\u00edder de grupo criminal, Nabor L\u00f3pez - El Diario - Bolivia","robots":{"index":"index","follow":"follow","max-snippet":"max-snippet:-1","max-image-preview":"max-image-preview:large","max-video-preview":"max-video-preview:-1"},"canonical":"https:\/\/www.eldiario.net\/portal\/2025\/01\/28\/asesinan-en-chonchocoro-a-lider-de-grupo-criminal-nabor-lopez\/","og_locale":"es_ES","og_type":"article","og_title":"Asesinan en Chonchocoro a l\u00edder de grupo criminal, Nabor L\u00f3pez - El Diario - Bolivia","og_description":"Un recluso considerado el l\u00edder de una banda criminal de secuestradores y sicarios, Nabor L\u00f3pez, fue asesinado a balazos por su compa\u00f1ero de celda en la c\u00e1rcel de Chonchocoro, quien confes\u00f3 que adquiri\u00f3 el arma homicida de un sargento de Polic\u00eda. Las circunstancias y detalles del hecho son investigados por las autoridades. El hecho, un [&hellip;]","og_url":"https:\/\/www.eldiario.net\/portal\/2025\/01\/28\/asesinan-en-chonchocoro-a-lider-de-grupo-criminal-nabor-lopez\/","og_site_name":"El Diario - Bolivia","article_publisher":"https:\/\/www.facebook.com\/eldiario.bolivia\/","article_published_time":"2025-01-28T09:47:59+00:00","og_image":[{"width":919,"height":563,"url":"https:\/\/www.eldiario.net\/portal\/wp-content\/uploads\/2025\/01\/NABOR-FOTO.jpg","type":"image\/jpeg"}],"author":"Jeanette","twitter_card":"summary_large_image","twitter_creator":"@eldiario_net","twitter_site":"@eldiario_net","twitter_misc":{"Escrito por":"Jeanette","Tiempo de lectura":"2 minutos"},"schema":{"@context":"https:\/\/schema.org","@graph":[{"@type":"Article","@id":"https:\/\/www.eldiario.net\/portal\/2025\/01\/28\/asesinan-en-chonchocoro-a-lider-de-grupo-criminal-nabor-lopez\/#article","isPartOf":{"@id":"https:\/\/www.eldiario.net\/portal\/2025\/01\/28\/asesinan-en-chonchocoro-a-lider-de-grupo-criminal-nabor-lopez\/"},"author":{"name":"Jeanette","@id":"https:\/\/www.eldiario.net\/portal\/#\/schema\/person\/f46445640444750d7d753ccd04ae01b7"},"headline":"Asesinan en Chonchocoro a l\u00edder de grupo criminal, Nabor L\u00f3pez","datePublished":"2025-01-28T09:47:59+00:00","mainEntityOfPage":{"@id":"https:\/\/www.eldiario.net\/portal\/2025\/01\/28\/asesinan-en-chonchocoro-a-lider-de-grupo-criminal-nabor-lopez\/"},"wordCount":366,"publisher":{"@id":"https:\/\/www.eldiario.net\/portal\/#organization"},"image":{"@id":"https:\/\/www.eldiario.net\/portal\/2025\/01\/28\/asesinan-en-chonchocoro-a-lider-de-grupo-criminal-nabor-lopez\/#primaryimage"},"thumbnailUrl":"https:\/\/www.eldiario.net\/portal\/wp-content\/uploads\/2025\/01\/NABOR-FOTO.jpg","articleSection":["Sociedad - Seguridad"],"inLanguage":"es"},{"@type":"WebPage","@id":"https:\/\/www.eldiario.net\/portal\/2025\/01\/28\/asesinan-en-chonchocoro-a-lider-de-grupo-criminal-nabor-lopez\/","url":"https:\/\/www.eldiario.net\/portal\/2025\/01\/28\/asesinan-en-chonchocoro-a-lider-de-grupo-criminal-nabor-lopez\/","name":"Asesinan en Chonchocoro a l\u00edder de grupo criminal, Nabor L\u00f3pez - El Diario - Bolivia","isPartOf":{"@id":"https:\/\/www.eldiario.net\/portal\/#website"},"primaryImageOfPage":{"@id":"https:\/\/www.eldiario.net\/portal\/2025\/01\/28\/asesinan-en-chonchocoro-a-lider-de-grupo-criminal-nabor-lopez\/#primaryimage"},"image":{"@id":"https:\/\/www.eldiario.net\/portal\/2025\/01\/28\/asesinan-en-chonchocoro-a-lider-de-grupo-criminal-nabor-lopez\/#primaryimage"},"thumbnailUrl":"https:\/\/www.eldiario.net\/portal\/wp-content\/uploads\/2025\/01\/NABOR-FOTO.jpg","datePublished":"2025-01-28T09:47:59+00:00","breadcrumb":{"@id":"https:\/\/www.eldiario.net\/portal\/2025\/01\/28\/asesinan-en-chonchocoro-a-lider-de-grupo-criminal-nabor-lopez\/#breadcrumb"},"inLanguage":"es","potentialAction":[{"@type":"ReadAction","target":["https:\/\/www.eldiario.net\/portal\/2025\/01\/28\/asesinan-en-chonchocoro-a-lider-de-grupo-criminal-nabor-lopez\/"]}]},{"@type":"ImageObject","inLanguage":"es","@id":"https:\/\/www.eldiario.net\/portal\/2025\/01\/28\/asesinan-en-chonchocoro-a-lider-de-grupo-criminal-nabor-lopez\/#primaryimage","url":"https:\/\/www.eldiario.net\/portal\/wp-content\/uploads\/2025\/01\/NABOR-FOTO.jpg","contentUrl":"https:\/\/www.eldiario.net\/portal\/wp-content\/uploads\/2025\/01\/NABOR-FOTO.jpg","width":919,"height":563,"caption":"Frontis del penal de Chonchocoro, en La Paz. Cr\u00e9ditos: DPB"},{"@type":"BreadcrumbList","@id":"https:\/\/www.eldiario.net\/portal\/2025\/01\/28\/asesinan-en-chonchocoro-a-lider-de-grupo-criminal-nabor-lopez\/#breadcrumb","itemListElement":[{"@type":"ListItem","position":1,"name":"Portada","item":"https:\/\/www.eldiario.net\/portal\/"},{"@type":"ListItem","position":2,"name":"Asesinan en Chonchocoro a l\u00edder de grupo criminal, Nabor L\u00f3pez"}]},{"@type":"WebSite","@id":"https:\/\/www.eldiario.net\/portal\/#website","url":"https:\/\/www.eldiario.net\/portal\/","name":"El Diario - Decano de la prensa nacional","description":"El Diario - Decano de la prensa nacional","publisher":{"@id":"https:\/\/www.eldiario.net\/portal\/#organization"},"potentialAction":[{"@type":"SearchAction","target":{"@type":"EntryPoint","urlTemplate":"https:\/\/www.eldiario.net\/portal\/?s={search_term_string}"},"query-input":{"@type":"PropertyValueSpecification","valueRequired":true,"valueName":"search_term_string"}}],"inLanguage":"es"},{"@type":"Organization","@id":"https:\/\/www.eldiario.net\/portal\/#organization","name":"El Diario - Decano de la prensa nacional","url":"https:\/\/www.eldiario.net\/portal\/","logo":{"@type":"ImageObject","inLanguage":"es","@id":"https:\/\/www.eldiario.net\/portal\/#\/schema\/logo\/image\/","url":"https:\/\/www.eldiario.net\/portal\/wp-content\/uploads\/2023\/07\/logo_ED.jpg","contentUrl":"https:\/\/www.eldiario.net\/portal\/wp-content\/uploads\/2023\/07\/logo_ED.jpg","width":272,"height":52,"caption":"El Diario - Decano de la prensa nacional"},"image":{"@id":"https:\/\/www.eldiario.net\/portal\/#\/schema\/logo\/image\/"},"sameAs":["https:\/\/www.facebook.com\/eldiario.bolivia\/","https:\/\/x.com\/eldiario_net"]},{"@type":"Person","@id":"https:\/\/www.eldiario.net\/portal\/#\/schema\/person\/f46445640444750d7d753ccd04ae01b7","name":"Jeanette","image":{"@type":"ImageObject","inLanguage":"es","@id":"https:\/\/secure.gravatar.com\/avatar\/3ea2118a5f7dad2b7138b1187a6b7ee55f160b9968b66013c3a3ef39dd7e5798?s=96&d=mm&r=g","url":"https:\/\/secure.gravatar.com\/avatar\/3ea2118a5f7dad2b7138b1187a6b7ee55f160b9968b66013c3a3ef39dd7e5798?s=96&d=mm&r=g","contentUrl":"https:\/\/secure.gravatar.com\/avatar\/3ea2118a5f7dad2b7138b1187a6b7ee55f160b9968b66013c3a3ef39dd7e5798?s=96&d=mm&r=g","caption":"Jeanette"},"sameAs":["https:\/\/www.eldiario.net\/portal"],"url":"https:\/\/www.eldiario.net\/portal\/author\/jeanette\/"}]}},"_links":{"self":[{"href":"https:\/\/www.eldiario.net\/portal\/wp-json\/wp\/v2\/posts\/277646","targetHints":{"allow":["GET"]}}],"collection":[{"href":"https:\/\/www.eldiario.net\/portal\/wp-json\/wp\/v2\/posts"}],"about":[{"href":"https:\/\/www.eldiario.net\/portal\/wp-json\/wp\/v2\/types\/post"}],"author":[{"embeddable":true,"href":"https:\/\/www.eldiario.net\/portal\/wp-json\/wp\/v2\/users\/1"}],"replies":[{"embeddable":true,"href":"https:\/\/www.eldiario.net\/portal\/wp-json\/wp\/v2\/comments?post=277646"}],"version-history":[{"count":1,"href":"https:\/\/www.eldiario.net\/portal\/wp-json\/wp\/v2\/posts\/277646\/revisions"}],"predecessor-version":[{"id":277648,"href":"https:\/\/www.eldiario.net\/portal\/wp-json\/wp\/v2\/posts\/277646\/revisions\/277648"}],"wp:featuredmedia":[{"embeddable":true,"href":"https:\/\/www.eldiario.net\/portal\/wp-json\/wp\/v2\/media\/277647"}],"wp:attachment":[{"href":"https:\/\/www.eldiario.net\/portal\/wp-json\/wp\/v2\/media?parent=277646"}],"wp:term":[{"taxonomy":"category","embeddable":true,"href":"https:\/\/www.eldiario.net\/portal\/wp-json\/wp\/v2\/categories?post=277646"},{"taxonomy":"post_tag","embeddable":true,"href":"https:\/\/www.eldiario.net\/portal\/wp-json\/wp\/v2\/tags?post=277646"}],"curies":[{"name":"wp","href":"https:\/\/api.w.org\/{rel}","templated":true}]}}