{"id":277640,"date":"2025-01-28T05:46:32","date_gmt":"2025-01-28T09:46:32","guid":{"rendered":"https:\/\/www.eldiario.net\/portal\/?p=277640"},"modified":"2025-01-28T05:46:32","modified_gmt":"2025-01-28T09:46:32","slug":"manuel-monroy-admite-relacion-con-menor-e-involucra-a-mas-plantel-del-conservatorio","status":"publish","type":"post","link":"https:\/\/www.eldiario.net\/portal\/2025\/01\/28\/manuel-monroy-admite-relacion-con-menor-e-involucra-a-mas-plantel-del-conservatorio\/","title":{"rendered":"Manuel Monroy admite relaci\u00f3n con menor e involucra a m\u00e1s plantel del Conservatorio"},"content":{"rendered":"<p>D\u00edas despu\u00e9s de que una mujer acus\u00f3 de estupro al m\u00fasico y gestor cultural, Manuel \u201cPapirri\u201d Monroy Chazarreta, el artista confirm\u00f3 que mantuvo una relaci\u00f3n sentimental durante cinco meses en 1997, cuando ten\u00eda 36 a\u00f1os y su alumna, apenas 16; sin embargo, asegur\u00f3 que no conoc\u00eda su edad y mencion\u00f3 que ella sali\u00f3 con al menos otros dos docentes del Conservatorio Nacional de M\u00fasica.<\/p>\n<p>En una publicaci\u00f3n en Facebook, el m\u00fasico respondi\u00f3 a las acusaciones de Cristina Wayar, una exestudiante suya de Armon\u00eda en el Conservatorio que afirm\u00f3 haber mantenido una relaci\u00f3n sentimental con \u00e9l en 1997, cuando era a\u00fan una menor de edad. La supuesta v\u00edctima denunci\u00f3 el hecho en la misma red social el pasado viernes 24 de enero. En sus l\u00edneas, asever\u00f3 que el supuesto estuprador la acos\u00f3 nuevamente en 2005, cuando ella ya estaba casada y despu\u00e9s de tener un hijo.<\/p>\n<p>Si bien Monroy no neg\u00f3 haber sido su pareja, aclar\u00f3 que no conoc\u00eda su edad y que la relaci\u00f3n termin\u00f3 \u201cpor mutuo acuerdo\u201d cinco meses despu\u00e9s, a pedido del padre de Wayar, quien entonces le inform\u00f3 que su hija ten\u00eda 16 a\u00f1os. El artista se\u00f1al\u00f3 quedar \u201cpetrificado\u201d tras esta revelaci\u00f3n, causando una oleada de cr\u00edticas en su contra tras la publicaci\u00f3n de su versi\u00f3n.<\/p>\n<p>&nbsp;<\/p>\n<p>OTROS DOCENTES<\/p>\n<p>Asimismo, \u201cPapirri\u201d afirm\u00f3 que la mujer mantuvo relaciones sentimentales con al menos otros cuatro docentes mayores de edad: un profesor de fagot (instrumento de viento) del Conservatorio (antes de su relaci\u00f3n); un percusionista externo con quien sali\u00f3 despu\u00e9s, de la misma edad que \u00e9l; un profesor de flauta, amigo suyo cuatro a\u00f1os mayor, con quien Yawar empez\u00f3 a salir dos meses despu\u00e9s de la ruptura; y un profesor de jazz, con quien la vio en el Teatro Municipal en 1998, \u201ccaballero diez a\u00f1os mayor\u201d que Monroy.<\/p>\n<p>Seg\u00fan el m\u00fasico, la vio por \u00faltima vez en 2005, cuando ella se le acerc\u00f3 nuevamente con intenciones de generar una \u201crepresalia\u201d y calumniarlo por lo ocurrido ocho a\u00f1os antes, cuando \u00e9l termin\u00f3 la relaci\u00f3n en la Plaza Avaroa, luego de hablar con su padre, pese a que ella \u201cinsist\u00eda en continuar\u201d. Una denuncia fue presentada ante la academia musical, lo que provoc\u00f3 la renuncia de Monroy para \u201cevitar mayores problemas\u201d, seg\u00fan escribi\u00f3 el acusado.<\/p>\n<p>\u201cNunca m\u00e1s supe de ella, hasta que sac\u00f3 ese post en Facebook el viernes 24 de enero de 2025, con tanto odio y faltando a la verdad. \u00bfPor qu\u00e9 tanta obsesi\u00f3n conmigo? \u00bfPorque no habla de sus parejas de la \u00e9poca, todos hombres mayores y profesores del Conservatorio?\u201d, public\u00f3 Monroy ayer, luego de que EL DIARIO se contactara con el gestor cultural para conocer su versi\u00f3n.<\/p>\n<p>Monroy asever\u00f3 haber declarado la verdad en su publicaci\u00f3n y anunci\u00f3 adem\u00e1s que tomar\u00eda las acciones legales correspondientes por haber sido perjudicado en su labor art\u00edstica, en su trabajo como gestor cultural y como persona, denunciando que sufri\u00f3 una \u201cpersecuci\u00f3n ilegal\u201d en redes sociales. Hasta la noche de este lunes, la publicaci\u00f3n alcanz\u00f3 m\u00e1s de 1.300 reacciones y fue compartida 400 veces.<\/p>\n<p>&nbsp;<\/p>\n<p>PIDEN SU DESTITUCI\u00d3N<\/p>\n<p>Tras esta denuncia, la diputada de oposici\u00f3n, Gabriela Ferrel, pidi\u00f3 la \u201cdestituci\u00f3n inmediata\u201d del cantautor de la Fundaci\u00f3n Cultural del Banco Central de Bolivia (Fcbcb), por haber incumplido el c\u00f3digo \u00e9tico de la instituci\u00f3n, la cual, seg\u00fan cit\u00f3, establece que los funcionarios deben \u201cser ejemplo de honestidad, transparencia, e integridad\u201d.<\/p>\n<p>\u201cCreemos que esto ya es una marca personal del Movimiento al Socialismo (MAS) vulnerar los derechos de los menores de edad, no tienen ning\u00fan pudor en involucrarse con menores a sabiendas de que esto es delito, hemos tenido casos de diputados y otras autoridades que incurrieron en el mismo delito\u201d, se\u00f1al\u00f3 Ferrel a ANF.<\/p>\n<p>Ferrel lament\u00f3 que Monroy en ning\u00fan momento haya negado las acusaciones y que se haya excusado en que no sab\u00eda la edad de su expareja, demostrando c\u00f3mo este tipo de delitos se han \u201cnaturalizado\u201d en la sociedad boliviana. \u201cSe\u00f1ala que no sab\u00eda, (pero es) imposible que no se haya dado cuenta de que era una menor de edad\u201d, agreg\u00f3.<\/p>\n","protected":false},"excerpt":{"rendered":"<p>D\u00edas despu\u00e9s de que una mujer acus\u00f3 de estupro al m\u00fasico y gestor cultural, Manuel \u201cPapirri\u201d Monroy Chazarreta, el artista confirm\u00f3 que mantuvo una relaci\u00f3n sentimental durante cinco meses en 1997, cuando ten\u00eda 36 a\u00f1os y su alumna, apenas 16; sin embargo, asegur\u00f3 que no conoc\u00eda su edad y mencion\u00f3 que ella sali\u00f3 con al [&hellip;]<\/p>\n","protected":false},"author":1,"featured_media":277641,"comment_status":"closed","ping_status":"open","sticky":false,"template":"","format":"standard","meta":{"_acf_changed":false,"footnotes":""},"categories":[39],"tags":[],"class_list":["post-277640","post","type-post","status-publish","format-standard","has-post-thumbnail","category-sociedad"],"acf":{"antetitulo":"Piden su destituci\u00f3n"},"yoast_head":"<!-- This site is optimized with the Yoast SEO plugin v28.4 - https:\/\/yoast.com\/product\/yoast-seo-wordpress\/ -->\n<title>Manuel Monroy admite relaci\u00f3n con menor e involucra a m\u00e1s plantel del Conservatorio - El Diario - Bolivia<\/title>\n<meta name=\"robots\" content=\"index, follow, max-snippet:-1, max-image-preview:large, max-video-preview:-1\" \/>\n<link rel=\"canonical\" href=\"https:\/\/www.eldiario.net\/portal\/2025\/01\/28\/manuel-monroy-admite-relacion-con-menor-e-involucra-a-mas-plantel-del-conservatorio\/\" \/>\n<meta property=\"og:locale\" content=\"es_ES\" \/>\n<meta property=\"og:type\" content=\"article\" \/>\n<meta property=\"og:title\" content=\"Manuel Monroy admite relaci\u00f3n con menor e involucra a m\u00e1s plantel del Conservatorio - El Diario - Bolivia\" \/>\n<meta property=\"og:description\" content=\"D\u00edas despu\u00e9s de que una mujer acus\u00f3 de estupro al m\u00fasico y gestor cultural, Manuel \u201cPapirri\u201d Monroy Chazarreta, el artista confirm\u00f3 que mantuvo una relaci\u00f3n sentimental durante cinco meses en 1997, cuando ten\u00eda 36 a\u00f1os y su alumna, apenas 16; sin embargo, asegur\u00f3 que no conoc\u00eda su edad y mencion\u00f3 que ella sali\u00f3 con al [&hellip;]\" \/>\n<meta property=\"og:url\" content=\"https:\/\/www.eldiario.net\/portal\/2025\/01\/28\/manuel-monroy-admite-relacion-con-menor-e-involucra-a-mas-plantel-del-conservatorio\/\" \/>\n<meta property=\"og:site_name\" content=\"El Diario - Bolivia\" \/>\n<meta property=\"article:publisher\" content=\"https:\/\/www.facebook.com\/eldiario.bolivia\/\" \/>\n<meta property=\"article:published_time\" content=\"2025-01-28T09:46:32+00:00\" \/>\n<meta property=\"og:image\" content=\"https:\/\/www.eldiario.net\/portal\/wp-content\/uploads\/2025\/01\/PAP-FOTO.jpg\" \/>\n\t<meta property=\"og:image:width\" content=\"960\" \/>\n\t<meta property=\"og:image:height\" content=\"640\" \/>\n\t<meta property=\"og:image:type\" content=\"image\/jpeg\" \/>\n<meta name=\"author\" content=\"Jeanette\" \/>\n<meta name=\"twitter:card\" content=\"summary_large_image\" \/>\n<meta name=\"twitter:creator\" content=\"@eldiario_net\" \/>\n<meta name=\"twitter:site\" content=\"@eldiario_net\" \/>\n<meta name=\"twitter:label1\" content=\"Escrito por\" \/>\n\t<meta name=\"twitter:data1\" content=\"Jeanette\" \/>\n\t<meta name=\"twitter:label2\" content=\"Tiempo de lectura\" \/>\n\t<meta name=\"twitter:data2\" content=\"4 minutos\" \/>\n<script type=\"application\/ld+json\" class=\"yoast-schema-graph\">{\"@context\":\"https:\\\/\\\/schema.org\",\"@graph\":[{\"@type\":\"Article\",\"@id\":\"https:\\\/\\\/www.eldiario.net\\\/portal\\\/2025\\\/01\\\/28\\\/manuel-monroy-admite-relacion-con-menor-e-involucra-a-mas-plantel-del-conservatorio\\\/#article\",\"isPartOf\":{\"@id\":\"https:\\\/\\\/www.eldiario.net\\\/portal\\\/2025\\\/01\\\/28\\\/manuel-monroy-admite-relacion-con-menor-e-involucra-a-mas-plantel-del-conservatorio\\\/\"},\"author\":{\"name\":\"Jeanette\",\"@id\":\"https:\\\/\\\/www.eldiario.net\\\/portal\\\/#\\\/schema\\\/person\\\/f46445640444750d7d753ccd04ae01b7\"},\"headline\":\"Manuel Monroy admite relaci\u00f3n con menor e involucra a m\u00e1s plantel del Conservatorio\",\"datePublished\":\"2025-01-28T09:46:32+00:00\",\"mainEntityOfPage\":{\"@id\":\"https:\\\/\\\/www.eldiario.net\\\/portal\\\/2025\\\/01\\\/28\\\/manuel-monroy-admite-relacion-con-menor-e-involucra-a-mas-plantel-del-conservatorio\\\/\"},\"wordCount\":731,\"publisher\":{\"@id\":\"https:\\\/\\\/www.eldiario.net\\\/portal\\\/#organization\"},\"image\":{\"@id\":\"https:\\\/\\\/www.eldiario.net\\\/portal\\\/2025\\\/01\\\/28\\\/manuel-monroy-admite-relacion-con-menor-e-involucra-a-mas-plantel-del-conservatorio\\\/#primaryimage\"},\"thumbnailUrl\":\"https:\\\/\\\/www.eldiario.net\\\/portal\\\/wp-content\\\/uploads\\\/2025\\\/01\\\/PAP-FOTO.jpg\",\"articleSection\":[\"Sociedad - Seguridad\"],\"inLanguage\":\"es\"},{\"@type\":\"WebPage\",\"@id\":\"https:\\\/\\\/www.eldiario.net\\\/portal\\\/2025\\\/01\\\/28\\\/manuel-monroy-admite-relacion-con-menor-e-involucra-a-mas-plantel-del-conservatorio\\\/\",\"url\":\"https:\\\/\\\/www.eldiario.net\\\/portal\\\/2025\\\/01\\\/28\\\/manuel-monroy-admite-relacion-con-menor-e-involucra-a-mas-plantel-del-conservatorio\\\/\",\"name\":\"Manuel Monroy admite relaci\u00f3n con menor e involucra a m\u00e1s plantel del Conservatorio - El Diario - Bolivia\",\"isPartOf\":{\"@id\":\"https:\\\/\\\/www.eldiario.net\\\/portal\\\/#website\"},\"primaryImageOfPage\":{\"@id\":\"https:\\\/\\\/www.eldiario.net\\\/portal\\\/2025\\\/01\\\/28\\\/manuel-monroy-admite-relacion-con-menor-e-involucra-a-mas-plantel-del-conservatorio\\\/#primaryimage\"},\"image\":{\"@id\":\"https:\\\/\\\/www.eldiario.net\\\/portal\\\/2025\\\/01\\\/28\\\/manuel-monroy-admite-relacion-con-menor-e-involucra-a-mas-plantel-del-conservatorio\\\/#primaryimage\"},\"thumbnailUrl\":\"https:\\\/\\\/www.eldiario.net\\\/portal\\\/wp-content\\\/uploads\\\/2025\\\/01\\\/PAP-FOTO.jpg\",\"datePublished\":\"2025-01-28T09:46:32+00:00\",\"breadcrumb\":{\"@id\":\"https:\\\/\\\/www.eldiario.net\\\/portal\\\/2025\\\/01\\\/28\\\/manuel-monroy-admite-relacion-con-menor-e-involucra-a-mas-plantel-del-conservatorio\\\/#breadcrumb\"},\"inLanguage\":\"es\",\"potentialAction\":[{\"@type\":\"ReadAction\",\"target\":[\"https:\\\/\\\/www.eldiario.net\\\/portal\\\/2025\\\/01\\\/28\\\/manuel-monroy-admite-relacion-con-menor-e-involucra-a-mas-plantel-del-conservatorio\\\/\"]}]},{\"@type\":\"ImageObject\",\"inLanguage\":\"es\",\"@id\":\"https:\\\/\\\/www.eldiario.net\\\/portal\\\/2025\\\/01\\\/28\\\/manuel-monroy-admite-relacion-con-menor-e-involucra-a-mas-plantel-del-conservatorio\\\/#primaryimage\",\"url\":\"https:\\\/\\\/www.eldiario.net\\\/portal\\\/wp-content\\\/uploads\\\/2025\\\/01\\\/PAP-FOTO.jpg\",\"contentUrl\":\"https:\\\/\\\/www.eldiario.net\\\/portal\\\/wp-content\\\/uploads\\\/2025\\\/01\\\/PAP-FOTO.jpg\",\"width\":960,\"height\":640,\"caption\":\"Monroy funge como asesor de la Fundaci\u00f3n Cultural del Banco Central de Bolivia. Cr\u00e9ditos: RRSS\"},{\"@type\":\"BreadcrumbList\",\"@id\":\"https:\\\/\\\/www.eldiario.net\\\/portal\\\/2025\\\/01\\\/28\\\/manuel-monroy-admite-relacion-con-menor-e-involucra-a-mas-plantel-del-conservatorio\\\/#breadcrumb\",\"itemListElement\":[{\"@type\":\"ListItem\",\"position\":1,\"name\":\"Portada\",\"item\":\"https:\\\/\\\/www.eldiario.net\\\/portal\\\/\"},{\"@type\":\"ListItem\",\"position\":2,\"name\":\"Manuel Monroy admite relaci\u00f3n con menor e involucra a m\u00e1s plantel del Conservatorio\"}]},{\"@type\":\"WebSite\",\"@id\":\"https:\\\/\\\/www.eldiario.net\\\/portal\\\/#website\",\"url\":\"https:\\\/\\\/www.eldiario.net\\\/portal\\\/\",\"name\":\"El Diario - Decano de la prensa nacional\",\"description\":\"El Diario - Decano de la prensa nacional\",\"publisher\":{\"@id\":\"https:\\\/\\\/www.eldiario.net\\\/portal\\\/#organization\"},\"potentialAction\":[{\"@type\":\"SearchAction\",\"target\":{\"@type\":\"EntryPoint\",\"urlTemplate\":\"https:\\\/\\\/www.eldiario.net\\\/portal\\\/?s={search_term_string}\"},\"query-input\":{\"@type\":\"PropertyValueSpecification\",\"valueRequired\":true,\"valueName\":\"search_term_string\"}}],\"inLanguage\":\"es\"},{\"@type\":\"Organization\",\"@id\":\"https:\\\/\\\/www.eldiario.net\\\/portal\\\/#organization\",\"name\":\"El Diario - Decano de la prensa nacional\",\"url\":\"https:\\\/\\\/www.eldiario.net\\\/portal\\\/\",\"logo\":{\"@type\":\"ImageObject\",\"inLanguage\":\"es\",\"@id\":\"https:\\\/\\\/www.eldiario.net\\\/portal\\\/#\\\/schema\\\/logo\\\/image\\\/\",\"url\":\"https:\\\/\\\/www.eldiario.net\\\/portal\\\/wp-content\\\/uploads\\\/2023\\\/07\\\/logo_ED.jpg\",\"contentUrl\":\"https:\\\/\\\/www.eldiario.net\\\/portal\\\/wp-content\\\/uploads\\\/2023\\\/07\\\/logo_ED.jpg\",\"width\":272,\"height\":52,\"caption\":\"El Diario - Decano de la prensa nacional\"},\"image\":{\"@id\":\"https:\\\/\\\/www.eldiario.net\\\/portal\\\/#\\\/schema\\\/logo\\\/image\\\/\"},\"sameAs\":[\"https:\\\/\\\/www.facebook.com\\\/eldiario.bolivia\\\/\",\"https:\\\/\\\/x.com\\\/eldiario_net\"]},{\"@type\":\"Person\",\"@id\":\"https:\\\/\\\/www.eldiario.net\\\/portal\\\/#\\\/schema\\\/person\\\/f46445640444750d7d753ccd04ae01b7\",\"name\":\"Jeanette\",\"image\":{\"@type\":\"ImageObject\",\"inLanguage\":\"es\",\"@id\":\"https:\\\/\\\/secure.gravatar.com\\\/avatar\\\/3ea2118a5f7dad2b7138b1187a6b7ee55f160b9968b66013c3a3ef39dd7e5798?s=96&d=mm&r=g\",\"url\":\"https:\\\/\\\/secure.gravatar.com\\\/avatar\\\/3ea2118a5f7dad2b7138b1187a6b7ee55f160b9968b66013c3a3ef39dd7e5798?s=96&d=mm&r=g\",\"contentUrl\":\"https:\\\/\\\/secure.gravatar.com\\\/avatar\\\/3ea2118a5f7dad2b7138b1187a6b7ee55f160b9968b66013c3a3ef39dd7e5798?s=96&d=mm&r=g\",\"caption\":\"Jeanette\"},\"sameAs\":[\"https:\\\/\\\/www.eldiario.net\\\/portal\"],\"url\":\"https:\\\/\\\/www.eldiario.net\\\/portal\\\/author\\\/jeanette\\\/\"}]}<\/script>\n<!-- \/ Yoast SEO plugin. -->","yoast_head_json":{"title":"Manuel Monroy admite relaci\u00f3n con menor e involucra a m\u00e1s plantel del Conservatorio - El Diario - Bolivia","robots":{"index":"index","follow":"follow","max-snippet":"max-snippet:-1","max-image-preview":"max-image-preview:large","max-video-preview":"max-video-preview:-1"},"canonical":"https:\/\/www.eldiario.net\/portal\/2025\/01\/28\/manuel-monroy-admite-relacion-con-menor-e-involucra-a-mas-plantel-del-conservatorio\/","og_locale":"es_ES","og_type":"article","og_title":"Manuel Monroy admite relaci\u00f3n con menor e involucra a m\u00e1s plantel del Conservatorio - El Diario - Bolivia","og_description":"D\u00edas despu\u00e9s de que una mujer acus\u00f3 de estupro al m\u00fasico y gestor cultural, Manuel \u201cPapirri\u201d Monroy Chazarreta, el artista confirm\u00f3 que mantuvo una relaci\u00f3n sentimental durante cinco meses en 1997, cuando ten\u00eda 36 a\u00f1os y su alumna, apenas 16; sin embargo, asegur\u00f3 que no conoc\u00eda su edad y mencion\u00f3 que ella sali\u00f3 con al [&hellip;]","og_url":"https:\/\/www.eldiario.net\/portal\/2025\/01\/28\/manuel-monroy-admite-relacion-con-menor-e-involucra-a-mas-plantel-del-conservatorio\/","og_site_name":"El Diario - Bolivia","article_publisher":"https:\/\/www.facebook.com\/eldiario.bolivia\/","article_published_time":"2025-01-28T09:46:32+00:00","og_image":[{"width":960,"height":640,"url":"https:\/\/www.eldiario.net\/portal\/wp-content\/uploads\/2025\/01\/PAP-FOTO.jpg","type":"image\/jpeg"}],"author":"Jeanette","twitter_card":"summary_large_image","twitter_creator":"@eldiario_net","twitter_site":"@eldiario_net","twitter_misc":{"Escrito por":"Jeanette","Tiempo de lectura":"4 minutos"},"schema":{"@context":"https:\/\/schema.org","@graph":[{"@type":"Article","@id":"https:\/\/www.eldiario.net\/portal\/2025\/01\/28\/manuel-monroy-admite-relacion-con-menor-e-involucra-a-mas-plantel-del-conservatorio\/#article","isPartOf":{"@id":"https:\/\/www.eldiario.net\/portal\/2025\/01\/28\/manuel-monroy-admite-relacion-con-menor-e-involucra-a-mas-plantel-del-conservatorio\/"},"author":{"name":"Jeanette","@id":"https:\/\/www.eldiario.net\/portal\/#\/schema\/person\/f46445640444750d7d753ccd04ae01b7"},"headline":"Manuel Monroy admite relaci\u00f3n con menor e involucra a m\u00e1s plantel del Conservatorio","datePublished":"2025-01-28T09:46:32+00:00","mainEntityOfPage":{"@id":"https:\/\/www.eldiario.net\/portal\/2025\/01\/28\/manuel-monroy-admite-relacion-con-menor-e-involucra-a-mas-plantel-del-conservatorio\/"},"wordCount":731,"publisher":{"@id":"https:\/\/www.eldiario.net\/portal\/#organization"},"image":{"@id":"https:\/\/www.eldiario.net\/portal\/2025\/01\/28\/manuel-monroy-admite-relacion-con-menor-e-involucra-a-mas-plantel-del-conservatorio\/#primaryimage"},"thumbnailUrl":"https:\/\/www.eldiario.net\/portal\/wp-content\/uploads\/2025\/01\/PAP-FOTO.jpg","articleSection":["Sociedad - Seguridad"],"inLanguage":"es"},{"@type":"WebPage","@id":"https:\/\/www.eldiario.net\/portal\/2025\/01\/28\/manuel-monroy-admite-relacion-con-menor-e-involucra-a-mas-plantel-del-conservatorio\/","url":"https:\/\/www.eldiario.net\/portal\/2025\/01\/28\/manuel-monroy-admite-relacion-con-menor-e-involucra-a-mas-plantel-del-conservatorio\/","name":"Manuel Monroy admite relaci\u00f3n con menor e involucra a m\u00e1s plantel del Conservatorio - El Diario - Bolivia","isPartOf":{"@id":"https:\/\/www.eldiario.net\/portal\/#website"},"primaryImageOfPage":{"@id":"https:\/\/www.eldiario.net\/portal\/2025\/01\/28\/manuel-monroy-admite-relacion-con-menor-e-involucra-a-mas-plantel-del-conservatorio\/#primaryimage"},"image":{"@id":"https:\/\/www.eldiario.net\/portal\/2025\/01\/28\/manuel-monroy-admite-relacion-con-menor-e-involucra-a-mas-plantel-del-conservatorio\/#primaryimage"},"thumbnailUrl":"https:\/\/www.eldiario.net\/portal\/wp-content\/uploads\/2025\/01\/PAP-FOTO.jpg","datePublished":"2025-01-28T09:46:32+00:00","breadcrumb":{"@id":"https:\/\/www.eldiario.net\/portal\/2025\/01\/28\/manuel-monroy-admite-relacion-con-menor-e-involucra-a-mas-plantel-del-conservatorio\/#breadcrumb"},"inLanguage":"es","potentialAction":[{"@type":"ReadAction","target":["https:\/\/www.eldiario.net\/portal\/2025\/01\/28\/manuel-monroy-admite-relacion-con-menor-e-involucra-a-mas-plantel-del-conservatorio\/"]}]},{"@type":"ImageObject","inLanguage":"es","@id":"https:\/\/www.eldiario.net\/portal\/2025\/01\/28\/manuel-monroy-admite-relacion-con-menor-e-involucra-a-mas-plantel-del-conservatorio\/#primaryimage","url":"https:\/\/www.eldiario.net\/portal\/wp-content\/uploads\/2025\/01\/PAP-FOTO.jpg","contentUrl":"https:\/\/www.eldiario.net\/portal\/wp-content\/uploads\/2025\/01\/PAP-FOTO.jpg","width":960,"height":640,"caption":"Monroy funge como asesor de la Fundaci\u00f3n Cultural del Banco Central de Bolivia. Cr\u00e9ditos: RRSS"},{"@type":"BreadcrumbList","@id":"https:\/\/www.eldiario.net\/portal\/2025\/01\/28\/manuel-monroy-admite-relacion-con-menor-e-involucra-a-mas-plantel-del-conservatorio\/#breadcrumb","itemListElement":[{"@type":"ListItem","position":1,"name":"Portada","item":"https:\/\/www.eldiario.net\/portal\/"},{"@type":"ListItem","position":2,"name":"Manuel Monroy admite relaci\u00f3n con menor e involucra a m\u00e1s plantel del Conservatorio"}]},{"@type":"WebSite","@id":"https:\/\/www.eldiario.net\/portal\/#website","url":"https:\/\/www.eldiario.net\/portal\/","name":"El Diario - Decano de la prensa nacional","description":"El Diario - Decano de la prensa nacional","publisher":{"@id":"https:\/\/www.eldiario.net\/portal\/#organization"},"potentialAction":[{"@type":"SearchAction","target":{"@type":"EntryPoint","urlTemplate":"https:\/\/www.eldiario.net\/portal\/?s={search_term_string}"},"query-input":{"@type":"PropertyValueSpecification","valueRequired":true,"valueName":"search_term_string"}}],"inLanguage":"es"},{"@type":"Organization","@id":"https:\/\/www.eldiario.net\/portal\/#organization","name":"El Diario - Decano de la prensa nacional","url":"https:\/\/www.eldiario.net\/portal\/","logo":{"@type":"ImageObject","inLanguage":"es","@id":"https:\/\/www.eldiario.net\/portal\/#\/schema\/logo\/image\/","url":"https:\/\/www.eldiario.net\/portal\/wp-content\/uploads\/2023\/07\/logo_ED.jpg","contentUrl":"https:\/\/www.eldiario.net\/portal\/wp-content\/uploads\/2023\/07\/logo_ED.jpg","width":272,"height":52,"caption":"El Diario - Decano de la prensa nacional"},"image":{"@id":"https:\/\/www.eldiario.net\/portal\/#\/schema\/logo\/image\/"},"sameAs":["https:\/\/www.facebook.com\/eldiario.bolivia\/","https:\/\/x.com\/eldiario_net"]},{"@type":"Person","@id":"https:\/\/www.eldiario.net\/portal\/#\/schema\/person\/f46445640444750d7d753ccd04ae01b7","name":"Jeanette","image":{"@type":"ImageObject","inLanguage":"es","@id":"https:\/\/secure.gravatar.com\/avatar\/3ea2118a5f7dad2b7138b1187a6b7ee55f160b9968b66013c3a3ef39dd7e5798?s=96&d=mm&r=g","url":"https:\/\/secure.gravatar.com\/avatar\/3ea2118a5f7dad2b7138b1187a6b7ee55f160b9968b66013c3a3ef39dd7e5798?s=96&d=mm&r=g","contentUrl":"https:\/\/secure.gravatar.com\/avatar\/3ea2118a5f7dad2b7138b1187a6b7ee55f160b9968b66013c3a3ef39dd7e5798?s=96&d=mm&r=g","caption":"Jeanette"},"sameAs":["https:\/\/www.eldiario.net\/portal"],"url":"https:\/\/www.eldiario.net\/portal\/author\/jeanette\/"}]}},"_links":{"self":[{"href":"https:\/\/www.eldiario.net\/portal\/wp-json\/wp\/v2\/posts\/277640","targetHints":{"allow":["GET"]}}],"collection":[{"href":"https:\/\/www.eldiario.net\/portal\/wp-json\/wp\/v2\/posts"}],"about":[{"href":"https:\/\/www.eldiario.net\/portal\/wp-json\/wp\/v2\/types\/post"}],"author":[{"embeddable":true,"href":"https:\/\/www.eldiario.net\/portal\/wp-json\/wp\/v2\/users\/1"}],"replies":[{"embeddable":true,"href":"https:\/\/www.eldiario.net\/portal\/wp-json\/wp\/v2\/comments?post=277640"}],"version-history":[{"count":1,"href":"https:\/\/www.eldiario.net\/portal\/wp-json\/wp\/v2\/posts\/277640\/revisions"}],"predecessor-version":[{"id":277642,"href":"https:\/\/www.eldiario.net\/portal\/wp-json\/wp\/v2\/posts\/277640\/revisions\/277642"}],"wp:featuredmedia":[{"embeddable":true,"href":"https:\/\/www.eldiario.net\/portal\/wp-json\/wp\/v2\/media\/277641"}],"wp:attachment":[{"href":"https:\/\/www.eldiario.net\/portal\/wp-json\/wp\/v2\/media?parent=277640"}],"wp:term":[{"taxonomy":"category","embeddable":true,"href":"https:\/\/www.eldiario.net\/portal\/wp-json\/wp\/v2\/categories?post=277640"},{"taxonomy":"post_tag","embeddable":true,"href":"https:\/\/www.eldiario.net\/portal\/wp-json\/wp\/v2\/tags?post=277640"}],"curies":[{"name":"wp","href":"https:\/\/api.w.org\/{rel}","templated":true}]}}