{"id":277636,"date":"2025-01-28T05:44:24","date_gmt":"2025-01-28T09:44:24","guid":{"rendered":"https:\/\/www.eldiario.net\/portal\/?p=277636"},"modified":"2025-01-28T05:44:24","modified_gmt":"2025-01-28T09:44:24","slug":"por-que-peru-crece-y-bolivia-se-estanca","status":"publish","type":"post","link":"https:\/\/www.eldiario.net\/portal\/2025\/01\/28\/por-que-peru-crece-y-bolivia-se-estanca\/","title":{"rendered":"\u00bfPor qu\u00e9 Per\u00fa crece y Bolivia se estanca?"},"content":{"rendered":"<p>Bolivia y Per\u00fa, dos naciones vecinas unidas por una historia compartida y v\u00ednculos de sangre profundos, han seguido trayectorias econ\u00f3micas notablemente divergentes en las \u00faltimas d\u00e9cadas. Aunque comparten un legado hist\u00f3rico y cultural, sus modelos econ\u00f3micos, as\u00ed como sus contextos pol\u00edticos e institucionales, han dado lugar a resultados contrastantes. Mientras que Per\u00fa se destaca por su estabilidad macroecon\u00f3mica y crecimiento sostenido, Bolivia enfrenta una serie de desaf\u00edos que limitan su desarrollo econ\u00f3mico y social.<\/p>\n<p>Un indicador clave de esta divergencia es la estabilidad cambiaria. En 2006, el tipo de cambio en Per\u00fa era de 3,40 soles por d\u00f3lar, y en 2024 alcanz\u00f3 los 3,74 soles por d\u00f3lar, lo que demuestra una notable estabilidad. En Bolivia, el boliviano pas\u00f3 de 8,03 por d\u00f3lar en 2006 a 11,20 por d\u00f3lar en 2024, reflejando una mayor depreciaci\u00f3n y una gesti\u00f3n monetaria menos eficaz. En t\u00e9rminos de Producto Interno Bruto (PIB), Per\u00fa registr\u00f3 un crecimiento impresionante de 88.643 millones de d\u00f3lares en 2006 a 267.603 millones en 2023, un aumento de 179.000 millones. Bolivia, en cambio, creci\u00f3 de 11.452 millones a 45.135 millones en el mismo per\u00edodo, un avance importante, pero mucho m\u00e1s modesto.<\/p>\n<p>Estas diferencias van m\u00e1s all\u00e1 de los n\u00fameros y reflejan elecciones pol\u00edticas y econ\u00f3micas divergentes. Desde 1990, Per\u00fa ha mantenido una pol\u00edtica econ\u00f3mica liberal iniciada bajo el gobierno de Alberto Fujimori, priorizando la apertura comercial, la estabilidad macroecon\u00f3mica y la inversi\u00f3n privada. En contraste, Bolivia adopt\u00f3 un modelo neoestatista denominado Modelo Econ\u00f3mico Social Comunitario y Productivo (MESCP), complementado con el Modelo de Industrializaci\u00f3n con Sustituci\u00f3n de Importaciones (ISI). Aunque ambiciosos, estos modelos priorizaron el control estatal sobre la econom\u00eda, generando distorsiones.<\/p>\n<p>En el \u00e1mbito pol\u00edtico, ambos pa\u00edses enfrentan desconfianza ciudadana hacia sus representantes, alimentada por la presencia de parlamentarios cuestionables con un bajo nivel educativo, falta de \u00e9tica y, en algunos casos, v\u00ednculos con la corrupci\u00f3n. Sin embargo, el contexto institucional de cada pa\u00eds ha producido resultados diferentes.<\/p>\n<p>En Bolivia, tres presidentes recientes ilustran un sistema pol\u00edtico caracterizado por la concentraci\u00f3n del poder en el Ejecutivo, debilitando al Legislativo y al Judicial. Uno estuvo en el poder 14 a\u00f1os y otro fue interino menos de un a\u00f1o. Por su parte, Per\u00fa ha tenido mayor volatilidad, con ocho presidentes entre titulares e interinos en dos d\u00e9cadas; seis est\u00e1n siendo procesados judicialmente y dos encarcelados. Aunque esta situaci\u00f3n refleja crisis en la estabilidad del Poder Ejecutivo peruano, tambi\u00e9n evidencia una capacidad institucional para sancionar la corrupci\u00f3n, lo que puede interpretarse como un signo de rendir cuentas a la ciudadan\u00eda.<\/p>\n<p>La institucionalidad tambi\u00e9n ha sido clave. En Per\u00fa, el Banco Central de Reserva opera de manera independiente, incluso bajo presi\u00f3n pol\u00edtica. Bolivia, por otro lado, ha visto c\u00f3mo su Banco Central perdi\u00f3 independencia, con ocho presidentes interinos en poco tiempo, reflejo de una gesti\u00f3n influenciada por intereses pol\u00edticos. Este contraste resalta la importancia de instituciones s\u00f3lidas para el desarrollo econ\u00f3mico.<\/p>\n<p>El comercio exterior tambi\u00e9n marca una diferencia significativa. Gracias a su acceso al oc\u00e9ano Pac\u00edfico y a su enfoque geopol\u00edtico en el comercio, Per\u00fa se ha integrado a mercados internacionales mediante acuerdos con Estados Unidos, la Uni\u00f3n Europea y Asia, diversificando sus exportaciones. En contraste, Bolivia, sin salida al mar y con una estrategia comercial limitada, depende principalmente de la exportaci\u00f3n de gas natural y minerales, sectores expuestos a la volatilidad de precios internacionales.<\/p>\n<p>La innovaci\u00f3n es otra \u00e1rea donde Per\u00fa ha superado a Bolivia. En 2024, Per\u00fa ocupaba el puesto 75 en el \u00edndice global de innovaci\u00f3n, mejorando desde la posici\u00f3n 79 en 2009. Bolivia, en cambio, retrocedi\u00f3 del puesto 98 al 100 en el mismo per\u00edodo. Este retroceso sugiere que las universidades bolivianas no han fomentado una cultura de creatividad e investigaci\u00f3n. Mientras Per\u00fa avanza, Bolivia parece estancada en sistemas educativos que priorizan la memoria y repetici\u00f3n sobre la innovaci\u00f3n.<\/p>\n<p>El rol del gasto p\u00fablico tambi\u00e9n merece atenci\u00f3n. Durante el auge de precios de materias primas, Bolivia utiliz\u00f3 sus ingresos para financiar programas sociales y proyectos de infraestructura. Aunque estas medidas redujeron la pobreza, tambi\u00e9n crearon una dependencia insostenible del gasto p\u00fablico cuando los precios internacionales cayeron. Per\u00fa, en cambio, implement\u00f3 pol\u00edticas fiscales m\u00e1s prudentes, acumulando reservas internacionales y manejando su presupuesto de manera m\u00e1s eficiente.<\/p>\n<p>Bolivia debe aprender de la experiencia peruana y aplicar cambios urgentes para fortalecer su econom\u00eda. Es esencial que la pol\u00edtica deje de influir en las decisiones econ\u00f3micas, permitiendo que el libre mercado gu\u00ede la pol\u00edtica econ\u00f3mica. El Banco Central debe recuperar su independencia para evitar que las decisiones pol\u00edticas afecten la estabilidad econ\u00f3mica. Adem\u00e1s, Bolivia debe abandonar el modelo estatista y adoptar un enfoque m\u00e1s liberal, que fomente el libre mercado y atraiga inversi\u00f3n privada. Solo con estas reformas estructurales se lograr\u00e1 un crecimiento sostenido. Es imprescindible adem\u00e1s contar con un Poder Judicial independiente que garantice la seguridad jur\u00eddica y fortalecer la confianza de los inversionistas.<\/p>\n<p>&nbsp;<\/p>\n<p><em>El autor es investigador y analista socioecon\u00f3mico. <\/em><\/p>\n","protected":false},"excerpt":{"rendered":"<p>Bolivia y Per\u00fa, dos naciones vecinas unidas por una historia compartida y v\u00ednculos de sangre profundos, han seguido trayectorias econ\u00f3micas notablemente divergentes en las \u00faltimas d\u00e9cadas. Aunque comparten un legado hist\u00f3rico y cultural, sus modelos econ\u00f3micos, as\u00ed como sus contextos pol\u00edticos e institucionales, han dado lugar a resultados contrastantes. Mientras que Per\u00fa se destaca por [&hellip;]<\/p>\n","protected":false},"author":1,"featured_media":213112,"comment_status":"closed","ping_status":"open","sticky":false,"template":"","format":"standard","meta":{"_acf_changed":false,"footnotes":""},"categories":[9],"tags":[],"class_list":["post-277636","post","type-post","status-publish","format-standard","has-post-thumbnail","category-opinion"],"acf":{"antetitulo":""},"yoast_head":"<!-- This site is optimized with the Yoast SEO plugin v28.4 - https:\/\/yoast.com\/product\/yoast-seo-wordpress\/ -->\n<title>\u00bfPor qu\u00e9 Per\u00fa crece y Bolivia se estanca? - El Diario - Bolivia<\/title>\n<meta name=\"robots\" content=\"index, follow, max-snippet:-1, max-image-preview:large, max-video-preview:-1\" \/>\n<link rel=\"canonical\" href=\"https:\/\/www.eldiario.net\/portal\/2025\/01\/28\/por-que-peru-crece-y-bolivia-se-estanca\/\" \/>\n<meta property=\"og:locale\" content=\"es_ES\" \/>\n<meta property=\"og:type\" content=\"article\" \/>\n<meta property=\"og:title\" content=\"\u00bfPor qu\u00e9 Per\u00fa crece y Bolivia se estanca? - El Diario - Bolivia\" \/>\n<meta property=\"og:description\" content=\"Bolivia y Per\u00fa, dos naciones vecinas unidas por una historia compartida y v\u00ednculos de sangre profundos, han seguido trayectorias econ\u00f3micas notablemente divergentes en las \u00faltimas d\u00e9cadas. Aunque comparten un legado hist\u00f3rico y cultural, sus modelos econ\u00f3micos, as\u00ed como sus contextos pol\u00edticos e institucionales, han dado lugar a resultados contrastantes. Mientras que Per\u00fa se destaca por [&hellip;]\" \/>\n<meta property=\"og:url\" content=\"https:\/\/www.eldiario.net\/portal\/2025\/01\/28\/por-que-peru-crece-y-bolivia-se-estanca\/\" \/>\n<meta property=\"og:site_name\" content=\"El Diario - Bolivia\" \/>\n<meta property=\"article:publisher\" content=\"https:\/\/www.facebook.com\/eldiario.bolivia\/\" \/>\n<meta property=\"article:published_time\" content=\"2025-01-28T09:44:24+00:00\" \/>\n<meta property=\"og:image\" content=\"https:\/\/www.eldiario.net\/portal\/wp-content\/uploads\/2024\/04\/Miguel-Angel-Amonzabel-Gonzales.jpg\" \/>\n\t<meta property=\"og:image:width\" content=\"1200\" \/>\n\t<meta property=\"og:image:height\" content=\"628\" \/>\n\t<meta property=\"og:image:type\" content=\"image\/jpeg\" \/>\n<meta name=\"author\" content=\"Jeanette\" \/>\n<meta name=\"twitter:card\" content=\"summary_large_image\" \/>\n<meta name=\"twitter:creator\" content=\"@eldiario_net\" \/>\n<meta name=\"twitter:site\" content=\"@eldiario_net\" \/>\n<meta name=\"twitter:label1\" content=\"Escrito por\" \/>\n\t<meta name=\"twitter:data1\" content=\"Jeanette\" \/>\n\t<meta name=\"twitter:label2\" content=\"Tiempo de lectura\" \/>\n\t<meta name=\"twitter:data2\" content=\"4 minutos\" \/>\n<script type=\"application\/ld+json\" class=\"yoast-schema-graph\">{\"@context\":\"https:\\\/\\\/schema.org\",\"@graph\":[{\"@type\":\"Article\",\"@id\":\"https:\\\/\\\/www.eldiario.net\\\/portal\\\/2025\\\/01\\\/28\\\/por-que-peru-crece-y-bolivia-se-estanca\\\/#article\",\"isPartOf\":{\"@id\":\"https:\\\/\\\/www.eldiario.net\\\/portal\\\/2025\\\/01\\\/28\\\/por-que-peru-crece-y-bolivia-se-estanca\\\/\"},\"author\":{\"name\":\"Jeanette\",\"@id\":\"https:\\\/\\\/www.eldiario.net\\\/portal\\\/#\\\/schema\\\/person\\\/f46445640444750d7d753ccd04ae01b7\"},\"headline\":\"\u00bfPor qu\u00e9 Per\u00fa crece y Bolivia se estanca?\",\"datePublished\":\"2025-01-28T09:44:24+00:00\",\"mainEntityOfPage\":{\"@id\":\"https:\\\/\\\/www.eldiario.net\\\/portal\\\/2025\\\/01\\\/28\\\/por-que-peru-crece-y-bolivia-se-estanca\\\/\"},\"wordCount\":883,\"publisher\":{\"@id\":\"https:\\\/\\\/www.eldiario.net\\\/portal\\\/#organization\"},\"image\":{\"@id\":\"https:\\\/\\\/www.eldiario.net\\\/portal\\\/2025\\\/01\\\/28\\\/por-que-peru-crece-y-bolivia-se-estanca\\\/#primaryimage\"},\"thumbnailUrl\":\"https:\\\/\\\/www.eldiario.net\\\/portal\\\/wp-content\\\/uploads\\\/2024\\\/04\\\/Miguel-Angel-Amonzabel-Gonzales.jpg\",\"articleSection\":[\"Opini\u00f3n\"],\"inLanguage\":\"es\"},{\"@type\":\"WebPage\",\"@id\":\"https:\\\/\\\/www.eldiario.net\\\/portal\\\/2025\\\/01\\\/28\\\/por-que-peru-crece-y-bolivia-se-estanca\\\/\",\"url\":\"https:\\\/\\\/www.eldiario.net\\\/portal\\\/2025\\\/01\\\/28\\\/por-que-peru-crece-y-bolivia-se-estanca\\\/\",\"name\":\"\u00bfPor qu\u00e9 Per\u00fa crece y Bolivia se estanca? - El Diario - Bolivia\",\"isPartOf\":{\"@id\":\"https:\\\/\\\/www.eldiario.net\\\/portal\\\/#website\"},\"primaryImageOfPage\":{\"@id\":\"https:\\\/\\\/www.eldiario.net\\\/portal\\\/2025\\\/01\\\/28\\\/por-que-peru-crece-y-bolivia-se-estanca\\\/#primaryimage\"},\"image\":{\"@id\":\"https:\\\/\\\/www.eldiario.net\\\/portal\\\/2025\\\/01\\\/28\\\/por-que-peru-crece-y-bolivia-se-estanca\\\/#primaryimage\"},\"thumbnailUrl\":\"https:\\\/\\\/www.eldiario.net\\\/portal\\\/wp-content\\\/uploads\\\/2024\\\/04\\\/Miguel-Angel-Amonzabel-Gonzales.jpg\",\"datePublished\":\"2025-01-28T09:44:24+00:00\",\"breadcrumb\":{\"@id\":\"https:\\\/\\\/www.eldiario.net\\\/portal\\\/2025\\\/01\\\/28\\\/por-que-peru-crece-y-bolivia-se-estanca\\\/#breadcrumb\"},\"inLanguage\":\"es\",\"potentialAction\":[{\"@type\":\"ReadAction\",\"target\":[\"https:\\\/\\\/www.eldiario.net\\\/portal\\\/2025\\\/01\\\/28\\\/por-que-peru-crece-y-bolivia-se-estanca\\\/\"]}]},{\"@type\":\"ImageObject\",\"inLanguage\":\"es\",\"@id\":\"https:\\\/\\\/www.eldiario.net\\\/portal\\\/2025\\\/01\\\/28\\\/por-que-peru-crece-y-bolivia-se-estanca\\\/#primaryimage\",\"url\":\"https:\\\/\\\/www.eldiario.net\\\/portal\\\/wp-content\\\/uploads\\\/2024\\\/04\\\/Miguel-Angel-Amonzabel-Gonzales.jpg\",\"contentUrl\":\"https:\\\/\\\/www.eldiario.net\\\/portal\\\/wp-content\\\/uploads\\\/2024\\\/04\\\/Miguel-Angel-Amonzabel-Gonzales.jpg\",\"width\":1200,\"height\":628,\"caption\":\"Miguel \u00c1ngel Amonzabel Gonzales\"},{\"@type\":\"BreadcrumbList\",\"@id\":\"https:\\\/\\\/www.eldiario.net\\\/portal\\\/2025\\\/01\\\/28\\\/por-que-peru-crece-y-bolivia-se-estanca\\\/#breadcrumb\",\"itemListElement\":[{\"@type\":\"ListItem\",\"position\":1,\"name\":\"Portada\",\"item\":\"https:\\\/\\\/www.eldiario.net\\\/portal\\\/\"},{\"@type\":\"ListItem\",\"position\":2,\"name\":\"\u00bfPor qu\u00e9 Per\u00fa crece y Bolivia se estanca?\"}]},{\"@type\":\"WebSite\",\"@id\":\"https:\\\/\\\/www.eldiario.net\\\/portal\\\/#website\",\"url\":\"https:\\\/\\\/www.eldiario.net\\\/portal\\\/\",\"name\":\"El Diario - Decano de la prensa nacional\",\"description\":\"El Diario - Decano de la prensa nacional\",\"publisher\":{\"@id\":\"https:\\\/\\\/www.eldiario.net\\\/portal\\\/#organization\"},\"potentialAction\":[{\"@type\":\"SearchAction\",\"target\":{\"@type\":\"EntryPoint\",\"urlTemplate\":\"https:\\\/\\\/www.eldiario.net\\\/portal\\\/?s={search_term_string}\"},\"query-input\":{\"@type\":\"PropertyValueSpecification\",\"valueRequired\":true,\"valueName\":\"search_term_string\"}}],\"inLanguage\":\"es\"},{\"@type\":\"Organization\",\"@id\":\"https:\\\/\\\/www.eldiario.net\\\/portal\\\/#organization\",\"name\":\"El Diario - Decano de la prensa nacional\",\"url\":\"https:\\\/\\\/www.eldiario.net\\\/portal\\\/\",\"logo\":{\"@type\":\"ImageObject\",\"inLanguage\":\"es\",\"@id\":\"https:\\\/\\\/www.eldiario.net\\\/portal\\\/#\\\/schema\\\/logo\\\/image\\\/\",\"url\":\"https:\\\/\\\/www.eldiario.net\\\/portal\\\/wp-content\\\/uploads\\\/2023\\\/07\\\/logo_ED.jpg\",\"contentUrl\":\"https:\\\/\\\/www.eldiario.net\\\/portal\\\/wp-content\\\/uploads\\\/2023\\\/07\\\/logo_ED.jpg\",\"width\":272,\"height\":52,\"caption\":\"El Diario - Decano de la prensa nacional\"},\"image\":{\"@id\":\"https:\\\/\\\/www.eldiario.net\\\/portal\\\/#\\\/schema\\\/logo\\\/image\\\/\"},\"sameAs\":[\"https:\\\/\\\/www.facebook.com\\\/eldiario.bolivia\\\/\",\"https:\\\/\\\/x.com\\\/eldiario_net\"]},{\"@type\":\"Person\",\"@id\":\"https:\\\/\\\/www.eldiario.net\\\/portal\\\/#\\\/schema\\\/person\\\/f46445640444750d7d753ccd04ae01b7\",\"name\":\"Jeanette\",\"image\":{\"@type\":\"ImageObject\",\"inLanguage\":\"es\",\"@id\":\"https:\\\/\\\/secure.gravatar.com\\\/avatar\\\/3ea2118a5f7dad2b7138b1187a6b7ee55f160b9968b66013c3a3ef39dd7e5798?s=96&d=mm&r=g\",\"url\":\"https:\\\/\\\/secure.gravatar.com\\\/avatar\\\/3ea2118a5f7dad2b7138b1187a6b7ee55f160b9968b66013c3a3ef39dd7e5798?s=96&d=mm&r=g\",\"contentUrl\":\"https:\\\/\\\/secure.gravatar.com\\\/avatar\\\/3ea2118a5f7dad2b7138b1187a6b7ee55f160b9968b66013c3a3ef39dd7e5798?s=96&d=mm&r=g\",\"caption\":\"Jeanette\"},\"sameAs\":[\"https:\\\/\\\/www.eldiario.net\\\/portal\"],\"url\":\"https:\\\/\\\/www.eldiario.net\\\/portal\\\/author\\\/jeanette\\\/\"}]}<\/script>\n<!-- \/ Yoast SEO plugin. -->","yoast_head_json":{"title":"\u00bfPor qu\u00e9 Per\u00fa crece y Bolivia se estanca? - El Diario - Bolivia","robots":{"index":"index","follow":"follow","max-snippet":"max-snippet:-1","max-image-preview":"max-image-preview:large","max-video-preview":"max-video-preview:-1"},"canonical":"https:\/\/www.eldiario.net\/portal\/2025\/01\/28\/por-que-peru-crece-y-bolivia-se-estanca\/","og_locale":"es_ES","og_type":"article","og_title":"\u00bfPor qu\u00e9 Per\u00fa crece y Bolivia se estanca? - El Diario - Bolivia","og_description":"Bolivia y Per\u00fa, dos naciones vecinas unidas por una historia compartida y v\u00ednculos de sangre profundos, han seguido trayectorias econ\u00f3micas notablemente divergentes en las \u00faltimas d\u00e9cadas. Aunque comparten un legado hist\u00f3rico y cultural, sus modelos econ\u00f3micos, as\u00ed como sus contextos pol\u00edticos e institucionales, han dado lugar a resultados contrastantes. Mientras que Per\u00fa se destaca por [&hellip;]","og_url":"https:\/\/www.eldiario.net\/portal\/2025\/01\/28\/por-que-peru-crece-y-bolivia-se-estanca\/","og_site_name":"El Diario - Bolivia","article_publisher":"https:\/\/www.facebook.com\/eldiario.bolivia\/","article_published_time":"2025-01-28T09:44:24+00:00","og_image":[{"width":1200,"height":628,"url":"https:\/\/www.eldiario.net\/portal\/wp-content\/uploads\/2024\/04\/Miguel-Angel-Amonzabel-Gonzales.jpg","type":"image\/jpeg"}],"author":"Jeanette","twitter_card":"summary_large_image","twitter_creator":"@eldiario_net","twitter_site":"@eldiario_net","twitter_misc":{"Escrito por":"Jeanette","Tiempo de lectura":"4 minutos"},"schema":{"@context":"https:\/\/schema.org","@graph":[{"@type":"Article","@id":"https:\/\/www.eldiario.net\/portal\/2025\/01\/28\/por-que-peru-crece-y-bolivia-se-estanca\/#article","isPartOf":{"@id":"https:\/\/www.eldiario.net\/portal\/2025\/01\/28\/por-que-peru-crece-y-bolivia-se-estanca\/"},"author":{"name":"Jeanette","@id":"https:\/\/www.eldiario.net\/portal\/#\/schema\/person\/f46445640444750d7d753ccd04ae01b7"},"headline":"\u00bfPor qu\u00e9 Per\u00fa crece y Bolivia se estanca?","datePublished":"2025-01-28T09:44:24+00:00","mainEntityOfPage":{"@id":"https:\/\/www.eldiario.net\/portal\/2025\/01\/28\/por-que-peru-crece-y-bolivia-se-estanca\/"},"wordCount":883,"publisher":{"@id":"https:\/\/www.eldiario.net\/portal\/#organization"},"image":{"@id":"https:\/\/www.eldiario.net\/portal\/2025\/01\/28\/por-que-peru-crece-y-bolivia-se-estanca\/#primaryimage"},"thumbnailUrl":"https:\/\/www.eldiario.net\/portal\/wp-content\/uploads\/2024\/04\/Miguel-Angel-Amonzabel-Gonzales.jpg","articleSection":["Opini\u00f3n"],"inLanguage":"es"},{"@type":"WebPage","@id":"https:\/\/www.eldiario.net\/portal\/2025\/01\/28\/por-que-peru-crece-y-bolivia-se-estanca\/","url":"https:\/\/www.eldiario.net\/portal\/2025\/01\/28\/por-que-peru-crece-y-bolivia-se-estanca\/","name":"\u00bfPor qu\u00e9 Per\u00fa crece y Bolivia se estanca? - El Diario - Bolivia","isPartOf":{"@id":"https:\/\/www.eldiario.net\/portal\/#website"},"primaryImageOfPage":{"@id":"https:\/\/www.eldiario.net\/portal\/2025\/01\/28\/por-que-peru-crece-y-bolivia-se-estanca\/#primaryimage"},"image":{"@id":"https:\/\/www.eldiario.net\/portal\/2025\/01\/28\/por-que-peru-crece-y-bolivia-se-estanca\/#primaryimage"},"thumbnailUrl":"https:\/\/www.eldiario.net\/portal\/wp-content\/uploads\/2024\/04\/Miguel-Angel-Amonzabel-Gonzales.jpg","datePublished":"2025-01-28T09:44:24+00:00","breadcrumb":{"@id":"https:\/\/www.eldiario.net\/portal\/2025\/01\/28\/por-que-peru-crece-y-bolivia-se-estanca\/#breadcrumb"},"inLanguage":"es","potentialAction":[{"@type":"ReadAction","target":["https:\/\/www.eldiario.net\/portal\/2025\/01\/28\/por-que-peru-crece-y-bolivia-se-estanca\/"]}]},{"@type":"ImageObject","inLanguage":"es","@id":"https:\/\/www.eldiario.net\/portal\/2025\/01\/28\/por-que-peru-crece-y-bolivia-se-estanca\/#primaryimage","url":"https:\/\/www.eldiario.net\/portal\/wp-content\/uploads\/2024\/04\/Miguel-Angel-Amonzabel-Gonzales.jpg","contentUrl":"https:\/\/www.eldiario.net\/portal\/wp-content\/uploads\/2024\/04\/Miguel-Angel-Amonzabel-Gonzales.jpg","width":1200,"height":628,"caption":"Miguel \u00c1ngel Amonzabel Gonzales"},{"@type":"BreadcrumbList","@id":"https:\/\/www.eldiario.net\/portal\/2025\/01\/28\/por-que-peru-crece-y-bolivia-se-estanca\/#breadcrumb","itemListElement":[{"@type":"ListItem","position":1,"name":"Portada","item":"https:\/\/www.eldiario.net\/portal\/"},{"@type":"ListItem","position":2,"name":"\u00bfPor qu\u00e9 Per\u00fa crece y Bolivia se estanca?"}]},{"@type":"WebSite","@id":"https:\/\/www.eldiario.net\/portal\/#website","url":"https:\/\/www.eldiario.net\/portal\/","name":"El Diario - Decano de la prensa nacional","description":"El Diario - Decano de la prensa nacional","publisher":{"@id":"https:\/\/www.eldiario.net\/portal\/#organization"},"potentialAction":[{"@type":"SearchAction","target":{"@type":"EntryPoint","urlTemplate":"https:\/\/www.eldiario.net\/portal\/?s={search_term_string}"},"query-input":{"@type":"PropertyValueSpecification","valueRequired":true,"valueName":"search_term_string"}}],"inLanguage":"es"},{"@type":"Organization","@id":"https:\/\/www.eldiario.net\/portal\/#organization","name":"El Diario - Decano de la prensa nacional","url":"https:\/\/www.eldiario.net\/portal\/","logo":{"@type":"ImageObject","inLanguage":"es","@id":"https:\/\/www.eldiario.net\/portal\/#\/schema\/logo\/image\/","url":"https:\/\/www.eldiario.net\/portal\/wp-content\/uploads\/2023\/07\/logo_ED.jpg","contentUrl":"https:\/\/www.eldiario.net\/portal\/wp-content\/uploads\/2023\/07\/logo_ED.jpg","width":272,"height":52,"caption":"El Diario - Decano de la prensa nacional"},"image":{"@id":"https:\/\/www.eldiario.net\/portal\/#\/schema\/logo\/image\/"},"sameAs":["https:\/\/www.facebook.com\/eldiario.bolivia\/","https:\/\/x.com\/eldiario_net"]},{"@type":"Person","@id":"https:\/\/www.eldiario.net\/portal\/#\/schema\/person\/f46445640444750d7d753ccd04ae01b7","name":"Jeanette","image":{"@type":"ImageObject","inLanguage":"es","@id":"https:\/\/secure.gravatar.com\/avatar\/3ea2118a5f7dad2b7138b1187a6b7ee55f160b9968b66013c3a3ef39dd7e5798?s=96&d=mm&r=g","url":"https:\/\/secure.gravatar.com\/avatar\/3ea2118a5f7dad2b7138b1187a6b7ee55f160b9968b66013c3a3ef39dd7e5798?s=96&d=mm&r=g","contentUrl":"https:\/\/secure.gravatar.com\/avatar\/3ea2118a5f7dad2b7138b1187a6b7ee55f160b9968b66013c3a3ef39dd7e5798?s=96&d=mm&r=g","caption":"Jeanette"},"sameAs":["https:\/\/www.eldiario.net\/portal"],"url":"https:\/\/www.eldiario.net\/portal\/author\/jeanette\/"}]}},"_links":{"self":[{"href":"https:\/\/www.eldiario.net\/portal\/wp-json\/wp\/v2\/posts\/277636","targetHints":{"allow":["GET"]}}],"collection":[{"href":"https:\/\/www.eldiario.net\/portal\/wp-json\/wp\/v2\/posts"}],"about":[{"href":"https:\/\/www.eldiario.net\/portal\/wp-json\/wp\/v2\/types\/post"}],"author":[{"embeddable":true,"href":"https:\/\/www.eldiario.net\/portal\/wp-json\/wp\/v2\/users\/1"}],"replies":[{"embeddable":true,"href":"https:\/\/www.eldiario.net\/portal\/wp-json\/wp\/v2\/comments?post=277636"}],"version-history":[{"count":1,"href":"https:\/\/www.eldiario.net\/portal\/wp-json\/wp\/v2\/posts\/277636\/revisions"}],"predecessor-version":[{"id":277637,"href":"https:\/\/www.eldiario.net\/portal\/wp-json\/wp\/v2\/posts\/277636\/revisions\/277637"}],"wp:featuredmedia":[{"embeddable":true,"href":"https:\/\/www.eldiario.net\/portal\/wp-json\/wp\/v2\/media\/213112"}],"wp:attachment":[{"href":"https:\/\/www.eldiario.net\/portal\/wp-json\/wp\/v2\/media?parent=277636"}],"wp:term":[{"taxonomy":"category","embeddable":true,"href":"https:\/\/www.eldiario.net\/portal\/wp-json\/wp\/v2\/categories?post=277636"},{"taxonomy":"post_tag","embeddable":true,"href":"https:\/\/www.eldiario.net\/portal\/wp-json\/wp\/v2\/tags?post=277636"}],"curies":[{"name":"wp","href":"https:\/\/api.w.org\/{rel}","templated":true}]}}