{"id":277634,"date":"2025-01-28T05:43:53","date_gmt":"2025-01-28T09:43:53","guid":{"rendered":"https:\/\/www.eldiario.net\/portal\/?p=277634"},"modified":"2025-01-28T05:43:53","modified_gmt":"2025-01-28T09:43:53","slug":"los-olvidados-de-la-familia-y-de-los-gobiernos","status":"publish","type":"post","link":"https:\/\/www.eldiario.net\/portal\/2025\/01\/28\/los-olvidados-de-la-familia-y-de-los-gobiernos\/","title":{"rendered":"Los olvidados de la familia y de los gobiernos"},"content":{"rendered":"<p>Cuando observamos a nuestra madre naturaleza, vemos que permanentemente est\u00e1 cambiando, por la ruptura del equilibrio entre el hombre y la naturaleza, la tala discriminada de los bosques, la contaminaci\u00f3n de los r\u00edos, la contaminaci\u00f3n del medio ambiente, que son factores para que sufra una transformaci\u00f3n el planeta.<\/p>\n<p>Los seres humanos somos parte de este mundo, y como tal estamos constantemente en transformaci\u00f3n, todos queremos dar un significado a la vida, porque la encontramos llena de turbulencias, injusticias, maldad, moral permisiva, y problemas sociales de toda \u00edndole. Y as\u00ed el hombre empieza a vivir el proceso de envejecimiento a partir de los 60 a\u00f1os.<\/p>\n<p>Existen muchos conceptos, mitos, moldes, prejuicios contra las personas mayores de 60 a\u00f1os, y dicen que son improductivas, que ya no pueden aprender a capacitarse, porque ya no tienen habilidades como para poder absorber informaci\u00f3n. Pero muchas personas mayores tienen el esp\u00edritu de superaci\u00f3n, como cualquier otra persona, tambi\u00e9n est\u00e1n dispuestas a aprender nuevas habilidades, para mejorar su calidad de vida.\u00a0 No debemos llegar a subestimar sus conocimientos, son cualidades de las personas mayores, porque en ellos acrecienta la sabidur\u00eda, de dar consejos m\u00e1s maduros, porque para ellos el tiempo fue un gran maestro. Ser\u00eda un error decir que todas las personas mayores de 60 a\u00f1os, tienen las mismas cualidades que otras, hay un factor que afecta a muchas personas, por el estr\u00e9s, las preocupaciones, la depresi\u00f3n y las enfermedades. Las personas que envejecen r\u00e1pidamente son aquellas que no se han ocupado de hacer deporte, leer, caminar, solo se han interesado en las cosas materiales.<\/p>\n<p>Quienes nacieron en los a\u00f1os 30, 40, 50, vivieron grandes \u00e9pocas, como la era del rock, de las guerrillas, de las dictaduras, de la democracia, la modernidad.<\/p>\n<p>Los j\u00f3venes actuales est\u00e1n sufriendo un verdadero lavado mental, por la tecnolog\u00eda reinante, todo esto puede tener consecuencias posteriores. Al decir que ellos son el futuro del pa\u00eds, a ellos no les importa la realidad de hoy, lo que les importa es su apariencia, m\u00e1s que su interioridad espiritual.\u00a0 La tempestad de pasiones desbocadas, el falso concepto que se forman, acerca de su libertad individual, los malos ejemplos son un gran escollo, para que ellos se superen intelectualmente.\u00a0 Si a los j\u00f3venes de hoy se les pregunta sobre cultura general, no pueden responder muchas veces, por ejemplo, en qu\u00e9 a\u00f1o fue la Revoluci\u00f3n Francesa, qui\u00e9n fue Garc\u00eda Meza. Responden \u201cpara qu\u00e9 me sirve saber todo eso\u201d. Lo que pasa es que nuestros j\u00f3venes no han aprendido a cuestionar ciertas circunstancias. Por el contrario, las personas mayores, saben lo que pas\u00f3 en estas grandes \u00e9pocas, porque ellos tienen conocimientos, no se debe olvidar que mientras el cuerpo envejece, el esp\u00edritu contin\u00faa fortaleci\u00e9ndose, porque una vida llena y productiva es hasta los 80 a\u00f1os. Muchas personas debieron su celebridad a su vejez, por ejemplo, Plat\u00f3n escribi\u00f3 hasta los 81 a\u00f1os. Lo que nos falta a muchos es persistir en lo aprendido en la juventud.<\/p>\n<p>El tema de la vejez est\u00e1 ausente en las pol\u00edticas gubernamentales, porque dicen que no tienen presupuesto, porque son personas improductivas, y constituyen una carga social.\u00a0 El Estado se aleja y se desentiende progresivamente de las obligaciones sociales, por todo esto los mayores, son los olvidados de la familia y de los gobiernos de turno. Lo que pasa es que el Estado no tiene pol\u00edticas para los adultos mayores, como para aprovechar sus conocimientos y canalizarlos hacia nuevos campos de actividad, para el bien de la comunidad.<\/p>\n<p>El Estado s\u00ed tiene presupuesto para comprar nuevos celulares para los senadores, hay presupuesto para hacer crecer la burgues\u00eda de los pol\u00edticos que est\u00e1n en el poder. Los olvidados de la familia y del Estado, van aumentado cada vez m\u00e1s, cuando la acumulaci\u00f3n extrema de riqueza, est\u00e1 en manos de un poder pol\u00edtico. Los gobiernos de turno, deben reconocer la realidad, qu\u00e9 pasa con las personas de la tercera edad, y deben ser m\u00e1s solidarias y tener una mente abierta para desarrollar proyectos alternativos, para mantener su calidad de vida, y as\u00ed los mayores ser\u00e1n capaces de seguir contribuyendo a la sociedad.<\/p>\n","protected":false},"excerpt":{"rendered":"<p>Cuando observamos a nuestra madre naturaleza, vemos que permanentemente est\u00e1 cambiando, por la ruptura del equilibrio entre el hombre y la naturaleza, la tala discriminada de los bosques, la contaminaci\u00f3n de los r\u00edos, la contaminaci\u00f3n del medio ambiente, que son factores para que sufra una transformaci\u00f3n el planeta. Los seres humanos somos parte de este [&hellip;]<\/p>\n","protected":false},"author":1,"featured_media":194790,"comment_status":"closed","ping_status":"open","sticky":false,"template":"","format":"standard","meta":{"_acf_changed":false,"footnotes":""},"categories":[9],"tags":[],"class_list":["post-277634","post","type-post","status-publish","format-standard","has-post-thumbnail","category-opinion"],"acf":{"antetitulo":""},"yoast_head":"<!-- This site is optimized with the Yoast SEO plugin v28.4 - https:\/\/yoast.com\/product\/yoast-seo-wordpress\/ -->\n<title>Los olvidados de la familia y de los gobiernos - El Diario - Bolivia<\/title>\n<meta name=\"robots\" content=\"index, follow, max-snippet:-1, max-image-preview:large, max-video-preview:-1\" \/>\n<link rel=\"canonical\" href=\"https:\/\/www.eldiario.net\/portal\/2025\/01\/28\/los-olvidados-de-la-familia-y-de-los-gobiernos\/\" \/>\n<meta property=\"og:locale\" content=\"es_ES\" \/>\n<meta property=\"og:type\" content=\"article\" \/>\n<meta property=\"og:title\" content=\"Los olvidados de la familia y de los gobiernos - El Diario - Bolivia\" \/>\n<meta property=\"og:description\" content=\"Cuando observamos a nuestra madre naturaleza, vemos que permanentemente est\u00e1 cambiando, por la ruptura del equilibrio entre el hombre y la naturaleza, la tala discriminada de los bosques, la contaminaci\u00f3n de los r\u00edos, la contaminaci\u00f3n del medio ambiente, que son factores para que sufra una transformaci\u00f3n el planeta. Los seres humanos somos parte de este [&hellip;]\" \/>\n<meta property=\"og:url\" content=\"https:\/\/www.eldiario.net\/portal\/2025\/01\/28\/los-olvidados-de-la-familia-y-de-los-gobiernos\/\" \/>\n<meta property=\"og:site_name\" content=\"El Diario - Bolivia\" \/>\n<meta property=\"article:publisher\" content=\"https:\/\/www.facebook.com\/eldiario.bolivia\/\" \/>\n<meta property=\"article:published_time\" content=\"2025-01-28T09:43:53+00:00\" \/>\n<meta property=\"og:image\" content=\"https:\/\/www.eldiario.net\/portal\/wp-content\/uploads\/2023\/12\/Opinion.jpg\" \/>\n\t<meta property=\"og:image:width\" content=\"800\" \/>\n\t<meta property=\"og:image:height\" content=\"500\" \/>\n\t<meta property=\"og:image:type\" content=\"image\/jpeg\" \/>\n<meta name=\"author\" content=\"Jeanette\" \/>\n<meta name=\"twitter:card\" content=\"summary_large_image\" \/>\n<meta name=\"twitter:creator\" content=\"@eldiario_net\" \/>\n<meta name=\"twitter:site\" content=\"@eldiario_net\" \/>\n<meta name=\"twitter:label1\" content=\"Escrito por\" \/>\n\t<meta name=\"twitter:data1\" content=\"Jeanette\" \/>\n\t<meta name=\"twitter:label2\" content=\"Tiempo de lectura\" \/>\n\t<meta name=\"twitter:data2\" content=\"4 minutos\" \/>\n<script type=\"application\/ld+json\" class=\"yoast-schema-graph\">{\"@context\":\"https:\\\/\\\/schema.org\",\"@graph\":[{\"@type\":\"Article\",\"@id\":\"https:\\\/\\\/www.eldiario.net\\\/portal\\\/2025\\\/01\\\/28\\\/los-olvidados-de-la-familia-y-de-los-gobiernos\\\/#article\",\"isPartOf\":{\"@id\":\"https:\\\/\\\/www.eldiario.net\\\/portal\\\/2025\\\/01\\\/28\\\/los-olvidados-de-la-familia-y-de-los-gobiernos\\\/\"},\"author\":{\"name\":\"Jeanette\",\"@id\":\"https:\\\/\\\/www.eldiario.net\\\/portal\\\/#\\\/schema\\\/person\\\/f46445640444750d7d753ccd04ae01b7\"},\"headline\":\"Los olvidados de la familia y de los gobiernos\",\"datePublished\":\"2025-01-28T09:43:53+00:00\",\"mainEntityOfPage\":{\"@id\":\"https:\\\/\\\/www.eldiario.net\\\/portal\\\/2025\\\/01\\\/28\\\/los-olvidados-de-la-familia-y-de-los-gobiernos\\\/\"},\"wordCount\":725,\"publisher\":{\"@id\":\"https:\\\/\\\/www.eldiario.net\\\/portal\\\/#organization\"},\"image\":{\"@id\":\"https:\\\/\\\/www.eldiario.net\\\/portal\\\/2025\\\/01\\\/28\\\/los-olvidados-de-la-familia-y-de-los-gobiernos\\\/#primaryimage\"},\"thumbnailUrl\":\"https:\\\/\\\/www.eldiario.net\\\/portal\\\/wp-content\\\/uploads\\\/2023\\\/12\\\/Opinion.jpg\",\"articleSection\":[\"Opini\u00f3n\"],\"inLanguage\":\"es\"},{\"@type\":\"WebPage\",\"@id\":\"https:\\\/\\\/www.eldiario.net\\\/portal\\\/2025\\\/01\\\/28\\\/los-olvidados-de-la-familia-y-de-los-gobiernos\\\/\",\"url\":\"https:\\\/\\\/www.eldiario.net\\\/portal\\\/2025\\\/01\\\/28\\\/los-olvidados-de-la-familia-y-de-los-gobiernos\\\/\",\"name\":\"Los olvidados de la familia y de los gobiernos - El Diario - Bolivia\",\"isPartOf\":{\"@id\":\"https:\\\/\\\/www.eldiario.net\\\/portal\\\/#website\"},\"primaryImageOfPage\":{\"@id\":\"https:\\\/\\\/www.eldiario.net\\\/portal\\\/2025\\\/01\\\/28\\\/los-olvidados-de-la-familia-y-de-los-gobiernos\\\/#primaryimage\"},\"image\":{\"@id\":\"https:\\\/\\\/www.eldiario.net\\\/portal\\\/2025\\\/01\\\/28\\\/los-olvidados-de-la-familia-y-de-los-gobiernos\\\/#primaryimage\"},\"thumbnailUrl\":\"https:\\\/\\\/www.eldiario.net\\\/portal\\\/wp-content\\\/uploads\\\/2023\\\/12\\\/Opinion.jpg\",\"datePublished\":\"2025-01-28T09:43:53+00:00\",\"breadcrumb\":{\"@id\":\"https:\\\/\\\/www.eldiario.net\\\/portal\\\/2025\\\/01\\\/28\\\/los-olvidados-de-la-familia-y-de-los-gobiernos\\\/#breadcrumb\"},\"inLanguage\":\"es\",\"potentialAction\":[{\"@type\":\"ReadAction\",\"target\":[\"https:\\\/\\\/www.eldiario.net\\\/portal\\\/2025\\\/01\\\/28\\\/los-olvidados-de-la-familia-y-de-los-gobiernos\\\/\"]}]},{\"@type\":\"ImageObject\",\"inLanguage\":\"es\",\"@id\":\"https:\\\/\\\/www.eldiario.net\\\/portal\\\/2025\\\/01\\\/28\\\/los-olvidados-de-la-familia-y-de-los-gobiernos\\\/#primaryimage\",\"url\":\"https:\\\/\\\/www.eldiario.net\\\/portal\\\/wp-content\\\/uploads\\\/2023\\\/12\\\/Opinion.jpg\",\"contentUrl\":\"https:\\\/\\\/www.eldiario.net\\\/portal\\\/wp-content\\\/uploads\\\/2023\\\/12\\\/Opinion.jpg\",\"width\":800,\"height\":500},{\"@type\":\"BreadcrumbList\",\"@id\":\"https:\\\/\\\/www.eldiario.net\\\/portal\\\/2025\\\/01\\\/28\\\/los-olvidados-de-la-familia-y-de-los-gobiernos\\\/#breadcrumb\",\"itemListElement\":[{\"@type\":\"ListItem\",\"position\":1,\"name\":\"Portada\",\"item\":\"https:\\\/\\\/www.eldiario.net\\\/portal\\\/\"},{\"@type\":\"ListItem\",\"position\":2,\"name\":\"Los olvidados de la familia y de los gobiernos\"}]},{\"@type\":\"WebSite\",\"@id\":\"https:\\\/\\\/www.eldiario.net\\\/portal\\\/#website\",\"url\":\"https:\\\/\\\/www.eldiario.net\\\/portal\\\/\",\"name\":\"El Diario - Decano de la prensa nacional\",\"description\":\"El Diario - Decano de la prensa nacional\",\"publisher\":{\"@id\":\"https:\\\/\\\/www.eldiario.net\\\/portal\\\/#organization\"},\"potentialAction\":[{\"@type\":\"SearchAction\",\"target\":{\"@type\":\"EntryPoint\",\"urlTemplate\":\"https:\\\/\\\/www.eldiario.net\\\/portal\\\/?s={search_term_string}\"},\"query-input\":{\"@type\":\"PropertyValueSpecification\",\"valueRequired\":true,\"valueName\":\"search_term_string\"}}],\"inLanguage\":\"es\"},{\"@type\":\"Organization\",\"@id\":\"https:\\\/\\\/www.eldiario.net\\\/portal\\\/#organization\",\"name\":\"El Diario - Decano de la prensa nacional\",\"url\":\"https:\\\/\\\/www.eldiario.net\\\/portal\\\/\",\"logo\":{\"@type\":\"ImageObject\",\"inLanguage\":\"es\",\"@id\":\"https:\\\/\\\/www.eldiario.net\\\/portal\\\/#\\\/schema\\\/logo\\\/image\\\/\",\"url\":\"https:\\\/\\\/www.eldiario.net\\\/portal\\\/wp-content\\\/uploads\\\/2023\\\/07\\\/logo_ED.jpg\",\"contentUrl\":\"https:\\\/\\\/www.eldiario.net\\\/portal\\\/wp-content\\\/uploads\\\/2023\\\/07\\\/logo_ED.jpg\",\"width\":272,\"height\":52,\"caption\":\"El Diario - Decano de la prensa nacional\"},\"image\":{\"@id\":\"https:\\\/\\\/www.eldiario.net\\\/portal\\\/#\\\/schema\\\/logo\\\/image\\\/\"},\"sameAs\":[\"https:\\\/\\\/www.facebook.com\\\/eldiario.bolivia\\\/\",\"https:\\\/\\\/x.com\\\/eldiario_net\"]},{\"@type\":\"Person\",\"@id\":\"https:\\\/\\\/www.eldiario.net\\\/portal\\\/#\\\/schema\\\/person\\\/f46445640444750d7d753ccd04ae01b7\",\"name\":\"Jeanette\",\"image\":{\"@type\":\"ImageObject\",\"inLanguage\":\"es\",\"@id\":\"https:\\\/\\\/secure.gravatar.com\\\/avatar\\\/3ea2118a5f7dad2b7138b1187a6b7ee55f160b9968b66013c3a3ef39dd7e5798?s=96&d=mm&r=g\",\"url\":\"https:\\\/\\\/secure.gravatar.com\\\/avatar\\\/3ea2118a5f7dad2b7138b1187a6b7ee55f160b9968b66013c3a3ef39dd7e5798?s=96&d=mm&r=g\",\"contentUrl\":\"https:\\\/\\\/secure.gravatar.com\\\/avatar\\\/3ea2118a5f7dad2b7138b1187a6b7ee55f160b9968b66013c3a3ef39dd7e5798?s=96&d=mm&r=g\",\"caption\":\"Jeanette\"},\"sameAs\":[\"https:\\\/\\\/www.eldiario.net\\\/portal\"],\"url\":\"https:\\\/\\\/www.eldiario.net\\\/portal\\\/author\\\/jeanette\\\/\"}]}<\/script>\n<!-- \/ Yoast SEO plugin. -->","yoast_head_json":{"title":"Los olvidados de la familia y de los gobiernos - El Diario - Bolivia","robots":{"index":"index","follow":"follow","max-snippet":"max-snippet:-1","max-image-preview":"max-image-preview:large","max-video-preview":"max-video-preview:-1"},"canonical":"https:\/\/www.eldiario.net\/portal\/2025\/01\/28\/los-olvidados-de-la-familia-y-de-los-gobiernos\/","og_locale":"es_ES","og_type":"article","og_title":"Los olvidados de la familia y de los gobiernos - El Diario - Bolivia","og_description":"Cuando observamos a nuestra madre naturaleza, vemos que permanentemente est\u00e1 cambiando, por la ruptura del equilibrio entre el hombre y la naturaleza, la tala discriminada de los bosques, la contaminaci\u00f3n de los r\u00edos, la contaminaci\u00f3n del medio ambiente, que son factores para que sufra una transformaci\u00f3n el planeta. Los seres humanos somos parte de este [&hellip;]","og_url":"https:\/\/www.eldiario.net\/portal\/2025\/01\/28\/los-olvidados-de-la-familia-y-de-los-gobiernos\/","og_site_name":"El Diario - Bolivia","article_publisher":"https:\/\/www.facebook.com\/eldiario.bolivia\/","article_published_time":"2025-01-28T09:43:53+00:00","og_image":[{"width":800,"height":500,"url":"https:\/\/www.eldiario.net\/portal\/wp-content\/uploads\/2023\/12\/Opinion.jpg","type":"image\/jpeg"}],"author":"Jeanette","twitter_card":"summary_large_image","twitter_creator":"@eldiario_net","twitter_site":"@eldiario_net","twitter_misc":{"Escrito por":"Jeanette","Tiempo de lectura":"4 minutos"},"schema":{"@context":"https:\/\/schema.org","@graph":[{"@type":"Article","@id":"https:\/\/www.eldiario.net\/portal\/2025\/01\/28\/los-olvidados-de-la-familia-y-de-los-gobiernos\/#article","isPartOf":{"@id":"https:\/\/www.eldiario.net\/portal\/2025\/01\/28\/los-olvidados-de-la-familia-y-de-los-gobiernos\/"},"author":{"name":"Jeanette","@id":"https:\/\/www.eldiario.net\/portal\/#\/schema\/person\/f46445640444750d7d753ccd04ae01b7"},"headline":"Los olvidados de la familia y de los gobiernos","datePublished":"2025-01-28T09:43:53+00:00","mainEntityOfPage":{"@id":"https:\/\/www.eldiario.net\/portal\/2025\/01\/28\/los-olvidados-de-la-familia-y-de-los-gobiernos\/"},"wordCount":725,"publisher":{"@id":"https:\/\/www.eldiario.net\/portal\/#organization"},"image":{"@id":"https:\/\/www.eldiario.net\/portal\/2025\/01\/28\/los-olvidados-de-la-familia-y-de-los-gobiernos\/#primaryimage"},"thumbnailUrl":"https:\/\/www.eldiario.net\/portal\/wp-content\/uploads\/2023\/12\/Opinion.jpg","articleSection":["Opini\u00f3n"],"inLanguage":"es"},{"@type":"WebPage","@id":"https:\/\/www.eldiario.net\/portal\/2025\/01\/28\/los-olvidados-de-la-familia-y-de-los-gobiernos\/","url":"https:\/\/www.eldiario.net\/portal\/2025\/01\/28\/los-olvidados-de-la-familia-y-de-los-gobiernos\/","name":"Los olvidados de la familia y de los gobiernos - El Diario - Bolivia","isPartOf":{"@id":"https:\/\/www.eldiario.net\/portal\/#website"},"primaryImageOfPage":{"@id":"https:\/\/www.eldiario.net\/portal\/2025\/01\/28\/los-olvidados-de-la-familia-y-de-los-gobiernos\/#primaryimage"},"image":{"@id":"https:\/\/www.eldiario.net\/portal\/2025\/01\/28\/los-olvidados-de-la-familia-y-de-los-gobiernos\/#primaryimage"},"thumbnailUrl":"https:\/\/www.eldiario.net\/portal\/wp-content\/uploads\/2023\/12\/Opinion.jpg","datePublished":"2025-01-28T09:43:53+00:00","breadcrumb":{"@id":"https:\/\/www.eldiario.net\/portal\/2025\/01\/28\/los-olvidados-de-la-familia-y-de-los-gobiernos\/#breadcrumb"},"inLanguage":"es","potentialAction":[{"@type":"ReadAction","target":["https:\/\/www.eldiario.net\/portal\/2025\/01\/28\/los-olvidados-de-la-familia-y-de-los-gobiernos\/"]}]},{"@type":"ImageObject","inLanguage":"es","@id":"https:\/\/www.eldiario.net\/portal\/2025\/01\/28\/los-olvidados-de-la-familia-y-de-los-gobiernos\/#primaryimage","url":"https:\/\/www.eldiario.net\/portal\/wp-content\/uploads\/2023\/12\/Opinion.jpg","contentUrl":"https:\/\/www.eldiario.net\/portal\/wp-content\/uploads\/2023\/12\/Opinion.jpg","width":800,"height":500},{"@type":"BreadcrumbList","@id":"https:\/\/www.eldiario.net\/portal\/2025\/01\/28\/los-olvidados-de-la-familia-y-de-los-gobiernos\/#breadcrumb","itemListElement":[{"@type":"ListItem","position":1,"name":"Portada","item":"https:\/\/www.eldiario.net\/portal\/"},{"@type":"ListItem","position":2,"name":"Los olvidados de la familia y de los gobiernos"}]},{"@type":"WebSite","@id":"https:\/\/www.eldiario.net\/portal\/#website","url":"https:\/\/www.eldiario.net\/portal\/","name":"El Diario - Decano de la prensa nacional","description":"El Diario - Decano de la prensa nacional","publisher":{"@id":"https:\/\/www.eldiario.net\/portal\/#organization"},"potentialAction":[{"@type":"SearchAction","target":{"@type":"EntryPoint","urlTemplate":"https:\/\/www.eldiario.net\/portal\/?s={search_term_string}"},"query-input":{"@type":"PropertyValueSpecification","valueRequired":true,"valueName":"search_term_string"}}],"inLanguage":"es"},{"@type":"Organization","@id":"https:\/\/www.eldiario.net\/portal\/#organization","name":"El Diario - Decano de la prensa nacional","url":"https:\/\/www.eldiario.net\/portal\/","logo":{"@type":"ImageObject","inLanguage":"es","@id":"https:\/\/www.eldiario.net\/portal\/#\/schema\/logo\/image\/","url":"https:\/\/www.eldiario.net\/portal\/wp-content\/uploads\/2023\/07\/logo_ED.jpg","contentUrl":"https:\/\/www.eldiario.net\/portal\/wp-content\/uploads\/2023\/07\/logo_ED.jpg","width":272,"height":52,"caption":"El Diario - Decano de la prensa nacional"},"image":{"@id":"https:\/\/www.eldiario.net\/portal\/#\/schema\/logo\/image\/"},"sameAs":["https:\/\/www.facebook.com\/eldiario.bolivia\/","https:\/\/x.com\/eldiario_net"]},{"@type":"Person","@id":"https:\/\/www.eldiario.net\/portal\/#\/schema\/person\/f46445640444750d7d753ccd04ae01b7","name":"Jeanette","image":{"@type":"ImageObject","inLanguage":"es","@id":"https:\/\/secure.gravatar.com\/avatar\/3ea2118a5f7dad2b7138b1187a6b7ee55f160b9968b66013c3a3ef39dd7e5798?s=96&d=mm&r=g","url":"https:\/\/secure.gravatar.com\/avatar\/3ea2118a5f7dad2b7138b1187a6b7ee55f160b9968b66013c3a3ef39dd7e5798?s=96&d=mm&r=g","contentUrl":"https:\/\/secure.gravatar.com\/avatar\/3ea2118a5f7dad2b7138b1187a6b7ee55f160b9968b66013c3a3ef39dd7e5798?s=96&d=mm&r=g","caption":"Jeanette"},"sameAs":["https:\/\/www.eldiario.net\/portal"],"url":"https:\/\/www.eldiario.net\/portal\/author\/jeanette\/"}]}},"_links":{"self":[{"href":"https:\/\/www.eldiario.net\/portal\/wp-json\/wp\/v2\/posts\/277634","targetHints":{"allow":["GET"]}}],"collection":[{"href":"https:\/\/www.eldiario.net\/portal\/wp-json\/wp\/v2\/posts"}],"about":[{"href":"https:\/\/www.eldiario.net\/portal\/wp-json\/wp\/v2\/types\/post"}],"author":[{"embeddable":true,"href":"https:\/\/www.eldiario.net\/portal\/wp-json\/wp\/v2\/users\/1"}],"replies":[{"embeddable":true,"href":"https:\/\/www.eldiario.net\/portal\/wp-json\/wp\/v2\/comments?post=277634"}],"version-history":[{"count":1,"href":"https:\/\/www.eldiario.net\/portal\/wp-json\/wp\/v2\/posts\/277634\/revisions"}],"predecessor-version":[{"id":277635,"href":"https:\/\/www.eldiario.net\/portal\/wp-json\/wp\/v2\/posts\/277634\/revisions\/277635"}],"wp:featuredmedia":[{"embeddable":true,"href":"https:\/\/www.eldiario.net\/portal\/wp-json\/wp\/v2\/media\/194790"}],"wp:attachment":[{"href":"https:\/\/www.eldiario.net\/portal\/wp-json\/wp\/v2\/media?parent=277634"}],"wp:term":[{"taxonomy":"category","embeddable":true,"href":"https:\/\/www.eldiario.net\/portal\/wp-json\/wp\/v2\/categories?post=277634"},{"taxonomy":"post_tag","embeddable":true,"href":"https:\/\/www.eldiario.net\/portal\/wp-json\/wp\/v2\/tags?post=277634"}],"curies":[{"name":"wp","href":"https:\/\/api.w.org\/{rel}","templated":true}]}}