{"id":277630,"date":"2025-01-28T05:39:19","date_gmt":"2025-01-28T09:39:19","guid":{"rendered":"https:\/\/www.eldiario.net\/portal\/?p=277630"},"modified":"2025-01-28T05:39:19","modified_gmt":"2025-01-28T09:39:19","slug":"prueba-escrita-e-ilusiones-sembradas","status":"publish","type":"post","link":"https:\/\/www.eldiario.net\/portal\/2025\/01\/28\/prueba-escrita-e-ilusiones-sembradas\/","title":{"rendered":"Prueba escrita e ilusiones sembradas"},"content":{"rendered":"<p>Anualmente, miles de bachilleres y profesionales de distintos campos, se presentan al examen de admisi\u00f3n que se desarrollan en las escuelas superiores de formaci\u00f3n de maestros y unidades acad\u00e9micas, habilitadas dentro del Estado Plurinacional de Bolivia, anteriormente conocidos como \u201cescuelas normales integrales\u201d, gracias a la promulgaci\u00f3n del C\u00f3digo de la Educaci\u00f3n Boliviana (1955).<\/p>\n<p>El s\u00e1bado 25\/01\/2025, con muchas ilusiones sembradas arribaron a las dependencias de la Escuela Superior de Formaci\u00f3n de Maestros \u201cVilla Aroma\u201d, 2.042 postulantes inscritos en la modalidad A: \u201cprueba escrita\u201d, a las especialidades fijadas por las autoridades del ramo: Educaci\u00f3n Primaria Comunitaria Vocacional y Valores Espiritualidades y Religiones. Cuando en a\u00f1os anteriores ten\u00edan 3 especialidades.<\/p>\n<p>Muchos madrugaron desde distintos lugares y comunidades de la provincia Aroma del departamento de La Paz, acompa\u00f1ados de sus amados padres, para rendir de forma presencial la famosa: \u201cprueba escrita\u201d, para de esta forma, venciendo el \u201cexamen de conocimientos\u201d, ingresar con m\u00e9ritos propios a la escuela superior de formaci\u00f3n de maestros. Empezar y concluir su formaci\u00f3n durante cinco a\u00f1os en los campos del saber profesional de maestro normalista: pedagog\u00eda y did\u00e1ctica (ciencia del saber ense\u00f1ar).<\/p>\n<p>Consolidando de esta forma la naturaleza de las escuelas superiores de formaci\u00f3n de maestros, concebidas como: \u201cComunidades de construcci\u00f3n de pensamiento educativo propio y producci\u00f3n de conocimiento pedag\u00f3gico cr\u00edtico, desarrollando procesos de formaci\u00f3n profesional en las dimensiones pedag\u00f3gica, sociocultural y comunitaria, destinada a formar maestros\u2026\u201d (Ministerio de Educaci\u00f3n, 2018, p\u00e1g. 26).<\/p>\n<p>La aplicaci\u00f3n de la prueba escrita despert\u00f3 muchas ilusiones en los postulantes inscritos, sembrando en cada estudiante una esperanza efectiva para encontrar una vocaci\u00f3n, una profesi\u00f3n noble para ejercer la docencia en el Subsistema de Educaci\u00f3n Regular e inculcar conocimientos b\u00e1sicos y generales a los ni\u00f1os de inicial, primaria y secundaria.<\/p>\n<p>Ahora, qui\u00e9rase o no reconocer, en el sistema educativo la famosa prueba escrita o \u201cexamen de conocimientos\u201d, fue muy controversial desde siempre y temido por los estudiantes y la sociedad en su conjunto; presumimos por la deficiente o p\u00e9sima formaci\u00f3n acad\u00e9mica que hemos recibido en el nivel secundario, e incluso en educaci\u00f3n superior en ciencias f\u00e1cticas (sociales-lenguaje) y formales (matem\u00e1tica-f\u00edsica-qu\u00edmica), con profesores que no eran de especialidad ni especializados, fundamentalmente en unidades educativas de reciente creaci\u00f3n.<\/p>\n<p>En el \u00e1rea provincial, recuerdo que los docentes improvisaban clases en ciencias formales, porque faltaban docentes de especialidad. Y sent\u00edamos a la conclusi\u00f3n del a\u00f1o escolar que ten\u00edamos pocos contenidos avanzados. Claro, las consecuencias las notamos y las asumimos con muchos remordimientos de conciencia, cuando pretend\u00edamos ingresar con \u201cprueba escrita\u201d, a una escuela normal y universidad.<\/p>\n<p>Entonces, nuestra recomendaci\u00f3n para vencer barrera de la prueba escrita e ingreso con m\u00e9ritos personales a una instituci\u00f3n de educaci\u00f3n superior; la llave m\u00e1gica es el \u201cestudio\u201d, lectura constante y comprensiva con el debido tiempo, tomar en serio conocimientos recibidos en nivel secundario, asistir a centros de capacitaci\u00f3n o avalanchas acad\u00e9micas, aplicar t\u00e9cnicas de estudio (res\u00famenes, esquemas, etc.), memorizar conceptos y caracter\u00edsticas centrales de los contenidos, que presumen que ingresar\u00e1n a la prueba escrita.<\/p>\n<p>Finalmente, corresponde motivar y levantar la moral de los postulantes que quedaron rezagados de la prueba escrita; \u00e1nimos, j\u00f3venes, la vida contin\u00faa y continuar\u00e1, no bajen la guardia, menos la cabeza porque sembraron sus compromisos y esperanzas personales en la b\u00fasqueda de una vocaci\u00f3n profesional. Intenten nuevamente en la gesti\u00f3n siguiente, pero con la ventaja de una mejor preparaci\u00f3n y estudio acad\u00e9mico&#8230;<\/p>\n<p>&nbsp;<\/p>\n<p>raulalberto1911@gmail.com<\/p>\n","protected":false},"excerpt":{"rendered":"<p>Anualmente, miles de bachilleres y profesionales de distintos campos, se presentan al examen de admisi\u00f3n que se desarrollan en las escuelas superiores de formaci\u00f3n de maestros y unidades acad\u00e9micas, habilitadas dentro del Estado Plurinacional de Bolivia, anteriormente conocidos como \u201cescuelas normales integrales\u201d, gracias a la promulgaci\u00f3n del C\u00f3digo de la Educaci\u00f3n Boliviana (1955). El s\u00e1bado [&hellip;]<\/p>\n","protected":false},"author":1,"featured_media":171059,"comment_status":"closed","ping_status":"open","sticky":false,"template":"","format":"standard","meta":{"_acf_changed":false,"footnotes":""},"categories":[9],"tags":[],"class_list":["post-277630","post","type-post","status-publish","format-standard","has-post-thumbnail","category-opinion"],"acf":{"antetitulo":""},"yoast_head":"<!-- This site is optimized with the Yoast SEO plugin v28.4 - https:\/\/yoast.com\/product\/yoast-seo-wordpress\/ -->\n<title>Prueba escrita e ilusiones sembradas - El Diario - Bolivia<\/title>\n<meta name=\"robots\" content=\"index, follow, max-snippet:-1, max-image-preview:large, max-video-preview:-1\" \/>\n<link rel=\"canonical\" href=\"https:\/\/www.eldiario.net\/portal\/2025\/01\/28\/prueba-escrita-e-ilusiones-sembradas\/\" \/>\n<meta property=\"og:locale\" content=\"es_ES\" \/>\n<meta property=\"og:type\" content=\"article\" \/>\n<meta property=\"og:title\" content=\"Prueba escrita e ilusiones sembradas - El Diario - Bolivia\" \/>\n<meta property=\"og:description\" content=\"Anualmente, miles de bachilleres y profesionales de distintos campos, se presentan al examen de admisi\u00f3n que se desarrollan en las escuelas superiores de formaci\u00f3n de maestros y unidades acad\u00e9micas, habilitadas dentro del Estado Plurinacional de Bolivia, anteriormente conocidos como \u201cescuelas normales integrales\u201d, gracias a la promulgaci\u00f3n del C\u00f3digo de la Educaci\u00f3n Boliviana (1955). El s\u00e1bado [&hellip;]\" \/>\n<meta property=\"og:url\" content=\"https:\/\/www.eldiario.net\/portal\/2025\/01\/28\/prueba-escrita-e-ilusiones-sembradas\/\" \/>\n<meta property=\"og:site_name\" content=\"El Diario - Bolivia\" \/>\n<meta property=\"article:publisher\" content=\"https:\/\/www.facebook.com\/eldiario.bolivia\/\" \/>\n<meta property=\"article:published_time\" content=\"2025-01-28T09:39:19+00:00\" \/>\n<meta property=\"og:image\" content=\"https:\/\/www.eldiario.net\/portal\/wp-content\/uploads\/2023\/08\/Raul-Alberto-Quispe-Catacora.jpg\" \/>\n\t<meta property=\"og:image:width\" content=\"1200\" \/>\n\t<meta property=\"og:image:height\" content=\"628\" \/>\n\t<meta property=\"og:image:type\" content=\"image\/jpeg\" \/>\n<meta name=\"author\" content=\"Jeanette\" \/>\n<meta name=\"twitter:card\" content=\"summary_large_image\" \/>\n<meta name=\"twitter:creator\" content=\"@eldiario_net\" \/>\n<meta name=\"twitter:site\" content=\"@eldiario_net\" \/>\n<meta name=\"twitter:label1\" content=\"Escrito por\" \/>\n\t<meta name=\"twitter:data1\" content=\"Jeanette\" \/>\n\t<meta name=\"twitter:label2\" content=\"Tiempo de lectura\" \/>\n\t<meta name=\"twitter:data2\" content=\"3 minutos\" \/>\n<script type=\"application\/ld+json\" class=\"yoast-schema-graph\">{\"@context\":\"https:\\\/\\\/schema.org\",\"@graph\":[{\"@type\":\"Article\",\"@id\":\"https:\\\/\\\/www.eldiario.net\\\/portal\\\/2025\\\/01\\\/28\\\/prueba-escrita-e-ilusiones-sembradas\\\/#article\",\"isPartOf\":{\"@id\":\"https:\\\/\\\/www.eldiario.net\\\/portal\\\/2025\\\/01\\\/28\\\/prueba-escrita-e-ilusiones-sembradas\\\/\"},\"author\":{\"name\":\"Jeanette\",\"@id\":\"https:\\\/\\\/www.eldiario.net\\\/portal\\\/#\\\/schema\\\/person\\\/f46445640444750d7d753ccd04ae01b7\"},\"headline\":\"Prueba escrita e ilusiones sembradas\",\"datePublished\":\"2025-01-28T09:39:19+00:00\",\"mainEntityOfPage\":{\"@id\":\"https:\\\/\\\/www.eldiario.net\\\/portal\\\/2025\\\/01\\\/28\\\/prueba-escrita-e-ilusiones-sembradas\\\/\"},\"wordCount\":623,\"publisher\":{\"@id\":\"https:\\\/\\\/www.eldiario.net\\\/portal\\\/#organization\"},\"image\":{\"@id\":\"https:\\\/\\\/www.eldiario.net\\\/portal\\\/2025\\\/01\\\/28\\\/prueba-escrita-e-ilusiones-sembradas\\\/#primaryimage\"},\"thumbnailUrl\":\"https:\\\/\\\/www.eldiario.net\\\/portal\\\/wp-content\\\/uploads\\\/2023\\\/08\\\/Raul-Alberto-Quispe-Catacora.jpg\",\"articleSection\":[\"Opini\u00f3n\"],\"inLanguage\":\"es\"},{\"@type\":\"WebPage\",\"@id\":\"https:\\\/\\\/www.eldiario.net\\\/portal\\\/2025\\\/01\\\/28\\\/prueba-escrita-e-ilusiones-sembradas\\\/\",\"url\":\"https:\\\/\\\/www.eldiario.net\\\/portal\\\/2025\\\/01\\\/28\\\/prueba-escrita-e-ilusiones-sembradas\\\/\",\"name\":\"Prueba escrita e ilusiones sembradas - El Diario - Bolivia\",\"isPartOf\":{\"@id\":\"https:\\\/\\\/www.eldiario.net\\\/portal\\\/#website\"},\"primaryImageOfPage\":{\"@id\":\"https:\\\/\\\/www.eldiario.net\\\/portal\\\/2025\\\/01\\\/28\\\/prueba-escrita-e-ilusiones-sembradas\\\/#primaryimage\"},\"image\":{\"@id\":\"https:\\\/\\\/www.eldiario.net\\\/portal\\\/2025\\\/01\\\/28\\\/prueba-escrita-e-ilusiones-sembradas\\\/#primaryimage\"},\"thumbnailUrl\":\"https:\\\/\\\/www.eldiario.net\\\/portal\\\/wp-content\\\/uploads\\\/2023\\\/08\\\/Raul-Alberto-Quispe-Catacora.jpg\",\"datePublished\":\"2025-01-28T09:39:19+00:00\",\"breadcrumb\":{\"@id\":\"https:\\\/\\\/www.eldiario.net\\\/portal\\\/2025\\\/01\\\/28\\\/prueba-escrita-e-ilusiones-sembradas\\\/#breadcrumb\"},\"inLanguage\":\"es\",\"potentialAction\":[{\"@type\":\"ReadAction\",\"target\":[\"https:\\\/\\\/www.eldiario.net\\\/portal\\\/2025\\\/01\\\/28\\\/prueba-escrita-e-ilusiones-sembradas\\\/\"]}]},{\"@type\":\"ImageObject\",\"inLanguage\":\"es\",\"@id\":\"https:\\\/\\\/www.eldiario.net\\\/portal\\\/2025\\\/01\\\/28\\\/prueba-escrita-e-ilusiones-sembradas\\\/#primaryimage\",\"url\":\"https:\\\/\\\/www.eldiario.net\\\/portal\\\/wp-content\\\/uploads\\\/2023\\\/08\\\/Raul-Alberto-Quispe-Catacora.jpg\",\"contentUrl\":\"https:\\\/\\\/www.eldiario.net\\\/portal\\\/wp-content\\\/uploads\\\/2023\\\/08\\\/Raul-Alberto-Quispe-Catacora.jpg\",\"width\":1200,\"height\":628,\"caption\":\"Ra\u00fal Alberto Quispe Catacora\"},{\"@type\":\"BreadcrumbList\",\"@id\":\"https:\\\/\\\/www.eldiario.net\\\/portal\\\/2025\\\/01\\\/28\\\/prueba-escrita-e-ilusiones-sembradas\\\/#breadcrumb\",\"itemListElement\":[{\"@type\":\"ListItem\",\"position\":1,\"name\":\"Portada\",\"item\":\"https:\\\/\\\/www.eldiario.net\\\/portal\\\/\"},{\"@type\":\"ListItem\",\"position\":2,\"name\":\"Prueba escrita e ilusiones sembradas\"}]},{\"@type\":\"WebSite\",\"@id\":\"https:\\\/\\\/www.eldiario.net\\\/portal\\\/#website\",\"url\":\"https:\\\/\\\/www.eldiario.net\\\/portal\\\/\",\"name\":\"El Diario - Decano de la prensa nacional\",\"description\":\"El Diario - Decano de la prensa nacional\",\"publisher\":{\"@id\":\"https:\\\/\\\/www.eldiario.net\\\/portal\\\/#organization\"},\"potentialAction\":[{\"@type\":\"SearchAction\",\"target\":{\"@type\":\"EntryPoint\",\"urlTemplate\":\"https:\\\/\\\/www.eldiario.net\\\/portal\\\/?s={search_term_string}\"},\"query-input\":{\"@type\":\"PropertyValueSpecification\",\"valueRequired\":true,\"valueName\":\"search_term_string\"}}],\"inLanguage\":\"es\"},{\"@type\":\"Organization\",\"@id\":\"https:\\\/\\\/www.eldiario.net\\\/portal\\\/#organization\",\"name\":\"El Diario - Decano de la prensa nacional\",\"url\":\"https:\\\/\\\/www.eldiario.net\\\/portal\\\/\",\"logo\":{\"@type\":\"ImageObject\",\"inLanguage\":\"es\",\"@id\":\"https:\\\/\\\/www.eldiario.net\\\/portal\\\/#\\\/schema\\\/logo\\\/image\\\/\",\"url\":\"https:\\\/\\\/www.eldiario.net\\\/portal\\\/wp-content\\\/uploads\\\/2023\\\/07\\\/logo_ED.jpg\",\"contentUrl\":\"https:\\\/\\\/www.eldiario.net\\\/portal\\\/wp-content\\\/uploads\\\/2023\\\/07\\\/logo_ED.jpg\",\"width\":272,\"height\":52,\"caption\":\"El Diario - Decano de la prensa nacional\"},\"image\":{\"@id\":\"https:\\\/\\\/www.eldiario.net\\\/portal\\\/#\\\/schema\\\/logo\\\/image\\\/\"},\"sameAs\":[\"https:\\\/\\\/www.facebook.com\\\/eldiario.bolivia\\\/\",\"https:\\\/\\\/x.com\\\/eldiario_net\"]},{\"@type\":\"Person\",\"@id\":\"https:\\\/\\\/www.eldiario.net\\\/portal\\\/#\\\/schema\\\/person\\\/f46445640444750d7d753ccd04ae01b7\",\"name\":\"Jeanette\",\"image\":{\"@type\":\"ImageObject\",\"inLanguage\":\"es\",\"@id\":\"https:\\\/\\\/secure.gravatar.com\\\/avatar\\\/3ea2118a5f7dad2b7138b1187a6b7ee55f160b9968b66013c3a3ef39dd7e5798?s=96&d=mm&r=g\",\"url\":\"https:\\\/\\\/secure.gravatar.com\\\/avatar\\\/3ea2118a5f7dad2b7138b1187a6b7ee55f160b9968b66013c3a3ef39dd7e5798?s=96&d=mm&r=g\",\"contentUrl\":\"https:\\\/\\\/secure.gravatar.com\\\/avatar\\\/3ea2118a5f7dad2b7138b1187a6b7ee55f160b9968b66013c3a3ef39dd7e5798?s=96&d=mm&r=g\",\"caption\":\"Jeanette\"},\"sameAs\":[\"https:\\\/\\\/www.eldiario.net\\\/portal\"],\"url\":\"https:\\\/\\\/www.eldiario.net\\\/portal\\\/author\\\/jeanette\\\/\"}]}<\/script>\n<!-- \/ Yoast SEO plugin. -->","yoast_head_json":{"title":"Prueba escrita e ilusiones sembradas - El Diario - Bolivia","robots":{"index":"index","follow":"follow","max-snippet":"max-snippet:-1","max-image-preview":"max-image-preview:large","max-video-preview":"max-video-preview:-1"},"canonical":"https:\/\/www.eldiario.net\/portal\/2025\/01\/28\/prueba-escrita-e-ilusiones-sembradas\/","og_locale":"es_ES","og_type":"article","og_title":"Prueba escrita e ilusiones sembradas - El Diario - Bolivia","og_description":"Anualmente, miles de bachilleres y profesionales de distintos campos, se presentan al examen de admisi\u00f3n que se desarrollan en las escuelas superiores de formaci\u00f3n de maestros y unidades acad\u00e9micas, habilitadas dentro del Estado Plurinacional de Bolivia, anteriormente conocidos como \u201cescuelas normales integrales\u201d, gracias a la promulgaci\u00f3n del C\u00f3digo de la Educaci\u00f3n Boliviana (1955). El s\u00e1bado [&hellip;]","og_url":"https:\/\/www.eldiario.net\/portal\/2025\/01\/28\/prueba-escrita-e-ilusiones-sembradas\/","og_site_name":"El Diario - Bolivia","article_publisher":"https:\/\/www.facebook.com\/eldiario.bolivia\/","article_published_time":"2025-01-28T09:39:19+00:00","og_image":[{"width":1200,"height":628,"url":"https:\/\/www.eldiario.net\/portal\/wp-content\/uploads\/2023\/08\/Raul-Alberto-Quispe-Catacora.jpg","type":"image\/jpeg"}],"author":"Jeanette","twitter_card":"summary_large_image","twitter_creator":"@eldiario_net","twitter_site":"@eldiario_net","twitter_misc":{"Escrito por":"Jeanette","Tiempo de lectura":"3 minutos"},"schema":{"@context":"https:\/\/schema.org","@graph":[{"@type":"Article","@id":"https:\/\/www.eldiario.net\/portal\/2025\/01\/28\/prueba-escrita-e-ilusiones-sembradas\/#article","isPartOf":{"@id":"https:\/\/www.eldiario.net\/portal\/2025\/01\/28\/prueba-escrita-e-ilusiones-sembradas\/"},"author":{"name":"Jeanette","@id":"https:\/\/www.eldiario.net\/portal\/#\/schema\/person\/f46445640444750d7d753ccd04ae01b7"},"headline":"Prueba escrita e ilusiones sembradas","datePublished":"2025-01-28T09:39:19+00:00","mainEntityOfPage":{"@id":"https:\/\/www.eldiario.net\/portal\/2025\/01\/28\/prueba-escrita-e-ilusiones-sembradas\/"},"wordCount":623,"publisher":{"@id":"https:\/\/www.eldiario.net\/portal\/#organization"},"image":{"@id":"https:\/\/www.eldiario.net\/portal\/2025\/01\/28\/prueba-escrita-e-ilusiones-sembradas\/#primaryimage"},"thumbnailUrl":"https:\/\/www.eldiario.net\/portal\/wp-content\/uploads\/2023\/08\/Raul-Alberto-Quispe-Catacora.jpg","articleSection":["Opini\u00f3n"],"inLanguage":"es"},{"@type":"WebPage","@id":"https:\/\/www.eldiario.net\/portal\/2025\/01\/28\/prueba-escrita-e-ilusiones-sembradas\/","url":"https:\/\/www.eldiario.net\/portal\/2025\/01\/28\/prueba-escrita-e-ilusiones-sembradas\/","name":"Prueba escrita e ilusiones sembradas - El Diario - Bolivia","isPartOf":{"@id":"https:\/\/www.eldiario.net\/portal\/#website"},"primaryImageOfPage":{"@id":"https:\/\/www.eldiario.net\/portal\/2025\/01\/28\/prueba-escrita-e-ilusiones-sembradas\/#primaryimage"},"image":{"@id":"https:\/\/www.eldiario.net\/portal\/2025\/01\/28\/prueba-escrita-e-ilusiones-sembradas\/#primaryimage"},"thumbnailUrl":"https:\/\/www.eldiario.net\/portal\/wp-content\/uploads\/2023\/08\/Raul-Alberto-Quispe-Catacora.jpg","datePublished":"2025-01-28T09:39:19+00:00","breadcrumb":{"@id":"https:\/\/www.eldiario.net\/portal\/2025\/01\/28\/prueba-escrita-e-ilusiones-sembradas\/#breadcrumb"},"inLanguage":"es","potentialAction":[{"@type":"ReadAction","target":["https:\/\/www.eldiario.net\/portal\/2025\/01\/28\/prueba-escrita-e-ilusiones-sembradas\/"]}]},{"@type":"ImageObject","inLanguage":"es","@id":"https:\/\/www.eldiario.net\/portal\/2025\/01\/28\/prueba-escrita-e-ilusiones-sembradas\/#primaryimage","url":"https:\/\/www.eldiario.net\/portal\/wp-content\/uploads\/2023\/08\/Raul-Alberto-Quispe-Catacora.jpg","contentUrl":"https:\/\/www.eldiario.net\/portal\/wp-content\/uploads\/2023\/08\/Raul-Alberto-Quispe-Catacora.jpg","width":1200,"height":628,"caption":"Ra\u00fal Alberto Quispe Catacora"},{"@type":"BreadcrumbList","@id":"https:\/\/www.eldiario.net\/portal\/2025\/01\/28\/prueba-escrita-e-ilusiones-sembradas\/#breadcrumb","itemListElement":[{"@type":"ListItem","position":1,"name":"Portada","item":"https:\/\/www.eldiario.net\/portal\/"},{"@type":"ListItem","position":2,"name":"Prueba escrita e ilusiones sembradas"}]},{"@type":"WebSite","@id":"https:\/\/www.eldiario.net\/portal\/#website","url":"https:\/\/www.eldiario.net\/portal\/","name":"El Diario - Decano de la prensa nacional","description":"El Diario - Decano de la prensa nacional","publisher":{"@id":"https:\/\/www.eldiario.net\/portal\/#organization"},"potentialAction":[{"@type":"SearchAction","target":{"@type":"EntryPoint","urlTemplate":"https:\/\/www.eldiario.net\/portal\/?s={search_term_string}"},"query-input":{"@type":"PropertyValueSpecification","valueRequired":true,"valueName":"search_term_string"}}],"inLanguage":"es"},{"@type":"Organization","@id":"https:\/\/www.eldiario.net\/portal\/#organization","name":"El Diario - Decano de la prensa nacional","url":"https:\/\/www.eldiario.net\/portal\/","logo":{"@type":"ImageObject","inLanguage":"es","@id":"https:\/\/www.eldiario.net\/portal\/#\/schema\/logo\/image\/","url":"https:\/\/www.eldiario.net\/portal\/wp-content\/uploads\/2023\/07\/logo_ED.jpg","contentUrl":"https:\/\/www.eldiario.net\/portal\/wp-content\/uploads\/2023\/07\/logo_ED.jpg","width":272,"height":52,"caption":"El Diario - Decano de la prensa nacional"},"image":{"@id":"https:\/\/www.eldiario.net\/portal\/#\/schema\/logo\/image\/"},"sameAs":["https:\/\/www.facebook.com\/eldiario.bolivia\/","https:\/\/x.com\/eldiario_net"]},{"@type":"Person","@id":"https:\/\/www.eldiario.net\/portal\/#\/schema\/person\/f46445640444750d7d753ccd04ae01b7","name":"Jeanette","image":{"@type":"ImageObject","inLanguage":"es","@id":"https:\/\/secure.gravatar.com\/avatar\/3ea2118a5f7dad2b7138b1187a6b7ee55f160b9968b66013c3a3ef39dd7e5798?s=96&d=mm&r=g","url":"https:\/\/secure.gravatar.com\/avatar\/3ea2118a5f7dad2b7138b1187a6b7ee55f160b9968b66013c3a3ef39dd7e5798?s=96&d=mm&r=g","contentUrl":"https:\/\/secure.gravatar.com\/avatar\/3ea2118a5f7dad2b7138b1187a6b7ee55f160b9968b66013c3a3ef39dd7e5798?s=96&d=mm&r=g","caption":"Jeanette"},"sameAs":["https:\/\/www.eldiario.net\/portal"],"url":"https:\/\/www.eldiario.net\/portal\/author\/jeanette\/"}]}},"_links":{"self":[{"href":"https:\/\/www.eldiario.net\/portal\/wp-json\/wp\/v2\/posts\/277630","targetHints":{"allow":["GET"]}}],"collection":[{"href":"https:\/\/www.eldiario.net\/portal\/wp-json\/wp\/v2\/posts"}],"about":[{"href":"https:\/\/www.eldiario.net\/portal\/wp-json\/wp\/v2\/types\/post"}],"author":[{"embeddable":true,"href":"https:\/\/www.eldiario.net\/portal\/wp-json\/wp\/v2\/users\/1"}],"replies":[{"embeddable":true,"href":"https:\/\/www.eldiario.net\/portal\/wp-json\/wp\/v2\/comments?post=277630"}],"version-history":[{"count":1,"href":"https:\/\/www.eldiario.net\/portal\/wp-json\/wp\/v2\/posts\/277630\/revisions"}],"predecessor-version":[{"id":277631,"href":"https:\/\/www.eldiario.net\/portal\/wp-json\/wp\/v2\/posts\/277630\/revisions\/277631"}],"wp:featuredmedia":[{"embeddable":true,"href":"https:\/\/www.eldiario.net\/portal\/wp-json\/wp\/v2\/media\/171059"}],"wp:attachment":[{"href":"https:\/\/www.eldiario.net\/portal\/wp-json\/wp\/v2\/media?parent=277630"}],"wp:term":[{"taxonomy":"category","embeddable":true,"href":"https:\/\/www.eldiario.net\/portal\/wp-json\/wp\/v2\/categories?post=277630"},{"taxonomy":"post_tag","embeddable":true,"href":"https:\/\/www.eldiario.net\/portal\/wp-json\/wp\/v2\/tags?post=277630"}],"curies":[{"name":"wp","href":"https:\/\/api.w.org\/{rel}","templated":true}]}}