{"id":277628,"date":"2025-01-28T05:38:46","date_gmt":"2025-01-28T09:38:46","guid":{"rendered":"https:\/\/www.eldiario.net\/portal\/?p=277628"},"modified":"2025-01-28T05:38:46","modified_gmt":"2025-01-28T09:38:46","slug":"premiar-y-castigar","status":"publish","type":"post","link":"https:\/\/www.eldiario.net\/portal\/2025\/01\/28\/premiar-y-castigar\/","title":{"rendered":"Premiar y castigar"},"content":{"rendered":"<p>No matar\u00e1s, no robar\u00e1s, no\u2026 As\u00ed lo dictan los dec\u00e1logos \u00e9ticos de las principales religiones monote\u00edstas. Igualmente, en todo el mundo, constituciones pol\u00edticas, normas de buena conducta, reglas y principios de acci\u00f3n son m\u00e1s o menos compendios donde se describe con detalle determinadas interdicciones y las respectivas puniciones ante su incumplimiento, trasgresi\u00f3n o directamente violaci\u00f3n. De forma similar a como ocurre con el cristianismo, en el que el \u201cpecado\u201d puede cometerse por acci\u00f3n, omisi\u00f3n, palabra o pensamiento, en el Derecho siempre encontraremos las mismas figuras de interdicci\u00f3n (exceptuando quiz\u00e1s por nuestros \u00edntimos pensamientos, que ning\u00fan ser humano puede conocer, salvo nosotros mismos), que si bien remozadas y adecuadas a determinadas situaciones espec\u00edficas para cada cultura, dada su omnipresencia, vendr\u00edan a representar una caracter\u00edstica propia de nuestra especie.<\/p>\n<p>Pero s\u00ed, podemos asegurar que el castigo es un hecho sociol\u00f3gico e hist\u00f3rico, del cual s\u00f3lo deber\u00edamos temer sus excesos y sus injusticias, pero no su existencia misma (pues toda punici\u00f3n sirve objetivamente para prevenir los desbordes), \u00bfd\u00f3nde qued\u00f3 la recompensa para las \u201cbuenas acciones\u201d? Efectivamente, las recompensas a los logros tambi\u00e9n han existido a lo largo de la historia, pero en general han sido menos numerosas que los castigos, y en cuanto a su \u201cimpacto\u201d \u2013tr\u00e1tense de los actuales premios Nobel o de las antiguas distinciones que recib\u00edan los bravos guerreros\u2013, quiz\u00e1s no superen el que producen las m\u00e1ximas puniciones como la horca, la guillotina, el fusilamiento, el linchamiento, etc., como formas desbocadas de la violencia.<\/p>\n<p>Aqu\u00ed existe una clara asimetr\u00eda entre el castigo y la recompensa. A no ser que se traten de eventos realmente excepcionales, las recompensas no se las concede normalmente por las peque\u00f1as acciones diarias que se estima socialmente como \u201cbuenas\u201d o \u201cbenefactoras\u201d, mientras que su trasgresi\u00f3n, o peor, la subversi\u00f3n de las mismas provoca un efecto inmediato, un castigo. Es algo propio de muchas culturas y que data de la antig\u00fcedad. As\u00ed, para el fil\u00f3sofo S\u00f3crates, es mejor padecer un mal que cometerlo, y si se ha cometido alguna injusticia o mal, es peor a\u00fan escapar del castigo que ser castigado\u2026 ello por su propio bien y el de la sociedad en que vive. Dicho con discreci\u00f3n, el castigo se impone por s\u00ed mismo como necesario y bueno.<\/p>\n<p>Y esto lo vemos cada d\u00eda, en nuestra vida corriente. Por ejemplo, sea porque en la ma\u00f1ana un joven nos empuje en la calle sin pedirnos perd\u00f3n, o porque un vecino bote la basura en un espacio p\u00fablico que debiera tenerse limpio, y aunque no exista un castigo efectivo en los hechos, como una reprimenda o un insulto, nuestro rechazo ser\u00e1 inmediato. En cambio, un simple gesto de ayuda del mismo joven hacia un anciano, o del mismo vecino respecto de su ciudad, las m\u00e1s de las veces acabar\u00e1n como una gentil sonrisa, o con un simple \u201cgracias\u201d. Claro est\u00e1, toda sociedad tiene para s\u00ed sus propios criterios de urbanidad y de respeto por los dem\u00e1s, y lo m\u00e1s l\u00f3gico ser\u00eda pensar que debieran cumplirse sin que exista un premio de por medio, justamente porque se trata de un conjunto de c\u00f3digos de convivencia colectiva, a veces no escritos, que se supone todo el mundo respeta y pone en pr\u00e1ctica. Y sin embargo constatamos en los hechos otra realidad.<\/p>\n<p>Poco a poco la transgresi\u00f3n, en todos sus sentidos, se transforma en la norma. De hecho, el endurecimiento de las condenas penales, aunque comprensible en ciertos contextos, no debiera ser justificable sin m\u00e1s. Castigar con severidad extrema hechos graves implica una escalada de violencia. Esto porque la l\u00f3gica de este endurecimiento es una respuesta violenta (legitimada, pero violenta, al fin y al cabo) ante actos de violencia que precisamente se quiere erradicar.<\/p>\n<p>S\u00ed, es cierto que los humanos funcionamos eficientemente a trav\u00e9s del \u201ccastigo\u201d, pues as\u00ed lo demuestran la psicolog\u00eda y hasta la biolog\u00eda. Pero tambi\u00e9n es cierto que la \u201crecompensa\u201d, bien empleada, puede convertirse en un excelente reforzador de determinadas conductas y puede promover buenos comportamientos. Esto exigir\u00e1 una reingenier\u00eda del coraz\u00f3n y de la mente. Y despu\u00e9s de todo, si nuestra especie ha sido capaz de logros materiales sorprendentes, \u00bfpor qu\u00e9 no pensar en una sociedad mejor y que evolucione hacia el bien colectivo? Acaso sea una utop\u00eda m\u00e1s, pero nunca lo sabremos realmente si no nos ponemos manos a la obra. Premiar las buenas acciones es mejor que castigar las malas acciones.<\/p>\n","protected":false},"excerpt":{"rendered":"<p>No matar\u00e1s, no robar\u00e1s, no\u2026 As\u00ed lo dictan los dec\u00e1logos \u00e9ticos de las principales religiones monote\u00edstas. Igualmente, en todo el mundo, constituciones pol\u00edticas, normas de buena conducta, reglas y principios de acci\u00f3n son m\u00e1s o menos compendios donde se describe con detalle determinadas interdicciones y las respectivas puniciones ante su incumplimiento, trasgresi\u00f3n o directamente violaci\u00f3n. [&hellip;]<\/p>\n","protected":false},"author":1,"featured_media":194790,"comment_status":"closed","ping_status":"open","sticky":false,"template":"","format":"standard","meta":{"_acf_changed":false,"footnotes":""},"categories":[9],"tags":[],"class_list":["post-277628","post","type-post","status-publish","format-standard","has-post-thumbnail","category-opinion"],"acf":{"antetitulo":""},"yoast_head":"<!-- This site is optimized with the Yoast SEO plugin v28.4 - https:\/\/yoast.com\/product\/yoast-seo-wordpress\/ -->\n<title>Premiar y castigar - El Diario - Bolivia<\/title>\n<meta name=\"robots\" content=\"index, follow, max-snippet:-1, max-image-preview:large, max-video-preview:-1\" \/>\n<link rel=\"canonical\" href=\"https:\/\/www.eldiario.net\/portal\/2025\/01\/28\/premiar-y-castigar\/\" \/>\n<meta property=\"og:locale\" content=\"es_ES\" \/>\n<meta property=\"og:type\" content=\"article\" \/>\n<meta property=\"og:title\" content=\"Premiar y castigar - El Diario - Bolivia\" \/>\n<meta property=\"og:description\" content=\"No matar\u00e1s, no robar\u00e1s, no\u2026 As\u00ed lo dictan los dec\u00e1logos \u00e9ticos de las principales religiones monote\u00edstas. Igualmente, en todo el mundo, constituciones pol\u00edticas, normas de buena conducta, reglas y principios de acci\u00f3n son m\u00e1s o menos compendios donde se describe con detalle determinadas interdicciones y las respectivas puniciones ante su incumplimiento, trasgresi\u00f3n o directamente violaci\u00f3n. [&hellip;]\" \/>\n<meta property=\"og:url\" content=\"https:\/\/www.eldiario.net\/portal\/2025\/01\/28\/premiar-y-castigar\/\" \/>\n<meta property=\"og:site_name\" content=\"El Diario - Bolivia\" \/>\n<meta property=\"article:publisher\" content=\"https:\/\/www.facebook.com\/eldiario.bolivia\/\" \/>\n<meta property=\"article:published_time\" content=\"2025-01-28T09:38:46+00:00\" \/>\n<meta property=\"og:image\" content=\"https:\/\/www.eldiario.net\/portal\/wp-content\/uploads\/2023\/12\/Opinion.jpg\" \/>\n\t<meta property=\"og:image:width\" content=\"800\" \/>\n\t<meta property=\"og:image:height\" content=\"500\" \/>\n\t<meta property=\"og:image:type\" content=\"image\/jpeg\" \/>\n<meta name=\"author\" content=\"Jeanette\" \/>\n<meta name=\"twitter:card\" content=\"summary_large_image\" \/>\n<meta name=\"twitter:creator\" content=\"@eldiario_net\" \/>\n<meta name=\"twitter:site\" content=\"@eldiario_net\" \/>\n<meta name=\"twitter:label1\" content=\"Escrito por\" \/>\n\t<meta name=\"twitter:data1\" content=\"Jeanette\" \/>\n\t<meta name=\"twitter:label2\" content=\"Tiempo de lectura\" \/>\n\t<meta name=\"twitter:data2\" content=\"4 minutos\" \/>\n<script type=\"application\/ld+json\" class=\"yoast-schema-graph\">{\"@context\":\"https:\\\/\\\/schema.org\",\"@graph\":[{\"@type\":\"Article\",\"@id\":\"https:\\\/\\\/www.eldiario.net\\\/portal\\\/2025\\\/01\\\/28\\\/premiar-y-castigar\\\/#article\",\"isPartOf\":{\"@id\":\"https:\\\/\\\/www.eldiario.net\\\/portal\\\/2025\\\/01\\\/28\\\/premiar-y-castigar\\\/\"},\"author\":{\"name\":\"Jeanette\",\"@id\":\"https:\\\/\\\/www.eldiario.net\\\/portal\\\/#\\\/schema\\\/person\\\/f46445640444750d7d753ccd04ae01b7\"},\"headline\":\"Premiar y castigar\",\"datePublished\":\"2025-01-28T09:38:46+00:00\",\"mainEntityOfPage\":{\"@id\":\"https:\\\/\\\/www.eldiario.net\\\/portal\\\/2025\\\/01\\\/28\\\/premiar-y-castigar\\\/\"},\"wordCount\":789,\"publisher\":{\"@id\":\"https:\\\/\\\/www.eldiario.net\\\/portal\\\/#organization\"},\"image\":{\"@id\":\"https:\\\/\\\/www.eldiario.net\\\/portal\\\/2025\\\/01\\\/28\\\/premiar-y-castigar\\\/#primaryimage\"},\"thumbnailUrl\":\"https:\\\/\\\/www.eldiario.net\\\/portal\\\/wp-content\\\/uploads\\\/2023\\\/12\\\/Opinion.jpg\",\"articleSection\":[\"Opini\u00f3n\"],\"inLanguage\":\"es\"},{\"@type\":\"WebPage\",\"@id\":\"https:\\\/\\\/www.eldiario.net\\\/portal\\\/2025\\\/01\\\/28\\\/premiar-y-castigar\\\/\",\"url\":\"https:\\\/\\\/www.eldiario.net\\\/portal\\\/2025\\\/01\\\/28\\\/premiar-y-castigar\\\/\",\"name\":\"Premiar y castigar - El Diario - Bolivia\",\"isPartOf\":{\"@id\":\"https:\\\/\\\/www.eldiario.net\\\/portal\\\/#website\"},\"primaryImageOfPage\":{\"@id\":\"https:\\\/\\\/www.eldiario.net\\\/portal\\\/2025\\\/01\\\/28\\\/premiar-y-castigar\\\/#primaryimage\"},\"image\":{\"@id\":\"https:\\\/\\\/www.eldiario.net\\\/portal\\\/2025\\\/01\\\/28\\\/premiar-y-castigar\\\/#primaryimage\"},\"thumbnailUrl\":\"https:\\\/\\\/www.eldiario.net\\\/portal\\\/wp-content\\\/uploads\\\/2023\\\/12\\\/Opinion.jpg\",\"datePublished\":\"2025-01-28T09:38:46+00:00\",\"breadcrumb\":{\"@id\":\"https:\\\/\\\/www.eldiario.net\\\/portal\\\/2025\\\/01\\\/28\\\/premiar-y-castigar\\\/#breadcrumb\"},\"inLanguage\":\"es\",\"potentialAction\":[{\"@type\":\"ReadAction\",\"target\":[\"https:\\\/\\\/www.eldiario.net\\\/portal\\\/2025\\\/01\\\/28\\\/premiar-y-castigar\\\/\"]}]},{\"@type\":\"ImageObject\",\"inLanguage\":\"es\",\"@id\":\"https:\\\/\\\/www.eldiario.net\\\/portal\\\/2025\\\/01\\\/28\\\/premiar-y-castigar\\\/#primaryimage\",\"url\":\"https:\\\/\\\/www.eldiario.net\\\/portal\\\/wp-content\\\/uploads\\\/2023\\\/12\\\/Opinion.jpg\",\"contentUrl\":\"https:\\\/\\\/www.eldiario.net\\\/portal\\\/wp-content\\\/uploads\\\/2023\\\/12\\\/Opinion.jpg\",\"width\":800,\"height\":500},{\"@type\":\"BreadcrumbList\",\"@id\":\"https:\\\/\\\/www.eldiario.net\\\/portal\\\/2025\\\/01\\\/28\\\/premiar-y-castigar\\\/#breadcrumb\",\"itemListElement\":[{\"@type\":\"ListItem\",\"position\":1,\"name\":\"Portada\",\"item\":\"https:\\\/\\\/www.eldiario.net\\\/portal\\\/\"},{\"@type\":\"ListItem\",\"position\":2,\"name\":\"Premiar y castigar\"}]},{\"@type\":\"WebSite\",\"@id\":\"https:\\\/\\\/www.eldiario.net\\\/portal\\\/#website\",\"url\":\"https:\\\/\\\/www.eldiario.net\\\/portal\\\/\",\"name\":\"El Diario - Decano de la prensa nacional\",\"description\":\"El Diario - Decano de la prensa nacional\",\"publisher\":{\"@id\":\"https:\\\/\\\/www.eldiario.net\\\/portal\\\/#organization\"},\"potentialAction\":[{\"@type\":\"SearchAction\",\"target\":{\"@type\":\"EntryPoint\",\"urlTemplate\":\"https:\\\/\\\/www.eldiario.net\\\/portal\\\/?s={search_term_string}\"},\"query-input\":{\"@type\":\"PropertyValueSpecification\",\"valueRequired\":true,\"valueName\":\"search_term_string\"}}],\"inLanguage\":\"es\"},{\"@type\":\"Organization\",\"@id\":\"https:\\\/\\\/www.eldiario.net\\\/portal\\\/#organization\",\"name\":\"El Diario - Decano de la prensa nacional\",\"url\":\"https:\\\/\\\/www.eldiario.net\\\/portal\\\/\",\"logo\":{\"@type\":\"ImageObject\",\"inLanguage\":\"es\",\"@id\":\"https:\\\/\\\/www.eldiario.net\\\/portal\\\/#\\\/schema\\\/logo\\\/image\\\/\",\"url\":\"https:\\\/\\\/www.eldiario.net\\\/portal\\\/wp-content\\\/uploads\\\/2023\\\/07\\\/logo_ED.jpg\",\"contentUrl\":\"https:\\\/\\\/www.eldiario.net\\\/portal\\\/wp-content\\\/uploads\\\/2023\\\/07\\\/logo_ED.jpg\",\"width\":272,\"height\":52,\"caption\":\"El Diario - Decano de la prensa nacional\"},\"image\":{\"@id\":\"https:\\\/\\\/www.eldiario.net\\\/portal\\\/#\\\/schema\\\/logo\\\/image\\\/\"},\"sameAs\":[\"https:\\\/\\\/www.facebook.com\\\/eldiario.bolivia\\\/\",\"https:\\\/\\\/x.com\\\/eldiario_net\"]},{\"@type\":\"Person\",\"@id\":\"https:\\\/\\\/www.eldiario.net\\\/portal\\\/#\\\/schema\\\/person\\\/f46445640444750d7d753ccd04ae01b7\",\"name\":\"Jeanette\",\"image\":{\"@type\":\"ImageObject\",\"inLanguage\":\"es\",\"@id\":\"https:\\\/\\\/secure.gravatar.com\\\/avatar\\\/3ea2118a5f7dad2b7138b1187a6b7ee55f160b9968b66013c3a3ef39dd7e5798?s=96&d=mm&r=g\",\"url\":\"https:\\\/\\\/secure.gravatar.com\\\/avatar\\\/3ea2118a5f7dad2b7138b1187a6b7ee55f160b9968b66013c3a3ef39dd7e5798?s=96&d=mm&r=g\",\"contentUrl\":\"https:\\\/\\\/secure.gravatar.com\\\/avatar\\\/3ea2118a5f7dad2b7138b1187a6b7ee55f160b9968b66013c3a3ef39dd7e5798?s=96&d=mm&r=g\",\"caption\":\"Jeanette\"},\"sameAs\":[\"https:\\\/\\\/www.eldiario.net\\\/portal\"],\"url\":\"https:\\\/\\\/www.eldiario.net\\\/portal\\\/author\\\/jeanette\\\/\"}]}<\/script>\n<!-- \/ Yoast SEO plugin. -->","yoast_head_json":{"title":"Premiar y castigar - El Diario - Bolivia","robots":{"index":"index","follow":"follow","max-snippet":"max-snippet:-1","max-image-preview":"max-image-preview:large","max-video-preview":"max-video-preview:-1"},"canonical":"https:\/\/www.eldiario.net\/portal\/2025\/01\/28\/premiar-y-castigar\/","og_locale":"es_ES","og_type":"article","og_title":"Premiar y castigar - El Diario - Bolivia","og_description":"No matar\u00e1s, no robar\u00e1s, no\u2026 As\u00ed lo dictan los dec\u00e1logos \u00e9ticos de las principales religiones monote\u00edstas. Igualmente, en todo el mundo, constituciones pol\u00edticas, normas de buena conducta, reglas y principios de acci\u00f3n son m\u00e1s o menos compendios donde se describe con detalle determinadas interdicciones y las respectivas puniciones ante su incumplimiento, trasgresi\u00f3n o directamente violaci\u00f3n. [&hellip;]","og_url":"https:\/\/www.eldiario.net\/portal\/2025\/01\/28\/premiar-y-castigar\/","og_site_name":"El Diario - Bolivia","article_publisher":"https:\/\/www.facebook.com\/eldiario.bolivia\/","article_published_time":"2025-01-28T09:38:46+00:00","og_image":[{"width":800,"height":500,"url":"https:\/\/www.eldiario.net\/portal\/wp-content\/uploads\/2023\/12\/Opinion.jpg","type":"image\/jpeg"}],"author":"Jeanette","twitter_card":"summary_large_image","twitter_creator":"@eldiario_net","twitter_site":"@eldiario_net","twitter_misc":{"Escrito por":"Jeanette","Tiempo de lectura":"4 minutos"},"schema":{"@context":"https:\/\/schema.org","@graph":[{"@type":"Article","@id":"https:\/\/www.eldiario.net\/portal\/2025\/01\/28\/premiar-y-castigar\/#article","isPartOf":{"@id":"https:\/\/www.eldiario.net\/portal\/2025\/01\/28\/premiar-y-castigar\/"},"author":{"name":"Jeanette","@id":"https:\/\/www.eldiario.net\/portal\/#\/schema\/person\/f46445640444750d7d753ccd04ae01b7"},"headline":"Premiar y castigar","datePublished":"2025-01-28T09:38:46+00:00","mainEntityOfPage":{"@id":"https:\/\/www.eldiario.net\/portal\/2025\/01\/28\/premiar-y-castigar\/"},"wordCount":789,"publisher":{"@id":"https:\/\/www.eldiario.net\/portal\/#organization"},"image":{"@id":"https:\/\/www.eldiario.net\/portal\/2025\/01\/28\/premiar-y-castigar\/#primaryimage"},"thumbnailUrl":"https:\/\/www.eldiario.net\/portal\/wp-content\/uploads\/2023\/12\/Opinion.jpg","articleSection":["Opini\u00f3n"],"inLanguage":"es"},{"@type":"WebPage","@id":"https:\/\/www.eldiario.net\/portal\/2025\/01\/28\/premiar-y-castigar\/","url":"https:\/\/www.eldiario.net\/portal\/2025\/01\/28\/premiar-y-castigar\/","name":"Premiar y castigar - El Diario - Bolivia","isPartOf":{"@id":"https:\/\/www.eldiario.net\/portal\/#website"},"primaryImageOfPage":{"@id":"https:\/\/www.eldiario.net\/portal\/2025\/01\/28\/premiar-y-castigar\/#primaryimage"},"image":{"@id":"https:\/\/www.eldiario.net\/portal\/2025\/01\/28\/premiar-y-castigar\/#primaryimage"},"thumbnailUrl":"https:\/\/www.eldiario.net\/portal\/wp-content\/uploads\/2023\/12\/Opinion.jpg","datePublished":"2025-01-28T09:38:46+00:00","breadcrumb":{"@id":"https:\/\/www.eldiario.net\/portal\/2025\/01\/28\/premiar-y-castigar\/#breadcrumb"},"inLanguage":"es","potentialAction":[{"@type":"ReadAction","target":["https:\/\/www.eldiario.net\/portal\/2025\/01\/28\/premiar-y-castigar\/"]}]},{"@type":"ImageObject","inLanguage":"es","@id":"https:\/\/www.eldiario.net\/portal\/2025\/01\/28\/premiar-y-castigar\/#primaryimage","url":"https:\/\/www.eldiario.net\/portal\/wp-content\/uploads\/2023\/12\/Opinion.jpg","contentUrl":"https:\/\/www.eldiario.net\/portal\/wp-content\/uploads\/2023\/12\/Opinion.jpg","width":800,"height":500},{"@type":"BreadcrumbList","@id":"https:\/\/www.eldiario.net\/portal\/2025\/01\/28\/premiar-y-castigar\/#breadcrumb","itemListElement":[{"@type":"ListItem","position":1,"name":"Portada","item":"https:\/\/www.eldiario.net\/portal\/"},{"@type":"ListItem","position":2,"name":"Premiar y castigar"}]},{"@type":"WebSite","@id":"https:\/\/www.eldiario.net\/portal\/#website","url":"https:\/\/www.eldiario.net\/portal\/","name":"El Diario - Decano de la prensa nacional","description":"El Diario - Decano de la prensa nacional","publisher":{"@id":"https:\/\/www.eldiario.net\/portal\/#organization"},"potentialAction":[{"@type":"SearchAction","target":{"@type":"EntryPoint","urlTemplate":"https:\/\/www.eldiario.net\/portal\/?s={search_term_string}"},"query-input":{"@type":"PropertyValueSpecification","valueRequired":true,"valueName":"search_term_string"}}],"inLanguage":"es"},{"@type":"Organization","@id":"https:\/\/www.eldiario.net\/portal\/#organization","name":"El Diario - Decano de la prensa nacional","url":"https:\/\/www.eldiario.net\/portal\/","logo":{"@type":"ImageObject","inLanguage":"es","@id":"https:\/\/www.eldiario.net\/portal\/#\/schema\/logo\/image\/","url":"https:\/\/www.eldiario.net\/portal\/wp-content\/uploads\/2023\/07\/logo_ED.jpg","contentUrl":"https:\/\/www.eldiario.net\/portal\/wp-content\/uploads\/2023\/07\/logo_ED.jpg","width":272,"height":52,"caption":"El Diario - Decano de la prensa nacional"},"image":{"@id":"https:\/\/www.eldiario.net\/portal\/#\/schema\/logo\/image\/"},"sameAs":["https:\/\/www.facebook.com\/eldiario.bolivia\/","https:\/\/x.com\/eldiario_net"]},{"@type":"Person","@id":"https:\/\/www.eldiario.net\/portal\/#\/schema\/person\/f46445640444750d7d753ccd04ae01b7","name":"Jeanette","image":{"@type":"ImageObject","inLanguage":"es","@id":"https:\/\/secure.gravatar.com\/avatar\/3ea2118a5f7dad2b7138b1187a6b7ee55f160b9968b66013c3a3ef39dd7e5798?s=96&d=mm&r=g","url":"https:\/\/secure.gravatar.com\/avatar\/3ea2118a5f7dad2b7138b1187a6b7ee55f160b9968b66013c3a3ef39dd7e5798?s=96&d=mm&r=g","contentUrl":"https:\/\/secure.gravatar.com\/avatar\/3ea2118a5f7dad2b7138b1187a6b7ee55f160b9968b66013c3a3ef39dd7e5798?s=96&d=mm&r=g","caption":"Jeanette"},"sameAs":["https:\/\/www.eldiario.net\/portal"],"url":"https:\/\/www.eldiario.net\/portal\/author\/jeanette\/"}]}},"_links":{"self":[{"href":"https:\/\/www.eldiario.net\/portal\/wp-json\/wp\/v2\/posts\/277628","targetHints":{"allow":["GET"]}}],"collection":[{"href":"https:\/\/www.eldiario.net\/portal\/wp-json\/wp\/v2\/posts"}],"about":[{"href":"https:\/\/www.eldiario.net\/portal\/wp-json\/wp\/v2\/types\/post"}],"author":[{"embeddable":true,"href":"https:\/\/www.eldiario.net\/portal\/wp-json\/wp\/v2\/users\/1"}],"replies":[{"embeddable":true,"href":"https:\/\/www.eldiario.net\/portal\/wp-json\/wp\/v2\/comments?post=277628"}],"version-history":[{"count":1,"href":"https:\/\/www.eldiario.net\/portal\/wp-json\/wp\/v2\/posts\/277628\/revisions"}],"predecessor-version":[{"id":277629,"href":"https:\/\/www.eldiario.net\/portal\/wp-json\/wp\/v2\/posts\/277628\/revisions\/277629"}],"wp:featuredmedia":[{"embeddable":true,"href":"https:\/\/www.eldiario.net\/portal\/wp-json\/wp\/v2\/media\/194790"}],"wp:attachment":[{"href":"https:\/\/www.eldiario.net\/portal\/wp-json\/wp\/v2\/media?parent=277628"}],"wp:term":[{"taxonomy":"category","embeddable":true,"href":"https:\/\/www.eldiario.net\/portal\/wp-json\/wp\/v2\/categories?post=277628"},{"taxonomy":"post_tag","embeddable":true,"href":"https:\/\/www.eldiario.net\/portal\/wp-json\/wp\/v2\/tags?post=277628"}],"curies":[{"name":"wp","href":"https:\/\/api.w.org\/{rel}","templated":true}]}}