{"id":277626,"date":"2025-01-28T05:38:09","date_gmt":"2025-01-28T09:38:09","guid":{"rendered":"https:\/\/www.eldiario.net\/portal\/?p=277626"},"modified":"2025-01-28T05:38:09","modified_gmt":"2025-01-28T09:38:09","slug":"una-vacuna-contra-el-covid-19-muestra-resultados-en-pruebas","status":"publish","type":"post","link":"https:\/\/www.eldiario.net\/portal\/2025\/01\/28\/una-vacuna-contra-el-covid-19-muestra-resultados-en-pruebas\/","title":{"rendered":"Una vacuna contra el Covid-19 muestra resultados en pruebas"},"content":{"rendered":"<p><em>Es una f\u00f3rmula vacunal que exhibi\u00f3 un alto nivel de protecci\u00f3n, como as\u00ed tambi\u00e9n seguridad y versatilidad. El preparado podr\u00e1 servir de base para el desarrollo de otros inmun\u00f3genos contra el zika y el dengue, por ejemplo.<\/em><\/p>\n<p>&nbsp;<\/p>\n<p>Estudios realizados en ratones demostraron que la vacuna contra el Covid-19 que est\u00e1n desarrollando en Brasil cient\u00edficos del Laboratorio de Inmunolog\u00eda del Instituto de Medicina Tropical, dependiente de la Facultad de Medicina de la Universidad de Sao Paulo (FM-USP), es segura y eficaz para inducir la respuesta inmune contra ese pat\u00f3geno y proteger a los roedores contra la infecci\u00f3n. Estos resultados se publicaron en la revista <em>Scientific Reports<\/em>.<\/p>\n<p>\u201cEn general, cuando se hace referencia a una vacuna, se piensa en la inoculaci\u00f3n de un virus atenuado o inactivado. Pero nosotros estamos aplicando una estrategia m\u00e1s moderna, que nos permite priorizar, aparte de la eficiencia y la seguridad, la mayor plasticidad de esta f\u00f3rmula, es decir, una mayor facilidad de actualizaci\u00f3n contra las variantes de preocupaci\u00f3n\u201d, afirm\u00f3 Gustavo Cabral de Miranda, investigador responsable del proyecto, que cuenta con el apoyo de la FAPESP.<\/p>\n<p>La estrategia que el grupo de investigadores de la FM-USP aplic\u00f3 para desarrollar el inmun\u00f3geno se basa en el empleo de part\u00edculas similares a virus (VLP, las siglas en ingl\u00e9s de virus-like particles). \u201cEsta categor\u00eda de prote\u00ednas virales posee caracter\u00edsticas similares a las de los virus, pero sin su material gen\u00e9tico. Esto hace que, al tiempo que las VLP son reconocidas por el sistema inmunitario, no exista el riesgo de replicaci\u00f3n ni de causar la enfermedad\u201d, dice Cabral de Miranda.<\/p>\n<p>El investigador explica que las VLP puede constituir la vacuna por s\u00ed sola o \u2013como en el caso de la f\u00f3rmula que est\u00e1 desarroll\u00e1ndose\u2013 unirse a ant\u00edgenos, prote\u00ednas que activan el sistema inmunol\u00f3gico para que produzca anticuerpos. \u201cEn condiciones espec\u00edficas de laboratorio, esas prote\u00ednas estructurales de superficies poseen la capacidad de transformarse en VLP. Por eso se las puede elaborar en los laboratorios, con bacterias que operan como minif\u00e1bricas estimulando esa transformaci\u00f3n de las mismas. Una segunda etapa consiste en inocular el ant\u00edgeno, en este caso del Covid-19, en la prote\u00edna de la esp\u00edcula. Esto facilita bastante el proceso en general, hace posible lograr una mayor flexibilidad y tambi\u00e9n abarata el desarrollo del inmun\u00f3geno\u201d, afirma el investigador.<\/p>\n<p>Otra ventaja de esta vacuna contra el Covid-19 que Cabral de Miranda pone de relieve reside en que prescinde de adyuvantes, sustancias que potencian la respuesta inmune. \u201cEn este trabajo, tanto en las pruebas in vitro como en las realizadas <em>in vivo<\/em>, dise\u00f1amos estrategias con miras a intentar abaratar la f\u00f3rmula utilizando lo m\u00ednimo posible de productos que no se desarrollasen en el laboratorio. Tanto es as\u00ed que el inmun\u00f3geno no requiere de adyuvante\u201d, coment\u00f3.<\/p>\n<p>El investigador explica que en una f\u00f3rmula vacunal, adem\u00e1s del material que forma parte o imita al virus \u2013en este caso, las VLP\u2013, son necesarios varios otros compuestos para estimular la respuesta inmune. Entre ellos, los principales son los adyuvantes. El adyuvante m\u00e1s com\u00fan es el hidr\u00f3xido de aluminio, una sal presente en las vacunas que se emplea desde hace m\u00e1s de 100 a\u00f1os en el desarrollo de vacunas en todo el mundo. \u201cEl dise\u00f1o de una tecnolog\u00eda autoadyuvante [que no requiere de estos compuestos] nos brinda la posibilidad de escapar de la dependencia de las empresas que producen adyuvantes, am\u00e9n de abaratar la f\u00f3rmula\u201d, dijo.<\/p>\n<p>El grupo de cient\u00edficos de la FM-USP tiene a su vez el objetivo de producir conocimiento para impulsar una plataforma tecnol\u00f3gica \u00fatil con la mira puesta en el desarrollo de distintas vacunas. \u201cSucede que la tecnolog\u00eda VLP es muy flexible y nos permiti\u00f3 sencillamente que retir\u00e1semos el ant\u00edgeno [en este caso un fragmento de la prote\u00edna del SARS-CoV-2] y lo sustituy\u00e9semos por una prote\u00edna del virus del zika, por ejemplo. Esto no es solamente un caso hipot\u00e9tico, sino algo que tambi\u00e9n estamos desarrollando en nuestro laboratorio. Por supuesto que no es algo tan simple, pero es posible crear una plataforma para desarrollar una serie de vacunas con base en esta tecnolog\u00eda\u201d, dijo Cabral de Miranda\u2026 <strong>(Agencia FAPESP).<\/strong><\/p>\n","protected":false},"excerpt":{"rendered":"<p>Es una f\u00f3rmula vacunal que exhibi\u00f3 un alto nivel de protecci\u00f3n, como as\u00ed tambi\u00e9n seguridad y versatilidad. El preparado podr\u00e1 servir de base para el desarrollo de otros inmun\u00f3genos contra el zika y el dengue, por ejemplo. &nbsp; Estudios realizados en ratones demostraron que la vacuna contra el Covid-19 que est\u00e1n desarrollando en Brasil cient\u00edficos [&hellip;]<\/p>\n","protected":false},"author":1,"featured_media":194790,"comment_status":"closed","ping_status":"open","sticky":false,"template":"","format":"standard","meta":{"_acf_changed":false,"footnotes":""},"categories":[9],"tags":[],"class_list":["post-277626","post","type-post","status-publish","format-standard","has-post-thumbnail","category-opinion"],"acf":{"antetitulo":""},"yoast_head":"<!-- This site is optimized with the Yoast SEO plugin v28.4 - https:\/\/yoast.com\/product\/yoast-seo-wordpress\/ -->\n<title>Una vacuna contra el Covid-19 muestra resultados en pruebas - El Diario - Bolivia<\/title>\n<meta name=\"robots\" content=\"index, follow, max-snippet:-1, max-image-preview:large, max-video-preview:-1\" \/>\n<link rel=\"canonical\" href=\"https:\/\/www.eldiario.net\/portal\/2025\/01\/28\/una-vacuna-contra-el-covid-19-muestra-resultados-en-pruebas\/\" \/>\n<meta property=\"og:locale\" content=\"es_ES\" \/>\n<meta property=\"og:type\" content=\"article\" \/>\n<meta property=\"og:title\" content=\"Una vacuna contra el Covid-19 muestra resultados en pruebas - El Diario - Bolivia\" \/>\n<meta property=\"og:description\" content=\"Es una f\u00f3rmula vacunal que exhibi\u00f3 un alto nivel de protecci\u00f3n, como as\u00ed tambi\u00e9n seguridad y versatilidad. El preparado podr\u00e1 servir de base para el desarrollo de otros inmun\u00f3genos contra el zika y el dengue, por ejemplo. &nbsp; Estudios realizados en ratones demostraron que la vacuna contra el Covid-19 que est\u00e1n desarrollando en Brasil cient\u00edficos [&hellip;]\" \/>\n<meta property=\"og:url\" content=\"https:\/\/www.eldiario.net\/portal\/2025\/01\/28\/una-vacuna-contra-el-covid-19-muestra-resultados-en-pruebas\/\" \/>\n<meta property=\"og:site_name\" content=\"El Diario - Bolivia\" \/>\n<meta property=\"article:publisher\" content=\"https:\/\/www.facebook.com\/eldiario.bolivia\/\" \/>\n<meta property=\"article:published_time\" content=\"2025-01-28T09:38:09+00:00\" \/>\n<meta property=\"og:image\" content=\"https:\/\/www.eldiario.net\/portal\/wp-content\/uploads\/2023\/12\/Opinion.jpg\" \/>\n\t<meta property=\"og:image:width\" content=\"800\" \/>\n\t<meta property=\"og:image:height\" content=\"500\" \/>\n\t<meta property=\"og:image:type\" content=\"image\/jpeg\" \/>\n<meta name=\"author\" content=\"Jeanette\" \/>\n<meta name=\"twitter:card\" content=\"summary_large_image\" \/>\n<meta name=\"twitter:creator\" content=\"@eldiario_net\" \/>\n<meta name=\"twitter:site\" content=\"@eldiario_net\" \/>\n<meta name=\"twitter:label1\" content=\"Escrito por\" \/>\n\t<meta name=\"twitter:data1\" content=\"Jeanette\" \/>\n\t<meta name=\"twitter:label2\" content=\"Tiempo de lectura\" \/>\n\t<meta name=\"twitter:data2\" content=\"4 minutos\" \/>\n<script type=\"application\/ld+json\" class=\"yoast-schema-graph\">{\"@context\":\"https:\\\/\\\/schema.org\",\"@graph\":[{\"@type\":\"Article\",\"@id\":\"https:\\\/\\\/www.eldiario.net\\\/portal\\\/2025\\\/01\\\/28\\\/una-vacuna-contra-el-covid-19-muestra-resultados-en-pruebas\\\/#article\",\"isPartOf\":{\"@id\":\"https:\\\/\\\/www.eldiario.net\\\/portal\\\/2025\\\/01\\\/28\\\/una-vacuna-contra-el-covid-19-muestra-resultados-en-pruebas\\\/\"},\"author\":{\"name\":\"Jeanette\",\"@id\":\"https:\\\/\\\/www.eldiario.net\\\/portal\\\/#\\\/schema\\\/person\\\/f46445640444750d7d753ccd04ae01b7\"},\"headline\":\"Una vacuna contra el Covid-19 muestra resultados en pruebas\",\"datePublished\":\"2025-01-28T09:38:09+00:00\",\"mainEntityOfPage\":{\"@id\":\"https:\\\/\\\/www.eldiario.net\\\/portal\\\/2025\\\/01\\\/28\\\/una-vacuna-contra-el-covid-19-muestra-resultados-en-pruebas\\\/\"},\"wordCount\":745,\"publisher\":{\"@id\":\"https:\\\/\\\/www.eldiario.net\\\/portal\\\/#organization\"},\"image\":{\"@id\":\"https:\\\/\\\/www.eldiario.net\\\/portal\\\/2025\\\/01\\\/28\\\/una-vacuna-contra-el-covid-19-muestra-resultados-en-pruebas\\\/#primaryimage\"},\"thumbnailUrl\":\"https:\\\/\\\/www.eldiario.net\\\/portal\\\/wp-content\\\/uploads\\\/2023\\\/12\\\/Opinion.jpg\",\"articleSection\":[\"Opini\u00f3n\"],\"inLanguage\":\"es\"},{\"@type\":\"WebPage\",\"@id\":\"https:\\\/\\\/www.eldiario.net\\\/portal\\\/2025\\\/01\\\/28\\\/una-vacuna-contra-el-covid-19-muestra-resultados-en-pruebas\\\/\",\"url\":\"https:\\\/\\\/www.eldiario.net\\\/portal\\\/2025\\\/01\\\/28\\\/una-vacuna-contra-el-covid-19-muestra-resultados-en-pruebas\\\/\",\"name\":\"Una vacuna contra el Covid-19 muestra resultados en pruebas - El Diario - Bolivia\",\"isPartOf\":{\"@id\":\"https:\\\/\\\/www.eldiario.net\\\/portal\\\/#website\"},\"primaryImageOfPage\":{\"@id\":\"https:\\\/\\\/www.eldiario.net\\\/portal\\\/2025\\\/01\\\/28\\\/una-vacuna-contra-el-covid-19-muestra-resultados-en-pruebas\\\/#primaryimage\"},\"image\":{\"@id\":\"https:\\\/\\\/www.eldiario.net\\\/portal\\\/2025\\\/01\\\/28\\\/una-vacuna-contra-el-covid-19-muestra-resultados-en-pruebas\\\/#primaryimage\"},\"thumbnailUrl\":\"https:\\\/\\\/www.eldiario.net\\\/portal\\\/wp-content\\\/uploads\\\/2023\\\/12\\\/Opinion.jpg\",\"datePublished\":\"2025-01-28T09:38:09+00:00\",\"breadcrumb\":{\"@id\":\"https:\\\/\\\/www.eldiario.net\\\/portal\\\/2025\\\/01\\\/28\\\/una-vacuna-contra-el-covid-19-muestra-resultados-en-pruebas\\\/#breadcrumb\"},\"inLanguage\":\"es\",\"potentialAction\":[{\"@type\":\"ReadAction\",\"target\":[\"https:\\\/\\\/www.eldiario.net\\\/portal\\\/2025\\\/01\\\/28\\\/una-vacuna-contra-el-covid-19-muestra-resultados-en-pruebas\\\/\"]}]},{\"@type\":\"ImageObject\",\"inLanguage\":\"es\",\"@id\":\"https:\\\/\\\/www.eldiario.net\\\/portal\\\/2025\\\/01\\\/28\\\/una-vacuna-contra-el-covid-19-muestra-resultados-en-pruebas\\\/#primaryimage\",\"url\":\"https:\\\/\\\/www.eldiario.net\\\/portal\\\/wp-content\\\/uploads\\\/2023\\\/12\\\/Opinion.jpg\",\"contentUrl\":\"https:\\\/\\\/www.eldiario.net\\\/portal\\\/wp-content\\\/uploads\\\/2023\\\/12\\\/Opinion.jpg\",\"width\":800,\"height\":500},{\"@type\":\"BreadcrumbList\",\"@id\":\"https:\\\/\\\/www.eldiario.net\\\/portal\\\/2025\\\/01\\\/28\\\/una-vacuna-contra-el-covid-19-muestra-resultados-en-pruebas\\\/#breadcrumb\",\"itemListElement\":[{\"@type\":\"ListItem\",\"position\":1,\"name\":\"Portada\",\"item\":\"https:\\\/\\\/www.eldiario.net\\\/portal\\\/\"},{\"@type\":\"ListItem\",\"position\":2,\"name\":\"Una vacuna contra el Covid-19 muestra resultados en pruebas\"}]},{\"@type\":\"WebSite\",\"@id\":\"https:\\\/\\\/www.eldiario.net\\\/portal\\\/#website\",\"url\":\"https:\\\/\\\/www.eldiario.net\\\/portal\\\/\",\"name\":\"El Diario - Decano de la prensa nacional\",\"description\":\"El Diario - Decano de la prensa nacional\",\"publisher\":{\"@id\":\"https:\\\/\\\/www.eldiario.net\\\/portal\\\/#organization\"},\"potentialAction\":[{\"@type\":\"SearchAction\",\"target\":{\"@type\":\"EntryPoint\",\"urlTemplate\":\"https:\\\/\\\/www.eldiario.net\\\/portal\\\/?s={search_term_string}\"},\"query-input\":{\"@type\":\"PropertyValueSpecification\",\"valueRequired\":true,\"valueName\":\"search_term_string\"}}],\"inLanguage\":\"es\"},{\"@type\":\"Organization\",\"@id\":\"https:\\\/\\\/www.eldiario.net\\\/portal\\\/#organization\",\"name\":\"El Diario - Decano de la prensa nacional\",\"url\":\"https:\\\/\\\/www.eldiario.net\\\/portal\\\/\",\"logo\":{\"@type\":\"ImageObject\",\"inLanguage\":\"es\",\"@id\":\"https:\\\/\\\/www.eldiario.net\\\/portal\\\/#\\\/schema\\\/logo\\\/image\\\/\",\"url\":\"https:\\\/\\\/www.eldiario.net\\\/portal\\\/wp-content\\\/uploads\\\/2023\\\/07\\\/logo_ED.jpg\",\"contentUrl\":\"https:\\\/\\\/www.eldiario.net\\\/portal\\\/wp-content\\\/uploads\\\/2023\\\/07\\\/logo_ED.jpg\",\"width\":272,\"height\":52,\"caption\":\"El Diario - Decano de la prensa nacional\"},\"image\":{\"@id\":\"https:\\\/\\\/www.eldiario.net\\\/portal\\\/#\\\/schema\\\/logo\\\/image\\\/\"},\"sameAs\":[\"https:\\\/\\\/www.facebook.com\\\/eldiario.bolivia\\\/\",\"https:\\\/\\\/x.com\\\/eldiario_net\"]},{\"@type\":\"Person\",\"@id\":\"https:\\\/\\\/www.eldiario.net\\\/portal\\\/#\\\/schema\\\/person\\\/f46445640444750d7d753ccd04ae01b7\",\"name\":\"Jeanette\",\"image\":{\"@type\":\"ImageObject\",\"inLanguage\":\"es\",\"@id\":\"https:\\\/\\\/secure.gravatar.com\\\/avatar\\\/3ea2118a5f7dad2b7138b1187a6b7ee55f160b9968b66013c3a3ef39dd7e5798?s=96&d=mm&r=g\",\"url\":\"https:\\\/\\\/secure.gravatar.com\\\/avatar\\\/3ea2118a5f7dad2b7138b1187a6b7ee55f160b9968b66013c3a3ef39dd7e5798?s=96&d=mm&r=g\",\"contentUrl\":\"https:\\\/\\\/secure.gravatar.com\\\/avatar\\\/3ea2118a5f7dad2b7138b1187a6b7ee55f160b9968b66013c3a3ef39dd7e5798?s=96&d=mm&r=g\",\"caption\":\"Jeanette\"},\"sameAs\":[\"https:\\\/\\\/www.eldiario.net\\\/portal\"],\"url\":\"https:\\\/\\\/www.eldiario.net\\\/portal\\\/author\\\/jeanette\\\/\"}]}<\/script>\n<!-- \/ Yoast SEO plugin. -->","yoast_head_json":{"title":"Una vacuna contra el Covid-19 muestra resultados en pruebas - El Diario - Bolivia","robots":{"index":"index","follow":"follow","max-snippet":"max-snippet:-1","max-image-preview":"max-image-preview:large","max-video-preview":"max-video-preview:-1"},"canonical":"https:\/\/www.eldiario.net\/portal\/2025\/01\/28\/una-vacuna-contra-el-covid-19-muestra-resultados-en-pruebas\/","og_locale":"es_ES","og_type":"article","og_title":"Una vacuna contra el Covid-19 muestra resultados en pruebas - El Diario - Bolivia","og_description":"Es una f\u00f3rmula vacunal que exhibi\u00f3 un alto nivel de protecci\u00f3n, como as\u00ed tambi\u00e9n seguridad y versatilidad. El preparado podr\u00e1 servir de base para el desarrollo de otros inmun\u00f3genos contra el zika y el dengue, por ejemplo. &nbsp; Estudios realizados en ratones demostraron que la vacuna contra el Covid-19 que est\u00e1n desarrollando en Brasil cient\u00edficos [&hellip;]","og_url":"https:\/\/www.eldiario.net\/portal\/2025\/01\/28\/una-vacuna-contra-el-covid-19-muestra-resultados-en-pruebas\/","og_site_name":"El Diario - Bolivia","article_publisher":"https:\/\/www.facebook.com\/eldiario.bolivia\/","article_published_time":"2025-01-28T09:38:09+00:00","og_image":[{"width":800,"height":500,"url":"https:\/\/www.eldiario.net\/portal\/wp-content\/uploads\/2023\/12\/Opinion.jpg","type":"image\/jpeg"}],"author":"Jeanette","twitter_card":"summary_large_image","twitter_creator":"@eldiario_net","twitter_site":"@eldiario_net","twitter_misc":{"Escrito por":"Jeanette","Tiempo de lectura":"4 minutos"},"schema":{"@context":"https:\/\/schema.org","@graph":[{"@type":"Article","@id":"https:\/\/www.eldiario.net\/portal\/2025\/01\/28\/una-vacuna-contra-el-covid-19-muestra-resultados-en-pruebas\/#article","isPartOf":{"@id":"https:\/\/www.eldiario.net\/portal\/2025\/01\/28\/una-vacuna-contra-el-covid-19-muestra-resultados-en-pruebas\/"},"author":{"name":"Jeanette","@id":"https:\/\/www.eldiario.net\/portal\/#\/schema\/person\/f46445640444750d7d753ccd04ae01b7"},"headline":"Una vacuna contra el Covid-19 muestra resultados en pruebas","datePublished":"2025-01-28T09:38:09+00:00","mainEntityOfPage":{"@id":"https:\/\/www.eldiario.net\/portal\/2025\/01\/28\/una-vacuna-contra-el-covid-19-muestra-resultados-en-pruebas\/"},"wordCount":745,"publisher":{"@id":"https:\/\/www.eldiario.net\/portal\/#organization"},"image":{"@id":"https:\/\/www.eldiario.net\/portal\/2025\/01\/28\/una-vacuna-contra-el-covid-19-muestra-resultados-en-pruebas\/#primaryimage"},"thumbnailUrl":"https:\/\/www.eldiario.net\/portal\/wp-content\/uploads\/2023\/12\/Opinion.jpg","articleSection":["Opini\u00f3n"],"inLanguage":"es"},{"@type":"WebPage","@id":"https:\/\/www.eldiario.net\/portal\/2025\/01\/28\/una-vacuna-contra-el-covid-19-muestra-resultados-en-pruebas\/","url":"https:\/\/www.eldiario.net\/portal\/2025\/01\/28\/una-vacuna-contra-el-covid-19-muestra-resultados-en-pruebas\/","name":"Una vacuna contra el Covid-19 muestra resultados en pruebas - El Diario - Bolivia","isPartOf":{"@id":"https:\/\/www.eldiario.net\/portal\/#website"},"primaryImageOfPage":{"@id":"https:\/\/www.eldiario.net\/portal\/2025\/01\/28\/una-vacuna-contra-el-covid-19-muestra-resultados-en-pruebas\/#primaryimage"},"image":{"@id":"https:\/\/www.eldiario.net\/portal\/2025\/01\/28\/una-vacuna-contra-el-covid-19-muestra-resultados-en-pruebas\/#primaryimage"},"thumbnailUrl":"https:\/\/www.eldiario.net\/portal\/wp-content\/uploads\/2023\/12\/Opinion.jpg","datePublished":"2025-01-28T09:38:09+00:00","breadcrumb":{"@id":"https:\/\/www.eldiario.net\/portal\/2025\/01\/28\/una-vacuna-contra-el-covid-19-muestra-resultados-en-pruebas\/#breadcrumb"},"inLanguage":"es","potentialAction":[{"@type":"ReadAction","target":["https:\/\/www.eldiario.net\/portal\/2025\/01\/28\/una-vacuna-contra-el-covid-19-muestra-resultados-en-pruebas\/"]}]},{"@type":"ImageObject","inLanguage":"es","@id":"https:\/\/www.eldiario.net\/portal\/2025\/01\/28\/una-vacuna-contra-el-covid-19-muestra-resultados-en-pruebas\/#primaryimage","url":"https:\/\/www.eldiario.net\/portal\/wp-content\/uploads\/2023\/12\/Opinion.jpg","contentUrl":"https:\/\/www.eldiario.net\/portal\/wp-content\/uploads\/2023\/12\/Opinion.jpg","width":800,"height":500},{"@type":"BreadcrumbList","@id":"https:\/\/www.eldiario.net\/portal\/2025\/01\/28\/una-vacuna-contra-el-covid-19-muestra-resultados-en-pruebas\/#breadcrumb","itemListElement":[{"@type":"ListItem","position":1,"name":"Portada","item":"https:\/\/www.eldiario.net\/portal\/"},{"@type":"ListItem","position":2,"name":"Una vacuna contra el Covid-19 muestra resultados en pruebas"}]},{"@type":"WebSite","@id":"https:\/\/www.eldiario.net\/portal\/#website","url":"https:\/\/www.eldiario.net\/portal\/","name":"El Diario - Decano de la prensa nacional","description":"El Diario - Decano de la prensa nacional","publisher":{"@id":"https:\/\/www.eldiario.net\/portal\/#organization"},"potentialAction":[{"@type":"SearchAction","target":{"@type":"EntryPoint","urlTemplate":"https:\/\/www.eldiario.net\/portal\/?s={search_term_string}"},"query-input":{"@type":"PropertyValueSpecification","valueRequired":true,"valueName":"search_term_string"}}],"inLanguage":"es"},{"@type":"Organization","@id":"https:\/\/www.eldiario.net\/portal\/#organization","name":"El Diario - Decano de la prensa nacional","url":"https:\/\/www.eldiario.net\/portal\/","logo":{"@type":"ImageObject","inLanguage":"es","@id":"https:\/\/www.eldiario.net\/portal\/#\/schema\/logo\/image\/","url":"https:\/\/www.eldiario.net\/portal\/wp-content\/uploads\/2023\/07\/logo_ED.jpg","contentUrl":"https:\/\/www.eldiario.net\/portal\/wp-content\/uploads\/2023\/07\/logo_ED.jpg","width":272,"height":52,"caption":"El Diario - Decano de la prensa nacional"},"image":{"@id":"https:\/\/www.eldiario.net\/portal\/#\/schema\/logo\/image\/"},"sameAs":["https:\/\/www.facebook.com\/eldiario.bolivia\/","https:\/\/x.com\/eldiario_net"]},{"@type":"Person","@id":"https:\/\/www.eldiario.net\/portal\/#\/schema\/person\/f46445640444750d7d753ccd04ae01b7","name":"Jeanette","image":{"@type":"ImageObject","inLanguage":"es","@id":"https:\/\/secure.gravatar.com\/avatar\/3ea2118a5f7dad2b7138b1187a6b7ee55f160b9968b66013c3a3ef39dd7e5798?s=96&d=mm&r=g","url":"https:\/\/secure.gravatar.com\/avatar\/3ea2118a5f7dad2b7138b1187a6b7ee55f160b9968b66013c3a3ef39dd7e5798?s=96&d=mm&r=g","contentUrl":"https:\/\/secure.gravatar.com\/avatar\/3ea2118a5f7dad2b7138b1187a6b7ee55f160b9968b66013c3a3ef39dd7e5798?s=96&d=mm&r=g","caption":"Jeanette"},"sameAs":["https:\/\/www.eldiario.net\/portal"],"url":"https:\/\/www.eldiario.net\/portal\/author\/jeanette\/"}]}},"_links":{"self":[{"href":"https:\/\/www.eldiario.net\/portal\/wp-json\/wp\/v2\/posts\/277626","targetHints":{"allow":["GET"]}}],"collection":[{"href":"https:\/\/www.eldiario.net\/portal\/wp-json\/wp\/v2\/posts"}],"about":[{"href":"https:\/\/www.eldiario.net\/portal\/wp-json\/wp\/v2\/types\/post"}],"author":[{"embeddable":true,"href":"https:\/\/www.eldiario.net\/portal\/wp-json\/wp\/v2\/users\/1"}],"replies":[{"embeddable":true,"href":"https:\/\/www.eldiario.net\/portal\/wp-json\/wp\/v2\/comments?post=277626"}],"version-history":[{"count":1,"href":"https:\/\/www.eldiario.net\/portal\/wp-json\/wp\/v2\/posts\/277626\/revisions"}],"predecessor-version":[{"id":277627,"href":"https:\/\/www.eldiario.net\/portal\/wp-json\/wp\/v2\/posts\/277626\/revisions\/277627"}],"wp:featuredmedia":[{"embeddable":true,"href":"https:\/\/www.eldiario.net\/portal\/wp-json\/wp\/v2\/media\/194790"}],"wp:attachment":[{"href":"https:\/\/www.eldiario.net\/portal\/wp-json\/wp\/v2\/media?parent=277626"}],"wp:term":[{"taxonomy":"category","embeddable":true,"href":"https:\/\/www.eldiario.net\/portal\/wp-json\/wp\/v2\/categories?post=277626"},{"taxonomy":"post_tag","embeddable":true,"href":"https:\/\/www.eldiario.net\/portal\/wp-json\/wp\/v2\/tags?post=277626"}],"curies":[{"name":"wp","href":"https:\/\/api.w.org\/{rel}","templated":true}]}}