{"id":277623,"date":"2025-01-27T19:13:22","date_gmt":"2025-01-27T23:13:22","guid":{"rendered":"https:\/\/www.eldiario.net\/portal\/?p=277623"},"modified":"2025-01-27T19:13:22","modified_gmt":"2025-01-27T23:13:22","slug":"conmemoran-el-80-aniversario-de-la-liberacion-de-auschwitz-1913","status":"publish","type":"post","link":"https:\/\/www.eldiario.net\/portal\/2025\/01\/27\/conmemoran-el-80-aniversario-de-la-liberacion-de-auschwitz-1913\/","title":{"rendered":"Conmemoran el 80 aniversario de la liberaci\u00f3n de Auschwitz. (19:13)"},"content":{"rendered":"<p>L\u00edderes mundiales se reunieron en Polonia para conmemorar el 80 aniversario de la liberaci\u00f3n del campo de concentraci\u00f3n de Auschwitz. El rey Carlos de Gran Breta\u00f1a, el canciller alem\u00e1n Olaf Scholz, el presidente franc\u00e9s Emmanuel Macron y el presidente ucraniano Volodymyr Zelensky, entre otros, se unieron a los sobrevivientes del campo para rendir homenaje a las v\u00edctimas del Holocausto.<\/p>\n<p>El evento se centr\u00f3 en las voces de los sobrevivientes, quienes compartieron sus experiencias y mensajes de esperanza. El canciller alem\u00e1n Olaf Scholz expres\u00f3 su pesar por las muertes de m\u00e1s de un mill\u00f3n de personas en Auschwitz, y afirm\u00f3 que \u00abnunca los olvidaremos\u00bb. La conmemoraci\u00f3n tambi\u00e9n record\u00f3 la importancia de combatir el antisemitismo y la intolerancia en el mundo actual.<\/p>\n","protected":false},"excerpt":{"rendered":"<p>L\u00edderes mundiales se reunieron en Polonia para conmemorar el 80 aniversario de la liberaci\u00f3n del campo de concentraci\u00f3n de Auschwitz. El rey Carlos de Gran Breta\u00f1a, el canciller alem\u00e1n Olaf Scholz, el presidente franc\u00e9s Emmanuel Macron y el presidente ucraniano Volodymyr Zelensky, entre otros, se unieron a los sobrevivientes del campo para rendir homenaje a [&hellip;]<\/p>\n","protected":false},"author":7,"featured_media":277624,"comment_status":"closed","ping_status":"open","sticky":false,"template":"","format":"standard","meta":{"_acf_changed":false,"footnotes":""},"categories":[51],"tags":[],"class_list":["post-277623","post","type-post","status-publish","format-standard","has-post-thumbnail","category-ultima-hora"],"acf":{"antetitulo":""},"yoast_head":"<!-- This site is optimized with the Yoast SEO plugin v28.4 - https:\/\/yoast.com\/product\/yoast-seo-wordpress\/ -->\n<title>Conmemoran el 80 aniversario de la liberaci\u00f3n de Auschwitz. (19:13) - El Diario - Bolivia<\/title>\n<meta name=\"robots\" content=\"index, follow, max-snippet:-1, max-image-preview:large, max-video-preview:-1\" \/>\n<link rel=\"canonical\" href=\"https:\/\/www.eldiario.net\/portal\/2025\/01\/27\/conmemoran-el-80-aniversario-de-la-liberacion-de-auschwitz-1913\/\" \/>\n<meta property=\"og:locale\" content=\"es_ES\" \/>\n<meta property=\"og:type\" content=\"article\" \/>\n<meta property=\"og:title\" content=\"Conmemoran el 80 aniversario de la liberaci\u00f3n de Auschwitz. (19:13) - El Diario - Bolivia\" \/>\n<meta property=\"og:description\" content=\"L\u00edderes mundiales se reunieron en Polonia para conmemorar el 80 aniversario de la liberaci\u00f3n del campo de concentraci\u00f3n de Auschwitz. El rey Carlos de Gran Breta\u00f1a, el canciller alem\u00e1n Olaf Scholz, el presidente franc\u00e9s Emmanuel Macron y el presidente ucraniano Volodymyr Zelensky, entre otros, se unieron a los sobrevivientes del campo para rendir homenaje a [&hellip;]\" \/>\n<meta property=\"og:url\" content=\"https:\/\/www.eldiario.net\/portal\/2025\/01\/27\/conmemoran-el-80-aniversario-de-la-liberacion-de-auschwitz-1913\/\" \/>\n<meta property=\"og:site_name\" content=\"El Diario - Bolivia\" \/>\n<meta property=\"article:publisher\" content=\"https:\/\/www.facebook.com\/eldiario.bolivia\/\" \/>\n<meta property=\"article:published_time\" content=\"2025-01-27T23:13:22+00:00\" \/>\n<meta property=\"og:image\" content=\"https:\/\/www.eldiario.net\/portal\/wp-content\/uploads\/2025\/01\/auschwitz-e1738019556817.jpg\" \/>\n\t<meta property=\"og:image:width\" content=\"450\" \/>\n\t<meta property=\"og:image:height\" content=\"236\" \/>\n\t<meta property=\"og:image:type\" content=\"image\/jpeg\" \/>\n<meta name=\"author\" content=\"Viviana Monrroy\" \/>\n<meta name=\"twitter:card\" content=\"summary_large_image\" \/>\n<meta name=\"twitter:creator\" content=\"@eldiario_net\" \/>\n<meta name=\"twitter:site\" content=\"@eldiario_net\" \/>\n<meta name=\"twitter:label1\" content=\"Escrito por\" \/>\n\t<meta name=\"twitter:data1\" content=\"Viviana Monrroy\" \/>\n\t<meta name=\"twitter:label2\" content=\"Tiempo de lectura\" \/>\n\t<meta name=\"twitter:data2\" content=\"1 minuto\" \/>\n<script type=\"application\/ld+json\" class=\"yoast-schema-graph\">{\"@context\":\"https:\\\/\\\/schema.org\",\"@graph\":[{\"@type\":\"Article\",\"@id\":\"https:\\\/\\\/www.eldiario.net\\\/portal\\\/2025\\\/01\\\/27\\\/conmemoran-el-80-aniversario-de-la-liberacion-de-auschwitz-1913\\\/#article\",\"isPartOf\":{\"@id\":\"https:\\\/\\\/www.eldiario.net\\\/portal\\\/2025\\\/01\\\/27\\\/conmemoran-el-80-aniversario-de-la-liberacion-de-auschwitz-1913\\\/\"},\"author\":{\"name\":\"Viviana Monrroy\",\"@id\":\"https:\\\/\\\/www.eldiario.net\\\/portal\\\/#\\\/schema\\\/person\\\/ba370d92d160f4d3574381f6d9b78fab\"},\"headline\":\"Conmemoran el 80 aniversario de la liberaci\u00f3n de Auschwitz. (19:13)\",\"datePublished\":\"2025-01-27T23:13:22+00:00\",\"mainEntityOfPage\":{\"@id\":\"https:\\\/\\\/www.eldiario.net\\\/portal\\\/2025\\\/01\\\/27\\\/conmemoran-el-80-aniversario-de-la-liberacion-de-auschwitz-1913\\\/\"},\"wordCount\":140,\"publisher\":{\"@id\":\"https:\\\/\\\/www.eldiario.net\\\/portal\\\/#organization\"},\"image\":{\"@id\":\"https:\\\/\\\/www.eldiario.net\\\/portal\\\/2025\\\/01\\\/27\\\/conmemoran-el-80-aniversario-de-la-liberacion-de-auschwitz-1913\\\/#primaryimage\"},\"thumbnailUrl\":\"https:\\\/\\\/www.eldiario.net\\\/portal\\\/wp-content\\\/uploads\\\/2025\\\/01\\\/auschwitz-e1738019556817.jpg\",\"articleSection\":[\"\u00daltima Hora\"],\"inLanguage\":\"es\"},{\"@type\":\"WebPage\",\"@id\":\"https:\\\/\\\/www.eldiario.net\\\/portal\\\/2025\\\/01\\\/27\\\/conmemoran-el-80-aniversario-de-la-liberacion-de-auschwitz-1913\\\/\",\"url\":\"https:\\\/\\\/www.eldiario.net\\\/portal\\\/2025\\\/01\\\/27\\\/conmemoran-el-80-aniversario-de-la-liberacion-de-auschwitz-1913\\\/\",\"name\":\"Conmemoran el 80 aniversario de la liberaci\u00f3n de Auschwitz. (19:13) - El Diario - Bolivia\",\"isPartOf\":{\"@id\":\"https:\\\/\\\/www.eldiario.net\\\/portal\\\/#website\"},\"primaryImageOfPage\":{\"@id\":\"https:\\\/\\\/www.eldiario.net\\\/portal\\\/2025\\\/01\\\/27\\\/conmemoran-el-80-aniversario-de-la-liberacion-de-auschwitz-1913\\\/#primaryimage\"},\"image\":{\"@id\":\"https:\\\/\\\/www.eldiario.net\\\/portal\\\/2025\\\/01\\\/27\\\/conmemoran-el-80-aniversario-de-la-liberacion-de-auschwitz-1913\\\/#primaryimage\"},\"thumbnailUrl\":\"https:\\\/\\\/www.eldiario.net\\\/portal\\\/wp-content\\\/uploads\\\/2025\\\/01\\\/auschwitz-e1738019556817.jpg\",\"datePublished\":\"2025-01-27T23:13:22+00:00\",\"breadcrumb\":{\"@id\":\"https:\\\/\\\/www.eldiario.net\\\/portal\\\/2025\\\/01\\\/27\\\/conmemoran-el-80-aniversario-de-la-liberacion-de-auschwitz-1913\\\/#breadcrumb\"},\"inLanguage\":\"es\",\"potentialAction\":[{\"@type\":\"ReadAction\",\"target\":[\"https:\\\/\\\/www.eldiario.net\\\/portal\\\/2025\\\/01\\\/27\\\/conmemoran-el-80-aniversario-de-la-liberacion-de-auschwitz-1913\\\/\"]}]},{\"@type\":\"ImageObject\",\"inLanguage\":\"es\",\"@id\":\"https:\\\/\\\/www.eldiario.net\\\/portal\\\/2025\\\/01\\\/27\\\/conmemoran-el-80-aniversario-de-la-liberacion-de-auschwitz-1913\\\/#primaryimage\",\"url\":\"https:\\\/\\\/www.eldiario.net\\\/portal\\\/wp-content\\\/uploads\\\/2025\\\/01\\\/auschwitz-e1738019556817.jpg\",\"contentUrl\":\"https:\\\/\\\/www.eldiario.net\\\/portal\\\/wp-content\\\/uploads\\\/2025\\\/01\\\/auschwitz-e1738019556817.jpg\",\"width\":450,\"height\":236,\"caption\":\"Foto: RR.SS.\"},{\"@type\":\"BreadcrumbList\",\"@id\":\"https:\\\/\\\/www.eldiario.net\\\/portal\\\/2025\\\/01\\\/27\\\/conmemoran-el-80-aniversario-de-la-liberacion-de-auschwitz-1913\\\/#breadcrumb\",\"itemListElement\":[{\"@type\":\"ListItem\",\"position\":1,\"name\":\"Portada\",\"item\":\"https:\\\/\\\/www.eldiario.net\\\/portal\\\/\"},{\"@type\":\"ListItem\",\"position\":2,\"name\":\"Conmemoran el 80 aniversario de la liberaci\u00f3n de Auschwitz. (19:13)\"}]},{\"@type\":\"WebSite\",\"@id\":\"https:\\\/\\\/www.eldiario.net\\\/portal\\\/#website\",\"url\":\"https:\\\/\\\/www.eldiario.net\\\/portal\\\/\",\"name\":\"El Diario - Decano de la prensa nacional\",\"description\":\"El Diario - Decano de la prensa nacional\",\"publisher\":{\"@id\":\"https:\\\/\\\/www.eldiario.net\\\/portal\\\/#organization\"},\"potentialAction\":[{\"@type\":\"SearchAction\",\"target\":{\"@type\":\"EntryPoint\",\"urlTemplate\":\"https:\\\/\\\/www.eldiario.net\\\/portal\\\/?s={search_term_string}\"},\"query-input\":{\"@type\":\"PropertyValueSpecification\",\"valueRequired\":true,\"valueName\":\"search_term_string\"}}],\"inLanguage\":\"es\"},{\"@type\":\"Organization\",\"@id\":\"https:\\\/\\\/www.eldiario.net\\\/portal\\\/#organization\",\"name\":\"El Diario - Decano de la prensa nacional\",\"url\":\"https:\\\/\\\/www.eldiario.net\\\/portal\\\/\",\"logo\":{\"@type\":\"ImageObject\",\"inLanguage\":\"es\",\"@id\":\"https:\\\/\\\/www.eldiario.net\\\/portal\\\/#\\\/schema\\\/logo\\\/image\\\/\",\"url\":\"https:\\\/\\\/www.eldiario.net\\\/portal\\\/wp-content\\\/uploads\\\/2023\\\/07\\\/logo_ED.jpg\",\"contentUrl\":\"https:\\\/\\\/www.eldiario.net\\\/portal\\\/wp-content\\\/uploads\\\/2023\\\/07\\\/logo_ED.jpg\",\"width\":272,\"height\":52,\"caption\":\"El Diario - Decano de la prensa nacional\"},\"image\":{\"@id\":\"https:\\\/\\\/www.eldiario.net\\\/portal\\\/#\\\/schema\\\/logo\\\/image\\\/\"},\"sameAs\":[\"https:\\\/\\\/www.facebook.com\\\/eldiario.bolivia\\\/\",\"https:\\\/\\\/x.com\\\/eldiario_net\"]},{\"@type\":\"Person\",\"@id\":\"https:\\\/\\\/www.eldiario.net\\\/portal\\\/#\\\/schema\\\/person\\\/ba370d92d160f4d3574381f6d9b78fab\",\"name\":\"Viviana Monrroy\",\"image\":{\"@type\":\"ImageObject\",\"inLanguage\":\"es\",\"@id\":\"https:\\\/\\\/secure.gravatar.com\\\/avatar\\\/dfd1611ed5600959a0e5a9754503b6c05d1dcf190010998e0363aee2ad98afca?s=96&d=mm&r=g\",\"url\":\"https:\\\/\\\/secure.gravatar.com\\\/avatar\\\/dfd1611ed5600959a0e5a9754503b6c05d1dcf190010998e0363aee2ad98afca?s=96&d=mm&r=g\",\"contentUrl\":\"https:\\\/\\\/secure.gravatar.com\\\/avatar\\\/dfd1611ed5600959a0e5a9754503b6c05d1dcf190010998e0363aee2ad98afca?s=96&d=mm&r=g\",\"caption\":\"Viviana Monrroy\"},\"sameAs\":[\"http:\\\/\\\/www.eldiario.net\"],\"url\":\"https:\\\/\\\/www.eldiario.net\\\/portal\\\/author\\\/vivianamonrroy\\\/\"}]}<\/script>\n<!-- \/ Yoast SEO plugin. -->","yoast_head_json":{"title":"Conmemoran el 80 aniversario de la liberaci\u00f3n de Auschwitz. (19:13) - El Diario - Bolivia","robots":{"index":"index","follow":"follow","max-snippet":"max-snippet:-1","max-image-preview":"max-image-preview:large","max-video-preview":"max-video-preview:-1"},"canonical":"https:\/\/www.eldiario.net\/portal\/2025\/01\/27\/conmemoran-el-80-aniversario-de-la-liberacion-de-auschwitz-1913\/","og_locale":"es_ES","og_type":"article","og_title":"Conmemoran el 80 aniversario de la liberaci\u00f3n de Auschwitz. (19:13) - El Diario - Bolivia","og_description":"L\u00edderes mundiales se reunieron en Polonia para conmemorar el 80 aniversario de la liberaci\u00f3n del campo de concentraci\u00f3n de Auschwitz. El rey Carlos de Gran Breta\u00f1a, el canciller alem\u00e1n Olaf Scholz, el presidente franc\u00e9s Emmanuel Macron y el presidente ucraniano Volodymyr Zelensky, entre otros, se unieron a los sobrevivientes del campo para rendir homenaje a [&hellip;]","og_url":"https:\/\/www.eldiario.net\/portal\/2025\/01\/27\/conmemoran-el-80-aniversario-de-la-liberacion-de-auschwitz-1913\/","og_site_name":"El Diario - Bolivia","article_publisher":"https:\/\/www.facebook.com\/eldiario.bolivia\/","article_published_time":"2025-01-27T23:13:22+00:00","og_image":[{"width":450,"height":236,"url":"https:\/\/www.eldiario.net\/portal\/wp-content\/uploads\/2025\/01\/auschwitz-e1738019556817.jpg","type":"image\/jpeg"}],"author":"Viviana Monrroy","twitter_card":"summary_large_image","twitter_creator":"@eldiario_net","twitter_site":"@eldiario_net","twitter_misc":{"Escrito por":"Viviana Monrroy","Tiempo de lectura":"1 minuto"},"schema":{"@context":"https:\/\/schema.org","@graph":[{"@type":"Article","@id":"https:\/\/www.eldiario.net\/portal\/2025\/01\/27\/conmemoran-el-80-aniversario-de-la-liberacion-de-auschwitz-1913\/#article","isPartOf":{"@id":"https:\/\/www.eldiario.net\/portal\/2025\/01\/27\/conmemoran-el-80-aniversario-de-la-liberacion-de-auschwitz-1913\/"},"author":{"name":"Viviana Monrroy","@id":"https:\/\/www.eldiario.net\/portal\/#\/schema\/person\/ba370d92d160f4d3574381f6d9b78fab"},"headline":"Conmemoran el 80 aniversario de la liberaci\u00f3n de Auschwitz. (19:13)","datePublished":"2025-01-27T23:13:22+00:00","mainEntityOfPage":{"@id":"https:\/\/www.eldiario.net\/portal\/2025\/01\/27\/conmemoran-el-80-aniversario-de-la-liberacion-de-auschwitz-1913\/"},"wordCount":140,"publisher":{"@id":"https:\/\/www.eldiario.net\/portal\/#organization"},"image":{"@id":"https:\/\/www.eldiario.net\/portal\/2025\/01\/27\/conmemoran-el-80-aniversario-de-la-liberacion-de-auschwitz-1913\/#primaryimage"},"thumbnailUrl":"https:\/\/www.eldiario.net\/portal\/wp-content\/uploads\/2025\/01\/auschwitz-e1738019556817.jpg","articleSection":["\u00daltima Hora"],"inLanguage":"es"},{"@type":"WebPage","@id":"https:\/\/www.eldiario.net\/portal\/2025\/01\/27\/conmemoran-el-80-aniversario-de-la-liberacion-de-auschwitz-1913\/","url":"https:\/\/www.eldiario.net\/portal\/2025\/01\/27\/conmemoran-el-80-aniversario-de-la-liberacion-de-auschwitz-1913\/","name":"Conmemoran el 80 aniversario de la liberaci\u00f3n de Auschwitz. (19:13) - El Diario - Bolivia","isPartOf":{"@id":"https:\/\/www.eldiario.net\/portal\/#website"},"primaryImageOfPage":{"@id":"https:\/\/www.eldiario.net\/portal\/2025\/01\/27\/conmemoran-el-80-aniversario-de-la-liberacion-de-auschwitz-1913\/#primaryimage"},"image":{"@id":"https:\/\/www.eldiario.net\/portal\/2025\/01\/27\/conmemoran-el-80-aniversario-de-la-liberacion-de-auschwitz-1913\/#primaryimage"},"thumbnailUrl":"https:\/\/www.eldiario.net\/portal\/wp-content\/uploads\/2025\/01\/auschwitz-e1738019556817.jpg","datePublished":"2025-01-27T23:13:22+00:00","breadcrumb":{"@id":"https:\/\/www.eldiario.net\/portal\/2025\/01\/27\/conmemoran-el-80-aniversario-de-la-liberacion-de-auschwitz-1913\/#breadcrumb"},"inLanguage":"es","potentialAction":[{"@type":"ReadAction","target":["https:\/\/www.eldiario.net\/portal\/2025\/01\/27\/conmemoran-el-80-aniversario-de-la-liberacion-de-auschwitz-1913\/"]}]},{"@type":"ImageObject","inLanguage":"es","@id":"https:\/\/www.eldiario.net\/portal\/2025\/01\/27\/conmemoran-el-80-aniversario-de-la-liberacion-de-auschwitz-1913\/#primaryimage","url":"https:\/\/www.eldiario.net\/portal\/wp-content\/uploads\/2025\/01\/auschwitz-e1738019556817.jpg","contentUrl":"https:\/\/www.eldiario.net\/portal\/wp-content\/uploads\/2025\/01\/auschwitz-e1738019556817.jpg","width":450,"height":236,"caption":"Foto: RR.SS."},{"@type":"BreadcrumbList","@id":"https:\/\/www.eldiario.net\/portal\/2025\/01\/27\/conmemoran-el-80-aniversario-de-la-liberacion-de-auschwitz-1913\/#breadcrumb","itemListElement":[{"@type":"ListItem","position":1,"name":"Portada","item":"https:\/\/www.eldiario.net\/portal\/"},{"@type":"ListItem","position":2,"name":"Conmemoran el 80 aniversario de la liberaci\u00f3n de Auschwitz. (19:13)"}]},{"@type":"WebSite","@id":"https:\/\/www.eldiario.net\/portal\/#website","url":"https:\/\/www.eldiario.net\/portal\/","name":"El Diario - Decano de la prensa nacional","description":"El Diario - Decano de la prensa nacional","publisher":{"@id":"https:\/\/www.eldiario.net\/portal\/#organization"},"potentialAction":[{"@type":"SearchAction","target":{"@type":"EntryPoint","urlTemplate":"https:\/\/www.eldiario.net\/portal\/?s={search_term_string}"},"query-input":{"@type":"PropertyValueSpecification","valueRequired":true,"valueName":"search_term_string"}}],"inLanguage":"es"},{"@type":"Organization","@id":"https:\/\/www.eldiario.net\/portal\/#organization","name":"El Diario - Decano de la prensa nacional","url":"https:\/\/www.eldiario.net\/portal\/","logo":{"@type":"ImageObject","inLanguage":"es","@id":"https:\/\/www.eldiario.net\/portal\/#\/schema\/logo\/image\/","url":"https:\/\/www.eldiario.net\/portal\/wp-content\/uploads\/2023\/07\/logo_ED.jpg","contentUrl":"https:\/\/www.eldiario.net\/portal\/wp-content\/uploads\/2023\/07\/logo_ED.jpg","width":272,"height":52,"caption":"El Diario - Decano de la prensa nacional"},"image":{"@id":"https:\/\/www.eldiario.net\/portal\/#\/schema\/logo\/image\/"},"sameAs":["https:\/\/www.facebook.com\/eldiario.bolivia\/","https:\/\/x.com\/eldiario_net"]},{"@type":"Person","@id":"https:\/\/www.eldiario.net\/portal\/#\/schema\/person\/ba370d92d160f4d3574381f6d9b78fab","name":"Viviana Monrroy","image":{"@type":"ImageObject","inLanguage":"es","@id":"https:\/\/secure.gravatar.com\/avatar\/dfd1611ed5600959a0e5a9754503b6c05d1dcf190010998e0363aee2ad98afca?s=96&d=mm&r=g","url":"https:\/\/secure.gravatar.com\/avatar\/dfd1611ed5600959a0e5a9754503b6c05d1dcf190010998e0363aee2ad98afca?s=96&d=mm&r=g","contentUrl":"https:\/\/secure.gravatar.com\/avatar\/dfd1611ed5600959a0e5a9754503b6c05d1dcf190010998e0363aee2ad98afca?s=96&d=mm&r=g","caption":"Viviana Monrroy"},"sameAs":["http:\/\/www.eldiario.net"],"url":"https:\/\/www.eldiario.net\/portal\/author\/vivianamonrroy\/"}]}},"_links":{"self":[{"href":"https:\/\/www.eldiario.net\/portal\/wp-json\/wp\/v2\/posts\/277623","targetHints":{"allow":["GET"]}}],"collection":[{"href":"https:\/\/www.eldiario.net\/portal\/wp-json\/wp\/v2\/posts"}],"about":[{"href":"https:\/\/www.eldiario.net\/portal\/wp-json\/wp\/v2\/types\/post"}],"author":[{"embeddable":true,"href":"https:\/\/www.eldiario.net\/portal\/wp-json\/wp\/v2\/users\/7"}],"replies":[{"embeddable":true,"href":"https:\/\/www.eldiario.net\/portal\/wp-json\/wp\/v2\/comments?post=277623"}],"version-history":[{"count":1,"href":"https:\/\/www.eldiario.net\/portal\/wp-json\/wp\/v2\/posts\/277623\/revisions"}],"predecessor-version":[{"id":277625,"href":"https:\/\/www.eldiario.net\/portal\/wp-json\/wp\/v2\/posts\/277623\/revisions\/277625"}],"wp:featuredmedia":[{"embeddable":true,"href":"https:\/\/www.eldiario.net\/portal\/wp-json\/wp\/v2\/media\/277624"}],"wp:attachment":[{"href":"https:\/\/www.eldiario.net\/portal\/wp-json\/wp\/v2\/media?parent=277623"}],"wp:term":[{"taxonomy":"category","embeddable":true,"href":"https:\/\/www.eldiario.net\/portal\/wp-json\/wp\/v2\/categories?post=277623"},{"taxonomy":"post_tag","embeddable":true,"href":"https:\/\/www.eldiario.net\/portal\/wp-json\/wp\/v2\/tags?post=277623"}],"curies":[{"name":"wp","href":"https:\/\/api.w.org\/{rel}","templated":true}]}}