{"id":277609,"date":"2025-01-27T18:10:21","date_gmt":"2025-01-27T22:10:21","guid":{"rendered":"https:\/\/www.eldiario.net\/portal\/?p=277609"},"modified":"2025-01-27T18:10:21","modified_gmt":"2025-01-27T22:10:21","slug":"falla-en-motor-obliga-a-evacuar-avion-de-boa-en-cochabamba-1810","status":"publish","type":"post","link":"https:\/\/www.eldiario.net\/portal\/2025\/01\/27\/falla-en-motor-obliga-a-evacuar-avion-de-boa-en-cochabamba-1810\/","title":{"rendered":"Falla en motor obliga a evacuar avi\u00f3n de BoA en Cochabamba. (18:10)"},"content":{"rendered":"<p>Un vuelo de Boliviana de Aviaci\u00f3n (BoA) con destino a Santa Cruz fue cancelado la tarde de este lunes tras una falla registrada en uno de los motores durante el despegue en el aeropuerto Jorge Wilstermann de Cochabamba. Los 137 pasajeros y 7 tripulantes fueron evacuados como medida preventiva, seg\u00fan inform\u00f3 la aerol\u00ednea en un comunicado. Videos difundidos en redes sociales mostraron momentos de p\u00e1nico entre los pasajeros, mientras equipos de bomberos del aeropuerto atend\u00edan la emergencia.<\/p>\n<p>Aunque BoA confirm\u00f3 que el despegue fue abortado y la evacuaci\u00f3n se realiz\u00f3 siguiendo los protocolos de seguridad, no detall\u00f3 las causas espec\u00edficas del incidente. Algunos pasajeros reportaron un fuerte estruendo e indicaron que presuntamente uno de los motores habr\u00eda sufrido un incendio. La aerol\u00ednea asegur\u00f3 que los pasajeros est\u00e1n siendo valorados y sus vuelos reprogramados, reiterando su compromiso con la seguridad. Se espera un informe t\u00e9cnico oficial en las pr\u00f3ximas horas.<\/p>\n","protected":false},"excerpt":{"rendered":"<p>Un vuelo de Boliviana de Aviaci\u00f3n (BoA) con destino a Santa Cruz fue cancelado la tarde de este lunes tras una falla registrada en uno de los motores durante el despegue en el aeropuerto Jorge Wilstermann de Cochabamba. Los 137 pasajeros y 7 tripulantes fueron evacuados como medida preventiva, seg\u00fan inform\u00f3 la aerol\u00ednea en un [&hellip;]<\/p>\n","protected":false},"author":7,"featured_media":277610,"comment_status":"closed","ping_status":"open","sticky":false,"template":"","format":"standard","meta":{"_acf_changed":false,"footnotes":""},"categories":[51],"tags":[],"class_list":["post-277609","post","type-post","status-publish","format-standard","has-post-thumbnail","category-ultima-hora"],"acf":{"antetitulo":""},"yoast_head":"<!-- This site is optimized with the Yoast SEO plugin v28.4 - https:\/\/yoast.com\/product\/yoast-seo-wordpress\/ -->\n<title>Falla en motor obliga a evacuar avi\u00f3n de BoA en Cochabamba. (18:10) - El Diario - Bolivia<\/title>\n<meta name=\"robots\" content=\"index, follow, max-snippet:-1, max-image-preview:large, max-video-preview:-1\" \/>\n<link rel=\"canonical\" href=\"https:\/\/www.eldiario.net\/portal\/2025\/01\/27\/falla-en-motor-obliga-a-evacuar-avion-de-boa-en-cochabamba-1810\/\" \/>\n<meta property=\"og:locale\" content=\"es_ES\" \/>\n<meta property=\"og:type\" content=\"article\" \/>\n<meta property=\"og:title\" content=\"Falla en motor obliga a evacuar avi\u00f3n de BoA en Cochabamba. (18:10) - El Diario - Bolivia\" \/>\n<meta property=\"og:description\" content=\"Un vuelo de Boliviana de Aviaci\u00f3n (BoA) con destino a Santa Cruz fue cancelado la tarde de este lunes tras una falla registrada en uno de los motores durante el despegue en el aeropuerto Jorge Wilstermann de Cochabamba. Los 137 pasajeros y 7 tripulantes fueron evacuados como medida preventiva, seg\u00fan inform\u00f3 la aerol\u00ednea en un [&hellip;]\" \/>\n<meta property=\"og:url\" content=\"https:\/\/www.eldiario.net\/portal\/2025\/01\/27\/falla-en-motor-obliga-a-evacuar-avion-de-boa-en-cochabamba-1810\/\" \/>\n<meta property=\"og:site_name\" content=\"El Diario - Bolivia\" \/>\n<meta property=\"article:publisher\" content=\"https:\/\/www.facebook.com\/eldiario.bolivia\/\" \/>\n<meta property=\"article:published_time\" content=\"2025-01-27T22:10:21+00:00\" \/>\n<meta property=\"og:image\" content=\"https:\/\/www.eldiario.net\/portal\/wp-content\/uploads\/2025\/01\/boa-incendio-e1738015786615.png\" \/>\n\t<meta property=\"og:image:width\" content=\"300\" \/>\n\t<meta property=\"og:image:height\" content=\"512\" \/>\n\t<meta property=\"og:image:type\" content=\"image\/png\" \/>\n<meta name=\"author\" content=\"Viviana Monrroy\" \/>\n<meta name=\"twitter:card\" content=\"summary_large_image\" \/>\n<meta name=\"twitter:creator\" content=\"@eldiario_net\" \/>\n<meta name=\"twitter:site\" content=\"@eldiario_net\" \/>\n<meta name=\"twitter:label1\" content=\"Escrito por\" \/>\n\t<meta name=\"twitter:data1\" content=\"Viviana Monrroy\" \/>\n\t<meta name=\"twitter:label2\" content=\"Tiempo de lectura\" \/>\n\t<meta name=\"twitter:data2\" content=\"1 minuto\" \/>\n<script type=\"application\/ld+json\" class=\"yoast-schema-graph\">{\"@context\":\"https:\\\/\\\/schema.org\",\"@graph\":[{\"@type\":\"Article\",\"@id\":\"https:\\\/\\\/www.eldiario.net\\\/portal\\\/2025\\\/01\\\/27\\\/falla-en-motor-obliga-a-evacuar-avion-de-boa-en-cochabamba-1810\\\/#article\",\"isPartOf\":{\"@id\":\"https:\\\/\\\/www.eldiario.net\\\/portal\\\/2025\\\/01\\\/27\\\/falla-en-motor-obliga-a-evacuar-avion-de-boa-en-cochabamba-1810\\\/\"},\"author\":{\"name\":\"Viviana Monrroy\",\"@id\":\"https:\\\/\\\/www.eldiario.net\\\/portal\\\/#\\\/schema\\\/person\\\/ba370d92d160f4d3574381f6d9b78fab\"},\"headline\":\"Falla en motor obliga a evacuar avi\u00f3n de BoA en Cochabamba. (18:10)\",\"datePublished\":\"2025-01-27T22:10:21+00:00\",\"mainEntityOfPage\":{\"@id\":\"https:\\\/\\\/www.eldiario.net\\\/portal\\\/2025\\\/01\\\/27\\\/falla-en-motor-obliga-a-evacuar-avion-de-boa-en-cochabamba-1810\\\/\"},\"wordCount\":171,\"publisher\":{\"@id\":\"https:\\\/\\\/www.eldiario.net\\\/portal\\\/#organization\"},\"image\":{\"@id\":\"https:\\\/\\\/www.eldiario.net\\\/portal\\\/2025\\\/01\\\/27\\\/falla-en-motor-obliga-a-evacuar-avion-de-boa-en-cochabamba-1810\\\/#primaryimage\"},\"thumbnailUrl\":\"https:\\\/\\\/www.eldiario.net\\\/portal\\\/wp-content\\\/uploads\\\/2025\\\/01\\\/boa-incendio-e1738015786615.png\",\"articleSection\":[\"\u00daltima Hora\"],\"inLanguage\":\"es\"},{\"@type\":\"WebPage\",\"@id\":\"https:\\\/\\\/www.eldiario.net\\\/portal\\\/2025\\\/01\\\/27\\\/falla-en-motor-obliga-a-evacuar-avion-de-boa-en-cochabamba-1810\\\/\",\"url\":\"https:\\\/\\\/www.eldiario.net\\\/portal\\\/2025\\\/01\\\/27\\\/falla-en-motor-obliga-a-evacuar-avion-de-boa-en-cochabamba-1810\\\/\",\"name\":\"Falla en motor obliga a evacuar avi\u00f3n de BoA en Cochabamba. (18:10) - El Diario - Bolivia\",\"isPartOf\":{\"@id\":\"https:\\\/\\\/www.eldiario.net\\\/portal\\\/#website\"},\"primaryImageOfPage\":{\"@id\":\"https:\\\/\\\/www.eldiario.net\\\/portal\\\/2025\\\/01\\\/27\\\/falla-en-motor-obliga-a-evacuar-avion-de-boa-en-cochabamba-1810\\\/#primaryimage\"},\"image\":{\"@id\":\"https:\\\/\\\/www.eldiario.net\\\/portal\\\/2025\\\/01\\\/27\\\/falla-en-motor-obliga-a-evacuar-avion-de-boa-en-cochabamba-1810\\\/#primaryimage\"},\"thumbnailUrl\":\"https:\\\/\\\/www.eldiario.net\\\/portal\\\/wp-content\\\/uploads\\\/2025\\\/01\\\/boa-incendio-e1738015786615.png\",\"datePublished\":\"2025-01-27T22:10:21+00:00\",\"breadcrumb\":{\"@id\":\"https:\\\/\\\/www.eldiario.net\\\/portal\\\/2025\\\/01\\\/27\\\/falla-en-motor-obliga-a-evacuar-avion-de-boa-en-cochabamba-1810\\\/#breadcrumb\"},\"inLanguage\":\"es\",\"potentialAction\":[{\"@type\":\"ReadAction\",\"target\":[\"https:\\\/\\\/www.eldiario.net\\\/portal\\\/2025\\\/01\\\/27\\\/falla-en-motor-obliga-a-evacuar-avion-de-boa-en-cochabamba-1810\\\/\"]}]},{\"@type\":\"ImageObject\",\"inLanguage\":\"es\",\"@id\":\"https:\\\/\\\/www.eldiario.net\\\/portal\\\/2025\\\/01\\\/27\\\/falla-en-motor-obliga-a-evacuar-avion-de-boa-en-cochabamba-1810\\\/#primaryimage\",\"url\":\"https:\\\/\\\/www.eldiario.net\\\/portal\\\/wp-content\\\/uploads\\\/2025\\\/01\\\/boa-incendio-e1738015786615.png\",\"contentUrl\":\"https:\\\/\\\/www.eldiario.net\\\/portal\\\/wp-content\\\/uploads\\\/2025\\\/01\\\/boa-incendio-e1738015786615.png\",\"width\":300,\"height\":512,\"caption\":\"Foto: RR.SS.\"},{\"@type\":\"BreadcrumbList\",\"@id\":\"https:\\\/\\\/www.eldiario.net\\\/portal\\\/2025\\\/01\\\/27\\\/falla-en-motor-obliga-a-evacuar-avion-de-boa-en-cochabamba-1810\\\/#breadcrumb\",\"itemListElement\":[{\"@type\":\"ListItem\",\"position\":1,\"name\":\"Portada\",\"item\":\"https:\\\/\\\/www.eldiario.net\\\/portal\\\/\"},{\"@type\":\"ListItem\",\"position\":2,\"name\":\"Falla en motor obliga a evacuar avi\u00f3n de BoA en Cochabamba. (18:10)\"}]},{\"@type\":\"WebSite\",\"@id\":\"https:\\\/\\\/www.eldiario.net\\\/portal\\\/#website\",\"url\":\"https:\\\/\\\/www.eldiario.net\\\/portal\\\/\",\"name\":\"El Diario - Decano de la prensa nacional\",\"description\":\"El Diario - Decano de la prensa nacional\",\"publisher\":{\"@id\":\"https:\\\/\\\/www.eldiario.net\\\/portal\\\/#organization\"},\"potentialAction\":[{\"@type\":\"SearchAction\",\"target\":{\"@type\":\"EntryPoint\",\"urlTemplate\":\"https:\\\/\\\/www.eldiario.net\\\/portal\\\/?s={search_term_string}\"},\"query-input\":{\"@type\":\"PropertyValueSpecification\",\"valueRequired\":true,\"valueName\":\"search_term_string\"}}],\"inLanguage\":\"es\"},{\"@type\":\"Organization\",\"@id\":\"https:\\\/\\\/www.eldiario.net\\\/portal\\\/#organization\",\"name\":\"El Diario - Decano de la prensa nacional\",\"url\":\"https:\\\/\\\/www.eldiario.net\\\/portal\\\/\",\"logo\":{\"@type\":\"ImageObject\",\"inLanguage\":\"es\",\"@id\":\"https:\\\/\\\/www.eldiario.net\\\/portal\\\/#\\\/schema\\\/logo\\\/image\\\/\",\"url\":\"https:\\\/\\\/www.eldiario.net\\\/portal\\\/wp-content\\\/uploads\\\/2023\\\/07\\\/logo_ED.jpg\",\"contentUrl\":\"https:\\\/\\\/www.eldiario.net\\\/portal\\\/wp-content\\\/uploads\\\/2023\\\/07\\\/logo_ED.jpg\",\"width\":272,\"height\":52,\"caption\":\"El Diario - Decano de la prensa nacional\"},\"image\":{\"@id\":\"https:\\\/\\\/www.eldiario.net\\\/portal\\\/#\\\/schema\\\/logo\\\/image\\\/\"},\"sameAs\":[\"https:\\\/\\\/www.facebook.com\\\/eldiario.bolivia\\\/\",\"https:\\\/\\\/x.com\\\/eldiario_net\"]},{\"@type\":\"Person\",\"@id\":\"https:\\\/\\\/www.eldiario.net\\\/portal\\\/#\\\/schema\\\/person\\\/ba370d92d160f4d3574381f6d9b78fab\",\"name\":\"Viviana Monrroy\",\"image\":{\"@type\":\"ImageObject\",\"inLanguage\":\"es\",\"@id\":\"https:\\\/\\\/secure.gravatar.com\\\/avatar\\\/dfd1611ed5600959a0e5a9754503b6c05d1dcf190010998e0363aee2ad98afca?s=96&d=mm&r=g\",\"url\":\"https:\\\/\\\/secure.gravatar.com\\\/avatar\\\/dfd1611ed5600959a0e5a9754503b6c05d1dcf190010998e0363aee2ad98afca?s=96&d=mm&r=g\",\"contentUrl\":\"https:\\\/\\\/secure.gravatar.com\\\/avatar\\\/dfd1611ed5600959a0e5a9754503b6c05d1dcf190010998e0363aee2ad98afca?s=96&d=mm&r=g\",\"caption\":\"Viviana Monrroy\"},\"sameAs\":[\"http:\\\/\\\/www.eldiario.net\"],\"url\":\"https:\\\/\\\/www.eldiario.net\\\/portal\\\/author\\\/vivianamonrroy\\\/\"}]}<\/script>\n<!-- \/ Yoast SEO plugin. -->","yoast_head_json":{"title":"Falla en motor obliga a evacuar avi\u00f3n de BoA en Cochabamba. (18:10) - El Diario - Bolivia","robots":{"index":"index","follow":"follow","max-snippet":"max-snippet:-1","max-image-preview":"max-image-preview:large","max-video-preview":"max-video-preview:-1"},"canonical":"https:\/\/www.eldiario.net\/portal\/2025\/01\/27\/falla-en-motor-obliga-a-evacuar-avion-de-boa-en-cochabamba-1810\/","og_locale":"es_ES","og_type":"article","og_title":"Falla en motor obliga a evacuar avi\u00f3n de BoA en Cochabamba. (18:10) - El Diario - Bolivia","og_description":"Un vuelo de Boliviana de Aviaci\u00f3n (BoA) con destino a Santa Cruz fue cancelado la tarde de este lunes tras una falla registrada en uno de los motores durante el despegue en el aeropuerto Jorge Wilstermann de Cochabamba. Los 137 pasajeros y 7 tripulantes fueron evacuados como medida preventiva, seg\u00fan inform\u00f3 la aerol\u00ednea en un [&hellip;]","og_url":"https:\/\/www.eldiario.net\/portal\/2025\/01\/27\/falla-en-motor-obliga-a-evacuar-avion-de-boa-en-cochabamba-1810\/","og_site_name":"El Diario - Bolivia","article_publisher":"https:\/\/www.facebook.com\/eldiario.bolivia\/","article_published_time":"2025-01-27T22:10:21+00:00","og_image":[{"width":300,"height":512,"url":"https:\/\/www.eldiario.net\/portal\/wp-content\/uploads\/2025\/01\/boa-incendio-e1738015786615.png","type":"image\/png"}],"author":"Viviana Monrroy","twitter_card":"summary_large_image","twitter_creator":"@eldiario_net","twitter_site":"@eldiario_net","twitter_misc":{"Escrito por":"Viviana Monrroy","Tiempo de lectura":"1 minuto"},"schema":{"@context":"https:\/\/schema.org","@graph":[{"@type":"Article","@id":"https:\/\/www.eldiario.net\/portal\/2025\/01\/27\/falla-en-motor-obliga-a-evacuar-avion-de-boa-en-cochabamba-1810\/#article","isPartOf":{"@id":"https:\/\/www.eldiario.net\/portal\/2025\/01\/27\/falla-en-motor-obliga-a-evacuar-avion-de-boa-en-cochabamba-1810\/"},"author":{"name":"Viviana Monrroy","@id":"https:\/\/www.eldiario.net\/portal\/#\/schema\/person\/ba370d92d160f4d3574381f6d9b78fab"},"headline":"Falla en motor obliga a evacuar avi\u00f3n de BoA en Cochabamba. (18:10)","datePublished":"2025-01-27T22:10:21+00:00","mainEntityOfPage":{"@id":"https:\/\/www.eldiario.net\/portal\/2025\/01\/27\/falla-en-motor-obliga-a-evacuar-avion-de-boa-en-cochabamba-1810\/"},"wordCount":171,"publisher":{"@id":"https:\/\/www.eldiario.net\/portal\/#organization"},"image":{"@id":"https:\/\/www.eldiario.net\/portal\/2025\/01\/27\/falla-en-motor-obliga-a-evacuar-avion-de-boa-en-cochabamba-1810\/#primaryimage"},"thumbnailUrl":"https:\/\/www.eldiario.net\/portal\/wp-content\/uploads\/2025\/01\/boa-incendio-e1738015786615.png","articleSection":["\u00daltima Hora"],"inLanguage":"es"},{"@type":"WebPage","@id":"https:\/\/www.eldiario.net\/portal\/2025\/01\/27\/falla-en-motor-obliga-a-evacuar-avion-de-boa-en-cochabamba-1810\/","url":"https:\/\/www.eldiario.net\/portal\/2025\/01\/27\/falla-en-motor-obliga-a-evacuar-avion-de-boa-en-cochabamba-1810\/","name":"Falla en motor obliga a evacuar avi\u00f3n de BoA en Cochabamba. (18:10) - El Diario - Bolivia","isPartOf":{"@id":"https:\/\/www.eldiario.net\/portal\/#website"},"primaryImageOfPage":{"@id":"https:\/\/www.eldiario.net\/portal\/2025\/01\/27\/falla-en-motor-obliga-a-evacuar-avion-de-boa-en-cochabamba-1810\/#primaryimage"},"image":{"@id":"https:\/\/www.eldiario.net\/portal\/2025\/01\/27\/falla-en-motor-obliga-a-evacuar-avion-de-boa-en-cochabamba-1810\/#primaryimage"},"thumbnailUrl":"https:\/\/www.eldiario.net\/portal\/wp-content\/uploads\/2025\/01\/boa-incendio-e1738015786615.png","datePublished":"2025-01-27T22:10:21+00:00","breadcrumb":{"@id":"https:\/\/www.eldiario.net\/portal\/2025\/01\/27\/falla-en-motor-obliga-a-evacuar-avion-de-boa-en-cochabamba-1810\/#breadcrumb"},"inLanguage":"es","potentialAction":[{"@type":"ReadAction","target":["https:\/\/www.eldiario.net\/portal\/2025\/01\/27\/falla-en-motor-obliga-a-evacuar-avion-de-boa-en-cochabamba-1810\/"]}]},{"@type":"ImageObject","inLanguage":"es","@id":"https:\/\/www.eldiario.net\/portal\/2025\/01\/27\/falla-en-motor-obliga-a-evacuar-avion-de-boa-en-cochabamba-1810\/#primaryimage","url":"https:\/\/www.eldiario.net\/portal\/wp-content\/uploads\/2025\/01\/boa-incendio-e1738015786615.png","contentUrl":"https:\/\/www.eldiario.net\/portal\/wp-content\/uploads\/2025\/01\/boa-incendio-e1738015786615.png","width":300,"height":512,"caption":"Foto: RR.SS."},{"@type":"BreadcrumbList","@id":"https:\/\/www.eldiario.net\/portal\/2025\/01\/27\/falla-en-motor-obliga-a-evacuar-avion-de-boa-en-cochabamba-1810\/#breadcrumb","itemListElement":[{"@type":"ListItem","position":1,"name":"Portada","item":"https:\/\/www.eldiario.net\/portal\/"},{"@type":"ListItem","position":2,"name":"Falla en motor obliga a evacuar avi\u00f3n de BoA en Cochabamba. (18:10)"}]},{"@type":"WebSite","@id":"https:\/\/www.eldiario.net\/portal\/#website","url":"https:\/\/www.eldiario.net\/portal\/","name":"El Diario - Decano de la prensa nacional","description":"El Diario - Decano de la prensa nacional","publisher":{"@id":"https:\/\/www.eldiario.net\/portal\/#organization"},"potentialAction":[{"@type":"SearchAction","target":{"@type":"EntryPoint","urlTemplate":"https:\/\/www.eldiario.net\/portal\/?s={search_term_string}"},"query-input":{"@type":"PropertyValueSpecification","valueRequired":true,"valueName":"search_term_string"}}],"inLanguage":"es"},{"@type":"Organization","@id":"https:\/\/www.eldiario.net\/portal\/#organization","name":"El Diario - Decano de la prensa nacional","url":"https:\/\/www.eldiario.net\/portal\/","logo":{"@type":"ImageObject","inLanguage":"es","@id":"https:\/\/www.eldiario.net\/portal\/#\/schema\/logo\/image\/","url":"https:\/\/www.eldiario.net\/portal\/wp-content\/uploads\/2023\/07\/logo_ED.jpg","contentUrl":"https:\/\/www.eldiario.net\/portal\/wp-content\/uploads\/2023\/07\/logo_ED.jpg","width":272,"height":52,"caption":"El Diario - Decano de la prensa nacional"},"image":{"@id":"https:\/\/www.eldiario.net\/portal\/#\/schema\/logo\/image\/"},"sameAs":["https:\/\/www.facebook.com\/eldiario.bolivia\/","https:\/\/x.com\/eldiario_net"]},{"@type":"Person","@id":"https:\/\/www.eldiario.net\/portal\/#\/schema\/person\/ba370d92d160f4d3574381f6d9b78fab","name":"Viviana Monrroy","image":{"@type":"ImageObject","inLanguage":"es","@id":"https:\/\/secure.gravatar.com\/avatar\/dfd1611ed5600959a0e5a9754503b6c05d1dcf190010998e0363aee2ad98afca?s=96&d=mm&r=g","url":"https:\/\/secure.gravatar.com\/avatar\/dfd1611ed5600959a0e5a9754503b6c05d1dcf190010998e0363aee2ad98afca?s=96&d=mm&r=g","contentUrl":"https:\/\/secure.gravatar.com\/avatar\/dfd1611ed5600959a0e5a9754503b6c05d1dcf190010998e0363aee2ad98afca?s=96&d=mm&r=g","caption":"Viviana Monrroy"},"sameAs":["http:\/\/www.eldiario.net"],"url":"https:\/\/www.eldiario.net\/portal\/author\/vivianamonrroy\/"}]}},"_links":{"self":[{"href":"https:\/\/www.eldiario.net\/portal\/wp-json\/wp\/v2\/posts\/277609","targetHints":{"allow":["GET"]}}],"collection":[{"href":"https:\/\/www.eldiario.net\/portal\/wp-json\/wp\/v2\/posts"}],"about":[{"href":"https:\/\/www.eldiario.net\/portal\/wp-json\/wp\/v2\/types\/post"}],"author":[{"embeddable":true,"href":"https:\/\/www.eldiario.net\/portal\/wp-json\/wp\/v2\/users\/7"}],"replies":[{"embeddable":true,"href":"https:\/\/www.eldiario.net\/portal\/wp-json\/wp\/v2\/comments?post=277609"}],"version-history":[{"count":1,"href":"https:\/\/www.eldiario.net\/portal\/wp-json\/wp\/v2\/posts\/277609\/revisions"}],"predecessor-version":[{"id":277611,"href":"https:\/\/www.eldiario.net\/portal\/wp-json\/wp\/v2\/posts\/277609\/revisions\/277611"}],"wp:featuredmedia":[{"embeddable":true,"href":"https:\/\/www.eldiario.net\/portal\/wp-json\/wp\/v2\/media\/277610"}],"wp:attachment":[{"href":"https:\/\/www.eldiario.net\/portal\/wp-json\/wp\/v2\/media?parent=277609"}],"wp:term":[{"taxonomy":"category","embeddable":true,"href":"https:\/\/www.eldiario.net\/portal\/wp-json\/wp\/v2\/categories?post=277609"},{"taxonomy":"post_tag","embeddable":true,"href":"https:\/\/www.eldiario.net\/portal\/wp-json\/wp\/v2\/tags?post=277609"}],"curies":[{"name":"wp","href":"https:\/\/api.w.org\/{rel}","templated":true}]}}