{"id":277605,"date":"2025-01-27T17:52:31","date_gmt":"2025-01-27T21:52:31","guid":{"rendered":"https:\/\/www.eldiario.net\/portal\/?p=277605"},"modified":"2025-01-27T17:52:31","modified_gmt":"2025-01-27T21:52:31","slug":"detencion-domiciliaria-para-secretario-municipal-por-caso-bajo-llojeta-1755","status":"publish","type":"post","link":"https:\/\/www.eldiario.net\/portal\/2025\/01\/27\/detencion-domiciliaria-para-secretario-municipal-por-caso-bajo-llojeta-1755\/","title":{"rendered":"Detenci\u00f3n domiciliaria para secretario municipal por caso Bajo Llojeta. (17:55)"},"content":{"rendered":"<p>El secretario Municipal de Resiliencia y Gesti\u00f3n de Vulnerabilidades, Juan Pablo Palma, recibi\u00f3 este lunes detenci\u00f3n domiciliaria con autorizaci\u00f3n para trabajar, tras una audiencia de medidas cautelares relacionada con el caso Bajo Llojeta. Seg\u00fan la directora de Asuntos Jur\u00eddicos, Amparo Morales, el juez tambi\u00e9n impuso una fianza de 35 mil bolivianos, arraigo y la obligaci\u00f3n de presentarse ante el Ministerio P\u00fablico cada 15 d\u00edas. Palma contin\u00faa internado en el Hospital Obrero por problemas cardiol\u00f3gicos y espera una nueva valoraci\u00f3n m\u00e9dica.<\/p>\n<p>El caso se remonta al desastre del 23 de noviembre, cuando una mazamorra aneg\u00f3 m\u00e1s de 40 viviendas y provoc\u00f3 la muerte de una ni\u00f1a en Bajo Llojeta. Morales cuestion\u00f3 que la Fiscal\u00eda haya enfocado la investigaci\u00f3n en funcionarios municipales, dejando en pausa las indagaciones sobre la responsabilidad de la empresa Kantutani, se\u00f1alada por el movimiento de tierras en la zona afectada. La autoridad edil apelar\u00e1 la medida cautelar, alegando que no existen riesgos procesales que justifiquen su detenci\u00f3n.<\/p>\n","protected":false},"excerpt":{"rendered":"<p>El secretario Municipal de Resiliencia y Gesti\u00f3n de Vulnerabilidades, Juan Pablo Palma, recibi\u00f3 este lunes detenci\u00f3n domiciliaria con autorizaci\u00f3n para trabajar, tras una audiencia de medidas cautelares relacionada con el caso Bajo Llojeta. Seg\u00fan la directora de Asuntos Jur\u00eddicos, Amparo Morales, el juez tambi\u00e9n impuso una fianza de 35 mil bolivianos, arraigo y la obligaci\u00f3n [&hellip;]<\/p>\n","protected":false},"author":7,"featured_media":277606,"comment_status":"closed","ping_status":"open","sticky":false,"template":"","format":"standard","meta":{"_acf_changed":false,"footnotes":""},"categories":[51],"tags":[],"class_list":["post-277605","post","type-post","status-publish","format-standard","has-post-thumbnail","category-ultima-hora"],"acf":{"antetitulo":""},"yoast_head":"<!-- This site is optimized with the Yoast SEO plugin v28.4 - https:\/\/yoast.com\/product\/yoast-seo-wordpress\/ -->\n<title>Detenci\u00f3n domiciliaria para secretario municipal por caso Bajo Llojeta. (17:55) - El Diario - Bolivia<\/title>\n<meta name=\"robots\" content=\"index, follow, max-snippet:-1, max-image-preview:large, max-video-preview:-1\" \/>\n<link rel=\"canonical\" href=\"https:\/\/www.eldiario.net\/portal\/2025\/01\/27\/detencion-domiciliaria-para-secretario-municipal-por-caso-bajo-llojeta-1755\/\" \/>\n<meta property=\"og:locale\" content=\"es_ES\" \/>\n<meta property=\"og:type\" content=\"article\" \/>\n<meta property=\"og:title\" content=\"Detenci\u00f3n domiciliaria para secretario municipal por caso Bajo Llojeta. (17:55) - El Diario - Bolivia\" \/>\n<meta property=\"og:description\" content=\"El secretario Municipal de Resiliencia y Gesti\u00f3n de Vulnerabilidades, Juan Pablo Palma, recibi\u00f3 este lunes detenci\u00f3n domiciliaria con autorizaci\u00f3n para trabajar, tras una audiencia de medidas cautelares relacionada con el caso Bajo Llojeta. Seg\u00fan la directora de Asuntos Jur\u00eddicos, Amparo Morales, el juez tambi\u00e9n impuso una fianza de 35 mil bolivianos, arraigo y la obligaci\u00f3n [&hellip;]\" \/>\n<meta property=\"og:url\" content=\"https:\/\/www.eldiario.net\/portal\/2025\/01\/27\/detencion-domiciliaria-para-secretario-municipal-por-caso-bajo-llojeta-1755\/\" \/>\n<meta property=\"og:site_name\" content=\"El Diario - Bolivia\" \/>\n<meta property=\"article:publisher\" content=\"https:\/\/www.facebook.com\/eldiario.bolivia\/\" \/>\n<meta property=\"article:published_time\" content=\"2025-01-27T21:52:31+00:00\" \/>\n<meta property=\"og:image\" content=\"https:\/\/www.eldiario.net\/portal\/wp-content\/uploads\/2025\/01\/palma-e1738014707190.png\" \/>\n\t<meta property=\"og:image:width\" content=\"350\" \/>\n\t<meta property=\"og:image:height\" content=\"274\" \/>\n\t<meta property=\"og:image:type\" content=\"image\/png\" \/>\n<meta name=\"author\" content=\"Viviana Monrroy\" \/>\n<meta name=\"twitter:card\" content=\"summary_large_image\" \/>\n<meta name=\"twitter:creator\" content=\"@eldiario_net\" \/>\n<meta name=\"twitter:site\" content=\"@eldiario_net\" \/>\n<meta name=\"twitter:label1\" content=\"Escrito por\" \/>\n\t<meta name=\"twitter:data1\" content=\"Viviana Monrroy\" \/>\n\t<meta name=\"twitter:label2\" content=\"Tiempo de lectura\" \/>\n\t<meta name=\"twitter:data2\" content=\"1 minuto\" \/>\n<script type=\"application\/ld+json\" class=\"yoast-schema-graph\">{\"@context\":\"https:\\\/\\\/schema.org\",\"@graph\":[{\"@type\":\"Article\",\"@id\":\"https:\\\/\\\/www.eldiario.net\\\/portal\\\/2025\\\/01\\\/27\\\/detencion-domiciliaria-para-secretario-municipal-por-caso-bajo-llojeta-1755\\\/#article\",\"isPartOf\":{\"@id\":\"https:\\\/\\\/www.eldiario.net\\\/portal\\\/2025\\\/01\\\/27\\\/detencion-domiciliaria-para-secretario-municipal-por-caso-bajo-llojeta-1755\\\/\"},\"author\":{\"name\":\"Viviana Monrroy\",\"@id\":\"https:\\\/\\\/www.eldiario.net\\\/portal\\\/#\\\/schema\\\/person\\\/ba370d92d160f4d3574381f6d9b78fab\"},\"headline\":\"Detenci\u00f3n domiciliaria para secretario municipal por caso Bajo Llojeta. (17:55)\",\"datePublished\":\"2025-01-27T21:52:31+00:00\",\"mainEntityOfPage\":{\"@id\":\"https:\\\/\\\/www.eldiario.net\\\/portal\\\/2025\\\/01\\\/27\\\/detencion-domiciliaria-para-secretario-municipal-por-caso-bajo-llojeta-1755\\\/\"},\"wordCount\":184,\"publisher\":{\"@id\":\"https:\\\/\\\/www.eldiario.net\\\/portal\\\/#organization\"},\"image\":{\"@id\":\"https:\\\/\\\/www.eldiario.net\\\/portal\\\/2025\\\/01\\\/27\\\/detencion-domiciliaria-para-secretario-municipal-por-caso-bajo-llojeta-1755\\\/#primaryimage\"},\"thumbnailUrl\":\"https:\\\/\\\/www.eldiario.net\\\/portal\\\/wp-content\\\/uploads\\\/2025\\\/01\\\/palma-e1738014707190.png\",\"articleSection\":[\"\u00daltima Hora\"],\"inLanguage\":\"es\"},{\"@type\":\"WebPage\",\"@id\":\"https:\\\/\\\/www.eldiario.net\\\/portal\\\/2025\\\/01\\\/27\\\/detencion-domiciliaria-para-secretario-municipal-por-caso-bajo-llojeta-1755\\\/\",\"url\":\"https:\\\/\\\/www.eldiario.net\\\/portal\\\/2025\\\/01\\\/27\\\/detencion-domiciliaria-para-secretario-municipal-por-caso-bajo-llojeta-1755\\\/\",\"name\":\"Detenci\u00f3n domiciliaria para secretario municipal por caso Bajo Llojeta. (17:55) - El Diario - Bolivia\",\"isPartOf\":{\"@id\":\"https:\\\/\\\/www.eldiario.net\\\/portal\\\/#website\"},\"primaryImageOfPage\":{\"@id\":\"https:\\\/\\\/www.eldiario.net\\\/portal\\\/2025\\\/01\\\/27\\\/detencion-domiciliaria-para-secretario-municipal-por-caso-bajo-llojeta-1755\\\/#primaryimage\"},\"image\":{\"@id\":\"https:\\\/\\\/www.eldiario.net\\\/portal\\\/2025\\\/01\\\/27\\\/detencion-domiciliaria-para-secretario-municipal-por-caso-bajo-llojeta-1755\\\/#primaryimage\"},\"thumbnailUrl\":\"https:\\\/\\\/www.eldiario.net\\\/portal\\\/wp-content\\\/uploads\\\/2025\\\/01\\\/palma-e1738014707190.png\",\"datePublished\":\"2025-01-27T21:52:31+00:00\",\"breadcrumb\":{\"@id\":\"https:\\\/\\\/www.eldiario.net\\\/portal\\\/2025\\\/01\\\/27\\\/detencion-domiciliaria-para-secretario-municipal-por-caso-bajo-llojeta-1755\\\/#breadcrumb\"},\"inLanguage\":\"es\",\"potentialAction\":[{\"@type\":\"ReadAction\",\"target\":[\"https:\\\/\\\/www.eldiario.net\\\/portal\\\/2025\\\/01\\\/27\\\/detencion-domiciliaria-para-secretario-municipal-por-caso-bajo-llojeta-1755\\\/\"]}]},{\"@type\":\"ImageObject\",\"inLanguage\":\"es\",\"@id\":\"https:\\\/\\\/www.eldiario.net\\\/portal\\\/2025\\\/01\\\/27\\\/detencion-domiciliaria-para-secretario-municipal-por-caso-bajo-llojeta-1755\\\/#primaryimage\",\"url\":\"https:\\\/\\\/www.eldiario.net\\\/portal\\\/wp-content\\\/uploads\\\/2025\\\/01\\\/palma-e1738014707190.png\",\"contentUrl\":\"https:\\\/\\\/www.eldiario.net\\\/portal\\\/wp-content\\\/uploads\\\/2025\\\/01\\\/palma-e1738014707190.png\",\"width\":350,\"height\":274,\"caption\":\"Foto: RR.SS.\"},{\"@type\":\"BreadcrumbList\",\"@id\":\"https:\\\/\\\/www.eldiario.net\\\/portal\\\/2025\\\/01\\\/27\\\/detencion-domiciliaria-para-secretario-municipal-por-caso-bajo-llojeta-1755\\\/#breadcrumb\",\"itemListElement\":[{\"@type\":\"ListItem\",\"position\":1,\"name\":\"Portada\",\"item\":\"https:\\\/\\\/www.eldiario.net\\\/portal\\\/\"},{\"@type\":\"ListItem\",\"position\":2,\"name\":\"Detenci\u00f3n domiciliaria para secretario municipal por caso Bajo Llojeta. (17:55)\"}]},{\"@type\":\"WebSite\",\"@id\":\"https:\\\/\\\/www.eldiario.net\\\/portal\\\/#website\",\"url\":\"https:\\\/\\\/www.eldiario.net\\\/portal\\\/\",\"name\":\"El Diario - Decano de la prensa nacional\",\"description\":\"El Diario - Decano de la prensa nacional\",\"publisher\":{\"@id\":\"https:\\\/\\\/www.eldiario.net\\\/portal\\\/#organization\"},\"potentialAction\":[{\"@type\":\"SearchAction\",\"target\":{\"@type\":\"EntryPoint\",\"urlTemplate\":\"https:\\\/\\\/www.eldiario.net\\\/portal\\\/?s={search_term_string}\"},\"query-input\":{\"@type\":\"PropertyValueSpecification\",\"valueRequired\":true,\"valueName\":\"search_term_string\"}}],\"inLanguage\":\"es\"},{\"@type\":\"Organization\",\"@id\":\"https:\\\/\\\/www.eldiario.net\\\/portal\\\/#organization\",\"name\":\"El Diario - Decano de la prensa nacional\",\"url\":\"https:\\\/\\\/www.eldiario.net\\\/portal\\\/\",\"logo\":{\"@type\":\"ImageObject\",\"inLanguage\":\"es\",\"@id\":\"https:\\\/\\\/www.eldiario.net\\\/portal\\\/#\\\/schema\\\/logo\\\/image\\\/\",\"url\":\"https:\\\/\\\/www.eldiario.net\\\/portal\\\/wp-content\\\/uploads\\\/2023\\\/07\\\/logo_ED.jpg\",\"contentUrl\":\"https:\\\/\\\/www.eldiario.net\\\/portal\\\/wp-content\\\/uploads\\\/2023\\\/07\\\/logo_ED.jpg\",\"width\":272,\"height\":52,\"caption\":\"El Diario - Decano de la prensa nacional\"},\"image\":{\"@id\":\"https:\\\/\\\/www.eldiario.net\\\/portal\\\/#\\\/schema\\\/logo\\\/image\\\/\"},\"sameAs\":[\"https:\\\/\\\/www.facebook.com\\\/eldiario.bolivia\\\/\",\"https:\\\/\\\/x.com\\\/eldiario_net\"]},{\"@type\":\"Person\",\"@id\":\"https:\\\/\\\/www.eldiario.net\\\/portal\\\/#\\\/schema\\\/person\\\/ba370d92d160f4d3574381f6d9b78fab\",\"name\":\"Viviana Monrroy\",\"image\":{\"@type\":\"ImageObject\",\"inLanguage\":\"es\",\"@id\":\"https:\\\/\\\/secure.gravatar.com\\\/avatar\\\/dfd1611ed5600959a0e5a9754503b6c05d1dcf190010998e0363aee2ad98afca?s=96&d=mm&r=g\",\"url\":\"https:\\\/\\\/secure.gravatar.com\\\/avatar\\\/dfd1611ed5600959a0e5a9754503b6c05d1dcf190010998e0363aee2ad98afca?s=96&d=mm&r=g\",\"contentUrl\":\"https:\\\/\\\/secure.gravatar.com\\\/avatar\\\/dfd1611ed5600959a0e5a9754503b6c05d1dcf190010998e0363aee2ad98afca?s=96&d=mm&r=g\",\"caption\":\"Viviana Monrroy\"},\"sameAs\":[\"http:\\\/\\\/www.eldiario.net\"],\"url\":\"https:\\\/\\\/www.eldiario.net\\\/portal\\\/author\\\/vivianamonrroy\\\/\"}]}<\/script>\n<!-- \/ Yoast SEO plugin. -->","yoast_head_json":{"title":"Detenci\u00f3n domiciliaria para secretario municipal por caso Bajo Llojeta. (17:55) - El Diario - Bolivia","robots":{"index":"index","follow":"follow","max-snippet":"max-snippet:-1","max-image-preview":"max-image-preview:large","max-video-preview":"max-video-preview:-1"},"canonical":"https:\/\/www.eldiario.net\/portal\/2025\/01\/27\/detencion-domiciliaria-para-secretario-municipal-por-caso-bajo-llojeta-1755\/","og_locale":"es_ES","og_type":"article","og_title":"Detenci\u00f3n domiciliaria para secretario municipal por caso Bajo Llojeta. (17:55) - El Diario - Bolivia","og_description":"El secretario Municipal de Resiliencia y Gesti\u00f3n de Vulnerabilidades, Juan Pablo Palma, recibi\u00f3 este lunes detenci\u00f3n domiciliaria con autorizaci\u00f3n para trabajar, tras una audiencia de medidas cautelares relacionada con el caso Bajo Llojeta. Seg\u00fan la directora de Asuntos Jur\u00eddicos, Amparo Morales, el juez tambi\u00e9n impuso una fianza de 35 mil bolivianos, arraigo y la obligaci\u00f3n [&hellip;]","og_url":"https:\/\/www.eldiario.net\/portal\/2025\/01\/27\/detencion-domiciliaria-para-secretario-municipal-por-caso-bajo-llojeta-1755\/","og_site_name":"El Diario - Bolivia","article_publisher":"https:\/\/www.facebook.com\/eldiario.bolivia\/","article_published_time":"2025-01-27T21:52:31+00:00","og_image":[{"width":350,"height":274,"url":"https:\/\/www.eldiario.net\/portal\/wp-content\/uploads\/2025\/01\/palma-e1738014707190.png","type":"image\/png"}],"author":"Viviana Monrroy","twitter_card":"summary_large_image","twitter_creator":"@eldiario_net","twitter_site":"@eldiario_net","twitter_misc":{"Escrito por":"Viviana Monrroy","Tiempo de lectura":"1 minuto"},"schema":{"@context":"https:\/\/schema.org","@graph":[{"@type":"Article","@id":"https:\/\/www.eldiario.net\/portal\/2025\/01\/27\/detencion-domiciliaria-para-secretario-municipal-por-caso-bajo-llojeta-1755\/#article","isPartOf":{"@id":"https:\/\/www.eldiario.net\/portal\/2025\/01\/27\/detencion-domiciliaria-para-secretario-municipal-por-caso-bajo-llojeta-1755\/"},"author":{"name":"Viviana Monrroy","@id":"https:\/\/www.eldiario.net\/portal\/#\/schema\/person\/ba370d92d160f4d3574381f6d9b78fab"},"headline":"Detenci\u00f3n domiciliaria para secretario municipal por caso Bajo Llojeta. (17:55)","datePublished":"2025-01-27T21:52:31+00:00","mainEntityOfPage":{"@id":"https:\/\/www.eldiario.net\/portal\/2025\/01\/27\/detencion-domiciliaria-para-secretario-municipal-por-caso-bajo-llojeta-1755\/"},"wordCount":184,"publisher":{"@id":"https:\/\/www.eldiario.net\/portal\/#organization"},"image":{"@id":"https:\/\/www.eldiario.net\/portal\/2025\/01\/27\/detencion-domiciliaria-para-secretario-municipal-por-caso-bajo-llojeta-1755\/#primaryimage"},"thumbnailUrl":"https:\/\/www.eldiario.net\/portal\/wp-content\/uploads\/2025\/01\/palma-e1738014707190.png","articleSection":["\u00daltima Hora"],"inLanguage":"es"},{"@type":"WebPage","@id":"https:\/\/www.eldiario.net\/portal\/2025\/01\/27\/detencion-domiciliaria-para-secretario-municipal-por-caso-bajo-llojeta-1755\/","url":"https:\/\/www.eldiario.net\/portal\/2025\/01\/27\/detencion-domiciliaria-para-secretario-municipal-por-caso-bajo-llojeta-1755\/","name":"Detenci\u00f3n domiciliaria para secretario municipal por caso Bajo Llojeta. (17:55) - El Diario - Bolivia","isPartOf":{"@id":"https:\/\/www.eldiario.net\/portal\/#website"},"primaryImageOfPage":{"@id":"https:\/\/www.eldiario.net\/portal\/2025\/01\/27\/detencion-domiciliaria-para-secretario-municipal-por-caso-bajo-llojeta-1755\/#primaryimage"},"image":{"@id":"https:\/\/www.eldiario.net\/portal\/2025\/01\/27\/detencion-domiciliaria-para-secretario-municipal-por-caso-bajo-llojeta-1755\/#primaryimage"},"thumbnailUrl":"https:\/\/www.eldiario.net\/portal\/wp-content\/uploads\/2025\/01\/palma-e1738014707190.png","datePublished":"2025-01-27T21:52:31+00:00","breadcrumb":{"@id":"https:\/\/www.eldiario.net\/portal\/2025\/01\/27\/detencion-domiciliaria-para-secretario-municipal-por-caso-bajo-llojeta-1755\/#breadcrumb"},"inLanguage":"es","potentialAction":[{"@type":"ReadAction","target":["https:\/\/www.eldiario.net\/portal\/2025\/01\/27\/detencion-domiciliaria-para-secretario-municipal-por-caso-bajo-llojeta-1755\/"]}]},{"@type":"ImageObject","inLanguage":"es","@id":"https:\/\/www.eldiario.net\/portal\/2025\/01\/27\/detencion-domiciliaria-para-secretario-municipal-por-caso-bajo-llojeta-1755\/#primaryimage","url":"https:\/\/www.eldiario.net\/portal\/wp-content\/uploads\/2025\/01\/palma-e1738014707190.png","contentUrl":"https:\/\/www.eldiario.net\/portal\/wp-content\/uploads\/2025\/01\/palma-e1738014707190.png","width":350,"height":274,"caption":"Foto: RR.SS."},{"@type":"BreadcrumbList","@id":"https:\/\/www.eldiario.net\/portal\/2025\/01\/27\/detencion-domiciliaria-para-secretario-municipal-por-caso-bajo-llojeta-1755\/#breadcrumb","itemListElement":[{"@type":"ListItem","position":1,"name":"Portada","item":"https:\/\/www.eldiario.net\/portal\/"},{"@type":"ListItem","position":2,"name":"Detenci\u00f3n domiciliaria para secretario municipal por caso Bajo Llojeta. (17:55)"}]},{"@type":"WebSite","@id":"https:\/\/www.eldiario.net\/portal\/#website","url":"https:\/\/www.eldiario.net\/portal\/","name":"El Diario - Decano de la prensa nacional","description":"El Diario - Decano de la prensa nacional","publisher":{"@id":"https:\/\/www.eldiario.net\/portal\/#organization"},"potentialAction":[{"@type":"SearchAction","target":{"@type":"EntryPoint","urlTemplate":"https:\/\/www.eldiario.net\/portal\/?s={search_term_string}"},"query-input":{"@type":"PropertyValueSpecification","valueRequired":true,"valueName":"search_term_string"}}],"inLanguage":"es"},{"@type":"Organization","@id":"https:\/\/www.eldiario.net\/portal\/#organization","name":"El Diario - Decano de la prensa nacional","url":"https:\/\/www.eldiario.net\/portal\/","logo":{"@type":"ImageObject","inLanguage":"es","@id":"https:\/\/www.eldiario.net\/portal\/#\/schema\/logo\/image\/","url":"https:\/\/www.eldiario.net\/portal\/wp-content\/uploads\/2023\/07\/logo_ED.jpg","contentUrl":"https:\/\/www.eldiario.net\/portal\/wp-content\/uploads\/2023\/07\/logo_ED.jpg","width":272,"height":52,"caption":"El Diario - Decano de la prensa nacional"},"image":{"@id":"https:\/\/www.eldiario.net\/portal\/#\/schema\/logo\/image\/"},"sameAs":["https:\/\/www.facebook.com\/eldiario.bolivia\/","https:\/\/x.com\/eldiario_net"]},{"@type":"Person","@id":"https:\/\/www.eldiario.net\/portal\/#\/schema\/person\/ba370d92d160f4d3574381f6d9b78fab","name":"Viviana Monrroy","image":{"@type":"ImageObject","inLanguage":"es","@id":"https:\/\/secure.gravatar.com\/avatar\/dfd1611ed5600959a0e5a9754503b6c05d1dcf190010998e0363aee2ad98afca?s=96&d=mm&r=g","url":"https:\/\/secure.gravatar.com\/avatar\/dfd1611ed5600959a0e5a9754503b6c05d1dcf190010998e0363aee2ad98afca?s=96&d=mm&r=g","contentUrl":"https:\/\/secure.gravatar.com\/avatar\/dfd1611ed5600959a0e5a9754503b6c05d1dcf190010998e0363aee2ad98afca?s=96&d=mm&r=g","caption":"Viviana Monrroy"},"sameAs":["http:\/\/www.eldiario.net"],"url":"https:\/\/www.eldiario.net\/portal\/author\/vivianamonrroy\/"}]}},"_links":{"self":[{"href":"https:\/\/www.eldiario.net\/portal\/wp-json\/wp\/v2\/posts\/277605","targetHints":{"allow":["GET"]}}],"collection":[{"href":"https:\/\/www.eldiario.net\/portal\/wp-json\/wp\/v2\/posts"}],"about":[{"href":"https:\/\/www.eldiario.net\/portal\/wp-json\/wp\/v2\/types\/post"}],"author":[{"embeddable":true,"href":"https:\/\/www.eldiario.net\/portal\/wp-json\/wp\/v2\/users\/7"}],"replies":[{"embeddable":true,"href":"https:\/\/www.eldiario.net\/portal\/wp-json\/wp\/v2\/comments?post=277605"}],"version-history":[{"count":1,"href":"https:\/\/www.eldiario.net\/portal\/wp-json\/wp\/v2\/posts\/277605\/revisions"}],"predecessor-version":[{"id":277607,"href":"https:\/\/www.eldiario.net\/portal\/wp-json\/wp\/v2\/posts\/277605\/revisions\/277607"}],"wp:featuredmedia":[{"embeddable":true,"href":"https:\/\/www.eldiario.net\/portal\/wp-json\/wp\/v2\/media\/277606"}],"wp:attachment":[{"href":"https:\/\/www.eldiario.net\/portal\/wp-json\/wp\/v2\/media?parent=277605"}],"wp:term":[{"taxonomy":"category","embeddable":true,"href":"https:\/\/www.eldiario.net\/portal\/wp-json\/wp\/v2\/categories?post=277605"},{"taxonomy":"post_tag","embeddable":true,"href":"https:\/\/www.eldiario.net\/portal\/wp-json\/wp\/v2\/tags?post=277605"}],"curies":[{"name":"wp","href":"https:\/\/api.w.org\/{rel}","templated":true}]}}