{"id":277591,"date":"2025-01-27T11:57:57","date_gmt":"2025-01-27T15:57:57","guid":{"rendered":"https:\/\/www.eldiario.net\/portal\/?p=277591"},"modified":"2025-01-27T11:57:57","modified_gmt":"2025-01-27T15:57:57","slug":"el-alto-lanza-descuentos-del-20-en-impuestos-desde-febrero-1155","status":"publish","type":"post","link":"https:\/\/www.eldiario.net\/portal\/2025\/01\/27\/el-alto-lanza-descuentos-del-20-en-impuestos-desde-febrero-1155\/","title":{"rendered":"El Alto lanza descuentos del 20% en impuestos desde febrero. (11:55)"},"content":{"rendered":"<p>Desde el primer d\u00eda h\u00e1bil de febrero, los habitantes de El Alto podr\u00e1n acceder a un descuento del 20% en el pago de impuestos correspondientes a la gesti\u00f3n 2024 para veh\u00edculos y bienes inmuebles. El director de Administraci\u00f3n Tributaria del GAMEA, John Villalba, inform\u00f3 que esta rebaja estar\u00e1 disponible hasta abril y se aplicar\u00e1 autom\u00e1ticamente al realizar el pago en cualquier entidad financiera. Para veh\u00edculos, solo se requiere proporcionar el n\u00famero de placa, mientras que para bienes inmuebles es necesario presentar el nombre del propietario, su c\u00e9dula de identidad o una boleta de pago anterior.<\/p>\n<p>Villalba tambi\u00e9n destac\u00f3 que, para agilizar los tr\u00e1mites, los contribuyentes pueden usar la plataforma digital DATM, disponible las 24 horas mediante el n\u00famero de WhatsApp 60103191. Esta herramienta permite generar un c\u00f3digo QR para realizar el pago de manera sencilla. Posteriormente, entre mayo y julio, el descuento ser\u00e1 del 15%, y de agosto a diciembre, se reducir\u00e1 al 10%. Finalmente, el funcionario exhort\u00f3 a la poblaci\u00f3n a aprovechar estas facilidades, evitar multas y contribuir al desarrollo de la ciudad.<\/p>\n","protected":false},"excerpt":{"rendered":"<p>Desde el primer d\u00eda h\u00e1bil de febrero, los habitantes de El Alto podr\u00e1n acceder a un descuento del 20% en el pago de impuestos correspondientes a la gesti\u00f3n 2024 para veh\u00edculos y bienes inmuebles. El director de Administraci\u00f3n Tributaria del GAMEA, John Villalba, inform\u00f3 que esta rebaja estar\u00e1 disponible hasta abril y se aplicar\u00e1 autom\u00e1ticamente [&hellip;]<\/p>\n","protected":false},"author":7,"featured_media":277592,"comment_status":"closed","ping_status":"open","sticky":false,"template":"","format":"standard","meta":{"_acf_changed":false,"footnotes":""},"categories":[51],"tags":[],"class_list":["post-277591","post","type-post","status-publish","format-standard","has-post-thumbnail","category-ultima-hora"],"acf":{"antetitulo":""},"yoast_head":"<!-- This site is optimized with the Yoast SEO plugin v28.4 - https:\/\/yoast.com\/product\/yoast-seo-wordpress\/ -->\n<title>El Alto lanza descuentos del 20% en impuestos desde febrero. (11:55) - El Diario - Bolivia<\/title>\n<meta name=\"robots\" content=\"index, follow, max-snippet:-1, max-image-preview:large, max-video-preview:-1\" \/>\n<link rel=\"canonical\" href=\"https:\/\/www.eldiario.net\/portal\/2025\/01\/27\/el-alto-lanza-descuentos-del-20-en-impuestos-desde-febrero-1155\/\" \/>\n<meta property=\"og:locale\" content=\"es_ES\" \/>\n<meta property=\"og:type\" content=\"article\" \/>\n<meta property=\"og:title\" content=\"El Alto lanza descuentos del 20% en impuestos desde febrero. (11:55) - El Diario - Bolivia\" \/>\n<meta property=\"og:description\" content=\"Desde el primer d\u00eda h\u00e1bil de febrero, los habitantes de El Alto podr\u00e1n acceder a un descuento del 20% en el pago de impuestos correspondientes a la gesti\u00f3n 2024 para veh\u00edculos y bienes inmuebles. El director de Administraci\u00f3n Tributaria del GAMEA, John Villalba, inform\u00f3 que esta rebaja estar\u00e1 disponible hasta abril y se aplicar\u00e1 autom\u00e1ticamente [&hellip;]\" \/>\n<meta property=\"og:url\" content=\"https:\/\/www.eldiario.net\/portal\/2025\/01\/27\/el-alto-lanza-descuentos-del-20-en-impuestos-desde-febrero-1155\/\" \/>\n<meta property=\"og:site_name\" content=\"El Diario - Bolivia\" \/>\n<meta property=\"article:publisher\" content=\"https:\/\/www.facebook.com\/eldiario.bolivia\/\" \/>\n<meta property=\"article:published_time\" content=\"2025-01-27T15:57:57+00:00\" \/>\n<meta property=\"og:image\" content=\"https:\/\/www.eldiario.net\/portal\/wp-content\/uploads\/2025\/01\/Jhon-Villalba-gamea-e1737993414796.png\" \/>\n\t<meta property=\"og:image:width\" content=\"400\" \/>\n\t<meta property=\"og:image:height\" content=\"265\" \/>\n\t<meta property=\"og:image:type\" content=\"image\/png\" \/>\n<meta name=\"author\" content=\"Viviana Monrroy\" \/>\n<meta name=\"twitter:card\" content=\"summary_large_image\" \/>\n<meta name=\"twitter:creator\" content=\"@eldiario_net\" \/>\n<meta name=\"twitter:site\" content=\"@eldiario_net\" \/>\n<meta name=\"twitter:label1\" content=\"Escrito por\" \/>\n\t<meta name=\"twitter:data1\" content=\"Viviana Monrroy\" \/>\n\t<meta name=\"twitter:label2\" content=\"Tiempo de lectura\" \/>\n\t<meta name=\"twitter:data2\" content=\"1 minuto\" \/>\n<script type=\"application\/ld+json\" class=\"yoast-schema-graph\">{\"@context\":\"https:\\\/\\\/schema.org\",\"@graph\":[{\"@type\":\"Article\",\"@id\":\"https:\\\/\\\/www.eldiario.net\\\/portal\\\/2025\\\/01\\\/27\\\/el-alto-lanza-descuentos-del-20-en-impuestos-desde-febrero-1155\\\/#article\",\"isPartOf\":{\"@id\":\"https:\\\/\\\/www.eldiario.net\\\/portal\\\/2025\\\/01\\\/27\\\/el-alto-lanza-descuentos-del-20-en-impuestos-desde-febrero-1155\\\/\"},\"author\":{\"name\":\"Viviana Monrroy\",\"@id\":\"https:\\\/\\\/www.eldiario.net\\\/portal\\\/#\\\/schema\\\/person\\\/ba370d92d160f4d3574381f6d9b78fab\"},\"headline\":\"El Alto lanza descuentos del 20% en impuestos desde febrero. (11:55)\",\"datePublished\":\"2025-01-27T15:57:57+00:00\",\"mainEntityOfPage\":{\"@id\":\"https:\\\/\\\/www.eldiario.net\\\/portal\\\/2025\\\/01\\\/27\\\/el-alto-lanza-descuentos-del-20-en-impuestos-desde-febrero-1155\\\/\"},\"wordCount\":192,\"publisher\":{\"@id\":\"https:\\\/\\\/www.eldiario.net\\\/portal\\\/#organization\"},\"image\":{\"@id\":\"https:\\\/\\\/www.eldiario.net\\\/portal\\\/2025\\\/01\\\/27\\\/el-alto-lanza-descuentos-del-20-en-impuestos-desde-febrero-1155\\\/#primaryimage\"},\"thumbnailUrl\":\"https:\\\/\\\/www.eldiario.net\\\/portal\\\/wp-content\\\/uploads\\\/2025\\\/01\\\/Jhon-Villalba-gamea-e1737993414796.png\",\"articleSection\":[\"\u00daltima Hora\"],\"inLanguage\":\"es\"},{\"@type\":\"WebPage\",\"@id\":\"https:\\\/\\\/www.eldiario.net\\\/portal\\\/2025\\\/01\\\/27\\\/el-alto-lanza-descuentos-del-20-en-impuestos-desde-febrero-1155\\\/\",\"url\":\"https:\\\/\\\/www.eldiario.net\\\/portal\\\/2025\\\/01\\\/27\\\/el-alto-lanza-descuentos-del-20-en-impuestos-desde-febrero-1155\\\/\",\"name\":\"El Alto lanza descuentos del 20% en impuestos desde febrero. (11:55) - El Diario - Bolivia\",\"isPartOf\":{\"@id\":\"https:\\\/\\\/www.eldiario.net\\\/portal\\\/#website\"},\"primaryImageOfPage\":{\"@id\":\"https:\\\/\\\/www.eldiario.net\\\/portal\\\/2025\\\/01\\\/27\\\/el-alto-lanza-descuentos-del-20-en-impuestos-desde-febrero-1155\\\/#primaryimage\"},\"image\":{\"@id\":\"https:\\\/\\\/www.eldiario.net\\\/portal\\\/2025\\\/01\\\/27\\\/el-alto-lanza-descuentos-del-20-en-impuestos-desde-febrero-1155\\\/#primaryimage\"},\"thumbnailUrl\":\"https:\\\/\\\/www.eldiario.net\\\/portal\\\/wp-content\\\/uploads\\\/2025\\\/01\\\/Jhon-Villalba-gamea-e1737993414796.png\",\"datePublished\":\"2025-01-27T15:57:57+00:00\",\"breadcrumb\":{\"@id\":\"https:\\\/\\\/www.eldiario.net\\\/portal\\\/2025\\\/01\\\/27\\\/el-alto-lanza-descuentos-del-20-en-impuestos-desde-febrero-1155\\\/#breadcrumb\"},\"inLanguage\":\"es\",\"potentialAction\":[{\"@type\":\"ReadAction\",\"target\":[\"https:\\\/\\\/www.eldiario.net\\\/portal\\\/2025\\\/01\\\/27\\\/el-alto-lanza-descuentos-del-20-en-impuestos-desde-febrero-1155\\\/\"]}]},{\"@type\":\"ImageObject\",\"inLanguage\":\"es\",\"@id\":\"https:\\\/\\\/www.eldiario.net\\\/portal\\\/2025\\\/01\\\/27\\\/el-alto-lanza-descuentos-del-20-en-impuestos-desde-febrero-1155\\\/#primaryimage\",\"url\":\"https:\\\/\\\/www.eldiario.net\\\/portal\\\/wp-content\\\/uploads\\\/2025\\\/01\\\/Jhon-Villalba-gamea-e1737993414796.png\",\"contentUrl\":\"https:\\\/\\\/www.eldiario.net\\\/portal\\\/wp-content\\\/uploads\\\/2025\\\/01\\\/Jhon-Villalba-gamea-e1737993414796.png\",\"width\":400,\"height\":265,\"caption\":\"Foto: RR.SS.\"},{\"@type\":\"BreadcrumbList\",\"@id\":\"https:\\\/\\\/www.eldiario.net\\\/portal\\\/2025\\\/01\\\/27\\\/el-alto-lanza-descuentos-del-20-en-impuestos-desde-febrero-1155\\\/#breadcrumb\",\"itemListElement\":[{\"@type\":\"ListItem\",\"position\":1,\"name\":\"Portada\",\"item\":\"https:\\\/\\\/www.eldiario.net\\\/portal\\\/\"},{\"@type\":\"ListItem\",\"position\":2,\"name\":\"El Alto lanza descuentos del 20% en impuestos desde febrero. (11:55)\"}]},{\"@type\":\"WebSite\",\"@id\":\"https:\\\/\\\/www.eldiario.net\\\/portal\\\/#website\",\"url\":\"https:\\\/\\\/www.eldiario.net\\\/portal\\\/\",\"name\":\"El Diario - Decano de la prensa nacional\",\"description\":\"El Diario - Decano de la prensa nacional\",\"publisher\":{\"@id\":\"https:\\\/\\\/www.eldiario.net\\\/portal\\\/#organization\"},\"potentialAction\":[{\"@type\":\"SearchAction\",\"target\":{\"@type\":\"EntryPoint\",\"urlTemplate\":\"https:\\\/\\\/www.eldiario.net\\\/portal\\\/?s={search_term_string}\"},\"query-input\":{\"@type\":\"PropertyValueSpecification\",\"valueRequired\":true,\"valueName\":\"search_term_string\"}}],\"inLanguage\":\"es\"},{\"@type\":\"Organization\",\"@id\":\"https:\\\/\\\/www.eldiario.net\\\/portal\\\/#organization\",\"name\":\"El Diario - Decano de la prensa nacional\",\"url\":\"https:\\\/\\\/www.eldiario.net\\\/portal\\\/\",\"logo\":{\"@type\":\"ImageObject\",\"inLanguage\":\"es\",\"@id\":\"https:\\\/\\\/www.eldiario.net\\\/portal\\\/#\\\/schema\\\/logo\\\/image\\\/\",\"url\":\"https:\\\/\\\/www.eldiario.net\\\/portal\\\/wp-content\\\/uploads\\\/2023\\\/07\\\/logo_ED.jpg\",\"contentUrl\":\"https:\\\/\\\/www.eldiario.net\\\/portal\\\/wp-content\\\/uploads\\\/2023\\\/07\\\/logo_ED.jpg\",\"width\":272,\"height\":52,\"caption\":\"El Diario - Decano de la prensa nacional\"},\"image\":{\"@id\":\"https:\\\/\\\/www.eldiario.net\\\/portal\\\/#\\\/schema\\\/logo\\\/image\\\/\"},\"sameAs\":[\"https:\\\/\\\/www.facebook.com\\\/eldiario.bolivia\\\/\",\"https:\\\/\\\/x.com\\\/eldiario_net\"]},{\"@type\":\"Person\",\"@id\":\"https:\\\/\\\/www.eldiario.net\\\/portal\\\/#\\\/schema\\\/person\\\/ba370d92d160f4d3574381f6d9b78fab\",\"name\":\"Viviana Monrroy\",\"image\":{\"@type\":\"ImageObject\",\"inLanguage\":\"es\",\"@id\":\"https:\\\/\\\/secure.gravatar.com\\\/avatar\\\/dfd1611ed5600959a0e5a9754503b6c05d1dcf190010998e0363aee2ad98afca?s=96&d=mm&r=g\",\"url\":\"https:\\\/\\\/secure.gravatar.com\\\/avatar\\\/dfd1611ed5600959a0e5a9754503b6c05d1dcf190010998e0363aee2ad98afca?s=96&d=mm&r=g\",\"contentUrl\":\"https:\\\/\\\/secure.gravatar.com\\\/avatar\\\/dfd1611ed5600959a0e5a9754503b6c05d1dcf190010998e0363aee2ad98afca?s=96&d=mm&r=g\",\"caption\":\"Viviana Monrroy\"},\"sameAs\":[\"http:\\\/\\\/www.eldiario.net\"],\"url\":\"https:\\\/\\\/www.eldiario.net\\\/portal\\\/author\\\/vivianamonrroy\\\/\"}]}<\/script>\n<!-- \/ Yoast SEO plugin. -->","yoast_head_json":{"title":"El Alto lanza descuentos del 20% en impuestos desde febrero. (11:55) - El Diario - Bolivia","robots":{"index":"index","follow":"follow","max-snippet":"max-snippet:-1","max-image-preview":"max-image-preview:large","max-video-preview":"max-video-preview:-1"},"canonical":"https:\/\/www.eldiario.net\/portal\/2025\/01\/27\/el-alto-lanza-descuentos-del-20-en-impuestos-desde-febrero-1155\/","og_locale":"es_ES","og_type":"article","og_title":"El Alto lanza descuentos del 20% en impuestos desde febrero. (11:55) - El Diario - Bolivia","og_description":"Desde el primer d\u00eda h\u00e1bil de febrero, los habitantes de El Alto podr\u00e1n acceder a un descuento del 20% en el pago de impuestos correspondientes a la gesti\u00f3n 2024 para veh\u00edculos y bienes inmuebles. El director de Administraci\u00f3n Tributaria del GAMEA, John Villalba, inform\u00f3 que esta rebaja estar\u00e1 disponible hasta abril y se aplicar\u00e1 autom\u00e1ticamente [&hellip;]","og_url":"https:\/\/www.eldiario.net\/portal\/2025\/01\/27\/el-alto-lanza-descuentos-del-20-en-impuestos-desde-febrero-1155\/","og_site_name":"El Diario - Bolivia","article_publisher":"https:\/\/www.facebook.com\/eldiario.bolivia\/","article_published_time":"2025-01-27T15:57:57+00:00","og_image":[{"width":400,"height":265,"url":"https:\/\/www.eldiario.net\/portal\/wp-content\/uploads\/2025\/01\/Jhon-Villalba-gamea-e1737993414796.png","type":"image\/png"}],"author":"Viviana Monrroy","twitter_card":"summary_large_image","twitter_creator":"@eldiario_net","twitter_site":"@eldiario_net","twitter_misc":{"Escrito por":"Viviana Monrroy","Tiempo de lectura":"1 minuto"},"schema":{"@context":"https:\/\/schema.org","@graph":[{"@type":"Article","@id":"https:\/\/www.eldiario.net\/portal\/2025\/01\/27\/el-alto-lanza-descuentos-del-20-en-impuestos-desde-febrero-1155\/#article","isPartOf":{"@id":"https:\/\/www.eldiario.net\/portal\/2025\/01\/27\/el-alto-lanza-descuentos-del-20-en-impuestos-desde-febrero-1155\/"},"author":{"name":"Viviana Monrroy","@id":"https:\/\/www.eldiario.net\/portal\/#\/schema\/person\/ba370d92d160f4d3574381f6d9b78fab"},"headline":"El Alto lanza descuentos del 20% en impuestos desde febrero. (11:55)","datePublished":"2025-01-27T15:57:57+00:00","mainEntityOfPage":{"@id":"https:\/\/www.eldiario.net\/portal\/2025\/01\/27\/el-alto-lanza-descuentos-del-20-en-impuestos-desde-febrero-1155\/"},"wordCount":192,"publisher":{"@id":"https:\/\/www.eldiario.net\/portal\/#organization"},"image":{"@id":"https:\/\/www.eldiario.net\/portal\/2025\/01\/27\/el-alto-lanza-descuentos-del-20-en-impuestos-desde-febrero-1155\/#primaryimage"},"thumbnailUrl":"https:\/\/www.eldiario.net\/portal\/wp-content\/uploads\/2025\/01\/Jhon-Villalba-gamea-e1737993414796.png","articleSection":["\u00daltima Hora"],"inLanguage":"es"},{"@type":"WebPage","@id":"https:\/\/www.eldiario.net\/portal\/2025\/01\/27\/el-alto-lanza-descuentos-del-20-en-impuestos-desde-febrero-1155\/","url":"https:\/\/www.eldiario.net\/portal\/2025\/01\/27\/el-alto-lanza-descuentos-del-20-en-impuestos-desde-febrero-1155\/","name":"El Alto lanza descuentos del 20% en impuestos desde febrero. (11:55) - El Diario - Bolivia","isPartOf":{"@id":"https:\/\/www.eldiario.net\/portal\/#website"},"primaryImageOfPage":{"@id":"https:\/\/www.eldiario.net\/portal\/2025\/01\/27\/el-alto-lanza-descuentos-del-20-en-impuestos-desde-febrero-1155\/#primaryimage"},"image":{"@id":"https:\/\/www.eldiario.net\/portal\/2025\/01\/27\/el-alto-lanza-descuentos-del-20-en-impuestos-desde-febrero-1155\/#primaryimage"},"thumbnailUrl":"https:\/\/www.eldiario.net\/portal\/wp-content\/uploads\/2025\/01\/Jhon-Villalba-gamea-e1737993414796.png","datePublished":"2025-01-27T15:57:57+00:00","breadcrumb":{"@id":"https:\/\/www.eldiario.net\/portal\/2025\/01\/27\/el-alto-lanza-descuentos-del-20-en-impuestos-desde-febrero-1155\/#breadcrumb"},"inLanguage":"es","potentialAction":[{"@type":"ReadAction","target":["https:\/\/www.eldiario.net\/portal\/2025\/01\/27\/el-alto-lanza-descuentos-del-20-en-impuestos-desde-febrero-1155\/"]}]},{"@type":"ImageObject","inLanguage":"es","@id":"https:\/\/www.eldiario.net\/portal\/2025\/01\/27\/el-alto-lanza-descuentos-del-20-en-impuestos-desde-febrero-1155\/#primaryimage","url":"https:\/\/www.eldiario.net\/portal\/wp-content\/uploads\/2025\/01\/Jhon-Villalba-gamea-e1737993414796.png","contentUrl":"https:\/\/www.eldiario.net\/portal\/wp-content\/uploads\/2025\/01\/Jhon-Villalba-gamea-e1737993414796.png","width":400,"height":265,"caption":"Foto: RR.SS."},{"@type":"BreadcrumbList","@id":"https:\/\/www.eldiario.net\/portal\/2025\/01\/27\/el-alto-lanza-descuentos-del-20-en-impuestos-desde-febrero-1155\/#breadcrumb","itemListElement":[{"@type":"ListItem","position":1,"name":"Portada","item":"https:\/\/www.eldiario.net\/portal\/"},{"@type":"ListItem","position":2,"name":"El Alto lanza descuentos del 20% en impuestos desde febrero. (11:55)"}]},{"@type":"WebSite","@id":"https:\/\/www.eldiario.net\/portal\/#website","url":"https:\/\/www.eldiario.net\/portal\/","name":"El Diario - Decano de la prensa nacional","description":"El Diario - Decano de la prensa nacional","publisher":{"@id":"https:\/\/www.eldiario.net\/portal\/#organization"},"potentialAction":[{"@type":"SearchAction","target":{"@type":"EntryPoint","urlTemplate":"https:\/\/www.eldiario.net\/portal\/?s={search_term_string}"},"query-input":{"@type":"PropertyValueSpecification","valueRequired":true,"valueName":"search_term_string"}}],"inLanguage":"es"},{"@type":"Organization","@id":"https:\/\/www.eldiario.net\/portal\/#organization","name":"El Diario - Decano de la prensa nacional","url":"https:\/\/www.eldiario.net\/portal\/","logo":{"@type":"ImageObject","inLanguage":"es","@id":"https:\/\/www.eldiario.net\/portal\/#\/schema\/logo\/image\/","url":"https:\/\/www.eldiario.net\/portal\/wp-content\/uploads\/2023\/07\/logo_ED.jpg","contentUrl":"https:\/\/www.eldiario.net\/portal\/wp-content\/uploads\/2023\/07\/logo_ED.jpg","width":272,"height":52,"caption":"El Diario - Decano de la prensa nacional"},"image":{"@id":"https:\/\/www.eldiario.net\/portal\/#\/schema\/logo\/image\/"},"sameAs":["https:\/\/www.facebook.com\/eldiario.bolivia\/","https:\/\/x.com\/eldiario_net"]},{"@type":"Person","@id":"https:\/\/www.eldiario.net\/portal\/#\/schema\/person\/ba370d92d160f4d3574381f6d9b78fab","name":"Viviana Monrroy","image":{"@type":"ImageObject","inLanguage":"es","@id":"https:\/\/secure.gravatar.com\/avatar\/dfd1611ed5600959a0e5a9754503b6c05d1dcf190010998e0363aee2ad98afca?s=96&d=mm&r=g","url":"https:\/\/secure.gravatar.com\/avatar\/dfd1611ed5600959a0e5a9754503b6c05d1dcf190010998e0363aee2ad98afca?s=96&d=mm&r=g","contentUrl":"https:\/\/secure.gravatar.com\/avatar\/dfd1611ed5600959a0e5a9754503b6c05d1dcf190010998e0363aee2ad98afca?s=96&d=mm&r=g","caption":"Viviana Monrroy"},"sameAs":["http:\/\/www.eldiario.net"],"url":"https:\/\/www.eldiario.net\/portal\/author\/vivianamonrroy\/"}]}},"_links":{"self":[{"href":"https:\/\/www.eldiario.net\/portal\/wp-json\/wp\/v2\/posts\/277591","targetHints":{"allow":["GET"]}}],"collection":[{"href":"https:\/\/www.eldiario.net\/portal\/wp-json\/wp\/v2\/posts"}],"about":[{"href":"https:\/\/www.eldiario.net\/portal\/wp-json\/wp\/v2\/types\/post"}],"author":[{"embeddable":true,"href":"https:\/\/www.eldiario.net\/portal\/wp-json\/wp\/v2\/users\/7"}],"replies":[{"embeddable":true,"href":"https:\/\/www.eldiario.net\/portal\/wp-json\/wp\/v2\/comments?post=277591"}],"version-history":[{"count":1,"href":"https:\/\/www.eldiario.net\/portal\/wp-json\/wp\/v2\/posts\/277591\/revisions"}],"predecessor-version":[{"id":277593,"href":"https:\/\/www.eldiario.net\/portal\/wp-json\/wp\/v2\/posts\/277591\/revisions\/277593"}],"wp:featuredmedia":[{"embeddable":true,"href":"https:\/\/www.eldiario.net\/portal\/wp-json\/wp\/v2\/media\/277592"}],"wp:attachment":[{"href":"https:\/\/www.eldiario.net\/portal\/wp-json\/wp\/v2\/media?parent=277591"}],"wp:term":[{"taxonomy":"category","embeddable":true,"href":"https:\/\/www.eldiario.net\/portal\/wp-json\/wp\/v2\/categories?post=277591"},{"taxonomy":"post_tag","embeddable":true,"href":"https:\/\/www.eldiario.net\/portal\/wp-json\/wp\/v2\/tags?post=277591"}],"curies":[{"name":"wp","href":"https:\/\/api.w.org\/{rel}","templated":true}]}}