{"id":277580,"date":"2025-01-27T10:07:32","date_gmt":"2025-01-27T14:07:32","guid":{"rendered":"https:\/\/www.eldiario.net\/portal\/?p=277580"},"modified":"2025-01-27T10:07:32","modified_gmt":"2025-01-27T14:07:32","slug":"bolivia-enfrenta-pico-critico-de-la-temporada-de-lluvias-1007","status":"publish","type":"post","link":"https:\/\/www.eldiario.net\/portal\/2025\/01\/27\/bolivia-enfrenta-pico-critico-de-la-temporada-de-lluvias-1007\/","title":{"rendered":"Bolivia enfrenta pico cr\u00edtico de la temporada de lluvias. (10:07)"},"content":{"rendered":"<p>El Gobierno advirti\u00f3 que el pa\u00eds atraviesa el periodo m\u00e1s cr\u00edtico de las lluvias, con 18 fallecidos, 14 municipios en desastre y miles de familias afectadas. El viceministro de Defensa Civil, Juan Carlos Calvimontes, inform\u00f3 que alertas hidrol\u00f3gicas de prioridad naranja han sido emitidas por el Senamhi ante el riesgo de desbordes de r\u00edos en gran parte del territorio nacional. En las \u00faltimas horas, equipos de rescate recuperaron el cuerpo de una persona en el r\u00edo Ichilo, mientras persisten las labores de b\u00fasqueda de otros desaparecidos en diferentes zonas afectadas.<\/p>\n<p>Calvimontes, inform\u00f3 que los departamentos m\u00e1s golpeados son La Paz, Chuquisaca y Beni, aunque se espera que Cochabamba emita una declaratoria de desastre en las pr\u00f3ximas horas. Puntualiz\u00f3 que, hasta ahora, se ha atendido a 1.833 familias con una inversi\u00f3n de Bs 924.000 y \u00a0anunci\u00f3 la distribuci\u00f3n de m\u00e1s ayuda humanitaria en los municipios afectados. Equipos y recursos para bomberos forestales tambi\u00e9n ser\u00e1n enviados a las zonas en mayor riesgo, dijo<\/p>\n","protected":false},"excerpt":{"rendered":"<p>El Gobierno advirti\u00f3 que el pa\u00eds atraviesa el periodo m\u00e1s cr\u00edtico de las lluvias, con 18 fallecidos, 14 municipios en desastre y miles de familias afectadas. El viceministro de Defensa Civil, Juan Carlos Calvimontes, inform\u00f3 que alertas hidrol\u00f3gicas de prioridad naranja han sido emitidas por el Senamhi ante el riesgo de desbordes de r\u00edos en [&hellip;]<\/p>\n","protected":false},"author":7,"featured_media":277584,"comment_status":"closed","ping_status":"open","sticky":false,"template":"","format":"standard","meta":{"_acf_changed":false,"footnotes":""},"categories":[51],"tags":[],"class_list":["post-277580","post","type-post","status-publish","format-standard","has-post-thumbnail","category-ultima-hora"],"acf":{"antetitulo":""},"yoast_head":"<!-- This site is optimized with the Yoast SEO plugin v28.4 - https:\/\/yoast.com\/product\/yoast-seo-wordpress\/ -->\n<title>Bolivia enfrenta pico cr\u00edtico de la temporada de lluvias. (10:07) - El Diario - Bolivia<\/title>\n<meta name=\"robots\" content=\"index, follow, max-snippet:-1, max-image-preview:large, max-video-preview:-1\" \/>\n<link rel=\"canonical\" href=\"https:\/\/www.eldiario.net\/portal\/2025\/01\/27\/bolivia-enfrenta-pico-critico-de-la-temporada-de-lluvias-1007\/\" \/>\n<meta property=\"og:locale\" content=\"es_ES\" \/>\n<meta property=\"og:type\" content=\"article\" \/>\n<meta property=\"og:title\" content=\"Bolivia enfrenta pico cr\u00edtico de la temporada de lluvias. (10:07) - El Diario - Bolivia\" \/>\n<meta property=\"og:description\" content=\"El Gobierno advirti\u00f3 que el pa\u00eds atraviesa el periodo m\u00e1s cr\u00edtico de las lluvias, con 18 fallecidos, 14 municipios en desastre y miles de familias afectadas. El viceministro de Defensa Civil, Juan Carlos Calvimontes, inform\u00f3 que alertas hidrol\u00f3gicas de prioridad naranja han sido emitidas por el Senamhi ante el riesgo de desbordes de r\u00edos en [&hellip;]\" \/>\n<meta property=\"og:url\" content=\"https:\/\/www.eldiario.net\/portal\/2025\/01\/27\/bolivia-enfrenta-pico-critico-de-la-temporada-de-lluvias-1007\/\" \/>\n<meta property=\"og:site_name\" content=\"El Diario - Bolivia\" \/>\n<meta property=\"article:publisher\" content=\"https:\/\/www.facebook.com\/eldiario.bolivia\/\" \/>\n<meta property=\"article:published_time\" content=\"2025-01-27T14:07:32+00:00\" \/>\n<meta property=\"og:image\" content=\"https:\/\/www.eldiario.net\/portal\/wp-content\/uploads\/2025\/01\/calvimontes-e1737986826777.png\" \/>\n\t<meta property=\"og:image:width\" content=\"350\" \/>\n\t<meta property=\"og:image:height\" content=\"306\" \/>\n\t<meta property=\"og:image:type\" content=\"image\/png\" \/>\n<meta name=\"author\" content=\"Viviana Monrroy\" \/>\n<meta name=\"twitter:card\" content=\"summary_large_image\" \/>\n<meta name=\"twitter:creator\" content=\"@eldiario_net\" \/>\n<meta name=\"twitter:site\" content=\"@eldiario_net\" \/>\n<meta name=\"twitter:label1\" content=\"Escrito por\" \/>\n\t<meta name=\"twitter:data1\" content=\"Viviana Monrroy\" \/>\n\t<meta name=\"twitter:label2\" content=\"Tiempo de lectura\" \/>\n\t<meta name=\"twitter:data2\" content=\"1 minuto\" \/>\n<script type=\"application\/ld+json\" class=\"yoast-schema-graph\">{\"@context\":\"https:\\\/\\\/schema.org\",\"@graph\":[{\"@type\":\"Article\",\"@id\":\"https:\\\/\\\/www.eldiario.net\\\/portal\\\/2025\\\/01\\\/27\\\/bolivia-enfrenta-pico-critico-de-la-temporada-de-lluvias-1007\\\/#article\",\"isPartOf\":{\"@id\":\"https:\\\/\\\/www.eldiario.net\\\/portal\\\/2025\\\/01\\\/27\\\/bolivia-enfrenta-pico-critico-de-la-temporada-de-lluvias-1007\\\/\"},\"author\":{\"name\":\"Viviana Monrroy\",\"@id\":\"https:\\\/\\\/www.eldiario.net\\\/portal\\\/#\\\/schema\\\/person\\\/ba370d92d160f4d3574381f6d9b78fab\"},\"headline\":\"Bolivia enfrenta pico cr\u00edtico de la temporada de lluvias. (10:07)\",\"datePublished\":\"2025-01-27T14:07:32+00:00\",\"mainEntityOfPage\":{\"@id\":\"https:\\\/\\\/www.eldiario.net\\\/portal\\\/2025\\\/01\\\/27\\\/bolivia-enfrenta-pico-critico-de-la-temporada-de-lluvias-1007\\\/\"},\"wordCount\":181,\"publisher\":{\"@id\":\"https:\\\/\\\/www.eldiario.net\\\/portal\\\/#organization\"},\"image\":{\"@id\":\"https:\\\/\\\/www.eldiario.net\\\/portal\\\/2025\\\/01\\\/27\\\/bolivia-enfrenta-pico-critico-de-la-temporada-de-lluvias-1007\\\/#primaryimage\"},\"thumbnailUrl\":\"https:\\\/\\\/www.eldiario.net\\\/portal\\\/wp-content\\\/uploads\\\/2025\\\/01\\\/calvimontes-e1737986826777.png\",\"articleSection\":[\"\u00daltima Hora\"],\"inLanguage\":\"es\"},{\"@type\":\"WebPage\",\"@id\":\"https:\\\/\\\/www.eldiario.net\\\/portal\\\/2025\\\/01\\\/27\\\/bolivia-enfrenta-pico-critico-de-la-temporada-de-lluvias-1007\\\/\",\"url\":\"https:\\\/\\\/www.eldiario.net\\\/portal\\\/2025\\\/01\\\/27\\\/bolivia-enfrenta-pico-critico-de-la-temporada-de-lluvias-1007\\\/\",\"name\":\"Bolivia enfrenta pico cr\u00edtico de la temporada de lluvias. (10:07) - El Diario - Bolivia\",\"isPartOf\":{\"@id\":\"https:\\\/\\\/www.eldiario.net\\\/portal\\\/#website\"},\"primaryImageOfPage\":{\"@id\":\"https:\\\/\\\/www.eldiario.net\\\/portal\\\/2025\\\/01\\\/27\\\/bolivia-enfrenta-pico-critico-de-la-temporada-de-lluvias-1007\\\/#primaryimage\"},\"image\":{\"@id\":\"https:\\\/\\\/www.eldiario.net\\\/portal\\\/2025\\\/01\\\/27\\\/bolivia-enfrenta-pico-critico-de-la-temporada-de-lluvias-1007\\\/#primaryimage\"},\"thumbnailUrl\":\"https:\\\/\\\/www.eldiario.net\\\/portal\\\/wp-content\\\/uploads\\\/2025\\\/01\\\/calvimontes-e1737986826777.png\",\"datePublished\":\"2025-01-27T14:07:32+00:00\",\"breadcrumb\":{\"@id\":\"https:\\\/\\\/www.eldiario.net\\\/portal\\\/2025\\\/01\\\/27\\\/bolivia-enfrenta-pico-critico-de-la-temporada-de-lluvias-1007\\\/#breadcrumb\"},\"inLanguage\":\"es\",\"potentialAction\":[{\"@type\":\"ReadAction\",\"target\":[\"https:\\\/\\\/www.eldiario.net\\\/portal\\\/2025\\\/01\\\/27\\\/bolivia-enfrenta-pico-critico-de-la-temporada-de-lluvias-1007\\\/\"]}]},{\"@type\":\"ImageObject\",\"inLanguage\":\"es\",\"@id\":\"https:\\\/\\\/www.eldiario.net\\\/portal\\\/2025\\\/01\\\/27\\\/bolivia-enfrenta-pico-critico-de-la-temporada-de-lluvias-1007\\\/#primaryimage\",\"url\":\"https:\\\/\\\/www.eldiario.net\\\/portal\\\/wp-content\\\/uploads\\\/2025\\\/01\\\/calvimontes-e1737986826777.png\",\"contentUrl\":\"https:\\\/\\\/www.eldiario.net\\\/portal\\\/wp-content\\\/uploads\\\/2025\\\/01\\\/calvimontes-e1737986826777.png\",\"width\":350,\"height\":306,\"caption\":\"Foto: RR.SS.\"},{\"@type\":\"BreadcrumbList\",\"@id\":\"https:\\\/\\\/www.eldiario.net\\\/portal\\\/2025\\\/01\\\/27\\\/bolivia-enfrenta-pico-critico-de-la-temporada-de-lluvias-1007\\\/#breadcrumb\",\"itemListElement\":[{\"@type\":\"ListItem\",\"position\":1,\"name\":\"Portada\",\"item\":\"https:\\\/\\\/www.eldiario.net\\\/portal\\\/\"},{\"@type\":\"ListItem\",\"position\":2,\"name\":\"Bolivia enfrenta pico cr\u00edtico de la temporada de lluvias. (10:07)\"}]},{\"@type\":\"WebSite\",\"@id\":\"https:\\\/\\\/www.eldiario.net\\\/portal\\\/#website\",\"url\":\"https:\\\/\\\/www.eldiario.net\\\/portal\\\/\",\"name\":\"El Diario - Decano de la prensa nacional\",\"description\":\"El Diario - Decano de la prensa nacional\",\"publisher\":{\"@id\":\"https:\\\/\\\/www.eldiario.net\\\/portal\\\/#organization\"},\"potentialAction\":[{\"@type\":\"SearchAction\",\"target\":{\"@type\":\"EntryPoint\",\"urlTemplate\":\"https:\\\/\\\/www.eldiario.net\\\/portal\\\/?s={search_term_string}\"},\"query-input\":{\"@type\":\"PropertyValueSpecification\",\"valueRequired\":true,\"valueName\":\"search_term_string\"}}],\"inLanguage\":\"es\"},{\"@type\":\"Organization\",\"@id\":\"https:\\\/\\\/www.eldiario.net\\\/portal\\\/#organization\",\"name\":\"El Diario - Decano de la prensa nacional\",\"url\":\"https:\\\/\\\/www.eldiario.net\\\/portal\\\/\",\"logo\":{\"@type\":\"ImageObject\",\"inLanguage\":\"es\",\"@id\":\"https:\\\/\\\/www.eldiario.net\\\/portal\\\/#\\\/schema\\\/logo\\\/image\\\/\",\"url\":\"https:\\\/\\\/www.eldiario.net\\\/portal\\\/wp-content\\\/uploads\\\/2023\\\/07\\\/logo_ED.jpg\",\"contentUrl\":\"https:\\\/\\\/www.eldiario.net\\\/portal\\\/wp-content\\\/uploads\\\/2023\\\/07\\\/logo_ED.jpg\",\"width\":272,\"height\":52,\"caption\":\"El Diario - Decano de la prensa nacional\"},\"image\":{\"@id\":\"https:\\\/\\\/www.eldiario.net\\\/portal\\\/#\\\/schema\\\/logo\\\/image\\\/\"},\"sameAs\":[\"https:\\\/\\\/www.facebook.com\\\/eldiario.bolivia\\\/\",\"https:\\\/\\\/x.com\\\/eldiario_net\"]},{\"@type\":\"Person\",\"@id\":\"https:\\\/\\\/www.eldiario.net\\\/portal\\\/#\\\/schema\\\/person\\\/ba370d92d160f4d3574381f6d9b78fab\",\"name\":\"Viviana Monrroy\",\"image\":{\"@type\":\"ImageObject\",\"inLanguage\":\"es\",\"@id\":\"https:\\\/\\\/secure.gravatar.com\\\/avatar\\\/dfd1611ed5600959a0e5a9754503b6c05d1dcf190010998e0363aee2ad98afca?s=96&d=mm&r=g\",\"url\":\"https:\\\/\\\/secure.gravatar.com\\\/avatar\\\/dfd1611ed5600959a0e5a9754503b6c05d1dcf190010998e0363aee2ad98afca?s=96&d=mm&r=g\",\"contentUrl\":\"https:\\\/\\\/secure.gravatar.com\\\/avatar\\\/dfd1611ed5600959a0e5a9754503b6c05d1dcf190010998e0363aee2ad98afca?s=96&d=mm&r=g\",\"caption\":\"Viviana Monrroy\"},\"sameAs\":[\"http:\\\/\\\/www.eldiario.net\"],\"url\":\"https:\\\/\\\/www.eldiario.net\\\/portal\\\/author\\\/vivianamonrroy\\\/\"}]}<\/script>\n<!-- \/ Yoast SEO plugin. -->","yoast_head_json":{"title":"Bolivia enfrenta pico cr\u00edtico de la temporada de lluvias. (10:07) - El Diario - Bolivia","robots":{"index":"index","follow":"follow","max-snippet":"max-snippet:-1","max-image-preview":"max-image-preview:large","max-video-preview":"max-video-preview:-1"},"canonical":"https:\/\/www.eldiario.net\/portal\/2025\/01\/27\/bolivia-enfrenta-pico-critico-de-la-temporada-de-lluvias-1007\/","og_locale":"es_ES","og_type":"article","og_title":"Bolivia enfrenta pico cr\u00edtico de la temporada de lluvias. (10:07) - El Diario - Bolivia","og_description":"El Gobierno advirti\u00f3 que el pa\u00eds atraviesa el periodo m\u00e1s cr\u00edtico de las lluvias, con 18 fallecidos, 14 municipios en desastre y miles de familias afectadas. El viceministro de Defensa Civil, Juan Carlos Calvimontes, inform\u00f3 que alertas hidrol\u00f3gicas de prioridad naranja han sido emitidas por el Senamhi ante el riesgo de desbordes de r\u00edos en [&hellip;]","og_url":"https:\/\/www.eldiario.net\/portal\/2025\/01\/27\/bolivia-enfrenta-pico-critico-de-la-temporada-de-lluvias-1007\/","og_site_name":"El Diario - Bolivia","article_publisher":"https:\/\/www.facebook.com\/eldiario.bolivia\/","article_published_time":"2025-01-27T14:07:32+00:00","og_image":[{"width":350,"height":306,"url":"https:\/\/www.eldiario.net\/portal\/wp-content\/uploads\/2025\/01\/calvimontes-e1737986826777.png","type":"image\/png"}],"author":"Viviana Monrroy","twitter_card":"summary_large_image","twitter_creator":"@eldiario_net","twitter_site":"@eldiario_net","twitter_misc":{"Escrito por":"Viviana Monrroy","Tiempo de lectura":"1 minuto"},"schema":{"@context":"https:\/\/schema.org","@graph":[{"@type":"Article","@id":"https:\/\/www.eldiario.net\/portal\/2025\/01\/27\/bolivia-enfrenta-pico-critico-de-la-temporada-de-lluvias-1007\/#article","isPartOf":{"@id":"https:\/\/www.eldiario.net\/portal\/2025\/01\/27\/bolivia-enfrenta-pico-critico-de-la-temporada-de-lluvias-1007\/"},"author":{"name":"Viviana Monrroy","@id":"https:\/\/www.eldiario.net\/portal\/#\/schema\/person\/ba370d92d160f4d3574381f6d9b78fab"},"headline":"Bolivia enfrenta pico cr\u00edtico de la temporada de lluvias. (10:07)","datePublished":"2025-01-27T14:07:32+00:00","mainEntityOfPage":{"@id":"https:\/\/www.eldiario.net\/portal\/2025\/01\/27\/bolivia-enfrenta-pico-critico-de-la-temporada-de-lluvias-1007\/"},"wordCount":181,"publisher":{"@id":"https:\/\/www.eldiario.net\/portal\/#organization"},"image":{"@id":"https:\/\/www.eldiario.net\/portal\/2025\/01\/27\/bolivia-enfrenta-pico-critico-de-la-temporada-de-lluvias-1007\/#primaryimage"},"thumbnailUrl":"https:\/\/www.eldiario.net\/portal\/wp-content\/uploads\/2025\/01\/calvimontes-e1737986826777.png","articleSection":["\u00daltima Hora"],"inLanguage":"es"},{"@type":"WebPage","@id":"https:\/\/www.eldiario.net\/portal\/2025\/01\/27\/bolivia-enfrenta-pico-critico-de-la-temporada-de-lluvias-1007\/","url":"https:\/\/www.eldiario.net\/portal\/2025\/01\/27\/bolivia-enfrenta-pico-critico-de-la-temporada-de-lluvias-1007\/","name":"Bolivia enfrenta pico cr\u00edtico de la temporada de lluvias. (10:07) - El Diario - Bolivia","isPartOf":{"@id":"https:\/\/www.eldiario.net\/portal\/#website"},"primaryImageOfPage":{"@id":"https:\/\/www.eldiario.net\/portal\/2025\/01\/27\/bolivia-enfrenta-pico-critico-de-la-temporada-de-lluvias-1007\/#primaryimage"},"image":{"@id":"https:\/\/www.eldiario.net\/portal\/2025\/01\/27\/bolivia-enfrenta-pico-critico-de-la-temporada-de-lluvias-1007\/#primaryimage"},"thumbnailUrl":"https:\/\/www.eldiario.net\/portal\/wp-content\/uploads\/2025\/01\/calvimontes-e1737986826777.png","datePublished":"2025-01-27T14:07:32+00:00","breadcrumb":{"@id":"https:\/\/www.eldiario.net\/portal\/2025\/01\/27\/bolivia-enfrenta-pico-critico-de-la-temporada-de-lluvias-1007\/#breadcrumb"},"inLanguage":"es","potentialAction":[{"@type":"ReadAction","target":["https:\/\/www.eldiario.net\/portal\/2025\/01\/27\/bolivia-enfrenta-pico-critico-de-la-temporada-de-lluvias-1007\/"]}]},{"@type":"ImageObject","inLanguage":"es","@id":"https:\/\/www.eldiario.net\/portal\/2025\/01\/27\/bolivia-enfrenta-pico-critico-de-la-temporada-de-lluvias-1007\/#primaryimage","url":"https:\/\/www.eldiario.net\/portal\/wp-content\/uploads\/2025\/01\/calvimontes-e1737986826777.png","contentUrl":"https:\/\/www.eldiario.net\/portal\/wp-content\/uploads\/2025\/01\/calvimontes-e1737986826777.png","width":350,"height":306,"caption":"Foto: RR.SS."},{"@type":"BreadcrumbList","@id":"https:\/\/www.eldiario.net\/portal\/2025\/01\/27\/bolivia-enfrenta-pico-critico-de-la-temporada-de-lluvias-1007\/#breadcrumb","itemListElement":[{"@type":"ListItem","position":1,"name":"Portada","item":"https:\/\/www.eldiario.net\/portal\/"},{"@type":"ListItem","position":2,"name":"Bolivia enfrenta pico cr\u00edtico de la temporada de lluvias. (10:07)"}]},{"@type":"WebSite","@id":"https:\/\/www.eldiario.net\/portal\/#website","url":"https:\/\/www.eldiario.net\/portal\/","name":"El Diario - Decano de la prensa nacional","description":"El Diario - Decano de la prensa nacional","publisher":{"@id":"https:\/\/www.eldiario.net\/portal\/#organization"},"potentialAction":[{"@type":"SearchAction","target":{"@type":"EntryPoint","urlTemplate":"https:\/\/www.eldiario.net\/portal\/?s={search_term_string}"},"query-input":{"@type":"PropertyValueSpecification","valueRequired":true,"valueName":"search_term_string"}}],"inLanguage":"es"},{"@type":"Organization","@id":"https:\/\/www.eldiario.net\/portal\/#organization","name":"El Diario - Decano de la prensa nacional","url":"https:\/\/www.eldiario.net\/portal\/","logo":{"@type":"ImageObject","inLanguage":"es","@id":"https:\/\/www.eldiario.net\/portal\/#\/schema\/logo\/image\/","url":"https:\/\/www.eldiario.net\/portal\/wp-content\/uploads\/2023\/07\/logo_ED.jpg","contentUrl":"https:\/\/www.eldiario.net\/portal\/wp-content\/uploads\/2023\/07\/logo_ED.jpg","width":272,"height":52,"caption":"El Diario - Decano de la prensa nacional"},"image":{"@id":"https:\/\/www.eldiario.net\/portal\/#\/schema\/logo\/image\/"},"sameAs":["https:\/\/www.facebook.com\/eldiario.bolivia\/","https:\/\/x.com\/eldiario_net"]},{"@type":"Person","@id":"https:\/\/www.eldiario.net\/portal\/#\/schema\/person\/ba370d92d160f4d3574381f6d9b78fab","name":"Viviana Monrroy","image":{"@type":"ImageObject","inLanguage":"es","@id":"https:\/\/secure.gravatar.com\/avatar\/dfd1611ed5600959a0e5a9754503b6c05d1dcf190010998e0363aee2ad98afca?s=96&d=mm&r=g","url":"https:\/\/secure.gravatar.com\/avatar\/dfd1611ed5600959a0e5a9754503b6c05d1dcf190010998e0363aee2ad98afca?s=96&d=mm&r=g","contentUrl":"https:\/\/secure.gravatar.com\/avatar\/dfd1611ed5600959a0e5a9754503b6c05d1dcf190010998e0363aee2ad98afca?s=96&d=mm&r=g","caption":"Viviana Monrroy"},"sameAs":["http:\/\/www.eldiario.net"],"url":"https:\/\/www.eldiario.net\/portal\/author\/vivianamonrroy\/"}]}},"_links":{"self":[{"href":"https:\/\/www.eldiario.net\/portal\/wp-json\/wp\/v2\/posts\/277580","targetHints":{"allow":["GET"]}}],"collection":[{"href":"https:\/\/www.eldiario.net\/portal\/wp-json\/wp\/v2\/posts"}],"about":[{"href":"https:\/\/www.eldiario.net\/portal\/wp-json\/wp\/v2\/types\/post"}],"author":[{"embeddable":true,"href":"https:\/\/www.eldiario.net\/portal\/wp-json\/wp\/v2\/users\/7"}],"replies":[{"embeddable":true,"href":"https:\/\/www.eldiario.net\/portal\/wp-json\/wp\/v2\/comments?post=277580"}],"version-history":[{"count":1,"href":"https:\/\/www.eldiario.net\/portal\/wp-json\/wp\/v2\/posts\/277580\/revisions"}],"predecessor-version":[{"id":277586,"href":"https:\/\/www.eldiario.net\/portal\/wp-json\/wp\/v2\/posts\/277580\/revisions\/277586"}],"wp:featuredmedia":[{"embeddable":true,"href":"https:\/\/www.eldiario.net\/portal\/wp-json\/wp\/v2\/media\/277584"}],"wp:attachment":[{"href":"https:\/\/www.eldiario.net\/portal\/wp-json\/wp\/v2\/media?parent=277580"}],"wp:term":[{"taxonomy":"category","embeddable":true,"href":"https:\/\/www.eldiario.net\/portal\/wp-json\/wp\/v2\/categories?post=277580"},{"taxonomy":"post_tag","embeddable":true,"href":"https:\/\/www.eldiario.net\/portal\/wp-json\/wp\/v2\/tags?post=277580"}],"curies":[{"name":"wp","href":"https:\/\/api.w.org\/{rel}","templated":true}]}}