{"id":277566,"date":"2025-01-27T06:31:43","date_gmt":"2025-01-27T10:31:43","guid":{"rendered":"https:\/\/www.eldiario.net\/portal\/?p=277566"},"modified":"2025-01-27T06:31:43","modified_gmt":"2025-01-27T10:31:43","slug":"acer-actualiza-su-linea-de-escooters-en-2025","status":"publish","type":"post","link":"https:\/\/www.eldiario.net\/portal\/2025\/01\/27\/acer-actualiza-su-linea-de-escooters-en-2025\/","title":{"rendered":"Acer actualiza su l\u00ednea de eScooters en 2025"},"content":{"rendered":"<p>Este a\u00f1o, Acer presenta una renovada gama de patinetes el\u00e9ctricos con tres nuevos modelos dise\u00f1ados para satisfacer las necesidades de diferentes tipos de usuarios. Hace algunos a\u00f1os, pocos hubieran imaginado que grandes empresas tecnol\u00f3gicas se adentrar\u00edan en el mundo de la movilidad el\u00e9ctrica. Sin embargo, motivada por el auge de este sector en pa\u00edses como Espa\u00f1a, Acer ha lanzado en el CES 2025 tres innovadores modelos de eScooters que combinan un dise\u00f1o moderno con caracter\u00edsticas adaptadas a diversas preferencias, desde los m\u00e1s exigentes hasta los usuarios ocasionales.<\/p>\n<p><strong>Predator ES Storm: rendimiento para los aventureros<\/strong><\/p>\n<p>Bajo el mismo nombre que su l\u00ednea dirigida a gamers, el modelo Predator ES Storm est\u00e1 dise\u00f1ado para quienes buscan emociones fuertes. Este eScooter plegable est\u00e1 equipado con un motor de buje de 500 W que puede alcanzar picos superiores a 900 W, lo que facilita el desplazamiento en terrenos planos y colinas.<\/p>\n<p>A pesar de su potencia, la autonom\u00eda es uno de sus grandes atractivos, ofreciendo hasta 60 kil\u00f3metros con una sola carga gracias a su bater\u00eda de iones de litio de 42 voltios y 16 amperios hora. Al igual que otros veh\u00edculos el\u00e9ctricos, incorpora el sistema KERS (recuperaci\u00f3n de energ\u00eda cin\u00e9tica), que convierte la energ\u00eda generada al frenar en energ\u00eda reutilizable, aumentando la eficiencia y reduciendo el desgaste de los frenos.<\/p>\n<p>En cuanto a seguridad, este patinete incluye luces de giro en el manillar, frenos de disco delanteros y un freno el\u00e9ctrico e-ABS trasero. Adem\u00e1s, cuenta con neum\u00e1ticos sin c\u00e1mara de 10 pulgadas y suspensi\u00f3n delantera para absorber impactos y mejorar la estabilidad en terrenos irregulares. Todo esto se presenta en un dise\u00f1o plegable que pesa 20,45 kilogramos, manteniendo as\u00ed su portabilidad.<\/p>\n<p><strong>Acer ES Series 5 Select: ideal para el urbanita moderno<\/strong><\/p>\n<p>El modelo ES Series 5 Select est\u00e1 dirigido a quienes enfrentan el tr\u00e1fico diario en la ciudad. Al igual que el Predator, cuenta con un potente motor de 500 W, configurable en hasta cuatro modos de aceleraci\u00f3n, alcanzando velocidades de hasta 25 kil\u00f3metros por hora seg\u00fan las regulaciones locales. Acer asegura que este modelo puede afrontar pendientes de hasta 23 grados.<\/p>\n<p>Este eScooter tambi\u00e9n incorpora tecnolog\u00eda KERS y ofrece una autonom\u00eda de hasta 60 kil\u00f3metros. Su sistema de frenos incluye frenos de disco delanteros y un ABS electr\u00f3nico trasero. Con un peso de 20,46 kilogramos y una capacidad de carga m\u00e1xima de 120 kilogramos, combina resistencia con facilidad de transporte.<\/p>\n<p>Adem\u00e1s, cuenta con neum\u00e1ticos de 10 pulgadas y suspensi\u00f3n integrada, y es compatible con la aplicaci\u00f3n Acer eMobility, que permite personalizar y monitorear su rendimiento en tiempo real.<\/p>\n<p><strong>Acer ES Series 4 Select: opci\u00f3n econ\u00f3mica y vers\u00e1til<\/strong><\/p>\n<p>Para aquellos que no requieren la m\u00e1xima potencia, el modelo ES Series 4 Select ofrece especificaciones adecuadas para la mayor\u00eda de los usuarios. Este patinete plegable cuenta con un motor trasero de 400 W que puede alcanzar picos de 800 W, permiti\u00e9ndole enfrentar pendientes pronunciadas y terrenos m\u00e1s desafiantes.<\/p>\n<p>Aunque su autonom\u00eda es ligeramente inferior, alcanza hasta 45 kil\u00f3metros con una carga completa y su bater\u00eda se recarga en solo cinco horas. Con un peso inferior a 20 kilogramos y una carga m\u00e1xima soportada de hasta 120 kilogramos, este modelo se adapta a diversas situaciones gracias a m\u00faltiples configuraciones de velocidad, que oscilan entre 6 y 25 kil\u00f3metros por hora.<\/p>\n<p>Por \u00faltimo, su sistema de doble freno y neum\u00e1ticos sin c\u00e1mara de 10 pulgadas garantizan la misma seguridad y estabilidad que los modelos anteriores, mientras que la suspensi\u00f3n delantera asegura un viaje c\u00f3modo.<\/p>\n","protected":false},"excerpt":{"rendered":"<p>Este a\u00f1o, Acer presenta una renovada gama de patinetes el\u00e9ctricos con tres nuevos modelos dise\u00f1ados para satisfacer las necesidades de diferentes tipos de usuarios. Hace algunos a\u00f1os, pocos hubieran imaginado que grandes empresas tecnol\u00f3gicas se adentrar\u00edan en el mundo de la movilidad el\u00e9ctrica. Sin embargo, motivada por el auge de este sector en pa\u00edses como [&hellip;]<\/p>\n","protected":false},"author":1,"featured_media":277567,"comment_status":"closed","ping_status":"open","sticky":false,"template":"","format":"standard","meta":{"_acf_changed":false,"footnotes":""},"categories":[46],"tags":[],"class_list":["post-277566","post","type-post","status-publish","format-standard","has-post-thumbnail","category-ciencia-computacion"],"acf":{"antetitulo":""},"yoast_head":"<!-- This site is optimized with the Yoast SEO plugin v28.4 - https:\/\/yoast.com\/product\/yoast-seo-wordpress\/ -->\n<title>Acer actualiza su l\u00ednea de eScooters en 2025 - El Diario - Bolivia<\/title>\n<meta name=\"robots\" content=\"index, follow, max-snippet:-1, max-image-preview:large, max-video-preview:-1\" \/>\n<link rel=\"canonical\" href=\"https:\/\/www.eldiario.net\/portal\/2025\/01\/27\/acer-actualiza-su-linea-de-escooters-en-2025\/\" \/>\n<meta property=\"og:locale\" content=\"es_ES\" \/>\n<meta property=\"og:type\" content=\"article\" \/>\n<meta property=\"og:title\" content=\"Acer actualiza su l\u00ednea de eScooters en 2025 - El Diario - Bolivia\" \/>\n<meta property=\"og:description\" content=\"Este a\u00f1o, Acer presenta una renovada gama de patinetes el\u00e9ctricos con tres nuevos modelos dise\u00f1ados para satisfacer las necesidades de diferentes tipos de usuarios. Hace algunos a\u00f1os, pocos hubieran imaginado que grandes empresas tecnol\u00f3gicas se adentrar\u00edan en el mundo de la movilidad el\u00e9ctrica. Sin embargo, motivada por el auge de este sector en pa\u00edses como [&hellip;]\" \/>\n<meta property=\"og:url\" content=\"https:\/\/www.eldiario.net\/portal\/2025\/01\/27\/acer-actualiza-su-linea-de-escooters-en-2025\/\" \/>\n<meta property=\"og:site_name\" content=\"El Diario - Bolivia\" \/>\n<meta property=\"article:publisher\" content=\"https:\/\/www.facebook.com\/eldiario.bolivia\/\" \/>\n<meta property=\"article:published_time\" content=\"2025-01-27T10:31:43+00:00\" \/>\n<meta property=\"og:image\" content=\"https:\/\/www.eldiario.net\/portal\/wp-content\/uploads\/2025\/01\/2-B-3.jpg\" \/>\n\t<meta property=\"og:image:width\" content=\"660\" \/>\n\t<meta property=\"og:image:height\" content=\"375\" \/>\n\t<meta property=\"og:image:type\" content=\"image\/jpeg\" \/>\n<meta name=\"author\" content=\"Jeanette\" \/>\n<meta name=\"twitter:card\" content=\"summary_large_image\" \/>\n<meta name=\"twitter:creator\" content=\"@eldiario_net\" \/>\n<meta name=\"twitter:site\" content=\"@eldiario_net\" \/>\n<meta name=\"twitter:label1\" content=\"Escrito por\" \/>\n\t<meta name=\"twitter:data1\" content=\"Jeanette\" \/>\n\t<meta name=\"twitter:label2\" content=\"Tiempo de lectura\" \/>\n\t<meta name=\"twitter:data2\" content=\"3 minutos\" \/>\n<script type=\"application\/ld+json\" class=\"yoast-schema-graph\">{\"@context\":\"https:\\\/\\\/schema.org\",\"@graph\":[{\"@type\":\"Article\",\"@id\":\"https:\\\/\\\/www.eldiario.net\\\/portal\\\/2025\\\/01\\\/27\\\/acer-actualiza-su-linea-de-escooters-en-2025\\\/#article\",\"isPartOf\":{\"@id\":\"https:\\\/\\\/www.eldiario.net\\\/portal\\\/2025\\\/01\\\/27\\\/acer-actualiza-su-linea-de-escooters-en-2025\\\/\"},\"author\":{\"name\":\"Jeanette\",\"@id\":\"https:\\\/\\\/www.eldiario.net\\\/portal\\\/#\\\/schema\\\/person\\\/f46445640444750d7d753ccd04ae01b7\"},\"headline\":\"Acer actualiza su l\u00ednea de eScooters en 2025\",\"datePublished\":\"2025-01-27T10:31:43+00:00\",\"mainEntityOfPage\":{\"@id\":\"https:\\\/\\\/www.eldiario.net\\\/portal\\\/2025\\\/01\\\/27\\\/acer-actualiza-su-linea-de-escooters-en-2025\\\/\"},\"wordCount\":620,\"publisher\":{\"@id\":\"https:\\\/\\\/www.eldiario.net\\\/portal\\\/#organization\"},\"image\":{\"@id\":\"https:\\\/\\\/www.eldiario.net\\\/portal\\\/2025\\\/01\\\/27\\\/acer-actualiza-su-linea-de-escooters-en-2025\\\/#primaryimage\"},\"thumbnailUrl\":\"https:\\\/\\\/www.eldiario.net\\\/portal\\\/wp-content\\\/uploads\\\/2025\\\/01\\\/2-B-3.jpg\",\"articleSection\":[\"Ciencia y Computaci\u00f3n\"],\"inLanguage\":\"es\"},{\"@type\":\"WebPage\",\"@id\":\"https:\\\/\\\/www.eldiario.net\\\/portal\\\/2025\\\/01\\\/27\\\/acer-actualiza-su-linea-de-escooters-en-2025\\\/\",\"url\":\"https:\\\/\\\/www.eldiario.net\\\/portal\\\/2025\\\/01\\\/27\\\/acer-actualiza-su-linea-de-escooters-en-2025\\\/\",\"name\":\"Acer actualiza su l\u00ednea de eScooters en 2025 - El Diario - Bolivia\",\"isPartOf\":{\"@id\":\"https:\\\/\\\/www.eldiario.net\\\/portal\\\/#website\"},\"primaryImageOfPage\":{\"@id\":\"https:\\\/\\\/www.eldiario.net\\\/portal\\\/2025\\\/01\\\/27\\\/acer-actualiza-su-linea-de-escooters-en-2025\\\/#primaryimage\"},\"image\":{\"@id\":\"https:\\\/\\\/www.eldiario.net\\\/portal\\\/2025\\\/01\\\/27\\\/acer-actualiza-su-linea-de-escooters-en-2025\\\/#primaryimage\"},\"thumbnailUrl\":\"https:\\\/\\\/www.eldiario.net\\\/portal\\\/wp-content\\\/uploads\\\/2025\\\/01\\\/2-B-3.jpg\",\"datePublished\":\"2025-01-27T10:31:43+00:00\",\"breadcrumb\":{\"@id\":\"https:\\\/\\\/www.eldiario.net\\\/portal\\\/2025\\\/01\\\/27\\\/acer-actualiza-su-linea-de-escooters-en-2025\\\/#breadcrumb\"},\"inLanguage\":\"es\",\"potentialAction\":[{\"@type\":\"ReadAction\",\"target\":[\"https:\\\/\\\/www.eldiario.net\\\/portal\\\/2025\\\/01\\\/27\\\/acer-actualiza-su-linea-de-escooters-en-2025\\\/\"]}]},{\"@type\":\"ImageObject\",\"inLanguage\":\"es\",\"@id\":\"https:\\\/\\\/www.eldiario.net\\\/portal\\\/2025\\\/01\\\/27\\\/acer-actualiza-su-linea-de-escooters-en-2025\\\/#primaryimage\",\"url\":\"https:\\\/\\\/www.eldiario.net\\\/portal\\\/wp-content\\\/uploads\\\/2025\\\/01\\\/2-B-3.jpg\",\"contentUrl\":\"https:\\\/\\\/www.eldiario.net\\\/portal\\\/wp-content\\\/uploads\\\/2025\\\/01\\\/2-B-3.jpg\",\"width\":660,\"height\":375},{\"@type\":\"BreadcrumbList\",\"@id\":\"https:\\\/\\\/www.eldiario.net\\\/portal\\\/2025\\\/01\\\/27\\\/acer-actualiza-su-linea-de-escooters-en-2025\\\/#breadcrumb\",\"itemListElement\":[{\"@type\":\"ListItem\",\"position\":1,\"name\":\"Portada\",\"item\":\"https:\\\/\\\/www.eldiario.net\\\/portal\\\/\"},{\"@type\":\"ListItem\",\"position\":2,\"name\":\"Acer actualiza su l\u00ednea de eScooters en 2025\"}]},{\"@type\":\"WebSite\",\"@id\":\"https:\\\/\\\/www.eldiario.net\\\/portal\\\/#website\",\"url\":\"https:\\\/\\\/www.eldiario.net\\\/portal\\\/\",\"name\":\"El Diario - Decano de la prensa nacional\",\"description\":\"El Diario - Decano de la prensa nacional\",\"publisher\":{\"@id\":\"https:\\\/\\\/www.eldiario.net\\\/portal\\\/#organization\"},\"potentialAction\":[{\"@type\":\"SearchAction\",\"target\":{\"@type\":\"EntryPoint\",\"urlTemplate\":\"https:\\\/\\\/www.eldiario.net\\\/portal\\\/?s={search_term_string}\"},\"query-input\":{\"@type\":\"PropertyValueSpecification\",\"valueRequired\":true,\"valueName\":\"search_term_string\"}}],\"inLanguage\":\"es\"},{\"@type\":\"Organization\",\"@id\":\"https:\\\/\\\/www.eldiario.net\\\/portal\\\/#organization\",\"name\":\"El Diario - Decano de la prensa nacional\",\"url\":\"https:\\\/\\\/www.eldiario.net\\\/portal\\\/\",\"logo\":{\"@type\":\"ImageObject\",\"inLanguage\":\"es\",\"@id\":\"https:\\\/\\\/www.eldiario.net\\\/portal\\\/#\\\/schema\\\/logo\\\/image\\\/\",\"url\":\"https:\\\/\\\/www.eldiario.net\\\/portal\\\/wp-content\\\/uploads\\\/2023\\\/07\\\/logo_ED.jpg\",\"contentUrl\":\"https:\\\/\\\/www.eldiario.net\\\/portal\\\/wp-content\\\/uploads\\\/2023\\\/07\\\/logo_ED.jpg\",\"width\":272,\"height\":52,\"caption\":\"El Diario - Decano de la prensa nacional\"},\"image\":{\"@id\":\"https:\\\/\\\/www.eldiario.net\\\/portal\\\/#\\\/schema\\\/logo\\\/image\\\/\"},\"sameAs\":[\"https:\\\/\\\/www.facebook.com\\\/eldiario.bolivia\\\/\",\"https:\\\/\\\/x.com\\\/eldiario_net\"]},{\"@type\":\"Person\",\"@id\":\"https:\\\/\\\/www.eldiario.net\\\/portal\\\/#\\\/schema\\\/person\\\/f46445640444750d7d753ccd04ae01b7\",\"name\":\"Jeanette\",\"image\":{\"@type\":\"ImageObject\",\"inLanguage\":\"es\",\"@id\":\"https:\\\/\\\/secure.gravatar.com\\\/avatar\\\/3ea2118a5f7dad2b7138b1187a6b7ee55f160b9968b66013c3a3ef39dd7e5798?s=96&d=mm&r=g\",\"url\":\"https:\\\/\\\/secure.gravatar.com\\\/avatar\\\/3ea2118a5f7dad2b7138b1187a6b7ee55f160b9968b66013c3a3ef39dd7e5798?s=96&d=mm&r=g\",\"contentUrl\":\"https:\\\/\\\/secure.gravatar.com\\\/avatar\\\/3ea2118a5f7dad2b7138b1187a6b7ee55f160b9968b66013c3a3ef39dd7e5798?s=96&d=mm&r=g\",\"caption\":\"Jeanette\"},\"sameAs\":[\"https:\\\/\\\/www.eldiario.net\\\/portal\"],\"url\":\"https:\\\/\\\/www.eldiario.net\\\/portal\\\/author\\\/jeanette\\\/\"}]}<\/script>\n<!-- \/ Yoast SEO plugin. -->","yoast_head_json":{"title":"Acer actualiza su l\u00ednea de eScooters en 2025 - El Diario - Bolivia","robots":{"index":"index","follow":"follow","max-snippet":"max-snippet:-1","max-image-preview":"max-image-preview:large","max-video-preview":"max-video-preview:-1"},"canonical":"https:\/\/www.eldiario.net\/portal\/2025\/01\/27\/acer-actualiza-su-linea-de-escooters-en-2025\/","og_locale":"es_ES","og_type":"article","og_title":"Acer actualiza su l\u00ednea de eScooters en 2025 - El Diario - Bolivia","og_description":"Este a\u00f1o, Acer presenta una renovada gama de patinetes el\u00e9ctricos con tres nuevos modelos dise\u00f1ados para satisfacer las necesidades de diferentes tipos de usuarios. Hace algunos a\u00f1os, pocos hubieran imaginado que grandes empresas tecnol\u00f3gicas se adentrar\u00edan en el mundo de la movilidad el\u00e9ctrica. Sin embargo, motivada por el auge de este sector en pa\u00edses como [&hellip;]","og_url":"https:\/\/www.eldiario.net\/portal\/2025\/01\/27\/acer-actualiza-su-linea-de-escooters-en-2025\/","og_site_name":"El Diario - Bolivia","article_publisher":"https:\/\/www.facebook.com\/eldiario.bolivia\/","article_published_time":"2025-01-27T10:31:43+00:00","og_image":[{"width":660,"height":375,"url":"https:\/\/www.eldiario.net\/portal\/wp-content\/uploads\/2025\/01\/2-B-3.jpg","type":"image\/jpeg"}],"author":"Jeanette","twitter_card":"summary_large_image","twitter_creator":"@eldiario_net","twitter_site":"@eldiario_net","twitter_misc":{"Escrito por":"Jeanette","Tiempo de lectura":"3 minutos"},"schema":{"@context":"https:\/\/schema.org","@graph":[{"@type":"Article","@id":"https:\/\/www.eldiario.net\/portal\/2025\/01\/27\/acer-actualiza-su-linea-de-escooters-en-2025\/#article","isPartOf":{"@id":"https:\/\/www.eldiario.net\/portal\/2025\/01\/27\/acer-actualiza-su-linea-de-escooters-en-2025\/"},"author":{"name":"Jeanette","@id":"https:\/\/www.eldiario.net\/portal\/#\/schema\/person\/f46445640444750d7d753ccd04ae01b7"},"headline":"Acer actualiza su l\u00ednea de eScooters en 2025","datePublished":"2025-01-27T10:31:43+00:00","mainEntityOfPage":{"@id":"https:\/\/www.eldiario.net\/portal\/2025\/01\/27\/acer-actualiza-su-linea-de-escooters-en-2025\/"},"wordCount":620,"publisher":{"@id":"https:\/\/www.eldiario.net\/portal\/#organization"},"image":{"@id":"https:\/\/www.eldiario.net\/portal\/2025\/01\/27\/acer-actualiza-su-linea-de-escooters-en-2025\/#primaryimage"},"thumbnailUrl":"https:\/\/www.eldiario.net\/portal\/wp-content\/uploads\/2025\/01\/2-B-3.jpg","articleSection":["Ciencia y Computaci\u00f3n"],"inLanguage":"es"},{"@type":"WebPage","@id":"https:\/\/www.eldiario.net\/portal\/2025\/01\/27\/acer-actualiza-su-linea-de-escooters-en-2025\/","url":"https:\/\/www.eldiario.net\/portal\/2025\/01\/27\/acer-actualiza-su-linea-de-escooters-en-2025\/","name":"Acer actualiza su l\u00ednea de eScooters en 2025 - El Diario - Bolivia","isPartOf":{"@id":"https:\/\/www.eldiario.net\/portal\/#website"},"primaryImageOfPage":{"@id":"https:\/\/www.eldiario.net\/portal\/2025\/01\/27\/acer-actualiza-su-linea-de-escooters-en-2025\/#primaryimage"},"image":{"@id":"https:\/\/www.eldiario.net\/portal\/2025\/01\/27\/acer-actualiza-su-linea-de-escooters-en-2025\/#primaryimage"},"thumbnailUrl":"https:\/\/www.eldiario.net\/portal\/wp-content\/uploads\/2025\/01\/2-B-3.jpg","datePublished":"2025-01-27T10:31:43+00:00","breadcrumb":{"@id":"https:\/\/www.eldiario.net\/portal\/2025\/01\/27\/acer-actualiza-su-linea-de-escooters-en-2025\/#breadcrumb"},"inLanguage":"es","potentialAction":[{"@type":"ReadAction","target":["https:\/\/www.eldiario.net\/portal\/2025\/01\/27\/acer-actualiza-su-linea-de-escooters-en-2025\/"]}]},{"@type":"ImageObject","inLanguage":"es","@id":"https:\/\/www.eldiario.net\/portal\/2025\/01\/27\/acer-actualiza-su-linea-de-escooters-en-2025\/#primaryimage","url":"https:\/\/www.eldiario.net\/portal\/wp-content\/uploads\/2025\/01\/2-B-3.jpg","contentUrl":"https:\/\/www.eldiario.net\/portal\/wp-content\/uploads\/2025\/01\/2-B-3.jpg","width":660,"height":375},{"@type":"BreadcrumbList","@id":"https:\/\/www.eldiario.net\/portal\/2025\/01\/27\/acer-actualiza-su-linea-de-escooters-en-2025\/#breadcrumb","itemListElement":[{"@type":"ListItem","position":1,"name":"Portada","item":"https:\/\/www.eldiario.net\/portal\/"},{"@type":"ListItem","position":2,"name":"Acer actualiza su l\u00ednea de eScooters en 2025"}]},{"@type":"WebSite","@id":"https:\/\/www.eldiario.net\/portal\/#website","url":"https:\/\/www.eldiario.net\/portal\/","name":"El Diario - Decano de la prensa nacional","description":"El Diario - Decano de la prensa nacional","publisher":{"@id":"https:\/\/www.eldiario.net\/portal\/#organization"},"potentialAction":[{"@type":"SearchAction","target":{"@type":"EntryPoint","urlTemplate":"https:\/\/www.eldiario.net\/portal\/?s={search_term_string}"},"query-input":{"@type":"PropertyValueSpecification","valueRequired":true,"valueName":"search_term_string"}}],"inLanguage":"es"},{"@type":"Organization","@id":"https:\/\/www.eldiario.net\/portal\/#organization","name":"El Diario - Decano de la prensa nacional","url":"https:\/\/www.eldiario.net\/portal\/","logo":{"@type":"ImageObject","inLanguage":"es","@id":"https:\/\/www.eldiario.net\/portal\/#\/schema\/logo\/image\/","url":"https:\/\/www.eldiario.net\/portal\/wp-content\/uploads\/2023\/07\/logo_ED.jpg","contentUrl":"https:\/\/www.eldiario.net\/portal\/wp-content\/uploads\/2023\/07\/logo_ED.jpg","width":272,"height":52,"caption":"El Diario - Decano de la prensa nacional"},"image":{"@id":"https:\/\/www.eldiario.net\/portal\/#\/schema\/logo\/image\/"},"sameAs":["https:\/\/www.facebook.com\/eldiario.bolivia\/","https:\/\/x.com\/eldiario_net"]},{"@type":"Person","@id":"https:\/\/www.eldiario.net\/portal\/#\/schema\/person\/f46445640444750d7d753ccd04ae01b7","name":"Jeanette","image":{"@type":"ImageObject","inLanguage":"es","@id":"https:\/\/secure.gravatar.com\/avatar\/3ea2118a5f7dad2b7138b1187a6b7ee55f160b9968b66013c3a3ef39dd7e5798?s=96&d=mm&r=g","url":"https:\/\/secure.gravatar.com\/avatar\/3ea2118a5f7dad2b7138b1187a6b7ee55f160b9968b66013c3a3ef39dd7e5798?s=96&d=mm&r=g","contentUrl":"https:\/\/secure.gravatar.com\/avatar\/3ea2118a5f7dad2b7138b1187a6b7ee55f160b9968b66013c3a3ef39dd7e5798?s=96&d=mm&r=g","caption":"Jeanette"},"sameAs":["https:\/\/www.eldiario.net\/portal"],"url":"https:\/\/www.eldiario.net\/portal\/author\/jeanette\/"}]}},"_links":{"self":[{"href":"https:\/\/www.eldiario.net\/portal\/wp-json\/wp\/v2\/posts\/277566","targetHints":{"allow":["GET"]}}],"collection":[{"href":"https:\/\/www.eldiario.net\/portal\/wp-json\/wp\/v2\/posts"}],"about":[{"href":"https:\/\/www.eldiario.net\/portal\/wp-json\/wp\/v2\/types\/post"}],"author":[{"embeddable":true,"href":"https:\/\/www.eldiario.net\/portal\/wp-json\/wp\/v2\/users\/1"}],"replies":[{"embeddable":true,"href":"https:\/\/www.eldiario.net\/portal\/wp-json\/wp\/v2\/comments?post=277566"}],"version-history":[{"count":1,"href":"https:\/\/www.eldiario.net\/portal\/wp-json\/wp\/v2\/posts\/277566\/revisions"}],"predecessor-version":[{"id":277568,"href":"https:\/\/www.eldiario.net\/portal\/wp-json\/wp\/v2\/posts\/277566\/revisions\/277568"}],"wp:featuredmedia":[{"embeddable":true,"href":"https:\/\/www.eldiario.net\/portal\/wp-json\/wp\/v2\/media\/277567"}],"wp:attachment":[{"href":"https:\/\/www.eldiario.net\/portal\/wp-json\/wp\/v2\/media?parent=277566"}],"wp:term":[{"taxonomy":"category","embeddable":true,"href":"https:\/\/www.eldiario.net\/portal\/wp-json\/wp\/v2\/categories?post=277566"},{"taxonomy":"post_tag","embeddable":true,"href":"https:\/\/www.eldiario.net\/portal\/wp-json\/wp\/v2\/tags?post=277566"}],"curies":[{"name":"wp","href":"https:\/\/api.w.org\/{rel}","templated":true}]}}