{"id":277560,"date":"2025-01-27T06:30:49","date_gmt":"2025-01-27T10:30:49","guid":{"rendered":"https:\/\/www.eldiario.net\/portal\/?p=277560"},"modified":"2025-01-27T06:30:49","modified_gmt":"2025-01-27T10:30:49","slug":"como-optimizar-tu-perfil-de-instagram-tras-el-cambio-de-formato-de-fotos","status":"publish","type":"post","link":"https:\/\/www.eldiario.net\/portal\/2025\/01\/27\/como-optimizar-tu-perfil-de-instagram-tras-el-cambio-de-formato-de-fotos\/","title":{"rendered":"C\u00f3mo optimizar tu perfil de Instagram tras el cambio de formato de fotos"},"content":{"rendered":"<p>La reciente actualizaci\u00f3n de Instagram ha generado un gran revuelo entre los usuarios, introduciendo varias novedades, algunas m\u00e1s bien recibidas que otras. Uno de los cambios m\u00e1s significativos es la transformaci\u00f3n en la visualizaci\u00f3n de las miniaturas de las fotos en los perfiles de usuario. Anteriormente, estas miniaturas eran cuadradas; ahora, con el nuevo formato rectangular, las reacciones han sido variadas, tanto positivas como negativas. Por eso, hemos decidido ofrecerte una gu\u00eda sobre c\u00f3mo optimizar tu perfil de Instagram ahora que se han eliminado las fotos cuadradas. Aunque no podr\u00e1s regresar al formato cuadrado, s\u00ed podr\u00e1s ajustar la vista previa de las im\u00e1genes en tu feed. A continuaci\u00f3n, te mostramos c\u00f3mo hacerlo.<\/p>\n<p>Instagram ha experimentado una actualizaci\u00f3n importante que afecta la manera en que se presentan fotos, videos y publicaciones en el perfil del usuario. Antes, el formato era 1:1, con una resoluci\u00f3n de 1.080 x 1.080 p\u00edxeles. Con la nueva actualizaci\u00f3n, el formato ha cambiado a 4:5, con una resoluci\u00f3n de 1.080 x 1.350 p\u00edxeles. Esto no solo altera la apariencia de las miniaturas en el feed, sino que tambi\u00e9n puede desorganizar el perfil de aquellos que han estado publicando en el formato cuadrado tradicional.<\/p>\n<p>Afortunadamente, puedes optimizar tu perfil de Instagram a pesar del cambio en el formato. Como mencionamos antes, no es posible volver al formato cuadrado (salvo que regreses a una versi\u00f3n anterior de la aplicaci\u00f3n), pero s\u00ed puedes ajustar c\u00f3mo se visualizan tus fotos y videos. Solo sigue estos sencillos pasos:<\/p>\n<p><strong>Pasos para ajustar la vista previa de fotos en Instagram<\/strong><\/p>\n<p>1. <strong>Abre la aplicaci\u00f3n<\/strong>: Inicia Instagram y dir\u00edgete a tu perfil tocando el \u00edcono correspondiente en la esquina inferior derecha.<\/p>\n<p>2. <strong>Selecciona una foto<\/strong>: Abre cualquier foto y toca el icono de tres puntos horizontales en la esquina superior derecha. Esto abrir\u00e1 un men\u00fa con varias opciones.<\/p>\n<p>3. <strong>Ajustar vista previa<\/strong>: Selecciona la opci\u00f3n \u00abAjustar vista previa\u00bb. Esta funci\u00f3n solo est\u00e1 disponible en la versi\u00f3n m\u00e1s reciente de la aplicaci\u00f3n, as\u00ed que aseg\u00farate de tenerla actualizada.<\/p>\n<p>4. <strong>Modifica la vista previa<\/strong>: Toca el bot\u00f3n \u00abAjustar\u00bb. La foto mostrar\u00e1 marcos en funci\u00f3n de su orientaci\u00f3n (vertical u horizontal), apareciendo arriba y abajo o a los lados. Para cambiar el color de estos marcos, selecciona el bot\u00f3n \u00abFondo\u00bb y elige entre blanco o negro.<\/p>\n<p>5. <strong>Guarda los cambios<\/strong>: Finalmente, toca \u00abListo\u00bb en la esquina superior derecha para guardar tus ajustes.<\/p>\n<p>Recuerda que deber\u00e1s aplicar estos cambios a cada foto y video individualmente, ya que no se aplican de forma masiva a todas las publicaciones. Adem\u00e1s, puedes revertir cualquier ajuste en la vista previa siguiendo los mismos pasos anteriores.<\/p>\n","protected":false},"excerpt":{"rendered":"<p>La reciente actualizaci\u00f3n de Instagram ha generado un gran revuelo entre los usuarios, introduciendo varias novedades, algunas m\u00e1s bien recibidas que otras. Uno de los cambios m\u00e1s significativos es la transformaci\u00f3n en la visualizaci\u00f3n de las miniaturas de las fotos en los perfiles de usuario. Anteriormente, estas miniaturas eran cuadradas; ahora, con el nuevo formato [&hellip;]<\/p>\n","protected":false},"author":1,"featured_media":277561,"comment_status":"closed","ping_status":"open","sticky":false,"template":"","format":"standard","meta":{"_acf_changed":false,"footnotes":""},"categories":[46],"tags":[],"class_list":["post-277560","post","type-post","status-publish","format-standard","has-post-thumbnail","category-ciencia-computacion"],"acf":{"antetitulo":""},"yoast_head":"<!-- This site is optimized with the Yoast SEO plugin v28.4 - https:\/\/yoast.com\/product\/yoast-seo-wordpress\/ -->\n<title>C\u00f3mo optimizar tu perfil de Instagram tras el cambio de formato de fotos - El Diario - Bolivia<\/title>\n<meta name=\"robots\" content=\"index, follow, max-snippet:-1, max-image-preview:large, max-video-preview:-1\" \/>\n<link rel=\"canonical\" href=\"https:\/\/www.eldiario.net\/portal\/2025\/01\/27\/como-optimizar-tu-perfil-de-instagram-tras-el-cambio-de-formato-de-fotos\/\" \/>\n<meta property=\"og:locale\" content=\"es_ES\" \/>\n<meta property=\"og:type\" content=\"article\" \/>\n<meta property=\"og:title\" content=\"C\u00f3mo optimizar tu perfil de Instagram tras el cambio de formato de fotos - El Diario - Bolivia\" \/>\n<meta property=\"og:description\" content=\"La reciente actualizaci\u00f3n de Instagram ha generado un gran revuelo entre los usuarios, introduciendo varias novedades, algunas m\u00e1s bien recibidas que otras. Uno de los cambios m\u00e1s significativos es la transformaci\u00f3n en la visualizaci\u00f3n de las miniaturas de las fotos en los perfiles de usuario. Anteriormente, estas miniaturas eran cuadradas; ahora, con el nuevo formato [&hellip;]\" \/>\n<meta property=\"og:url\" content=\"https:\/\/www.eldiario.net\/portal\/2025\/01\/27\/como-optimizar-tu-perfil-de-instagram-tras-el-cambio-de-formato-de-fotos\/\" \/>\n<meta property=\"og:site_name\" content=\"El Diario - Bolivia\" \/>\n<meta property=\"article:publisher\" content=\"https:\/\/www.facebook.com\/eldiario.bolivia\/\" \/>\n<meta property=\"article:published_time\" content=\"2025-01-27T10:30:49+00:00\" \/>\n<meta property=\"og:image\" content=\"https:\/\/www.eldiario.net\/portal\/wp-content\/uploads\/2025\/01\/3-A-2.jpg\" \/>\n\t<meta property=\"og:image:width\" content=\"828\" \/>\n\t<meta property=\"og:image:height\" content=\"552\" \/>\n\t<meta property=\"og:image:type\" content=\"image\/jpeg\" \/>\n<meta name=\"author\" content=\"Jeanette\" \/>\n<meta name=\"twitter:card\" content=\"summary_large_image\" \/>\n<meta name=\"twitter:creator\" content=\"@eldiario_net\" \/>\n<meta name=\"twitter:site\" content=\"@eldiario_net\" \/>\n<meta name=\"twitter:label1\" content=\"Escrito por\" \/>\n\t<meta name=\"twitter:data1\" content=\"Jeanette\" \/>\n\t<meta name=\"twitter:label2\" content=\"Tiempo de lectura\" \/>\n\t<meta name=\"twitter:data2\" content=\"3 minutos\" \/>\n<script type=\"application\/ld+json\" class=\"yoast-schema-graph\">{\"@context\":\"https:\\\/\\\/schema.org\",\"@graph\":[{\"@type\":\"Article\",\"@id\":\"https:\\\/\\\/www.eldiario.net\\\/portal\\\/2025\\\/01\\\/27\\\/como-optimizar-tu-perfil-de-instagram-tras-el-cambio-de-formato-de-fotos\\\/#article\",\"isPartOf\":{\"@id\":\"https:\\\/\\\/www.eldiario.net\\\/portal\\\/2025\\\/01\\\/27\\\/como-optimizar-tu-perfil-de-instagram-tras-el-cambio-de-formato-de-fotos\\\/\"},\"author\":{\"name\":\"Jeanette\",\"@id\":\"https:\\\/\\\/www.eldiario.net\\\/portal\\\/#\\\/schema\\\/person\\\/f46445640444750d7d753ccd04ae01b7\"},\"headline\":\"C\u00f3mo optimizar tu perfil de Instagram tras el cambio de formato de fotos\",\"datePublished\":\"2025-01-27T10:30:49+00:00\",\"mainEntityOfPage\":{\"@id\":\"https:\\\/\\\/www.eldiario.net\\\/portal\\\/2025\\\/01\\\/27\\\/como-optimizar-tu-perfil-de-instagram-tras-el-cambio-de-formato-de-fotos\\\/\"},\"wordCount\":471,\"publisher\":{\"@id\":\"https:\\\/\\\/www.eldiario.net\\\/portal\\\/#organization\"},\"image\":{\"@id\":\"https:\\\/\\\/www.eldiario.net\\\/portal\\\/2025\\\/01\\\/27\\\/como-optimizar-tu-perfil-de-instagram-tras-el-cambio-de-formato-de-fotos\\\/#primaryimage\"},\"thumbnailUrl\":\"https:\\\/\\\/www.eldiario.net\\\/portal\\\/wp-content\\\/uploads\\\/2025\\\/01\\\/3-A-2.jpg\",\"articleSection\":[\"Ciencia y Computaci\u00f3n\"],\"inLanguage\":\"es\"},{\"@type\":\"WebPage\",\"@id\":\"https:\\\/\\\/www.eldiario.net\\\/portal\\\/2025\\\/01\\\/27\\\/como-optimizar-tu-perfil-de-instagram-tras-el-cambio-de-formato-de-fotos\\\/\",\"url\":\"https:\\\/\\\/www.eldiario.net\\\/portal\\\/2025\\\/01\\\/27\\\/como-optimizar-tu-perfil-de-instagram-tras-el-cambio-de-formato-de-fotos\\\/\",\"name\":\"C\u00f3mo optimizar tu perfil de Instagram tras el cambio de formato de fotos - El Diario - Bolivia\",\"isPartOf\":{\"@id\":\"https:\\\/\\\/www.eldiario.net\\\/portal\\\/#website\"},\"primaryImageOfPage\":{\"@id\":\"https:\\\/\\\/www.eldiario.net\\\/portal\\\/2025\\\/01\\\/27\\\/como-optimizar-tu-perfil-de-instagram-tras-el-cambio-de-formato-de-fotos\\\/#primaryimage\"},\"image\":{\"@id\":\"https:\\\/\\\/www.eldiario.net\\\/portal\\\/2025\\\/01\\\/27\\\/como-optimizar-tu-perfil-de-instagram-tras-el-cambio-de-formato-de-fotos\\\/#primaryimage\"},\"thumbnailUrl\":\"https:\\\/\\\/www.eldiario.net\\\/portal\\\/wp-content\\\/uploads\\\/2025\\\/01\\\/3-A-2.jpg\",\"datePublished\":\"2025-01-27T10:30:49+00:00\",\"breadcrumb\":{\"@id\":\"https:\\\/\\\/www.eldiario.net\\\/portal\\\/2025\\\/01\\\/27\\\/como-optimizar-tu-perfil-de-instagram-tras-el-cambio-de-formato-de-fotos\\\/#breadcrumb\"},\"inLanguage\":\"es\",\"potentialAction\":[{\"@type\":\"ReadAction\",\"target\":[\"https:\\\/\\\/www.eldiario.net\\\/portal\\\/2025\\\/01\\\/27\\\/como-optimizar-tu-perfil-de-instagram-tras-el-cambio-de-formato-de-fotos\\\/\"]}]},{\"@type\":\"ImageObject\",\"inLanguage\":\"es\",\"@id\":\"https:\\\/\\\/www.eldiario.net\\\/portal\\\/2025\\\/01\\\/27\\\/como-optimizar-tu-perfil-de-instagram-tras-el-cambio-de-formato-de-fotos\\\/#primaryimage\",\"url\":\"https:\\\/\\\/www.eldiario.net\\\/portal\\\/wp-content\\\/uploads\\\/2025\\\/01\\\/3-A-2.jpg\",\"contentUrl\":\"https:\\\/\\\/www.eldiario.net\\\/portal\\\/wp-content\\\/uploads\\\/2025\\\/01\\\/3-A-2.jpg\",\"width\":828,\"height\":552},{\"@type\":\"BreadcrumbList\",\"@id\":\"https:\\\/\\\/www.eldiario.net\\\/portal\\\/2025\\\/01\\\/27\\\/como-optimizar-tu-perfil-de-instagram-tras-el-cambio-de-formato-de-fotos\\\/#breadcrumb\",\"itemListElement\":[{\"@type\":\"ListItem\",\"position\":1,\"name\":\"Portada\",\"item\":\"https:\\\/\\\/www.eldiario.net\\\/portal\\\/\"},{\"@type\":\"ListItem\",\"position\":2,\"name\":\"C\u00f3mo optimizar tu perfil de Instagram tras el cambio de formato de fotos\"}]},{\"@type\":\"WebSite\",\"@id\":\"https:\\\/\\\/www.eldiario.net\\\/portal\\\/#website\",\"url\":\"https:\\\/\\\/www.eldiario.net\\\/portal\\\/\",\"name\":\"El Diario - Decano de la prensa nacional\",\"description\":\"El Diario - Decano de la prensa nacional\",\"publisher\":{\"@id\":\"https:\\\/\\\/www.eldiario.net\\\/portal\\\/#organization\"},\"potentialAction\":[{\"@type\":\"SearchAction\",\"target\":{\"@type\":\"EntryPoint\",\"urlTemplate\":\"https:\\\/\\\/www.eldiario.net\\\/portal\\\/?s={search_term_string}\"},\"query-input\":{\"@type\":\"PropertyValueSpecification\",\"valueRequired\":true,\"valueName\":\"search_term_string\"}}],\"inLanguage\":\"es\"},{\"@type\":\"Organization\",\"@id\":\"https:\\\/\\\/www.eldiario.net\\\/portal\\\/#organization\",\"name\":\"El Diario - Decano de la prensa nacional\",\"url\":\"https:\\\/\\\/www.eldiario.net\\\/portal\\\/\",\"logo\":{\"@type\":\"ImageObject\",\"inLanguage\":\"es\",\"@id\":\"https:\\\/\\\/www.eldiario.net\\\/portal\\\/#\\\/schema\\\/logo\\\/image\\\/\",\"url\":\"https:\\\/\\\/www.eldiario.net\\\/portal\\\/wp-content\\\/uploads\\\/2023\\\/07\\\/logo_ED.jpg\",\"contentUrl\":\"https:\\\/\\\/www.eldiario.net\\\/portal\\\/wp-content\\\/uploads\\\/2023\\\/07\\\/logo_ED.jpg\",\"width\":272,\"height\":52,\"caption\":\"El Diario - Decano de la prensa nacional\"},\"image\":{\"@id\":\"https:\\\/\\\/www.eldiario.net\\\/portal\\\/#\\\/schema\\\/logo\\\/image\\\/\"},\"sameAs\":[\"https:\\\/\\\/www.facebook.com\\\/eldiario.bolivia\\\/\",\"https:\\\/\\\/x.com\\\/eldiario_net\"]},{\"@type\":\"Person\",\"@id\":\"https:\\\/\\\/www.eldiario.net\\\/portal\\\/#\\\/schema\\\/person\\\/f46445640444750d7d753ccd04ae01b7\",\"name\":\"Jeanette\",\"image\":{\"@type\":\"ImageObject\",\"inLanguage\":\"es\",\"@id\":\"https:\\\/\\\/secure.gravatar.com\\\/avatar\\\/3ea2118a5f7dad2b7138b1187a6b7ee55f160b9968b66013c3a3ef39dd7e5798?s=96&d=mm&r=g\",\"url\":\"https:\\\/\\\/secure.gravatar.com\\\/avatar\\\/3ea2118a5f7dad2b7138b1187a6b7ee55f160b9968b66013c3a3ef39dd7e5798?s=96&d=mm&r=g\",\"contentUrl\":\"https:\\\/\\\/secure.gravatar.com\\\/avatar\\\/3ea2118a5f7dad2b7138b1187a6b7ee55f160b9968b66013c3a3ef39dd7e5798?s=96&d=mm&r=g\",\"caption\":\"Jeanette\"},\"sameAs\":[\"https:\\\/\\\/www.eldiario.net\\\/portal\"],\"url\":\"https:\\\/\\\/www.eldiario.net\\\/portal\\\/author\\\/jeanette\\\/\"}]}<\/script>\n<!-- \/ Yoast SEO plugin. -->","yoast_head_json":{"title":"C\u00f3mo optimizar tu perfil de Instagram tras el cambio de formato de fotos - El Diario - Bolivia","robots":{"index":"index","follow":"follow","max-snippet":"max-snippet:-1","max-image-preview":"max-image-preview:large","max-video-preview":"max-video-preview:-1"},"canonical":"https:\/\/www.eldiario.net\/portal\/2025\/01\/27\/como-optimizar-tu-perfil-de-instagram-tras-el-cambio-de-formato-de-fotos\/","og_locale":"es_ES","og_type":"article","og_title":"C\u00f3mo optimizar tu perfil de Instagram tras el cambio de formato de fotos - El Diario - Bolivia","og_description":"La reciente actualizaci\u00f3n de Instagram ha generado un gran revuelo entre los usuarios, introduciendo varias novedades, algunas m\u00e1s bien recibidas que otras. Uno de los cambios m\u00e1s significativos es la transformaci\u00f3n en la visualizaci\u00f3n de las miniaturas de las fotos en los perfiles de usuario. Anteriormente, estas miniaturas eran cuadradas; ahora, con el nuevo formato [&hellip;]","og_url":"https:\/\/www.eldiario.net\/portal\/2025\/01\/27\/como-optimizar-tu-perfil-de-instagram-tras-el-cambio-de-formato-de-fotos\/","og_site_name":"El Diario - Bolivia","article_publisher":"https:\/\/www.facebook.com\/eldiario.bolivia\/","article_published_time":"2025-01-27T10:30:49+00:00","og_image":[{"width":828,"height":552,"url":"https:\/\/www.eldiario.net\/portal\/wp-content\/uploads\/2025\/01\/3-A-2.jpg","type":"image\/jpeg"}],"author":"Jeanette","twitter_card":"summary_large_image","twitter_creator":"@eldiario_net","twitter_site":"@eldiario_net","twitter_misc":{"Escrito por":"Jeanette","Tiempo de lectura":"3 minutos"},"schema":{"@context":"https:\/\/schema.org","@graph":[{"@type":"Article","@id":"https:\/\/www.eldiario.net\/portal\/2025\/01\/27\/como-optimizar-tu-perfil-de-instagram-tras-el-cambio-de-formato-de-fotos\/#article","isPartOf":{"@id":"https:\/\/www.eldiario.net\/portal\/2025\/01\/27\/como-optimizar-tu-perfil-de-instagram-tras-el-cambio-de-formato-de-fotos\/"},"author":{"name":"Jeanette","@id":"https:\/\/www.eldiario.net\/portal\/#\/schema\/person\/f46445640444750d7d753ccd04ae01b7"},"headline":"C\u00f3mo optimizar tu perfil de Instagram tras el cambio de formato de fotos","datePublished":"2025-01-27T10:30:49+00:00","mainEntityOfPage":{"@id":"https:\/\/www.eldiario.net\/portal\/2025\/01\/27\/como-optimizar-tu-perfil-de-instagram-tras-el-cambio-de-formato-de-fotos\/"},"wordCount":471,"publisher":{"@id":"https:\/\/www.eldiario.net\/portal\/#organization"},"image":{"@id":"https:\/\/www.eldiario.net\/portal\/2025\/01\/27\/como-optimizar-tu-perfil-de-instagram-tras-el-cambio-de-formato-de-fotos\/#primaryimage"},"thumbnailUrl":"https:\/\/www.eldiario.net\/portal\/wp-content\/uploads\/2025\/01\/3-A-2.jpg","articleSection":["Ciencia y Computaci\u00f3n"],"inLanguage":"es"},{"@type":"WebPage","@id":"https:\/\/www.eldiario.net\/portal\/2025\/01\/27\/como-optimizar-tu-perfil-de-instagram-tras-el-cambio-de-formato-de-fotos\/","url":"https:\/\/www.eldiario.net\/portal\/2025\/01\/27\/como-optimizar-tu-perfil-de-instagram-tras-el-cambio-de-formato-de-fotos\/","name":"C\u00f3mo optimizar tu perfil de Instagram tras el cambio de formato de fotos - El Diario - Bolivia","isPartOf":{"@id":"https:\/\/www.eldiario.net\/portal\/#website"},"primaryImageOfPage":{"@id":"https:\/\/www.eldiario.net\/portal\/2025\/01\/27\/como-optimizar-tu-perfil-de-instagram-tras-el-cambio-de-formato-de-fotos\/#primaryimage"},"image":{"@id":"https:\/\/www.eldiario.net\/portal\/2025\/01\/27\/como-optimizar-tu-perfil-de-instagram-tras-el-cambio-de-formato-de-fotos\/#primaryimage"},"thumbnailUrl":"https:\/\/www.eldiario.net\/portal\/wp-content\/uploads\/2025\/01\/3-A-2.jpg","datePublished":"2025-01-27T10:30:49+00:00","breadcrumb":{"@id":"https:\/\/www.eldiario.net\/portal\/2025\/01\/27\/como-optimizar-tu-perfil-de-instagram-tras-el-cambio-de-formato-de-fotos\/#breadcrumb"},"inLanguage":"es","potentialAction":[{"@type":"ReadAction","target":["https:\/\/www.eldiario.net\/portal\/2025\/01\/27\/como-optimizar-tu-perfil-de-instagram-tras-el-cambio-de-formato-de-fotos\/"]}]},{"@type":"ImageObject","inLanguage":"es","@id":"https:\/\/www.eldiario.net\/portal\/2025\/01\/27\/como-optimizar-tu-perfil-de-instagram-tras-el-cambio-de-formato-de-fotos\/#primaryimage","url":"https:\/\/www.eldiario.net\/portal\/wp-content\/uploads\/2025\/01\/3-A-2.jpg","contentUrl":"https:\/\/www.eldiario.net\/portal\/wp-content\/uploads\/2025\/01\/3-A-2.jpg","width":828,"height":552},{"@type":"BreadcrumbList","@id":"https:\/\/www.eldiario.net\/portal\/2025\/01\/27\/como-optimizar-tu-perfil-de-instagram-tras-el-cambio-de-formato-de-fotos\/#breadcrumb","itemListElement":[{"@type":"ListItem","position":1,"name":"Portada","item":"https:\/\/www.eldiario.net\/portal\/"},{"@type":"ListItem","position":2,"name":"C\u00f3mo optimizar tu perfil de Instagram tras el cambio de formato de fotos"}]},{"@type":"WebSite","@id":"https:\/\/www.eldiario.net\/portal\/#website","url":"https:\/\/www.eldiario.net\/portal\/","name":"El Diario - Decano de la prensa nacional","description":"El Diario - Decano de la prensa nacional","publisher":{"@id":"https:\/\/www.eldiario.net\/portal\/#organization"},"potentialAction":[{"@type":"SearchAction","target":{"@type":"EntryPoint","urlTemplate":"https:\/\/www.eldiario.net\/portal\/?s={search_term_string}"},"query-input":{"@type":"PropertyValueSpecification","valueRequired":true,"valueName":"search_term_string"}}],"inLanguage":"es"},{"@type":"Organization","@id":"https:\/\/www.eldiario.net\/portal\/#organization","name":"El Diario - Decano de la prensa nacional","url":"https:\/\/www.eldiario.net\/portal\/","logo":{"@type":"ImageObject","inLanguage":"es","@id":"https:\/\/www.eldiario.net\/portal\/#\/schema\/logo\/image\/","url":"https:\/\/www.eldiario.net\/portal\/wp-content\/uploads\/2023\/07\/logo_ED.jpg","contentUrl":"https:\/\/www.eldiario.net\/portal\/wp-content\/uploads\/2023\/07\/logo_ED.jpg","width":272,"height":52,"caption":"El Diario - Decano de la prensa nacional"},"image":{"@id":"https:\/\/www.eldiario.net\/portal\/#\/schema\/logo\/image\/"},"sameAs":["https:\/\/www.facebook.com\/eldiario.bolivia\/","https:\/\/x.com\/eldiario_net"]},{"@type":"Person","@id":"https:\/\/www.eldiario.net\/portal\/#\/schema\/person\/f46445640444750d7d753ccd04ae01b7","name":"Jeanette","image":{"@type":"ImageObject","inLanguage":"es","@id":"https:\/\/secure.gravatar.com\/avatar\/3ea2118a5f7dad2b7138b1187a6b7ee55f160b9968b66013c3a3ef39dd7e5798?s=96&d=mm&r=g","url":"https:\/\/secure.gravatar.com\/avatar\/3ea2118a5f7dad2b7138b1187a6b7ee55f160b9968b66013c3a3ef39dd7e5798?s=96&d=mm&r=g","contentUrl":"https:\/\/secure.gravatar.com\/avatar\/3ea2118a5f7dad2b7138b1187a6b7ee55f160b9968b66013c3a3ef39dd7e5798?s=96&d=mm&r=g","caption":"Jeanette"},"sameAs":["https:\/\/www.eldiario.net\/portal"],"url":"https:\/\/www.eldiario.net\/portal\/author\/jeanette\/"}]}},"_links":{"self":[{"href":"https:\/\/www.eldiario.net\/portal\/wp-json\/wp\/v2\/posts\/277560","targetHints":{"allow":["GET"]}}],"collection":[{"href":"https:\/\/www.eldiario.net\/portal\/wp-json\/wp\/v2\/posts"}],"about":[{"href":"https:\/\/www.eldiario.net\/portal\/wp-json\/wp\/v2\/types\/post"}],"author":[{"embeddable":true,"href":"https:\/\/www.eldiario.net\/portal\/wp-json\/wp\/v2\/users\/1"}],"replies":[{"embeddable":true,"href":"https:\/\/www.eldiario.net\/portal\/wp-json\/wp\/v2\/comments?post=277560"}],"version-history":[{"count":1,"href":"https:\/\/www.eldiario.net\/portal\/wp-json\/wp\/v2\/posts\/277560\/revisions"}],"predecessor-version":[{"id":277562,"href":"https:\/\/www.eldiario.net\/portal\/wp-json\/wp\/v2\/posts\/277560\/revisions\/277562"}],"wp:featuredmedia":[{"embeddable":true,"href":"https:\/\/www.eldiario.net\/portal\/wp-json\/wp\/v2\/media\/277561"}],"wp:attachment":[{"href":"https:\/\/www.eldiario.net\/portal\/wp-json\/wp\/v2\/media?parent=277560"}],"wp:term":[{"taxonomy":"category","embeddable":true,"href":"https:\/\/www.eldiario.net\/portal\/wp-json\/wp\/v2\/categories?post=277560"},{"taxonomy":"post_tag","embeddable":true,"href":"https:\/\/www.eldiario.net\/portal\/wp-json\/wp\/v2\/tags?post=277560"}],"curies":[{"name":"wp","href":"https:\/\/api.w.org\/{rel}","templated":true}]}}