{"id":277551,"date":"2025-01-27T06:29:06","date_gmt":"2025-01-27T10:29:06","guid":{"rendered":"https:\/\/www.eldiario.net\/portal\/?p=277551"},"modified":"2025-01-27T06:29:06","modified_gmt":"2025-01-27T10:29:06","slug":"iphone-17-la-innovacion-clave-que-apple-introducira-en-sus-smartphones-de-2025","status":"publish","type":"post","link":"https:\/\/www.eldiario.net\/portal\/2025\/01\/27\/iphone-17-la-innovacion-clave-que-apple-introducira-en-sus-smartphones-de-2025\/","title":{"rendered":"iPhone 17: la innovaci\u00f3n clave que Apple introducir\u00e1 en sus Smartphones de 2025"},"content":{"rendered":"<p>Apple est\u00e1 a punto de seguir los pasos de algunos de sus competidores al implementar un sistema de refrigeraci\u00f3n por vapor en sus nuevos smartphones. \u00bfC\u00f3mo funciona esta tecnolog\u00eda y cu\u00e1les son sus beneficios?<\/p>\n<p>Se anticipa que Apple lanzar\u00e1 cinco modelos de smartphones este a\u00f1o. Tras el anuncio de un modelo econ\u00f3mico en marzo, se espera que en septiembre presente cuatro dispositivos de la serie iPhone 17, incluido el esperado modelo ultradelgado.<\/p>\n<p>Recientes informes sugieren que todos los modelos de la serie iPhone 17 estar\u00e1n equipados con un innovador sistema de refrigeraci\u00f3n, inspirado en tecnolog\u00edas utilizadas por otros fabricantes en el sector m\u00f3vil. \u00bfQu\u00e9 ventajas traer\u00e1 esta mejora?<\/p>\n<p><strong>iPhone 17: Rumores sobre su sistema de refrigeraci\u00f3n<\/strong><\/p>\n<p>Seg\u00fan un informe de MyDrivers, los iPhone de 2025 incorporar\u00e1n un sistema de refrigeraci\u00f3n por c\u00e1mara de vapor en todos sus modelos, lo que coincide con las especulaciones sobre la gama insignia de Apple, que incluir\u00eda:<\/p>\n<p>\u2022 iPhone 17 est\u00e1ndar<\/p>\n<p>\u2022 iPhone 17 Pro<\/p>\n<p>\u2022 iPhone 17 Pro Max<\/p>\n<p>\u2022 iPhone 17 Air (la versi\u00f3n ultradelgada)<\/p>\n<p>El analista Ming-Chi Kuo hab\u00eda mencionado anteriormente que Apple estaba probando este sistema espec\u00edficamente para el iPhone 17 Pro Max, el modelo m\u00e1s grande y avanzado de la serie.<\/p>\n<p><strong>Refrigeraci\u00f3n por c\u00e1mara de vapor<\/strong><\/p>\n<p>Este sistema se basa en un l\u00edquido sellado en un recipiente que, al calentarse, se transforma en vapor y disipa el calor hacia \u00e1reas donde las altas temperaturas no representan un riesgo. Una vez que el vapor se enfr\u00eda, regresa a su estado l\u00edquido, listo para repetir el ciclo.<\/p>\n<p>Es importante destacar que esta no es una tecnolog\u00eda exclusiva de Apple; otros fabricantes, especialmente aquellos que producen tel\u00e9fonos para gamers como Asus y Razer, ya utilizan sistemas similares.<\/p>\n<p>El control adecuado de la temperatura en los smartphones es esencial. El sobrecalentamiento puede causar problemas como un rendimiento acelerado del procesador, ralentizaciones, degradaci\u00f3n de la bater\u00eda e incluso fallos en el dispositivo.<\/p>\n<p>Entre las principales ventajas del sistema de refrigeraci\u00f3n por c\u00e1mara de vapor se encuentra su dise\u00f1o compacto, ya que no requiere ventiladores ni otros mecanismos para disipar el calor. Con la creciente demanda de funciones de inteligencia artificial en los smartphones, la necesidad de un enfriamiento eficiente se vuelve cada vez m\u00e1s crucial para mantener un rendimiento \u00f3ptimo.<\/p>\n","protected":false},"excerpt":{"rendered":"<p>Apple est\u00e1 a punto de seguir los pasos de algunos de sus competidores al implementar un sistema de refrigeraci\u00f3n por vapor en sus nuevos smartphones. \u00bfC\u00f3mo funciona esta tecnolog\u00eda y cu\u00e1les son sus beneficios? Se anticipa que Apple lanzar\u00e1 cinco modelos de smartphones este a\u00f1o. Tras el anuncio de un modelo econ\u00f3mico en marzo, se [&hellip;]<\/p>\n","protected":false},"author":1,"featured_media":277552,"comment_status":"closed","ping_status":"open","sticky":false,"template":"","format":"standard","meta":{"_acf_changed":false,"footnotes":""},"categories":[46],"tags":[],"class_list":["post-277551","post","type-post","status-publish","format-standard","has-post-thumbnail","category-ciencia-computacion"],"acf":{"antetitulo":""},"yoast_head":"<!-- This site is optimized with the Yoast SEO plugin v28.4 - https:\/\/yoast.com\/product\/yoast-seo-wordpress\/ -->\n<title>iPhone 17: la innovaci\u00f3n clave que Apple introducir\u00e1 en sus Smartphones de 2025 - El Diario - Bolivia<\/title>\n<meta name=\"robots\" content=\"index, follow, max-snippet:-1, max-image-preview:large, max-video-preview:-1\" \/>\n<link rel=\"canonical\" href=\"https:\/\/www.eldiario.net\/portal\/2025\/01\/27\/iphone-17-la-innovacion-clave-que-apple-introducira-en-sus-smartphones-de-2025\/\" \/>\n<meta property=\"og:locale\" content=\"es_ES\" \/>\n<meta property=\"og:type\" content=\"article\" \/>\n<meta property=\"og:title\" content=\"iPhone 17: la innovaci\u00f3n clave que Apple introducir\u00e1 en sus Smartphones de 2025 - El Diario - Bolivia\" \/>\n<meta property=\"og:description\" content=\"Apple est\u00e1 a punto de seguir los pasos de algunos de sus competidores al implementar un sistema de refrigeraci\u00f3n por vapor en sus nuevos smartphones. \u00bfC\u00f3mo funciona esta tecnolog\u00eda y cu\u00e1les son sus beneficios? Se anticipa que Apple lanzar\u00e1 cinco modelos de smartphones este a\u00f1o. Tras el anuncio de un modelo econ\u00f3mico en marzo, se [&hellip;]\" \/>\n<meta property=\"og:url\" content=\"https:\/\/www.eldiario.net\/portal\/2025\/01\/27\/iphone-17-la-innovacion-clave-que-apple-introducira-en-sus-smartphones-de-2025\/\" \/>\n<meta property=\"og:site_name\" content=\"El Diario - Bolivia\" \/>\n<meta property=\"article:publisher\" content=\"https:\/\/www.facebook.com\/eldiario.bolivia\/\" \/>\n<meta property=\"article:published_time\" content=\"2025-01-27T10:29:06+00:00\" \/>\n<meta property=\"og:image\" content=\"https:\/\/www.eldiario.net\/portal\/wp-content\/uploads\/2025\/01\/5-A-1.jpg\" \/>\n\t<meta property=\"og:image:width\" content=\"995\" \/>\n\t<meta property=\"og:image:height\" content=\"560\" \/>\n\t<meta property=\"og:image:type\" content=\"image\/jpeg\" \/>\n<meta name=\"author\" content=\"Jeanette\" \/>\n<meta name=\"twitter:card\" content=\"summary_large_image\" \/>\n<meta name=\"twitter:creator\" content=\"@eldiario_net\" \/>\n<meta name=\"twitter:site\" content=\"@eldiario_net\" \/>\n<meta name=\"twitter:label1\" content=\"Escrito por\" \/>\n\t<meta name=\"twitter:data1\" content=\"Jeanette\" \/>\n\t<meta name=\"twitter:label2\" content=\"Tiempo de lectura\" \/>\n\t<meta name=\"twitter:data2\" content=\"2 minutos\" \/>\n<script type=\"application\/ld+json\" class=\"yoast-schema-graph\">{\"@context\":\"https:\\\/\\\/schema.org\",\"@graph\":[{\"@type\":\"Article\",\"@id\":\"https:\\\/\\\/www.eldiario.net\\\/portal\\\/2025\\\/01\\\/27\\\/iphone-17-la-innovacion-clave-que-apple-introducira-en-sus-smartphones-de-2025\\\/#article\",\"isPartOf\":{\"@id\":\"https:\\\/\\\/www.eldiario.net\\\/portal\\\/2025\\\/01\\\/27\\\/iphone-17-la-innovacion-clave-que-apple-introducira-en-sus-smartphones-de-2025\\\/\"},\"author\":{\"name\":\"Jeanette\",\"@id\":\"https:\\\/\\\/www.eldiario.net\\\/portal\\\/#\\\/schema\\\/person\\\/f46445640444750d7d753ccd04ae01b7\"},\"headline\":\"iPhone 17: la innovaci\u00f3n clave que Apple introducir\u00e1 en sus Smartphones de 2025\",\"datePublished\":\"2025-01-27T10:29:06+00:00\",\"mainEntityOfPage\":{\"@id\":\"https:\\\/\\\/www.eldiario.net\\\/portal\\\/2025\\\/01\\\/27\\\/iphone-17-la-innovacion-clave-que-apple-introducira-en-sus-smartphones-de-2025\\\/\"},\"wordCount\":408,\"publisher\":{\"@id\":\"https:\\\/\\\/www.eldiario.net\\\/portal\\\/#organization\"},\"image\":{\"@id\":\"https:\\\/\\\/www.eldiario.net\\\/portal\\\/2025\\\/01\\\/27\\\/iphone-17-la-innovacion-clave-que-apple-introducira-en-sus-smartphones-de-2025\\\/#primaryimage\"},\"thumbnailUrl\":\"https:\\\/\\\/www.eldiario.net\\\/portal\\\/wp-content\\\/uploads\\\/2025\\\/01\\\/5-A-1.jpg\",\"articleSection\":[\"Ciencia y Computaci\u00f3n\"],\"inLanguage\":\"es\"},{\"@type\":\"WebPage\",\"@id\":\"https:\\\/\\\/www.eldiario.net\\\/portal\\\/2025\\\/01\\\/27\\\/iphone-17-la-innovacion-clave-que-apple-introducira-en-sus-smartphones-de-2025\\\/\",\"url\":\"https:\\\/\\\/www.eldiario.net\\\/portal\\\/2025\\\/01\\\/27\\\/iphone-17-la-innovacion-clave-que-apple-introducira-en-sus-smartphones-de-2025\\\/\",\"name\":\"iPhone 17: la innovaci\u00f3n clave que Apple introducir\u00e1 en sus Smartphones de 2025 - El Diario - Bolivia\",\"isPartOf\":{\"@id\":\"https:\\\/\\\/www.eldiario.net\\\/portal\\\/#website\"},\"primaryImageOfPage\":{\"@id\":\"https:\\\/\\\/www.eldiario.net\\\/portal\\\/2025\\\/01\\\/27\\\/iphone-17-la-innovacion-clave-que-apple-introducira-en-sus-smartphones-de-2025\\\/#primaryimage\"},\"image\":{\"@id\":\"https:\\\/\\\/www.eldiario.net\\\/portal\\\/2025\\\/01\\\/27\\\/iphone-17-la-innovacion-clave-que-apple-introducira-en-sus-smartphones-de-2025\\\/#primaryimage\"},\"thumbnailUrl\":\"https:\\\/\\\/www.eldiario.net\\\/portal\\\/wp-content\\\/uploads\\\/2025\\\/01\\\/5-A-1.jpg\",\"datePublished\":\"2025-01-27T10:29:06+00:00\",\"breadcrumb\":{\"@id\":\"https:\\\/\\\/www.eldiario.net\\\/portal\\\/2025\\\/01\\\/27\\\/iphone-17-la-innovacion-clave-que-apple-introducira-en-sus-smartphones-de-2025\\\/#breadcrumb\"},\"inLanguage\":\"es\",\"potentialAction\":[{\"@type\":\"ReadAction\",\"target\":[\"https:\\\/\\\/www.eldiario.net\\\/portal\\\/2025\\\/01\\\/27\\\/iphone-17-la-innovacion-clave-que-apple-introducira-en-sus-smartphones-de-2025\\\/\"]}]},{\"@type\":\"ImageObject\",\"inLanguage\":\"es\",\"@id\":\"https:\\\/\\\/www.eldiario.net\\\/portal\\\/2025\\\/01\\\/27\\\/iphone-17-la-innovacion-clave-que-apple-introducira-en-sus-smartphones-de-2025\\\/#primaryimage\",\"url\":\"https:\\\/\\\/www.eldiario.net\\\/portal\\\/wp-content\\\/uploads\\\/2025\\\/01\\\/5-A-1.jpg\",\"contentUrl\":\"https:\\\/\\\/www.eldiario.net\\\/portal\\\/wp-content\\\/uploads\\\/2025\\\/01\\\/5-A-1.jpg\",\"width\":995,\"height\":560},{\"@type\":\"BreadcrumbList\",\"@id\":\"https:\\\/\\\/www.eldiario.net\\\/portal\\\/2025\\\/01\\\/27\\\/iphone-17-la-innovacion-clave-que-apple-introducira-en-sus-smartphones-de-2025\\\/#breadcrumb\",\"itemListElement\":[{\"@type\":\"ListItem\",\"position\":1,\"name\":\"Portada\",\"item\":\"https:\\\/\\\/www.eldiario.net\\\/portal\\\/\"},{\"@type\":\"ListItem\",\"position\":2,\"name\":\"iPhone 17: la innovaci\u00f3n clave que Apple introducir\u00e1 en sus Smartphones de 2025\"}]},{\"@type\":\"WebSite\",\"@id\":\"https:\\\/\\\/www.eldiario.net\\\/portal\\\/#website\",\"url\":\"https:\\\/\\\/www.eldiario.net\\\/portal\\\/\",\"name\":\"El Diario - Decano de la prensa nacional\",\"description\":\"El Diario - Decano de la prensa nacional\",\"publisher\":{\"@id\":\"https:\\\/\\\/www.eldiario.net\\\/portal\\\/#organization\"},\"potentialAction\":[{\"@type\":\"SearchAction\",\"target\":{\"@type\":\"EntryPoint\",\"urlTemplate\":\"https:\\\/\\\/www.eldiario.net\\\/portal\\\/?s={search_term_string}\"},\"query-input\":{\"@type\":\"PropertyValueSpecification\",\"valueRequired\":true,\"valueName\":\"search_term_string\"}}],\"inLanguage\":\"es\"},{\"@type\":\"Organization\",\"@id\":\"https:\\\/\\\/www.eldiario.net\\\/portal\\\/#organization\",\"name\":\"El Diario - Decano de la prensa nacional\",\"url\":\"https:\\\/\\\/www.eldiario.net\\\/portal\\\/\",\"logo\":{\"@type\":\"ImageObject\",\"inLanguage\":\"es\",\"@id\":\"https:\\\/\\\/www.eldiario.net\\\/portal\\\/#\\\/schema\\\/logo\\\/image\\\/\",\"url\":\"https:\\\/\\\/www.eldiario.net\\\/portal\\\/wp-content\\\/uploads\\\/2023\\\/07\\\/logo_ED.jpg\",\"contentUrl\":\"https:\\\/\\\/www.eldiario.net\\\/portal\\\/wp-content\\\/uploads\\\/2023\\\/07\\\/logo_ED.jpg\",\"width\":272,\"height\":52,\"caption\":\"El Diario - Decano de la prensa nacional\"},\"image\":{\"@id\":\"https:\\\/\\\/www.eldiario.net\\\/portal\\\/#\\\/schema\\\/logo\\\/image\\\/\"},\"sameAs\":[\"https:\\\/\\\/www.facebook.com\\\/eldiario.bolivia\\\/\",\"https:\\\/\\\/x.com\\\/eldiario_net\"]},{\"@type\":\"Person\",\"@id\":\"https:\\\/\\\/www.eldiario.net\\\/portal\\\/#\\\/schema\\\/person\\\/f46445640444750d7d753ccd04ae01b7\",\"name\":\"Jeanette\",\"image\":{\"@type\":\"ImageObject\",\"inLanguage\":\"es\",\"@id\":\"https:\\\/\\\/secure.gravatar.com\\\/avatar\\\/3ea2118a5f7dad2b7138b1187a6b7ee55f160b9968b66013c3a3ef39dd7e5798?s=96&d=mm&r=g\",\"url\":\"https:\\\/\\\/secure.gravatar.com\\\/avatar\\\/3ea2118a5f7dad2b7138b1187a6b7ee55f160b9968b66013c3a3ef39dd7e5798?s=96&d=mm&r=g\",\"contentUrl\":\"https:\\\/\\\/secure.gravatar.com\\\/avatar\\\/3ea2118a5f7dad2b7138b1187a6b7ee55f160b9968b66013c3a3ef39dd7e5798?s=96&d=mm&r=g\",\"caption\":\"Jeanette\"},\"sameAs\":[\"https:\\\/\\\/www.eldiario.net\\\/portal\"],\"url\":\"https:\\\/\\\/www.eldiario.net\\\/portal\\\/author\\\/jeanette\\\/\"}]}<\/script>\n<!-- \/ Yoast SEO plugin. -->","yoast_head_json":{"title":"iPhone 17: la innovaci\u00f3n clave que Apple introducir\u00e1 en sus Smartphones de 2025 - El Diario - Bolivia","robots":{"index":"index","follow":"follow","max-snippet":"max-snippet:-1","max-image-preview":"max-image-preview:large","max-video-preview":"max-video-preview:-1"},"canonical":"https:\/\/www.eldiario.net\/portal\/2025\/01\/27\/iphone-17-la-innovacion-clave-que-apple-introducira-en-sus-smartphones-de-2025\/","og_locale":"es_ES","og_type":"article","og_title":"iPhone 17: la innovaci\u00f3n clave que Apple introducir\u00e1 en sus Smartphones de 2025 - El Diario - Bolivia","og_description":"Apple est\u00e1 a punto de seguir los pasos de algunos de sus competidores al implementar un sistema de refrigeraci\u00f3n por vapor en sus nuevos smartphones. \u00bfC\u00f3mo funciona esta tecnolog\u00eda y cu\u00e1les son sus beneficios? Se anticipa que Apple lanzar\u00e1 cinco modelos de smartphones este a\u00f1o. Tras el anuncio de un modelo econ\u00f3mico en marzo, se [&hellip;]","og_url":"https:\/\/www.eldiario.net\/portal\/2025\/01\/27\/iphone-17-la-innovacion-clave-que-apple-introducira-en-sus-smartphones-de-2025\/","og_site_name":"El Diario - Bolivia","article_publisher":"https:\/\/www.facebook.com\/eldiario.bolivia\/","article_published_time":"2025-01-27T10:29:06+00:00","og_image":[{"width":995,"height":560,"url":"https:\/\/www.eldiario.net\/portal\/wp-content\/uploads\/2025\/01\/5-A-1.jpg","type":"image\/jpeg"}],"author":"Jeanette","twitter_card":"summary_large_image","twitter_creator":"@eldiario_net","twitter_site":"@eldiario_net","twitter_misc":{"Escrito por":"Jeanette","Tiempo de lectura":"2 minutos"},"schema":{"@context":"https:\/\/schema.org","@graph":[{"@type":"Article","@id":"https:\/\/www.eldiario.net\/portal\/2025\/01\/27\/iphone-17-la-innovacion-clave-que-apple-introducira-en-sus-smartphones-de-2025\/#article","isPartOf":{"@id":"https:\/\/www.eldiario.net\/portal\/2025\/01\/27\/iphone-17-la-innovacion-clave-que-apple-introducira-en-sus-smartphones-de-2025\/"},"author":{"name":"Jeanette","@id":"https:\/\/www.eldiario.net\/portal\/#\/schema\/person\/f46445640444750d7d753ccd04ae01b7"},"headline":"iPhone 17: la innovaci\u00f3n clave que Apple introducir\u00e1 en sus Smartphones de 2025","datePublished":"2025-01-27T10:29:06+00:00","mainEntityOfPage":{"@id":"https:\/\/www.eldiario.net\/portal\/2025\/01\/27\/iphone-17-la-innovacion-clave-que-apple-introducira-en-sus-smartphones-de-2025\/"},"wordCount":408,"publisher":{"@id":"https:\/\/www.eldiario.net\/portal\/#organization"},"image":{"@id":"https:\/\/www.eldiario.net\/portal\/2025\/01\/27\/iphone-17-la-innovacion-clave-que-apple-introducira-en-sus-smartphones-de-2025\/#primaryimage"},"thumbnailUrl":"https:\/\/www.eldiario.net\/portal\/wp-content\/uploads\/2025\/01\/5-A-1.jpg","articleSection":["Ciencia y Computaci\u00f3n"],"inLanguage":"es"},{"@type":"WebPage","@id":"https:\/\/www.eldiario.net\/portal\/2025\/01\/27\/iphone-17-la-innovacion-clave-que-apple-introducira-en-sus-smartphones-de-2025\/","url":"https:\/\/www.eldiario.net\/portal\/2025\/01\/27\/iphone-17-la-innovacion-clave-que-apple-introducira-en-sus-smartphones-de-2025\/","name":"iPhone 17: la innovaci\u00f3n clave que Apple introducir\u00e1 en sus Smartphones de 2025 - El Diario - Bolivia","isPartOf":{"@id":"https:\/\/www.eldiario.net\/portal\/#website"},"primaryImageOfPage":{"@id":"https:\/\/www.eldiario.net\/portal\/2025\/01\/27\/iphone-17-la-innovacion-clave-que-apple-introducira-en-sus-smartphones-de-2025\/#primaryimage"},"image":{"@id":"https:\/\/www.eldiario.net\/portal\/2025\/01\/27\/iphone-17-la-innovacion-clave-que-apple-introducira-en-sus-smartphones-de-2025\/#primaryimage"},"thumbnailUrl":"https:\/\/www.eldiario.net\/portal\/wp-content\/uploads\/2025\/01\/5-A-1.jpg","datePublished":"2025-01-27T10:29:06+00:00","breadcrumb":{"@id":"https:\/\/www.eldiario.net\/portal\/2025\/01\/27\/iphone-17-la-innovacion-clave-que-apple-introducira-en-sus-smartphones-de-2025\/#breadcrumb"},"inLanguage":"es","potentialAction":[{"@type":"ReadAction","target":["https:\/\/www.eldiario.net\/portal\/2025\/01\/27\/iphone-17-la-innovacion-clave-que-apple-introducira-en-sus-smartphones-de-2025\/"]}]},{"@type":"ImageObject","inLanguage":"es","@id":"https:\/\/www.eldiario.net\/portal\/2025\/01\/27\/iphone-17-la-innovacion-clave-que-apple-introducira-en-sus-smartphones-de-2025\/#primaryimage","url":"https:\/\/www.eldiario.net\/portal\/wp-content\/uploads\/2025\/01\/5-A-1.jpg","contentUrl":"https:\/\/www.eldiario.net\/portal\/wp-content\/uploads\/2025\/01\/5-A-1.jpg","width":995,"height":560},{"@type":"BreadcrumbList","@id":"https:\/\/www.eldiario.net\/portal\/2025\/01\/27\/iphone-17-la-innovacion-clave-que-apple-introducira-en-sus-smartphones-de-2025\/#breadcrumb","itemListElement":[{"@type":"ListItem","position":1,"name":"Portada","item":"https:\/\/www.eldiario.net\/portal\/"},{"@type":"ListItem","position":2,"name":"iPhone 17: la innovaci\u00f3n clave que Apple introducir\u00e1 en sus Smartphones de 2025"}]},{"@type":"WebSite","@id":"https:\/\/www.eldiario.net\/portal\/#website","url":"https:\/\/www.eldiario.net\/portal\/","name":"El Diario - Decano de la prensa nacional","description":"El Diario - Decano de la prensa nacional","publisher":{"@id":"https:\/\/www.eldiario.net\/portal\/#organization"},"potentialAction":[{"@type":"SearchAction","target":{"@type":"EntryPoint","urlTemplate":"https:\/\/www.eldiario.net\/portal\/?s={search_term_string}"},"query-input":{"@type":"PropertyValueSpecification","valueRequired":true,"valueName":"search_term_string"}}],"inLanguage":"es"},{"@type":"Organization","@id":"https:\/\/www.eldiario.net\/portal\/#organization","name":"El Diario - Decano de la prensa nacional","url":"https:\/\/www.eldiario.net\/portal\/","logo":{"@type":"ImageObject","inLanguage":"es","@id":"https:\/\/www.eldiario.net\/portal\/#\/schema\/logo\/image\/","url":"https:\/\/www.eldiario.net\/portal\/wp-content\/uploads\/2023\/07\/logo_ED.jpg","contentUrl":"https:\/\/www.eldiario.net\/portal\/wp-content\/uploads\/2023\/07\/logo_ED.jpg","width":272,"height":52,"caption":"El Diario - Decano de la prensa nacional"},"image":{"@id":"https:\/\/www.eldiario.net\/portal\/#\/schema\/logo\/image\/"},"sameAs":["https:\/\/www.facebook.com\/eldiario.bolivia\/","https:\/\/x.com\/eldiario_net"]},{"@type":"Person","@id":"https:\/\/www.eldiario.net\/portal\/#\/schema\/person\/f46445640444750d7d753ccd04ae01b7","name":"Jeanette","image":{"@type":"ImageObject","inLanguage":"es","@id":"https:\/\/secure.gravatar.com\/avatar\/3ea2118a5f7dad2b7138b1187a6b7ee55f160b9968b66013c3a3ef39dd7e5798?s=96&d=mm&r=g","url":"https:\/\/secure.gravatar.com\/avatar\/3ea2118a5f7dad2b7138b1187a6b7ee55f160b9968b66013c3a3ef39dd7e5798?s=96&d=mm&r=g","contentUrl":"https:\/\/secure.gravatar.com\/avatar\/3ea2118a5f7dad2b7138b1187a6b7ee55f160b9968b66013c3a3ef39dd7e5798?s=96&d=mm&r=g","caption":"Jeanette"},"sameAs":["https:\/\/www.eldiario.net\/portal"],"url":"https:\/\/www.eldiario.net\/portal\/author\/jeanette\/"}]}},"_links":{"self":[{"href":"https:\/\/www.eldiario.net\/portal\/wp-json\/wp\/v2\/posts\/277551","targetHints":{"allow":["GET"]}}],"collection":[{"href":"https:\/\/www.eldiario.net\/portal\/wp-json\/wp\/v2\/posts"}],"about":[{"href":"https:\/\/www.eldiario.net\/portal\/wp-json\/wp\/v2\/types\/post"}],"author":[{"embeddable":true,"href":"https:\/\/www.eldiario.net\/portal\/wp-json\/wp\/v2\/users\/1"}],"replies":[{"embeddable":true,"href":"https:\/\/www.eldiario.net\/portal\/wp-json\/wp\/v2\/comments?post=277551"}],"version-history":[{"count":1,"href":"https:\/\/www.eldiario.net\/portal\/wp-json\/wp\/v2\/posts\/277551\/revisions"}],"predecessor-version":[{"id":277553,"href":"https:\/\/www.eldiario.net\/portal\/wp-json\/wp\/v2\/posts\/277551\/revisions\/277553"}],"wp:featuredmedia":[{"embeddable":true,"href":"https:\/\/www.eldiario.net\/portal\/wp-json\/wp\/v2\/media\/277552"}],"wp:attachment":[{"href":"https:\/\/www.eldiario.net\/portal\/wp-json\/wp\/v2\/media?parent=277551"}],"wp:term":[{"taxonomy":"category","embeddable":true,"href":"https:\/\/www.eldiario.net\/portal\/wp-json\/wp\/v2\/categories?post=277551"},{"taxonomy":"post_tag","embeddable":true,"href":"https:\/\/www.eldiario.net\/portal\/wp-json\/wp\/v2\/tags?post=277551"}],"curies":[{"name":"wp","href":"https:\/\/api.w.org\/{rel}","templated":true}]}}