{"id":277545,"date":"2025-01-27T06:28:07","date_gmt":"2025-01-27T10:28:07","guid":{"rendered":"https:\/\/www.eldiario.net\/portal\/?p=277545"},"modified":"2025-01-27T06:28:07","modified_gmt":"2025-01-27T10:28:07","slug":"como-atraer-y-retener-el-mejor-talento-digital-en-los-equipos-de-marketing","status":"publish","type":"post","link":"https:\/\/www.eldiario.net\/portal\/2025\/01\/27\/como-atraer-y-retener-el-mejor-talento-digital-en-los-equipos-de-marketing\/","title":{"rendered":"C\u00f3mo atraer y retener el mejor talento digital en los equipos de marketing"},"content":{"rendered":"<p>Ofrecer flexibilidad y establecer procesos enfocados en la experiencia del profesional son algunas de las tendencias clave para la captaci\u00f3n y fidelizaci\u00f3n de talento.<\/p>\n<p>\u00bfAlguna vez has intentado encontrar un piso amplio, exterior y asequible en el centro de una gran ciudad? Pues bien, el talento digital en 2025 podr\u00eda desaparecer con la misma rapidez si no tomamos las decisiones adecuadas.<\/p>\n<p>Hoy en d\u00eda, atraer al mejor talento digital significa enfrentarse a un escenario donde la demanda supera a la oferta. Las decisiones deben tomarse de manera \u00e1gil cuando encuentras al candidato ideal, o corres el riesgo de que \u00abte lo quiten\u00bb. Adem\u00e1s, la creciente influencia de la inteligencia artificial, la necesidad de validar habilidades t\u00e9cnicas y la dificultad para asegurar un buen encaje cultural complican a\u00fan m\u00e1s el panorama. Sin embargo, si comprendemos las tendencias emergentes y nos adaptamos a ellas, la situaci\u00f3n puede mejorar r\u00e1pidamente.<\/p>\n<p>A continuaci\u00f3n, se presentan las tendencias en selecci\u00f3n y retenci\u00f3n de talento digital que marcar\u00e1n el a\u00f1o 2025:<\/p>\n<p>El mercado del talento digital evoluciona a gran velocidad, y como marketer, es crucial que est\u00e9s al tanto de estos cambios para mantener a tu equipo competitivo. Aqu\u00ed hay algunas tendencias clave que definir\u00e1n el rumbo en 2025:<\/p>\n<p>1. <strong>Especializaci\u00f3n en perfiles hipersegmentados<\/strong>: Olv\u00eddate del \u00abprofesional unicornio\u00bb que debe desempe\u00f1ar m\u00faltiples roles. Los profesionales digitales buscan posiciones con responsabilidades claramente definidas que se alineen con sus habilidades. Seg\u00fan el estudio \u00abThe Good Digital Company\u00bb, un 74% de los perfiles digitales valora este aspecto al elegir un nuevo trabajo. El mercado demanda habilidades t\u00e9cnicas espec\u00edficas, y no basta con que est\u00e9n en un curr\u00edculum; deber\u00e1s validar esas competencias para encontrar al candidato ideal.<\/p>\n<p>2. <strong>El curr\u00edculum abre la puerta, pero lo intangible asegura el \u00e9xito<\/strong>: Aunque valides las habilidades t\u00e9cnicas, si solo te basas en la experiencia y el CV, podr\u00edas fracasar en tu contrataci\u00f3n. El \u00e9xito radica en combinar el encaje t\u00e9cnico y cultural. Debes asegurarte de que las expectativas del candidato est\u00e9n alineadas con el rol, que haya compatibilidad con el equipo y que compartan los mismos valores. Un candidato con un CV impresionante puede tener un rendimiento pobre si no se integra bien en el equipo.<\/p>\n<p>3. <strong>La IA transforma tanto el marketing como la selecci\u00f3n de talento<\/strong>: Es probable que ya est\u00e9s explorando c\u00f3mo la IA puede potenciar tus resultados de marketing, pero&#8230; \u00bfest\u00e1 tu equipo de RRHH alineado con esta transformaci\u00f3n? Es esencial entender c\u00f3mo la IA impacta en el rol que buscas y aprovecharla en los procesos de selecci\u00f3n, especialmente considerando que solo el 26% de los profesionales digitales est\u00e1 activamente buscando un cambio.<\/p>\n<p>4. <strong>Flexibilidad como ventaja competitiva<\/strong>: Si est\u00e1s dise\u00f1ando campa\u00f1as para audiencias digitales que exigen inmediatez y personalizaci\u00f3n, tambi\u00e9n debes ofrecer esa misma flexibilidad a tu equipo. La rigidez laboral ya no tiene cabida en un entorno \u00e1gil y orientado a resultados. De hecho, \u00bfsab\u00edas que el 73% de los profesionales prefiere modelos h\u00edbridos o remotos al buscar empleo? El trabajo as\u00edncrono, con horarios flexibles y ubicaciones descentralizadas, sigue ganando popularidad.<\/p>\n<p>Adaptarse a estas tendencias ser\u00e1 fundamental para atraer y retener el mejor talento digital en los equipos de marketing en los pr\u00f3ximos a\u00f1os.<\/p>\n<p>&nbsp;<\/p>\n<p>&nbsp;<\/p>\n","protected":false},"excerpt":{"rendered":"<p>Ofrecer flexibilidad y establecer procesos enfocados en la experiencia del profesional son algunas de las tendencias clave para la captaci\u00f3n y fidelizaci\u00f3n de talento. \u00bfAlguna vez has intentado encontrar un piso amplio, exterior y asequible en el centro de una gran ciudad? Pues bien, el talento digital en 2025 podr\u00eda desaparecer con la misma rapidez [&hellip;]<\/p>\n","protected":false},"author":1,"featured_media":277546,"comment_status":"closed","ping_status":"open","sticky":false,"template":"","format":"standard","meta":{"_acf_changed":false,"footnotes":""},"categories":[46],"tags":[],"class_list":["post-277545","post","type-post","status-publish","format-standard","has-post-thumbnail","category-ciencia-computacion"],"acf":{"antetitulo":""},"yoast_head":"<!-- This site is optimized with the Yoast SEO plugin v28.4 - https:\/\/yoast.com\/product\/yoast-seo-wordpress\/ -->\n<title>C\u00f3mo atraer y retener el mejor talento digital en los equipos de marketing - El Diario - Bolivia<\/title>\n<meta name=\"robots\" content=\"index, follow, max-snippet:-1, max-image-preview:large, max-video-preview:-1\" \/>\n<link rel=\"canonical\" href=\"https:\/\/www.eldiario.net\/portal\/2025\/01\/27\/como-atraer-y-retener-el-mejor-talento-digital-en-los-equipos-de-marketing\/\" \/>\n<meta property=\"og:locale\" content=\"es_ES\" \/>\n<meta property=\"og:type\" content=\"article\" \/>\n<meta property=\"og:title\" content=\"C\u00f3mo atraer y retener el mejor talento digital en los equipos de marketing - El Diario - Bolivia\" \/>\n<meta property=\"og:description\" content=\"Ofrecer flexibilidad y establecer procesos enfocados en la experiencia del profesional son algunas de las tendencias clave para la captaci\u00f3n y fidelizaci\u00f3n de talento. \u00bfAlguna vez has intentado encontrar un piso amplio, exterior y asequible en el centro de una gran ciudad? Pues bien, el talento digital en 2025 podr\u00eda desaparecer con la misma rapidez [&hellip;]\" \/>\n<meta property=\"og:url\" content=\"https:\/\/www.eldiario.net\/portal\/2025\/01\/27\/como-atraer-y-retener-el-mejor-talento-digital-en-los-equipos-de-marketing\/\" \/>\n<meta property=\"og:site_name\" content=\"El Diario - Bolivia\" \/>\n<meta property=\"article:publisher\" content=\"https:\/\/www.facebook.com\/eldiario.bolivia\/\" \/>\n<meta property=\"article:published_time\" content=\"2025-01-27T10:28:07+00:00\" \/>\n<meta property=\"og:image\" content=\"https:\/\/www.eldiario.net\/portal\/wp-content\/uploads\/2025\/01\/6-A-2.jpg\" \/>\n\t<meta property=\"og:image:width\" content=\"1200\" \/>\n\t<meta property=\"og:image:height\" content=\"802\" \/>\n\t<meta property=\"og:image:type\" content=\"image\/jpeg\" \/>\n<meta name=\"author\" content=\"Jeanette\" \/>\n<meta name=\"twitter:card\" content=\"summary_large_image\" \/>\n<meta name=\"twitter:creator\" content=\"@eldiario_net\" \/>\n<meta name=\"twitter:site\" content=\"@eldiario_net\" \/>\n<meta name=\"twitter:label1\" content=\"Escrito por\" \/>\n\t<meta name=\"twitter:data1\" content=\"Jeanette\" \/>\n\t<meta name=\"twitter:label2\" content=\"Tiempo de lectura\" \/>\n\t<meta name=\"twitter:data2\" content=\"3 minutos\" \/>\n<script type=\"application\/ld+json\" class=\"yoast-schema-graph\">{\"@context\":\"https:\\\/\\\/schema.org\",\"@graph\":[{\"@type\":\"Article\",\"@id\":\"https:\\\/\\\/www.eldiario.net\\\/portal\\\/2025\\\/01\\\/27\\\/como-atraer-y-retener-el-mejor-talento-digital-en-los-equipos-de-marketing\\\/#article\",\"isPartOf\":{\"@id\":\"https:\\\/\\\/www.eldiario.net\\\/portal\\\/2025\\\/01\\\/27\\\/como-atraer-y-retener-el-mejor-talento-digital-en-los-equipos-de-marketing\\\/\"},\"author\":{\"name\":\"Jeanette\",\"@id\":\"https:\\\/\\\/www.eldiario.net\\\/portal\\\/#\\\/schema\\\/person\\\/f46445640444750d7d753ccd04ae01b7\"},\"headline\":\"C\u00f3mo atraer y retener el mejor talento digital en los equipos de marketing\",\"datePublished\":\"2025-01-27T10:28:07+00:00\",\"mainEntityOfPage\":{\"@id\":\"https:\\\/\\\/www.eldiario.net\\\/portal\\\/2025\\\/01\\\/27\\\/como-atraer-y-retener-el-mejor-talento-digital-en-los-equipos-de-marketing\\\/\"},\"wordCount\":582,\"publisher\":{\"@id\":\"https:\\\/\\\/www.eldiario.net\\\/portal\\\/#organization\"},\"image\":{\"@id\":\"https:\\\/\\\/www.eldiario.net\\\/portal\\\/2025\\\/01\\\/27\\\/como-atraer-y-retener-el-mejor-talento-digital-en-los-equipos-de-marketing\\\/#primaryimage\"},\"thumbnailUrl\":\"https:\\\/\\\/www.eldiario.net\\\/portal\\\/wp-content\\\/uploads\\\/2025\\\/01\\\/6-A-2.jpg\",\"articleSection\":[\"Ciencia y Computaci\u00f3n\"],\"inLanguage\":\"es\"},{\"@type\":\"WebPage\",\"@id\":\"https:\\\/\\\/www.eldiario.net\\\/portal\\\/2025\\\/01\\\/27\\\/como-atraer-y-retener-el-mejor-talento-digital-en-los-equipos-de-marketing\\\/\",\"url\":\"https:\\\/\\\/www.eldiario.net\\\/portal\\\/2025\\\/01\\\/27\\\/como-atraer-y-retener-el-mejor-talento-digital-en-los-equipos-de-marketing\\\/\",\"name\":\"C\u00f3mo atraer y retener el mejor talento digital en los equipos de marketing - El Diario - Bolivia\",\"isPartOf\":{\"@id\":\"https:\\\/\\\/www.eldiario.net\\\/portal\\\/#website\"},\"primaryImageOfPage\":{\"@id\":\"https:\\\/\\\/www.eldiario.net\\\/portal\\\/2025\\\/01\\\/27\\\/como-atraer-y-retener-el-mejor-talento-digital-en-los-equipos-de-marketing\\\/#primaryimage\"},\"image\":{\"@id\":\"https:\\\/\\\/www.eldiario.net\\\/portal\\\/2025\\\/01\\\/27\\\/como-atraer-y-retener-el-mejor-talento-digital-en-los-equipos-de-marketing\\\/#primaryimage\"},\"thumbnailUrl\":\"https:\\\/\\\/www.eldiario.net\\\/portal\\\/wp-content\\\/uploads\\\/2025\\\/01\\\/6-A-2.jpg\",\"datePublished\":\"2025-01-27T10:28:07+00:00\",\"breadcrumb\":{\"@id\":\"https:\\\/\\\/www.eldiario.net\\\/portal\\\/2025\\\/01\\\/27\\\/como-atraer-y-retener-el-mejor-talento-digital-en-los-equipos-de-marketing\\\/#breadcrumb\"},\"inLanguage\":\"es\",\"potentialAction\":[{\"@type\":\"ReadAction\",\"target\":[\"https:\\\/\\\/www.eldiario.net\\\/portal\\\/2025\\\/01\\\/27\\\/como-atraer-y-retener-el-mejor-talento-digital-en-los-equipos-de-marketing\\\/\"]}]},{\"@type\":\"ImageObject\",\"inLanguage\":\"es\",\"@id\":\"https:\\\/\\\/www.eldiario.net\\\/portal\\\/2025\\\/01\\\/27\\\/como-atraer-y-retener-el-mejor-talento-digital-en-los-equipos-de-marketing\\\/#primaryimage\",\"url\":\"https:\\\/\\\/www.eldiario.net\\\/portal\\\/wp-content\\\/uploads\\\/2025\\\/01\\\/6-A-2.jpg\",\"contentUrl\":\"https:\\\/\\\/www.eldiario.net\\\/portal\\\/wp-content\\\/uploads\\\/2025\\\/01\\\/6-A-2.jpg\",\"width\":1200,\"height\":802},{\"@type\":\"BreadcrumbList\",\"@id\":\"https:\\\/\\\/www.eldiario.net\\\/portal\\\/2025\\\/01\\\/27\\\/como-atraer-y-retener-el-mejor-talento-digital-en-los-equipos-de-marketing\\\/#breadcrumb\",\"itemListElement\":[{\"@type\":\"ListItem\",\"position\":1,\"name\":\"Portada\",\"item\":\"https:\\\/\\\/www.eldiario.net\\\/portal\\\/\"},{\"@type\":\"ListItem\",\"position\":2,\"name\":\"C\u00f3mo atraer y retener el mejor talento digital en los equipos de marketing\"}]},{\"@type\":\"WebSite\",\"@id\":\"https:\\\/\\\/www.eldiario.net\\\/portal\\\/#website\",\"url\":\"https:\\\/\\\/www.eldiario.net\\\/portal\\\/\",\"name\":\"El Diario - Decano de la prensa nacional\",\"description\":\"El Diario - Decano de la prensa nacional\",\"publisher\":{\"@id\":\"https:\\\/\\\/www.eldiario.net\\\/portal\\\/#organization\"},\"potentialAction\":[{\"@type\":\"SearchAction\",\"target\":{\"@type\":\"EntryPoint\",\"urlTemplate\":\"https:\\\/\\\/www.eldiario.net\\\/portal\\\/?s={search_term_string}\"},\"query-input\":{\"@type\":\"PropertyValueSpecification\",\"valueRequired\":true,\"valueName\":\"search_term_string\"}}],\"inLanguage\":\"es\"},{\"@type\":\"Organization\",\"@id\":\"https:\\\/\\\/www.eldiario.net\\\/portal\\\/#organization\",\"name\":\"El Diario - Decano de la prensa nacional\",\"url\":\"https:\\\/\\\/www.eldiario.net\\\/portal\\\/\",\"logo\":{\"@type\":\"ImageObject\",\"inLanguage\":\"es\",\"@id\":\"https:\\\/\\\/www.eldiario.net\\\/portal\\\/#\\\/schema\\\/logo\\\/image\\\/\",\"url\":\"https:\\\/\\\/www.eldiario.net\\\/portal\\\/wp-content\\\/uploads\\\/2023\\\/07\\\/logo_ED.jpg\",\"contentUrl\":\"https:\\\/\\\/www.eldiario.net\\\/portal\\\/wp-content\\\/uploads\\\/2023\\\/07\\\/logo_ED.jpg\",\"width\":272,\"height\":52,\"caption\":\"El Diario - Decano de la prensa nacional\"},\"image\":{\"@id\":\"https:\\\/\\\/www.eldiario.net\\\/portal\\\/#\\\/schema\\\/logo\\\/image\\\/\"},\"sameAs\":[\"https:\\\/\\\/www.facebook.com\\\/eldiario.bolivia\\\/\",\"https:\\\/\\\/x.com\\\/eldiario_net\"]},{\"@type\":\"Person\",\"@id\":\"https:\\\/\\\/www.eldiario.net\\\/portal\\\/#\\\/schema\\\/person\\\/f46445640444750d7d753ccd04ae01b7\",\"name\":\"Jeanette\",\"image\":{\"@type\":\"ImageObject\",\"inLanguage\":\"es\",\"@id\":\"https:\\\/\\\/secure.gravatar.com\\\/avatar\\\/3ea2118a5f7dad2b7138b1187a6b7ee55f160b9968b66013c3a3ef39dd7e5798?s=96&d=mm&r=g\",\"url\":\"https:\\\/\\\/secure.gravatar.com\\\/avatar\\\/3ea2118a5f7dad2b7138b1187a6b7ee55f160b9968b66013c3a3ef39dd7e5798?s=96&d=mm&r=g\",\"contentUrl\":\"https:\\\/\\\/secure.gravatar.com\\\/avatar\\\/3ea2118a5f7dad2b7138b1187a6b7ee55f160b9968b66013c3a3ef39dd7e5798?s=96&d=mm&r=g\",\"caption\":\"Jeanette\"},\"sameAs\":[\"https:\\\/\\\/www.eldiario.net\\\/portal\"],\"url\":\"https:\\\/\\\/www.eldiario.net\\\/portal\\\/author\\\/jeanette\\\/\"}]}<\/script>\n<!-- \/ Yoast SEO plugin. -->","yoast_head_json":{"title":"C\u00f3mo atraer y retener el mejor talento digital en los equipos de marketing - El Diario - Bolivia","robots":{"index":"index","follow":"follow","max-snippet":"max-snippet:-1","max-image-preview":"max-image-preview:large","max-video-preview":"max-video-preview:-1"},"canonical":"https:\/\/www.eldiario.net\/portal\/2025\/01\/27\/como-atraer-y-retener-el-mejor-talento-digital-en-los-equipos-de-marketing\/","og_locale":"es_ES","og_type":"article","og_title":"C\u00f3mo atraer y retener el mejor talento digital en los equipos de marketing - El Diario - Bolivia","og_description":"Ofrecer flexibilidad y establecer procesos enfocados en la experiencia del profesional son algunas de las tendencias clave para la captaci\u00f3n y fidelizaci\u00f3n de talento. \u00bfAlguna vez has intentado encontrar un piso amplio, exterior y asequible en el centro de una gran ciudad? Pues bien, el talento digital en 2025 podr\u00eda desaparecer con la misma rapidez [&hellip;]","og_url":"https:\/\/www.eldiario.net\/portal\/2025\/01\/27\/como-atraer-y-retener-el-mejor-talento-digital-en-los-equipos-de-marketing\/","og_site_name":"El Diario - Bolivia","article_publisher":"https:\/\/www.facebook.com\/eldiario.bolivia\/","article_published_time":"2025-01-27T10:28:07+00:00","og_image":[{"width":1200,"height":802,"url":"https:\/\/www.eldiario.net\/portal\/wp-content\/uploads\/2025\/01\/6-A-2.jpg","type":"image\/jpeg"}],"author":"Jeanette","twitter_card":"summary_large_image","twitter_creator":"@eldiario_net","twitter_site":"@eldiario_net","twitter_misc":{"Escrito por":"Jeanette","Tiempo de lectura":"3 minutos"},"schema":{"@context":"https:\/\/schema.org","@graph":[{"@type":"Article","@id":"https:\/\/www.eldiario.net\/portal\/2025\/01\/27\/como-atraer-y-retener-el-mejor-talento-digital-en-los-equipos-de-marketing\/#article","isPartOf":{"@id":"https:\/\/www.eldiario.net\/portal\/2025\/01\/27\/como-atraer-y-retener-el-mejor-talento-digital-en-los-equipos-de-marketing\/"},"author":{"name":"Jeanette","@id":"https:\/\/www.eldiario.net\/portal\/#\/schema\/person\/f46445640444750d7d753ccd04ae01b7"},"headline":"C\u00f3mo atraer y retener el mejor talento digital en los equipos de marketing","datePublished":"2025-01-27T10:28:07+00:00","mainEntityOfPage":{"@id":"https:\/\/www.eldiario.net\/portal\/2025\/01\/27\/como-atraer-y-retener-el-mejor-talento-digital-en-los-equipos-de-marketing\/"},"wordCount":582,"publisher":{"@id":"https:\/\/www.eldiario.net\/portal\/#organization"},"image":{"@id":"https:\/\/www.eldiario.net\/portal\/2025\/01\/27\/como-atraer-y-retener-el-mejor-talento-digital-en-los-equipos-de-marketing\/#primaryimage"},"thumbnailUrl":"https:\/\/www.eldiario.net\/portal\/wp-content\/uploads\/2025\/01\/6-A-2.jpg","articleSection":["Ciencia y Computaci\u00f3n"],"inLanguage":"es"},{"@type":"WebPage","@id":"https:\/\/www.eldiario.net\/portal\/2025\/01\/27\/como-atraer-y-retener-el-mejor-talento-digital-en-los-equipos-de-marketing\/","url":"https:\/\/www.eldiario.net\/portal\/2025\/01\/27\/como-atraer-y-retener-el-mejor-talento-digital-en-los-equipos-de-marketing\/","name":"C\u00f3mo atraer y retener el mejor talento digital en los equipos de marketing - El Diario - Bolivia","isPartOf":{"@id":"https:\/\/www.eldiario.net\/portal\/#website"},"primaryImageOfPage":{"@id":"https:\/\/www.eldiario.net\/portal\/2025\/01\/27\/como-atraer-y-retener-el-mejor-talento-digital-en-los-equipos-de-marketing\/#primaryimage"},"image":{"@id":"https:\/\/www.eldiario.net\/portal\/2025\/01\/27\/como-atraer-y-retener-el-mejor-talento-digital-en-los-equipos-de-marketing\/#primaryimage"},"thumbnailUrl":"https:\/\/www.eldiario.net\/portal\/wp-content\/uploads\/2025\/01\/6-A-2.jpg","datePublished":"2025-01-27T10:28:07+00:00","breadcrumb":{"@id":"https:\/\/www.eldiario.net\/portal\/2025\/01\/27\/como-atraer-y-retener-el-mejor-talento-digital-en-los-equipos-de-marketing\/#breadcrumb"},"inLanguage":"es","potentialAction":[{"@type":"ReadAction","target":["https:\/\/www.eldiario.net\/portal\/2025\/01\/27\/como-atraer-y-retener-el-mejor-talento-digital-en-los-equipos-de-marketing\/"]}]},{"@type":"ImageObject","inLanguage":"es","@id":"https:\/\/www.eldiario.net\/portal\/2025\/01\/27\/como-atraer-y-retener-el-mejor-talento-digital-en-los-equipos-de-marketing\/#primaryimage","url":"https:\/\/www.eldiario.net\/portal\/wp-content\/uploads\/2025\/01\/6-A-2.jpg","contentUrl":"https:\/\/www.eldiario.net\/portal\/wp-content\/uploads\/2025\/01\/6-A-2.jpg","width":1200,"height":802},{"@type":"BreadcrumbList","@id":"https:\/\/www.eldiario.net\/portal\/2025\/01\/27\/como-atraer-y-retener-el-mejor-talento-digital-en-los-equipos-de-marketing\/#breadcrumb","itemListElement":[{"@type":"ListItem","position":1,"name":"Portada","item":"https:\/\/www.eldiario.net\/portal\/"},{"@type":"ListItem","position":2,"name":"C\u00f3mo atraer y retener el mejor talento digital en los equipos de marketing"}]},{"@type":"WebSite","@id":"https:\/\/www.eldiario.net\/portal\/#website","url":"https:\/\/www.eldiario.net\/portal\/","name":"El Diario - Decano de la prensa nacional","description":"El Diario - Decano de la prensa nacional","publisher":{"@id":"https:\/\/www.eldiario.net\/portal\/#organization"},"potentialAction":[{"@type":"SearchAction","target":{"@type":"EntryPoint","urlTemplate":"https:\/\/www.eldiario.net\/portal\/?s={search_term_string}"},"query-input":{"@type":"PropertyValueSpecification","valueRequired":true,"valueName":"search_term_string"}}],"inLanguage":"es"},{"@type":"Organization","@id":"https:\/\/www.eldiario.net\/portal\/#organization","name":"El Diario - Decano de la prensa nacional","url":"https:\/\/www.eldiario.net\/portal\/","logo":{"@type":"ImageObject","inLanguage":"es","@id":"https:\/\/www.eldiario.net\/portal\/#\/schema\/logo\/image\/","url":"https:\/\/www.eldiario.net\/portal\/wp-content\/uploads\/2023\/07\/logo_ED.jpg","contentUrl":"https:\/\/www.eldiario.net\/portal\/wp-content\/uploads\/2023\/07\/logo_ED.jpg","width":272,"height":52,"caption":"El Diario - Decano de la prensa nacional"},"image":{"@id":"https:\/\/www.eldiario.net\/portal\/#\/schema\/logo\/image\/"},"sameAs":["https:\/\/www.facebook.com\/eldiario.bolivia\/","https:\/\/x.com\/eldiario_net"]},{"@type":"Person","@id":"https:\/\/www.eldiario.net\/portal\/#\/schema\/person\/f46445640444750d7d753ccd04ae01b7","name":"Jeanette","image":{"@type":"ImageObject","inLanguage":"es","@id":"https:\/\/secure.gravatar.com\/avatar\/3ea2118a5f7dad2b7138b1187a6b7ee55f160b9968b66013c3a3ef39dd7e5798?s=96&d=mm&r=g","url":"https:\/\/secure.gravatar.com\/avatar\/3ea2118a5f7dad2b7138b1187a6b7ee55f160b9968b66013c3a3ef39dd7e5798?s=96&d=mm&r=g","contentUrl":"https:\/\/secure.gravatar.com\/avatar\/3ea2118a5f7dad2b7138b1187a6b7ee55f160b9968b66013c3a3ef39dd7e5798?s=96&d=mm&r=g","caption":"Jeanette"},"sameAs":["https:\/\/www.eldiario.net\/portal"],"url":"https:\/\/www.eldiario.net\/portal\/author\/jeanette\/"}]}},"_links":{"self":[{"href":"https:\/\/www.eldiario.net\/portal\/wp-json\/wp\/v2\/posts\/277545","targetHints":{"allow":["GET"]}}],"collection":[{"href":"https:\/\/www.eldiario.net\/portal\/wp-json\/wp\/v2\/posts"}],"about":[{"href":"https:\/\/www.eldiario.net\/portal\/wp-json\/wp\/v2\/types\/post"}],"author":[{"embeddable":true,"href":"https:\/\/www.eldiario.net\/portal\/wp-json\/wp\/v2\/users\/1"}],"replies":[{"embeddable":true,"href":"https:\/\/www.eldiario.net\/portal\/wp-json\/wp\/v2\/comments?post=277545"}],"version-history":[{"count":1,"href":"https:\/\/www.eldiario.net\/portal\/wp-json\/wp\/v2\/posts\/277545\/revisions"}],"predecessor-version":[{"id":277547,"href":"https:\/\/www.eldiario.net\/portal\/wp-json\/wp\/v2\/posts\/277545\/revisions\/277547"}],"wp:featuredmedia":[{"embeddable":true,"href":"https:\/\/www.eldiario.net\/portal\/wp-json\/wp\/v2\/media\/277546"}],"wp:attachment":[{"href":"https:\/\/www.eldiario.net\/portal\/wp-json\/wp\/v2\/media?parent=277545"}],"wp:term":[{"taxonomy":"category","embeddable":true,"href":"https:\/\/www.eldiario.net\/portal\/wp-json\/wp\/v2\/categories?post=277545"},{"taxonomy":"post_tag","embeddable":true,"href":"https:\/\/www.eldiario.net\/portal\/wp-json\/wp\/v2\/tags?post=277545"}],"curies":[{"name":"wp","href":"https:\/\/api.w.org\/{rel}","templated":true}]}}