{"id":277542,"date":"2025-01-27T06:27:41","date_gmt":"2025-01-27T10:27:41","guid":{"rendered":"https:\/\/www.eldiario.net\/portal\/?p=277542"},"modified":"2025-01-27T06:27:41","modified_gmt":"2025-01-27T10:27:41","slug":"bluesky-busca-atraer-a-los-tiktokers-con-un-feed-para-videos-verticales","status":"publish","type":"post","link":"https:\/\/www.eldiario.net\/portal\/2025\/01\/27\/bluesky-busca-atraer-a-los-tiktokers-con-un-feed-para-videos-verticales\/","title":{"rendered":"Bluesky busca atraer a los tiktokers con un feed para videos verticales"},"content":{"rendered":"<p>Bluesky, la red social en auge, ha lanzado un nuevo feed personalizado para videos verticales, dise\u00f1ado espec\u00edficamente para captar la atenci\u00f3n de los usuarios de TikTok. Esta funci\u00f3n se encuentra en fase beta en su aplicaci\u00f3n m\u00f3vil y busca demostrar que el dicho \u00abA rey muerto, rey puesto\u00bb es m\u00e1s relevante que nunca.<\/p>\n<p>Donald Trump ha declarado haber \u00absalvado\u00bb a TikTok mediante un decreto que le permite operar temporalmente (durante 75 d\u00edas) en Estados Unidos. La semana pasada, observamos c\u00f3mo el presidente electo ignora cuestiones de \u00abSeguridad Nacional\u00bb, as\u00ed como decisiones del Tribunal Supremo y leyes del Senado que exig\u00edan a ByteDance, la empresa matriz de TikTok, desinvertir en la plataforma. Con un nuevo presidente impredecible en el pa\u00eds, el futuro de TikTok sigue siendo incierto.<\/p>\n<p>Ante esta situaci\u00f3n, las principales plataformas de redes sociales est\u00e1n intensificando sus esfuerzos para lanzar nuevas funciones que atraigan a los 170 millones de usuarios de TikTok. Aunque Bluesky no es una alternativa directa a TikTok, su enfoque en el microblogging podr\u00eda atraer a parte de estos usuarios y ayudar a la plataforma a recuperar terreno frente a X, que ha visto una fuga significativa de clientes debido a la gesti\u00f3n de Elon Musk y su relaci\u00f3n con Trump.<\/p>\n<p>Desde un punto de vista tecnol\u00f3gico, Bluesky ha introducido feeds personalizados para videos verticales. Al igual que otros feeds, los usuarios pueden elegir seguirlo o no, lo que refleja su capacidad de personalizaci\u00f3n. Desde la pesta\u00f1a \u00abExplorar\u00bb, los usuarios pueden deslizar hacia arriba para acceder a una l\u00ednea de tiempo dedicada exclusivamente a este formato de video. Tambi\u00e9n tienen la opci\u00f3n de fijar el feed en su pantalla de inicio, a\u00f1adirlo a sus favoritos o simplemente ignorarlo. Actualmente, esta funci\u00f3n est\u00e1 disponible en fase de prueba en la app m\u00f3vil.<\/p>\n<p>Es importante aclarar que Bluesky no pretende ser un reemplazo directo de plataformas especializadas en videos cortos como TikTok. Sin embargo, sus desarrolladores han admitido que est\u00e1n trabajando en alternativas bajo el protocolo AT (el sistema descentralizado detr\u00e1s de Bluesky), como Tik.Blue, Skylight.Social y Bluescreen.Blue. Estas aplicaciones se encuentran en las primeras etapas de desarrollo y est\u00e1n siendo probadas en programas cerrados al p\u00fablico.<\/p>\n<p>Con la incertidumbre que rodea a TikTok y otras aplicaciones de ByteDance, como CapCut, Lemon8 y Marvel Snap, Bluesky ha visto un aumento en su n\u00famero de seguidores, superando los 28 millones el pasado fin de semana. Otras redes sociales tambi\u00e9n est\u00e1n buscando aprovechar esta oportunidad; X ha lanzado un canal dedicado a videos verticales en EE. UU., mientras que Meta ha anunciado una nueva aplicaci\u00f3n de edici\u00f3n de video en Instagram para competir con CapCut.<\/p>\n","protected":false},"excerpt":{"rendered":"<p>Bluesky, la red social en auge, ha lanzado un nuevo feed personalizado para videos verticales, dise\u00f1ado espec\u00edficamente para captar la atenci\u00f3n de los usuarios de TikTok. Esta funci\u00f3n se encuentra en fase beta en su aplicaci\u00f3n m\u00f3vil y busca demostrar que el dicho \u00abA rey muerto, rey puesto\u00bb es m\u00e1s relevante que nunca. Donald Trump [&hellip;]<\/p>\n","protected":false},"author":1,"featured_media":277543,"comment_status":"closed","ping_status":"open","sticky":false,"template":"","format":"standard","meta":{"_acf_changed":false,"footnotes":""},"categories":[46],"tags":[],"class_list":["post-277542","post","type-post","status-publish","format-standard","has-post-thumbnail","category-ciencia-computacion"],"acf":{"antetitulo":""},"yoast_head":"<!-- This site is optimized with the Yoast SEO plugin v28.4 - https:\/\/yoast.com\/product\/yoast-seo-wordpress\/ -->\n<title>Bluesky busca atraer a los tiktokers con un feed para videos verticales - El Diario - Bolivia<\/title>\n<meta name=\"robots\" content=\"index, follow, max-snippet:-1, max-image-preview:large, max-video-preview:-1\" \/>\n<link rel=\"canonical\" href=\"https:\/\/www.eldiario.net\/portal\/2025\/01\/27\/bluesky-busca-atraer-a-los-tiktokers-con-un-feed-para-videos-verticales\/\" \/>\n<meta property=\"og:locale\" content=\"es_ES\" \/>\n<meta property=\"og:type\" content=\"article\" \/>\n<meta property=\"og:title\" content=\"Bluesky busca atraer a los tiktokers con un feed para videos verticales - El Diario - Bolivia\" \/>\n<meta property=\"og:description\" content=\"Bluesky, la red social en auge, ha lanzado un nuevo feed personalizado para videos verticales, dise\u00f1ado espec\u00edficamente para captar la atenci\u00f3n de los usuarios de TikTok. Esta funci\u00f3n se encuentra en fase beta en su aplicaci\u00f3n m\u00f3vil y busca demostrar que el dicho \u00abA rey muerto, rey puesto\u00bb es m\u00e1s relevante que nunca. Donald Trump [&hellip;]\" \/>\n<meta property=\"og:url\" content=\"https:\/\/www.eldiario.net\/portal\/2025\/01\/27\/bluesky-busca-atraer-a-los-tiktokers-con-un-feed-para-videos-verticales\/\" \/>\n<meta property=\"og:site_name\" content=\"El Diario - Bolivia\" \/>\n<meta property=\"article:publisher\" content=\"https:\/\/www.facebook.com\/eldiario.bolivia\/\" \/>\n<meta property=\"article:published_time\" content=\"2025-01-27T10:27:41+00:00\" \/>\n<meta property=\"og:image\" content=\"https:\/\/www.eldiario.net\/portal\/wp-content\/uploads\/2025\/01\/6-B-2.jpg\" \/>\n\t<meta property=\"og:image:width\" content=\"986\" \/>\n\t<meta property=\"og:image:height\" content=\"658\" \/>\n\t<meta property=\"og:image:type\" content=\"image\/jpeg\" \/>\n<meta name=\"author\" content=\"Jeanette\" \/>\n<meta name=\"twitter:card\" content=\"summary_large_image\" \/>\n<meta name=\"twitter:creator\" content=\"@eldiario_net\" \/>\n<meta name=\"twitter:site\" content=\"@eldiario_net\" \/>\n<meta name=\"twitter:label1\" content=\"Escrito por\" \/>\n\t<meta name=\"twitter:data1\" content=\"Jeanette\" \/>\n\t<meta name=\"twitter:label2\" content=\"Tiempo de lectura\" \/>\n\t<meta name=\"twitter:data2\" content=\"3 minutos\" \/>\n<script type=\"application\/ld+json\" class=\"yoast-schema-graph\">{\"@context\":\"https:\\\/\\\/schema.org\",\"@graph\":[{\"@type\":\"Article\",\"@id\":\"https:\\\/\\\/www.eldiario.net\\\/portal\\\/2025\\\/01\\\/27\\\/bluesky-busca-atraer-a-los-tiktokers-con-un-feed-para-videos-verticales\\\/#article\",\"isPartOf\":{\"@id\":\"https:\\\/\\\/www.eldiario.net\\\/portal\\\/2025\\\/01\\\/27\\\/bluesky-busca-atraer-a-los-tiktokers-con-un-feed-para-videos-verticales\\\/\"},\"author\":{\"name\":\"Jeanette\",\"@id\":\"https:\\\/\\\/www.eldiario.net\\\/portal\\\/#\\\/schema\\\/person\\\/f46445640444750d7d753ccd04ae01b7\"},\"headline\":\"Bluesky busca atraer a los tiktokers con un feed para videos verticales\",\"datePublished\":\"2025-01-27T10:27:41+00:00\",\"mainEntityOfPage\":{\"@id\":\"https:\\\/\\\/www.eldiario.net\\\/portal\\\/2025\\\/01\\\/27\\\/bluesky-busca-atraer-a-los-tiktokers-con-un-feed-para-videos-verticales\\\/\"},\"wordCount\":481,\"publisher\":{\"@id\":\"https:\\\/\\\/www.eldiario.net\\\/portal\\\/#organization\"},\"image\":{\"@id\":\"https:\\\/\\\/www.eldiario.net\\\/portal\\\/2025\\\/01\\\/27\\\/bluesky-busca-atraer-a-los-tiktokers-con-un-feed-para-videos-verticales\\\/#primaryimage\"},\"thumbnailUrl\":\"https:\\\/\\\/www.eldiario.net\\\/portal\\\/wp-content\\\/uploads\\\/2025\\\/01\\\/6-B-2.jpg\",\"articleSection\":[\"Ciencia y Computaci\u00f3n\"],\"inLanguage\":\"es\"},{\"@type\":\"WebPage\",\"@id\":\"https:\\\/\\\/www.eldiario.net\\\/portal\\\/2025\\\/01\\\/27\\\/bluesky-busca-atraer-a-los-tiktokers-con-un-feed-para-videos-verticales\\\/\",\"url\":\"https:\\\/\\\/www.eldiario.net\\\/portal\\\/2025\\\/01\\\/27\\\/bluesky-busca-atraer-a-los-tiktokers-con-un-feed-para-videos-verticales\\\/\",\"name\":\"Bluesky busca atraer a los tiktokers con un feed para videos verticales - El Diario - Bolivia\",\"isPartOf\":{\"@id\":\"https:\\\/\\\/www.eldiario.net\\\/portal\\\/#website\"},\"primaryImageOfPage\":{\"@id\":\"https:\\\/\\\/www.eldiario.net\\\/portal\\\/2025\\\/01\\\/27\\\/bluesky-busca-atraer-a-los-tiktokers-con-un-feed-para-videos-verticales\\\/#primaryimage\"},\"image\":{\"@id\":\"https:\\\/\\\/www.eldiario.net\\\/portal\\\/2025\\\/01\\\/27\\\/bluesky-busca-atraer-a-los-tiktokers-con-un-feed-para-videos-verticales\\\/#primaryimage\"},\"thumbnailUrl\":\"https:\\\/\\\/www.eldiario.net\\\/portal\\\/wp-content\\\/uploads\\\/2025\\\/01\\\/6-B-2.jpg\",\"datePublished\":\"2025-01-27T10:27:41+00:00\",\"breadcrumb\":{\"@id\":\"https:\\\/\\\/www.eldiario.net\\\/portal\\\/2025\\\/01\\\/27\\\/bluesky-busca-atraer-a-los-tiktokers-con-un-feed-para-videos-verticales\\\/#breadcrumb\"},\"inLanguage\":\"es\",\"potentialAction\":[{\"@type\":\"ReadAction\",\"target\":[\"https:\\\/\\\/www.eldiario.net\\\/portal\\\/2025\\\/01\\\/27\\\/bluesky-busca-atraer-a-los-tiktokers-con-un-feed-para-videos-verticales\\\/\"]}]},{\"@type\":\"ImageObject\",\"inLanguage\":\"es\",\"@id\":\"https:\\\/\\\/www.eldiario.net\\\/portal\\\/2025\\\/01\\\/27\\\/bluesky-busca-atraer-a-los-tiktokers-con-un-feed-para-videos-verticales\\\/#primaryimage\",\"url\":\"https:\\\/\\\/www.eldiario.net\\\/portal\\\/wp-content\\\/uploads\\\/2025\\\/01\\\/6-B-2.jpg\",\"contentUrl\":\"https:\\\/\\\/www.eldiario.net\\\/portal\\\/wp-content\\\/uploads\\\/2025\\\/01\\\/6-B-2.jpg\",\"width\":986,\"height\":658},{\"@type\":\"BreadcrumbList\",\"@id\":\"https:\\\/\\\/www.eldiario.net\\\/portal\\\/2025\\\/01\\\/27\\\/bluesky-busca-atraer-a-los-tiktokers-con-un-feed-para-videos-verticales\\\/#breadcrumb\",\"itemListElement\":[{\"@type\":\"ListItem\",\"position\":1,\"name\":\"Portada\",\"item\":\"https:\\\/\\\/www.eldiario.net\\\/portal\\\/\"},{\"@type\":\"ListItem\",\"position\":2,\"name\":\"Bluesky busca atraer a los tiktokers con un feed para videos verticales\"}]},{\"@type\":\"WebSite\",\"@id\":\"https:\\\/\\\/www.eldiario.net\\\/portal\\\/#website\",\"url\":\"https:\\\/\\\/www.eldiario.net\\\/portal\\\/\",\"name\":\"El Diario - Decano de la prensa nacional\",\"description\":\"El Diario - Decano de la prensa nacional\",\"publisher\":{\"@id\":\"https:\\\/\\\/www.eldiario.net\\\/portal\\\/#organization\"},\"potentialAction\":[{\"@type\":\"SearchAction\",\"target\":{\"@type\":\"EntryPoint\",\"urlTemplate\":\"https:\\\/\\\/www.eldiario.net\\\/portal\\\/?s={search_term_string}\"},\"query-input\":{\"@type\":\"PropertyValueSpecification\",\"valueRequired\":true,\"valueName\":\"search_term_string\"}}],\"inLanguage\":\"es\"},{\"@type\":\"Organization\",\"@id\":\"https:\\\/\\\/www.eldiario.net\\\/portal\\\/#organization\",\"name\":\"El Diario - Decano de la prensa nacional\",\"url\":\"https:\\\/\\\/www.eldiario.net\\\/portal\\\/\",\"logo\":{\"@type\":\"ImageObject\",\"inLanguage\":\"es\",\"@id\":\"https:\\\/\\\/www.eldiario.net\\\/portal\\\/#\\\/schema\\\/logo\\\/image\\\/\",\"url\":\"https:\\\/\\\/www.eldiario.net\\\/portal\\\/wp-content\\\/uploads\\\/2023\\\/07\\\/logo_ED.jpg\",\"contentUrl\":\"https:\\\/\\\/www.eldiario.net\\\/portal\\\/wp-content\\\/uploads\\\/2023\\\/07\\\/logo_ED.jpg\",\"width\":272,\"height\":52,\"caption\":\"El Diario - Decano de la prensa nacional\"},\"image\":{\"@id\":\"https:\\\/\\\/www.eldiario.net\\\/portal\\\/#\\\/schema\\\/logo\\\/image\\\/\"},\"sameAs\":[\"https:\\\/\\\/www.facebook.com\\\/eldiario.bolivia\\\/\",\"https:\\\/\\\/x.com\\\/eldiario_net\"]},{\"@type\":\"Person\",\"@id\":\"https:\\\/\\\/www.eldiario.net\\\/portal\\\/#\\\/schema\\\/person\\\/f46445640444750d7d753ccd04ae01b7\",\"name\":\"Jeanette\",\"image\":{\"@type\":\"ImageObject\",\"inLanguage\":\"es\",\"@id\":\"https:\\\/\\\/secure.gravatar.com\\\/avatar\\\/3ea2118a5f7dad2b7138b1187a6b7ee55f160b9968b66013c3a3ef39dd7e5798?s=96&d=mm&r=g\",\"url\":\"https:\\\/\\\/secure.gravatar.com\\\/avatar\\\/3ea2118a5f7dad2b7138b1187a6b7ee55f160b9968b66013c3a3ef39dd7e5798?s=96&d=mm&r=g\",\"contentUrl\":\"https:\\\/\\\/secure.gravatar.com\\\/avatar\\\/3ea2118a5f7dad2b7138b1187a6b7ee55f160b9968b66013c3a3ef39dd7e5798?s=96&d=mm&r=g\",\"caption\":\"Jeanette\"},\"sameAs\":[\"https:\\\/\\\/www.eldiario.net\\\/portal\"],\"url\":\"https:\\\/\\\/www.eldiario.net\\\/portal\\\/author\\\/jeanette\\\/\"}]}<\/script>\n<!-- \/ Yoast SEO plugin. -->","yoast_head_json":{"title":"Bluesky busca atraer a los tiktokers con un feed para videos verticales - El Diario - Bolivia","robots":{"index":"index","follow":"follow","max-snippet":"max-snippet:-1","max-image-preview":"max-image-preview:large","max-video-preview":"max-video-preview:-1"},"canonical":"https:\/\/www.eldiario.net\/portal\/2025\/01\/27\/bluesky-busca-atraer-a-los-tiktokers-con-un-feed-para-videos-verticales\/","og_locale":"es_ES","og_type":"article","og_title":"Bluesky busca atraer a los tiktokers con un feed para videos verticales - El Diario - Bolivia","og_description":"Bluesky, la red social en auge, ha lanzado un nuevo feed personalizado para videos verticales, dise\u00f1ado espec\u00edficamente para captar la atenci\u00f3n de los usuarios de TikTok. Esta funci\u00f3n se encuentra en fase beta en su aplicaci\u00f3n m\u00f3vil y busca demostrar que el dicho \u00abA rey muerto, rey puesto\u00bb es m\u00e1s relevante que nunca. Donald Trump [&hellip;]","og_url":"https:\/\/www.eldiario.net\/portal\/2025\/01\/27\/bluesky-busca-atraer-a-los-tiktokers-con-un-feed-para-videos-verticales\/","og_site_name":"El Diario - Bolivia","article_publisher":"https:\/\/www.facebook.com\/eldiario.bolivia\/","article_published_time":"2025-01-27T10:27:41+00:00","og_image":[{"width":986,"height":658,"url":"https:\/\/www.eldiario.net\/portal\/wp-content\/uploads\/2025\/01\/6-B-2.jpg","type":"image\/jpeg"}],"author":"Jeanette","twitter_card":"summary_large_image","twitter_creator":"@eldiario_net","twitter_site":"@eldiario_net","twitter_misc":{"Escrito por":"Jeanette","Tiempo de lectura":"3 minutos"},"schema":{"@context":"https:\/\/schema.org","@graph":[{"@type":"Article","@id":"https:\/\/www.eldiario.net\/portal\/2025\/01\/27\/bluesky-busca-atraer-a-los-tiktokers-con-un-feed-para-videos-verticales\/#article","isPartOf":{"@id":"https:\/\/www.eldiario.net\/portal\/2025\/01\/27\/bluesky-busca-atraer-a-los-tiktokers-con-un-feed-para-videos-verticales\/"},"author":{"name":"Jeanette","@id":"https:\/\/www.eldiario.net\/portal\/#\/schema\/person\/f46445640444750d7d753ccd04ae01b7"},"headline":"Bluesky busca atraer a los tiktokers con un feed para videos verticales","datePublished":"2025-01-27T10:27:41+00:00","mainEntityOfPage":{"@id":"https:\/\/www.eldiario.net\/portal\/2025\/01\/27\/bluesky-busca-atraer-a-los-tiktokers-con-un-feed-para-videos-verticales\/"},"wordCount":481,"publisher":{"@id":"https:\/\/www.eldiario.net\/portal\/#organization"},"image":{"@id":"https:\/\/www.eldiario.net\/portal\/2025\/01\/27\/bluesky-busca-atraer-a-los-tiktokers-con-un-feed-para-videos-verticales\/#primaryimage"},"thumbnailUrl":"https:\/\/www.eldiario.net\/portal\/wp-content\/uploads\/2025\/01\/6-B-2.jpg","articleSection":["Ciencia y Computaci\u00f3n"],"inLanguage":"es"},{"@type":"WebPage","@id":"https:\/\/www.eldiario.net\/portal\/2025\/01\/27\/bluesky-busca-atraer-a-los-tiktokers-con-un-feed-para-videos-verticales\/","url":"https:\/\/www.eldiario.net\/portal\/2025\/01\/27\/bluesky-busca-atraer-a-los-tiktokers-con-un-feed-para-videos-verticales\/","name":"Bluesky busca atraer a los tiktokers con un feed para videos verticales - El Diario - Bolivia","isPartOf":{"@id":"https:\/\/www.eldiario.net\/portal\/#website"},"primaryImageOfPage":{"@id":"https:\/\/www.eldiario.net\/portal\/2025\/01\/27\/bluesky-busca-atraer-a-los-tiktokers-con-un-feed-para-videos-verticales\/#primaryimage"},"image":{"@id":"https:\/\/www.eldiario.net\/portal\/2025\/01\/27\/bluesky-busca-atraer-a-los-tiktokers-con-un-feed-para-videos-verticales\/#primaryimage"},"thumbnailUrl":"https:\/\/www.eldiario.net\/portal\/wp-content\/uploads\/2025\/01\/6-B-2.jpg","datePublished":"2025-01-27T10:27:41+00:00","breadcrumb":{"@id":"https:\/\/www.eldiario.net\/portal\/2025\/01\/27\/bluesky-busca-atraer-a-los-tiktokers-con-un-feed-para-videos-verticales\/#breadcrumb"},"inLanguage":"es","potentialAction":[{"@type":"ReadAction","target":["https:\/\/www.eldiario.net\/portal\/2025\/01\/27\/bluesky-busca-atraer-a-los-tiktokers-con-un-feed-para-videos-verticales\/"]}]},{"@type":"ImageObject","inLanguage":"es","@id":"https:\/\/www.eldiario.net\/portal\/2025\/01\/27\/bluesky-busca-atraer-a-los-tiktokers-con-un-feed-para-videos-verticales\/#primaryimage","url":"https:\/\/www.eldiario.net\/portal\/wp-content\/uploads\/2025\/01\/6-B-2.jpg","contentUrl":"https:\/\/www.eldiario.net\/portal\/wp-content\/uploads\/2025\/01\/6-B-2.jpg","width":986,"height":658},{"@type":"BreadcrumbList","@id":"https:\/\/www.eldiario.net\/portal\/2025\/01\/27\/bluesky-busca-atraer-a-los-tiktokers-con-un-feed-para-videos-verticales\/#breadcrumb","itemListElement":[{"@type":"ListItem","position":1,"name":"Portada","item":"https:\/\/www.eldiario.net\/portal\/"},{"@type":"ListItem","position":2,"name":"Bluesky busca atraer a los tiktokers con un feed para videos verticales"}]},{"@type":"WebSite","@id":"https:\/\/www.eldiario.net\/portal\/#website","url":"https:\/\/www.eldiario.net\/portal\/","name":"El Diario - Decano de la prensa nacional","description":"El Diario - Decano de la prensa nacional","publisher":{"@id":"https:\/\/www.eldiario.net\/portal\/#organization"},"potentialAction":[{"@type":"SearchAction","target":{"@type":"EntryPoint","urlTemplate":"https:\/\/www.eldiario.net\/portal\/?s={search_term_string}"},"query-input":{"@type":"PropertyValueSpecification","valueRequired":true,"valueName":"search_term_string"}}],"inLanguage":"es"},{"@type":"Organization","@id":"https:\/\/www.eldiario.net\/portal\/#organization","name":"El Diario - Decano de la prensa nacional","url":"https:\/\/www.eldiario.net\/portal\/","logo":{"@type":"ImageObject","inLanguage":"es","@id":"https:\/\/www.eldiario.net\/portal\/#\/schema\/logo\/image\/","url":"https:\/\/www.eldiario.net\/portal\/wp-content\/uploads\/2023\/07\/logo_ED.jpg","contentUrl":"https:\/\/www.eldiario.net\/portal\/wp-content\/uploads\/2023\/07\/logo_ED.jpg","width":272,"height":52,"caption":"El Diario - Decano de la prensa nacional"},"image":{"@id":"https:\/\/www.eldiario.net\/portal\/#\/schema\/logo\/image\/"},"sameAs":["https:\/\/www.facebook.com\/eldiario.bolivia\/","https:\/\/x.com\/eldiario_net"]},{"@type":"Person","@id":"https:\/\/www.eldiario.net\/portal\/#\/schema\/person\/f46445640444750d7d753ccd04ae01b7","name":"Jeanette","image":{"@type":"ImageObject","inLanguage":"es","@id":"https:\/\/secure.gravatar.com\/avatar\/3ea2118a5f7dad2b7138b1187a6b7ee55f160b9968b66013c3a3ef39dd7e5798?s=96&d=mm&r=g","url":"https:\/\/secure.gravatar.com\/avatar\/3ea2118a5f7dad2b7138b1187a6b7ee55f160b9968b66013c3a3ef39dd7e5798?s=96&d=mm&r=g","contentUrl":"https:\/\/secure.gravatar.com\/avatar\/3ea2118a5f7dad2b7138b1187a6b7ee55f160b9968b66013c3a3ef39dd7e5798?s=96&d=mm&r=g","caption":"Jeanette"},"sameAs":["https:\/\/www.eldiario.net\/portal"],"url":"https:\/\/www.eldiario.net\/portal\/author\/jeanette\/"}]}},"_links":{"self":[{"href":"https:\/\/www.eldiario.net\/portal\/wp-json\/wp\/v2\/posts\/277542","targetHints":{"allow":["GET"]}}],"collection":[{"href":"https:\/\/www.eldiario.net\/portal\/wp-json\/wp\/v2\/posts"}],"about":[{"href":"https:\/\/www.eldiario.net\/portal\/wp-json\/wp\/v2\/types\/post"}],"author":[{"embeddable":true,"href":"https:\/\/www.eldiario.net\/portal\/wp-json\/wp\/v2\/users\/1"}],"replies":[{"embeddable":true,"href":"https:\/\/www.eldiario.net\/portal\/wp-json\/wp\/v2\/comments?post=277542"}],"version-history":[{"count":1,"href":"https:\/\/www.eldiario.net\/portal\/wp-json\/wp\/v2\/posts\/277542\/revisions"}],"predecessor-version":[{"id":277544,"href":"https:\/\/www.eldiario.net\/portal\/wp-json\/wp\/v2\/posts\/277542\/revisions\/277544"}],"wp:featuredmedia":[{"embeddable":true,"href":"https:\/\/www.eldiario.net\/portal\/wp-json\/wp\/v2\/media\/277543"}],"wp:attachment":[{"href":"https:\/\/www.eldiario.net\/portal\/wp-json\/wp\/v2\/media?parent=277542"}],"wp:term":[{"taxonomy":"category","embeddable":true,"href":"https:\/\/www.eldiario.net\/portal\/wp-json\/wp\/v2\/categories?post=277542"},{"taxonomy":"post_tag","embeddable":true,"href":"https:\/\/www.eldiario.net\/portal\/wp-json\/wp\/v2\/tags?post=277542"}],"curies":[{"name":"wp","href":"https:\/\/api.w.org\/{rel}","templated":true}]}}