{"id":277539,"date":"2025-01-27T06:27:14","date_gmt":"2025-01-27T10:27:14","guid":{"rendered":"https:\/\/www.eldiario.net\/portal\/?p=277539"},"modified":"2025-01-27T06:27:14","modified_gmt":"2025-01-27T10:27:14","slug":"un-diminuto-robot-del-tamano-de-un-grano-de-arroz-promete-transformar-las-cirugias-cerebrales","status":"publish","type":"post","link":"https:\/\/www.eldiario.net\/portal\/2025\/01\/27\/un-diminuto-robot-del-tamano-de-un-grano-de-arroz-promete-transformar-las-cirugias-cerebrales\/","title":{"rendered":"Un diminuto robot del tama\u00f1o de un grano de arroz promete transformar las cirug\u00edas cerebrales"},"content":{"rendered":"<p>Las intervenciones quir\u00fargicas en el cerebro suelen ser extremadamente complejas, pero los avances en rob\u00f3tica nos brindan cada vez m\u00e1s herramientas que permiten realizarlas de manera m\u00e1s segura y con menos riesgos. La startup Robeaut\u00e9 ha logrado un avance significativo al desarrollar un robot de tama\u00f1o reducido que act\u00faa como una herramienta m\u00ednimamente invasiva, capaz de llevar a cabo m\u00faltiples tareas que antes requer\u00edan cirug\u00edas cerebrales complicadas.<\/p>\n<p>Este innovador robot puede ser introducido en el cerebro y seguir el trayecto indicado por el neurocirujano, permitiendo realizar diversas funciones, como recoger muestras de tejido para biopsias, administrar medicamentos en \u00e1reas espec\u00edficas del cerebro en dosis controladas e incluso implantar electrodos para tratar enfermedades como el Parkinson.<\/p>\n<p>La historia detr\u00e1s de este proyecto es profundamente personal. Uno de los cofundadores de Robeaut\u00e9 se vio motivado por el diagn\u00f3stico de un tumor cerebral inoperable en su madre, lo que llev\u00f3 al equipo a cambiar su enfoque de dise\u00f1ar robots para trabajos medioambientales extremos a crear este \u00abmini robot cirujano\u00bb. Bertrand Duplat, otro de los fundadores, tambi\u00e9n mencion\u00f3 la frustraci\u00f3n que sienten muchos neurocirujanos con las limitaciones de las cirug\u00edas actuales, que a menudo no pueden acceder a \u00e1reas cr\u00edticas del cerebro debido a su naturaleza invasiva, lo que podr\u00eda causar da\u00f1os irreparables.<\/p>\n<p>Hasta ahora, este robot ha superado exitosamente dos fases de pruebas importantes, realizadas con cad\u00e1veres de animales y humanos. Su pr\u00f3ximo gran desaf\u00edo est\u00e1 programado para 2026, cuando podr\u00eda llevar a cabo su primera prueba en pacientes vivos, siempre y cuando reciba la aprobaci\u00f3n de la FDA en Estados Unidos.<\/p>\n<p>La respuesta de los neurocirujanos a nivel mundial ha sido abrumadoramente positiva, seg\u00fan los fundadores de Robeaut\u00e9, quienes reconocen la necesidad y el valor de una herramienta como esta. Aunque a\u00fan quedan a\u00f1os y obst\u00e1culos por superar antes de que este robot pueda ser utilizado ampliamente en cirug\u00edas cerebrales, no cabe duda de que podr\u00eda convertirse en un aliado poderoso para los m\u00e9dicos y mejorar nuestras posibilidades en la lucha contra enfermedades con alta mortalidad.<\/p>\n","protected":false},"excerpt":{"rendered":"<p>Las intervenciones quir\u00fargicas en el cerebro suelen ser extremadamente complejas, pero los avances en rob\u00f3tica nos brindan cada vez m\u00e1s herramientas que permiten realizarlas de manera m\u00e1s segura y con menos riesgos. La startup Robeaut\u00e9 ha logrado un avance significativo al desarrollar un robot de tama\u00f1o reducido que act\u00faa como una herramienta m\u00ednimamente invasiva, capaz [&hellip;]<\/p>\n","protected":false},"author":1,"featured_media":277540,"comment_status":"closed","ping_status":"open","sticky":false,"template":"","format":"standard","meta":{"_acf_changed":false,"footnotes":""},"categories":[46],"tags":[],"class_list":["post-277539","post","type-post","status-publish","format-standard","has-post-thumbnail","category-ciencia-computacion"],"acf":{"antetitulo":""},"yoast_head":"<!-- This site is optimized with the Yoast SEO plugin v28.4 - https:\/\/yoast.com\/product\/yoast-seo-wordpress\/ -->\n<title>Un diminuto robot del tama\u00f1o de un grano de arroz promete transformar las cirug\u00edas cerebrales - El Diario - Bolivia<\/title>\n<meta name=\"robots\" content=\"index, follow, max-snippet:-1, max-image-preview:large, max-video-preview:-1\" \/>\n<link rel=\"canonical\" href=\"https:\/\/www.eldiario.net\/portal\/2025\/01\/27\/un-diminuto-robot-del-tamano-de-un-grano-de-arroz-promete-transformar-las-cirugias-cerebrales\/\" \/>\n<meta property=\"og:locale\" content=\"es_ES\" \/>\n<meta property=\"og:type\" content=\"article\" \/>\n<meta property=\"og:title\" content=\"Un diminuto robot del tama\u00f1o de un grano de arroz promete transformar las cirug\u00edas cerebrales - El Diario - Bolivia\" \/>\n<meta property=\"og:description\" content=\"Las intervenciones quir\u00fargicas en el cerebro suelen ser extremadamente complejas, pero los avances en rob\u00f3tica nos brindan cada vez m\u00e1s herramientas que permiten realizarlas de manera m\u00e1s segura y con menos riesgos. La startup Robeaut\u00e9 ha logrado un avance significativo al desarrollar un robot de tama\u00f1o reducido que act\u00faa como una herramienta m\u00ednimamente invasiva, capaz [&hellip;]\" \/>\n<meta property=\"og:url\" content=\"https:\/\/www.eldiario.net\/portal\/2025\/01\/27\/un-diminuto-robot-del-tamano-de-un-grano-de-arroz-promete-transformar-las-cirugias-cerebrales\/\" \/>\n<meta property=\"og:site_name\" content=\"El Diario - Bolivia\" \/>\n<meta property=\"article:publisher\" content=\"https:\/\/www.facebook.com\/eldiario.bolivia\/\" \/>\n<meta property=\"article:published_time\" content=\"2025-01-27T10:27:14+00:00\" \/>\n<meta property=\"og:image\" content=\"https:\/\/www.eldiario.net\/portal\/wp-content\/uploads\/2025\/01\/7-A-3.jpg\" \/>\n\t<meta property=\"og:image:width\" content=\"1030\" \/>\n\t<meta property=\"og:image:height\" content=\"680\" \/>\n\t<meta property=\"og:image:type\" content=\"image\/jpeg\" \/>\n<meta name=\"author\" content=\"Jeanette\" \/>\n<meta name=\"twitter:card\" content=\"summary_large_image\" \/>\n<meta name=\"twitter:creator\" content=\"@eldiario_net\" \/>\n<meta name=\"twitter:site\" content=\"@eldiario_net\" \/>\n<meta name=\"twitter:label1\" content=\"Escrito por\" \/>\n\t<meta name=\"twitter:data1\" content=\"Jeanette\" \/>\n\t<meta name=\"twitter:label2\" content=\"Tiempo de lectura\" \/>\n\t<meta name=\"twitter:data2\" content=\"2 minutos\" \/>\n<script type=\"application\/ld+json\" class=\"yoast-schema-graph\">{\"@context\":\"https:\\\/\\\/schema.org\",\"@graph\":[{\"@type\":\"Article\",\"@id\":\"https:\\\/\\\/www.eldiario.net\\\/portal\\\/2025\\\/01\\\/27\\\/un-diminuto-robot-del-tamano-de-un-grano-de-arroz-promete-transformar-las-cirugias-cerebrales\\\/#article\",\"isPartOf\":{\"@id\":\"https:\\\/\\\/www.eldiario.net\\\/portal\\\/2025\\\/01\\\/27\\\/un-diminuto-robot-del-tamano-de-un-grano-de-arroz-promete-transformar-las-cirugias-cerebrales\\\/\"},\"author\":{\"name\":\"Jeanette\",\"@id\":\"https:\\\/\\\/www.eldiario.net\\\/portal\\\/#\\\/schema\\\/person\\\/f46445640444750d7d753ccd04ae01b7\"},\"headline\":\"Un diminuto robot del tama\u00f1o de un grano de arroz promete transformar las cirug\u00edas cerebrales\",\"datePublished\":\"2025-01-27T10:27:14+00:00\",\"mainEntityOfPage\":{\"@id\":\"https:\\\/\\\/www.eldiario.net\\\/portal\\\/2025\\\/01\\\/27\\\/un-diminuto-robot-del-tamano-de-un-grano-de-arroz-promete-transformar-las-cirugias-cerebrales\\\/\"},\"wordCount\":382,\"publisher\":{\"@id\":\"https:\\\/\\\/www.eldiario.net\\\/portal\\\/#organization\"},\"image\":{\"@id\":\"https:\\\/\\\/www.eldiario.net\\\/portal\\\/2025\\\/01\\\/27\\\/un-diminuto-robot-del-tamano-de-un-grano-de-arroz-promete-transformar-las-cirugias-cerebrales\\\/#primaryimage\"},\"thumbnailUrl\":\"https:\\\/\\\/www.eldiario.net\\\/portal\\\/wp-content\\\/uploads\\\/2025\\\/01\\\/7-A-3.jpg\",\"articleSection\":[\"Ciencia y Computaci\u00f3n\"],\"inLanguage\":\"es\"},{\"@type\":\"WebPage\",\"@id\":\"https:\\\/\\\/www.eldiario.net\\\/portal\\\/2025\\\/01\\\/27\\\/un-diminuto-robot-del-tamano-de-un-grano-de-arroz-promete-transformar-las-cirugias-cerebrales\\\/\",\"url\":\"https:\\\/\\\/www.eldiario.net\\\/portal\\\/2025\\\/01\\\/27\\\/un-diminuto-robot-del-tamano-de-un-grano-de-arroz-promete-transformar-las-cirugias-cerebrales\\\/\",\"name\":\"Un diminuto robot del tama\u00f1o de un grano de arroz promete transformar las cirug\u00edas cerebrales - El Diario - Bolivia\",\"isPartOf\":{\"@id\":\"https:\\\/\\\/www.eldiario.net\\\/portal\\\/#website\"},\"primaryImageOfPage\":{\"@id\":\"https:\\\/\\\/www.eldiario.net\\\/portal\\\/2025\\\/01\\\/27\\\/un-diminuto-robot-del-tamano-de-un-grano-de-arroz-promete-transformar-las-cirugias-cerebrales\\\/#primaryimage\"},\"image\":{\"@id\":\"https:\\\/\\\/www.eldiario.net\\\/portal\\\/2025\\\/01\\\/27\\\/un-diminuto-robot-del-tamano-de-un-grano-de-arroz-promete-transformar-las-cirugias-cerebrales\\\/#primaryimage\"},\"thumbnailUrl\":\"https:\\\/\\\/www.eldiario.net\\\/portal\\\/wp-content\\\/uploads\\\/2025\\\/01\\\/7-A-3.jpg\",\"datePublished\":\"2025-01-27T10:27:14+00:00\",\"breadcrumb\":{\"@id\":\"https:\\\/\\\/www.eldiario.net\\\/portal\\\/2025\\\/01\\\/27\\\/un-diminuto-robot-del-tamano-de-un-grano-de-arroz-promete-transformar-las-cirugias-cerebrales\\\/#breadcrumb\"},\"inLanguage\":\"es\",\"potentialAction\":[{\"@type\":\"ReadAction\",\"target\":[\"https:\\\/\\\/www.eldiario.net\\\/portal\\\/2025\\\/01\\\/27\\\/un-diminuto-robot-del-tamano-de-un-grano-de-arroz-promete-transformar-las-cirugias-cerebrales\\\/\"]}]},{\"@type\":\"ImageObject\",\"inLanguage\":\"es\",\"@id\":\"https:\\\/\\\/www.eldiario.net\\\/portal\\\/2025\\\/01\\\/27\\\/un-diminuto-robot-del-tamano-de-un-grano-de-arroz-promete-transformar-las-cirugias-cerebrales\\\/#primaryimage\",\"url\":\"https:\\\/\\\/www.eldiario.net\\\/portal\\\/wp-content\\\/uploads\\\/2025\\\/01\\\/7-A-3.jpg\",\"contentUrl\":\"https:\\\/\\\/www.eldiario.net\\\/portal\\\/wp-content\\\/uploads\\\/2025\\\/01\\\/7-A-3.jpg\",\"width\":1030,\"height\":680},{\"@type\":\"BreadcrumbList\",\"@id\":\"https:\\\/\\\/www.eldiario.net\\\/portal\\\/2025\\\/01\\\/27\\\/un-diminuto-robot-del-tamano-de-un-grano-de-arroz-promete-transformar-las-cirugias-cerebrales\\\/#breadcrumb\",\"itemListElement\":[{\"@type\":\"ListItem\",\"position\":1,\"name\":\"Portada\",\"item\":\"https:\\\/\\\/www.eldiario.net\\\/portal\\\/\"},{\"@type\":\"ListItem\",\"position\":2,\"name\":\"Un diminuto robot del tama\u00f1o de un grano de arroz promete transformar las cirug\u00edas cerebrales\"}]},{\"@type\":\"WebSite\",\"@id\":\"https:\\\/\\\/www.eldiario.net\\\/portal\\\/#website\",\"url\":\"https:\\\/\\\/www.eldiario.net\\\/portal\\\/\",\"name\":\"El Diario - Decano de la prensa nacional\",\"description\":\"El Diario - Decano de la prensa nacional\",\"publisher\":{\"@id\":\"https:\\\/\\\/www.eldiario.net\\\/portal\\\/#organization\"},\"potentialAction\":[{\"@type\":\"SearchAction\",\"target\":{\"@type\":\"EntryPoint\",\"urlTemplate\":\"https:\\\/\\\/www.eldiario.net\\\/portal\\\/?s={search_term_string}\"},\"query-input\":{\"@type\":\"PropertyValueSpecification\",\"valueRequired\":true,\"valueName\":\"search_term_string\"}}],\"inLanguage\":\"es\"},{\"@type\":\"Organization\",\"@id\":\"https:\\\/\\\/www.eldiario.net\\\/portal\\\/#organization\",\"name\":\"El Diario - Decano de la prensa nacional\",\"url\":\"https:\\\/\\\/www.eldiario.net\\\/portal\\\/\",\"logo\":{\"@type\":\"ImageObject\",\"inLanguage\":\"es\",\"@id\":\"https:\\\/\\\/www.eldiario.net\\\/portal\\\/#\\\/schema\\\/logo\\\/image\\\/\",\"url\":\"https:\\\/\\\/www.eldiario.net\\\/portal\\\/wp-content\\\/uploads\\\/2023\\\/07\\\/logo_ED.jpg\",\"contentUrl\":\"https:\\\/\\\/www.eldiario.net\\\/portal\\\/wp-content\\\/uploads\\\/2023\\\/07\\\/logo_ED.jpg\",\"width\":272,\"height\":52,\"caption\":\"El Diario - Decano de la prensa nacional\"},\"image\":{\"@id\":\"https:\\\/\\\/www.eldiario.net\\\/portal\\\/#\\\/schema\\\/logo\\\/image\\\/\"},\"sameAs\":[\"https:\\\/\\\/www.facebook.com\\\/eldiario.bolivia\\\/\",\"https:\\\/\\\/x.com\\\/eldiario_net\"]},{\"@type\":\"Person\",\"@id\":\"https:\\\/\\\/www.eldiario.net\\\/portal\\\/#\\\/schema\\\/person\\\/f46445640444750d7d753ccd04ae01b7\",\"name\":\"Jeanette\",\"image\":{\"@type\":\"ImageObject\",\"inLanguage\":\"es\",\"@id\":\"https:\\\/\\\/secure.gravatar.com\\\/avatar\\\/3ea2118a5f7dad2b7138b1187a6b7ee55f160b9968b66013c3a3ef39dd7e5798?s=96&d=mm&r=g\",\"url\":\"https:\\\/\\\/secure.gravatar.com\\\/avatar\\\/3ea2118a5f7dad2b7138b1187a6b7ee55f160b9968b66013c3a3ef39dd7e5798?s=96&d=mm&r=g\",\"contentUrl\":\"https:\\\/\\\/secure.gravatar.com\\\/avatar\\\/3ea2118a5f7dad2b7138b1187a6b7ee55f160b9968b66013c3a3ef39dd7e5798?s=96&d=mm&r=g\",\"caption\":\"Jeanette\"},\"sameAs\":[\"https:\\\/\\\/www.eldiario.net\\\/portal\"],\"url\":\"https:\\\/\\\/www.eldiario.net\\\/portal\\\/author\\\/jeanette\\\/\"}]}<\/script>\n<!-- \/ Yoast SEO plugin. -->","yoast_head_json":{"title":"Un diminuto robot del tama\u00f1o de un grano de arroz promete transformar las cirug\u00edas cerebrales - El Diario - Bolivia","robots":{"index":"index","follow":"follow","max-snippet":"max-snippet:-1","max-image-preview":"max-image-preview:large","max-video-preview":"max-video-preview:-1"},"canonical":"https:\/\/www.eldiario.net\/portal\/2025\/01\/27\/un-diminuto-robot-del-tamano-de-un-grano-de-arroz-promete-transformar-las-cirugias-cerebrales\/","og_locale":"es_ES","og_type":"article","og_title":"Un diminuto robot del tama\u00f1o de un grano de arroz promete transformar las cirug\u00edas cerebrales - El Diario - Bolivia","og_description":"Las intervenciones quir\u00fargicas en el cerebro suelen ser extremadamente complejas, pero los avances en rob\u00f3tica nos brindan cada vez m\u00e1s herramientas que permiten realizarlas de manera m\u00e1s segura y con menos riesgos. La startup Robeaut\u00e9 ha logrado un avance significativo al desarrollar un robot de tama\u00f1o reducido que act\u00faa como una herramienta m\u00ednimamente invasiva, capaz [&hellip;]","og_url":"https:\/\/www.eldiario.net\/portal\/2025\/01\/27\/un-diminuto-robot-del-tamano-de-un-grano-de-arroz-promete-transformar-las-cirugias-cerebrales\/","og_site_name":"El Diario - Bolivia","article_publisher":"https:\/\/www.facebook.com\/eldiario.bolivia\/","article_published_time":"2025-01-27T10:27:14+00:00","og_image":[{"width":1030,"height":680,"url":"https:\/\/www.eldiario.net\/portal\/wp-content\/uploads\/2025\/01\/7-A-3.jpg","type":"image\/jpeg"}],"author":"Jeanette","twitter_card":"summary_large_image","twitter_creator":"@eldiario_net","twitter_site":"@eldiario_net","twitter_misc":{"Escrito por":"Jeanette","Tiempo de lectura":"2 minutos"},"schema":{"@context":"https:\/\/schema.org","@graph":[{"@type":"Article","@id":"https:\/\/www.eldiario.net\/portal\/2025\/01\/27\/un-diminuto-robot-del-tamano-de-un-grano-de-arroz-promete-transformar-las-cirugias-cerebrales\/#article","isPartOf":{"@id":"https:\/\/www.eldiario.net\/portal\/2025\/01\/27\/un-diminuto-robot-del-tamano-de-un-grano-de-arroz-promete-transformar-las-cirugias-cerebrales\/"},"author":{"name":"Jeanette","@id":"https:\/\/www.eldiario.net\/portal\/#\/schema\/person\/f46445640444750d7d753ccd04ae01b7"},"headline":"Un diminuto robot del tama\u00f1o de un grano de arroz promete transformar las cirug\u00edas cerebrales","datePublished":"2025-01-27T10:27:14+00:00","mainEntityOfPage":{"@id":"https:\/\/www.eldiario.net\/portal\/2025\/01\/27\/un-diminuto-robot-del-tamano-de-un-grano-de-arroz-promete-transformar-las-cirugias-cerebrales\/"},"wordCount":382,"publisher":{"@id":"https:\/\/www.eldiario.net\/portal\/#organization"},"image":{"@id":"https:\/\/www.eldiario.net\/portal\/2025\/01\/27\/un-diminuto-robot-del-tamano-de-un-grano-de-arroz-promete-transformar-las-cirugias-cerebrales\/#primaryimage"},"thumbnailUrl":"https:\/\/www.eldiario.net\/portal\/wp-content\/uploads\/2025\/01\/7-A-3.jpg","articleSection":["Ciencia y Computaci\u00f3n"],"inLanguage":"es"},{"@type":"WebPage","@id":"https:\/\/www.eldiario.net\/portal\/2025\/01\/27\/un-diminuto-robot-del-tamano-de-un-grano-de-arroz-promete-transformar-las-cirugias-cerebrales\/","url":"https:\/\/www.eldiario.net\/portal\/2025\/01\/27\/un-diminuto-robot-del-tamano-de-un-grano-de-arroz-promete-transformar-las-cirugias-cerebrales\/","name":"Un diminuto robot del tama\u00f1o de un grano de arroz promete transformar las cirug\u00edas cerebrales - El Diario - Bolivia","isPartOf":{"@id":"https:\/\/www.eldiario.net\/portal\/#website"},"primaryImageOfPage":{"@id":"https:\/\/www.eldiario.net\/portal\/2025\/01\/27\/un-diminuto-robot-del-tamano-de-un-grano-de-arroz-promete-transformar-las-cirugias-cerebrales\/#primaryimage"},"image":{"@id":"https:\/\/www.eldiario.net\/portal\/2025\/01\/27\/un-diminuto-robot-del-tamano-de-un-grano-de-arroz-promete-transformar-las-cirugias-cerebrales\/#primaryimage"},"thumbnailUrl":"https:\/\/www.eldiario.net\/portal\/wp-content\/uploads\/2025\/01\/7-A-3.jpg","datePublished":"2025-01-27T10:27:14+00:00","breadcrumb":{"@id":"https:\/\/www.eldiario.net\/portal\/2025\/01\/27\/un-diminuto-robot-del-tamano-de-un-grano-de-arroz-promete-transformar-las-cirugias-cerebrales\/#breadcrumb"},"inLanguage":"es","potentialAction":[{"@type":"ReadAction","target":["https:\/\/www.eldiario.net\/portal\/2025\/01\/27\/un-diminuto-robot-del-tamano-de-un-grano-de-arroz-promete-transformar-las-cirugias-cerebrales\/"]}]},{"@type":"ImageObject","inLanguage":"es","@id":"https:\/\/www.eldiario.net\/portal\/2025\/01\/27\/un-diminuto-robot-del-tamano-de-un-grano-de-arroz-promete-transformar-las-cirugias-cerebrales\/#primaryimage","url":"https:\/\/www.eldiario.net\/portal\/wp-content\/uploads\/2025\/01\/7-A-3.jpg","contentUrl":"https:\/\/www.eldiario.net\/portal\/wp-content\/uploads\/2025\/01\/7-A-3.jpg","width":1030,"height":680},{"@type":"BreadcrumbList","@id":"https:\/\/www.eldiario.net\/portal\/2025\/01\/27\/un-diminuto-robot-del-tamano-de-un-grano-de-arroz-promete-transformar-las-cirugias-cerebrales\/#breadcrumb","itemListElement":[{"@type":"ListItem","position":1,"name":"Portada","item":"https:\/\/www.eldiario.net\/portal\/"},{"@type":"ListItem","position":2,"name":"Un diminuto robot del tama\u00f1o de un grano de arroz promete transformar las cirug\u00edas cerebrales"}]},{"@type":"WebSite","@id":"https:\/\/www.eldiario.net\/portal\/#website","url":"https:\/\/www.eldiario.net\/portal\/","name":"El Diario - Decano de la prensa nacional","description":"El Diario - Decano de la prensa nacional","publisher":{"@id":"https:\/\/www.eldiario.net\/portal\/#organization"},"potentialAction":[{"@type":"SearchAction","target":{"@type":"EntryPoint","urlTemplate":"https:\/\/www.eldiario.net\/portal\/?s={search_term_string}"},"query-input":{"@type":"PropertyValueSpecification","valueRequired":true,"valueName":"search_term_string"}}],"inLanguage":"es"},{"@type":"Organization","@id":"https:\/\/www.eldiario.net\/portal\/#organization","name":"El Diario - Decano de la prensa nacional","url":"https:\/\/www.eldiario.net\/portal\/","logo":{"@type":"ImageObject","inLanguage":"es","@id":"https:\/\/www.eldiario.net\/portal\/#\/schema\/logo\/image\/","url":"https:\/\/www.eldiario.net\/portal\/wp-content\/uploads\/2023\/07\/logo_ED.jpg","contentUrl":"https:\/\/www.eldiario.net\/portal\/wp-content\/uploads\/2023\/07\/logo_ED.jpg","width":272,"height":52,"caption":"El Diario - Decano de la prensa nacional"},"image":{"@id":"https:\/\/www.eldiario.net\/portal\/#\/schema\/logo\/image\/"},"sameAs":["https:\/\/www.facebook.com\/eldiario.bolivia\/","https:\/\/x.com\/eldiario_net"]},{"@type":"Person","@id":"https:\/\/www.eldiario.net\/portal\/#\/schema\/person\/f46445640444750d7d753ccd04ae01b7","name":"Jeanette","image":{"@type":"ImageObject","inLanguage":"es","@id":"https:\/\/secure.gravatar.com\/avatar\/3ea2118a5f7dad2b7138b1187a6b7ee55f160b9968b66013c3a3ef39dd7e5798?s=96&d=mm&r=g","url":"https:\/\/secure.gravatar.com\/avatar\/3ea2118a5f7dad2b7138b1187a6b7ee55f160b9968b66013c3a3ef39dd7e5798?s=96&d=mm&r=g","contentUrl":"https:\/\/secure.gravatar.com\/avatar\/3ea2118a5f7dad2b7138b1187a6b7ee55f160b9968b66013c3a3ef39dd7e5798?s=96&d=mm&r=g","caption":"Jeanette"},"sameAs":["https:\/\/www.eldiario.net\/portal"],"url":"https:\/\/www.eldiario.net\/portal\/author\/jeanette\/"}]}},"_links":{"self":[{"href":"https:\/\/www.eldiario.net\/portal\/wp-json\/wp\/v2\/posts\/277539","targetHints":{"allow":["GET"]}}],"collection":[{"href":"https:\/\/www.eldiario.net\/portal\/wp-json\/wp\/v2\/posts"}],"about":[{"href":"https:\/\/www.eldiario.net\/portal\/wp-json\/wp\/v2\/types\/post"}],"author":[{"embeddable":true,"href":"https:\/\/www.eldiario.net\/portal\/wp-json\/wp\/v2\/users\/1"}],"replies":[{"embeddable":true,"href":"https:\/\/www.eldiario.net\/portal\/wp-json\/wp\/v2\/comments?post=277539"}],"version-history":[{"count":1,"href":"https:\/\/www.eldiario.net\/portal\/wp-json\/wp\/v2\/posts\/277539\/revisions"}],"predecessor-version":[{"id":277541,"href":"https:\/\/www.eldiario.net\/portal\/wp-json\/wp\/v2\/posts\/277539\/revisions\/277541"}],"wp:featuredmedia":[{"embeddable":true,"href":"https:\/\/www.eldiario.net\/portal\/wp-json\/wp\/v2\/media\/277540"}],"wp:attachment":[{"href":"https:\/\/www.eldiario.net\/portal\/wp-json\/wp\/v2\/media?parent=277539"}],"wp:term":[{"taxonomy":"category","embeddable":true,"href":"https:\/\/www.eldiario.net\/portal\/wp-json\/wp\/v2\/categories?post=277539"},{"taxonomy":"post_tag","embeddable":true,"href":"https:\/\/www.eldiario.net\/portal\/wp-json\/wp\/v2\/tags?post=277539"}],"curies":[{"name":"wp","href":"https:\/\/api.w.org\/{rel}","templated":true}]}}