{"id":277533,"date":"2025-01-27T06:26:25","date_gmt":"2025-01-27T10:26:25","guid":{"rendered":"https:\/\/www.eldiario.net\/portal\/?p=277533"},"modified":"2025-01-27T06:26:25","modified_gmt":"2025-01-27T10:26:25","slug":"la-generacion-beta-el-futuro-de-la-tecnologia-la-inteligencia-artificial-y-los-grandes-desafios-globales","status":"publish","type":"post","link":"https:\/\/www.eldiario.net\/portal\/2025\/01\/27\/la-generacion-beta-el-futuro-de-la-tecnologia-la-inteligencia-artificial-y-los-grandes-desafios-globales\/","title":{"rendered":"La generaci\u00f3n Beta: el futuro de la tecnolog\u00eda, la inteligencia artificial y los grandes desaf\u00edos globales"},"content":{"rendered":"<p>A partir de 2025, una nueva generaci\u00f3n, conocida como Beta, comenzar\u00e1 a tomar forma. Este t\u00e9rmino reemplaza a la generaci\u00f3n Alfa, que abarca a aquellos nacidos entre 2010 y 2024. Los Beta ser\u00e1n los ni\u00f1os que crecer\u00e1n en un entorno donde la inteligencia artificial (IA) y la tecnolog\u00eda ser\u00e1n elementos esenciales de su vida cotidiana, marc\u00e1ndolos de manera radicalmente diferente a las generaciones anteriores.<\/p>\n<p>Seg\u00fan el investigador social Mark McCrindle, la generaci\u00f3n Beta no solo ser\u00e1 testigo del avance de la IA, sino que tambi\u00e9n enfrentar\u00e1 importantes desaf\u00edos globales, como el cambio clim\u00e1tico y las desigualdades sociales. Adem\u00e1s, ser\u00e1n la primera generaci\u00f3n nativa de esta era tecnol\u00f3gica, desarroll\u00e1ndose en un mundo donde las barreras entre lo f\u00edsico y lo digital se difuminar\u00e1n casi por completo.<\/p>\n<p>Entonces, \u00bfc\u00f3mo ser\u00e1 la generaci\u00f3n Beta?<\/p>\n<p>Una de las caracter\u00edsticas m\u00e1s destacadas de esta generaci\u00f3n ser\u00e1 su convivencia con tecnolog\u00edas como la movilidad aut\u00f3noma, la salud digital y los entornos virtuales inmersivos. Para los Beta, la IA se convertir\u00e1 en una herramienta esencial, presente en todos los aspectos de su vida: desde la educaci\u00f3n, donde los algoritmos adaptar\u00e1n los aprendizajes a sus necesidades individuales, hasta el \u00e1mbito laboral, donde la automatizaci\u00f3n y la rob\u00f3tica asumir\u00e1n cada vez m\u00e1s tareas operativas.<\/p>\n<p>Aunque la generaci\u00f3n Beta representa una gran oportunidad para mejorar la sociedad a trav\u00e9s de la tecnolog\u00eda, tambi\u00e9n se enfrentar\u00e1n a un conjunto de dificultades y desaf\u00edos. El cambio clim\u00e1tico, la crisis de privacidad, la transformaci\u00f3n del mercado laboral y el aumento de las desigualdades son solo algunas de las cuestiones que deber\u00e1n abordar. Sin embargo, a diferencia de generaciones anteriores, los Beta estar\u00e1n educados en valores m\u00e1s \u201cprogresistas\u201d, como la sostenibilidad, la inclusi\u00f3n y la colaboraci\u00f3n. Estas habilidades humanas, adquiridas por generaciones previas como los millennials y la generaci\u00f3n Z, les permitir\u00e1n gestionar estos nuevos tiempos de manera innovadora y responsable.<\/p>\n<p>Otro aspecto interesante de la generaci\u00f3n Beta ser\u00e1 su capacidad para equilibrar la hiperconectividad con la vida f\u00edsica. A medida que crezcan en un mundo profundamente digitalizado, tambi\u00e9n tendr\u00e1n la habilidad de interactuar en espacios f\u00edsicos y sociales tradicionales, creando una nueva definici\u00f3n de comunidad que combine el intercambio digital con las conexiones personales.<\/p>\n<p>En cuanto al \u00e1mbito laboral, este ser\u00e1 uno de los grandes enigmas. Los Beta heredar\u00e1n una econom\u00eda en la que muchas tareas operativas estar\u00e1n automatizadas; sin embargo, las habilidades humanas como la creatividad, la empat\u00eda y el pensamiento cr\u00edtico ser\u00e1n altamente valoradas. Esto podr\u00eda redefinir el concepto de trabajo, donde la IA actuar\u00e1 como aliada en lugar de competencia, seg\u00fan el estudio de McCrindle.<\/p>\n<p>Con una educaci\u00f3n centrada en la tecnolog\u00eda, la sostenibilidad y la colaboraci\u00f3n, los Beta ser\u00e1n los protagonistas de un futuro que promete ser tanto innovador como impredecible. Si bien los retos globales son monumentales, las oportunidades para mejorar la sociedad tambi\u00e9n ser\u00e1n significativas.<\/p>\n","protected":false},"excerpt":{"rendered":"<p>A partir de 2025, una nueva generaci\u00f3n, conocida como Beta, comenzar\u00e1 a tomar forma. Este t\u00e9rmino reemplaza a la generaci\u00f3n Alfa, que abarca a aquellos nacidos entre 2010 y 2024. Los Beta ser\u00e1n los ni\u00f1os que crecer\u00e1n en un entorno donde la inteligencia artificial (IA) y la tecnolog\u00eda ser\u00e1n elementos esenciales de su vida cotidiana, [&hellip;]<\/p>\n","protected":false},"author":1,"featured_media":277534,"comment_status":"closed","ping_status":"open","sticky":false,"template":"","format":"standard","meta":{"_acf_changed":false,"footnotes":""},"categories":[46],"tags":[],"class_list":["post-277533","post","type-post","status-publish","format-standard","has-post-thumbnail","category-ciencia-computacion"],"acf":{"antetitulo":""},"yoast_head":"<!-- This site is optimized with the Yoast SEO plugin v28.4 - https:\/\/yoast.com\/product\/yoast-seo-wordpress\/ -->\n<title>La generaci\u00f3n Beta: el futuro de la tecnolog\u00eda, la inteligencia artificial y los grandes desaf\u00edos globales - El Diario - Bolivia<\/title>\n<meta name=\"robots\" content=\"index, follow, max-snippet:-1, max-image-preview:large, max-video-preview:-1\" \/>\n<link rel=\"canonical\" href=\"https:\/\/www.eldiario.net\/portal\/2025\/01\/27\/la-generacion-beta-el-futuro-de-la-tecnologia-la-inteligencia-artificial-y-los-grandes-desafios-globales\/\" \/>\n<meta property=\"og:locale\" content=\"es_ES\" \/>\n<meta property=\"og:type\" content=\"article\" \/>\n<meta property=\"og:title\" content=\"La generaci\u00f3n Beta: el futuro de la tecnolog\u00eda, la inteligencia artificial y los grandes desaf\u00edos globales - El Diario - Bolivia\" \/>\n<meta property=\"og:description\" content=\"A partir de 2025, una nueva generaci\u00f3n, conocida como Beta, comenzar\u00e1 a tomar forma. Este t\u00e9rmino reemplaza a la generaci\u00f3n Alfa, que abarca a aquellos nacidos entre 2010 y 2024. Los Beta ser\u00e1n los ni\u00f1os que crecer\u00e1n en un entorno donde la inteligencia artificial (IA) y la tecnolog\u00eda ser\u00e1n elementos esenciales de su vida cotidiana, [&hellip;]\" \/>\n<meta property=\"og:url\" content=\"https:\/\/www.eldiario.net\/portal\/2025\/01\/27\/la-generacion-beta-el-futuro-de-la-tecnologia-la-inteligencia-artificial-y-los-grandes-desafios-globales\/\" \/>\n<meta property=\"og:site_name\" content=\"El Diario - Bolivia\" \/>\n<meta property=\"article:publisher\" content=\"https:\/\/www.facebook.com\/eldiario.bolivia\/\" \/>\n<meta property=\"article:published_time\" content=\"2025-01-27T10:26:25+00:00\" \/>\n<meta property=\"og:image\" content=\"https:\/\/www.eldiario.net\/portal\/wp-content\/uploads\/2025\/01\/8-A-2.jpg\" \/>\n\t<meta property=\"og:image:width\" content=\"1000\" \/>\n\t<meta property=\"og:image:height\" content=\"550\" \/>\n\t<meta property=\"og:image:type\" content=\"image\/jpeg\" \/>\n<meta name=\"author\" content=\"Jeanette\" \/>\n<meta name=\"twitter:card\" content=\"summary_large_image\" \/>\n<meta name=\"twitter:creator\" content=\"@eldiario_net\" \/>\n<meta name=\"twitter:site\" content=\"@eldiario_net\" \/>\n<meta name=\"twitter:label1\" content=\"Escrito por\" \/>\n\t<meta name=\"twitter:data1\" content=\"Jeanette\" \/>\n\t<meta name=\"twitter:label2\" content=\"Tiempo de lectura\" \/>\n\t<meta name=\"twitter:data2\" content=\"3 minutos\" \/>\n<script type=\"application\/ld+json\" class=\"yoast-schema-graph\">{\"@context\":\"https:\\\/\\\/schema.org\",\"@graph\":[{\"@type\":\"Article\",\"@id\":\"https:\\\/\\\/www.eldiario.net\\\/portal\\\/2025\\\/01\\\/27\\\/la-generacion-beta-el-futuro-de-la-tecnologia-la-inteligencia-artificial-y-los-grandes-desafios-globales\\\/#article\",\"isPartOf\":{\"@id\":\"https:\\\/\\\/www.eldiario.net\\\/portal\\\/2025\\\/01\\\/27\\\/la-generacion-beta-el-futuro-de-la-tecnologia-la-inteligencia-artificial-y-los-grandes-desafios-globales\\\/\"},\"author\":{\"name\":\"Jeanette\",\"@id\":\"https:\\\/\\\/www.eldiario.net\\\/portal\\\/#\\\/schema\\\/person\\\/f46445640444750d7d753ccd04ae01b7\"},\"headline\":\"La generaci\u00f3n Beta: el futuro de la tecnolog\u00eda, la inteligencia artificial y los grandes desaf\u00edos globales\",\"datePublished\":\"2025-01-27T10:26:25+00:00\",\"mainEntityOfPage\":{\"@id\":\"https:\\\/\\\/www.eldiario.net\\\/portal\\\/2025\\\/01\\\/27\\\/la-generacion-beta-el-futuro-de-la-tecnologia-la-inteligencia-artificial-y-los-grandes-desafios-globales\\\/\"},\"wordCount\":553,\"publisher\":{\"@id\":\"https:\\\/\\\/www.eldiario.net\\\/portal\\\/#organization\"},\"image\":{\"@id\":\"https:\\\/\\\/www.eldiario.net\\\/portal\\\/2025\\\/01\\\/27\\\/la-generacion-beta-el-futuro-de-la-tecnologia-la-inteligencia-artificial-y-los-grandes-desafios-globales\\\/#primaryimage\"},\"thumbnailUrl\":\"https:\\\/\\\/www.eldiario.net\\\/portal\\\/wp-content\\\/uploads\\\/2025\\\/01\\\/8-A-2.jpg\",\"articleSection\":[\"Ciencia y Computaci\u00f3n\"],\"inLanguage\":\"es\"},{\"@type\":\"WebPage\",\"@id\":\"https:\\\/\\\/www.eldiario.net\\\/portal\\\/2025\\\/01\\\/27\\\/la-generacion-beta-el-futuro-de-la-tecnologia-la-inteligencia-artificial-y-los-grandes-desafios-globales\\\/\",\"url\":\"https:\\\/\\\/www.eldiario.net\\\/portal\\\/2025\\\/01\\\/27\\\/la-generacion-beta-el-futuro-de-la-tecnologia-la-inteligencia-artificial-y-los-grandes-desafios-globales\\\/\",\"name\":\"La generaci\u00f3n Beta: el futuro de la tecnolog\u00eda, la inteligencia artificial y los grandes desaf\u00edos globales - El Diario - Bolivia\",\"isPartOf\":{\"@id\":\"https:\\\/\\\/www.eldiario.net\\\/portal\\\/#website\"},\"primaryImageOfPage\":{\"@id\":\"https:\\\/\\\/www.eldiario.net\\\/portal\\\/2025\\\/01\\\/27\\\/la-generacion-beta-el-futuro-de-la-tecnologia-la-inteligencia-artificial-y-los-grandes-desafios-globales\\\/#primaryimage\"},\"image\":{\"@id\":\"https:\\\/\\\/www.eldiario.net\\\/portal\\\/2025\\\/01\\\/27\\\/la-generacion-beta-el-futuro-de-la-tecnologia-la-inteligencia-artificial-y-los-grandes-desafios-globales\\\/#primaryimage\"},\"thumbnailUrl\":\"https:\\\/\\\/www.eldiario.net\\\/portal\\\/wp-content\\\/uploads\\\/2025\\\/01\\\/8-A-2.jpg\",\"datePublished\":\"2025-01-27T10:26:25+00:00\",\"breadcrumb\":{\"@id\":\"https:\\\/\\\/www.eldiario.net\\\/portal\\\/2025\\\/01\\\/27\\\/la-generacion-beta-el-futuro-de-la-tecnologia-la-inteligencia-artificial-y-los-grandes-desafios-globales\\\/#breadcrumb\"},\"inLanguage\":\"es\",\"potentialAction\":[{\"@type\":\"ReadAction\",\"target\":[\"https:\\\/\\\/www.eldiario.net\\\/portal\\\/2025\\\/01\\\/27\\\/la-generacion-beta-el-futuro-de-la-tecnologia-la-inteligencia-artificial-y-los-grandes-desafios-globales\\\/\"]}]},{\"@type\":\"ImageObject\",\"inLanguage\":\"es\",\"@id\":\"https:\\\/\\\/www.eldiario.net\\\/portal\\\/2025\\\/01\\\/27\\\/la-generacion-beta-el-futuro-de-la-tecnologia-la-inteligencia-artificial-y-los-grandes-desafios-globales\\\/#primaryimage\",\"url\":\"https:\\\/\\\/www.eldiario.net\\\/portal\\\/wp-content\\\/uploads\\\/2025\\\/01\\\/8-A-2.jpg\",\"contentUrl\":\"https:\\\/\\\/www.eldiario.net\\\/portal\\\/wp-content\\\/uploads\\\/2025\\\/01\\\/8-A-2.jpg\",\"width\":1000,\"height\":550},{\"@type\":\"BreadcrumbList\",\"@id\":\"https:\\\/\\\/www.eldiario.net\\\/portal\\\/2025\\\/01\\\/27\\\/la-generacion-beta-el-futuro-de-la-tecnologia-la-inteligencia-artificial-y-los-grandes-desafios-globales\\\/#breadcrumb\",\"itemListElement\":[{\"@type\":\"ListItem\",\"position\":1,\"name\":\"Portada\",\"item\":\"https:\\\/\\\/www.eldiario.net\\\/portal\\\/\"},{\"@type\":\"ListItem\",\"position\":2,\"name\":\"La generaci\u00f3n Beta: el futuro de la tecnolog\u00eda, la inteligencia artificial y los grandes desaf\u00edos globales\"}]},{\"@type\":\"WebSite\",\"@id\":\"https:\\\/\\\/www.eldiario.net\\\/portal\\\/#website\",\"url\":\"https:\\\/\\\/www.eldiario.net\\\/portal\\\/\",\"name\":\"El Diario - Decano de la prensa nacional\",\"description\":\"El Diario - Decano de la prensa nacional\",\"publisher\":{\"@id\":\"https:\\\/\\\/www.eldiario.net\\\/portal\\\/#organization\"},\"potentialAction\":[{\"@type\":\"SearchAction\",\"target\":{\"@type\":\"EntryPoint\",\"urlTemplate\":\"https:\\\/\\\/www.eldiario.net\\\/portal\\\/?s={search_term_string}\"},\"query-input\":{\"@type\":\"PropertyValueSpecification\",\"valueRequired\":true,\"valueName\":\"search_term_string\"}}],\"inLanguage\":\"es\"},{\"@type\":\"Organization\",\"@id\":\"https:\\\/\\\/www.eldiario.net\\\/portal\\\/#organization\",\"name\":\"El Diario - Decano de la prensa nacional\",\"url\":\"https:\\\/\\\/www.eldiario.net\\\/portal\\\/\",\"logo\":{\"@type\":\"ImageObject\",\"inLanguage\":\"es\",\"@id\":\"https:\\\/\\\/www.eldiario.net\\\/portal\\\/#\\\/schema\\\/logo\\\/image\\\/\",\"url\":\"https:\\\/\\\/www.eldiario.net\\\/portal\\\/wp-content\\\/uploads\\\/2023\\\/07\\\/logo_ED.jpg\",\"contentUrl\":\"https:\\\/\\\/www.eldiario.net\\\/portal\\\/wp-content\\\/uploads\\\/2023\\\/07\\\/logo_ED.jpg\",\"width\":272,\"height\":52,\"caption\":\"El Diario - Decano de la prensa nacional\"},\"image\":{\"@id\":\"https:\\\/\\\/www.eldiario.net\\\/portal\\\/#\\\/schema\\\/logo\\\/image\\\/\"},\"sameAs\":[\"https:\\\/\\\/www.facebook.com\\\/eldiario.bolivia\\\/\",\"https:\\\/\\\/x.com\\\/eldiario_net\"]},{\"@type\":\"Person\",\"@id\":\"https:\\\/\\\/www.eldiario.net\\\/portal\\\/#\\\/schema\\\/person\\\/f46445640444750d7d753ccd04ae01b7\",\"name\":\"Jeanette\",\"image\":{\"@type\":\"ImageObject\",\"inLanguage\":\"es\",\"@id\":\"https:\\\/\\\/secure.gravatar.com\\\/avatar\\\/3ea2118a5f7dad2b7138b1187a6b7ee55f160b9968b66013c3a3ef39dd7e5798?s=96&d=mm&r=g\",\"url\":\"https:\\\/\\\/secure.gravatar.com\\\/avatar\\\/3ea2118a5f7dad2b7138b1187a6b7ee55f160b9968b66013c3a3ef39dd7e5798?s=96&d=mm&r=g\",\"contentUrl\":\"https:\\\/\\\/secure.gravatar.com\\\/avatar\\\/3ea2118a5f7dad2b7138b1187a6b7ee55f160b9968b66013c3a3ef39dd7e5798?s=96&d=mm&r=g\",\"caption\":\"Jeanette\"},\"sameAs\":[\"https:\\\/\\\/www.eldiario.net\\\/portal\"],\"url\":\"https:\\\/\\\/www.eldiario.net\\\/portal\\\/author\\\/jeanette\\\/\"}]}<\/script>\n<!-- \/ Yoast SEO plugin. -->","yoast_head_json":{"title":"La generaci\u00f3n Beta: el futuro de la tecnolog\u00eda, la inteligencia artificial y los grandes desaf\u00edos globales - El Diario - Bolivia","robots":{"index":"index","follow":"follow","max-snippet":"max-snippet:-1","max-image-preview":"max-image-preview:large","max-video-preview":"max-video-preview:-1"},"canonical":"https:\/\/www.eldiario.net\/portal\/2025\/01\/27\/la-generacion-beta-el-futuro-de-la-tecnologia-la-inteligencia-artificial-y-los-grandes-desafios-globales\/","og_locale":"es_ES","og_type":"article","og_title":"La generaci\u00f3n Beta: el futuro de la tecnolog\u00eda, la inteligencia artificial y los grandes desaf\u00edos globales - El Diario - Bolivia","og_description":"A partir de 2025, una nueva generaci\u00f3n, conocida como Beta, comenzar\u00e1 a tomar forma. Este t\u00e9rmino reemplaza a la generaci\u00f3n Alfa, que abarca a aquellos nacidos entre 2010 y 2024. Los Beta ser\u00e1n los ni\u00f1os que crecer\u00e1n en un entorno donde la inteligencia artificial (IA) y la tecnolog\u00eda ser\u00e1n elementos esenciales de su vida cotidiana, [&hellip;]","og_url":"https:\/\/www.eldiario.net\/portal\/2025\/01\/27\/la-generacion-beta-el-futuro-de-la-tecnologia-la-inteligencia-artificial-y-los-grandes-desafios-globales\/","og_site_name":"El Diario - Bolivia","article_publisher":"https:\/\/www.facebook.com\/eldiario.bolivia\/","article_published_time":"2025-01-27T10:26:25+00:00","og_image":[{"width":1000,"height":550,"url":"https:\/\/www.eldiario.net\/portal\/wp-content\/uploads\/2025\/01\/8-A-2.jpg","type":"image\/jpeg"}],"author":"Jeanette","twitter_card":"summary_large_image","twitter_creator":"@eldiario_net","twitter_site":"@eldiario_net","twitter_misc":{"Escrito por":"Jeanette","Tiempo de lectura":"3 minutos"},"schema":{"@context":"https:\/\/schema.org","@graph":[{"@type":"Article","@id":"https:\/\/www.eldiario.net\/portal\/2025\/01\/27\/la-generacion-beta-el-futuro-de-la-tecnologia-la-inteligencia-artificial-y-los-grandes-desafios-globales\/#article","isPartOf":{"@id":"https:\/\/www.eldiario.net\/portal\/2025\/01\/27\/la-generacion-beta-el-futuro-de-la-tecnologia-la-inteligencia-artificial-y-los-grandes-desafios-globales\/"},"author":{"name":"Jeanette","@id":"https:\/\/www.eldiario.net\/portal\/#\/schema\/person\/f46445640444750d7d753ccd04ae01b7"},"headline":"La generaci\u00f3n Beta: el futuro de la tecnolog\u00eda, la inteligencia artificial y los grandes desaf\u00edos globales","datePublished":"2025-01-27T10:26:25+00:00","mainEntityOfPage":{"@id":"https:\/\/www.eldiario.net\/portal\/2025\/01\/27\/la-generacion-beta-el-futuro-de-la-tecnologia-la-inteligencia-artificial-y-los-grandes-desafios-globales\/"},"wordCount":553,"publisher":{"@id":"https:\/\/www.eldiario.net\/portal\/#organization"},"image":{"@id":"https:\/\/www.eldiario.net\/portal\/2025\/01\/27\/la-generacion-beta-el-futuro-de-la-tecnologia-la-inteligencia-artificial-y-los-grandes-desafios-globales\/#primaryimage"},"thumbnailUrl":"https:\/\/www.eldiario.net\/portal\/wp-content\/uploads\/2025\/01\/8-A-2.jpg","articleSection":["Ciencia y Computaci\u00f3n"],"inLanguage":"es"},{"@type":"WebPage","@id":"https:\/\/www.eldiario.net\/portal\/2025\/01\/27\/la-generacion-beta-el-futuro-de-la-tecnologia-la-inteligencia-artificial-y-los-grandes-desafios-globales\/","url":"https:\/\/www.eldiario.net\/portal\/2025\/01\/27\/la-generacion-beta-el-futuro-de-la-tecnologia-la-inteligencia-artificial-y-los-grandes-desafios-globales\/","name":"La generaci\u00f3n Beta: el futuro de la tecnolog\u00eda, la inteligencia artificial y los grandes desaf\u00edos globales - El Diario - Bolivia","isPartOf":{"@id":"https:\/\/www.eldiario.net\/portal\/#website"},"primaryImageOfPage":{"@id":"https:\/\/www.eldiario.net\/portal\/2025\/01\/27\/la-generacion-beta-el-futuro-de-la-tecnologia-la-inteligencia-artificial-y-los-grandes-desafios-globales\/#primaryimage"},"image":{"@id":"https:\/\/www.eldiario.net\/portal\/2025\/01\/27\/la-generacion-beta-el-futuro-de-la-tecnologia-la-inteligencia-artificial-y-los-grandes-desafios-globales\/#primaryimage"},"thumbnailUrl":"https:\/\/www.eldiario.net\/portal\/wp-content\/uploads\/2025\/01\/8-A-2.jpg","datePublished":"2025-01-27T10:26:25+00:00","breadcrumb":{"@id":"https:\/\/www.eldiario.net\/portal\/2025\/01\/27\/la-generacion-beta-el-futuro-de-la-tecnologia-la-inteligencia-artificial-y-los-grandes-desafios-globales\/#breadcrumb"},"inLanguage":"es","potentialAction":[{"@type":"ReadAction","target":["https:\/\/www.eldiario.net\/portal\/2025\/01\/27\/la-generacion-beta-el-futuro-de-la-tecnologia-la-inteligencia-artificial-y-los-grandes-desafios-globales\/"]}]},{"@type":"ImageObject","inLanguage":"es","@id":"https:\/\/www.eldiario.net\/portal\/2025\/01\/27\/la-generacion-beta-el-futuro-de-la-tecnologia-la-inteligencia-artificial-y-los-grandes-desafios-globales\/#primaryimage","url":"https:\/\/www.eldiario.net\/portal\/wp-content\/uploads\/2025\/01\/8-A-2.jpg","contentUrl":"https:\/\/www.eldiario.net\/portal\/wp-content\/uploads\/2025\/01\/8-A-2.jpg","width":1000,"height":550},{"@type":"BreadcrumbList","@id":"https:\/\/www.eldiario.net\/portal\/2025\/01\/27\/la-generacion-beta-el-futuro-de-la-tecnologia-la-inteligencia-artificial-y-los-grandes-desafios-globales\/#breadcrumb","itemListElement":[{"@type":"ListItem","position":1,"name":"Portada","item":"https:\/\/www.eldiario.net\/portal\/"},{"@type":"ListItem","position":2,"name":"La generaci\u00f3n Beta: el futuro de la tecnolog\u00eda, la inteligencia artificial y los grandes desaf\u00edos globales"}]},{"@type":"WebSite","@id":"https:\/\/www.eldiario.net\/portal\/#website","url":"https:\/\/www.eldiario.net\/portal\/","name":"El Diario - Decano de la prensa nacional","description":"El Diario - Decano de la prensa nacional","publisher":{"@id":"https:\/\/www.eldiario.net\/portal\/#organization"},"potentialAction":[{"@type":"SearchAction","target":{"@type":"EntryPoint","urlTemplate":"https:\/\/www.eldiario.net\/portal\/?s={search_term_string}"},"query-input":{"@type":"PropertyValueSpecification","valueRequired":true,"valueName":"search_term_string"}}],"inLanguage":"es"},{"@type":"Organization","@id":"https:\/\/www.eldiario.net\/portal\/#organization","name":"El Diario - Decano de la prensa nacional","url":"https:\/\/www.eldiario.net\/portal\/","logo":{"@type":"ImageObject","inLanguage":"es","@id":"https:\/\/www.eldiario.net\/portal\/#\/schema\/logo\/image\/","url":"https:\/\/www.eldiario.net\/portal\/wp-content\/uploads\/2023\/07\/logo_ED.jpg","contentUrl":"https:\/\/www.eldiario.net\/portal\/wp-content\/uploads\/2023\/07\/logo_ED.jpg","width":272,"height":52,"caption":"El Diario - Decano de la prensa nacional"},"image":{"@id":"https:\/\/www.eldiario.net\/portal\/#\/schema\/logo\/image\/"},"sameAs":["https:\/\/www.facebook.com\/eldiario.bolivia\/","https:\/\/x.com\/eldiario_net"]},{"@type":"Person","@id":"https:\/\/www.eldiario.net\/portal\/#\/schema\/person\/f46445640444750d7d753ccd04ae01b7","name":"Jeanette","image":{"@type":"ImageObject","inLanguage":"es","@id":"https:\/\/secure.gravatar.com\/avatar\/3ea2118a5f7dad2b7138b1187a6b7ee55f160b9968b66013c3a3ef39dd7e5798?s=96&d=mm&r=g","url":"https:\/\/secure.gravatar.com\/avatar\/3ea2118a5f7dad2b7138b1187a6b7ee55f160b9968b66013c3a3ef39dd7e5798?s=96&d=mm&r=g","contentUrl":"https:\/\/secure.gravatar.com\/avatar\/3ea2118a5f7dad2b7138b1187a6b7ee55f160b9968b66013c3a3ef39dd7e5798?s=96&d=mm&r=g","caption":"Jeanette"},"sameAs":["https:\/\/www.eldiario.net\/portal"],"url":"https:\/\/www.eldiario.net\/portal\/author\/jeanette\/"}]}},"_links":{"self":[{"href":"https:\/\/www.eldiario.net\/portal\/wp-json\/wp\/v2\/posts\/277533","targetHints":{"allow":["GET"]}}],"collection":[{"href":"https:\/\/www.eldiario.net\/portal\/wp-json\/wp\/v2\/posts"}],"about":[{"href":"https:\/\/www.eldiario.net\/portal\/wp-json\/wp\/v2\/types\/post"}],"author":[{"embeddable":true,"href":"https:\/\/www.eldiario.net\/portal\/wp-json\/wp\/v2\/users\/1"}],"replies":[{"embeddable":true,"href":"https:\/\/www.eldiario.net\/portal\/wp-json\/wp\/v2\/comments?post=277533"}],"version-history":[{"count":1,"href":"https:\/\/www.eldiario.net\/portal\/wp-json\/wp\/v2\/posts\/277533\/revisions"}],"predecessor-version":[{"id":277535,"href":"https:\/\/www.eldiario.net\/portal\/wp-json\/wp\/v2\/posts\/277533\/revisions\/277535"}],"wp:featuredmedia":[{"embeddable":true,"href":"https:\/\/www.eldiario.net\/portal\/wp-json\/wp\/v2\/media\/277534"}],"wp:attachment":[{"href":"https:\/\/www.eldiario.net\/portal\/wp-json\/wp\/v2\/media?parent=277533"}],"wp:term":[{"taxonomy":"category","embeddable":true,"href":"https:\/\/www.eldiario.net\/portal\/wp-json\/wp\/v2\/categories?post=277533"},{"taxonomy":"post_tag","embeddable":true,"href":"https:\/\/www.eldiario.net\/portal\/wp-json\/wp\/v2\/tags?post=277533"}],"curies":[{"name":"wp","href":"https:\/\/api.w.org\/{rel}","templated":true}]}}