{"id":277523,"date":"2025-01-27T06:23:53","date_gmt":"2025-01-27T10:23:53","guid":{"rendered":"https:\/\/www.eldiario.net\/portal\/?p=277523"},"modified":"2025-01-27T06:23:53","modified_gmt":"2025-01-27T10:23:53","slug":"donacion-japonesa-para-proyectos-en-santa-cruz-y-la-paz","status":"publish","type":"post","link":"https:\/\/www.eldiario.net\/portal\/2025\/01\/27\/donacion-japonesa-para-proyectos-en-santa-cruz-y-la-paz\/","title":{"rendered":"Donaci\u00f3n japonesa para proyectos en Santa Cruz y La Paz"},"content":{"rendered":"<p>El embajador del Jap\u00f3n, Hiroshi Onomura, suscribi\u00f3 dos contratos de donaci\u00f3n por un monto de USD 122.044,00.<br \/>\nDurante el acto, celebrado en la sede de la misi\u00f3n diplom\u00e1tica, el emisario japon\u00e9s resalt\u00f3 que en 2025 se ce-lebra 65 a\u00f1os de la cooperaci\u00f3n japonesa en Bolivia, por lo que reiter\u00f3 la intenci\u00f3n del Gobierno japon\u00e9s de seguir contribuyendo al desarrollo socioecon\u00f3mico de Bolivia.<br \/>\nEn esta ocasi\u00f3n, el apoyo financiero llega a dos regiones del territorio boliviano, con la construcci\u00f3n de aulas y la do-taci\u00f3n de mobiliario para las unidades educativas \u00abBenjam\u00edn Banegas Vaca\u00bb (Mineros, Santa Cruz) y \u00abGenaro Jorge Monje de la Riva\u00bb (Pucarani, La Paz).<br \/>\nEl esquema bajo el cual se gestionan estos contratos de donaci\u00f3n es denominado Asistencia financiera no reembolsable para proyectos comunitarios de seguridad humana, m\u00e1s conocido como APC.<br \/>\nEl embajador Onomura aclar\u00f3 que en el mencionado esquema cada a\u00f1o se firman contratos de donaci\u00f3n, cuyo concepto es seguridad humana, el cual implica que las actividades de cooperaci\u00f3n ubiquen al ser humano en el centro de su atenci\u00f3n.<\/p>\n\r\n                <style type=\"text\/css\">\r\n                    \r\n                    #tdi_1  .td-doubleSlider-2 .td-item1 {\r\n                        background: url(https:\/\/www.eldiario.net\/portal\/wp-content\/uploads\/2025\/01\/J1-80x60.jpg) 0 0 no-repeat;\r\n                    }\r\n                    #tdi_1  .td-doubleSlider-2 .td-item2 {\r\n                        background: url(https:\/\/www.eldiario.net\/portal\/wp-content\/uploads\/2025\/01\/J2-80x60.jpg) 0 0 no-repeat;\r\n                    }\r\n                    #tdi_1  .td-doubleSlider-2 .td-item3 {\r\n                        background: url(https:\/\/www.eldiario.net\/portal\/wp-content\/uploads\/2025\/01\/J3-80x60.jpg) 0 0 no-repeat;\r\n                    }\r\n                    #tdi_1  .td-doubleSlider-2 .td-item4 {\r\n                        background: url(https:\/\/www.eldiario.net\/portal\/wp-content\/uploads\/2025\/01\/J4-80x60.jpg) 0 0 no-repeat;\r\n                    }\r\n                    #tdi_1  .td-doubleSlider-2 .td-item5 {\r\n                        background: url(https:\/\/www.eldiario.net\/portal\/wp-content\/uploads\/2025\/01\/J5-80x60.jpg) 0 0 no-repeat;\r\n                    }\r\n                    #tdi_1  .td-doubleSlider-2 .td-item6 {\r\n                        background: url(https:\/\/www.eldiario.net\/portal\/wp-content\/uploads\/2025\/01\/J6-80x60.jpg) 0 0 no-repeat;\r\n                    }\r\n                    #tdi_1  .td-doubleSlider-2 .td-item7 {\r\n                        background: url(https:\/\/www.eldiario.net\/portal\/wp-content\/uploads\/2025\/01\/J7-80x60.jpg) 0 0 no-repeat;\r\n                    }\r\n                    #tdi_1  .td-doubleSlider-2 .td-item8 {\r\n                        background: url(https:\/\/www.eldiario.net\/portal\/wp-content\/uploads\/2025\/01\/J8-80x60.jpg) 0 0 no-repeat;\r\n                    }\r\n                <\/style>\r\n\r\n                <div id=\"tdi_1\" class=\"td-gallery td-slide-on-2-columns\">\r\n                    <div class=\"post_td_gallery\">\r\n                        <div class=\"td-gallery-slide-top\">\r\n                           <div class=\"td-gallery-title\"><\/div>\r\n\r\n                            <div class=\"td-gallery-controls-wrapper\">\r\n                                <div class=\"td-gallery-slide-count\"><span class=\"td-gallery-slide-item-focus\">1<\/span> de 8<\/div>\r\n                                <div class=\"td-gallery-slide-prev-next-but\">\r\n                                    <i class = \"td-icon-left doubleSliderPrevButton\"><\/i>\r\n                                    <i class = \"td-icon-right doubleSliderNextButton\"><\/i>\r\n                                <\/div>\r\n                            <\/div>\r\n                        <\/div>\r\n\r\n                        <div class = \"td-doubleSlider-1 \">\r\n                            <div class = \"td-slider\">\r\n                                \r\n                    <div class = \"td-slide-item td-item1\">\r\n                        <figure class=\"td-slide-galery-figure td-slide-popup-gallery\">\r\n                            <a class=\"slide-gallery-image-link\" href=\"https:\/\/www.eldiario.net\/portal\/wp-content\/uploads\/2025\/01\/J1.jpg\" title=\"J1\"  data-caption=\" EL EMBAJADOR DEL JAP\u00d3N, HIROSHI ONOMURA.\"  data-description=\"\">\r\n                                <img decoding=\"async\" src=\"https:\/\/www.eldiario.net\/portal\/wp-content\/uploads\/2025\/01\/J1-236x420.jpg\" srcset=\"https:\/\/www.eldiario.net\/portal\/wp-content\/uploads\/2025\/01\/J1-236x420.jpg 236w, https:\/\/www.eldiario.net\/portal\/wp-content\/uploads\/2025\/01\/J1-169x300.jpg 169w, https:\/\/www.eldiario.net\/portal\/wp-content\/uploads\/2025\/01\/J1-576x1024.jpg 576w, https:\/\/www.eldiario.net\/portal\/wp-content\/uploads\/2025\/01\/J1-768x1365.jpg 768w, https:\/\/www.eldiario.net\/portal\/wp-content\/uploads\/2025\/01\/J1-864x1536.jpg 864w, https:\/\/www.eldiario.net\/portal\/wp-content\/uploads\/2025\/01\/J1-696x1237.jpg 696w, https:\/\/www.eldiario.net\/portal\/wp-content\/uploads\/2025\/01\/J1-1068x1899.jpg 1068w, https:\/\/www.eldiario.net\/portal\/wp-content\/uploads\/2025\/01\/J1.jpg 1152w\" sizes=\"(max-width: 236px) 100vw, 236px\" alt=\"\">\r\n                            <\/a>\r\n                            <figcaption class = \"td-slide-caption td-gallery-slide-content\"><div class = \"td-gallery-slide-copywrite\"> EL EMBAJADOR DEL JAP\u00d3N, HIROSHI ONOMURA.<\/div><\/figcaption>\r\n                        <\/figure>\r\n                    <\/div>\r\n                    <div class = \"td-slide-item td-item2\">\r\n                        <figure class=\"td-slide-galery-figure td-slide-popup-gallery\">\r\n                            <a class=\"slide-gallery-image-link\" href=\"https:\/\/www.eldiario.net\/portal\/wp-content\/uploads\/2025\/01\/J2.jpg\" title=\"J2\"  data-caption=\"\"  data-description=\"\">\r\n                                <img decoding=\"async\" src=\"https:\/\/www.eldiario.net\/portal\/wp-content\/uploads\/2025\/01\/J2-560x420.jpg\" srcset=\"https:\/\/www.eldiario.net\/portal\/wp-content\/uploads\/2025\/01\/J2-560x420.jpg 560w, https:\/\/www.eldiario.net\/portal\/wp-content\/uploads\/2025\/01\/J2-300x225.jpg 300w, https:\/\/www.eldiario.net\/portal\/wp-content\/uploads\/2025\/01\/J2-1024x768.jpg 1024w, https:\/\/www.eldiario.net\/portal\/wp-content\/uploads\/2025\/01\/J2-768x576.jpg 768w, https:\/\/www.eldiario.net\/portal\/wp-content\/uploads\/2025\/01\/J2-80x60.jpg 80w, https:\/\/www.eldiario.net\/portal\/wp-content\/uploads\/2025\/01\/J2-696x522.jpg 696w, https:\/\/www.eldiario.net\/portal\/wp-content\/uploads\/2025\/01\/J2-1068x801.jpg 1068w, https:\/\/www.eldiario.net\/portal\/wp-content\/uploads\/2025\/01\/J2.jpg 1280w\" sizes=\"(max-width: 560px) 100vw, 560px\" alt=\"\">\r\n                            <\/a>\r\n                            \r\n                        <\/figure>\r\n                    <\/div>\r\n                    <div class = \"td-slide-item td-item3\">\r\n                        <figure class=\"td-slide-galery-figure td-slide-popup-gallery\">\r\n                            <a class=\"slide-gallery-image-link\" href=\"https:\/\/www.eldiario.net\/portal\/wp-content\/uploads\/2025\/01\/J3.jpg\" title=\"J3\"  data-caption=\"\"  data-description=\"\">\r\n                                <img decoding=\"async\" src=\"https:\/\/www.eldiario.net\/portal\/wp-content\/uploads\/2025\/01\/J3-531x420.jpg\" srcset=\"https:\/\/www.eldiario.net\/portal\/wp-content\/uploads\/2025\/01\/J3-531x420.jpg 531w, https:\/\/www.eldiario.net\/portal\/wp-content\/uploads\/2025\/01\/J3-300x237.jpg 300w, https:\/\/www.eldiario.net\/portal\/wp-content\/uploads\/2025\/01\/J3-1024x810.jpg 1024w, https:\/\/www.eldiario.net\/portal\/wp-content\/uploads\/2025\/01\/J3-768x608.jpg 768w, https:\/\/www.eldiario.net\/portal\/wp-content\/uploads\/2025\/01\/J3-696x551.jpg 696w, https:\/\/www.eldiario.net\/portal\/wp-content\/uploads\/2025\/01\/J3-1068x845.jpg 1068w, https:\/\/www.eldiario.net\/portal\/wp-content\/uploads\/2025\/01\/J3.jpg 1112w\" sizes=\"(max-width: 531px) 100vw, 531px\" alt=\"\">\r\n                            <\/a>\r\n                            \r\n                        <\/figure>\r\n                    <\/div>\r\n                    <div class = \"td-slide-item td-item4\">\r\n                        <figure class=\"td-slide-galery-figure td-slide-popup-gallery\">\r\n                            <a class=\"slide-gallery-image-link\" href=\"https:\/\/www.eldiario.net\/portal\/wp-content\/uploads\/2025\/01\/J4.jpg\" title=\"J4\"  data-caption=\"SALVADOR TORREJ\u00d3N, ALCALDE DE MINEROS, Y EL JEFE DE LA MISI\u00d3N JAPONESA.\"  data-description=\"\">\r\n                                <img decoding=\"async\" src=\"https:\/\/www.eldiario.net\/portal\/wp-content\/uploads\/2025\/01\/J4-315x420.jpg\" srcset=\"https:\/\/www.eldiario.net\/portal\/wp-content\/uploads\/2025\/01\/J4-315x420.jpg 315w, https:\/\/www.eldiario.net\/portal\/wp-content\/uploads\/2025\/01\/J4-225x300.jpg 225w, https:\/\/www.eldiario.net\/portal\/wp-content\/uploads\/2025\/01\/J4-768x1024.jpg 768w, https:\/\/www.eldiario.net\/portal\/wp-content\/uploads\/2025\/01\/J4-1152x1536.jpg 1152w, https:\/\/www.eldiario.net\/portal\/wp-content\/uploads\/2025\/01\/J4-696x928.jpg 696w, https:\/\/www.eldiario.net\/portal\/wp-content\/uploads\/2025\/01\/J4-1068x1424.jpg 1068w, https:\/\/www.eldiario.net\/portal\/wp-content\/uploads\/2025\/01\/J4.jpg 1536w\" sizes=\"(max-width: 315px) 100vw, 315px\" alt=\"\">\r\n                            <\/a>\r\n                            <figcaption class = \"td-slide-caption td-gallery-slide-content\"><div class = \"td-gallery-slide-copywrite\">SALVADOR TORREJ\u00d3N, ALCALDE DE MINEROS, Y EL JEFE DE LA MISI\u00d3N JAPONESA.<\/div><\/figcaption>\r\n                        <\/figure>\r\n                    <\/div>\r\n                    <div class = \"td-slide-item td-item5\">\r\n                        <figure class=\"td-slide-galery-figure td-slide-popup-gallery\">\r\n                            <a class=\"slide-gallery-image-link\" href=\"https:\/\/www.eldiario.net\/portal\/wp-content\/uploads\/2025\/01\/J5.jpg\" title=\"J5\"  data-caption=\" ALBERTO LUCANA, ALCALDE DE PUCARANI, Y EL EMBAJADOR HIROSHI ONOMURA, TRAS LA FIRMA DE LOS CONTRATOS DE DONACI\u00d3N.\"  data-description=\"\">\r\n                                <img decoding=\"async\" src=\"https:\/\/www.eldiario.net\/portal\/wp-content\/uploads\/2025\/01\/J5-260x420.jpg\" srcset=\"https:\/\/www.eldiario.net\/portal\/wp-content\/uploads\/2025\/01\/J5-260x420.jpg 260w, https:\/\/www.eldiario.net\/portal\/wp-content\/uploads\/2025\/01\/J5-186x300.jpg 186w, https:\/\/www.eldiario.net\/portal\/wp-content\/uploads\/2025\/01\/J5-634x1024.jpg 634w, https:\/\/www.eldiario.net\/portal\/wp-content\/uploads\/2025\/01\/J5-768x1240.jpg 768w, https:\/\/www.eldiario.net\/portal\/wp-content\/uploads\/2025\/01\/J5-951x1536.jpg 951w, https:\/\/www.eldiario.net\/portal\/wp-content\/uploads\/2025\/01\/J5-696x1124.jpg 696w, https:\/\/www.eldiario.net\/portal\/wp-content\/uploads\/2025\/01\/J5-1068x1725.jpg 1068w, https:\/\/www.eldiario.net\/portal\/wp-content\/uploads\/2025\/01\/J5.jpg 1268w\" sizes=\"(max-width: 260px) 100vw, 260px\" alt=\"\">\r\n                            <\/a>\r\n                            <figcaption class = \"td-slide-caption td-gallery-slide-content\"><div class = \"td-gallery-slide-copywrite\"> ALBERTO LUCANA, ALCALDE DE PUCARANI, Y EL EMBAJADOR HIROSHI ONOMURA, TRAS LA FIRMA DE LOS CONTRATOS DE DONACI\u00d3N.<\/div><\/figcaption>\r\n                        <\/figure>\r\n                    <\/div>\r\n                    <div class = \"td-slide-item td-item6\">\r\n                        <figure class=\"td-slide-galery-figure td-slide-popup-gallery\">\r\n                            <a class=\"slide-gallery-image-link\" href=\"https:\/\/www.eldiario.net\/portal\/wp-content\/uploads\/2025\/01\/J6.jpg\" title=\"J6\"  data-caption=\"\"  data-description=\"\">\r\n                                <img decoding=\"async\" src=\"https:\/\/www.eldiario.net\/portal\/wp-content\/uploads\/2025\/01\/J6-499x420.jpg\" srcset=\"https:\/\/www.eldiario.net\/portal\/wp-content\/uploads\/2025\/01\/J6-499x420.jpg 499w, https:\/\/www.eldiario.net\/portal\/wp-content\/uploads\/2025\/01\/J6-300x253.jpg 300w, https:\/\/www.eldiario.net\/portal\/wp-content\/uploads\/2025\/01\/J6-1024x862.jpg 1024w, https:\/\/www.eldiario.net\/portal\/wp-content\/uploads\/2025\/01\/J6-768x647.jpg 768w, https:\/\/www.eldiario.net\/portal\/wp-content\/uploads\/2025\/01\/J6-1536x1293.jpg 1536w, https:\/\/www.eldiario.net\/portal\/wp-content\/uploads\/2025\/01\/J6-696x586.jpg 696w, https:\/\/www.eldiario.net\/portal\/wp-content\/uploads\/2025\/01\/J6-1068x899.jpg 1068w, https:\/\/www.eldiario.net\/portal\/wp-content\/uploads\/2025\/01\/J6-1920x1616.jpg 1920w, https:\/\/www.eldiario.net\/portal\/wp-content\/uploads\/2025\/01\/J6.jpg 2048w\" sizes=\"(max-width: 499px) 100vw, 499px\" alt=\"\">\r\n                            <\/a>\r\n                            \r\n                        <\/figure>\r\n                    <\/div>\r\n                    <div class = \"td-slide-item td-item7\">\r\n                        <figure class=\"td-slide-galery-figure td-slide-popup-gallery\">\r\n                            <a class=\"slide-gallery-image-link\" href=\"https:\/\/www.eldiario.net\/portal\/wp-content\/uploads\/2025\/01\/J7.jpg\" title=\"J7\"  data-caption=\" SALVADOR TORREJ\u00d3N, ALCALDE DE MINEROS, EL EMBAJADOR HIROSHI ONOMURA Y ALBERTO LUCANA, ALCALDE DE PUCARANI.\"  data-description=\"\">\r\n                                <img decoding=\"async\" src=\"https:\/\/www.eldiario.net\/portal\/wp-content\/uploads\/2025\/01\/J7-513x420.jpg\" srcset=\"https:\/\/www.eldiario.net\/portal\/wp-content\/uploads\/2025\/01\/J7-513x420.jpg 513w, https:\/\/www.eldiario.net\/portal\/wp-content\/uploads\/2025\/01\/J7-300x246.jpg 300w, https:\/\/www.eldiario.net\/portal\/wp-content\/uploads\/2025\/01\/J7-1024x839.jpg 1024w, https:\/\/www.eldiario.net\/portal\/wp-content\/uploads\/2025\/01\/J7-768x629.jpg 768w, https:\/\/www.eldiario.net\/portal\/wp-content\/uploads\/2025\/01\/J7-1536x1259.jpg 1536w, https:\/\/www.eldiario.net\/portal\/wp-content\/uploads\/2025\/01\/J7-696x570.jpg 696w, https:\/\/www.eldiario.net\/portal\/wp-content\/uploads\/2025\/01\/J7-1068x875.jpg 1068w, https:\/\/www.eldiario.net\/portal\/wp-content\/uploads\/2025\/01\/J7-1920x1573.jpg 1920w, https:\/\/www.eldiario.net\/portal\/wp-content\/uploads\/2025\/01\/J7.jpg 2048w\" sizes=\"(max-width: 513px) 100vw, 513px\" alt=\"\">\r\n                            <\/a>\r\n                            <figcaption class = \"td-slide-caption td-gallery-slide-content\"><div class = \"td-gallery-slide-copywrite\"> SALVADOR TORREJ\u00d3N, ALCALDE DE MINEROS, EL EMBAJADOR HIROSHI ONOMURA Y ALBERTO LUCANA, ALCALDE DE PUCARANI.<\/div><\/figcaption>\r\n                        <\/figure>\r\n                    <\/div>\r\n                    <div class = \"td-slide-item td-item8\">\r\n                        <figure class=\"td-slide-galery-figure td-slide-popup-gallery\">\r\n                            <a class=\"slide-gallery-image-link\" href=\"https:\/\/www.eldiario.net\/portal\/wp-content\/uploads\/2025\/01\/J8.jpg\" title=\"J8\"  data-caption=\"EL EMBAJADOR DEL JAP\u00d3N, HIROSHI ONOMURA, JUNTO A LOS REPRESENTANTES DE LOS PROYECTOS BENEFICIADOS.\"  data-description=\"\">\r\n                                <img decoding=\"async\" src=\"https:\/\/www.eldiario.net\/portal\/wp-content\/uploads\/2025\/01\/J8-560x420.jpg\" srcset=\"https:\/\/www.eldiario.net\/portal\/wp-content\/uploads\/2025\/01\/J8-560x420.jpg 560w, https:\/\/www.eldiario.net\/portal\/wp-content\/uploads\/2025\/01\/J8-300x225.jpg 300w, https:\/\/www.eldiario.net\/portal\/wp-content\/uploads\/2025\/01\/J8-1024x768.jpg 1024w, https:\/\/www.eldiario.net\/portal\/wp-content\/uploads\/2025\/01\/J8-768x576.jpg 768w, https:\/\/www.eldiario.net\/portal\/wp-content\/uploads\/2025\/01\/J8-1536x1152.jpg 1536w, https:\/\/www.eldiario.net\/portal\/wp-content\/uploads\/2025\/01\/J8-80x60.jpg 80w, https:\/\/www.eldiario.net\/portal\/wp-content\/uploads\/2025\/01\/J8-696x522.jpg 696w, https:\/\/www.eldiario.net\/portal\/wp-content\/uploads\/2025\/01\/J8-1068x801.jpg 1068w, https:\/\/www.eldiario.net\/portal\/wp-content\/uploads\/2025\/01\/J8-1920x1440.jpg 1920w, https:\/\/www.eldiario.net\/portal\/wp-content\/uploads\/2025\/01\/J8.jpg 2048w\" sizes=\"(max-width: 560px) 100vw, 560px\" alt=\"\">\r\n                            <\/a>\r\n                            <figcaption class = \"td-slide-caption td-gallery-slide-content\"><div class = \"td-gallery-slide-copywrite\">EL EMBAJADOR DEL JAP\u00d3N, HIROSHI ONOMURA, JUNTO A LOS REPRESENTANTES DE LOS PROYECTOS BENEFICIADOS.<\/div><\/figcaption>\r\n                        <\/figure>\r\n                    <\/div>\r\n                            <\/div>\r\n                        <\/div>\r\n\r\n                        <div class = \"td-doubleSlider-2\">\r\n                            <div class = \"td-slider\">\r\n                                \r\n                    <div class = \"td-button td-item1\">\r\n                        <div class = \"td-border\"><\/div>\r\n                    <\/div>\r\n                    <div class = \"td-button td-item2\">\r\n                        <div class = \"td-border\"><\/div>\r\n                    <\/div>\r\n                    <div class = \"td-button td-item3\">\r\n                        <div class = \"td-border\"><\/div>\r\n                    <\/div>\r\n                    <div class = \"td-button td-item4\">\r\n                        <div class = \"td-border\"><\/div>\r\n                    <\/div>\r\n                    <div class = \"td-button td-item5\">\r\n                        <div class = \"td-border\"><\/div>\r\n                    <\/div>\r\n                    <div class = \"td-button td-item6\">\r\n                        <div class = \"td-border\"><\/div>\r\n                    <\/div>\r\n                    <div class = \"td-button td-item7\">\r\n                        <div class = \"td-border\"><\/div>\r\n                    <\/div>\r\n                    <div class = \"td-button td-item8\">\r\n                        <div class = \"td-border\"><\/div>\r\n                    <\/div>\r\n                            <\/div>\r\n                        <\/div>\r\n\r\n                    <\/div>\r\n\r\n                <\/div>\r\n                \n","protected":false},"excerpt":{"rendered":"<p>El embajador del Jap\u00f3n, Hiroshi Onomura, suscribi\u00f3 dos contratos de donaci\u00f3n por un monto de USD 122.044,00. Durante el acto, celebrado en la sede de la misi\u00f3n diplom\u00e1tica, el emisario japon\u00e9s resalt\u00f3 que en 2025 se ce-lebra 65 a\u00f1os de la cooperaci\u00f3n japonesa en Bolivia, por lo que reiter\u00f3 la intenci\u00f3n del Gobierno japon\u00e9s de [&hellip;]<\/p>\n","protected":false},"author":1,"featured_media":277531,"comment_status":"closed","ping_status":"open","sticky":false,"template":"","format":"standard","meta":{"_acf_changed":false,"footnotes":""},"categories":[40],"tags":[],"class_list":["post-277523","post","type-post","status-publish","format-standard","has-post-thumbnail","category-sociales"],"acf":{"antetitulo":""},"yoast_head":"<!-- This site is optimized with the Yoast SEO plugin v28.4 - https:\/\/yoast.com\/product\/yoast-seo-wordpress\/ -->\n<title>Donaci\u00f3n japonesa para proyectos en Santa Cruz y La Paz - El Diario - Bolivia<\/title>\n<meta name=\"robots\" content=\"index, follow, max-snippet:-1, max-image-preview:large, max-video-preview:-1\" \/>\n<link rel=\"canonical\" href=\"https:\/\/www.eldiario.net\/portal\/2025\/01\/27\/donacion-japonesa-para-proyectos-en-santa-cruz-y-la-paz\/\" \/>\n<meta property=\"og:locale\" content=\"es_ES\" \/>\n<meta property=\"og:type\" content=\"article\" \/>\n<meta property=\"og:title\" content=\"Donaci\u00f3n japonesa para proyectos en Santa Cruz y La Paz - El Diario - Bolivia\" \/>\n<meta property=\"og:description\" content=\"El embajador del Jap\u00f3n, Hiroshi Onomura, suscribi\u00f3 dos contratos de donaci\u00f3n por un monto de USD 122.044,00. Durante el acto, celebrado en la sede de la misi\u00f3n diplom\u00e1tica, el emisario japon\u00e9s resalt\u00f3 que en 2025 se ce-lebra 65 a\u00f1os de la cooperaci\u00f3n japonesa en Bolivia, por lo que reiter\u00f3 la intenci\u00f3n del Gobierno japon\u00e9s de [&hellip;]\" \/>\n<meta property=\"og:url\" content=\"https:\/\/www.eldiario.net\/portal\/2025\/01\/27\/donacion-japonesa-para-proyectos-en-santa-cruz-y-la-paz\/\" \/>\n<meta property=\"og:site_name\" content=\"El Diario - Bolivia\" \/>\n<meta property=\"article:publisher\" content=\"https:\/\/www.facebook.com\/eldiario.bolivia\/\" \/>\n<meta property=\"article:published_time\" content=\"2025-01-27T10:23:53+00:00\" \/>\n<meta property=\"og:image\" content=\"https:\/\/www.eldiario.net\/portal\/wp-content\/uploads\/2025\/01\/J8.jpg\" \/>\n\t<meta property=\"og:image:width\" content=\"2048\" \/>\n\t<meta property=\"og:image:height\" content=\"1536\" \/>\n\t<meta property=\"og:image:type\" content=\"image\/jpeg\" \/>\n<meta name=\"author\" content=\"Jeanette\" \/>\n<meta name=\"twitter:card\" content=\"summary_large_image\" \/>\n<meta name=\"twitter:creator\" content=\"@eldiario_net\" \/>\n<meta name=\"twitter:site\" content=\"@eldiario_net\" \/>\n<meta name=\"twitter:label1\" content=\"Escrito por\" \/>\n\t<meta name=\"twitter:data1\" content=\"Jeanette\" \/>\n\t<meta name=\"twitter:label2\" content=\"Tiempo de lectura\" \/>\n\t<meta name=\"twitter:data2\" content=\"2 minutos\" \/>\n<script type=\"application\/ld+json\" class=\"yoast-schema-graph\">{\"@context\":\"https:\\\/\\\/schema.org\",\"@graph\":[{\"@type\":\"Article\",\"@id\":\"https:\\\/\\\/www.eldiario.net\\\/portal\\\/2025\\\/01\\\/27\\\/donacion-japonesa-para-proyectos-en-santa-cruz-y-la-paz\\\/#article\",\"isPartOf\":{\"@id\":\"https:\\\/\\\/www.eldiario.net\\\/portal\\\/2025\\\/01\\\/27\\\/donacion-japonesa-para-proyectos-en-santa-cruz-y-la-paz\\\/\"},\"author\":{\"name\":\"Jeanette\",\"@id\":\"https:\\\/\\\/www.eldiario.net\\\/portal\\\/#\\\/schema\\\/person\\\/f46445640444750d7d753ccd04ae01b7\"},\"headline\":\"Donaci\u00f3n japonesa para proyectos en Santa Cruz y La Paz\",\"datePublished\":\"2025-01-27T10:23:53+00:00\",\"mainEntityOfPage\":{\"@id\":\"https:\\\/\\\/www.eldiario.net\\\/portal\\\/2025\\\/01\\\/27\\\/donacion-japonesa-para-proyectos-en-santa-cruz-y-la-paz\\\/\"},\"wordCount\":208,\"publisher\":{\"@id\":\"https:\\\/\\\/www.eldiario.net\\\/portal\\\/#organization\"},\"image\":{\"@id\":\"https:\\\/\\\/www.eldiario.net\\\/portal\\\/2025\\\/01\\\/27\\\/donacion-japonesa-para-proyectos-en-santa-cruz-y-la-paz\\\/#primaryimage\"},\"thumbnailUrl\":\"https:\\\/\\\/www.eldiario.net\\\/portal\\\/wp-content\\\/uploads\\\/2025\\\/01\\\/J8.jpg\",\"articleSection\":[\"Sociales\"],\"inLanguage\":\"es\"},{\"@type\":\"WebPage\",\"@id\":\"https:\\\/\\\/www.eldiario.net\\\/portal\\\/2025\\\/01\\\/27\\\/donacion-japonesa-para-proyectos-en-santa-cruz-y-la-paz\\\/\",\"url\":\"https:\\\/\\\/www.eldiario.net\\\/portal\\\/2025\\\/01\\\/27\\\/donacion-japonesa-para-proyectos-en-santa-cruz-y-la-paz\\\/\",\"name\":\"Donaci\u00f3n japonesa para proyectos en Santa Cruz y La Paz - El Diario - Bolivia\",\"isPartOf\":{\"@id\":\"https:\\\/\\\/www.eldiario.net\\\/portal\\\/#website\"},\"primaryImageOfPage\":{\"@id\":\"https:\\\/\\\/www.eldiario.net\\\/portal\\\/2025\\\/01\\\/27\\\/donacion-japonesa-para-proyectos-en-santa-cruz-y-la-paz\\\/#primaryimage\"},\"image\":{\"@id\":\"https:\\\/\\\/www.eldiario.net\\\/portal\\\/2025\\\/01\\\/27\\\/donacion-japonesa-para-proyectos-en-santa-cruz-y-la-paz\\\/#primaryimage\"},\"thumbnailUrl\":\"https:\\\/\\\/www.eldiario.net\\\/portal\\\/wp-content\\\/uploads\\\/2025\\\/01\\\/J8.jpg\",\"datePublished\":\"2025-01-27T10:23:53+00:00\",\"breadcrumb\":{\"@id\":\"https:\\\/\\\/www.eldiario.net\\\/portal\\\/2025\\\/01\\\/27\\\/donacion-japonesa-para-proyectos-en-santa-cruz-y-la-paz\\\/#breadcrumb\"},\"inLanguage\":\"es\",\"potentialAction\":[{\"@type\":\"ReadAction\",\"target\":[\"https:\\\/\\\/www.eldiario.net\\\/portal\\\/2025\\\/01\\\/27\\\/donacion-japonesa-para-proyectos-en-santa-cruz-y-la-paz\\\/\"]}]},{\"@type\":\"ImageObject\",\"inLanguage\":\"es\",\"@id\":\"https:\\\/\\\/www.eldiario.net\\\/portal\\\/2025\\\/01\\\/27\\\/donacion-japonesa-para-proyectos-en-santa-cruz-y-la-paz\\\/#primaryimage\",\"url\":\"https:\\\/\\\/www.eldiario.net\\\/portal\\\/wp-content\\\/uploads\\\/2025\\\/01\\\/J8.jpg\",\"contentUrl\":\"https:\\\/\\\/www.eldiario.net\\\/portal\\\/wp-content\\\/uploads\\\/2025\\\/01\\\/J8.jpg\",\"width\":2048,\"height\":1536,\"caption\":\"EL EMBAJADOR DEL JAP\u00d3N, HIROSHI ONOMURA, JUNTO A LOS REPRESENTANTES DE LOS PROYECTOS BENEFICIADOS.\"},{\"@type\":\"BreadcrumbList\",\"@id\":\"https:\\\/\\\/www.eldiario.net\\\/portal\\\/2025\\\/01\\\/27\\\/donacion-japonesa-para-proyectos-en-santa-cruz-y-la-paz\\\/#breadcrumb\",\"itemListElement\":[{\"@type\":\"ListItem\",\"position\":1,\"name\":\"Portada\",\"item\":\"https:\\\/\\\/www.eldiario.net\\\/portal\\\/\"},{\"@type\":\"ListItem\",\"position\":2,\"name\":\"Donaci\u00f3n japonesa para proyectos en Santa Cruz y La Paz\"}]},{\"@type\":\"WebSite\",\"@id\":\"https:\\\/\\\/www.eldiario.net\\\/portal\\\/#website\",\"url\":\"https:\\\/\\\/www.eldiario.net\\\/portal\\\/\",\"name\":\"El Diario - Decano de la prensa nacional\",\"description\":\"El Diario - Decano de la prensa nacional\",\"publisher\":{\"@id\":\"https:\\\/\\\/www.eldiario.net\\\/portal\\\/#organization\"},\"potentialAction\":[{\"@type\":\"SearchAction\",\"target\":{\"@type\":\"EntryPoint\",\"urlTemplate\":\"https:\\\/\\\/www.eldiario.net\\\/portal\\\/?s={search_term_string}\"},\"query-input\":{\"@type\":\"PropertyValueSpecification\",\"valueRequired\":true,\"valueName\":\"search_term_string\"}}],\"inLanguage\":\"es\"},{\"@type\":\"Organization\",\"@id\":\"https:\\\/\\\/www.eldiario.net\\\/portal\\\/#organization\",\"name\":\"El Diario - Decano de la prensa nacional\",\"url\":\"https:\\\/\\\/www.eldiario.net\\\/portal\\\/\",\"logo\":{\"@type\":\"ImageObject\",\"inLanguage\":\"es\",\"@id\":\"https:\\\/\\\/www.eldiario.net\\\/portal\\\/#\\\/schema\\\/logo\\\/image\\\/\",\"url\":\"https:\\\/\\\/www.eldiario.net\\\/portal\\\/wp-content\\\/uploads\\\/2023\\\/07\\\/logo_ED.jpg\",\"contentUrl\":\"https:\\\/\\\/www.eldiario.net\\\/portal\\\/wp-content\\\/uploads\\\/2023\\\/07\\\/logo_ED.jpg\",\"width\":272,\"height\":52,\"caption\":\"El Diario - Decano de la prensa nacional\"},\"image\":{\"@id\":\"https:\\\/\\\/www.eldiario.net\\\/portal\\\/#\\\/schema\\\/logo\\\/image\\\/\"},\"sameAs\":[\"https:\\\/\\\/www.facebook.com\\\/eldiario.bolivia\\\/\",\"https:\\\/\\\/x.com\\\/eldiario_net\"]},{\"@type\":\"Person\",\"@id\":\"https:\\\/\\\/www.eldiario.net\\\/portal\\\/#\\\/schema\\\/person\\\/f46445640444750d7d753ccd04ae01b7\",\"name\":\"Jeanette\",\"image\":{\"@type\":\"ImageObject\",\"inLanguage\":\"es\",\"@id\":\"https:\\\/\\\/secure.gravatar.com\\\/avatar\\\/3ea2118a5f7dad2b7138b1187a6b7ee55f160b9968b66013c3a3ef39dd7e5798?s=96&d=mm&r=g\",\"url\":\"https:\\\/\\\/secure.gravatar.com\\\/avatar\\\/3ea2118a5f7dad2b7138b1187a6b7ee55f160b9968b66013c3a3ef39dd7e5798?s=96&d=mm&r=g\",\"contentUrl\":\"https:\\\/\\\/secure.gravatar.com\\\/avatar\\\/3ea2118a5f7dad2b7138b1187a6b7ee55f160b9968b66013c3a3ef39dd7e5798?s=96&d=mm&r=g\",\"caption\":\"Jeanette\"},\"sameAs\":[\"https:\\\/\\\/www.eldiario.net\\\/portal\"],\"url\":\"https:\\\/\\\/www.eldiario.net\\\/portal\\\/author\\\/jeanette\\\/\"}]}<\/script>\n<!-- \/ Yoast SEO plugin. -->","yoast_head_json":{"title":"Donaci\u00f3n japonesa para proyectos en Santa Cruz y La Paz - El Diario - Bolivia","robots":{"index":"index","follow":"follow","max-snippet":"max-snippet:-1","max-image-preview":"max-image-preview:large","max-video-preview":"max-video-preview:-1"},"canonical":"https:\/\/www.eldiario.net\/portal\/2025\/01\/27\/donacion-japonesa-para-proyectos-en-santa-cruz-y-la-paz\/","og_locale":"es_ES","og_type":"article","og_title":"Donaci\u00f3n japonesa para proyectos en Santa Cruz y La Paz - El Diario - Bolivia","og_description":"El embajador del Jap\u00f3n, Hiroshi Onomura, suscribi\u00f3 dos contratos de donaci\u00f3n por un monto de USD 122.044,00. Durante el acto, celebrado en la sede de la misi\u00f3n diplom\u00e1tica, el emisario japon\u00e9s resalt\u00f3 que en 2025 se ce-lebra 65 a\u00f1os de la cooperaci\u00f3n japonesa en Bolivia, por lo que reiter\u00f3 la intenci\u00f3n del Gobierno japon\u00e9s de [&hellip;]","og_url":"https:\/\/www.eldiario.net\/portal\/2025\/01\/27\/donacion-japonesa-para-proyectos-en-santa-cruz-y-la-paz\/","og_site_name":"El Diario - Bolivia","article_publisher":"https:\/\/www.facebook.com\/eldiario.bolivia\/","article_published_time":"2025-01-27T10:23:53+00:00","og_image":[{"width":2048,"height":1536,"url":"https:\/\/www.eldiario.net\/portal\/wp-content\/uploads\/2025\/01\/J8.jpg","type":"image\/jpeg"}],"author":"Jeanette","twitter_card":"summary_large_image","twitter_creator":"@eldiario_net","twitter_site":"@eldiario_net","twitter_misc":{"Escrito por":"Jeanette","Tiempo de lectura":"2 minutos"},"schema":{"@context":"https:\/\/schema.org","@graph":[{"@type":"Article","@id":"https:\/\/www.eldiario.net\/portal\/2025\/01\/27\/donacion-japonesa-para-proyectos-en-santa-cruz-y-la-paz\/#article","isPartOf":{"@id":"https:\/\/www.eldiario.net\/portal\/2025\/01\/27\/donacion-japonesa-para-proyectos-en-santa-cruz-y-la-paz\/"},"author":{"name":"Jeanette","@id":"https:\/\/www.eldiario.net\/portal\/#\/schema\/person\/f46445640444750d7d753ccd04ae01b7"},"headline":"Donaci\u00f3n japonesa para proyectos en Santa Cruz y La Paz","datePublished":"2025-01-27T10:23:53+00:00","mainEntityOfPage":{"@id":"https:\/\/www.eldiario.net\/portal\/2025\/01\/27\/donacion-japonesa-para-proyectos-en-santa-cruz-y-la-paz\/"},"wordCount":208,"publisher":{"@id":"https:\/\/www.eldiario.net\/portal\/#organization"},"image":{"@id":"https:\/\/www.eldiario.net\/portal\/2025\/01\/27\/donacion-japonesa-para-proyectos-en-santa-cruz-y-la-paz\/#primaryimage"},"thumbnailUrl":"https:\/\/www.eldiario.net\/portal\/wp-content\/uploads\/2025\/01\/J8.jpg","articleSection":["Sociales"],"inLanguage":"es"},{"@type":"WebPage","@id":"https:\/\/www.eldiario.net\/portal\/2025\/01\/27\/donacion-japonesa-para-proyectos-en-santa-cruz-y-la-paz\/","url":"https:\/\/www.eldiario.net\/portal\/2025\/01\/27\/donacion-japonesa-para-proyectos-en-santa-cruz-y-la-paz\/","name":"Donaci\u00f3n japonesa para proyectos en Santa Cruz y La Paz - El Diario - Bolivia","isPartOf":{"@id":"https:\/\/www.eldiario.net\/portal\/#website"},"primaryImageOfPage":{"@id":"https:\/\/www.eldiario.net\/portal\/2025\/01\/27\/donacion-japonesa-para-proyectos-en-santa-cruz-y-la-paz\/#primaryimage"},"image":{"@id":"https:\/\/www.eldiario.net\/portal\/2025\/01\/27\/donacion-japonesa-para-proyectos-en-santa-cruz-y-la-paz\/#primaryimage"},"thumbnailUrl":"https:\/\/www.eldiario.net\/portal\/wp-content\/uploads\/2025\/01\/J8.jpg","datePublished":"2025-01-27T10:23:53+00:00","breadcrumb":{"@id":"https:\/\/www.eldiario.net\/portal\/2025\/01\/27\/donacion-japonesa-para-proyectos-en-santa-cruz-y-la-paz\/#breadcrumb"},"inLanguage":"es","potentialAction":[{"@type":"ReadAction","target":["https:\/\/www.eldiario.net\/portal\/2025\/01\/27\/donacion-japonesa-para-proyectos-en-santa-cruz-y-la-paz\/"]}]},{"@type":"ImageObject","inLanguage":"es","@id":"https:\/\/www.eldiario.net\/portal\/2025\/01\/27\/donacion-japonesa-para-proyectos-en-santa-cruz-y-la-paz\/#primaryimage","url":"https:\/\/www.eldiario.net\/portal\/wp-content\/uploads\/2025\/01\/J8.jpg","contentUrl":"https:\/\/www.eldiario.net\/portal\/wp-content\/uploads\/2025\/01\/J8.jpg","width":2048,"height":1536,"caption":"EL EMBAJADOR DEL JAP\u00d3N, HIROSHI ONOMURA, JUNTO A LOS REPRESENTANTES DE LOS PROYECTOS BENEFICIADOS."},{"@type":"BreadcrumbList","@id":"https:\/\/www.eldiario.net\/portal\/2025\/01\/27\/donacion-japonesa-para-proyectos-en-santa-cruz-y-la-paz\/#breadcrumb","itemListElement":[{"@type":"ListItem","position":1,"name":"Portada","item":"https:\/\/www.eldiario.net\/portal\/"},{"@type":"ListItem","position":2,"name":"Donaci\u00f3n japonesa para proyectos en Santa Cruz y La Paz"}]},{"@type":"WebSite","@id":"https:\/\/www.eldiario.net\/portal\/#website","url":"https:\/\/www.eldiario.net\/portal\/","name":"El Diario - Decano de la prensa nacional","description":"El Diario - Decano de la prensa nacional","publisher":{"@id":"https:\/\/www.eldiario.net\/portal\/#organization"},"potentialAction":[{"@type":"SearchAction","target":{"@type":"EntryPoint","urlTemplate":"https:\/\/www.eldiario.net\/portal\/?s={search_term_string}"},"query-input":{"@type":"PropertyValueSpecification","valueRequired":true,"valueName":"search_term_string"}}],"inLanguage":"es"},{"@type":"Organization","@id":"https:\/\/www.eldiario.net\/portal\/#organization","name":"El Diario - Decano de la prensa nacional","url":"https:\/\/www.eldiario.net\/portal\/","logo":{"@type":"ImageObject","inLanguage":"es","@id":"https:\/\/www.eldiario.net\/portal\/#\/schema\/logo\/image\/","url":"https:\/\/www.eldiario.net\/portal\/wp-content\/uploads\/2023\/07\/logo_ED.jpg","contentUrl":"https:\/\/www.eldiario.net\/portal\/wp-content\/uploads\/2023\/07\/logo_ED.jpg","width":272,"height":52,"caption":"El Diario - Decano de la prensa nacional"},"image":{"@id":"https:\/\/www.eldiario.net\/portal\/#\/schema\/logo\/image\/"},"sameAs":["https:\/\/www.facebook.com\/eldiario.bolivia\/","https:\/\/x.com\/eldiario_net"]},{"@type":"Person","@id":"https:\/\/www.eldiario.net\/portal\/#\/schema\/person\/f46445640444750d7d753ccd04ae01b7","name":"Jeanette","image":{"@type":"ImageObject","inLanguage":"es","@id":"https:\/\/secure.gravatar.com\/avatar\/3ea2118a5f7dad2b7138b1187a6b7ee55f160b9968b66013c3a3ef39dd7e5798?s=96&d=mm&r=g","url":"https:\/\/secure.gravatar.com\/avatar\/3ea2118a5f7dad2b7138b1187a6b7ee55f160b9968b66013c3a3ef39dd7e5798?s=96&d=mm&r=g","contentUrl":"https:\/\/secure.gravatar.com\/avatar\/3ea2118a5f7dad2b7138b1187a6b7ee55f160b9968b66013c3a3ef39dd7e5798?s=96&d=mm&r=g","caption":"Jeanette"},"sameAs":["https:\/\/www.eldiario.net\/portal"],"url":"https:\/\/www.eldiario.net\/portal\/author\/jeanette\/"}]}},"_links":{"self":[{"href":"https:\/\/www.eldiario.net\/portal\/wp-json\/wp\/v2\/posts\/277523","targetHints":{"allow":["GET"]}}],"collection":[{"href":"https:\/\/www.eldiario.net\/portal\/wp-json\/wp\/v2\/posts"}],"about":[{"href":"https:\/\/www.eldiario.net\/portal\/wp-json\/wp\/v2\/types\/post"}],"author":[{"embeddable":true,"href":"https:\/\/www.eldiario.net\/portal\/wp-json\/wp\/v2\/users\/1"}],"replies":[{"embeddable":true,"href":"https:\/\/www.eldiario.net\/portal\/wp-json\/wp\/v2\/comments?post=277523"}],"version-history":[{"count":1,"href":"https:\/\/www.eldiario.net\/portal\/wp-json\/wp\/v2\/posts\/277523\/revisions"}],"predecessor-version":[{"id":277532,"href":"https:\/\/www.eldiario.net\/portal\/wp-json\/wp\/v2\/posts\/277523\/revisions\/277532"}],"wp:featuredmedia":[{"embeddable":true,"href":"https:\/\/www.eldiario.net\/portal\/wp-json\/wp\/v2\/media\/277531"}],"wp:attachment":[{"href":"https:\/\/www.eldiario.net\/portal\/wp-json\/wp\/v2\/media?parent=277523"}],"wp:term":[{"taxonomy":"category","embeddable":true,"href":"https:\/\/www.eldiario.net\/portal\/wp-json\/wp\/v2\/categories?post=277523"},{"taxonomy":"post_tag","embeddable":true,"href":"https:\/\/www.eldiario.net\/portal\/wp-json\/wp\/v2\/tags?post=277523"}],"curies":[{"name":"wp","href":"https:\/\/api.w.org\/{rel}","templated":true}]}}