{"id":277516,"date":"2025-01-27T06:21:05","date_gmt":"2025-01-27T10:21:05","guid":{"rendered":"https:\/\/www.eldiario.net\/portal\/?p=277516"},"modified":"2025-01-27T06:21:05","modified_gmt":"2025-01-27T10:21:05","slug":"la-era-zago-arranca-con-goleada","status":"publish","type":"post","link":"https:\/\/www.eldiario.net\/portal\/2025\/01\/27\/la-era-zago-arranca-con-goleada\/","title":{"rendered":"La \u00abera Zago\u00bb arranca con goleada"},"content":{"rendered":"<p>The Strongest humill\u00f3 a Blooming con un triunfo por 4-1, con triplete de Enrique Triverio, la noche del domingo, en el estadio Ram\u00f3n Aguilera Costas, cubriendo a su rival con incertidumbre cuando restan diez d\u00edas antes de la participaci\u00f3n del club cruce\u00f1o en la primera fase de la Copa Libertadores de Am\u00e9rica 2025.<br \/>\nEl Tigre super\u00f3 sin problemas a los celestes, dejando en evidencia la falta de trabajo en la zona defensiva y con esa llamada de atenci\u00f3n, el entrenador Mauricio Soria tiene poco tiempo para corregir los errores antes de recibir la visita de El Nacional (Ecuador) el 6 de enero, en condici\u00f3n de local.<br \/>\nLa afici\u00f3n celeste brind\u00f3 su apoyo con una asistencia que borde\u00f3 los 15 mil espectadores en el escenario deportivo, pero la respuesta del equipo qued\u00f3 lejos de las expectativas, causando la molestia, porque se requiere ajustes en todas las l\u00edneas para tener un elenco que pueda competir a nivel internacional.<br \/>\nEl refuerzo uruguayo Nahuel Acosta abri\u00f3 la cuenta a los siete minutos del arranque, alegrando la noche al p\u00fablico por esta practicidad. Sin embargo, poco dur\u00f3 la alegr\u00eda cuando a los 15 minutos, Triverio anot\u00f3 la igualdad. El goleador de los atigrados ampli\u00f3 la cuenta a los 25 minutos (2-1) y antes de irse al descanso anot\u00f3 (48\u00b4) el 3-1, aprovechando los errores de los defensores y del arquero Gustavo Almada.<br \/>\nEn la segunda parte, la cantidad excesiva de modificaciones desfigur\u00f3 el juego. Pese a esto, The Strongest termin\u00f3 de consolidar la goleada con el 4-1 (81\u00b4), por intermedio de Jeyson Chura. Este fue un golpe duro en el orgullo de los celestes, mientas, la visita sigue en proceso de adaptaci\u00f3n al estilo de juego del entrenador Antonio Carlos Zago.<br \/>\nALINEACIONES INICIALES<br \/>\nBlooming (1): Gustavo Almada; Miguel Becerra, Marc Enoumba, Richet G\u00f3mez, Denilson Dur\u00e1n, Arqu\u00edmedes Figuera, Mois\u00e9s Villarroel, Mart\u00edn Alaniz, Guido Vadal\u00e1, Samuel Garz\u00f3n y Nahuel Acosta.<br \/>\nDT: Mauricio Soria.<br \/>\nThe Strongest (4): Rodrigo Banegas; Fran Supayabe, L\u00edder Yanarico, Adri\u00e1n Jusino, Fabricio Quaglio, V\u00edctor Cu\u00e9llar, \u00c1lvaro Quiroga, Joel Amoroso, Jaime Arrascaita, Sebasti\u00e1n Guerrero y Enrique Triverio.<br \/>\nDT: Antonio Zago.<\/p>\n","protected":false},"excerpt":{"rendered":"<p>The Strongest humill\u00f3 a Blooming con un triunfo por 4-1, con triplete de Enrique Triverio, la noche del domingo, en el estadio Ram\u00f3n Aguilera Costas, cubriendo a su rival con incertidumbre cuando restan diez d\u00edas antes de la participaci\u00f3n del club cruce\u00f1o en la primera fase de la Copa Libertadores de Am\u00e9rica 2025. El Tigre [&hellip;]<\/p>\n","protected":false},"author":1,"featured_media":277517,"comment_status":"closed","ping_status":"open","sticky":false,"template":"","format":"standard","meta":{"_acf_changed":false,"footnotes":""},"categories":[6],"tags":[],"class_list":["post-277516","post","type-post","status-publish","format-standard","has-post-thumbnail","category-deportes"],"acf":{"antetitulo":""},"yoast_head":"<!-- This site is optimized with the Yoast SEO plugin v28.4 - https:\/\/yoast.com\/product\/yoast-seo-wordpress\/ -->\n<title>La &quot;era Zago&quot; arranca con goleada - El Diario - Bolivia<\/title>\n<meta name=\"robots\" content=\"index, follow, max-snippet:-1, max-image-preview:large, max-video-preview:-1\" \/>\n<link rel=\"canonical\" href=\"https:\/\/www.eldiario.net\/portal\/2025\/01\/27\/la-era-zago-arranca-con-goleada\/\" \/>\n<meta property=\"og:locale\" content=\"es_ES\" \/>\n<meta property=\"og:type\" content=\"article\" \/>\n<meta property=\"og:title\" content=\"La &quot;era Zago&quot; arranca con goleada - El Diario - Bolivia\" \/>\n<meta property=\"og:description\" content=\"The Strongest humill\u00f3 a Blooming con un triunfo por 4-1, con triplete de Enrique Triverio, la noche del domingo, en el estadio Ram\u00f3n Aguilera Costas, cubriendo a su rival con incertidumbre cuando restan diez d\u00edas antes de la participaci\u00f3n del club cruce\u00f1o en la primera fase de la Copa Libertadores de Am\u00e9rica 2025. El Tigre [&hellip;]\" \/>\n<meta property=\"og:url\" content=\"https:\/\/www.eldiario.net\/portal\/2025\/01\/27\/la-era-zago-arranca-con-goleada\/\" \/>\n<meta property=\"og:site_name\" content=\"El Diario - Bolivia\" \/>\n<meta property=\"article:publisher\" content=\"https:\/\/www.facebook.com\/eldiario.bolivia\/\" \/>\n<meta property=\"article:published_time\" content=\"2025-01-27T10:21:05+00:00\" \/>\n<meta property=\"og:image\" content=\"https:\/\/www.eldiario.net\/portal\/wp-content\/uploads\/2025\/01\/zago.jpg\" \/>\n\t<meta property=\"og:image:width\" content=\"1200\" \/>\n\t<meta property=\"og:image:height\" content=\"894\" \/>\n\t<meta property=\"og:image:type\" content=\"image\/jpeg\" \/>\n<meta name=\"author\" content=\"Jeanette\" \/>\n<meta name=\"twitter:card\" content=\"summary_large_image\" \/>\n<meta name=\"twitter:creator\" content=\"@eldiario_net\" \/>\n<meta name=\"twitter:site\" content=\"@eldiario_net\" \/>\n<meta name=\"twitter:label1\" content=\"Escrito por\" \/>\n\t<meta name=\"twitter:data1\" content=\"Jeanette\" \/>\n\t<meta name=\"twitter:label2\" content=\"Tiempo de lectura\" \/>\n\t<meta name=\"twitter:data2\" content=\"2 minutos\" \/>\n<script type=\"application\/ld+json\" class=\"yoast-schema-graph\">{\"@context\":\"https:\\\/\\\/schema.org\",\"@graph\":[{\"@type\":\"Article\",\"@id\":\"https:\\\/\\\/www.eldiario.net\\\/portal\\\/2025\\\/01\\\/27\\\/la-era-zago-arranca-con-goleada\\\/#article\",\"isPartOf\":{\"@id\":\"https:\\\/\\\/www.eldiario.net\\\/portal\\\/2025\\\/01\\\/27\\\/la-era-zago-arranca-con-goleada\\\/\"},\"author\":{\"name\":\"Jeanette\",\"@id\":\"https:\\\/\\\/www.eldiario.net\\\/portal\\\/#\\\/schema\\\/person\\\/f46445640444750d7d753ccd04ae01b7\"},\"headline\":\"La \u00abera Zago\u00bb arranca con goleada\",\"datePublished\":\"2025-01-27T10:21:05+00:00\",\"mainEntityOfPage\":{\"@id\":\"https:\\\/\\\/www.eldiario.net\\\/portal\\\/2025\\\/01\\\/27\\\/la-era-zago-arranca-con-goleada\\\/\"},\"wordCount\":365,\"publisher\":{\"@id\":\"https:\\\/\\\/www.eldiario.net\\\/portal\\\/#organization\"},\"image\":{\"@id\":\"https:\\\/\\\/www.eldiario.net\\\/portal\\\/2025\\\/01\\\/27\\\/la-era-zago-arranca-con-goleada\\\/#primaryimage\"},\"thumbnailUrl\":\"https:\\\/\\\/www.eldiario.net\\\/portal\\\/wp-content\\\/uploads\\\/2025\\\/01\\\/zago.jpg\",\"articleSection\":[\"Deportes\"],\"inLanguage\":\"es\"},{\"@type\":\"WebPage\",\"@id\":\"https:\\\/\\\/www.eldiario.net\\\/portal\\\/2025\\\/01\\\/27\\\/la-era-zago-arranca-con-goleada\\\/\",\"url\":\"https:\\\/\\\/www.eldiario.net\\\/portal\\\/2025\\\/01\\\/27\\\/la-era-zago-arranca-con-goleada\\\/\",\"name\":\"La \\\"era Zago\\\" arranca con goleada - El Diario - Bolivia\",\"isPartOf\":{\"@id\":\"https:\\\/\\\/www.eldiario.net\\\/portal\\\/#website\"},\"primaryImageOfPage\":{\"@id\":\"https:\\\/\\\/www.eldiario.net\\\/portal\\\/2025\\\/01\\\/27\\\/la-era-zago-arranca-con-goleada\\\/#primaryimage\"},\"image\":{\"@id\":\"https:\\\/\\\/www.eldiario.net\\\/portal\\\/2025\\\/01\\\/27\\\/la-era-zago-arranca-con-goleada\\\/#primaryimage\"},\"thumbnailUrl\":\"https:\\\/\\\/www.eldiario.net\\\/portal\\\/wp-content\\\/uploads\\\/2025\\\/01\\\/zago.jpg\",\"datePublished\":\"2025-01-27T10:21:05+00:00\",\"breadcrumb\":{\"@id\":\"https:\\\/\\\/www.eldiario.net\\\/portal\\\/2025\\\/01\\\/27\\\/la-era-zago-arranca-con-goleada\\\/#breadcrumb\"},\"inLanguage\":\"es\",\"potentialAction\":[{\"@type\":\"ReadAction\",\"target\":[\"https:\\\/\\\/www.eldiario.net\\\/portal\\\/2025\\\/01\\\/27\\\/la-era-zago-arranca-con-goleada\\\/\"]}]},{\"@type\":\"ImageObject\",\"inLanguage\":\"es\",\"@id\":\"https:\\\/\\\/www.eldiario.net\\\/portal\\\/2025\\\/01\\\/27\\\/la-era-zago-arranca-con-goleada\\\/#primaryimage\",\"url\":\"https:\\\/\\\/www.eldiario.net\\\/portal\\\/wp-content\\\/uploads\\\/2025\\\/01\\\/zago.jpg\",\"contentUrl\":\"https:\\\/\\\/www.eldiario.net\\\/portal\\\/wp-content\\\/uploads\\\/2025\\\/01\\\/zago.jpg\",\"width\":1200,\"height\":894},{\"@type\":\"BreadcrumbList\",\"@id\":\"https:\\\/\\\/www.eldiario.net\\\/portal\\\/2025\\\/01\\\/27\\\/la-era-zago-arranca-con-goleada\\\/#breadcrumb\",\"itemListElement\":[{\"@type\":\"ListItem\",\"position\":1,\"name\":\"Portada\",\"item\":\"https:\\\/\\\/www.eldiario.net\\\/portal\\\/\"},{\"@type\":\"ListItem\",\"position\":2,\"name\":\"La \u00abera Zago\u00bb arranca con goleada\"}]},{\"@type\":\"WebSite\",\"@id\":\"https:\\\/\\\/www.eldiario.net\\\/portal\\\/#website\",\"url\":\"https:\\\/\\\/www.eldiario.net\\\/portal\\\/\",\"name\":\"El Diario - Decano de la prensa nacional\",\"description\":\"El Diario - Decano de la prensa nacional\",\"publisher\":{\"@id\":\"https:\\\/\\\/www.eldiario.net\\\/portal\\\/#organization\"},\"potentialAction\":[{\"@type\":\"SearchAction\",\"target\":{\"@type\":\"EntryPoint\",\"urlTemplate\":\"https:\\\/\\\/www.eldiario.net\\\/portal\\\/?s={search_term_string}\"},\"query-input\":{\"@type\":\"PropertyValueSpecification\",\"valueRequired\":true,\"valueName\":\"search_term_string\"}}],\"inLanguage\":\"es\"},{\"@type\":\"Organization\",\"@id\":\"https:\\\/\\\/www.eldiario.net\\\/portal\\\/#organization\",\"name\":\"El Diario - Decano de la prensa nacional\",\"url\":\"https:\\\/\\\/www.eldiario.net\\\/portal\\\/\",\"logo\":{\"@type\":\"ImageObject\",\"inLanguage\":\"es\",\"@id\":\"https:\\\/\\\/www.eldiario.net\\\/portal\\\/#\\\/schema\\\/logo\\\/image\\\/\",\"url\":\"https:\\\/\\\/www.eldiario.net\\\/portal\\\/wp-content\\\/uploads\\\/2023\\\/07\\\/logo_ED.jpg\",\"contentUrl\":\"https:\\\/\\\/www.eldiario.net\\\/portal\\\/wp-content\\\/uploads\\\/2023\\\/07\\\/logo_ED.jpg\",\"width\":272,\"height\":52,\"caption\":\"El Diario - Decano de la prensa nacional\"},\"image\":{\"@id\":\"https:\\\/\\\/www.eldiario.net\\\/portal\\\/#\\\/schema\\\/logo\\\/image\\\/\"},\"sameAs\":[\"https:\\\/\\\/www.facebook.com\\\/eldiario.bolivia\\\/\",\"https:\\\/\\\/x.com\\\/eldiario_net\"]},{\"@type\":\"Person\",\"@id\":\"https:\\\/\\\/www.eldiario.net\\\/portal\\\/#\\\/schema\\\/person\\\/f46445640444750d7d753ccd04ae01b7\",\"name\":\"Jeanette\",\"image\":{\"@type\":\"ImageObject\",\"inLanguage\":\"es\",\"@id\":\"https:\\\/\\\/secure.gravatar.com\\\/avatar\\\/3ea2118a5f7dad2b7138b1187a6b7ee55f160b9968b66013c3a3ef39dd7e5798?s=96&d=mm&r=g\",\"url\":\"https:\\\/\\\/secure.gravatar.com\\\/avatar\\\/3ea2118a5f7dad2b7138b1187a6b7ee55f160b9968b66013c3a3ef39dd7e5798?s=96&d=mm&r=g\",\"contentUrl\":\"https:\\\/\\\/secure.gravatar.com\\\/avatar\\\/3ea2118a5f7dad2b7138b1187a6b7ee55f160b9968b66013c3a3ef39dd7e5798?s=96&d=mm&r=g\",\"caption\":\"Jeanette\"},\"sameAs\":[\"https:\\\/\\\/www.eldiario.net\\\/portal\"],\"url\":\"https:\\\/\\\/www.eldiario.net\\\/portal\\\/author\\\/jeanette\\\/\"}]}<\/script>\n<!-- \/ Yoast SEO plugin. -->","yoast_head_json":{"title":"La \"era Zago\" arranca con goleada - El Diario - Bolivia","robots":{"index":"index","follow":"follow","max-snippet":"max-snippet:-1","max-image-preview":"max-image-preview:large","max-video-preview":"max-video-preview:-1"},"canonical":"https:\/\/www.eldiario.net\/portal\/2025\/01\/27\/la-era-zago-arranca-con-goleada\/","og_locale":"es_ES","og_type":"article","og_title":"La \"era Zago\" arranca con goleada - El Diario - Bolivia","og_description":"The Strongest humill\u00f3 a Blooming con un triunfo por 4-1, con triplete de Enrique Triverio, la noche del domingo, en el estadio Ram\u00f3n Aguilera Costas, cubriendo a su rival con incertidumbre cuando restan diez d\u00edas antes de la participaci\u00f3n del club cruce\u00f1o en la primera fase de la Copa Libertadores de Am\u00e9rica 2025. El Tigre [&hellip;]","og_url":"https:\/\/www.eldiario.net\/portal\/2025\/01\/27\/la-era-zago-arranca-con-goleada\/","og_site_name":"El Diario - Bolivia","article_publisher":"https:\/\/www.facebook.com\/eldiario.bolivia\/","article_published_time":"2025-01-27T10:21:05+00:00","og_image":[{"width":1200,"height":894,"url":"https:\/\/www.eldiario.net\/portal\/wp-content\/uploads\/2025\/01\/zago.jpg","type":"image\/jpeg"}],"author":"Jeanette","twitter_card":"summary_large_image","twitter_creator":"@eldiario_net","twitter_site":"@eldiario_net","twitter_misc":{"Escrito por":"Jeanette","Tiempo de lectura":"2 minutos"},"schema":{"@context":"https:\/\/schema.org","@graph":[{"@type":"Article","@id":"https:\/\/www.eldiario.net\/portal\/2025\/01\/27\/la-era-zago-arranca-con-goleada\/#article","isPartOf":{"@id":"https:\/\/www.eldiario.net\/portal\/2025\/01\/27\/la-era-zago-arranca-con-goleada\/"},"author":{"name":"Jeanette","@id":"https:\/\/www.eldiario.net\/portal\/#\/schema\/person\/f46445640444750d7d753ccd04ae01b7"},"headline":"La \u00abera Zago\u00bb arranca con goleada","datePublished":"2025-01-27T10:21:05+00:00","mainEntityOfPage":{"@id":"https:\/\/www.eldiario.net\/portal\/2025\/01\/27\/la-era-zago-arranca-con-goleada\/"},"wordCount":365,"publisher":{"@id":"https:\/\/www.eldiario.net\/portal\/#organization"},"image":{"@id":"https:\/\/www.eldiario.net\/portal\/2025\/01\/27\/la-era-zago-arranca-con-goleada\/#primaryimage"},"thumbnailUrl":"https:\/\/www.eldiario.net\/portal\/wp-content\/uploads\/2025\/01\/zago.jpg","articleSection":["Deportes"],"inLanguage":"es"},{"@type":"WebPage","@id":"https:\/\/www.eldiario.net\/portal\/2025\/01\/27\/la-era-zago-arranca-con-goleada\/","url":"https:\/\/www.eldiario.net\/portal\/2025\/01\/27\/la-era-zago-arranca-con-goleada\/","name":"La \"era Zago\" arranca con goleada - El Diario - Bolivia","isPartOf":{"@id":"https:\/\/www.eldiario.net\/portal\/#website"},"primaryImageOfPage":{"@id":"https:\/\/www.eldiario.net\/portal\/2025\/01\/27\/la-era-zago-arranca-con-goleada\/#primaryimage"},"image":{"@id":"https:\/\/www.eldiario.net\/portal\/2025\/01\/27\/la-era-zago-arranca-con-goleada\/#primaryimage"},"thumbnailUrl":"https:\/\/www.eldiario.net\/portal\/wp-content\/uploads\/2025\/01\/zago.jpg","datePublished":"2025-01-27T10:21:05+00:00","breadcrumb":{"@id":"https:\/\/www.eldiario.net\/portal\/2025\/01\/27\/la-era-zago-arranca-con-goleada\/#breadcrumb"},"inLanguage":"es","potentialAction":[{"@type":"ReadAction","target":["https:\/\/www.eldiario.net\/portal\/2025\/01\/27\/la-era-zago-arranca-con-goleada\/"]}]},{"@type":"ImageObject","inLanguage":"es","@id":"https:\/\/www.eldiario.net\/portal\/2025\/01\/27\/la-era-zago-arranca-con-goleada\/#primaryimage","url":"https:\/\/www.eldiario.net\/portal\/wp-content\/uploads\/2025\/01\/zago.jpg","contentUrl":"https:\/\/www.eldiario.net\/portal\/wp-content\/uploads\/2025\/01\/zago.jpg","width":1200,"height":894},{"@type":"BreadcrumbList","@id":"https:\/\/www.eldiario.net\/portal\/2025\/01\/27\/la-era-zago-arranca-con-goleada\/#breadcrumb","itemListElement":[{"@type":"ListItem","position":1,"name":"Portada","item":"https:\/\/www.eldiario.net\/portal\/"},{"@type":"ListItem","position":2,"name":"La \u00abera Zago\u00bb arranca con goleada"}]},{"@type":"WebSite","@id":"https:\/\/www.eldiario.net\/portal\/#website","url":"https:\/\/www.eldiario.net\/portal\/","name":"El Diario - Decano de la prensa nacional","description":"El Diario - Decano de la prensa nacional","publisher":{"@id":"https:\/\/www.eldiario.net\/portal\/#organization"},"potentialAction":[{"@type":"SearchAction","target":{"@type":"EntryPoint","urlTemplate":"https:\/\/www.eldiario.net\/portal\/?s={search_term_string}"},"query-input":{"@type":"PropertyValueSpecification","valueRequired":true,"valueName":"search_term_string"}}],"inLanguage":"es"},{"@type":"Organization","@id":"https:\/\/www.eldiario.net\/portal\/#organization","name":"El Diario - Decano de la prensa nacional","url":"https:\/\/www.eldiario.net\/portal\/","logo":{"@type":"ImageObject","inLanguage":"es","@id":"https:\/\/www.eldiario.net\/portal\/#\/schema\/logo\/image\/","url":"https:\/\/www.eldiario.net\/portal\/wp-content\/uploads\/2023\/07\/logo_ED.jpg","contentUrl":"https:\/\/www.eldiario.net\/portal\/wp-content\/uploads\/2023\/07\/logo_ED.jpg","width":272,"height":52,"caption":"El Diario - Decano de la prensa nacional"},"image":{"@id":"https:\/\/www.eldiario.net\/portal\/#\/schema\/logo\/image\/"},"sameAs":["https:\/\/www.facebook.com\/eldiario.bolivia\/","https:\/\/x.com\/eldiario_net"]},{"@type":"Person","@id":"https:\/\/www.eldiario.net\/portal\/#\/schema\/person\/f46445640444750d7d753ccd04ae01b7","name":"Jeanette","image":{"@type":"ImageObject","inLanguage":"es","@id":"https:\/\/secure.gravatar.com\/avatar\/3ea2118a5f7dad2b7138b1187a6b7ee55f160b9968b66013c3a3ef39dd7e5798?s=96&d=mm&r=g","url":"https:\/\/secure.gravatar.com\/avatar\/3ea2118a5f7dad2b7138b1187a6b7ee55f160b9968b66013c3a3ef39dd7e5798?s=96&d=mm&r=g","contentUrl":"https:\/\/secure.gravatar.com\/avatar\/3ea2118a5f7dad2b7138b1187a6b7ee55f160b9968b66013c3a3ef39dd7e5798?s=96&d=mm&r=g","caption":"Jeanette"},"sameAs":["https:\/\/www.eldiario.net\/portal"],"url":"https:\/\/www.eldiario.net\/portal\/author\/jeanette\/"}]}},"_links":{"self":[{"href":"https:\/\/www.eldiario.net\/portal\/wp-json\/wp\/v2\/posts\/277516","targetHints":{"allow":["GET"]}}],"collection":[{"href":"https:\/\/www.eldiario.net\/portal\/wp-json\/wp\/v2\/posts"}],"about":[{"href":"https:\/\/www.eldiario.net\/portal\/wp-json\/wp\/v2\/types\/post"}],"author":[{"embeddable":true,"href":"https:\/\/www.eldiario.net\/portal\/wp-json\/wp\/v2\/users\/1"}],"replies":[{"embeddable":true,"href":"https:\/\/www.eldiario.net\/portal\/wp-json\/wp\/v2\/comments?post=277516"}],"version-history":[{"count":1,"href":"https:\/\/www.eldiario.net\/portal\/wp-json\/wp\/v2\/posts\/277516\/revisions"}],"predecessor-version":[{"id":277518,"href":"https:\/\/www.eldiario.net\/portal\/wp-json\/wp\/v2\/posts\/277516\/revisions\/277518"}],"wp:featuredmedia":[{"embeddable":true,"href":"https:\/\/www.eldiario.net\/portal\/wp-json\/wp\/v2\/media\/277517"}],"wp:attachment":[{"href":"https:\/\/www.eldiario.net\/portal\/wp-json\/wp\/v2\/media?parent=277516"}],"wp:term":[{"taxonomy":"category","embeddable":true,"href":"https:\/\/www.eldiario.net\/portal\/wp-json\/wp\/v2\/categories?post=277516"},{"taxonomy":"post_tag","embeddable":true,"href":"https:\/\/www.eldiario.net\/portal\/wp-json\/wp\/v2\/tags?post=277516"}],"curies":[{"name":"wp","href":"https:\/\/api.w.org\/{rel}","templated":true}]}}