{"id":277497,"date":"2025-01-27T06:18:27","date_gmt":"2025-01-27T10:18:27","guid":{"rendered":"https:\/\/www.eldiario.net\/portal\/?p=277497"},"modified":"2025-01-27T06:18:27","modified_gmt":"2025-01-27T10:18:27","slug":"legna-hernandez-helian-evans-llegan-por-primera-vez-a-la-paz","status":"publish","type":"post","link":"https:\/\/www.eldiario.net\/portal\/2025\/01\/27\/legna-hernandez-helian-evans-llegan-por-primera-vez-a-la-paz\/","title":{"rendered":"Legna Hern\u00e1ndez &#038; Helian Evans  llegan por primera vez a La Paz"},"content":{"rendered":"<p>La Paz se prepara para recibir a dos talentosos j\u00f3venes el 12 de febrero. Hablamos de la tiktokera y cantante mexicana Legna Hern\u00e1ndez y el cantautor ecuatoriano Helian Evans, que poco a poco se han ganado no solo al p\u00fablico mexicano, sino tambi\u00e9n latinoamericano. En Bolivia comenzar\u00e1 su gira, siendo el primer show de este 2025 para ambos, inform\u00f3 Kary P\u00e9rez, responsable de log\u00edstica del evento que reunir\u00e1 en febrero a Legna y Helian Evans.<\/p>\n<p>Legna empez\u00f3 en YouTube con un blog sobre su estilo de vida. Este canal comenz\u00f3 a crecer y ayud\u00f3 a que en la carrera de Legna se sumen seguidores y se cree una comunidad en plataformas como Instagram, Facebook y TikTok. El video \u00abDebes saberlo antes de perder tu virginidad\u00bb acumul\u00f3 m\u00e1s de 1.5 millones de reproducciones en menos de cinco meses. Hoy no solo se dedica al contenido en redes, sino tambi\u00e9n ha incursionado en la m\u00fasica desde el 2023, con canciones de composici\u00f3n propia, en conjunto y covers como el \u201cVestido azul\u201d de Floricienta. Le ha dado un toque muy especial a este tema, llegando a las 85 mil reproducciones. Y la canci\u00f3n favorita de sus fans \u201cNada es para siempre\u201d, lleva la delantera con 2.6 millones de reproducciones. Hace tres meses estren\u00f3 un sencillo llamado \u201cNo quiero estar sola\u201d, que hasta ahora marca 318 mil reproducciones. El estilo que tiene toma la influencia que se hizo en los a\u00f1os 2 mil con el punk rock y el pop.<\/p>\n<p>Helian Evans, de origen ecuatoriano, empez\u00f3 a los 11 a\u00f1os en el mundo musical. En 2018 sac\u00f3 su primer material de estudio \u201cLa Nueva Generaci\u00f3n\u201d y fue parte de la boyband \u201cPiso Cinco\u201d. En 2020 lanz\u00f3 el remix de \u201cMe vuelves loco\u201d. El video cuenta con varios rostros conocidos, como el de la influencer Domelipa, entre otros. En 2024 se uni\u00f3 al proyecto de Kross V\u00e1squez, ex baterista de Pxndx, con la banda tributo a la legendaria agrupaci\u00f3n mexicana. En YouTube su canci\u00f3n m\u00e1s reproducida, \u201cMe vuelves loco\u201d, llega a los 4.3 millones. Este sencillo tiene una onda m\u00e1s pop, con un toque de urbano, un cambio radical a lo que nos present\u00f3 hace tres meses, \u201cPreguntas de un Mal Amor\u201d, que es mucho m\u00e1s roquera, totalmente marcando una evoluci\u00f3n musical y de est\u00e9tica. Esta canci\u00f3n lleg\u00f3 a las 51 mil reproducciones y sigue sumando n\u00fameros. Una de las colaboraciones con m\u00e1s reproducciones es la que tiene con Legna, \u201cVida Despu\u00e9s de la Muerte\u201d, llegando a las 94 mil reproducciones y con una interesante fusi\u00f3n entre pop punk y urbano.<\/p>\n<p>Legna y Helian han sabido combinar sus carreras con su vida en redes, compartiendo su d\u00eda a d\u00eda, su relaci\u00f3n y sus logros en el campo musical; tanto as\u00ed que han congregado a un gran n\u00famero de seguidores, que al enterarse de la visita de Helian al pa\u00eds, se pusieron en campa\u00f1a para lograr la visita de Legna a la ciudad de La Paz y lo consiguieron. Despu\u00e9s de la sorprendente reacci\u00f3n en TikTok de los seguidores bolivianos, se ha habilitado una fecha para la visita de Legna y Helian y ser\u00e1 este 12 de febrero para un show especial en el \u201cINNI Espacio\u201d, donde cada uno presentar\u00e1 sus temas m\u00e1s emblem\u00e1ticos, 100% en vivo.<\/p>\n<p>Las entradas ya se encuentran a la venta en instalaciones del \u201cINNI Espacio\u201d. El costo de la entrada general es 150 bs, y si quieres conocerlos y convivir unos minutos con ellos, sacarte la foto del recuerdo, el Meet &amp; Greet est\u00e1 disponible y tiene un costo de 200 bs.<\/p>\n<p>\u201cEsta presentaci\u00f3n es muy especial para ellos, no solo por ser la primera del a\u00f1o y en nuestro pa\u00eds, sino porque es un show pedido por los fans de ambos en las redes sociales. Por un lado est\u00e1 Legna con 17.1 millones de seguidores en TikTok y Helian con 3.8 millones de seguidores, quienes volvieron viral el pedido de su visita en esta plataforma, llegando a los 110,9 millones y 41.2 millones de vistas en sus respectivos canales, sumando muchos comentarios y no solo pidiendo verlos en La Paz, sino en Sucre, Oruro, Cochabamba y Santa Cruz. Esto ha sido el motor para que se pudiera coordinar vuelos, estad\u00edas, ensayos a distancia con m\u00fasicos bolivianos y, sobre todo, encontrar el lugar perfecto para esta presentaci\u00f3n, el \u201cINNI Espacio\u201d. Queremos que este show sea el primero de muchos de Legna y Helian en nuestro pa\u00eds y en las diferentes ciudades de Bolivia.<\/p>\n<p>Les recordamos que el cupo es limitado por el espacio del teatro y para todos los que quieran ser parte de este show especial. Las entradas est\u00e1n ya a la venta, en horarios de oficina, en el \u201cINNI Espacio\u201d, en la Av. 6 de Agosto, al lado de Typica, o llamando al celular 70690701 para mayor informaci\u00f3n sobre el Meet &amp; Greet\u201d, mencion\u00f3 Kary P\u00e9rez.<\/p>\n\r\n                <style type=\"text\/css\">\r\n                    \r\n                    #tdi_1  .td-doubleSlider-2 .td-item1 {\r\n                        background: url(https:\/\/www.eldiario.net\/portal\/wp-content\/uploads\/2025\/01\/5-7-80x60.jpg) 0 0 no-repeat;\r\n                    }\r\n                    #tdi_1  .td-doubleSlider-2 .td-item2 {\r\n                        background: url(https:\/\/www.eldiario.net\/portal\/wp-content\/uploads\/2025\/01\/VALE-6-80x60.jpg) 0 0 no-repeat;\r\n                    }\r\n                    #tdi_1  .td-doubleSlider-2 .td-item3 {\r\n                        background: url(https:\/\/www.eldiario.net\/portal\/wp-content\/uploads\/2025\/01\/1-PRINCIPAL-10-80x60.jpg) 0 0 no-repeat;\r\n                    }\r\n                    #tdi_1  .td-doubleSlider-2 .td-item4 {\r\n                        background: url(https:\/\/www.eldiario.net\/portal\/wp-content\/uploads\/2025\/01\/2-VALE-80x60.jpg) 0 0 no-repeat;\r\n                    }\r\n                    #tdi_1  .td-doubleSlider-2 .td-item5 {\r\n                        background: url(https:\/\/www.eldiario.net\/portal\/wp-content\/uploads\/2025\/01\/3-9-80x60.jpg) 0 0 no-repeat;\r\n                    }\r\n                    #tdi_1  .td-doubleSlider-2 .td-item6 {\r\n                        background: url(https:\/\/www.eldiario.net\/portal\/wp-content\/uploads\/2025\/01\/4-7-80x60.jpg) 0 0 no-repeat;\r\n                    }\r\n                <\/style>\r\n\r\n                <div id=\"tdi_1\" class=\"td-gallery td-slide-on-2-columns\">\r\n                    <div class=\"post_td_gallery\">\r\n                        <div class=\"td-gallery-slide-top\">\r\n                           <div class=\"td-gallery-title\"><\/div>\r\n\r\n                            <div class=\"td-gallery-controls-wrapper\">\r\n                                <div class=\"td-gallery-slide-count\"><span class=\"td-gallery-slide-item-focus\">1<\/span> de 6<\/div>\r\n                                <div class=\"td-gallery-slide-prev-next-but\">\r\n                                    <i class = \"td-icon-left doubleSliderPrevButton\"><\/i>\r\n                                    <i class = \"td-icon-right doubleSliderNextButton\"><\/i>\r\n                                <\/div>\r\n                            <\/div>\r\n                        <\/div>\r\n\r\n                        <div class = \"td-doubleSlider-1 \">\r\n                            <div class = \"td-slider\">\r\n                                \r\n                    <div class = \"td-slide-item td-item1\">\r\n                        <figure class=\"td-slide-galery-figure td-slide-popup-gallery\">\r\n                            <a class=\"slide-gallery-image-link\" href=\"https:\/\/www.eldiario.net\/portal\/wp-content\/uploads\/2025\/01\/5-7.jpg\" title=\"5\"  data-caption=\"\"  data-description=\"\">\r\n                                <img decoding=\"async\" src=\"https:\/\/www.eldiario.net\/portal\/wp-content\/uploads\/2025\/01\/5-7-630x420.jpg\" srcset=\"https:\/\/www.eldiario.net\/portal\/wp-content\/uploads\/2025\/01\/5-7-630x420.jpg 630w, https:\/\/www.eldiario.net\/portal\/wp-content\/uploads\/2025\/01\/5-7-300x200.jpg 300w, https:\/\/www.eldiario.net\/portal\/wp-content\/uploads\/2025\/01\/5-7-1024x683.jpg 1024w, https:\/\/www.eldiario.net\/portal\/wp-content\/uploads\/2025\/01\/5-7-768x512.jpg 768w, https:\/\/www.eldiario.net\/portal\/wp-content\/uploads\/2025\/01\/5-7-696x464.jpg 696w, https:\/\/www.eldiario.net\/portal\/wp-content\/uploads\/2025\/01\/5-7-1068x712.jpg 1068w, https:\/\/www.eldiario.net\/portal\/wp-content\/uploads\/2025\/01\/5-7.jpg 1440w\" sizes=\"(max-width: 630px) 100vw, 630px\" alt=\"\">\r\n                            <\/a>\r\n                            \r\n                        <\/figure>\r\n                    <\/div>\r\n                    <div class = \"td-slide-item td-item2\">\r\n                        <figure class=\"td-slide-galery-figure td-slide-popup-gallery\">\r\n                            <a class=\"slide-gallery-image-link\" href=\"https:\/\/www.eldiario.net\/portal\/wp-content\/uploads\/2025\/01\/VALE-6.jpg\" title=\"VALE-6\"  data-caption=\"\"  data-description=\"\">\r\n                                <img decoding=\"async\" src=\"https:\/\/www.eldiario.net\/portal\/wp-content\/uploads\/2025\/01\/VALE-6-534x420.jpg\" srcset=\"https:\/\/www.eldiario.net\/portal\/wp-content\/uploads\/2025\/01\/VALE-6-534x420.jpg 534w, https:\/\/www.eldiario.net\/portal\/wp-content\/uploads\/2025\/01\/VALE-6-300x236.jpg 300w, https:\/\/www.eldiario.net\/portal\/wp-content\/uploads\/2025\/01\/VALE-6-768x604.jpg 768w, https:\/\/www.eldiario.net\/portal\/wp-content\/uploads\/2025\/01\/VALE-6-696x547.jpg 696w, https:\/\/www.eldiario.net\/portal\/wp-content\/uploads\/2025\/01\/VALE-6.jpg 960w\" sizes=\"(max-width: 534px) 100vw, 534px\" alt=\"\">\r\n                            <\/a>\r\n                            \r\n                        <\/figure>\r\n                    <\/div>\r\n                    <div class = \"td-slide-item td-item3\">\r\n                        <figure class=\"td-slide-galery-figure td-slide-popup-gallery\">\r\n                            <a class=\"slide-gallery-image-link\" href=\"https:\/\/www.eldiario.net\/portal\/wp-content\/uploads\/2025\/01\/1-PRINCIPAL-10.jpg\" title=\"1-PRINCIPAL\"  data-caption=\"\"  data-description=\"\">\r\n                                <img decoding=\"async\" src=\"https:\/\/www.eldiario.net\/portal\/wp-content\/uploads\/2025\/01\/1-PRINCIPAL-10-336x420.jpg\" srcset=\"https:\/\/www.eldiario.net\/portal\/wp-content\/uploads\/2025\/01\/1-PRINCIPAL-10-336x420.jpg 336w, https:\/\/www.eldiario.net\/portal\/wp-content\/uploads\/2025\/01\/1-PRINCIPAL-10-240x300.jpg 240w, https:\/\/www.eldiario.net\/portal\/wp-content\/uploads\/2025\/01\/1-PRINCIPAL-10-819x1024.jpg 819w, https:\/\/www.eldiario.net\/portal\/wp-content\/uploads\/2025\/01\/1-PRINCIPAL-10-768x960.jpg 768w, https:\/\/www.eldiario.net\/portal\/wp-content\/uploads\/2025\/01\/1-PRINCIPAL-10-696x870.jpg 696w, https:\/\/www.eldiario.net\/portal\/wp-content\/uploads\/2025\/01\/1-PRINCIPAL-10.jpg 960w\" sizes=\"(max-width: 336px) 100vw, 336px\" alt=\"\">\r\n                            <\/a>\r\n                            \r\n                        <\/figure>\r\n                    <\/div>\r\n                    <div class = \"td-slide-item td-item4\">\r\n                        <figure class=\"td-slide-galery-figure td-slide-popup-gallery\">\r\n                            <a class=\"slide-gallery-image-link\" href=\"https:\/\/www.eldiario.net\/portal\/wp-content\/uploads\/2025\/01\/2-VALE.jpg\" title=\"2-VALE\"  data-caption=\"\"  data-description=\"\">\r\n                                <img decoding=\"async\" src=\"https:\/\/www.eldiario.net\/portal\/wp-content\/uploads\/2025\/01\/2-VALE-426x420.jpg\" srcset=\"https:\/\/www.eldiario.net\/portal\/wp-content\/uploads\/2025\/01\/2-VALE-426x420.jpg 426w, https:\/\/www.eldiario.net\/portal\/wp-content\/uploads\/2025\/01\/2-VALE-300x296.jpg 300w, https:\/\/www.eldiario.net\/portal\/wp-content\/uploads\/2025\/01\/2-VALE-696x687.jpg 696w, https:\/\/www.eldiario.net\/portal\/wp-content\/uploads\/2025\/01\/2-VALE.jpg 769w\" sizes=\"(max-width: 426px) 100vw, 426px\" alt=\"\">\r\n                            <\/a>\r\n                            \r\n                        <\/figure>\r\n                    <\/div>\r\n                    <div class = \"td-slide-item td-item5\">\r\n                        <figure class=\"td-slide-galery-figure td-slide-popup-gallery\">\r\n                            <a class=\"slide-gallery-image-link\" href=\"https:\/\/www.eldiario.net\/portal\/wp-content\/uploads\/2025\/01\/3-9.jpg\" title=\"3\"  data-caption=\"\"  data-description=\"\">\r\n                                <img decoding=\"async\" src=\"https:\/\/www.eldiario.net\/portal\/wp-content\/uploads\/2025\/01\/3-9-336x420.jpg\" srcset=\"https:\/\/www.eldiario.net\/portal\/wp-content\/uploads\/2025\/01\/3-9-336x420.jpg 336w, https:\/\/www.eldiario.net\/portal\/wp-content\/uploads\/2025\/01\/3-9-240x300.jpg 240w, https:\/\/www.eldiario.net\/portal\/wp-content\/uploads\/2025\/01\/3-9-820x1024.jpg 820w, https:\/\/www.eldiario.net\/portal\/wp-content\/uploads\/2025\/01\/3-9-768x959.jpg 768w, https:\/\/www.eldiario.net\/portal\/wp-content\/uploads\/2025\/01\/3-9-696x869.jpg 696w, https:\/\/www.eldiario.net\/portal\/wp-content\/uploads\/2025\/01\/3-9-1068x1334.jpg 1068w, https:\/\/www.eldiario.net\/portal\/wp-content\/uploads\/2025\/01\/3-9.jpg 1200w\" sizes=\"(max-width: 336px) 100vw, 336px\" alt=\"\">\r\n                            <\/a>\r\n                            \r\n                        <\/figure>\r\n                    <\/div>\r\n                    <div class = \"td-slide-item td-item6\">\r\n                        <figure class=\"td-slide-galery-figure td-slide-popup-gallery\">\r\n                            <a class=\"slide-gallery-image-link\" href=\"https:\/\/www.eldiario.net\/portal\/wp-content\/uploads\/2025\/01\/4-7.jpg\" title=\"4\"  data-caption=\"\"  data-description=\"\">\r\n                                <img decoding=\"async\" src=\"https:\/\/www.eldiario.net\/portal\/wp-content\/uploads\/2025\/01\/4-7-336x420.jpg\" srcset=\"https:\/\/www.eldiario.net\/portal\/wp-content\/uploads\/2025\/01\/4-7-336x420.jpg 336w, https:\/\/www.eldiario.net\/portal\/wp-content\/uploads\/2025\/01\/4-7-240x300.jpg 240w, https:\/\/www.eldiario.net\/portal\/wp-content\/uploads\/2025\/01\/4-7-819x1024.jpg 819w, https:\/\/www.eldiario.net\/portal\/wp-content\/uploads\/2025\/01\/4-7-768x960.jpg 768w, https:\/\/www.eldiario.net\/portal\/wp-content\/uploads\/2025\/01\/4-7-696x870.jpg 696w, https:\/\/www.eldiario.net\/portal\/wp-content\/uploads\/2025\/01\/4-7-1068x1335.jpg 1068w, https:\/\/www.eldiario.net\/portal\/wp-content\/uploads\/2025\/01\/4-7.jpg 1200w\" sizes=\"(max-width: 336px) 100vw, 336px\" alt=\"\">\r\n                            <\/a>\r\n                            \r\n                        <\/figure>\r\n                    <\/div>\r\n                            <\/div>\r\n                        <\/div>\r\n\r\n                        <div class = \"td-doubleSlider-2\">\r\n                            <div class = \"td-slider\">\r\n                                \r\n                    <div class = \"td-button td-item1\">\r\n                        <div class = \"td-border\"><\/div>\r\n                    <\/div>\r\n                    <div class = \"td-button td-item2\">\r\n                        <div class = \"td-border\"><\/div>\r\n                    <\/div>\r\n                    <div class = \"td-button td-item3\">\r\n                        <div class = \"td-border\"><\/div>\r\n                    <\/div>\r\n                    <div class = \"td-button td-item4\">\r\n                        <div class = \"td-border\"><\/div>\r\n                    <\/div>\r\n                    <div class = \"td-button td-item5\">\r\n                        <div class = \"td-border\"><\/div>\r\n                    <\/div>\r\n                    <div class = \"td-button td-item6\">\r\n                        <div class = \"td-border\"><\/div>\r\n                    <\/div>\r\n                            <\/div>\r\n                        <\/div>\r\n\r\n                    <\/div>\r\n\r\n                <\/div>\r\n                \n","protected":false},"excerpt":{"rendered":"<p>La Paz se prepara para recibir a dos talentosos j\u00f3venes el 12 de febrero. Hablamos de la tiktokera y cantante mexicana Legna Hern\u00e1ndez y el cantautor ecuatoriano Helian Evans, que poco a poco se han ganado no solo al p\u00fablico mexicano, sino tambi\u00e9n latinoamericano. En Bolivia comenzar\u00e1 su gira, siendo el primer show de este [&hellip;]<\/p>\n","protected":false},"author":1,"featured_media":277500,"comment_status":"closed","ping_status":"open","sticky":false,"template":"","format":"standard","meta":{"_acf_changed":false,"footnotes":""},"categories":[41],"tags":[],"class_list":["post-277497","post","type-post","status-publish","format-standard","has-post-thumbnail","category-la-guia"],"acf":{"antetitulo":""},"yoast_head":"<!-- This site is optimized with the Yoast SEO plugin v28.4 - https:\/\/yoast.com\/product\/yoast-seo-wordpress\/ -->\n<title>Legna Hern\u00e1ndez &amp; Helian Evans llegan por primera vez a La Paz - El Diario - Bolivia<\/title>\n<meta name=\"robots\" content=\"index, follow, max-snippet:-1, max-image-preview:large, max-video-preview:-1\" \/>\n<link rel=\"canonical\" href=\"https:\/\/www.eldiario.net\/portal\/2025\/01\/27\/legna-hernandez-helian-evans-llegan-por-primera-vez-a-la-paz\/\" \/>\n<meta property=\"og:locale\" content=\"es_ES\" \/>\n<meta property=\"og:type\" content=\"article\" \/>\n<meta property=\"og:title\" content=\"Legna Hern\u00e1ndez &amp; Helian Evans llegan por primera vez a La Paz - El Diario - Bolivia\" \/>\n<meta property=\"og:description\" content=\"La Paz se prepara para recibir a dos talentosos j\u00f3venes el 12 de febrero. Hablamos de la tiktokera y cantante mexicana Legna Hern\u00e1ndez y el cantautor ecuatoriano Helian Evans, que poco a poco se han ganado no solo al p\u00fablico mexicano, sino tambi\u00e9n latinoamericano. En Bolivia comenzar\u00e1 su gira, siendo el primer show de este [&hellip;]\" \/>\n<meta property=\"og:url\" content=\"https:\/\/www.eldiario.net\/portal\/2025\/01\/27\/legna-hernandez-helian-evans-llegan-por-primera-vez-a-la-paz\/\" \/>\n<meta property=\"og:site_name\" content=\"El Diario - Bolivia\" \/>\n<meta property=\"article:publisher\" content=\"https:\/\/www.facebook.com\/eldiario.bolivia\/\" \/>\n<meta property=\"article:published_time\" content=\"2025-01-27T10:18:27+00:00\" \/>\n<meta property=\"og:image\" content=\"https:\/\/www.eldiario.net\/portal\/wp-content\/uploads\/2025\/01\/1-PRINCIPAL-10.jpg\" \/>\n\t<meta property=\"og:image:width\" content=\"960\" \/>\n\t<meta property=\"og:image:height\" content=\"1200\" \/>\n\t<meta property=\"og:image:type\" content=\"image\/jpeg\" \/>\n<meta name=\"author\" content=\"Jeanette\" \/>\n<meta name=\"twitter:card\" content=\"summary_large_image\" \/>\n<meta name=\"twitter:creator\" content=\"@eldiario_net\" \/>\n<meta name=\"twitter:site\" content=\"@eldiario_net\" \/>\n<meta name=\"twitter:label1\" content=\"Escrito por\" \/>\n\t<meta name=\"twitter:data1\" content=\"Jeanette\" \/>\n\t<meta name=\"twitter:label2\" content=\"Tiempo de lectura\" \/>\n\t<meta name=\"twitter:data2\" content=\"4 minutos\" \/>\n<script type=\"application\/ld+json\" class=\"yoast-schema-graph\">{\"@context\":\"https:\\\/\\\/schema.org\",\"@graph\":[{\"@type\":\"Article\",\"@id\":\"https:\\\/\\\/www.eldiario.net\\\/portal\\\/2025\\\/01\\\/27\\\/legna-hernandez-helian-evans-llegan-por-primera-vez-a-la-paz\\\/#article\",\"isPartOf\":{\"@id\":\"https:\\\/\\\/www.eldiario.net\\\/portal\\\/2025\\\/01\\\/27\\\/legna-hernandez-helian-evans-llegan-por-primera-vez-a-la-paz\\\/\"},\"author\":{\"name\":\"Jeanette\",\"@id\":\"https:\\\/\\\/www.eldiario.net\\\/portal\\\/#\\\/schema\\\/person\\\/f46445640444750d7d753ccd04ae01b7\"},\"headline\":\"Legna Hern\u00e1ndez &#038; Helian Evans llegan por primera vez a La Paz\",\"datePublished\":\"2025-01-27T10:18:27+00:00\",\"mainEntityOfPage\":{\"@id\":\"https:\\\/\\\/www.eldiario.net\\\/portal\\\/2025\\\/01\\\/27\\\/legna-hernandez-helian-evans-llegan-por-primera-vez-a-la-paz\\\/\"},\"wordCount\":850,\"publisher\":{\"@id\":\"https:\\\/\\\/www.eldiario.net\\\/portal\\\/#organization\"},\"image\":{\"@id\":\"https:\\\/\\\/www.eldiario.net\\\/portal\\\/2025\\\/01\\\/27\\\/legna-hernandez-helian-evans-llegan-por-primera-vez-a-la-paz\\\/#primaryimage\"},\"thumbnailUrl\":\"https:\\\/\\\/www.eldiario.net\\\/portal\\\/wp-content\\\/uploads\\\/2025\\\/01\\\/1-PRINCIPAL-10.jpg\",\"articleSection\":[\"La Gu\u00eda\"],\"inLanguage\":\"es\"},{\"@type\":\"WebPage\",\"@id\":\"https:\\\/\\\/www.eldiario.net\\\/portal\\\/2025\\\/01\\\/27\\\/legna-hernandez-helian-evans-llegan-por-primera-vez-a-la-paz\\\/\",\"url\":\"https:\\\/\\\/www.eldiario.net\\\/portal\\\/2025\\\/01\\\/27\\\/legna-hernandez-helian-evans-llegan-por-primera-vez-a-la-paz\\\/\",\"name\":\"Legna Hern\u00e1ndez & Helian Evans llegan por primera vez a La Paz - El Diario - Bolivia\",\"isPartOf\":{\"@id\":\"https:\\\/\\\/www.eldiario.net\\\/portal\\\/#website\"},\"primaryImageOfPage\":{\"@id\":\"https:\\\/\\\/www.eldiario.net\\\/portal\\\/2025\\\/01\\\/27\\\/legna-hernandez-helian-evans-llegan-por-primera-vez-a-la-paz\\\/#primaryimage\"},\"image\":{\"@id\":\"https:\\\/\\\/www.eldiario.net\\\/portal\\\/2025\\\/01\\\/27\\\/legna-hernandez-helian-evans-llegan-por-primera-vez-a-la-paz\\\/#primaryimage\"},\"thumbnailUrl\":\"https:\\\/\\\/www.eldiario.net\\\/portal\\\/wp-content\\\/uploads\\\/2025\\\/01\\\/1-PRINCIPAL-10.jpg\",\"datePublished\":\"2025-01-27T10:18:27+00:00\",\"breadcrumb\":{\"@id\":\"https:\\\/\\\/www.eldiario.net\\\/portal\\\/2025\\\/01\\\/27\\\/legna-hernandez-helian-evans-llegan-por-primera-vez-a-la-paz\\\/#breadcrumb\"},\"inLanguage\":\"es\",\"potentialAction\":[{\"@type\":\"ReadAction\",\"target\":[\"https:\\\/\\\/www.eldiario.net\\\/portal\\\/2025\\\/01\\\/27\\\/legna-hernandez-helian-evans-llegan-por-primera-vez-a-la-paz\\\/\"]}]},{\"@type\":\"ImageObject\",\"inLanguage\":\"es\",\"@id\":\"https:\\\/\\\/www.eldiario.net\\\/portal\\\/2025\\\/01\\\/27\\\/legna-hernandez-helian-evans-llegan-por-primera-vez-a-la-paz\\\/#primaryimage\",\"url\":\"https:\\\/\\\/www.eldiario.net\\\/portal\\\/wp-content\\\/uploads\\\/2025\\\/01\\\/1-PRINCIPAL-10.jpg\",\"contentUrl\":\"https:\\\/\\\/www.eldiario.net\\\/portal\\\/wp-content\\\/uploads\\\/2025\\\/01\\\/1-PRINCIPAL-10.jpg\",\"width\":960,\"height\":1200},{\"@type\":\"BreadcrumbList\",\"@id\":\"https:\\\/\\\/www.eldiario.net\\\/portal\\\/2025\\\/01\\\/27\\\/legna-hernandez-helian-evans-llegan-por-primera-vez-a-la-paz\\\/#breadcrumb\",\"itemListElement\":[{\"@type\":\"ListItem\",\"position\":1,\"name\":\"Portada\",\"item\":\"https:\\\/\\\/www.eldiario.net\\\/portal\\\/\"},{\"@type\":\"ListItem\",\"position\":2,\"name\":\"Legna Hern\u00e1ndez &#038; Helian Evans llegan por primera vez a La Paz\"}]},{\"@type\":\"WebSite\",\"@id\":\"https:\\\/\\\/www.eldiario.net\\\/portal\\\/#website\",\"url\":\"https:\\\/\\\/www.eldiario.net\\\/portal\\\/\",\"name\":\"El Diario - Decano de la prensa nacional\",\"description\":\"El Diario - Decano de la prensa nacional\",\"publisher\":{\"@id\":\"https:\\\/\\\/www.eldiario.net\\\/portal\\\/#organization\"},\"potentialAction\":[{\"@type\":\"SearchAction\",\"target\":{\"@type\":\"EntryPoint\",\"urlTemplate\":\"https:\\\/\\\/www.eldiario.net\\\/portal\\\/?s={search_term_string}\"},\"query-input\":{\"@type\":\"PropertyValueSpecification\",\"valueRequired\":true,\"valueName\":\"search_term_string\"}}],\"inLanguage\":\"es\"},{\"@type\":\"Organization\",\"@id\":\"https:\\\/\\\/www.eldiario.net\\\/portal\\\/#organization\",\"name\":\"El Diario - Decano de la prensa nacional\",\"url\":\"https:\\\/\\\/www.eldiario.net\\\/portal\\\/\",\"logo\":{\"@type\":\"ImageObject\",\"inLanguage\":\"es\",\"@id\":\"https:\\\/\\\/www.eldiario.net\\\/portal\\\/#\\\/schema\\\/logo\\\/image\\\/\",\"url\":\"https:\\\/\\\/www.eldiario.net\\\/portal\\\/wp-content\\\/uploads\\\/2023\\\/07\\\/logo_ED.jpg\",\"contentUrl\":\"https:\\\/\\\/www.eldiario.net\\\/portal\\\/wp-content\\\/uploads\\\/2023\\\/07\\\/logo_ED.jpg\",\"width\":272,\"height\":52,\"caption\":\"El Diario - Decano de la prensa nacional\"},\"image\":{\"@id\":\"https:\\\/\\\/www.eldiario.net\\\/portal\\\/#\\\/schema\\\/logo\\\/image\\\/\"},\"sameAs\":[\"https:\\\/\\\/www.facebook.com\\\/eldiario.bolivia\\\/\",\"https:\\\/\\\/x.com\\\/eldiario_net\"]},{\"@type\":\"Person\",\"@id\":\"https:\\\/\\\/www.eldiario.net\\\/portal\\\/#\\\/schema\\\/person\\\/f46445640444750d7d753ccd04ae01b7\",\"name\":\"Jeanette\",\"image\":{\"@type\":\"ImageObject\",\"inLanguage\":\"es\",\"@id\":\"https:\\\/\\\/secure.gravatar.com\\\/avatar\\\/3ea2118a5f7dad2b7138b1187a6b7ee55f160b9968b66013c3a3ef39dd7e5798?s=96&d=mm&r=g\",\"url\":\"https:\\\/\\\/secure.gravatar.com\\\/avatar\\\/3ea2118a5f7dad2b7138b1187a6b7ee55f160b9968b66013c3a3ef39dd7e5798?s=96&d=mm&r=g\",\"contentUrl\":\"https:\\\/\\\/secure.gravatar.com\\\/avatar\\\/3ea2118a5f7dad2b7138b1187a6b7ee55f160b9968b66013c3a3ef39dd7e5798?s=96&d=mm&r=g\",\"caption\":\"Jeanette\"},\"sameAs\":[\"https:\\\/\\\/www.eldiario.net\\\/portal\"],\"url\":\"https:\\\/\\\/www.eldiario.net\\\/portal\\\/author\\\/jeanette\\\/\"}]}<\/script>\n<!-- \/ Yoast SEO plugin. -->","yoast_head_json":{"title":"Legna Hern\u00e1ndez & Helian Evans llegan por primera vez a La Paz - El Diario - Bolivia","robots":{"index":"index","follow":"follow","max-snippet":"max-snippet:-1","max-image-preview":"max-image-preview:large","max-video-preview":"max-video-preview:-1"},"canonical":"https:\/\/www.eldiario.net\/portal\/2025\/01\/27\/legna-hernandez-helian-evans-llegan-por-primera-vez-a-la-paz\/","og_locale":"es_ES","og_type":"article","og_title":"Legna Hern\u00e1ndez & Helian Evans llegan por primera vez a La Paz - El Diario - Bolivia","og_description":"La Paz se prepara para recibir a dos talentosos j\u00f3venes el 12 de febrero. Hablamos de la tiktokera y cantante mexicana Legna Hern\u00e1ndez y el cantautor ecuatoriano Helian Evans, que poco a poco se han ganado no solo al p\u00fablico mexicano, sino tambi\u00e9n latinoamericano. En Bolivia comenzar\u00e1 su gira, siendo el primer show de este [&hellip;]","og_url":"https:\/\/www.eldiario.net\/portal\/2025\/01\/27\/legna-hernandez-helian-evans-llegan-por-primera-vez-a-la-paz\/","og_site_name":"El Diario - Bolivia","article_publisher":"https:\/\/www.facebook.com\/eldiario.bolivia\/","article_published_time":"2025-01-27T10:18:27+00:00","og_image":[{"width":960,"height":1200,"url":"https:\/\/www.eldiario.net\/portal\/wp-content\/uploads\/2025\/01\/1-PRINCIPAL-10.jpg","type":"image\/jpeg"}],"author":"Jeanette","twitter_card":"summary_large_image","twitter_creator":"@eldiario_net","twitter_site":"@eldiario_net","twitter_misc":{"Escrito por":"Jeanette","Tiempo de lectura":"4 minutos"},"schema":{"@context":"https:\/\/schema.org","@graph":[{"@type":"Article","@id":"https:\/\/www.eldiario.net\/portal\/2025\/01\/27\/legna-hernandez-helian-evans-llegan-por-primera-vez-a-la-paz\/#article","isPartOf":{"@id":"https:\/\/www.eldiario.net\/portal\/2025\/01\/27\/legna-hernandez-helian-evans-llegan-por-primera-vez-a-la-paz\/"},"author":{"name":"Jeanette","@id":"https:\/\/www.eldiario.net\/portal\/#\/schema\/person\/f46445640444750d7d753ccd04ae01b7"},"headline":"Legna Hern\u00e1ndez &#038; Helian Evans llegan por primera vez a La Paz","datePublished":"2025-01-27T10:18:27+00:00","mainEntityOfPage":{"@id":"https:\/\/www.eldiario.net\/portal\/2025\/01\/27\/legna-hernandez-helian-evans-llegan-por-primera-vez-a-la-paz\/"},"wordCount":850,"publisher":{"@id":"https:\/\/www.eldiario.net\/portal\/#organization"},"image":{"@id":"https:\/\/www.eldiario.net\/portal\/2025\/01\/27\/legna-hernandez-helian-evans-llegan-por-primera-vez-a-la-paz\/#primaryimage"},"thumbnailUrl":"https:\/\/www.eldiario.net\/portal\/wp-content\/uploads\/2025\/01\/1-PRINCIPAL-10.jpg","articleSection":["La Gu\u00eda"],"inLanguage":"es"},{"@type":"WebPage","@id":"https:\/\/www.eldiario.net\/portal\/2025\/01\/27\/legna-hernandez-helian-evans-llegan-por-primera-vez-a-la-paz\/","url":"https:\/\/www.eldiario.net\/portal\/2025\/01\/27\/legna-hernandez-helian-evans-llegan-por-primera-vez-a-la-paz\/","name":"Legna Hern\u00e1ndez & Helian Evans llegan por primera vez a La Paz - El Diario - Bolivia","isPartOf":{"@id":"https:\/\/www.eldiario.net\/portal\/#website"},"primaryImageOfPage":{"@id":"https:\/\/www.eldiario.net\/portal\/2025\/01\/27\/legna-hernandez-helian-evans-llegan-por-primera-vez-a-la-paz\/#primaryimage"},"image":{"@id":"https:\/\/www.eldiario.net\/portal\/2025\/01\/27\/legna-hernandez-helian-evans-llegan-por-primera-vez-a-la-paz\/#primaryimage"},"thumbnailUrl":"https:\/\/www.eldiario.net\/portal\/wp-content\/uploads\/2025\/01\/1-PRINCIPAL-10.jpg","datePublished":"2025-01-27T10:18:27+00:00","breadcrumb":{"@id":"https:\/\/www.eldiario.net\/portal\/2025\/01\/27\/legna-hernandez-helian-evans-llegan-por-primera-vez-a-la-paz\/#breadcrumb"},"inLanguage":"es","potentialAction":[{"@type":"ReadAction","target":["https:\/\/www.eldiario.net\/portal\/2025\/01\/27\/legna-hernandez-helian-evans-llegan-por-primera-vez-a-la-paz\/"]}]},{"@type":"ImageObject","inLanguage":"es","@id":"https:\/\/www.eldiario.net\/portal\/2025\/01\/27\/legna-hernandez-helian-evans-llegan-por-primera-vez-a-la-paz\/#primaryimage","url":"https:\/\/www.eldiario.net\/portal\/wp-content\/uploads\/2025\/01\/1-PRINCIPAL-10.jpg","contentUrl":"https:\/\/www.eldiario.net\/portal\/wp-content\/uploads\/2025\/01\/1-PRINCIPAL-10.jpg","width":960,"height":1200},{"@type":"BreadcrumbList","@id":"https:\/\/www.eldiario.net\/portal\/2025\/01\/27\/legna-hernandez-helian-evans-llegan-por-primera-vez-a-la-paz\/#breadcrumb","itemListElement":[{"@type":"ListItem","position":1,"name":"Portada","item":"https:\/\/www.eldiario.net\/portal\/"},{"@type":"ListItem","position":2,"name":"Legna Hern\u00e1ndez &#038; Helian Evans llegan por primera vez a La Paz"}]},{"@type":"WebSite","@id":"https:\/\/www.eldiario.net\/portal\/#website","url":"https:\/\/www.eldiario.net\/portal\/","name":"El Diario - Decano de la prensa nacional","description":"El Diario - Decano de la prensa nacional","publisher":{"@id":"https:\/\/www.eldiario.net\/portal\/#organization"},"potentialAction":[{"@type":"SearchAction","target":{"@type":"EntryPoint","urlTemplate":"https:\/\/www.eldiario.net\/portal\/?s={search_term_string}"},"query-input":{"@type":"PropertyValueSpecification","valueRequired":true,"valueName":"search_term_string"}}],"inLanguage":"es"},{"@type":"Organization","@id":"https:\/\/www.eldiario.net\/portal\/#organization","name":"El Diario - Decano de la prensa nacional","url":"https:\/\/www.eldiario.net\/portal\/","logo":{"@type":"ImageObject","inLanguage":"es","@id":"https:\/\/www.eldiario.net\/portal\/#\/schema\/logo\/image\/","url":"https:\/\/www.eldiario.net\/portal\/wp-content\/uploads\/2023\/07\/logo_ED.jpg","contentUrl":"https:\/\/www.eldiario.net\/portal\/wp-content\/uploads\/2023\/07\/logo_ED.jpg","width":272,"height":52,"caption":"El Diario - Decano de la prensa nacional"},"image":{"@id":"https:\/\/www.eldiario.net\/portal\/#\/schema\/logo\/image\/"},"sameAs":["https:\/\/www.facebook.com\/eldiario.bolivia\/","https:\/\/x.com\/eldiario_net"]},{"@type":"Person","@id":"https:\/\/www.eldiario.net\/portal\/#\/schema\/person\/f46445640444750d7d753ccd04ae01b7","name":"Jeanette","image":{"@type":"ImageObject","inLanguage":"es","@id":"https:\/\/secure.gravatar.com\/avatar\/3ea2118a5f7dad2b7138b1187a6b7ee55f160b9968b66013c3a3ef39dd7e5798?s=96&d=mm&r=g","url":"https:\/\/secure.gravatar.com\/avatar\/3ea2118a5f7dad2b7138b1187a6b7ee55f160b9968b66013c3a3ef39dd7e5798?s=96&d=mm&r=g","contentUrl":"https:\/\/secure.gravatar.com\/avatar\/3ea2118a5f7dad2b7138b1187a6b7ee55f160b9968b66013c3a3ef39dd7e5798?s=96&d=mm&r=g","caption":"Jeanette"},"sameAs":["https:\/\/www.eldiario.net\/portal"],"url":"https:\/\/www.eldiario.net\/portal\/author\/jeanette\/"}]}},"_links":{"self":[{"href":"https:\/\/www.eldiario.net\/portal\/wp-json\/wp\/v2\/posts\/277497","targetHints":{"allow":["GET"]}}],"collection":[{"href":"https:\/\/www.eldiario.net\/portal\/wp-json\/wp\/v2\/posts"}],"about":[{"href":"https:\/\/www.eldiario.net\/portal\/wp-json\/wp\/v2\/types\/post"}],"author":[{"embeddable":true,"href":"https:\/\/www.eldiario.net\/portal\/wp-json\/wp\/v2\/users\/1"}],"replies":[{"embeddable":true,"href":"https:\/\/www.eldiario.net\/portal\/wp-json\/wp\/v2\/comments?post=277497"}],"version-history":[{"count":1,"href":"https:\/\/www.eldiario.net\/portal\/wp-json\/wp\/v2\/posts\/277497\/revisions"}],"predecessor-version":[{"id":277504,"href":"https:\/\/www.eldiario.net\/portal\/wp-json\/wp\/v2\/posts\/277497\/revisions\/277504"}],"wp:featuredmedia":[{"embeddable":true,"href":"https:\/\/www.eldiario.net\/portal\/wp-json\/wp\/v2\/media\/277500"}],"wp:attachment":[{"href":"https:\/\/www.eldiario.net\/portal\/wp-json\/wp\/v2\/media?parent=277497"}],"wp:term":[{"taxonomy":"category","embeddable":true,"href":"https:\/\/www.eldiario.net\/portal\/wp-json\/wp\/v2\/categories?post=277497"},{"taxonomy":"post_tag","embeddable":true,"href":"https:\/\/www.eldiario.net\/portal\/wp-json\/wp\/v2\/tags?post=277497"}],"curies":[{"name":"wp","href":"https:\/\/api.w.org\/{rel}","templated":true}]}}