{"id":277495,"date":"2025-01-27T06:15:12","date_gmt":"2025-01-27T10:15:12","guid":{"rendered":"https:\/\/www.eldiario.net\/portal\/?p=277495"},"modified":"2025-01-27T06:15:12","modified_gmt":"2025-01-27T10:15:12","slug":"guau-y-miau-un-emprendimiento-de-24-horas-al-dia","status":"publish","type":"post","link":"https:\/\/www.eldiario.net\/portal\/2025\/01\/27\/guau-y-miau-un-emprendimiento-de-24-horas-al-dia\/","title":{"rendered":"Guau y miau, un emprendimiento de 24 horas al d\u00eda"},"content":{"rendered":"<p>Go Can, \u201cVamos Can\u201d o los ap\u00f3copes de los apellidos de los dos socios y esposos veterinarios\u00a0 Gonzales-Canaza conforman el denominativo\u00a0 del Centro Integral Veterinario que se halla en la 31 de Calacoto, donde, en un d\u00eda de mucho movimiento, se suele atender hasta 120 pacientes, entre perros y gatos que llegan con distintas dolencias y hasta con emergencias, tal como sucede con los humanos.<\/p>\n<p>Antes, muchos due\u00f1os de perritos o gatitos enfermos acud\u00edan a la veterinaria para pedir que se \u201chaga dormir\u201d al animal, ahora todo ha cambiado, los \u201cpadres\u201d de los pacientes piden que se les cure y eso hacemos con mucha dedicaci\u00f3n, conocimiento y empat\u00eda, dijo a <strong>eco$com,<\/strong> Elmer Gonzales, un profesional de 33 a\u00f1os, que hace 5 a\u00f1os atr\u00e1s abri\u00f3 una veterinaria con s\u00f3lo tres ambientes, lo que ahora es un centro de atenci\u00f3n de 150 metros cuadrados donde canes, gatos y conejos acuden con diferentes afecciones, entre las m\u00e1s comunes, las infecciones esterilizaciones y atenci\u00f3n de emergencias.<\/p>\n<p>El emprendimiento comenz\u00f3 con la atenci\u00f3n a 5 a 7 animales por d\u00eda a cargo de la pareja y ahora supera el centenar, tambi\u00e9n el n\u00famero de profesionales creci\u00f3 a 10 m\u00e9dicos, 4 administrativos, 4 pasantes de la UMSA, la UPEA y la Universidad Loyola, y 4 tesistas. La atenci\u00f3n es de 24 horas al d\u00eda en diferentes especialidades como traumatolog\u00eda, ciruj\u00eda, anestesiolog\u00eda, fisioterapia, entre otros, con equipos sofisticados que van desde los rayos x hasta ecograf\u00edas complejas.<\/p>\n<p>Una consulta cuesta Bs 80, una esterilizaci\u00f3n vale Bs 350 y las operaciones m\u00e1s complejas, como roturas de ligamentos en las patas o deformidades que impiden el caminar pueden llegar a los Bs 7.000.<\/p>\n<p>En La Paz, hay varias veterinarias y cl\u00ednicas para animales; pero la mayor\u00eda tienen poco flujo de pacientes, lo que no ocurre con Go Can. Esto se debe a que se tiene empat\u00eda con los pacientes, respeto a \u201clos padres\u201d y los m\u00e9dicos tienen constantes capacitaciones en el exterior del pa\u00eds porque en Bolivia no existen esas oportunidades, revel\u00f3 Gonzales, quien estudi\u00f3 veterinaria en la Universidad Cat\u00f3lica Boliviana, en Rosespampa, Yungas de La Paz.<\/p>\n<p>Si se ejerce con vocaci\u00f3n, todo va bien, la veterinaria puede ser una carrera lucrativa porque no s\u00f3lo se atienden animales menores (perros, gatos y conejos), sino que se puede lograr especializaciones en animales mayores como vacas, caballos o animales de granja como gallinas ponedoras, dijo el veterinario que tiene como proyecto pr\u00f3ximo el mejorar la tecnolog\u00eda de atenci\u00f3n con nuevos equipos y como sue\u00f1o, convertir su espacio en una cl\u00ednica veterinaria y un centro de capacitaci\u00f3n de posgrado para sus colegas.<\/p>\n<p>&nbsp;<\/p>\n<p>&nbsp;<\/p>\n","protected":false},"excerpt":{"rendered":"<p>Go Can, \u201cVamos Can\u201d o los ap\u00f3copes de los apellidos de los dos socios y esposos veterinarios\u00a0 Gonzales-Canaza conforman el denominativo\u00a0 del Centro Integral Veterinario que se halla en la 31 de Calacoto, donde, en un d\u00eda de mucho movimiento, se suele atender hasta 120 pacientes, entre perros y gatos que llegan con distintas dolencias [&hellip;]<\/p>\n","protected":false},"author":1,"featured_media":194689,"comment_status":"closed","ping_status":"open","sticky":false,"template":"","format":"standard","meta":{"_acf_changed":false,"footnotes":""},"categories":[7],"tags":[],"class_list":["post-277495","post","type-post","status-publish","format-standard","has-post-thumbnail","category-economia"],"acf":{"antetitulo":""},"yoast_head":"<!-- This site is optimized with the Yoast SEO plugin v28.4 - https:\/\/yoast.com\/product\/yoast-seo-wordpress\/ -->\n<title>Guau y miau, un emprendimiento de 24 horas al d\u00eda - El Diario - Bolivia<\/title>\n<meta name=\"robots\" content=\"index, follow, max-snippet:-1, max-image-preview:large, max-video-preview:-1\" \/>\n<link rel=\"canonical\" href=\"https:\/\/www.eldiario.net\/portal\/2025\/01\/27\/guau-y-miau-un-emprendimiento-de-24-horas-al-dia\/\" \/>\n<meta property=\"og:locale\" content=\"es_ES\" \/>\n<meta property=\"og:type\" content=\"article\" \/>\n<meta property=\"og:title\" content=\"Guau y miau, un emprendimiento de 24 horas al d\u00eda - El Diario - Bolivia\" \/>\n<meta property=\"og:description\" content=\"Go Can, \u201cVamos Can\u201d o los ap\u00f3copes de los apellidos de los dos socios y esposos veterinarios\u00a0 Gonzales-Canaza conforman el denominativo\u00a0 del Centro Integral Veterinario que se halla en la 31 de Calacoto, donde, en un d\u00eda de mucho movimiento, se suele atender hasta 120 pacientes, entre perros y gatos que llegan con distintas dolencias [&hellip;]\" \/>\n<meta property=\"og:url\" content=\"https:\/\/www.eldiario.net\/portal\/2025\/01\/27\/guau-y-miau-un-emprendimiento-de-24-horas-al-dia\/\" \/>\n<meta property=\"og:site_name\" content=\"El Diario - Bolivia\" \/>\n<meta property=\"article:publisher\" content=\"https:\/\/www.facebook.com\/eldiario.bolivia\/\" \/>\n<meta property=\"article:published_time\" content=\"2025-01-27T10:15:12+00:00\" \/>\n<meta property=\"og:image\" content=\"https:\/\/www.eldiario.net\/portal\/wp-content\/uploads\/2023\/12\/Economia.jpg\" \/>\n\t<meta property=\"og:image:width\" content=\"800\" \/>\n\t<meta property=\"og:image:height\" content=\"500\" \/>\n\t<meta property=\"og:image:type\" content=\"image\/jpeg\" \/>\n<meta name=\"author\" content=\"Jeanette\" \/>\n<meta name=\"twitter:card\" content=\"summary_large_image\" \/>\n<meta name=\"twitter:creator\" content=\"@eldiario_net\" \/>\n<meta name=\"twitter:site\" content=\"@eldiario_net\" \/>\n<meta name=\"twitter:label1\" content=\"Escrito por\" \/>\n\t<meta name=\"twitter:data1\" content=\"Jeanette\" \/>\n\t<meta name=\"twitter:label2\" content=\"Tiempo de lectura\" \/>\n\t<meta name=\"twitter:data2\" content=\"2 minutos\" \/>\n<script type=\"application\/ld+json\" class=\"yoast-schema-graph\">{\"@context\":\"https:\\\/\\\/schema.org\",\"@graph\":[{\"@type\":\"Article\",\"@id\":\"https:\\\/\\\/www.eldiario.net\\\/portal\\\/2025\\\/01\\\/27\\\/guau-y-miau-un-emprendimiento-de-24-horas-al-dia\\\/#article\",\"isPartOf\":{\"@id\":\"https:\\\/\\\/www.eldiario.net\\\/portal\\\/2025\\\/01\\\/27\\\/guau-y-miau-un-emprendimiento-de-24-horas-al-dia\\\/\"},\"author\":{\"name\":\"Jeanette\",\"@id\":\"https:\\\/\\\/www.eldiario.net\\\/portal\\\/#\\\/schema\\\/person\\\/f46445640444750d7d753ccd04ae01b7\"},\"headline\":\"Guau y miau, un emprendimiento de 24 horas al d\u00eda\",\"datePublished\":\"2025-01-27T10:15:12+00:00\",\"mainEntityOfPage\":{\"@id\":\"https:\\\/\\\/www.eldiario.net\\\/portal\\\/2025\\\/01\\\/27\\\/guau-y-miau-un-emprendimiento-de-24-horas-al-dia\\\/\"},\"wordCount\":468,\"publisher\":{\"@id\":\"https:\\\/\\\/www.eldiario.net\\\/portal\\\/#organization\"},\"image\":{\"@id\":\"https:\\\/\\\/www.eldiario.net\\\/portal\\\/2025\\\/01\\\/27\\\/guau-y-miau-un-emprendimiento-de-24-horas-al-dia\\\/#primaryimage\"},\"thumbnailUrl\":\"https:\\\/\\\/www.eldiario.net\\\/portal\\\/wp-content\\\/uploads\\\/2023\\\/12\\\/Economia.jpg\",\"articleSection\":[\"Econom\u00eda\"],\"inLanguage\":\"es\"},{\"@type\":\"WebPage\",\"@id\":\"https:\\\/\\\/www.eldiario.net\\\/portal\\\/2025\\\/01\\\/27\\\/guau-y-miau-un-emprendimiento-de-24-horas-al-dia\\\/\",\"url\":\"https:\\\/\\\/www.eldiario.net\\\/portal\\\/2025\\\/01\\\/27\\\/guau-y-miau-un-emprendimiento-de-24-horas-al-dia\\\/\",\"name\":\"Guau y miau, un emprendimiento de 24 horas al d\u00eda - El Diario - Bolivia\",\"isPartOf\":{\"@id\":\"https:\\\/\\\/www.eldiario.net\\\/portal\\\/#website\"},\"primaryImageOfPage\":{\"@id\":\"https:\\\/\\\/www.eldiario.net\\\/portal\\\/2025\\\/01\\\/27\\\/guau-y-miau-un-emprendimiento-de-24-horas-al-dia\\\/#primaryimage\"},\"image\":{\"@id\":\"https:\\\/\\\/www.eldiario.net\\\/portal\\\/2025\\\/01\\\/27\\\/guau-y-miau-un-emprendimiento-de-24-horas-al-dia\\\/#primaryimage\"},\"thumbnailUrl\":\"https:\\\/\\\/www.eldiario.net\\\/portal\\\/wp-content\\\/uploads\\\/2023\\\/12\\\/Economia.jpg\",\"datePublished\":\"2025-01-27T10:15:12+00:00\",\"breadcrumb\":{\"@id\":\"https:\\\/\\\/www.eldiario.net\\\/portal\\\/2025\\\/01\\\/27\\\/guau-y-miau-un-emprendimiento-de-24-horas-al-dia\\\/#breadcrumb\"},\"inLanguage\":\"es\",\"potentialAction\":[{\"@type\":\"ReadAction\",\"target\":[\"https:\\\/\\\/www.eldiario.net\\\/portal\\\/2025\\\/01\\\/27\\\/guau-y-miau-un-emprendimiento-de-24-horas-al-dia\\\/\"]}]},{\"@type\":\"ImageObject\",\"inLanguage\":\"es\",\"@id\":\"https:\\\/\\\/www.eldiario.net\\\/portal\\\/2025\\\/01\\\/27\\\/guau-y-miau-un-emprendimiento-de-24-horas-al-dia\\\/#primaryimage\",\"url\":\"https:\\\/\\\/www.eldiario.net\\\/portal\\\/wp-content\\\/uploads\\\/2023\\\/12\\\/Economia.jpg\",\"contentUrl\":\"https:\\\/\\\/www.eldiario.net\\\/portal\\\/wp-content\\\/uploads\\\/2023\\\/12\\\/Economia.jpg\",\"width\":800,\"height\":500},{\"@type\":\"BreadcrumbList\",\"@id\":\"https:\\\/\\\/www.eldiario.net\\\/portal\\\/2025\\\/01\\\/27\\\/guau-y-miau-un-emprendimiento-de-24-horas-al-dia\\\/#breadcrumb\",\"itemListElement\":[{\"@type\":\"ListItem\",\"position\":1,\"name\":\"Portada\",\"item\":\"https:\\\/\\\/www.eldiario.net\\\/portal\\\/\"},{\"@type\":\"ListItem\",\"position\":2,\"name\":\"Guau y miau, un emprendimiento de 24 horas al d\u00eda\"}]},{\"@type\":\"WebSite\",\"@id\":\"https:\\\/\\\/www.eldiario.net\\\/portal\\\/#website\",\"url\":\"https:\\\/\\\/www.eldiario.net\\\/portal\\\/\",\"name\":\"El Diario - Decano de la prensa nacional\",\"description\":\"El Diario - Decano de la prensa nacional\",\"publisher\":{\"@id\":\"https:\\\/\\\/www.eldiario.net\\\/portal\\\/#organization\"},\"potentialAction\":[{\"@type\":\"SearchAction\",\"target\":{\"@type\":\"EntryPoint\",\"urlTemplate\":\"https:\\\/\\\/www.eldiario.net\\\/portal\\\/?s={search_term_string}\"},\"query-input\":{\"@type\":\"PropertyValueSpecification\",\"valueRequired\":true,\"valueName\":\"search_term_string\"}}],\"inLanguage\":\"es\"},{\"@type\":\"Organization\",\"@id\":\"https:\\\/\\\/www.eldiario.net\\\/portal\\\/#organization\",\"name\":\"El Diario - Decano de la prensa nacional\",\"url\":\"https:\\\/\\\/www.eldiario.net\\\/portal\\\/\",\"logo\":{\"@type\":\"ImageObject\",\"inLanguage\":\"es\",\"@id\":\"https:\\\/\\\/www.eldiario.net\\\/portal\\\/#\\\/schema\\\/logo\\\/image\\\/\",\"url\":\"https:\\\/\\\/www.eldiario.net\\\/portal\\\/wp-content\\\/uploads\\\/2023\\\/07\\\/logo_ED.jpg\",\"contentUrl\":\"https:\\\/\\\/www.eldiario.net\\\/portal\\\/wp-content\\\/uploads\\\/2023\\\/07\\\/logo_ED.jpg\",\"width\":272,\"height\":52,\"caption\":\"El Diario - Decano de la prensa nacional\"},\"image\":{\"@id\":\"https:\\\/\\\/www.eldiario.net\\\/portal\\\/#\\\/schema\\\/logo\\\/image\\\/\"},\"sameAs\":[\"https:\\\/\\\/www.facebook.com\\\/eldiario.bolivia\\\/\",\"https:\\\/\\\/x.com\\\/eldiario_net\"]},{\"@type\":\"Person\",\"@id\":\"https:\\\/\\\/www.eldiario.net\\\/portal\\\/#\\\/schema\\\/person\\\/f46445640444750d7d753ccd04ae01b7\",\"name\":\"Jeanette\",\"image\":{\"@type\":\"ImageObject\",\"inLanguage\":\"es\",\"@id\":\"https:\\\/\\\/secure.gravatar.com\\\/avatar\\\/3ea2118a5f7dad2b7138b1187a6b7ee55f160b9968b66013c3a3ef39dd7e5798?s=96&d=mm&r=g\",\"url\":\"https:\\\/\\\/secure.gravatar.com\\\/avatar\\\/3ea2118a5f7dad2b7138b1187a6b7ee55f160b9968b66013c3a3ef39dd7e5798?s=96&d=mm&r=g\",\"contentUrl\":\"https:\\\/\\\/secure.gravatar.com\\\/avatar\\\/3ea2118a5f7dad2b7138b1187a6b7ee55f160b9968b66013c3a3ef39dd7e5798?s=96&d=mm&r=g\",\"caption\":\"Jeanette\"},\"sameAs\":[\"https:\\\/\\\/www.eldiario.net\\\/portal\"],\"url\":\"https:\\\/\\\/www.eldiario.net\\\/portal\\\/author\\\/jeanette\\\/\"}]}<\/script>\n<!-- \/ Yoast SEO plugin. -->","yoast_head_json":{"title":"Guau y miau, un emprendimiento de 24 horas al d\u00eda - El Diario - Bolivia","robots":{"index":"index","follow":"follow","max-snippet":"max-snippet:-1","max-image-preview":"max-image-preview:large","max-video-preview":"max-video-preview:-1"},"canonical":"https:\/\/www.eldiario.net\/portal\/2025\/01\/27\/guau-y-miau-un-emprendimiento-de-24-horas-al-dia\/","og_locale":"es_ES","og_type":"article","og_title":"Guau y miau, un emprendimiento de 24 horas al d\u00eda - El Diario - Bolivia","og_description":"Go Can, \u201cVamos Can\u201d o los ap\u00f3copes de los apellidos de los dos socios y esposos veterinarios\u00a0 Gonzales-Canaza conforman el denominativo\u00a0 del Centro Integral Veterinario que se halla en la 31 de Calacoto, donde, en un d\u00eda de mucho movimiento, se suele atender hasta 120 pacientes, entre perros y gatos que llegan con distintas dolencias [&hellip;]","og_url":"https:\/\/www.eldiario.net\/portal\/2025\/01\/27\/guau-y-miau-un-emprendimiento-de-24-horas-al-dia\/","og_site_name":"El Diario - Bolivia","article_publisher":"https:\/\/www.facebook.com\/eldiario.bolivia\/","article_published_time":"2025-01-27T10:15:12+00:00","og_image":[{"width":800,"height":500,"url":"https:\/\/www.eldiario.net\/portal\/wp-content\/uploads\/2023\/12\/Economia.jpg","type":"image\/jpeg"}],"author":"Jeanette","twitter_card":"summary_large_image","twitter_creator":"@eldiario_net","twitter_site":"@eldiario_net","twitter_misc":{"Escrito por":"Jeanette","Tiempo de lectura":"2 minutos"},"schema":{"@context":"https:\/\/schema.org","@graph":[{"@type":"Article","@id":"https:\/\/www.eldiario.net\/portal\/2025\/01\/27\/guau-y-miau-un-emprendimiento-de-24-horas-al-dia\/#article","isPartOf":{"@id":"https:\/\/www.eldiario.net\/portal\/2025\/01\/27\/guau-y-miau-un-emprendimiento-de-24-horas-al-dia\/"},"author":{"name":"Jeanette","@id":"https:\/\/www.eldiario.net\/portal\/#\/schema\/person\/f46445640444750d7d753ccd04ae01b7"},"headline":"Guau y miau, un emprendimiento de 24 horas al d\u00eda","datePublished":"2025-01-27T10:15:12+00:00","mainEntityOfPage":{"@id":"https:\/\/www.eldiario.net\/portal\/2025\/01\/27\/guau-y-miau-un-emprendimiento-de-24-horas-al-dia\/"},"wordCount":468,"publisher":{"@id":"https:\/\/www.eldiario.net\/portal\/#organization"},"image":{"@id":"https:\/\/www.eldiario.net\/portal\/2025\/01\/27\/guau-y-miau-un-emprendimiento-de-24-horas-al-dia\/#primaryimage"},"thumbnailUrl":"https:\/\/www.eldiario.net\/portal\/wp-content\/uploads\/2023\/12\/Economia.jpg","articleSection":["Econom\u00eda"],"inLanguage":"es"},{"@type":"WebPage","@id":"https:\/\/www.eldiario.net\/portal\/2025\/01\/27\/guau-y-miau-un-emprendimiento-de-24-horas-al-dia\/","url":"https:\/\/www.eldiario.net\/portal\/2025\/01\/27\/guau-y-miau-un-emprendimiento-de-24-horas-al-dia\/","name":"Guau y miau, un emprendimiento de 24 horas al d\u00eda - El Diario - Bolivia","isPartOf":{"@id":"https:\/\/www.eldiario.net\/portal\/#website"},"primaryImageOfPage":{"@id":"https:\/\/www.eldiario.net\/portal\/2025\/01\/27\/guau-y-miau-un-emprendimiento-de-24-horas-al-dia\/#primaryimage"},"image":{"@id":"https:\/\/www.eldiario.net\/portal\/2025\/01\/27\/guau-y-miau-un-emprendimiento-de-24-horas-al-dia\/#primaryimage"},"thumbnailUrl":"https:\/\/www.eldiario.net\/portal\/wp-content\/uploads\/2023\/12\/Economia.jpg","datePublished":"2025-01-27T10:15:12+00:00","breadcrumb":{"@id":"https:\/\/www.eldiario.net\/portal\/2025\/01\/27\/guau-y-miau-un-emprendimiento-de-24-horas-al-dia\/#breadcrumb"},"inLanguage":"es","potentialAction":[{"@type":"ReadAction","target":["https:\/\/www.eldiario.net\/portal\/2025\/01\/27\/guau-y-miau-un-emprendimiento-de-24-horas-al-dia\/"]}]},{"@type":"ImageObject","inLanguage":"es","@id":"https:\/\/www.eldiario.net\/portal\/2025\/01\/27\/guau-y-miau-un-emprendimiento-de-24-horas-al-dia\/#primaryimage","url":"https:\/\/www.eldiario.net\/portal\/wp-content\/uploads\/2023\/12\/Economia.jpg","contentUrl":"https:\/\/www.eldiario.net\/portal\/wp-content\/uploads\/2023\/12\/Economia.jpg","width":800,"height":500},{"@type":"BreadcrumbList","@id":"https:\/\/www.eldiario.net\/portal\/2025\/01\/27\/guau-y-miau-un-emprendimiento-de-24-horas-al-dia\/#breadcrumb","itemListElement":[{"@type":"ListItem","position":1,"name":"Portada","item":"https:\/\/www.eldiario.net\/portal\/"},{"@type":"ListItem","position":2,"name":"Guau y miau, un emprendimiento de 24 horas al d\u00eda"}]},{"@type":"WebSite","@id":"https:\/\/www.eldiario.net\/portal\/#website","url":"https:\/\/www.eldiario.net\/portal\/","name":"El Diario - Decano de la prensa nacional","description":"El Diario - Decano de la prensa nacional","publisher":{"@id":"https:\/\/www.eldiario.net\/portal\/#organization"},"potentialAction":[{"@type":"SearchAction","target":{"@type":"EntryPoint","urlTemplate":"https:\/\/www.eldiario.net\/portal\/?s={search_term_string}"},"query-input":{"@type":"PropertyValueSpecification","valueRequired":true,"valueName":"search_term_string"}}],"inLanguage":"es"},{"@type":"Organization","@id":"https:\/\/www.eldiario.net\/portal\/#organization","name":"El Diario - Decano de la prensa nacional","url":"https:\/\/www.eldiario.net\/portal\/","logo":{"@type":"ImageObject","inLanguage":"es","@id":"https:\/\/www.eldiario.net\/portal\/#\/schema\/logo\/image\/","url":"https:\/\/www.eldiario.net\/portal\/wp-content\/uploads\/2023\/07\/logo_ED.jpg","contentUrl":"https:\/\/www.eldiario.net\/portal\/wp-content\/uploads\/2023\/07\/logo_ED.jpg","width":272,"height":52,"caption":"El Diario - Decano de la prensa nacional"},"image":{"@id":"https:\/\/www.eldiario.net\/portal\/#\/schema\/logo\/image\/"},"sameAs":["https:\/\/www.facebook.com\/eldiario.bolivia\/","https:\/\/x.com\/eldiario_net"]},{"@type":"Person","@id":"https:\/\/www.eldiario.net\/portal\/#\/schema\/person\/f46445640444750d7d753ccd04ae01b7","name":"Jeanette","image":{"@type":"ImageObject","inLanguage":"es","@id":"https:\/\/secure.gravatar.com\/avatar\/3ea2118a5f7dad2b7138b1187a6b7ee55f160b9968b66013c3a3ef39dd7e5798?s=96&d=mm&r=g","url":"https:\/\/secure.gravatar.com\/avatar\/3ea2118a5f7dad2b7138b1187a6b7ee55f160b9968b66013c3a3ef39dd7e5798?s=96&d=mm&r=g","contentUrl":"https:\/\/secure.gravatar.com\/avatar\/3ea2118a5f7dad2b7138b1187a6b7ee55f160b9968b66013c3a3ef39dd7e5798?s=96&d=mm&r=g","caption":"Jeanette"},"sameAs":["https:\/\/www.eldiario.net\/portal"],"url":"https:\/\/www.eldiario.net\/portal\/author\/jeanette\/"}]}},"_links":{"self":[{"href":"https:\/\/www.eldiario.net\/portal\/wp-json\/wp\/v2\/posts\/277495","targetHints":{"allow":["GET"]}}],"collection":[{"href":"https:\/\/www.eldiario.net\/portal\/wp-json\/wp\/v2\/posts"}],"about":[{"href":"https:\/\/www.eldiario.net\/portal\/wp-json\/wp\/v2\/types\/post"}],"author":[{"embeddable":true,"href":"https:\/\/www.eldiario.net\/portal\/wp-json\/wp\/v2\/users\/1"}],"replies":[{"embeddable":true,"href":"https:\/\/www.eldiario.net\/portal\/wp-json\/wp\/v2\/comments?post=277495"}],"version-history":[{"count":1,"href":"https:\/\/www.eldiario.net\/portal\/wp-json\/wp\/v2\/posts\/277495\/revisions"}],"predecessor-version":[{"id":277496,"href":"https:\/\/www.eldiario.net\/portal\/wp-json\/wp\/v2\/posts\/277495\/revisions\/277496"}],"wp:featuredmedia":[{"embeddable":true,"href":"https:\/\/www.eldiario.net\/portal\/wp-json\/wp\/v2\/media\/194689"}],"wp:attachment":[{"href":"https:\/\/www.eldiario.net\/portal\/wp-json\/wp\/v2\/media?parent=277495"}],"wp:term":[{"taxonomy":"category","embeddable":true,"href":"https:\/\/www.eldiario.net\/portal\/wp-json\/wp\/v2\/categories?post=277495"},{"taxonomy":"post_tag","embeddable":true,"href":"https:\/\/www.eldiario.net\/portal\/wp-json\/wp\/v2\/tags?post=277495"}],"curies":[{"name":"wp","href":"https:\/\/api.w.org\/{rel}","templated":true}]}}