{"id":277492,"date":"2025-01-27T06:14:51","date_gmt":"2025-01-27T10:14:51","guid":{"rendered":"https:\/\/www.eldiario.net\/portal\/?p=277492"},"modified":"2025-01-27T06:14:51","modified_gmt":"2025-01-27T10:14:51","slug":"se-esta-por-apagar-la-luz-y-paralizar-la-economia","status":"publish","type":"post","link":"https:\/\/www.eldiario.net\/portal\/2025\/01\/27\/se-esta-por-apagar-la-luz-y-paralizar-la-economia\/","title":{"rendered":"Se est\u00e1 por apagar la luz y paralizar la econom\u00eda"},"content":{"rendered":"<p>Lleg\u00f3 el tiempo de \u201cvacas flacas\u201d, tras dos d\u00e9cadas de \u201ccomer la herencia de la abuela\u201d; \u00a0de exportadores de gas natural, estamos a un paso de convertirnos en importadores de ese mismo recurso, aunque se logren grandes descubrimientos hidrocarbur\u00edferos, para su extracci\u00f3n se necesita por lo menos cinco a\u00f1os, as\u00ed que el futuro energ\u00e9tico y econ\u00f3mico es gris y puede ser negro, a pesar de ello, algunos candidatos nos dicen que solucionar\u00e1n la crisis en 100 d\u00edas, que se dar\u00e1 un nuevo aguinaldo a medio a\u00f1o o que con pr\u00e9stamos del FMI estaremos contentos.<\/p>\n<p>Los recursos que gener\u00f3 el gas exportado no fueron reinvertidos en la b\u00fasqueda de nuevos reservorios, si as\u00ed hubiera sido, en este momento estar\u00edamos en un auge econ\u00f3mico envidiable. Si hace 30 a\u00f1os hubi\u00e9ramos abierto la puerta a la FMC Lithco para explotar el litio del Salar de Uyuni, hoy el pa\u00eds ser\u00eda potencia mundial en el aprovechamiento de ese almacenador de energ\u00eda; pero m\u00e1s pudieron las presiones sociales de grupos irresponsables, el malgasto de los gobernantes de turno y la pasividad del pueblo, que pese a escuchar advertencias de algunos expertos, qued\u00f3 con las manos cruzadas y la voz silenciosa.<\/p>\n<p>Un economista estudioso del transcurrir de los hidrocarburos recomienda que se suspenda la exportaci\u00f3n de gas para alargar la agon\u00eda del mercado interno que tambi\u00e9n consume ese recurso en domicilios, f\u00e1bricas y veh\u00edculos p\u00fablicos. Esa recomendaci\u00f3n es dura, pero no es irracional, pues si llegamos a importar gas, \u00e9ste tendr\u00e1 un precio ocho veces mayor al que ahora se consume en el mercado interno y eso afectar\u00e1 tambi\u00e9n a la generaci\u00f3n de electricidad de los hogares, pues el 70 por ciento de la energ\u00eda para electricidad proviene del gas natural subvencionado.<\/p>\n<p>El cambio de la matriz energ\u00e9tica, m\u00e1s que una realidad, actualmente es una poes\u00eda que se recita en c\u00edrculos de especialistas nacionales, aunque en el mundo es un verdadero compromiso y muchos pa\u00edses ya apuestan al hidr\u00f3geno verde, la energ\u00eda solar, e\u00f3lica e hidr\u00e1ulica;\u00a0 tambi\u00e9n destinan inversiones en f\u00e1bricas de veh\u00edculos el\u00e9ctricos, los que casi no se conoce en Bolivia donde motorizados a di\u00e9sel y gasolina contaminan cada vez m\u00e1s el ambiente porque se multiplican legal e ilegalmente (los \u201cchutos\u201d son visibles en el Chapare, Riberalta, los Yungas y muchos pueblos de todo el pa\u00eds), pues para estos veh\u00edculos\u00a0 el B-SISA no es una exigencia como en las ciudades capitales donde los motorizados tienen placas.<\/p>\n<p>De tener alternativas posibles, tenemos; pero lo que no se percibe es la voluntad pol\u00edtica que m\u00e1s se concentra en subvenciones da\u00f1inas que malacostrumbran al pueblo y frenan emprendimientos que pueden dar verdaderos respiros como el impulso a planta hidroel\u00e9ctricas en el corto plazo, pero que ahora no intentan inversiones porque no pueden desarrollarse debido a que es imposible competir con un gas natural subvencionado.<\/p>\n<p>Ojal\u00e1 esta columna sea le\u00edda por los candidatos para que presenten reales alternativas para la crisis energ\u00e9tica, no f\u00e1bulas ni buenas intenciones que se diluyen cuando est\u00e1n sentados en las sillas del poder. La crisis energ\u00e9tica ya lleg\u00f3, no es del futuro, ahora se debe pensar aceleradamente en soluciones. Por favor, que las campa\u00f1as pol\u00edticas sean de propuestas y no insultos de circo o payasadas de tik tok.<\/p>\n<p>&nbsp;<\/p>\n","protected":false},"excerpt":{"rendered":"<p>Lleg\u00f3 el tiempo de \u201cvacas flacas\u201d, tras dos d\u00e9cadas de \u201ccomer la herencia de la abuela\u201d; \u00a0de exportadores de gas natural, estamos a un paso de convertirnos en importadores de ese mismo recurso, aunque se logren grandes descubrimientos hidrocarbur\u00edferos, para su extracci\u00f3n se necesita por lo menos cinco a\u00f1os, as\u00ed que el futuro energ\u00e9tico y [&hellip;]<\/p>\n","protected":false},"author":1,"featured_media":277493,"comment_status":"closed","ping_status":"open","sticky":false,"template":"","format":"standard","meta":{"_acf_changed":false,"footnotes":""},"categories":[7],"tags":[],"class_list":["post-277492","post","type-post","status-publish","format-standard","has-post-thumbnail","category-economia"],"acf":{"antetitulo":"Higinio Flores Alc\u00e1zar es comunicador social del \u00e1rea econ\u00f3mica"},"yoast_head":"<!-- This site is optimized with the Yoast SEO plugin v28.4 - https:\/\/yoast.com\/product\/yoast-seo-wordpress\/ -->\n<title>Se est\u00e1 por apagar la luz y paralizar la econom\u00eda - El Diario - Bolivia<\/title>\n<meta name=\"robots\" content=\"index, follow, max-snippet:-1, max-image-preview:large, max-video-preview:-1\" \/>\n<link rel=\"canonical\" href=\"https:\/\/www.eldiario.net\/portal\/2025\/01\/27\/se-esta-por-apagar-la-luz-y-paralizar-la-economia\/\" \/>\n<meta property=\"og:locale\" content=\"es_ES\" \/>\n<meta property=\"og:type\" content=\"article\" \/>\n<meta property=\"og:title\" content=\"Se est\u00e1 por apagar la luz y paralizar la econom\u00eda - El Diario - Bolivia\" \/>\n<meta property=\"og:description\" content=\"Lleg\u00f3 el tiempo de \u201cvacas flacas\u201d, tras dos d\u00e9cadas de \u201ccomer la herencia de la abuela\u201d; \u00a0de exportadores de gas natural, estamos a un paso de convertirnos en importadores de ese mismo recurso, aunque se logren grandes descubrimientos hidrocarbur\u00edferos, para su extracci\u00f3n se necesita por lo menos cinco a\u00f1os, as\u00ed que el futuro energ\u00e9tico y [&hellip;]\" \/>\n<meta property=\"og:url\" content=\"https:\/\/www.eldiario.net\/portal\/2025\/01\/27\/se-esta-por-apagar-la-luz-y-paralizar-la-economia\/\" \/>\n<meta property=\"og:site_name\" content=\"El Diario - Bolivia\" \/>\n<meta property=\"article:publisher\" content=\"https:\/\/www.facebook.com\/eldiario.bolivia\/\" \/>\n<meta property=\"article:published_time\" content=\"2025-01-27T10:14:51+00:00\" \/>\n<meta property=\"og:image\" content=\"https:\/\/www.eldiario.net\/portal\/wp-content\/uploads\/2025\/01\/HIGINIO-.jpg\" \/>\n\t<meta property=\"og:image:width\" content=\"1200\" \/>\n\t<meta property=\"og:image:height\" content=\"1600\" \/>\n\t<meta property=\"og:image:type\" content=\"image\/jpeg\" \/>\n<meta name=\"author\" content=\"Jeanette\" \/>\n<meta name=\"twitter:card\" content=\"summary_large_image\" \/>\n<meta name=\"twitter:creator\" content=\"@eldiario_net\" \/>\n<meta name=\"twitter:site\" content=\"@eldiario_net\" \/>\n<meta name=\"twitter:label1\" content=\"Escrito por\" \/>\n\t<meta name=\"twitter:data1\" content=\"Jeanette\" \/>\n\t<meta name=\"twitter:label2\" content=\"Tiempo de lectura\" \/>\n\t<meta name=\"twitter:data2\" content=\"3 minutos\" \/>\n<script type=\"application\/ld+json\" class=\"yoast-schema-graph\">{\"@context\":\"https:\\\/\\\/schema.org\",\"@graph\":[{\"@type\":\"Article\",\"@id\":\"https:\\\/\\\/www.eldiario.net\\\/portal\\\/2025\\\/01\\\/27\\\/se-esta-por-apagar-la-luz-y-paralizar-la-economia\\\/#article\",\"isPartOf\":{\"@id\":\"https:\\\/\\\/www.eldiario.net\\\/portal\\\/2025\\\/01\\\/27\\\/se-esta-por-apagar-la-luz-y-paralizar-la-economia\\\/\"},\"author\":{\"name\":\"Jeanette\",\"@id\":\"https:\\\/\\\/www.eldiario.net\\\/portal\\\/#\\\/schema\\\/person\\\/f46445640444750d7d753ccd04ae01b7\"},\"headline\":\"Se est\u00e1 por apagar la luz y paralizar la econom\u00eda\",\"datePublished\":\"2025-01-27T10:14:51+00:00\",\"mainEntityOfPage\":{\"@id\":\"https:\\\/\\\/www.eldiario.net\\\/portal\\\/2025\\\/01\\\/27\\\/se-esta-por-apagar-la-luz-y-paralizar-la-economia\\\/\"},\"wordCount\":600,\"publisher\":{\"@id\":\"https:\\\/\\\/www.eldiario.net\\\/portal\\\/#organization\"},\"image\":{\"@id\":\"https:\\\/\\\/www.eldiario.net\\\/portal\\\/2025\\\/01\\\/27\\\/se-esta-por-apagar-la-luz-y-paralizar-la-economia\\\/#primaryimage\"},\"thumbnailUrl\":\"https:\\\/\\\/www.eldiario.net\\\/portal\\\/wp-content\\\/uploads\\\/2025\\\/01\\\/HIGINIO-.jpg\",\"articleSection\":[\"Econom\u00eda\"],\"inLanguage\":\"es\"},{\"@type\":\"WebPage\",\"@id\":\"https:\\\/\\\/www.eldiario.net\\\/portal\\\/2025\\\/01\\\/27\\\/se-esta-por-apagar-la-luz-y-paralizar-la-economia\\\/\",\"url\":\"https:\\\/\\\/www.eldiario.net\\\/portal\\\/2025\\\/01\\\/27\\\/se-esta-por-apagar-la-luz-y-paralizar-la-economia\\\/\",\"name\":\"Se est\u00e1 por apagar la luz y paralizar la econom\u00eda - El Diario - Bolivia\",\"isPartOf\":{\"@id\":\"https:\\\/\\\/www.eldiario.net\\\/portal\\\/#website\"},\"primaryImageOfPage\":{\"@id\":\"https:\\\/\\\/www.eldiario.net\\\/portal\\\/2025\\\/01\\\/27\\\/se-esta-por-apagar-la-luz-y-paralizar-la-economia\\\/#primaryimage\"},\"image\":{\"@id\":\"https:\\\/\\\/www.eldiario.net\\\/portal\\\/2025\\\/01\\\/27\\\/se-esta-por-apagar-la-luz-y-paralizar-la-economia\\\/#primaryimage\"},\"thumbnailUrl\":\"https:\\\/\\\/www.eldiario.net\\\/portal\\\/wp-content\\\/uploads\\\/2025\\\/01\\\/HIGINIO-.jpg\",\"datePublished\":\"2025-01-27T10:14:51+00:00\",\"breadcrumb\":{\"@id\":\"https:\\\/\\\/www.eldiario.net\\\/portal\\\/2025\\\/01\\\/27\\\/se-esta-por-apagar-la-luz-y-paralizar-la-economia\\\/#breadcrumb\"},\"inLanguage\":\"es\",\"potentialAction\":[{\"@type\":\"ReadAction\",\"target\":[\"https:\\\/\\\/www.eldiario.net\\\/portal\\\/2025\\\/01\\\/27\\\/se-esta-por-apagar-la-luz-y-paralizar-la-economia\\\/\"]}]},{\"@type\":\"ImageObject\",\"inLanguage\":\"es\",\"@id\":\"https:\\\/\\\/www.eldiario.net\\\/portal\\\/2025\\\/01\\\/27\\\/se-esta-por-apagar-la-luz-y-paralizar-la-economia\\\/#primaryimage\",\"url\":\"https:\\\/\\\/www.eldiario.net\\\/portal\\\/wp-content\\\/uploads\\\/2025\\\/01\\\/HIGINIO-.jpg\",\"contentUrl\":\"https:\\\/\\\/www.eldiario.net\\\/portal\\\/wp-content\\\/uploads\\\/2025\\\/01\\\/HIGINIO-.jpg\",\"width\":1200,\"height\":1600},{\"@type\":\"BreadcrumbList\",\"@id\":\"https:\\\/\\\/www.eldiario.net\\\/portal\\\/2025\\\/01\\\/27\\\/se-esta-por-apagar-la-luz-y-paralizar-la-economia\\\/#breadcrumb\",\"itemListElement\":[{\"@type\":\"ListItem\",\"position\":1,\"name\":\"Portada\",\"item\":\"https:\\\/\\\/www.eldiario.net\\\/portal\\\/\"},{\"@type\":\"ListItem\",\"position\":2,\"name\":\"Se est\u00e1 por apagar la luz y paralizar la econom\u00eda\"}]},{\"@type\":\"WebSite\",\"@id\":\"https:\\\/\\\/www.eldiario.net\\\/portal\\\/#website\",\"url\":\"https:\\\/\\\/www.eldiario.net\\\/portal\\\/\",\"name\":\"El Diario - Decano de la prensa nacional\",\"description\":\"El Diario - Decano de la prensa nacional\",\"publisher\":{\"@id\":\"https:\\\/\\\/www.eldiario.net\\\/portal\\\/#organization\"},\"potentialAction\":[{\"@type\":\"SearchAction\",\"target\":{\"@type\":\"EntryPoint\",\"urlTemplate\":\"https:\\\/\\\/www.eldiario.net\\\/portal\\\/?s={search_term_string}\"},\"query-input\":{\"@type\":\"PropertyValueSpecification\",\"valueRequired\":true,\"valueName\":\"search_term_string\"}}],\"inLanguage\":\"es\"},{\"@type\":\"Organization\",\"@id\":\"https:\\\/\\\/www.eldiario.net\\\/portal\\\/#organization\",\"name\":\"El Diario - Decano de la prensa nacional\",\"url\":\"https:\\\/\\\/www.eldiario.net\\\/portal\\\/\",\"logo\":{\"@type\":\"ImageObject\",\"inLanguage\":\"es\",\"@id\":\"https:\\\/\\\/www.eldiario.net\\\/portal\\\/#\\\/schema\\\/logo\\\/image\\\/\",\"url\":\"https:\\\/\\\/www.eldiario.net\\\/portal\\\/wp-content\\\/uploads\\\/2023\\\/07\\\/logo_ED.jpg\",\"contentUrl\":\"https:\\\/\\\/www.eldiario.net\\\/portal\\\/wp-content\\\/uploads\\\/2023\\\/07\\\/logo_ED.jpg\",\"width\":272,\"height\":52,\"caption\":\"El Diario - Decano de la prensa nacional\"},\"image\":{\"@id\":\"https:\\\/\\\/www.eldiario.net\\\/portal\\\/#\\\/schema\\\/logo\\\/image\\\/\"},\"sameAs\":[\"https:\\\/\\\/www.facebook.com\\\/eldiario.bolivia\\\/\",\"https:\\\/\\\/x.com\\\/eldiario_net\"]},{\"@type\":\"Person\",\"@id\":\"https:\\\/\\\/www.eldiario.net\\\/portal\\\/#\\\/schema\\\/person\\\/f46445640444750d7d753ccd04ae01b7\",\"name\":\"Jeanette\",\"image\":{\"@type\":\"ImageObject\",\"inLanguage\":\"es\",\"@id\":\"https:\\\/\\\/secure.gravatar.com\\\/avatar\\\/3ea2118a5f7dad2b7138b1187a6b7ee55f160b9968b66013c3a3ef39dd7e5798?s=96&d=mm&r=g\",\"url\":\"https:\\\/\\\/secure.gravatar.com\\\/avatar\\\/3ea2118a5f7dad2b7138b1187a6b7ee55f160b9968b66013c3a3ef39dd7e5798?s=96&d=mm&r=g\",\"contentUrl\":\"https:\\\/\\\/secure.gravatar.com\\\/avatar\\\/3ea2118a5f7dad2b7138b1187a6b7ee55f160b9968b66013c3a3ef39dd7e5798?s=96&d=mm&r=g\",\"caption\":\"Jeanette\"},\"sameAs\":[\"https:\\\/\\\/www.eldiario.net\\\/portal\"],\"url\":\"https:\\\/\\\/www.eldiario.net\\\/portal\\\/author\\\/jeanette\\\/\"}]}<\/script>\n<!-- \/ Yoast SEO plugin. -->","yoast_head_json":{"title":"Se est\u00e1 por apagar la luz y paralizar la econom\u00eda - El Diario - Bolivia","robots":{"index":"index","follow":"follow","max-snippet":"max-snippet:-1","max-image-preview":"max-image-preview:large","max-video-preview":"max-video-preview:-1"},"canonical":"https:\/\/www.eldiario.net\/portal\/2025\/01\/27\/se-esta-por-apagar-la-luz-y-paralizar-la-economia\/","og_locale":"es_ES","og_type":"article","og_title":"Se est\u00e1 por apagar la luz y paralizar la econom\u00eda - El Diario - Bolivia","og_description":"Lleg\u00f3 el tiempo de \u201cvacas flacas\u201d, tras dos d\u00e9cadas de \u201ccomer la herencia de la abuela\u201d; \u00a0de exportadores de gas natural, estamos a un paso de convertirnos en importadores de ese mismo recurso, aunque se logren grandes descubrimientos hidrocarbur\u00edferos, para su extracci\u00f3n se necesita por lo menos cinco a\u00f1os, as\u00ed que el futuro energ\u00e9tico y [&hellip;]","og_url":"https:\/\/www.eldiario.net\/portal\/2025\/01\/27\/se-esta-por-apagar-la-luz-y-paralizar-la-economia\/","og_site_name":"El Diario - Bolivia","article_publisher":"https:\/\/www.facebook.com\/eldiario.bolivia\/","article_published_time":"2025-01-27T10:14:51+00:00","og_image":[{"width":1200,"height":1600,"url":"https:\/\/www.eldiario.net\/portal\/wp-content\/uploads\/2025\/01\/HIGINIO-.jpg","type":"image\/jpeg"}],"author":"Jeanette","twitter_card":"summary_large_image","twitter_creator":"@eldiario_net","twitter_site":"@eldiario_net","twitter_misc":{"Escrito por":"Jeanette","Tiempo de lectura":"3 minutos"},"schema":{"@context":"https:\/\/schema.org","@graph":[{"@type":"Article","@id":"https:\/\/www.eldiario.net\/portal\/2025\/01\/27\/se-esta-por-apagar-la-luz-y-paralizar-la-economia\/#article","isPartOf":{"@id":"https:\/\/www.eldiario.net\/portal\/2025\/01\/27\/se-esta-por-apagar-la-luz-y-paralizar-la-economia\/"},"author":{"name":"Jeanette","@id":"https:\/\/www.eldiario.net\/portal\/#\/schema\/person\/f46445640444750d7d753ccd04ae01b7"},"headline":"Se est\u00e1 por apagar la luz y paralizar la econom\u00eda","datePublished":"2025-01-27T10:14:51+00:00","mainEntityOfPage":{"@id":"https:\/\/www.eldiario.net\/portal\/2025\/01\/27\/se-esta-por-apagar-la-luz-y-paralizar-la-economia\/"},"wordCount":600,"publisher":{"@id":"https:\/\/www.eldiario.net\/portal\/#organization"},"image":{"@id":"https:\/\/www.eldiario.net\/portal\/2025\/01\/27\/se-esta-por-apagar-la-luz-y-paralizar-la-economia\/#primaryimage"},"thumbnailUrl":"https:\/\/www.eldiario.net\/portal\/wp-content\/uploads\/2025\/01\/HIGINIO-.jpg","articleSection":["Econom\u00eda"],"inLanguage":"es"},{"@type":"WebPage","@id":"https:\/\/www.eldiario.net\/portal\/2025\/01\/27\/se-esta-por-apagar-la-luz-y-paralizar-la-economia\/","url":"https:\/\/www.eldiario.net\/portal\/2025\/01\/27\/se-esta-por-apagar-la-luz-y-paralizar-la-economia\/","name":"Se est\u00e1 por apagar la luz y paralizar la econom\u00eda - El Diario - Bolivia","isPartOf":{"@id":"https:\/\/www.eldiario.net\/portal\/#website"},"primaryImageOfPage":{"@id":"https:\/\/www.eldiario.net\/portal\/2025\/01\/27\/se-esta-por-apagar-la-luz-y-paralizar-la-economia\/#primaryimage"},"image":{"@id":"https:\/\/www.eldiario.net\/portal\/2025\/01\/27\/se-esta-por-apagar-la-luz-y-paralizar-la-economia\/#primaryimage"},"thumbnailUrl":"https:\/\/www.eldiario.net\/portal\/wp-content\/uploads\/2025\/01\/HIGINIO-.jpg","datePublished":"2025-01-27T10:14:51+00:00","breadcrumb":{"@id":"https:\/\/www.eldiario.net\/portal\/2025\/01\/27\/se-esta-por-apagar-la-luz-y-paralizar-la-economia\/#breadcrumb"},"inLanguage":"es","potentialAction":[{"@type":"ReadAction","target":["https:\/\/www.eldiario.net\/portal\/2025\/01\/27\/se-esta-por-apagar-la-luz-y-paralizar-la-economia\/"]}]},{"@type":"ImageObject","inLanguage":"es","@id":"https:\/\/www.eldiario.net\/portal\/2025\/01\/27\/se-esta-por-apagar-la-luz-y-paralizar-la-economia\/#primaryimage","url":"https:\/\/www.eldiario.net\/portal\/wp-content\/uploads\/2025\/01\/HIGINIO-.jpg","contentUrl":"https:\/\/www.eldiario.net\/portal\/wp-content\/uploads\/2025\/01\/HIGINIO-.jpg","width":1200,"height":1600},{"@type":"BreadcrumbList","@id":"https:\/\/www.eldiario.net\/portal\/2025\/01\/27\/se-esta-por-apagar-la-luz-y-paralizar-la-economia\/#breadcrumb","itemListElement":[{"@type":"ListItem","position":1,"name":"Portada","item":"https:\/\/www.eldiario.net\/portal\/"},{"@type":"ListItem","position":2,"name":"Se est\u00e1 por apagar la luz y paralizar la econom\u00eda"}]},{"@type":"WebSite","@id":"https:\/\/www.eldiario.net\/portal\/#website","url":"https:\/\/www.eldiario.net\/portal\/","name":"El Diario - Decano de la prensa nacional","description":"El Diario - Decano de la prensa nacional","publisher":{"@id":"https:\/\/www.eldiario.net\/portal\/#organization"},"potentialAction":[{"@type":"SearchAction","target":{"@type":"EntryPoint","urlTemplate":"https:\/\/www.eldiario.net\/portal\/?s={search_term_string}"},"query-input":{"@type":"PropertyValueSpecification","valueRequired":true,"valueName":"search_term_string"}}],"inLanguage":"es"},{"@type":"Organization","@id":"https:\/\/www.eldiario.net\/portal\/#organization","name":"El Diario - Decano de la prensa nacional","url":"https:\/\/www.eldiario.net\/portal\/","logo":{"@type":"ImageObject","inLanguage":"es","@id":"https:\/\/www.eldiario.net\/portal\/#\/schema\/logo\/image\/","url":"https:\/\/www.eldiario.net\/portal\/wp-content\/uploads\/2023\/07\/logo_ED.jpg","contentUrl":"https:\/\/www.eldiario.net\/portal\/wp-content\/uploads\/2023\/07\/logo_ED.jpg","width":272,"height":52,"caption":"El Diario - Decano de la prensa nacional"},"image":{"@id":"https:\/\/www.eldiario.net\/portal\/#\/schema\/logo\/image\/"},"sameAs":["https:\/\/www.facebook.com\/eldiario.bolivia\/","https:\/\/x.com\/eldiario_net"]},{"@type":"Person","@id":"https:\/\/www.eldiario.net\/portal\/#\/schema\/person\/f46445640444750d7d753ccd04ae01b7","name":"Jeanette","image":{"@type":"ImageObject","inLanguage":"es","@id":"https:\/\/secure.gravatar.com\/avatar\/3ea2118a5f7dad2b7138b1187a6b7ee55f160b9968b66013c3a3ef39dd7e5798?s=96&d=mm&r=g","url":"https:\/\/secure.gravatar.com\/avatar\/3ea2118a5f7dad2b7138b1187a6b7ee55f160b9968b66013c3a3ef39dd7e5798?s=96&d=mm&r=g","contentUrl":"https:\/\/secure.gravatar.com\/avatar\/3ea2118a5f7dad2b7138b1187a6b7ee55f160b9968b66013c3a3ef39dd7e5798?s=96&d=mm&r=g","caption":"Jeanette"},"sameAs":["https:\/\/www.eldiario.net\/portal"],"url":"https:\/\/www.eldiario.net\/portal\/author\/jeanette\/"}]}},"_links":{"self":[{"href":"https:\/\/www.eldiario.net\/portal\/wp-json\/wp\/v2\/posts\/277492","targetHints":{"allow":["GET"]}}],"collection":[{"href":"https:\/\/www.eldiario.net\/portal\/wp-json\/wp\/v2\/posts"}],"about":[{"href":"https:\/\/www.eldiario.net\/portal\/wp-json\/wp\/v2\/types\/post"}],"author":[{"embeddable":true,"href":"https:\/\/www.eldiario.net\/portal\/wp-json\/wp\/v2\/users\/1"}],"replies":[{"embeddable":true,"href":"https:\/\/www.eldiario.net\/portal\/wp-json\/wp\/v2\/comments?post=277492"}],"version-history":[{"count":1,"href":"https:\/\/www.eldiario.net\/portal\/wp-json\/wp\/v2\/posts\/277492\/revisions"}],"predecessor-version":[{"id":277494,"href":"https:\/\/www.eldiario.net\/portal\/wp-json\/wp\/v2\/posts\/277492\/revisions\/277494"}],"wp:featuredmedia":[{"embeddable":true,"href":"https:\/\/www.eldiario.net\/portal\/wp-json\/wp\/v2\/media\/277493"}],"wp:attachment":[{"href":"https:\/\/www.eldiario.net\/portal\/wp-json\/wp\/v2\/media?parent=277492"}],"wp:term":[{"taxonomy":"category","embeddable":true,"href":"https:\/\/www.eldiario.net\/portal\/wp-json\/wp\/v2\/categories?post=277492"},{"taxonomy":"post_tag","embeddable":true,"href":"https:\/\/www.eldiario.net\/portal\/wp-json\/wp\/v2\/tags?post=277492"}],"curies":[{"name":"wp","href":"https:\/\/api.w.org\/{rel}","templated":true}]}}