{"id":277461,"date":"2025-01-27T06:04:30","date_gmt":"2025-01-27T10:04:30","guid":{"rendered":"https:\/\/www.eldiario.net\/portal\/?p=277461"},"modified":"2025-01-27T06:04:30","modified_gmt":"2025-01-27T10:04:30","slug":"respecto-al-acuerdo-de-unidad-de-la-oposicion","status":"publish","type":"post","link":"https:\/\/www.eldiario.net\/portal\/2025\/01\/27\/respecto-al-acuerdo-de-unidad-de-la-oposicion\/","title":{"rendered":"Respecto al acuerdo de unidad de la oposici\u00f3n"},"content":{"rendered":"<p>El pacto opositor firmado por Jorge \u201cTuto\u201d Quiroga, Luis Fernando Camacho, Samuel Doria Medina y Carlos Mesa (el Joe Biden boliviano), es un acuerdo realizado entre componentes heterog\u00e9neos; tenemos \u201cun poco de todo\u201d. Por un lado, est\u00e1 la socialdemocracia representada por Carlos Mesa y Samuel Doria Medina; por otro, una derecha liberal con Jorge \u201cTuto\u201d Quiroga y una derecha m\u00e1s conservadora con Luis Fernando Camacho (es apropiado decir que CREEMOS y el gobernador no tienen una doctrina ni ideolog\u00eda definida).<br \/>\nRespecto a los l\u00edderes y agrupaciones que componen este acuerdo, hay muchas cosas que decir. Comunidad Ciudadana y Carlos Mesa me parecen igual de nefastos que el MAS y han probado una y otra vez su incapacidad, por lo que, al menos yo, no los tendr\u00eda en cuenta para un acuerdo de unidad. Son cad\u00e1veres pol\u00edticos que ya est\u00e1n de salida. Samuel tampoco es \u201csanto de mi devoci\u00f3n\u201d y su simpat\u00eda con la izquierda (como Mesa) es evidente; no por nada es el vicepresidente de la Internacional Socialista y ha podido convivir con el MAS tranquilamente. Respecto a Luis Fernando Camacho, es alguien por quien guardo gran respeto y que, sin dudas, es un gran aporte para el pacto de unidad. Lo \u00fanico que le reprocho es la falta de direcci\u00f3n y doctrina de su movimiento. Empero, \u00e9l, a diferencia de Mesa y Samuel, es alguien que aportar\u00e1 positivamente al acuerdo de unidad.<br \/>\n\u201cTuto\u201d es para m\u00ed el mejor de los cuatro y tambi\u00e9n el mejor opositor en la actualidad. Es uno de los pocos pol\u00edticos que cumple con los requisitos necesarios que debe tener un \u201chombre de Estado\u201d, adem\u00e1s de que tiene un plan elaborado para combatir la crisis. En todas las contiendas electorales, siempre se ha mostrado como el candidato m\u00e1s t\u00e9cnico y preparado. Por si fuera poco, es el \u00fanico de los cuatro que tiene relaciones internacionales fuertes con jefes, exjefes de estado y otras personalidades; es un hombre respetado en el exterior. No le mentir\u00e9 al lector, mi preferencia por \u201cTuto\u201d respecto a los otros opositores es fuerte, sin embargo, sus \u00faltimas acciones me decepcionaron.<br \/>\nPrimero sell\u00f3 un pacto con el FRI, un partido de extrema izquierda que fue factor decisivo en el fracaso rotundo de Comunidad Ciudadana (CC). Una acci\u00f3n inexplicable para alguien que es de derecha liberal y en un contexto en el que por fin la gente entiende que la izquierda es un peligro para el crecimiento y seguridad de un pa\u00eds. Es algo incomprensible, pero lo justific\u00f3 bajo la premisa de que se estaba dejando a Mesa y sus legisladores incapaces afuera del tablero pol\u00edtico. Sin el FRI, CC deja de existir y el poder de negociaci\u00f3n de estos socialdem\u00f3cratas funcionales ser\u00eda nulo. Despu\u00e9s de todo, parec\u00eda ser una \u201cbuena jugada pol\u00edtica\u201d para deshacerse de una parte de la oposici\u00f3n incapaz. Sin embargo, al d\u00eda siguiente de lanzar su candidatura, \u201cTuto\u201d apareci\u00f3 con Samuel, Mesa y un representante de Camacho firmando el acuerdo de unidad, devolvi\u00e9ndole poder de negociaci\u00f3n a Mesa y su gente, y d\u00e1ndoles espacio para hacer pol\u00edtica. Por lo tanto, la \u201cbuena jugada\u201d de nada sirvi\u00f3. Estas acciones me decepcionaron mucho, pero a\u00fan pienso que es el opositor m\u00e1s preparado y que deber\u00e1 mostrar todas sus cualidades para ser el candidato escogido del bloque de unidad.<br \/>\nEste acuerdo ser\u00e1 bueno siempre y cuando el candidato que se imponga tenga la libertad de escoger su proyecto y su gente. Es decir, que lo dejen candidatear con su proyecto y no tenga que mezclar su plan de gobierno o repartir puestos pol\u00edticos con los otros candidatos y su respectiva gente. Estamos hablando de un acuerdo heterog\u00e9neo; si estos cuatro candidatos y los que se sumen logran hacer una gran fusi\u00f3n y crear un plan de gobierno con base en los diferentes puntos de vista, nos llevar\u00e1 al fracaso. No todos tienen la misma visi\u00f3n de pa\u00eds. Ese es el problema de unirse bajo la premisa de \u201cel enemigo de mi enemigo es mi amigo\u201d y no en funci\u00f3n de principios y directrices comunes.<\/p>\n","protected":false},"excerpt":{"rendered":"<p>El pacto opositor firmado por Jorge \u201cTuto\u201d Quiroga, Luis Fernando Camacho, Samuel Doria Medina y Carlos Mesa (el Joe Biden boliviano), es un acuerdo realizado entre componentes heterog\u00e9neos; tenemos \u201cun poco de todo\u201d. Por un lado, est\u00e1 la socialdemocracia representada por Carlos Mesa y Samuel Doria Medina; por otro, una derecha liberal con Jorge \u201cTuto\u201d [&hellip;]<\/p>\n","protected":false},"author":1,"featured_media":161834,"comment_status":"closed","ping_status":"open","sticky":false,"template":"","format":"standard","meta":{"_acf_changed":false,"footnotes":""},"categories":[9],"tags":[],"class_list":["post-277461","post","type-post","status-publish","format-standard","has-post-thumbnail","category-opinion"],"acf":{"antetitulo":""},"yoast_head":"<!-- This site is optimized with the Yoast SEO plugin v28.4 - https:\/\/yoast.com\/product\/yoast-seo-wordpress\/ -->\n<title>Respecto al acuerdo de unidad de la oposici\u00f3n - El Diario - Bolivia<\/title>\n<meta name=\"robots\" content=\"index, follow, max-snippet:-1, max-image-preview:large, max-video-preview:-1\" \/>\n<link rel=\"canonical\" href=\"https:\/\/www.eldiario.net\/portal\/2025\/01\/27\/respecto-al-acuerdo-de-unidad-de-la-oposicion\/\" \/>\n<meta property=\"og:locale\" content=\"es_ES\" \/>\n<meta property=\"og:type\" content=\"article\" \/>\n<meta property=\"og:title\" content=\"Respecto al acuerdo de unidad de la oposici\u00f3n - El Diario - Bolivia\" \/>\n<meta property=\"og:description\" content=\"El pacto opositor firmado por Jorge \u201cTuto\u201d Quiroga, Luis Fernando Camacho, Samuel Doria Medina y Carlos Mesa (el Joe Biden boliviano), es un acuerdo realizado entre componentes heterog\u00e9neos; tenemos \u201cun poco de todo\u201d. Por un lado, est\u00e1 la socialdemocracia representada por Carlos Mesa y Samuel Doria Medina; por otro, una derecha liberal con Jorge \u201cTuto\u201d [&hellip;]\" \/>\n<meta property=\"og:url\" content=\"https:\/\/www.eldiario.net\/portal\/2025\/01\/27\/respecto-al-acuerdo-de-unidad-de-la-oposicion\/\" \/>\n<meta property=\"og:site_name\" content=\"El Diario - Bolivia\" \/>\n<meta property=\"article:publisher\" content=\"https:\/\/www.facebook.com\/eldiario.bolivia\/\" \/>\n<meta property=\"article:published_time\" content=\"2025-01-27T10:04:30+00:00\" \/>\n<meta property=\"og:image\" content=\"https:\/\/www.eldiario.net\/portal\/wp-content\/uploads\/2023\/06\/Fabian-Freire.jpg\" \/>\n\t<meta property=\"og:image:width\" content=\"1200\" \/>\n\t<meta property=\"og:image:height\" content=\"628\" \/>\n\t<meta property=\"og:image:type\" content=\"image\/jpeg\" \/>\n<meta name=\"author\" content=\"Jeanette\" \/>\n<meta name=\"twitter:card\" content=\"summary_large_image\" \/>\n<meta name=\"twitter:creator\" content=\"@eldiario_net\" \/>\n<meta name=\"twitter:site\" content=\"@eldiario_net\" \/>\n<meta name=\"twitter:label1\" content=\"Escrito por\" \/>\n\t<meta name=\"twitter:data1\" content=\"Jeanette\" \/>\n\t<meta name=\"twitter:label2\" content=\"Tiempo de lectura\" \/>\n\t<meta name=\"twitter:data2\" content=\"4 minutos\" \/>\n<script type=\"application\/ld+json\" class=\"yoast-schema-graph\">{\"@context\":\"https:\\\/\\\/schema.org\",\"@graph\":[{\"@type\":\"Article\",\"@id\":\"https:\\\/\\\/www.eldiario.net\\\/portal\\\/2025\\\/01\\\/27\\\/respecto-al-acuerdo-de-unidad-de-la-oposicion\\\/#article\",\"isPartOf\":{\"@id\":\"https:\\\/\\\/www.eldiario.net\\\/portal\\\/2025\\\/01\\\/27\\\/respecto-al-acuerdo-de-unidad-de-la-oposicion\\\/\"},\"author\":{\"name\":\"Jeanette\",\"@id\":\"https:\\\/\\\/www.eldiario.net\\\/portal\\\/#\\\/schema\\\/person\\\/f46445640444750d7d753ccd04ae01b7\"},\"headline\":\"Respecto al acuerdo de unidad de la oposici\u00f3n\",\"datePublished\":\"2025-01-27T10:04:30+00:00\",\"mainEntityOfPage\":{\"@id\":\"https:\\\/\\\/www.eldiario.net\\\/portal\\\/2025\\\/01\\\/27\\\/respecto-al-acuerdo-de-unidad-de-la-oposicion\\\/\"},\"wordCount\":720,\"publisher\":{\"@id\":\"https:\\\/\\\/www.eldiario.net\\\/portal\\\/#organization\"},\"image\":{\"@id\":\"https:\\\/\\\/www.eldiario.net\\\/portal\\\/2025\\\/01\\\/27\\\/respecto-al-acuerdo-de-unidad-de-la-oposicion\\\/#primaryimage\"},\"thumbnailUrl\":\"https:\\\/\\\/www.eldiario.net\\\/portal\\\/wp-content\\\/uploads\\\/2023\\\/06\\\/Fabian-Freire.jpg\",\"articleSection\":[\"Opini\u00f3n\"],\"inLanguage\":\"es\"},{\"@type\":\"WebPage\",\"@id\":\"https:\\\/\\\/www.eldiario.net\\\/portal\\\/2025\\\/01\\\/27\\\/respecto-al-acuerdo-de-unidad-de-la-oposicion\\\/\",\"url\":\"https:\\\/\\\/www.eldiario.net\\\/portal\\\/2025\\\/01\\\/27\\\/respecto-al-acuerdo-de-unidad-de-la-oposicion\\\/\",\"name\":\"Respecto al acuerdo de unidad de la oposici\u00f3n - El Diario - Bolivia\",\"isPartOf\":{\"@id\":\"https:\\\/\\\/www.eldiario.net\\\/portal\\\/#website\"},\"primaryImageOfPage\":{\"@id\":\"https:\\\/\\\/www.eldiario.net\\\/portal\\\/2025\\\/01\\\/27\\\/respecto-al-acuerdo-de-unidad-de-la-oposicion\\\/#primaryimage\"},\"image\":{\"@id\":\"https:\\\/\\\/www.eldiario.net\\\/portal\\\/2025\\\/01\\\/27\\\/respecto-al-acuerdo-de-unidad-de-la-oposicion\\\/#primaryimage\"},\"thumbnailUrl\":\"https:\\\/\\\/www.eldiario.net\\\/portal\\\/wp-content\\\/uploads\\\/2023\\\/06\\\/Fabian-Freire.jpg\",\"datePublished\":\"2025-01-27T10:04:30+00:00\",\"breadcrumb\":{\"@id\":\"https:\\\/\\\/www.eldiario.net\\\/portal\\\/2025\\\/01\\\/27\\\/respecto-al-acuerdo-de-unidad-de-la-oposicion\\\/#breadcrumb\"},\"inLanguage\":\"es\",\"potentialAction\":[{\"@type\":\"ReadAction\",\"target\":[\"https:\\\/\\\/www.eldiario.net\\\/portal\\\/2025\\\/01\\\/27\\\/respecto-al-acuerdo-de-unidad-de-la-oposicion\\\/\"]}]},{\"@type\":\"ImageObject\",\"inLanguage\":\"es\",\"@id\":\"https:\\\/\\\/www.eldiario.net\\\/portal\\\/2025\\\/01\\\/27\\\/respecto-al-acuerdo-de-unidad-de-la-oposicion\\\/#primaryimage\",\"url\":\"https:\\\/\\\/www.eldiario.net\\\/portal\\\/wp-content\\\/uploads\\\/2023\\\/06\\\/Fabian-Freire.jpg\",\"contentUrl\":\"https:\\\/\\\/www.eldiario.net\\\/portal\\\/wp-content\\\/uploads\\\/2023\\\/06\\\/Fabian-Freire.jpg\",\"width\":1200,\"height\":628,\"caption\":\"Fabian Freire\"},{\"@type\":\"BreadcrumbList\",\"@id\":\"https:\\\/\\\/www.eldiario.net\\\/portal\\\/2025\\\/01\\\/27\\\/respecto-al-acuerdo-de-unidad-de-la-oposicion\\\/#breadcrumb\",\"itemListElement\":[{\"@type\":\"ListItem\",\"position\":1,\"name\":\"Portada\",\"item\":\"https:\\\/\\\/www.eldiario.net\\\/portal\\\/\"},{\"@type\":\"ListItem\",\"position\":2,\"name\":\"Respecto al acuerdo de unidad de la oposici\u00f3n\"}]},{\"@type\":\"WebSite\",\"@id\":\"https:\\\/\\\/www.eldiario.net\\\/portal\\\/#website\",\"url\":\"https:\\\/\\\/www.eldiario.net\\\/portal\\\/\",\"name\":\"El Diario - Decano de la prensa nacional\",\"description\":\"El Diario - Decano de la prensa nacional\",\"publisher\":{\"@id\":\"https:\\\/\\\/www.eldiario.net\\\/portal\\\/#organization\"},\"potentialAction\":[{\"@type\":\"SearchAction\",\"target\":{\"@type\":\"EntryPoint\",\"urlTemplate\":\"https:\\\/\\\/www.eldiario.net\\\/portal\\\/?s={search_term_string}\"},\"query-input\":{\"@type\":\"PropertyValueSpecification\",\"valueRequired\":true,\"valueName\":\"search_term_string\"}}],\"inLanguage\":\"es\"},{\"@type\":\"Organization\",\"@id\":\"https:\\\/\\\/www.eldiario.net\\\/portal\\\/#organization\",\"name\":\"El Diario - Decano de la prensa nacional\",\"url\":\"https:\\\/\\\/www.eldiario.net\\\/portal\\\/\",\"logo\":{\"@type\":\"ImageObject\",\"inLanguage\":\"es\",\"@id\":\"https:\\\/\\\/www.eldiario.net\\\/portal\\\/#\\\/schema\\\/logo\\\/image\\\/\",\"url\":\"https:\\\/\\\/www.eldiario.net\\\/portal\\\/wp-content\\\/uploads\\\/2023\\\/07\\\/logo_ED.jpg\",\"contentUrl\":\"https:\\\/\\\/www.eldiario.net\\\/portal\\\/wp-content\\\/uploads\\\/2023\\\/07\\\/logo_ED.jpg\",\"width\":272,\"height\":52,\"caption\":\"El Diario - Decano de la prensa nacional\"},\"image\":{\"@id\":\"https:\\\/\\\/www.eldiario.net\\\/portal\\\/#\\\/schema\\\/logo\\\/image\\\/\"},\"sameAs\":[\"https:\\\/\\\/www.facebook.com\\\/eldiario.bolivia\\\/\",\"https:\\\/\\\/x.com\\\/eldiario_net\"]},{\"@type\":\"Person\",\"@id\":\"https:\\\/\\\/www.eldiario.net\\\/portal\\\/#\\\/schema\\\/person\\\/f46445640444750d7d753ccd04ae01b7\",\"name\":\"Jeanette\",\"image\":{\"@type\":\"ImageObject\",\"inLanguage\":\"es\",\"@id\":\"https:\\\/\\\/secure.gravatar.com\\\/avatar\\\/3ea2118a5f7dad2b7138b1187a6b7ee55f160b9968b66013c3a3ef39dd7e5798?s=96&d=mm&r=g\",\"url\":\"https:\\\/\\\/secure.gravatar.com\\\/avatar\\\/3ea2118a5f7dad2b7138b1187a6b7ee55f160b9968b66013c3a3ef39dd7e5798?s=96&d=mm&r=g\",\"contentUrl\":\"https:\\\/\\\/secure.gravatar.com\\\/avatar\\\/3ea2118a5f7dad2b7138b1187a6b7ee55f160b9968b66013c3a3ef39dd7e5798?s=96&d=mm&r=g\",\"caption\":\"Jeanette\"},\"sameAs\":[\"https:\\\/\\\/www.eldiario.net\\\/portal\"],\"url\":\"https:\\\/\\\/www.eldiario.net\\\/portal\\\/author\\\/jeanette\\\/\"}]}<\/script>\n<!-- \/ Yoast SEO plugin. -->","yoast_head_json":{"title":"Respecto al acuerdo de unidad de la oposici\u00f3n - El Diario - Bolivia","robots":{"index":"index","follow":"follow","max-snippet":"max-snippet:-1","max-image-preview":"max-image-preview:large","max-video-preview":"max-video-preview:-1"},"canonical":"https:\/\/www.eldiario.net\/portal\/2025\/01\/27\/respecto-al-acuerdo-de-unidad-de-la-oposicion\/","og_locale":"es_ES","og_type":"article","og_title":"Respecto al acuerdo de unidad de la oposici\u00f3n - El Diario - Bolivia","og_description":"El pacto opositor firmado por Jorge \u201cTuto\u201d Quiroga, Luis Fernando Camacho, Samuel Doria Medina y Carlos Mesa (el Joe Biden boliviano), es un acuerdo realizado entre componentes heterog\u00e9neos; tenemos \u201cun poco de todo\u201d. Por un lado, est\u00e1 la socialdemocracia representada por Carlos Mesa y Samuel Doria Medina; por otro, una derecha liberal con Jorge \u201cTuto\u201d [&hellip;]","og_url":"https:\/\/www.eldiario.net\/portal\/2025\/01\/27\/respecto-al-acuerdo-de-unidad-de-la-oposicion\/","og_site_name":"El Diario - Bolivia","article_publisher":"https:\/\/www.facebook.com\/eldiario.bolivia\/","article_published_time":"2025-01-27T10:04:30+00:00","og_image":[{"width":1200,"height":628,"url":"https:\/\/www.eldiario.net\/portal\/wp-content\/uploads\/2023\/06\/Fabian-Freire.jpg","type":"image\/jpeg"}],"author":"Jeanette","twitter_card":"summary_large_image","twitter_creator":"@eldiario_net","twitter_site":"@eldiario_net","twitter_misc":{"Escrito por":"Jeanette","Tiempo de lectura":"4 minutos"},"schema":{"@context":"https:\/\/schema.org","@graph":[{"@type":"Article","@id":"https:\/\/www.eldiario.net\/portal\/2025\/01\/27\/respecto-al-acuerdo-de-unidad-de-la-oposicion\/#article","isPartOf":{"@id":"https:\/\/www.eldiario.net\/portal\/2025\/01\/27\/respecto-al-acuerdo-de-unidad-de-la-oposicion\/"},"author":{"name":"Jeanette","@id":"https:\/\/www.eldiario.net\/portal\/#\/schema\/person\/f46445640444750d7d753ccd04ae01b7"},"headline":"Respecto al acuerdo de unidad de la oposici\u00f3n","datePublished":"2025-01-27T10:04:30+00:00","mainEntityOfPage":{"@id":"https:\/\/www.eldiario.net\/portal\/2025\/01\/27\/respecto-al-acuerdo-de-unidad-de-la-oposicion\/"},"wordCount":720,"publisher":{"@id":"https:\/\/www.eldiario.net\/portal\/#organization"},"image":{"@id":"https:\/\/www.eldiario.net\/portal\/2025\/01\/27\/respecto-al-acuerdo-de-unidad-de-la-oposicion\/#primaryimage"},"thumbnailUrl":"https:\/\/www.eldiario.net\/portal\/wp-content\/uploads\/2023\/06\/Fabian-Freire.jpg","articleSection":["Opini\u00f3n"],"inLanguage":"es"},{"@type":"WebPage","@id":"https:\/\/www.eldiario.net\/portal\/2025\/01\/27\/respecto-al-acuerdo-de-unidad-de-la-oposicion\/","url":"https:\/\/www.eldiario.net\/portal\/2025\/01\/27\/respecto-al-acuerdo-de-unidad-de-la-oposicion\/","name":"Respecto al acuerdo de unidad de la oposici\u00f3n - El Diario - Bolivia","isPartOf":{"@id":"https:\/\/www.eldiario.net\/portal\/#website"},"primaryImageOfPage":{"@id":"https:\/\/www.eldiario.net\/portal\/2025\/01\/27\/respecto-al-acuerdo-de-unidad-de-la-oposicion\/#primaryimage"},"image":{"@id":"https:\/\/www.eldiario.net\/portal\/2025\/01\/27\/respecto-al-acuerdo-de-unidad-de-la-oposicion\/#primaryimage"},"thumbnailUrl":"https:\/\/www.eldiario.net\/portal\/wp-content\/uploads\/2023\/06\/Fabian-Freire.jpg","datePublished":"2025-01-27T10:04:30+00:00","breadcrumb":{"@id":"https:\/\/www.eldiario.net\/portal\/2025\/01\/27\/respecto-al-acuerdo-de-unidad-de-la-oposicion\/#breadcrumb"},"inLanguage":"es","potentialAction":[{"@type":"ReadAction","target":["https:\/\/www.eldiario.net\/portal\/2025\/01\/27\/respecto-al-acuerdo-de-unidad-de-la-oposicion\/"]}]},{"@type":"ImageObject","inLanguage":"es","@id":"https:\/\/www.eldiario.net\/portal\/2025\/01\/27\/respecto-al-acuerdo-de-unidad-de-la-oposicion\/#primaryimage","url":"https:\/\/www.eldiario.net\/portal\/wp-content\/uploads\/2023\/06\/Fabian-Freire.jpg","contentUrl":"https:\/\/www.eldiario.net\/portal\/wp-content\/uploads\/2023\/06\/Fabian-Freire.jpg","width":1200,"height":628,"caption":"Fabian Freire"},{"@type":"BreadcrumbList","@id":"https:\/\/www.eldiario.net\/portal\/2025\/01\/27\/respecto-al-acuerdo-de-unidad-de-la-oposicion\/#breadcrumb","itemListElement":[{"@type":"ListItem","position":1,"name":"Portada","item":"https:\/\/www.eldiario.net\/portal\/"},{"@type":"ListItem","position":2,"name":"Respecto al acuerdo de unidad de la oposici\u00f3n"}]},{"@type":"WebSite","@id":"https:\/\/www.eldiario.net\/portal\/#website","url":"https:\/\/www.eldiario.net\/portal\/","name":"El Diario - Decano de la prensa nacional","description":"El Diario - Decano de la prensa nacional","publisher":{"@id":"https:\/\/www.eldiario.net\/portal\/#organization"},"potentialAction":[{"@type":"SearchAction","target":{"@type":"EntryPoint","urlTemplate":"https:\/\/www.eldiario.net\/portal\/?s={search_term_string}"},"query-input":{"@type":"PropertyValueSpecification","valueRequired":true,"valueName":"search_term_string"}}],"inLanguage":"es"},{"@type":"Organization","@id":"https:\/\/www.eldiario.net\/portal\/#organization","name":"El Diario - Decano de la prensa nacional","url":"https:\/\/www.eldiario.net\/portal\/","logo":{"@type":"ImageObject","inLanguage":"es","@id":"https:\/\/www.eldiario.net\/portal\/#\/schema\/logo\/image\/","url":"https:\/\/www.eldiario.net\/portal\/wp-content\/uploads\/2023\/07\/logo_ED.jpg","contentUrl":"https:\/\/www.eldiario.net\/portal\/wp-content\/uploads\/2023\/07\/logo_ED.jpg","width":272,"height":52,"caption":"El Diario - Decano de la prensa nacional"},"image":{"@id":"https:\/\/www.eldiario.net\/portal\/#\/schema\/logo\/image\/"},"sameAs":["https:\/\/www.facebook.com\/eldiario.bolivia\/","https:\/\/x.com\/eldiario_net"]},{"@type":"Person","@id":"https:\/\/www.eldiario.net\/portal\/#\/schema\/person\/f46445640444750d7d753ccd04ae01b7","name":"Jeanette","image":{"@type":"ImageObject","inLanguage":"es","@id":"https:\/\/secure.gravatar.com\/avatar\/3ea2118a5f7dad2b7138b1187a6b7ee55f160b9968b66013c3a3ef39dd7e5798?s=96&d=mm&r=g","url":"https:\/\/secure.gravatar.com\/avatar\/3ea2118a5f7dad2b7138b1187a6b7ee55f160b9968b66013c3a3ef39dd7e5798?s=96&d=mm&r=g","contentUrl":"https:\/\/secure.gravatar.com\/avatar\/3ea2118a5f7dad2b7138b1187a6b7ee55f160b9968b66013c3a3ef39dd7e5798?s=96&d=mm&r=g","caption":"Jeanette"},"sameAs":["https:\/\/www.eldiario.net\/portal"],"url":"https:\/\/www.eldiario.net\/portal\/author\/jeanette\/"}]}},"_links":{"self":[{"href":"https:\/\/www.eldiario.net\/portal\/wp-json\/wp\/v2\/posts\/277461","targetHints":{"allow":["GET"]}}],"collection":[{"href":"https:\/\/www.eldiario.net\/portal\/wp-json\/wp\/v2\/posts"}],"about":[{"href":"https:\/\/www.eldiario.net\/portal\/wp-json\/wp\/v2\/types\/post"}],"author":[{"embeddable":true,"href":"https:\/\/www.eldiario.net\/portal\/wp-json\/wp\/v2\/users\/1"}],"replies":[{"embeddable":true,"href":"https:\/\/www.eldiario.net\/portal\/wp-json\/wp\/v2\/comments?post=277461"}],"version-history":[{"count":1,"href":"https:\/\/www.eldiario.net\/portal\/wp-json\/wp\/v2\/posts\/277461\/revisions"}],"predecessor-version":[{"id":277462,"href":"https:\/\/www.eldiario.net\/portal\/wp-json\/wp\/v2\/posts\/277461\/revisions\/277462"}],"wp:featuredmedia":[{"embeddable":true,"href":"https:\/\/www.eldiario.net\/portal\/wp-json\/wp\/v2\/media\/161834"}],"wp:attachment":[{"href":"https:\/\/www.eldiario.net\/portal\/wp-json\/wp\/v2\/media?parent=277461"}],"wp:term":[{"taxonomy":"category","embeddable":true,"href":"https:\/\/www.eldiario.net\/portal\/wp-json\/wp\/v2\/categories?post=277461"},{"taxonomy":"post_tag","embeddable":true,"href":"https:\/\/www.eldiario.net\/portal\/wp-json\/wp\/v2\/tags?post=277461"}],"curies":[{"name":"wp","href":"https:\/\/api.w.org\/{rel}","templated":true}]}}