{"id":277457,"date":"2025-01-27T06:03:35","date_gmt":"2025-01-27T10:03:35","guid":{"rendered":"https:\/\/www.eldiario.net\/portal\/?p=277457"},"modified":"2025-01-27T06:03:35","modified_gmt":"2025-01-27T10:03:35","slug":"indultar-a-jeanine-anez-otra-broma-de-mal-gusto","status":"publish","type":"post","link":"https:\/\/www.eldiario.net\/portal\/2025\/01\/27\/indultar-a-jeanine-anez-otra-broma-de-mal-gusto\/","title":{"rendered":"\u00bfIndultar a Jeanine A\u00f1ez? (Otra broma de mal gusto)"},"content":{"rendered":"<p>Hace alg\u00fan tiempo, el exministro de Justicia y Transparencia Institucional manifest\u00f3 que los procesos judiciales en la v\u00eda ordinaria que se le siguen a Jeanine A\u00f1ez fueron instaurados por orden de Evo Morales, quien, como todos sabemos, cuando ejerc\u00eda poder, estaba acostumbrado a \u201cmeterle nom\u00e1s\u201d, sin importarle las consecuencias de sus insensateces. Morales ten\u00eda el perfil de los dictadores: imperativo e iletrado, lo que provoc\u00f3 que el Estado boliviano perdiera muchos millones de d\u00f3lares, porque Evo nunca tuvo m\u00e1s preocupaci\u00f3n aut\u00e9ntica que por \u00e9l mismo y los placeres que el poder le daba.<br \/>\nClaro que la confesi\u00f3n de Lima no significa que se haya develado absolutamente nada, solo se estableci\u00f3 oficialmente lo que todos (incluso sus verdugos) sab\u00edan: la injusticia que se comete contra la expresidenta, a quien corresponde juzgarla en juicio de responsabilidades.<br \/>\nPor eso resulta irracional la \u201cmagn\u00e1nima\u201d propuesta del exministro, al plantear un indulto para los tres m\u00e1s visibles privados de libertad (A\u00f1ez, Camacho y Pumari), que son v\u00edctimas de un infamante sistema de justicia, cuya inacabable cadena de arbitrariedades se vio, en ya casi veinte a\u00f1os, atizada por jueces que no tienen m\u00e1s remedio que obedecer las \u00f3rdenes de sus benefactores. Si no fuera as\u00ed, nunca se habr\u00edan arrogado competencia en casos como los de A\u00f1ez, para juzgarla sabiendo que sus actos son nulos, por ser usurpadores de funciones reservadas para tribunales extraordinarios.<br \/>\nCualquier profesional del derecho sabe que el indulto es una medida de gracia de car\u00e1cter excepcional, cuya finalidad es la remisi\u00f3n total o parcial de las penas de los condenados por sentencia ejecutoriada. Efectivamente, es el perd\u00f3n concedido por quien est\u00e1 revestido de autoridad para ello. En nuestro sistema, es la CPE, que en su Art. 172, numeral 14, confiere al presidente del Estado esa facultad, con la aprobaci\u00f3n de la ALP, dejando en claro que las disposiciones de menor rango, que son procedimentales de tal instituto, son, como muchas otras normas, violatorias de la Carta Magna.<br \/>\nSi por definici\u00f3n doctrinal el indulto es aplicable a los que tienen sentencia penal condenatoria, pero adem\u00e1s ejecutoriada, el arrebato clementino de Iv\u00e1n Lima es inconducente, porque sobre ninguna de las tres personalidades pesa un fallo de esas caracter\u00edsticas. Es simple, una decisi\u00f3n presidencial de indulto para los tres reclusos importar\u00eda una impl\u00edcita condena para los beneficiarios de la medida, y esa facultad \u2014la de condenar\u2014 est\u00e1 reservada \u00fanicamente para los jueces llamados por ley. Consiguientemente, indultarlos de esa manera significar\u00eda darles un estatus jur\u00eddico de reos rematados, pero, adem\u00e1s, con la reserva del pago de todos los da\u00f1os civiles ocasionados por los delitos que se les imputa, pero que no merecieron juzgamiento ni siquiera ilegal.<br \/>\nY si doctrinalmente el indulto consiste en la extinci\u00f3n de la responsabilidad penal, se colige que lo que se perdona no es el delito, sino la pena resultante de su comisi\u00f3n. Sin embargo, ninguno de los tres encarcelados tiene una pena irrevisable; entonces \u00bfqu\u00e9 es lo que el presidente indultar\u00eda? Pero eso no es todo, un indulto, en el estado procesal en que los juicios se hallan, tambi\u00e9n supondr\u00eda que, de todas maneras, los tres estar\u00edan restringidos en algunos derechos civiles y pol\u00edticos, porque el indulto no anula los antecedentes penales, de manera que no se lo puede conceder sino con pleno conocimiento de los hechos y sus circunstancias y luego de un estudio prolijo de todas las consecuencias que de aqu\u00e9l proceden y, sobre todo, con determinaci\u00f3n expl\u00edcita de la pena que se est\u00e1 remitiendo. En el caso propuesto, el presidente Arce, \u00bfqu\u00e9 pena podr\u00eda conmutar?<br \/>\nPor \u00faltimo, ni siquiera se puede pensar en la posibilidad de que, dadas las anteriores consideraciones, los \u201cbeneficiarios\u201d de esa \u201cmisericordiosa\u201d medida puedan renunciar a ella, porque nadie puede renunciar a un derecho del que, por supuesto, no se es titular. Por todas esas inconsistencias, el indulto en el caso propuesto no se puede producir.<br \/>\nY no precisamente en homenaje al Bicentenario de la Rep\u00fablica, sino en tributo a la justicia, lo que debe hacerse es la nulidad de todos los procesos instaurados en contra de A\u00f1ez, Camacho y Pumari, que, no por la reconciliaci\u00f3n nacional y m\u00e1s bien por la conciliaci\u00f3n entre la ley y los jueces, la justicia clama.<\/p>\n<p>Augusto Vera Riveros es jurista y escritor.<\/p>\n","protected":false},"excerpt":{"rendered":"<p>Hace alg\u00fan tiempo, el exministro de Justicia y Transparencia Institucional manifest\u00f3 que los procesos judiciales en la v\u00eda ordinaria que se le siguen a Jeanine A\u00f1ez fueron instaurados por orden de Evo Morales, quien, como todos sabemos, cuando ejerc\u00eda poder, estaba acostumbrado a \u201cmeterle nom\u00e1s\u201d, sin importarle las consecuencias de sus insensateces. Morales ten\u00eda el [&hellip;]<\/p>\n","protected":false},"author":1,"featured_media":158120,"comment_status":"closed","ping_status":"open","sticky":false,"template":"","format":"standard","meta":{"_acf_changed":false,"footnotes":""},"categories":[9],"tags":[],"class_list":["post-277457","post","type-post","status-publish","format-standard","has-post-thumbnail","category-opinion"],"acf":{"antetitulo":"Contra viento y marea"},"yoast_head":"<!-- This site is optimized with the Yoast SEO plugin v28.4 - https:\/\/yoast.com\/product\/yoast-seo-wordpress\/ -->\n<title>\u00bfIndultar a Jeanine A\u00f1ez? (Otra broma de mal gusto) - El Diario - Bolivia<\/title>\n<meta name=\"robots\" content=\"index, follow, max-snippet:-1, max-image-preview:large, max-video-preview:-1\" \/>\n<link rel=\"canonical\" href=\"https:\/\/www.eldiario.net\/portal\/2025\/01\/27\/indultar-a-jeanine-anez-otra-broma-de-mal-gusto\/\" \/>\n<meta property=\"og:locale\" content=\"es_ES\" \/>\n<meta property=\"og:type\" content=\"article\" \/>\n<meta property=\"og:title\" content=\"\u00bfIndultar a Jeanine A\u00f1ez? (Otra broma de mal gusto) - El Diario - Bolivia\" \/>\n<meta property=\"og:description\" content=\"Hace alg\u00fan tiempo, el exministro de Justicia y Transparencia Institucional manifest\u00f3 que los procesos judiciales en la v\u00eda ordinaria que se le siguen a Jeanine A\u00f1ez fueron instaurados por orden de Evo Morales, quien, como todos sabemos, cuando ejerc\u00eda poder, estaba acostumbrado a \u201cmeterle nom\u00e1s\u201d, sin importarle las consecuencias de sus insensateces. Morales ten\u00eda el [&hellip;]\" \/>\n<meta property=\"og:url\" content=\"https:\/\/www.eldiario.net\/portal\/2025\/01\/27\/indultar-a-jeanine-anez-otra-broma-de-mal-gusto\/\" \/>\n<meta property=\"og:site_name\" content=\"El Diario - Bolivia\" \/>\n<meta property=\"article:publisher\" content=\"https:\/\/www.facebook.com\/eldiario.bolivia\/\" \/>\n<meta property=\"article:published_time\" content=\"2025-01-27T10:03:35+00:00\" \/>\n<meta property=\"og:image\" content=\"https:\/\/www.eldiario.net\/portal\/wp-content\/uploads\/2023\/06\/Augusto-Vera-Riveros.jpg\" \/>\n\t<meta property=\"og:image:width\" content=\"1200\" \/>\n\t<meta property=\"og:image:height\" content=\"628\" \/>\n\t<meta property=\"og:image:type\" content=\"image\/jpeg\" \/>\n<meta name=\"author\" content=\"Jeanette\" \/>\n<meta name=\"twitter:card\" content=\"summary_large_image\" \/>\n<meta name=\"twitter:creator\" content=\"@eldiario_net\" \/>\n<meta name=\"twitter:site\" content=\"@eldiario_net\" \/>\n<meta name=\"twitter:label1\" content=\"Escrito por\" \/>\n\t<meta name=\"twitter:data1\" content=\"Jeanette\" \/>\n\t<meta name=\"twitter:label2\" content=\"Tiempo de lectura\" \/>\n\t<meta name=\"twitter:data2\" content=\"4 minutos\" \/>\n<script type=\"application\/ld+json\" class=\"yoast-schema-graph\">{\"@context\":\"https:\\\/\\\/schema.org\",\"@graph\":[{\"@type\":\"Article\",\"@id\":\"https:\\\/\\\/www.eldiario.net\\\/portal\\\/2025\\\/01\\\/27\\\/indultar-a-jeanine-anez-otra-broma-de-mal-gusto\\\/#article\",\"isPartOf\":{\"@id\":\"https:\\\/\\\/www.eldiario.net\\\/portal\\\/2025\\\/01\\\/27\\\/indultar-a-jeanine-anez-otra-broma-de-mal-gusto\\\/\"},\"author\":{\"name\":\"Jeanette\",\"@id\":\"https:\\\/\\\/www.eldiario.net\\\/portal\\\/#\\\/schema\\\/person\\\/f46445640444750d7d753ccd04ae01b7\"},\"headline\":\"\u00bfIndultar a Jeanine A\u00f1ez? (Otra broma de mal gusto)\",\"datePublished\":\"2025-01-27T10:03:35+00:00\",\"mainEntityOfPage\":{\"@id\":\"https:\\\/\\\/www.eldiario.net\\\/portal\\\/2025\\\/01\\\/27\\\/indultar-a-jeanine-anez-otra-broma-de-mal-gusto\\\/\"},\"wordCount\":764,\"publisher\":{\"@id\":\"https:\\\/\\\/www.eldiario.net\\\/portal\\\/#organization\"},\"image\":{\"@id\":\"https:\\\/\\\/www.eldiario.net\\\/portal\\\/2025\\\/01\\\/27\\\/indultar-a-jeanine-anez-otra-broma-de-mal-gusto\\\/#primaryimage\"},\"thumbnailUrl\":\"https:\\\/\\\/www.eldiario.net\\\/portal\\\/wp-content\\\/uploads\\\/2023\\\/06\\\/Augusto-Vera-Riveros.jpg\",\"articleSection\":[\"Opini\u00f3n\"],\"inLanguage\":\"es\"},{\"@type\":\"WebPage\",\"@id\":\"https:\\\/\\\/www.eldiario.net\\\/portal\\\/2025\\\/01\\\/27\\\/indultar-a-jeanine-anez-otra-broma-de-mal-gusto\\\/\",\"url\":\"https:\\\/\\\/www.eldiario.net\\\/portal\\\/2025\\\/01\\\/27\\\/indultar-a-jeanine-anez-otra-broma-de-mal-gusto\\\/\",\"name\":\"\u00bfIndultar a Jeanine A\u00f1ez? (Otra broma de mal gusto) - El Diario - Bolivia\",\"isPartOf\":{\"@id\":\"https:\\\/\\\/www.eldiario.net\\\/portal\\\/#website\"},\"primaryImageOfPage\":{\"@id\":\"https:\\\/\\\/www.eldiario.net\\\/portal\\\/2025\\\/01\\\/27\\\/indultar-a-jeanine-anez-otra-broma-de-mal-gusto\\\/#primaryimage\"},\"image\":{\"@id\":\"https:\\\/\\\/www.eldiario.net\\\/portal\\\/2025\\\/01\\\/27\\\/indultar-a-jeanine-anez-otra-broma-de-mal-gusto\\\/#primaryimage\"},\"thumbnailUrl\":\"https:\\\/\\\/www.eldiario.net\\\/portal\\\/wp-content\\\/uploads\\\/2023\\\/06\\\/Augusto-Vera-Riveros.jpg\",\"datePublished\":\"2025-01-27T10:03:35+00:00\",\"breadcrumb\":{\"@id\":\"https:\\\/\\\/www.eldiario.net\\\/portal\\\/2025\\\/01\\\/27\\\/indultar-a-jeanine-anez-otra-broma-de-mal-gusto\\\/#breadcrumb\"},\"inLanguage\":\"es\",\"potentialAction\":[{\"@type\":\"ReadAction\",\"target\":[\"https:\\\/\\\/www.eldiario.net\\\/portal\\\/2025\\\/01\\\/27\\\/indultar-a-jeanine-anez-otra-broma-de-mal-gusto\\\/\"]}]},{\"@type\":\"ImageObject\",\"inLanguage\":\"es\",\"@id\":\"https:\\\/\\\/www.eldiario.net\\\/portal\\\/2025\\\/01\\\/27\\\/indultar-a-jeanine-anez-otra-broma-de-mal-gusto\\\/#primaryimage\",\"url\":\"https:\\\/\\\/www.eldiario.net\\\/portal\\\/wp-content\\\/uploads\\\/2023\\\/06\\\/Augusto-Vera-Riveros.jpg\",\"contentUrl\":\"https:\\\/\\\/www.eldiario.net\\\/portal\\\/wp-content\\\/uploads\\\/2023\\\/06\\\/Augusto-Vera-Riveros.jpg\",\"width\":1200,\"height\":628},{\"@type\":\"BreadcrumbList\",\"@id\":\"https:\\\/\\\/www.eldiario.net\\\/portal\\\/2025\\\/01\\\/27\\\/indultar-a-jeanine-anez-otra-broma-de-mal-gusto\\\/#breadcrumb\",\"itemListElement\":[{\"@type\":\"ListItem\",\"position\":1,\"name\":\"Portada\",\"item\":\"https:\\\/\\\/www.eldiario.net\\\/portal\\\/\"},{\"@type\":\"ListItem\",\"position\":2,\"name\":\"\u00bfIndultar a Jeanine A\u00f1ez? (Otra broma de mal gusto)\"}]},{\"@type\":\"WebSite\",\"@id\":\"https:\\\/\\\/www.eldiario.net\\\/portal\\\/#website\",\"url\":\"https:\\\/\\\/www.eldiario.net\\\/portal\\\/\",\"name\":\"El Diario - Decano de la prensa nacional\",\"description\":\"El Diario - Decano de la prensa nacional\",\"publisher\":{\"@id\":\"https:\\\/\\\/www.eldiario.net\\\/portal\\\/#organization\"},\"potentialAction\":[{\"@type\":\"SearchAction\",\"target\":{\"@type\":\"EntryPoint\",\"urlTemplate\":\"https:\\\/\\\/www.eldiario.net\\\/portal\\\/?s={search_term_string}\"},\"query-input\":{\"@type\":\"PropertyValueSpecification\",\"valueRequired\":true,\"valueName\":\"search_term_string\"}}],\"inLanguage\":\"es\"},{\"@type\":\"Organization\",\"@id\":\"https:\\\/\\\/www.eldiario.net\\\/portal\\\/#organization\",\"name\":\"El Diario - Decano de la prensa nacional\",\"url\":\"https:\\\/\\\/www.eldiario.net\\\/portal\\\/\",\"logo\":{\"@type\":\"ImageObject\",\"inLanguage\":\"es\",\"@id\":\"https:\\\/\\\/www.eldiario.net\\\/portal\\\/#\\\/schema\\\/logo\\\/image\\\/\",\"url\":\"https:\\\/\\\/www.eldiario.net\\\/portal\\\/wp-content\\\/uploads\\\/2023\\\/07\\\/logo_ED.jpg\",\"contentUrl\":\"https:\\\/\\\/www.eldiario.net\\\/portal\\\/wp-content\\\/uploads\\\/2023\\\/07\\\/logo_ED.jpg\",\"width\":272,\"height\":52,\"caption\":\"El Diario - Decano de la prensa nacional\"},\"image\":{\"@id\":\"https:\\\/\\\/www.eldiario.net\\\/portal\\\/#\\\/schema\\\/logo\\\/image\\\/\"},\"sameAs\":[\"https:\\\/\\\/www.facebook.com\\\/eldiario.bolivia\\\/\",\"https:\\\/\\\/x.com\\\/eldiario_net\"]},{\"@type\":\"Person\",\"@id\":\"https:\\\/\\\/www.eldiario.net\\\/portal\\\/#\\\/schema\\\/person\\\/f46445640444750d7d753ccd04ae01b7\",\"name\":\"Jeanette\",\"image\":{\"@type\":\"ImageObject\",\"inLanguage\":\"es\",\"@id\":\"https:\\\/\\\/secure.gravatar.com\\\/avatar\\\/3ea2118a5f7dad2b7138b1187a6b7ee55f160b9968b66013c3a3ef39dd7e5798?s=96&d=mm&r=g\",\"url\":\"https:\\\/\\\/secure.gravatar.com\\\/avatar\\\/3ea2118a5f7dad2b7138b1187a6b7ee55f160b9968b66013c3a3ef39dd7e5798?s=96&d=mm&r=g\",\"contentUrl\":\"https:\\\/\\\/secure.gravatar.com\\\/avatar\\\/3ea2118a5f7dad2b7138b1187a6b7ee55f160b9968b66013c3a3ef39dd7e5798?s=96&d=mm&r=g\",\"caption\":\"Jeanette\"},\"sameAs\":[\"https:\\\/\\\/www.eldiario.net\\\/portal\"],\"url\":\"https:\\\/\\\/www.eldiario.net\\\/portal\\\/author\\\/jeanette\\\/\"}]}<\/script>\n<!-- \/ Yoast SEO plugin. -->","yoast_head_json":{"title":"\u00bfIndultar a Jeanine A\u00f1ez? (Otra broma de mal gusto) - El Diario - Bolivia","robots":{"index":"index","follow":"follow","max-snippet":"max-snippet:-1","max-image-preview":"max-image-preview:large","max-video-preview":"max-video-preview:-1"},"canonical":"https:\/\/www.eldiario.net\/portal\/2025\/01\/27\/indultar-a-jeanine-anez-otra-broma-de-mal-gusto\/","og_locale":"es_ES","og_type":"article","og_title":"\u00bfIndultar a Jeanine A\u00f1ez? (Otra broma de mal gusto) - El Diario - Bolivia","og_description":"Hace alg\u00fan tiempo, el exministro de Justicia y Transparencia Institucional manifest\u00f3 que los procesos judiciales en la v\u00eda ordinaria que se le siguen a Jeanine A\u00f1ez fueron instaurados por orden de Evo Morales, quien, como todos sabemos, cuando ejerc\u00eda poder, estaba acostumbrado a \u201cmeterle nom\u00e1s\u201d, sin importarle las consecuencias de sus insensateces. Morales ten\u00eda el [&hellip;]","og_url":"https:\/\/www.eldiario.net\/portal\/2025\/01\/27\/indultar-a-jeanine-anez-otra-broma-de-mal-gusto\/","og_site_name":"El Diario - Bolivia","article_publisher":"https:\/\/www.facebook.com\/eldiario.bolivia\/","article_published_time":"2025-01-27T10:03:35+00:00","og_image":[{"width":1200,"height":628,"url":"https:\/\/www.eldiario.net\/portal\/wp-content\/uploads\/2023\/06\/Augusto-Vera-Riveros.jpg","type":"image\/jpeg"}],"author":"Jeanette","twitter_card":"summary_large_image","twitter_creator":"@eldiario_net","twitter_site":"@eldiario_net","twitter_misc":{"Escrito por":"Jeanette","Tiempo de lectura":"4 minutos"},"schema":{"@context":"https:\/\/schema.org","@graph":[{"@type":"Article","@id":"https:\/\/www.eldiario.net\/portal\/2025\/01\/27\/indultar-a-jeanine-anez-otra-broma-de-mal-gusto\/#article","isPartOf":{"@id":"https:\/\/www.eldiario.net\/portal\/2025\/01\/27\/indultar-a-jeanine-anez-otra-broma-de-mal-gusto\/"},"author":{"name":"Jeanette","@id":"https:\/\/www.eldiario.net\/portal\/#\/schema\/person\/f46445640444750d7d753ccd04ae01b7"},"headline":"\u00bfIndultar a Jeanine A\u00f1ez? (Otra broma de mal gusto)","datePublished":"2025-01-27T10:03:35+00:00","mainEntityOfPage":{"@id":"https:\/\/www.eldiario.net\/portal\/2025\/01\/27\/indultar-a-jeanine-anez-otra-broma-de-mal-gusto\/"},"wordCount":764,"publisher":{"@id":"https:\/\/www.eldiario.net\/portal\/#organization"},"image":{"@id":"https:\/\/www.eldiario.net\/portal\/2025\/01\/27\/indultar-a-jeanine-anez-otra-broma-de-mal-gusto\/#primaryimage"},"thumbnailUrl":"https:\/\/www.eldiario.net\/portal\/wp-content\/uploads\/2023\/06\/Augusto-Vera-Riveros.jpg","articleSection":["Opini\u00f3n"],"inLanguage":"es"},{"@type":"WebPage","@id":"https:\/\/www.eldiario.net\/portal\/2025\/01\/27\/indultar-a-jeanine-anez-otra-broma-de-mal-gusto\/","url":"https:\/\/www.eldiario.net\/portal\/2025\/01\/27\/indultar-a-jeanine-anez-otra-broma-de-mal-gusto\/","name":"\u00bfIndultar a Jeanine A\u00f1ez? (Otra broma de mal gusto) - El Diario - Bolivia","isPartOf":{"@id":"https:\/\/www.eldiario.net\/portal\/#website"},"primaryImageOfPage":{"@id":"https:\/\/www.eldiario.net\/portal\/2025\/01\/27\/indultar-a-jeanine-anez-otra-broma-de-mal-gusto\/#primaryimage"},"image":{"@id":"https:\/\/www.eldiario.net\/portal\/2025\/01\/27\/indultar-a-jeanine-anez-otra-broma-de-mal-gusto\/#primaryimage"},"thumbnailUrl":"https:\/\/www.eldiario.net\/portal\/wp-content\/uploads\/2023\/06\/Augusto-Vera-Riveros.jpg","datePublished":"2025-01-27T10:03:35+00:00","breadcrumb":{"@id":"https:\/\/www.eldiario.net\/portal\/2025\/01\/27\/indultar-a-jeanine-anez-otra-broma-de-mal-gusto\/#breadcrumb"},"inLanguage":"es","potentialAction":[{"@type":"ReadAction","target":["https:\/\/www.eldiario.net\/portal\/2025\/01\/27\/indultar-a-jeanine-anez-otra-broma-de-mal-gusto\/"]}]},{"@type":"ImageObject","inLanguage":"es","@id":"https:\/\/www.eldiario.net\/portal\/2025\/01\/27\/indultar-a-jeanine-anez-otra-broma-de-mal-gusto\/#primaryimage","url":"https:\/\/www.eldiario.net\/portal\/wp-content\/uploads\/2023\/06\/Augusto-Vera-Riveros.jpg","contentUrl":"https:\/\/www.eldiario.net\/portal\/wp-content\/uploads\/2023\/06\/Augusto-Vera-Riveros.jpg","width":1200,"height":628},{"@type":"BreadcrumbList","@id":"https:\/\/www.eldiario.net\/portal\/2025\/01\/27\/indultar-a-jeanine-anez-otra-broma-de-mal-gusto\/#breadcrumb","itemListElement":[{"@type":"ListItem","position":1,"name":"Portada","item":"https:\/\/www.eldiario.net\/portal\/"},{"@type":"ListItem","position":2,"name":"\u00bfIndultar a Jeanine A\u00f1ez? (Otra broma de mal gusto)"}]},{"@type":"WebSite","@id":"https:\/\/www.eldiario.net\/portal\/#website","url":"https:\/\/www.eldiario.net\/portal\/","name":"El Diario - Decano de la prensa nacional","description":"El Diario - Decano de la prensa nacional","publisher":{"@id":"https:\/\/www.eldiario.net\/portal\/#organization"},"potentialAction":[{"@type":"SearchAction","target":{"@type":"EntryPoint","urlTemplate":"https:\/\/www.eldiario.net\/portal\/?s={search_term_string}"},"query-input":{"@type":"PropertyValueSpecification","valueRequired":true,"valueName":"search_term_string"}}],"inLanguage":"es"},{"@type":"Organization","@id":"https:\/\/www.eldiario.net\/portal\/#organization","name":"El Diario - Decano de la prensa nacional","url":"https:\/\/www.eldiario.net\/portal\/","logo":{"@type":"ImageObject","inLanguage":"es","@id":"https:\/\/www.eldiario.net\/portal\/#\/schema\/logo\/image\/","url":"https:\/\/www.eldiario.net\/portal\/wp-content\/uploads\/2023\/07\/logo_ED.jpg","contentUrl":"https:\/\/www.eldiario.net\/portal\/wp-content\/uploads\/2023\/07\/logo_ED.jpg","width":272,"height":52,"caption":"El Diario - Decano de la prensa nacional"},"image":{"@id":"https:\/\/www.eldiario.net\/portal\/#\/schema\/logo\/image\/"},"sameAs":["https:\/\/www.facebook.com\/eldiario.bolivia\/","https:\/\/x.com\/eldiario_net"]},{"@type":"Person","@id":"https:\/\/www.eldiario.net\/portal\/#\/schema\/person\/f46445640444750d7d753ccd04ae01b7","name":"Jeanette","image":{"@type":"ImageObject","inLanguage":"es","@id":"https:\/\/secure.gravatar.com\/avatar\/3ea2118a5f7dad2b7138b1187a6b7ee55f160b9968b66013c3a3ef39dd7e5798?s=96&d=mm&r=g","url":"https:\/\/secure.gravatar.com\/avatar\/3ea2118a5f7dad2b7138b1187a6b7ee55f160b9968b66013c3a3ef39dd7e5798?s=96&d=mm&r=g","contentUrl":"https:\/\/secure.gravatar.com\/avatar\/3ea2118a5f7dad2b7138b1187a6b7ee55f160b9968b66013c3a3ef39dd7e5798?s=96&d=mm&r=g","caption":"Jeanette"},"sameAs":["https:\/\/www.eldiario.net\/portal"],"url":"https:\/\/www.eldiario.net\/portal\/author\/jeanette\/"}]}},"_links":{"self":[{"href":"https:\/\/www.eldiario.net\/portal\/wp-json\/wp\/v2\/posts\/277457","targetHints":{"allow":["GET"]}}],"collection":[{"href":"https:\/\/www.eldiario.net\/portal\/wp-json\/wp\/v2\/posts"}],"about":[{"href":"https:\/\/www.eldiario.net\/portal\/wp-json\/wp\/v2\/types\/post"}],"author":[{"embeddable":true,"href":"https:\/\/www.eldiario.net\/portal\/wp-json\/wp\/v2\/users\/1"}],"replies":[{"embeddable":true,"href":"https:\/\/www.eldiario.net\/portal\/wp-json\/wp\/v2\/comments?post=277457"}],"version-history":[{"count":1,"href":"https:\/\/www.eldiario.net\/portal\/wp-json\/wp\/v2\/posts\/277457\/revisions"}],"predecessor-version":[{"id":277458,"href":"https:\/\/www.eldiario.net\/portal\/wp-json\/wp\/v2\/posts\/277457\/revisions\/277458"}],"wp:featuredmedia":[{"embeddable":true,"href":"https:\/\/www.eldiario.net\/portal\/wp-json\/wp\/v2\/media\/158120"}],"wp:attachment":[{"href":"https:\/\/www.eldiario.net\/portal\/wp-json\/wp\/v2\/media?parent=277457"}],"wp:term":[{"taxonomy":"category","embeddable":true,"href":"https:\/\/www.eldiario.net\/portal\/wp-json\/wp\/v2\/categories?post=277457"},{"taxonomy":"post_tag","embeddable":true,"href":"https:\/\/www.eldiario.net\/portal\/wp-json\/wp\/v2\/tags?post=277457"}],"curies":[{"name":"wp","href":"https:\/\/api.w.org\/{rel}","templated":true}]}}