{"id":277455,"date":"2025-01-27T06:03:11","date_gmt":"2025-01-27T10:03:11","guid":{"rendered":"https:\/\/www.eldiario.net\/portal\/?p=277455"},"modified":"2025-01-27T06:03:11","modified_gmt":"2025-01-27T10:03:11","slug":"dictadura-gubernamental","status":"publish","type":"post","link":"https:\/\/www.eldiario.net\/portal\/2025\/01\/27\/dictadura-gubernamental\/","title":{"rendered":"Dictadura gubernamental"},"content":{"rendered":"<p>Para alguna gente que se apart\u00f3 del tronco matriz del partido oficialista habr\u00eda una dictadura gubernamental en Bolivia. Una persecuci\u00f3n pol\u00edtica con la consiguiente conculcaci\u00f3n de la libertad. Posibles hechos de corrupci\u00f3n. Por el af\u00e1n de perpetuarse en el ejecutivo. La tendencia a derechizar el instrumento pol\u00edtico de los movimientos sociales. Posiblemente esa gente respira por la herida por cuanto fue echada de las altas esferas de la administraci\u00f3n p\u00fablica. Hasta hace poco era parte activa del esquema actual. Porque uno de sus prominentes economistas ocupaba la Presidencia. Socialistas hasta los \u201ctu\u00e9tanos\u201d. Ahora ya no tienen poder. Est\u00e1n en el llano. Pero con la diferencia de que se enriquecieron en los gobiernos de turno desde el 2006 y son responsables, por lo tanto, de la situaci\u00f3n econ\u00f3mica adversa actual. De la desaparici\u00f3n del d\u00f3lar, de la escasez del di\u00e9sel y del elevado costo de la canasta familiar. Nadie pretenda lavarse las manos ante las pr\u00f3ximas elecciones generales. Nadie tiene la conciencia tranquila, por los excesos y desaciertos.<br \/>\nLa experiencia adquirida en el pasado les inspir\u00f3 a sustentar tales argumentos. Desconocieron en la gesti\u00f3n gubernamental que les toc\u00f3 administrar, el principio de la libertad y encarcelaron a quienes reiteraron su postura democr\u00e1tica. Emulando a los reg\u00edmenes totalitarios de la regi\u00f3n. Ellos entonces pose\u00edan la vara alta y pod\u00edan definir la suerte de sus adversarios. Y que no vengan con el cuento \u201cde que yo no sab\u00eda\u201d. El prop\u00f3sito fue silenciarlos, a fin de evitar los cuestionamientos. De lograr la v\u00eda expedita para imponer el modelo pol\u00edtico de contenido socialista, que es ant\u00edtesis de la libre empresa. Por ese cometido manipularon inclusive a ciertos operadores de la justicia. Compraron conciencias de algunos dirigentes sociales, cuyas bases tienen ahora la canasta familiar casi vac\u00eda, por el elevado costo.<br \/>\nPisotearon la voluntad del soberano con un escandaloso fraude electoral. Hecho cuestionado por organismos internacionales. El objetivo fue eternizarse en el gobierno a como d\u00e9 lugar. Posiblemente cometieron ese desprop\u00f3sito con el asesoramiento de los dictadores latinoamericanos que sometieron a raci\u00f3n de pan y agua a sus pueblos. Es que hicieron migas con ellos, inspirados en el proyecto del socialismo Siglo XXI. En particular con el aut\u00f3crata chavista que reprime brutalmente a su pueblo, para perpetuarse en el gobierno.<br \/>\nDe ah\u00ed que el chavismo en el Poder genera suspicacia no s\u00f3lo en la regi\u00f3n sino en el mundo. En el pa\u00eds tambi\u00e9n. Por su connotaci\u00f3n dictatorial que vulnera los derechos humanos y la praxis democr\u00e1tica. Sus tent\u00e1culos son capaces de someter ideol\u00f3gica y econ\u00f3micamente a los pueblos d\u00e9biles y con escasos ingresos. Entretanto, el chavismo se mantenga en el gobierno, tanto m\u00e1s es probable la injerencia en asuntos internos de naciones latinoamericanas. La susceptibilidad se ratifica a ra\u00edz de que algunos gobiernos reiteraron su afinidad ideol\u00f3gica con aqu\u00e9l.<br \/>\nEn suma: los dem\u00f3cratas del continente jam\u00e1s se aliar\u00e1n con quienes asumieron actitudes totalitarias.<\/p>\n","protected":false},"excerpt":{"rendered":"<p>Para alguna gente que se apart\u00f3 del tronco matriz del partido oficialista habr\u00eda una dictadura gubernamental en Bolivia. Una persecuci\u00f3n pol\u00edtica con la consiguiente conculcaci\u00f3n de la libertad. Posibles hechos de corrupci\u00f3n. Por el af\u00e1n de perpetuarse en el ejecutivo. La tendencia a derechizar el instrumento pol\u00edtico de los movimientos sociales. Posiblemente esa gente respira [&hellip;]<\/p>\n","protected":false},"author":1,"featured_media":158618,"comment_status":"closed","ping_status":"open","sticky":false,"template":"","format":"standard","meta":{"_acf_changed":false,"footnotes":""},"categories":[9],"tags":[],"class_list":["post-277455","post","type-post","status-publish","format-standard","has-post-thumbnail","category-opinion"],"acf":{"antetitulo":""},"yoast_head":"<!-- This site is optimized with the Yoast SEO plugin v28.4 - https:\/\/yoast.com\/product\/yoast-seo-wordpress\/ -->\n<title>Dictadura gubernamental - El Diario - Bolivia<\/title>\n<meta name=\"robots\" content=\"index, follow, max-snippet:-1, max-image-preview:large, max-video-preview:-1\" \/>\n<link rel=\"canonical\" href=\"https:\/\/www.eldiario.net\/portal\/2025\/01\/27\/dictadura-gubernamental\/\" \/>\n<meta property=\"og:locale\" content=\"es_ES\" \/>\n<meta property=\"og:type\" content=\"article\" \/>\n<meta property=\"og:title\" content=\"Dictadura gubernamental - El Diario - Bolivia\" \/>\n<meta property=\"og:description\" content=\"Para alguna gente que se apart\u00f3 del tronco matriz del partido oficialista habr\u00eda una dictadura gubernamental en Bolivia. Una persecuci\u00f3n pol\u00edtica con la consiguiente conculcaci\u00f3n de la libertad. Posibles hechos de corrupci\u00f3n. Por el af\u00e1n de perpetuarse en el ejecutivo. La tendencia a derechizar el instrumento pol\u00edtico de los movimientos sociales. Posiblemente esa gente respira [&hellip;]\" \/>\n<meta property=\"og:url\" content=\"https:\/\/www.eldiario.net\/portal\/2025\/01\/27\/dictadura-gubernamental\/\" \/>\n<meta property=\"og:site_name\" content=\"El Diario - Bolivia\" \/>\n<meta property=\"article:publisher\" content=\"https:\/\/www.facebook.com\/eldiario.bolivia\/\" \/>\n<meta property=\"article:published_time\" content=\"2025-01-27T10:03:11+00:00\" \/>\n<meta property=\"og:image\" content=\"https:\/\/www.eldiario.net\/portal\/wp-content\/uploads\/2023\/06\/Severo-Cruz-1.jpg\" \/>\n\t<meta property=\"og:image:width\" content=\"1200\" \/>\n\t<meta property=\"og:image:height\" content=\"628\" \/>\n\t<meta property=\"og:image:type\" content=\"image\/jpeg\" \/>\n<meta name=\"author\" content=\"Jeanette\" \/>\n<meta name=\"twitter:card\" content=\"summary_large_image\" \/>\n<meta name=\"twitter:creator\" content=\"@eldiario_net\" \/>\n<meta name=\"twitter:site\" content=\"@eldiario_net\" \/>\n<meta name=\"twitter:label1\" content=\"Escrito por\" \/>\n\t<meta name=\"twitter:data1\" content=\"Jeanette\" \/>\n\t<meta name=\"twitter:label2\" content=\"Tiempo de lectura\" \/>\n\t<meta name=\"twitter:data2\" content=\"3 minutos\" \/>\n<script type=\"application\/ld+json\" class=\"yoast-schema-graph\">{\"@context\":\"https:\\\/\\\/schema.org\",\"@graph\":[{\"@type\":\"Article\",\"@id\":\"https:\\\/\\\/www.eldiario.net\\\/portal\\\/2025\\\/01\\\/27\\\/dictadura-gubernamental\\\/#article\",\"isPartOf\":{\"@id\":\"https:\\\/\\\/www.eldiario.net\\\/portal\\\/2025\\\/01\\\/27\\\/dictadura-gubernamental\\\/\"},\"author\":{\"name\":\"Jeanette\",\"@id\":\"https:\\\/\\\/www.eldiario.net\\\/portal\\\/#\\\/schema\\\/person\\\/f46445640444750d7d753ccd04ae01b7\"},\"headline\":\"Dictadura gubernamental\",\"datePublished\":\"2025-01-27T10:03:11+00:00\",\"mainEntityOfPage\":{\"@id\":\"https:\\\/\\\/www.eldiario.net\\\/portal\\\/2025\\\/01\\\/27\\\/dictadura-gubernamental\\\/\"},\"wordCount\":527,\"publisher\":{\"@id\":\"https:\\\/\\\/www.eldiario.net\\\/portal\\\/#organization\"},\"image\":{\"@id\":\"https:\\\/\\\/www.eldiario.net\\\/portal\\\/2025\\\/01\\\/27\\\/dictadura-gubernamental\\\/#primaryimage\"},\"thumbnailUrl\":\"https:\\\/\\\/www.eldiario.net\\\/portal\\\/wp-content\\\/uploads\\\/2023\\\/06\\\/Severo-Cruz-1.jpg\",\"articleSection\":[\"Opini\u00f3n\"],\"inLanguage\":\"es\"},{\"@type\":\"WebPage\",\"@id\":\"https:\\\/\\\/www.eldiario.net\\\/portal\\\/2025\\\/01\\\/27\\\/dictadura-gubernamental\\\/\",\"url\":\"https:\\\/\\\/www.eldiario.net\\\/portal\\\/2025\\\/01\\\/27\\\/dictadura-gubernamental\\\/\",\"name\":\"Dictadura gubernamental - El Diario - Bolivia\",\"isPartOf\":{\"@id\":\"https:\\\/\\\/www.eldiario.net\\\/portal\\\/#website\"},\"primaryImageOfPage\":{\"@id\":\"https:\\\/\\\/www.eldiario.net\\\/portal\\\/2025\\\/01\\\/27\\\/dictadura-gubernamental\\\/#primaryimage\"},\"image\":{\"@id\":\"https:\\\/\\\/www.eldiario.net\\\/portal\\\/2025\\\/01\\\/27\\\/dictadura-gubernamental\\\/#primaryimage\"},\"thumbnailUrl\":\"https:\\\/\\\/www.eldiario.net\\\/portal\\\/wp-content\\\/uploads\\\/2023\\\/06\\\/Severo-Cruz-1.jpg\",\"datePublished\":\"2025-01-27T10:03:11+00:00\",\"breadcrumb\":{\"@id\":\"https:\\\/\\\/www.eldiario.net\\\/portal\\\/2025\\\/01\\\/27\\\/dictadura-gubernamental\\\/#breadcrumb\"},\"inLanguage\":\"es\",\"potentialAction\":[{\"@type\":\"ReadAction\",\"target\":[\"https:\\\/\\\/www.eldiario.net\\\/portal\\\/2025\\\/01\\\/27\\\/dictadura-gubernamental\\\/\"]}]},{\"@type\":\"ImageObject\",\"inLanguage\":\"es\",\"@id\":\"https:\\\/\\\/www.eldiario.net\\\/portal\\\/2025\\\/01\\\/27\\\/dictadura-gubernamental\\\/#primaryimage\",\"url\":\"https:\\\/\\\/www.eldiario.net\\\/portal\\\/wp-content\\\/uploads\\\/2023\\\/06\\\/Severo-Cruz-1.jpg\",\"contentUrl\":\"https:\\\/\\\/www.eldiario.net\\\/portal\\\/wp-content\\\/uploads\\\/2023\\\/06\\\/Severo-Cruz-1.jpg\",\"width\":1200,\"height\":628,\"caption\":\"Severo Cruz Selaez\"},{\"@type\":\"BreadcrumbList\",\"@id\":\"https:\\\/\\\/www.eldiario.net\\\/portal\\\/2025\\\/01\\\/27\\\/dictadura-gubernamental\\\/#breadcrumb\",\"itemListElement\":[{\"@type\":\"ListItem\",\"position\":1,\"name\":\"Portada\",\"item\":\"https:\\\/\\\/www.eldiario.net\\\/portal\\\/\"},{\"@type\":\"ListItem\",\"position\":2,\"name\":\"Dictadura gubernamental\"}]},{\"@type\":\"WebSite\",\"@id\":\"https:\\\/\\\/www.eldiario.net\\\/portal\\\/#website\",\"url\":\"https:\\\/\\\/www.eldiario.net\\\/portal\\\/\",\"name\":\"El Diario - Decano de la prensa nacional\",\"description\":\"El Diario - Decano de la prensa nacional\",\"publisher\":{\"@id\":\"https:\\\/\\\/www.eldiario.net\\\/portal\\\/#organization\"},\"potentialAction\":[{\"@type\":\"SearchAction\",\"target\":{\"@type\":\"EntryPoint\",\"urlTemplate\":\"https:\\\/\\\/www.eldiario.net\\\/portal\\\/?s={search_term_string}\"},\"query-input\":{\"@type\":\"PropertyValueSpecification\",\"valueRequired\":true,\"valueName\":\"search_term_string\"}}],\"inLanguage\":\"es\"},{\"@type\":\"Organization\",\"@id\":\"https:\\\/\\\/www.eldiario.net\\\/portal\\\/#organization\",\"name\":\"El Diario - Decano de la prensa nacional\",\"url\":\"https:\\\/\\\/www.eldiario.net\\\/portal\\\/\",\"logo\":{\"@type\":\"ImageObject\",\"inLanguage\":\"es\",\"@id\":\"https:\\\/\\\/www.eldiario.net\\\/portal\\\/#\\\/schema\\\/logo\\\/image\\\/\",\"url\":\"https:\\\/\\\/www.eldiario.net\\\/portal\\\/wp-content\\\/uploads\\\/2023\\\/07\\\/logo_ED.jpg\",\"contentUrl\":\"https:\\\/\\\/www.eldiario.net\\\/portal\\\/wp-content\\\/uploads\\\/2023\\\/07\\\/logo_ED.jpg\",\"width\":272,\"height\":52,\"caption\":\"El Diario - Decano de la prensa nacional\"},\"image\":{\"@id\":\"https:\\\/\\\/www.eldiario.net\\\/portal\\\/#\\\/schema\\\/logo\\\/image\\\/\"},\"sameAs\":[\"https:\\\/\\\/www.facebook.com\\\/eldiario.bolivia\\\/\",\"https:\\\/\\\/x.com\\\/eldiario_net\"]},{\"@type\":\"Person\",\"@id\":\"https:\\\/\\\/www.eldiario.net\\\/portal\\\/#\\\/schema\\\/person\\\/f46445640444750d7d753ccd04ae01b7\",\"name\":\"Jeanette\",\"image\":{\"@type\":\"ImageObject\",\"inLanguage\":\"es\",\"@id\":\"https:\\\/\\\/secure.gravatar.com\\\/avatar\\\/3ea2118a5f7dad2b7138b1187a6b7ee55f160b9968b66013c3a3ef39dd7e5798?s=96&d=mm&r=g\",\"url\":\"https:\\\/\\\/secure.gravatar.com\\\/avatar\\\/3ea2118a5f7dad2b7138b1187a6b7ee55f160b9968b66013c3a3ef39dd7e5798?s=96&d=mm&r=g\",\"contentUrl\":\"https:\\\/\\\/secure.gravatar.com\\\/avatar\\\/3ea2118a5f7dad2b7138b1187a6b7ee55f160b9968b66013c3a3ef39dd7e5798?s=96&d=mm&r=g\",\"caption\":\"Jeanette\"},\"sameAs\":[\"https:\\\/\\\/www.eldiario.net\\\/portal\"],\"url\":\"https:\\\/\\\/www.eldiario.net\\\/portal\\\/author\\\/jeanette\\\/\"}]}<\/script>\n<!-- \/ Yoast SEO plugin. -->","yoast_head_json":{"title":"Dictadura gubernamental - El Diario - Bolivia","robots":{"index":"index","follow":"follow","max-snippet":"max-snippet:-1","max-image-preview":"max-image-preview:large","max-video-preview":"max-video-preview:-1"},"canonical":"https:\/\/www.eldiario.net\/portal\/2025\/01\/27\/dictadura-gubernamental\/","og_locale":"es_ES","og_type":"article","og_title":"Dictadura gubernamental - El Diario - Bolivia","og_description":"Para alguna gente que se apart\u00f3 del tronco matriz del partido oficialista habr\u00eda una dictadura gubernamental en Bolivia. Una persecuci\u00f3n pol\u00edtica con la consiguiente conculcaci\u00f3n de la libertad. Posibles hechos de corrupci\u00f3n. Por el af\u00e1n de perpetuarse en el ejecutivo. La tendencia a derechizar el instrumento pol\u00edtico de los movimientos sociales. Posiblemente esa gente respira [&hellip;]","og_url":"https:\/\/www.eldiario.net\/portal\/2025\/01\/27\/dictadura-gubernamental\/","og_site_name":"El Diario - Bolivia","article_publisher":"https:\/\/www.facebook.com\/eldiario.bolivia\/","article_published_time":"2025-01-27T10:03:11+00:00","og_image":[{"width":1200,"height":628,"url":"https:\/\/www.eldiario.net\/portal\/wp-content\/uploads\/2023\/06\/Severo-Cruz-1.jpg","type":"image\/jpeg"}],"author":"Jeanette","twitter_card":"summary_large_image","twitter_creator":"@eldiario_net","twitter_site":"@eldiario_net","twitter_misc":{"Escrito por":"Jeanette","Tiempo de lectura":"3 minutos"},"schema":{"@context":"https:\/\/schema.org","@graph":[{"@type":"Article","@id":"https:\/\/www.eldiario.net\/portal\/2025\/01\/27\/dictadura-gubernamental\/#article","isPartOf":{"@id":"https:\/\/www.eldiario.net\/portal\/2025\/01\/27\/dictadura-gubernamental\/"},"author":{"name":"Jeanette","@id":"https:\/\/www.eldiario.net\/portal\/#\/schema\/person\/f46445640444750d7d753ccd04ae01b7"},"headline":"Dictadura gubernamental","datePublished":"2025-01-27T10:03:11+00:00","mainEntityOfPage":{"@id":"https:\/\/www.eldiario.net\/portal\/2025\/01\/27\/dictadura-gubernamental\/"},"wordCount":527,"publisher":{"@id":"https:\/\/www.eldiario.net\/portal\/#organization"},"image":{"@id":"https:\/\/www.eldiario.net\/portal\/2025\/01\/27\/dictadura-gubernamental\/#primaryimage"},"thumbnailUrl":"https:\/\/www.eldiario.net\/portal\/wp-content\/uploads\/2023\/06\/Severo-Cruz-1.jpg","articleSection":["Opini\u00f3n"],"inLanguage":"es"},{"@type":"WebPage","@id":"https:\/\/www.eldiario.net\/portal\/2025\/01\/27\/dictadura-gubernamental\/","url":"https:\/\/www.eldiario.net\/portal\/2025\/01\/27\/dictadura-gubernamental\/","name":"Dictadura gubernamental - El Diario - Bolivia","isPartOf":{"@id":"https:\/\/www.eldiario.net\/portal\/#website"},"primaryImageOfPage":{"@id":"https:\/\/www.eldiario.net\/portal\/2025\/01\/27\/dictadura-gubernamental\/#primaryimage"},"image":{"@id":"https:\/\/www.eldiario.net\/portal\/2025\/01\/27\/dictadura-gubernamental\/#primaryimage"},"thumbnailUrl":"https:\/\/www.eldiario.net\/portal\/wp-content\/uploads\/2023\/06\/Severo-Cruz-1.jpg","datePublished":"2025-01-27T10:03:11+00:00","breadcrumb":{"@id":"https:\/\/www.eldiario.net\/portal\/2025\/01\/27\/dictadura-gubernamental\/#breadcrumb"},"inLanguage":"es","potentialAction":[{"@type":"ReadAction","target":["https:\/\/www.eldiario.net\/portal\/2025\/01\/27\/dictadura-gubernamental\/"]}]},{"@type":"ImageObject","inLanguage":"es","@id":"https:\/\/www.eldiario.net\/portal\/2025\/01\/27\/dictadura-gubernamental\/#primaryimage","url":"https:\/\/www.eldiario.net\/portal\/wp-content\/uploads\/2023\/06\/Severo-Cruz-1.jpg","contentUrl":"https:\/\/www.eldiario.net\/portal\/wp-content\/uploads\/2023\/06\/Severo-Cruz-1.jpg","width":1200,"height":628,"caption":"Severo Cruz Selaez"},{"@type":"BreadcrumbList","@id":"https:\/\/www.eldiario.net\/portal\/2025\/01\/27\/dictadura-gubernamental\/#breadcrumb","itemListElement":[{"@type":"ListItem","position":1,"name":"Portada","item":"https:\/\/www.eldiario.net\/portal\/"},{"@type":"ListItem","position":2,"name":"Dictadura gubernamental"}]},{"@type":"WebSite","@id":"https:\/\/www.eldiario.net\/portal\/#website","url":"https:\/\/www.eldiario.net\/portal\/","name":"El Diario - Decano de la prensa nacional","description":"El Diario - Decano de la prensa nacional","publisher":{"@id":"https:\/\/www.eldiario.net\/portal\/#organization"},"potentialAction":[{"@type":"SearchAction","target":{"@type":"EntryPoint","urlTemplate":"https:\/\/www.eldiario.net\/portal\/?s={search_term_string}"},"query-input":{"@type":"PropertyValueSpecification","valueRequired":true,"valueName":"search_term_string"}}],"inLanguage":"es"},{"@type":"Organization","@id":"https:\/\/www.eldiario.net\/portal\/#organization","name":"El Diario - Decano de la prensa nacional","url":"https:\/\/www.eldiario.net\/portal\/","logo":{"@type":"ImageObject","inLanguage":"es","@id":"https:\/\/www.eldiario.net\/portal\/#\/schema\/logo\/image\/","url":"https:\/\/www.eldiario.net\/portal\/wp-content\/uploads\/2023\/07\/logo_ED.jpg","contentUrl":"https:\/\/www.eldiario.net\/portal\/wp-content\/uploads\/2023\/07\/logo_ED.jpg","width":272,"height":52,"caption":"El Diario - Decano de la prensa nacional"},"image":{"@id":"https:\/\/www.eldiario.net\/portal\/#\/schema\/logo\/image\/"},"sameAs":["https:\/\/www.facebook.com\/eldiario.bolivia\/","https:\/\/x.com\/eldiario_net"]},{"@type":"Person","@id":"https:\/\/www.eldiario.net\/portal\/#\/schema\/person\/f46445640444750d7d753ccd04ae01b7","name":"Jeanette","image":{"@type":"ImageObject","inLanguage":"es","@id":"https:\/\/secure.gravatar.com\/avatar\/3ea2118a5f7dad2b7138b1187a6b7ee55f160b9968b66013c3a3ef39dd7e5798?s=96&d=mm&r=g","url":"https:\/\/secure.gravatar.com\/avatar\/3ea2118a5f7dad2b7138b1187a6b7ee55f160b9968b66013c3a3ef39dd7e5798?s=96&d=mm&r=g","contentUrl":"https:\/\/secure.gravatar.com\/avatar\/3ea2118a5f7dad2b7138b1187a6b7ee55f160b9968b66013c3a3ef39dd7e5798?s=96&d=mm&r=g","caption":"Jeanette"},"sameAs":["https:\/\/www.eldiario.net\/portal"],"url":"https:\/\/www.eldiario.net\/portal\/author\/jeanette\/"}]}},"_links":{"self":[{"href":"https:\/\/www.eldiario.net\/portal\/wp-json\/wp\/v2\/posts\/277455","targetHints":{"allow":["GET"]}}],"collection":[{"href":"https:\/\/www.eldiario.net\/portal\/wp-json\/wp\/v2\/posts"}],"about":[{"href":"https:\/\/www.eldiario.net\/portal\/wp-json\/wp\/v2\/types\/post"}],"author":[{"embeddable":true,"href":"https:\/\/www.eldiario.net\/portal\/wp-json\/wp\/v2\/users\/1"}],"replies":[{"embeddable":true,"href":"https:\/\/www.eldiario.net\/portal\/wp-json\/wp\/v2\/comments?post=277455"}],"version-history":[{"count":1,"href":"https:\/\/www.eldiario.net\/portal\/wp-json\/wp\/v2\/posts\/277455\/revisions"}],"predecessor-version":[{"id":277456,"href":"https:\/\/www.eldiario.net\/portal\/wp-json\/wp\/v2\/posts\/277455\/revisions\/277456"}],"wp:featuredmedia":[{"embeddable":true,"href":"https:\/\/www.eldiario.net\/portal\/wp-json\/wp\/v2\/media\/158618"}],"wp:attachment":[{"href":"https:\/\/www.eldiario.net\/portal\/wp-json\/wp\/v2\/media?parent=277455"}],"wp:term":[{"taxonomy":"category","embeddable":true,"href":"https:\/\/www.eldiario.net\/portal\/wp-json\/wp\/v2\/categories?post=277455"},{"taxonomy":"post_tag","embeddable":true,"href":"https:\/\/www.eldiario.net\/portal\/wp-json\/wp\/v2\/tags?post=277455"}],"curies":[{"name":"wp","href":"https:\/\/api.w.org\/{rel}","templated":true}]}}