{"id":277445,"date":"2025-01-27T06:00:41","date_gmt":"2025-01-27T10:00:41","guid":{"rendered":"https:\/\/www.eldiario.net\/portal\/?p=277445"},"modified":"2025-01-27T06:00:41","modified_gmt":"2025-01-27T10:00:41","slug":"en-ausencia-de-dirigentes-posesionan-a-directorio-pro-mineria-del-oro","status":"publish","type":"post","link":"https:\/\/www.eldiario.net\/portal\/2025\/01\/27\/en-ausencia-de-dirigentes-posesionan-a-directorio-pro-mineria-del-oro\/","title":{"rendered":"En ausencia de dirigentes posesionan  a directorio \u201cpro miner\u00eda del oro\u201d"},"content":{"rendered":"<p>En ausencia del secretario general de la comunidad agraria Tres Mar\u00edas, Isaac Catacora, declarado en clandestinidad, as\u00ed como de otros cuatro comunarios perseguidos penalmente por oponerse a la miner\u00eda aur\u00edfera en su territorio, se posesion\u00f3 un directorio paralelo, dispuesto a promover la extracci\u00f3n del oro por cooperativas mineras.<br \/>\n\u201cA espaldas m\u00edas, sin hacer caso a la base de la comunidad se eligieron entre ellos, sin tomar en cuenta que mi directorio fenece en abril de este a\u00f1o\u201d, afirm\u00f3 el dirigente a ANA, sobre el cual pesa una orden de aprehensi\u00f3n.<br \/>\nEl tambi\u00e9n productor de flores lament\u00f3 que el secretario de la Central La Florida, Ren\u00e9 Quise, \u201cse haya prestado a posesionar a un directorio ileg\u00edtimo e ilegal\u201d, lo cual va en contra de los intereses de la comunidad agraria situada en la cabecera del municipio de Yanacachi, dedicada a la floricultura y apicultura.<br \/>\nJuraron en el directorio paralelo, seg\u00fan informaron los comunarios: Dither Choque, Eber Condori Maldonado, Duberlindo Loza Callisaya y Julia Yujra.<br \/>\nRecord\u00f3 que a simple denuncia del apoderado de la Cooperativa Minera Salvadora Yerbani, Juan Jos\u00e9 G\u00f3mez Choque, la Fiscal\u00eda de Coroico en coordinaci\u00f3n con la Polic\u00eda aprehendi\u00f3 a C\u00e9sar Condori, padre de familia y productor de flores de Tres Mar\u00edas, actualmente con medidas sustitutivas, tras haber sido detenido en la c\u00e1rcel de San Pedro, por haber hecho frente a los mineros cooperativistas.<br \/>\n\u201c\u00bfQu\u00e9 pensamiento tendr\u00e1n?, no velan por sus hijos (\u2026). Estoy mal con lo que me est\u00e1n haciendo, no lucho solo por dos personas, sino a nivel municipal, esa agua de la Cooperativa Minera Salvadora Yerbani est\u00e1 contaminando todo, antes hab\u00eda truchas en el r\u00edo, ahora ya no hay peces\u201d, lament\u00f3.<br \/>\nIndic\u00f3 que algunos concejales del municipio al igual que el ejecutivo de la Federaci\u00f3n Provincial Yanacachi, Eloy Quiquisana, respalden la miner\u00eda aur\u00edfera, conociendo los efectos en el medioambiente y la salud de las personas.<br \/>\nTal como pas\u00f3 con C\u00e9sar Condori, la imputaci\u00f3n de la Fiscal\u00eda por presuntos delitos de \u201clesiones leves y graves, avasallamiento de \u00e1rea minera y asociaci\u00f3n delictuosa\u201d pesan en contra de Isaac Catacora, Adri\u00e1n Arenas Huayta, Mario Colque, Santos Oliva, Rodo Oliva, H\u00e9ctor Cama, Lola Catacora y Hugo Apaza, quienes temen ser aprehendidos en cualquier momento.<br \/>\nEn la comunidad Tres Mar\u00edas se encuentran en estado de emergencia, tras haber sido criminalizada la defensa de su territorio, el medioambiente y la vocaci\u00f3n productiva de la regi\u00f3n, frente al avance de los mineros cooperativistas que ingresaron a la zona con maquinaria pesada y en compa\u00f1\u00eda de polic\u00edas, bajo el argumento de tener \u201cderecho preconstituido\u201d y tras la fachada de una cooperativa de nombre \u00d1equejahuira Cotapata.<br \/>\nPor su parte, la exsecretaria general de la comunidad Tres Mar\u00edas, Mery Catacora, explic\u00f3 que para que el directorio deje de tener vigencia debe cerrar el libro de Actas y llamar a una reuni\u00f3n con la mayor cantidad de afiliados para elegir al nuevo directorio, adem\u00e1s de convocar con nota escrita al secretario de la Central Florida a la que pertenece la comunidad, para que d\u00e9 curso a la posesi\u00f3n de nuevos dirigentes, lo cual no sucedi\u00f3.<br \/>\n\u201cTodo fue ilegal; no hubo ninguna invitaci\u00f3n para la Central La Florida. Ren\u00e9 Quise sostiene que el se\u00f1or Primitivo Choque le ha insistido en venir a la comunidad, pero don Primitivo nunca ejerci\u00f3 como vocal, lo mismo que el se\u00f1or Duberlindo Loza, quien en mi gesti\u00f3n me ha abandonado, era de vialidad y dej\u00f3 el cargo porque est\u00e1 en la cooperativista de la mina Chillata, pero ahora resulta siendo nombrado en el directorio. No sabemos qu\u00e9 cargo ocupar\u00e1\u201d, relat\u00f3.<br \/>\nSeg\u00fan la comunaria, los dirigentes paralelos conocen los estatutos de Tres Mar\u00edas, lo que agrava si situaci\u00f3n porque lo est\u00e1n haciendo a conciencia de es ilegal.<br \/>\n\u201cConocen los estatutos saben muy bien porque algunos de ellos han palpado lo que es ser dirigente, y nos sorprenden que quieran ser dirigentes e incluso han renunciado al cargo, por ejemplo la se\u00f1ora Julia Yujra dice quien dice ser una supuesta secretaria general, pero en mi gesti\u00f3n 2021 me ha abandon\u00f3 en mi cargo por irse a una cooperativa, lo misma ha pasado con la se\u00f1ora Antonia Limachi igual se ha ido a una cooperativa, han preferido una cooperativa que una comunidad\u201d, manifest\u00f3.<br \/>\nA su turno Jes\u00fas Paco, secretario de Actas asever\u00f3 que el \u201cgolpe\u201d al directorio de Isaac Catacora fue planificado ya que previno al secretario de La Florida que la reuni\u00f3n que pensaba llevarse en Tres Mar\u00edas en ausencia de Isaac Catacora era ilegal y no contaba con el apoyo de la mayor\u00eda de los afiliados.<br \/>\n\u201cDon Ren\u00e9 dijo que no asistir\u00eda a la reuni\u00f3n porque no apoyar\u00eda ni a un lado ni al otro porque estaban peleando en la comunidad y tambi\u00e9n envi\u00f3 un mensaje al grupo de WhatsApp suspendiendo la reuni\u00f3n, pero de todos modos hicieron la reuni\u00f3n entre los comunarios que nombraron a su nuevo directorio\u201d, revel\u00f3.<br \/>\nEntre otros hechos llamativos dijo que el secretario de Justicia, Santiago Condori del directorio legal de Isaac Catacora renunci\u00f3 en la misma reuni\u00f3n donde se eligi\u00f3 al directorio paralelo y se\u00f1ala que ya no pertenece.<br \/>\n\u201cEn pocas palabras esto comenz\u00f3 cuando hubo las demandas en contra de los comunarios y empezaron hacer negociaciones con los cooperativistas mineros, hubo una \u00faltima reuni\u00f3n en la Defensor\u00eda del Pueblo y estaba el abogado de la comunidad de Yerbani, donde llegaron a un acuerdo para dejar que se hiciera miner\u00eda en la comunidad\u201d, se\u00f1al\u00f3.<br \/>\nEl caso de Tres Mar\u00edas lleg\u00f3 a conocimiento de la representaci\u00f3n de Naciones Unidas en Bolivia y cont\u00f3 con el respaldo de la Coordinadora Nacional de Defensa de Territorios Ind\u00edgenas Originario Campesinos (Contiocap), por sus connotaciones de vulneraci\u00f3n de Derechos Humanos y ambientales con la participaci\u00f3n del propio Estado a trav\u00e9s de la Autoridad Jurisdiccional Administrativa Minera (AJAM), la Fiscal\u00eda y la Polic\u00eda. (ANA)<\/p>\n","protected":false},"excerpt":{"rendered":"<p>En ausencia del secretario general de la comunidad agraria Tres Mar\u00edas, Isaac Catacora, declarado en clandestinidad, as\u00ed como de otros cuatro comunarios perseguidos penalmente por oponerse a la miner\u00eda aur\u00edfera en su territorio, se posesion\u00f3 un directorio paralelo, dispuesto a promover la extracci\u00f3n del oro por cooperativas mineras. \u201cA espaldas m\u00edas, sin hacer caso a [&hellip;]<\/p>\n","protected":false},"author":1,"featured_media":277446,"comment_status":"closed","ping_status":"open","sticky":false,"template":"","format":"standard","meta":{"_acf_changed":false,"footnotes":""},"categories":[12],"tags":[],"class_list":["post-277445","post","type-post","status-publish","format-standard","has-post-thumbnail","category-nacional"],"acf":{"antetitulo":"Comunidad Tres Mar\u00edas "},"yoast_head":"<!-- This site is optimized with the Yoast SEO plugin v28.4 - https:\/\/yoast.com\/product\/yoast-seo-wordpress\/ -->\n<title>En ausencia de dirigentes posesionan a directorio \u201cpro miner\u00eda del oro\u201d - El Diario - Bolivia<\/title>\n<meta name=\"robots\" content=\"index, follow, max-snippet:-1, max-image-preview:large, max-video-preview:-1\" \/>\n<link rel=\"canonical\" href=\"https:\/\/www.eldiario.net\/portal\/2025\/01\/27\/en-ausencia-de-dirigentes-posesionan-a-directorio-pro-mineria-del-oro\/\" \/>\n<meta property=\"og:locale\" content=\"es_ES\" \/>\n<meta property=\"og:type\" content=\"article\" \/>\n<meta property=\"og:title\" content=\"En ausencia de dirigentes posesionan a directorio \u201cpro miner\u00eda del oro\u201d - El Diario - Bolivia\" \/>\n<meta property=\"og:description\" content=\"En ausencia del secretario general de la comunidad agraria Tres Mar\u00edas, Isaac Catacora, declarado en clandestinidad, as\u00ed como de otros cuatro comunarios perseguidos penalmente por oponerse a la miner\u00eda aur\u00edfera en su territorio, se posesion\u00f3 un directorio paralelo, dispuesto a promover la extracci\u00f3n del oro por cooperativas mineras. \u201cA espaldas m\u00edas, sin hacer caso a [&hellip;]\" \/>\n<meta property=\"og:url\" content=\"https:\/\/www.eldiario.net\/portal\/2025\/01\/27\/en-ausencia-de-dirigentes-posesionan-a-directorio-pro-mineria-del-oro\/\" \/>\n<meta property=\"og:site_name\" content=\"El Diario - Bolivia\" \/>\n<meta property=\"article:publisher\" content=\"https:\/\/www.facebook.com\/eldiario.bolivia\/\" \/>\n<meta property=\"article:published_time\" content=\"2025-01-27T10:00:41+00:00\" \/>\n<meta property=\"og:image\" content=\"https:\/\/www.eldiario.net\/portal\/wp-content\/uploads\/2025\/01\/30-NAL.jpg\" \/>\n\t<meta property=\"og:image:width\" content=\"569\" \/>\n\t<meta property=\"og:image:height\" content=\"299\" \/>\n\t<meta property=\"og:image:type\" content=\"image\/jpeg\" \/>\n<meta name=\"author\" content=\"Jeanette\" \/>\n<meta name=\"twitter:card\" content=\"summary_large_image\" \/>\n<meta name=\"twitter:creator\" content=\"@eldiario_net\" \/>\n<meta name=\"twitter:site\" content=\"@eldiario_net\" \/>\n<meta name=\"twitter:label1\" content=\"Escrito por\" \/>\n\t<meta name=\"twitter:data1\" content=\"Jeanette\" \/>\n\t<meta name=\"twitter:label2\" content=\"Tiempo de lectura\" \/>\n\t<meta name=\"twitter:data2\" content=\"5 minutos\" \/>\n<script type=\"application\/ld+json\" class=\"yoast-schema-graph\">{\"@context\":\"https:\\\/\\\/schema.org\",\"@graph\":[{\"@type\":\"Article\",\"@id\":\"https:\\\/\\\/www.eldiario.net\\\/portal\\\/2025\\\/01\\\/27\\\/en-ausencia-de-dirigentes-posesionan-a-directorio-pro-mineria-del-oro\\\/#article\",\"isPartOf\":{\"@id\":\"https:\\\/\\\/www.eldiario.net\\\/portal\\\/2025\\\/01\\\/27\\\/en-ausencia-de-dirigentes-posesionan-a-directorio-pro-mineria-del-oro\\\/\"},\"author\":{\"name\":\"Jeanette\",\"@id\":\"https:\\\/\\\/www.eldiario.net\\\/portal\\\/#\\\/schema\\\/person\\\/f46445640444750d7d753ccd04ae01b7\"},\"headline\":\"En ausencia de dirigentes posesionan a directorio \u201cpro miner\u00eda del oro\u201d\",\"datePublished\":\"2025-01-27T10:00:41+00:00\",\"mainEntityOfPage\":{\"@id\":\"https:\\\/\\\/www.eldiario.net\\\/portal\\\/2025\\\/01\\\/27\\\/en-ausencia-de-dirigentes-posesionan-a-directorio-pro-mineria-del-oro\\\/\"},\"wordCount\":1044,\"publisher\":{\"@id\":\"https:\\\/\\\/www.eldiario.net\\\/portal\\\/#organization\"},\"image\":{\"@id\":\"https:\\\/\\\/www.eldiario.net\\\/portal\\\/2025\\\/01\\\/27\\\/en-ausencia-de-dirigentes-posesionan-a-directorio-pro-mineria-del-oro\\\/#primaryimage\"},\"thumbnailUrl\":\"https:\\\/\\\/www.eldiario.net\\\/portal\\\/wp-content\\\/uploads\\\/2025\\\/01\\\/30-NAL.jpg\",\"articleSection\":[\"Nacional\"],\"inLanguage\":\"es\"},{\"@type\":\"WebPage\",\"@id\":\"https:\\\/\\\/www.eldiario.net\\\/portal\\\/2025\\\/01\\\/27\\\/en-ausencia-de-dirigentes-posesionan-a-directorio-pro-mineria-del-oro\\\/\",\"url\":\"https:\\\/\\\/www.eldiario.net\\\/portal\\\/2025\\\/01\\\/27\\\/en-ausencia-de-dirigentes-posesionan-a-directorio-pro-mineria-del-oro\\\/\",\"name\":\"En ausencia de dirigentes posesionan a directorio \u201cpro miner\u00eda del oro\u201d - El Diario - Bolivia\",\"isPartOf\":{\"@id\":\"https:\\\/\\\/www.eldiario.net\\\/portal\\\/#website\"},\"primaryImageOfPage\":{\"@id\":\"https:\\\/\\\/www.eldiario.net\\\/portal\\\/2025\\\/01\\\/27\\\/en-ausencia-de-dirigentes-posesionan-a-directorio-pro-mineria-del-oro\\\/#primaryimage\"},\"image\":{\"@id\":\"https:\\\/\\\/www.eldiario.net\\\/portal\\\/2025\\\/01\\\/27\\\/en-ausencia-de-dirigentes-posesionan-a-directorio-pro-mineria-del-oro\\\/#primaryimage\"},\"thumbnailUrl\":\"https:\\\/\\\/www.eldiario.net\\\/portal\\\/wp-content\\\/uploads\\\/2025\\\/01\\\/30-NAL.jpg\",\"datePublished\":\"2025-01-27T10:00:41+00:00\",\"breadcrumb\":{\"@id\":\"https:\\\/\\\/www.eldiario.net\\\/portal\\\/2025\\\/01\\\/27\\\/en-ausencia-de-dirigentes-posesionan-a-directorio-pro-mineria-del-oro\\\/#breadcrumb\"},\"inLanguage\":\"es\",\"potentialAction\":[{\"@type\":\"ReadAction\",\"target\":[\"https:\\\/\\\/www.eldiario.net\\\/portal\\\/2025\\\/01\\\/27\\\/en-ausencia-de-dirigentes-posesionan-a-directorio-pro-mineria-del-oro\\\/\"]}]},{\"@type\":\"ImageObject\",\"inLanguage\":\"es\",\"@id\":\"https:\\\/\\\/www.eldiario.net\\\/portal\\\/2025\\\/01\\\/27\\\/en-ausencia-de-dirigentes-posesionan-a-directorio-pro-mineria-del-oro\\\/#primaryimage\",\"url\":\"https:\\\/\\\/www.eldiario.net\\\/portal\\\/wp-content\\\/uploads\\\/2025\\\/01\\\/30-NAL.jpg\",\"contentUrl\":\"https:\\\/\\\/www.eldiario.net\\\/portal\\\/wp-content\\\/uploads\\\/2025\\\/01\\\/30-NAL.jpg\",\"width\":569,\"height\":299,\"caption\":\"Dirigentes recientemente posesionados.\"},{\"@type\":\"BreadcrumbList\",\"@id\":\"https:\\\/\\\/www.eldiario.net\\\/portal\\\/2025\\\/01\\\/27\\\/en-ausencia-de-dirigentes-posesionan-a-directorio-pro-mineria-del-oro\\\/#breadcrumb\",\"itemListElement\":[{\"@type\":\"ListItem\",\"position\":1,\"name\":\"Portada\",\"item\":\"https:\\\/\\\/www.eldiario.net\\\/portal\\\/\"},{\"@type\":\"ListItem\",\"position\":2,\"name\":\"En ausencia de dirigentes posesionan a directorio \u201cpro miner\u00eda del oro\u201d\"}]},{\"@type\":\"WebSite\",\"@id\":\"https:\\\/\\\/www.eldiario.net\\\/portal\\\/#website\",\"url\":\"https:\\\/\\\/www.eldiario.net\\\/portal\\\/\",\"name\":\"El Diario - Decano de la prensa nacional\",\"description\":\"El Diario - Decano de la prensa nacional\",\"publisher\":{\"@id\":\"https:\\\/\\\/www.eldiario.net\\\/portal\\\/#organization\"},\"potentialAction\":[{\"@type\":\"SearchAction\",\"target\":{\"@type\":\"EntryPoint\",\"urlTemplate\":\"https:\\\/\\\/www.eldiario.net\\\/portal\\\/?s={search_term_string}\"},\"query-input\":{\"@type\":\"PropertyValueSpecification\",\"valueRequired\":true,\"valueName\":\"search_term_string\"}}],\"inLanguage\":\"es\"},{\"@type\":\"Organization\",\"@id\":\"https:\\\/\\\/www.eldiario.net\\\/portal\\\/#organization\",\"name\":\"El Diario - Decano de la prensa nacional\",\"url\":\"https:\\\/\\\/www.eldiario.net\\\/portal\\\/\",\"logo\":{\"@type\":\"ImageObject\",\"inLanguage\":\"es\",\"@id\":\"https:\\\/\\\/www.eldiario.net\\\/portal\\\/#\\\/schema\\\/logo\\\/image\\\/\",\"url\":\"https:\\\/\\\/www.eldiario.net\\\/portal\\\/wp-content\\\/uploads\\\/2023\\\/07\\\/logo_ED.jpg\",\"contentUrl\":\"https:\\\/\\\/www.eldiario.net\\\/portal\\\/wp-content\\\/uploads\\\/2023\\\/07\\\/logo_ED.jpg\",\"width\":272,\"height\":52,\"caption\":\"El Diario - Decano de la prensa nacional\"},\"image\":{\"@id\":\"https:\\\/\\\/www.eldiario.net\\\/portal\\\/#\\\/schema\\\/logo\\\/image\\\/\"},\"sameAs\":[\"https:\\\/\\\/www.facebook.com\\\/eldiario.bolivia\\\/\",\"https:\\\/\\\/x.com\\\/eldiario_net\"]},{\"@type\":\"Person\",\"@id\":\"https:\\\/\\\/www.eldiario.net\\\/portal\\\/#\\\/schema\\\/person\\\/f46445640444750d7d753ccd04ae01b7\",\"name\":\"Jeanette\",\"image\":{\"@type\":\"ImageObject\",\"inLanguage\":\"es\",\"@id\":\"https:\\\/\\\/secure.gravatar.com\\\/avatar\\\/3ea2118a5f7dad2b7138b1187a6b7ee55f160b9968b66013c3a3ef39dd7e5798?s=96&d=mm&r=g\",\"url\":\"https:\\\/\\\/secure.gravatar.com\\\/avatar\\\/3ea2118a5f7dad2b7138b1187a6b7ee55f160b9968b66013c3a3ef39dd7e5798?s=96&d=mm&r=g\",\"contentUrl\":\"https:\\\/\\\/secure.gravatar.com\\\/avatar\\\/3ea2118a5f7dad2b7138b1187a6b7ee55f160b9968b66013c3a3ef39dd7e5798?s=96&d=mm&r=g\",\"caption\":\"Jeanette\"},\"sameAs\":[\"https:\\\/\\\/www.eldiario.net\\\/portal\"],\"url\":\"https:\\\/\\\/www.eldiario.net\\\/portal\\\/author\\\/jeanette\\\/\"}]}<\/script>\n<!-- \/ Yoast SEO plugin. -->","yoast_head_json":{"title":"En ausencia de dirigentes posesionan a directorio \u201cpro miner\u00eda del oro\u201d - El Diario - Bolivia","robots":{"index":"index","follow":"follow","max-snippet":"max-snippet:-1","max-image-preview":"max-image-preview:large","max-video-preview":"max-video-preview:-1"},"canonical":"https:\/\/www.eldiario.net\/portal\/2025\/01\/27\/en-ausencia-de-dirigentes-posesionan-a-directorio-pro-mineria-del-oro\/","og_locale":"es_ES","og_type":"article","og_title":"En ausencia de dirigentes posesionan a directorio \u201cpro miner\u00eda del oro\u201d - El Diario - Bolivia","og_description":"En ausencia del secretario general de la comunidad agraria Tres Mar\u00edas, Isaac Catacora, declarado en clandestinidad, as\u00ed como de otros cuatro comunarios perseguidos penalmente por oponerse a la miner\u00eda aur\u00edfera en su territorio, se posesion\u00f3 un directorio paralelo, dispuesto a promover la extracci\u00f3n del oro por cooperativas mineras. \u201cA espaldas m\u00edas, sin hacer caso a [&hellip;]","og_url":"https:\/\/www.eldiario.net\/portal\/2025\/01\/27\/en-ausencia-de-dirigentes-posesionan-a-directorio-pro-mineria-del-oro\/","og_site_name":"El Diario - Bolivia","article_publisher":"https:\/\/www.facebook.com\/eldiario.bolivia\/","article_published_time":"2025-01-27T10:00:41+00:00","og_image":[{"width":569,"height":299,"url":"https:\/\/www.eldiario.net\/portal\/wp-content\/uploads\/2025\/01\/30-NAL.jpg","type":"image\/jpeg"}],"author":"Jeanette","twitter_card":"summary_large_image","twitter_creator":"@eldiario_net","twitter_site":"@eldiario_net","twitter_misc":{"Escrito por":"Jeanette","Tiempo de lectura":"5 minutos"},"schema":{"@context":"https:\/\/schema.org","@graph":[{"@type":"Article","@id":"https:\/\/www.eldiario.net\/portal\/2025\/01\/27\/en-ausencia-de-dirigentes-posesionan-a-directorio-pro-mineria-del-oro\/#article","isPartOf":{"@id":"https:\/\/www.eldiario.net\/portal\/2025\/01\/27\/en-ausencia-de-dirigentes-posesionan-a-directorio-pro-mineria-del-oro\/"},"author":{"name":"Jeanette","@id":"https:\/\/www.eldiario.net\/portal\/#\/schema\/person\/f46445640444750d7d753ccd04ae01b7"},"headline":"En ausencia de dirigentes posesionan a directorio \u201cpro miner\u00eda del oro\u201d","datePublished":"2025-01-27T10:00:41+00:00","mainEntityOfPage":{"@id":"https:\/\/www.eldiario.net\/portal\/2025\/01\/27\/en-ausencia-de-dirigentes-posesionan-a-directorio-pro-mineria-del-oro\/"},"wordCount":1044,"publisher":{"@id":"https:\/\/www.eldiario.net\/portal\/#organization"},"image":{"@id":"https:\/\/www.eldiario.net\/portal\/2025\/01\/27\/en-ausencia-de-dirigentes-posesionan-a-directorio-pro-mineria-del-oro\/#primaryimage"},"thumbnailUrl":"https:\/\/www.eldiario.net\/portal\/wp-content\/uploads\/2025\/01\/30-NAL.jpg","articleSection":["Nacional"],"inLanguage":"es"},{"@type":"WebPage","@id":"https:\/\/www.eldiario.net\/portal\/2025\/01\/27\/en-ausencia-de-dirigentes-posesionan-a-directorio-pro-mineria-del-oro\/","url":"https:\/\/www.eldiario.net\/portal\/2025\/01\/27\/en-ausencia-de-dirigentes-posesionan-a-directorio-pro-mineria-del-oro\/","name":"En ausencia de dirigentes posesionan a directorio \u201cpro miner\u00eda del oro\u201d - El Diario - Bolivia","isPartOf":{"@id":"https:\/\/www.eldiario.net\/portal\/#website"},"primaryImageOfPage":{"@id":"https:\/\/www.eldiario.net\/portal\/2025\/01\/27\/en-ausencia-de-dirigentes-posesionan-a-directorio-pro-mineria-del-oro\/#primaryimage"},"image":{"@id":"https:\/\/www.eldiario.net\/portal\/2025\/01\/27\/en-ausencia-de-dirigentes-posesionan-a-directorio-pro-mineria-del-oro\/#primaryimage"},"thumbnailUrl":"https:\/\/www.eldiario.net\/portal\/wp-content\/uploads\/2025\/01\/30-NAL.jpg","datePublished":"2025-01-27T10:00:41+00:00","breadcrumb":{"@id":"https:\/\/www.eldiario.net\/portal\/2025\/01\/27\/en-ausencia-de-dirigentes-posesionan-a-directorio-pro-mineria-del-oro\/#breadcrumb"},"inLanguage":"es","potentialAction":[{"@type":"ReadAction","target":["https:\/\/www.eldiario.net\/portal\/2025\/01\/27\/en-ausencia-de-dirigentes-posesionan-a-directorio-pro-mineria-del-oro\/"]}]},{"@type":"ImageObject","inLanguage":"es","@id":"https:\/\/www.eldiario.net\/portal\/2025\/01\/27\/en-ausencia-de-dirigentes-posesionan-a-directorio-pro-mineria-del-oro\/#primaryimage","url":"https:\/\/www.eldiario.net\/portal\/wp-content\/uploads\/2025\/01\/30-NAL.jpg","contentUrl":"https:\/\/www.eldiario.net\/portal\/wp-content\/uploads\/2025\/01\/30-NAL.jpg","width":569,"height":299,"caption":"Dirigentes recientemente posesionados."},{"@type":"BreadcrumbList","@id":"https:\/\/www.eldiario.net\/portal\/2025\/01\/27\/en-ausencia-de-dirigentes-posesionan-a-directorio-pro-mineria-del-oro\/#breadcrumb","itemListElement":[{"@type":"ListItem","position":1,"name":"Portada","item":"https:\/\/www.eldiario.net\/portal\/"},{"@type":"ListItem","position":2,"name":"En ausencia de dirigentes posesionan a directorio \u201cpro miner\u00eda del oro\u201d"}]},{"@type":"WebSite","@id":"https:\/\/www.eldiario.net\/portal\/#website","url":"https:\/\/www.eldiario.net\/portal\/","name":"El Diario - Decano de la prensa nacional","description":"El Diario - Decano de la prensa nacional","publisher":{"@id":"https:\/\/www.eldiario.net\/portal\/#organization"},"potentialAction":[{"@type":"SearchAction","target":{"@type":"EntryPoint","urlTemplate":"https:\/\/www.eldiario.net\/portal\/?s={search_term_string}"},"query-input":{"@type":"PropertyValueSpecification","valueRequired":true,"valueName":"search_term_string"}}],"inLanguage":"es"},{"@type":"Organization","@id":"https:\/\/www.eldiario.net\/portal\/#organization","name":"El Diario - Decano de la prensa nacional","url":"https:\/\/www.eldiario.net\/portal\/","logo":{"@type":"ImageObject","inLanguage":"es","@id":"https:\/\/www.eldiario.net\/portal\/#\/schema\/logo\/image\/","url":"https:\/\/www.eldiario.net\/portal\/wp-content\/uploads\/2023\/07\/logo_ED.jpg","contentUrl":"https:\/\/www.eldiario.net\/portal\/wp-content\/uploads\/2023\/07\/logo_ED.jpg","width":272,"height":52,"caption":"El Diario - Decano de la prensa nacional"},"image":{"@id":"https:\/\/www.eldiario.net\/portal\/#\/schema\/logo\/image\/"},"sameAs":["https:\/\/www.facebook.com\/eldiario.bolivia\/","https:\/\/x.com\/eldiario_net"]},{"@type":"Person","@id":"https:\/\/www.eldiario.net\/portal\/#\/schema\/person\/f46445640444750d7d753ccd04ae01b7","name":"Jeanette","image":{"@type":"ImageObject","inLanguage":"es","@id":"https:\/\/secure.gravatar.com\/avatar\/3ea2118a5f7dad2b7138b1187a6b7ee55f160b9968b66013c3a3ef39dd7e5798?s=96&d=mm&r=g","url":"https:\/\/secure.gravatar.com\/avatar\/3ea2118a5f7dad2b7138b1187a6b7ee55f160b9968b66013c3a3ef39dd7e5798?s=96&d=mm&r=g","contentUrl":"https:\/\/secure.gravatar.com\/avatar\/3ea2118a5f7dad2b7138b1187a6b7ee55f160b9968b66013c3a3ef39dd7e5798?s=96&d=mm&r=g","caption":"Jeanette"},"sameAs":["https:\/\/www.eldiario.net\/portal"],"url":"https:\/\/www.eldiario.net\/portal\/author\/jeanette\/"}]}},"_links":{"self":[{"href":"https:\/\/www.eldiario.net\/portal\/wp-json\/wp\/v2\/posts\/277445","targetHints":{"allow":["GET"]}}],"collection":[{"href":"https:\/\/www.eldiario.net\/portal\/wp-json\/wp\/v2\/posts"}],"about":[{"href":"https:\/\/www.eldiario.net\/portal\/wp-json\/wp\/v2\/types\/post"}],"author":[{"embeddable":true,"href":"https:\/\/www.eldiario.net\/portal\/wp-json\/wp\/v2\/users\/1"}],"replies":[{"embeddable":true,"href":"https:\/\/www.eldiario.net\/portal\/wp-json\/wp\/v2\/comments?post=277445"}],"version-history":[{"count":1,"href":"https:\/\/www.eldiario.net\/portal\/wp-json\/wp\/v2\/posts\/277445\/revisions"}],"predecessor-version":[{"id":277447,"href":"https:\/\/www.eldiario.net\/portal\/wp-json\/wp\/v2\/posts\/277445\/revisions\/277447"}],"wp:featuredmedia":[{"embeddable":true,"href":"https:\/\/www.eldiario.net\/portal\/wp-json\/wp\/v2\/media\/277446"}],"wp:attachment":[{"href":"https:\/\/www.eldiario.net\/portal\/wp-json\/wp\/v2\/media?parent=277445"}],"wp:term":[{"taxonomy":"category","embeddable":true,"href":"https:\/\/www.eldiario.net\/portal\/wp-json\/wp\/v2\/categories?post=277445"},{"taxonomy":"post_tag","embeddable":true,"href":"https:\/\/www.eldiario.net\/portal\/wp-json\/wp\/v2\/tags?post=277445"}],"curies":[{"name":"wp","href":"https:\/\/api.w.org\/{rel}","templated":true}]}}