{"id":277438,"date":"2025-01-27T05:59:12","date_gmt":"2025-01-27T09:59:12","guid":{"rendered":"https:\/\/www.eldiario.net\/portal\/?p=277438"},"modified":"2025-01-27T05:59:12","modified_gmt":"2025-01-27T09:59:12","slug":"colocan-15-mil-plantines-en-tres-comunidades-de-totora","status":"publish","type":"post","link":"https:\/\/www.eldiario.net\/portal\/2025\/01\/27\/colocan-15-mil-plantines-en-tres-comunidades-de-totora\/","title":{"rendered":"Colocan 15 mil plantines en  tres comunidades de Totora"},"content":{"rendered":"<p>Trabajadores del Servicio Departamental de Caminos (Sedcam) reforestaron tres comunidades en el municipio de Totora, con 15.000 plantines, que repondr\u00e1n \u00e1reas verdes afectadas por incendios forestales.<br \/>\nCon palas y picotas, m\u00e1s de 200 trabajadores del Sedcam participaron de la actividad colocando los plantines, en lugares estrat\u00e9gicos de la zona, la lluvia acompa\u00f1\u00f3 la jornada y ayud\u00f3 a que se caven los huecos, facilitando el trabajo que se extender\u00e1 a lo largo de todo el mes.<br \/>\n\u201cEl a\u00f1o pasado un compa\u00f1ero sereno involuntariamente ocasion\u00f3 un incendio en la serran\u00eda, estamos reforestando el lugar mostrando solidaridad, compa\u00f1erismo y compromiso con el cuidado del medio ambiente\u201d, se\u00f1al\u00f3 el secretario de Relaciones P\u00fablicas del Sindicato de Trabajadores de Sedcam, Carlos Gonzales.<br \/>\nPor su parte, el alcalde de Totora, Jhonny Cuchallo, quien acompa\u00f1\u00f3 a la primera autoridad del departamento, destac\u00f3 el apoyo de la Gobernaci\u00f3n, que dot\u00f3 de los plantines para realizar la reforestaci\u00f3n y asegur\u00f3 que se har\u00e1 un seguimiento para garantizar que los pinos crezcan y contribuyan a la recarga h\u00eddrica y reserva forestal de la zona.<br \/>\nEn este marco, la secretaria de Medio Ambiente y Recursos H\u00eddricos de la Gobernaci\u00f3n Dora Claros indic\u00f3 que el objetivo, para este 2025, es tambi\u00e9n plantar un mill\u00f3n de \u00e1rboles, en \u00e1reas verdes y lugares estrat\u00e9gicos de los municipios, dando continuidad a la campa\u00f1a un \u00c1rbol un Cochabamba que impulsa la gesti\u00f3n del gobernador S\u00e1nchez. (Cochabamba, agencias)<\/p>\n","protected":false},"excerpt":{"rendered":"<p>Trabajadores del Servicio Departamental de Caminos (Sedcam) reforestaron tres comunidades en el municipio de Totora, con 15.000 plantines, que repondr\u00e1n \u00e1reas verdes afectadas por incendios forestales. Con palas y picotas, m\u00e1s de 200 trabajadores del Sedcam participaron de la actividad colocando los plantines, en lugares estrat\u00e9gicos de la zona, la lluvia acompa\u00f1\u00f3 la jornada y [&hellip;]<\/p>\n","protected":false},"author":1,"featured_media":277439,"comment_status":"closed","ping_status":"open","sticky":false,"template":"","format":"standard","meta":{"_acf_changed":false,"footnotes":""},"categories":[12],"tags":[],"class_list":["post-277438","post","type-post","status-publish","format-standard","has-post-thumbnail","category-nacional"],"acf":{"antetitulo":"Cochabamba"},"yoast_head":"<!-- This site is optimized with the Yoast SEO plugin v28.4 - https:\/\/yoast.com\/product\/yoast-seo-wordpress\/ -->\n<title>Colocan 15 mil plantines en tres comunidades de Totora - El Diario - Bolivia<\/title>\n<meta name=\"robots\" content=\"index, follow, max-snippet:-1, max-image-preview:large, max-video-preview:-1\" \/>\n<link rel=\"canonical\" href=\"https:\/\/www.eldiario.net\/portal\/2025\/01\/27\/colocan-15-mil-plantines-en-tres-comunidades-de-totora\/\" \/>\n<meta property=\"og:locale\" content=\"es_ES\" \/>\n<meta property=\"og:type\" content=\"article\" \/>\n<meta property=\"og:title\" content=\"Colocan 15 mil plantines en tres comunidades de Totora - El Diario - Bolivia\" \/>\n<meta property=\"og:description\" content=\"Trabajadores del Servicio Departamental de Caminos (Sedcam) reforestaron tres comunidades en el municipio de Totora, con 15.000 plantines, que repondr\u00e1n \u00e1reas verdes afectadas por incendios forestales. Con palas y picotas, m\u00e1s de 200 trabajadores del Sedcam participaron de la actividad colocando los plantines, en lugares estrat\u00e9gicos de la zona, la lluvia acompa\u00f1\u00f3 la jornada y [&hellip;]\" \/>\n<meta property=\"og:url\" content=\"https:\/\/www.eldiario.net\/portal\/2025\/01\/27\/colocan-15-mil-plantines-en-tres-comunidades-de-totora\/\" \/>\n<meta property=\"og:site_name\" content=\"El Diario - Bolivia\" \/>\n<meta property=\"article:publisher\" content=\"https:\/\/www.facebook.com\/eldiario.bolivia\/\" \/>\n<meta property=\"article:published_time\" content=\"2025-01-27T09:59:12+00:00\" \/>\n<meta property=\"og:image\" content=\"https:\/\/www.eldiario.net\/portal\/wp-content\/uploads\/2025\/01\/33-NAL.jpg\" \/>\n\t<meta property=\"og:image:width\" content=\"1200\" \/>\n\t<meta property=\"og:image:height\" content=\"779\" \/>\n\t<meta property=\"og:image:type\" content=\"image\/jpeg\" \/>\n<meta name=\"author\" content=\"Jeanette\" \/>\n<meta name=\"twitter:card\" content=\"summary_large_image\" \/>\n<meta name=\"twitter:creator\" content=\"@eldiario_net\" \/>\n<meta name=\"twitter:site\" content=\"@eldiario_net\" \/>\n<meta name=\"twitter:label1\" content=\"Escrito por\" \/>\n\t<meta name=\"twitter:data1\" content=\"Jeanette\" \/>\n\t<meta name=\"twitter:label2\" content=\"Tiempo de lectura\" \/>\n\t<meta name=\"twitter:data2\" content=\"2 minutos\" \/>\n<script type=\"application\/ld+json\" class=\"yoast-schema-graph\">{\"@context\":\"https:\\\/\\\/schema.org\",\"@graph\":[{\"@type\":\"Article\",\"@id\":\"https:\\\/\\\/www.eldiario.net\\\/portal\\\/2025\\\/01\\\/27\\\/colocan-15-mil-plantines-en-tres-comunidades-de-totora\\\/#article\",\"isPartOf\":{\"@id\":\"https:\\\/\\\/www.eldiario.net\\\/portal\\\/2025\\\/01\\\/27\\\/colocan-15-mil-plantines-en-tres-comunidades-de-totora\\\/\"},\"author\":{\"name\":\"Jeanette\",\"@id\":\"https:\\\/\\\/www.eldiario.net\\\/portal\\\/#\\\/schema\\\/person\\\/f46445640444750d7d753ccd04ae01b7\"},\"headline\":\"Colocan 15 mil plantines en tres comunidades de Totora\",\"datePublished\":\"2025-01-27T09:59:12+00:00\",\"mainEntityOfPage\":{\"@id\":\"https:\\\/\\\/www.eldiario.net\\\/portal\\\/2025\\\/01\\\/27\\\/colocan-15-mil-plantines-en-tres-comunidades-de-totora\\\/\"},\"wordCount\":256,\"publisher\":{\"@id\":\"https:\\\/\\\/www.eldiario.net\\\/portal\\\/#organization\"},\"image\":{\"@id\":\"https:\\\/\\\/www.eldiario.net\\\/portal\\\/2025\\\/01\\\/27\\\/colocan-15-mil-plantines-en-tres-comunidades-de-totora\\\/#primaryimage\"},\"thumbnailUrl\":\"https:\\\/\\\/www.eldiario.net\\\/portal\\\/wp-content\\\/uploads\\\/2025\\\/01\\\/33-NAL.jpg\",\"articleSection\":[\"Nacional\"],\"inLanguage\":\"es\"},{\"@type\":\"WebPage\",\"@id\":\"https:\\\/\\\/www.eldiario.net\\\/portal\\\/2025\\\/01\\\/27\\\/colocan-15-mil-plantines-en-tres-comunidades-de-totora\\\/\",\"url\":\"https:\\\/\\\/www.eldiario.net\\\/portal\\\/2025\\\/01\\\/27\\\/colocan-15-mil-plantines-en-tres-comunidades-de-totora\\\/\",\"name\":\"Colocan 15 mil plantines en tres comunidades de Totora - El Diario - Bolivia\",\"isPartOf\":{\"@id\":\"https:\\\/\\\/www.eldiario.net\\\/portal\\\/#website\"},\"primaryImageOfPage\":{\"@id\":\"https:\\\/\\\/www.eldiario.net\\\/portal\\\/2025\\\/01\\\/27\\\/colocan-15-mil-plantines-en-tres-comunidades-de-totora\\\/#primaryimage\"},\"image\":{\"@id\":\"https:\\\/\\\/www.eldiario.net\\\/portal\\\/2025\\\/01\\\/27\\\/colocan-15-mil-plantines-en-tres-comunidades-de-totora\\\/#primaryimage\"},\"thumbnailUrl\":\"https:\\\/\\\/www.eldiario.net\\\/portal\\\/wp-content\\\/uploads\\\/2025\\\/01\\\/33-NAL.jpg\",\"datePublished\":\"2025-01-27T09:59:12+00:00\",\"breadcrumb\":{\"@id\":\"https:\\\/\\\/www.eldiario.net\\\/portal\\\/2025\\\/01\\\/27\\\/colocan-15-mil-plantines-en-tres-comunidades-de-totora\\\/#breadcrumb\"},\"inLanguage\":\"es\",\"potentialAction\":[{\"@type\":\"ReadAction\",\"target\":[\"https:\\\/\\\/www.eldiario.net\\\/portal\\\/2025\\\/01\\\/27\\\/colocan-15-mil-plantines-en-tres-comunidades-de-totora\\\/\"]}]},{\"@type\":\"ImageObject\",\"inLanguage\":\"es\",\"@id\":\"https:\\\/\\\/www.eldiario.net\\\/portal\\\/2025\\\/01\\\/27\\\/colocan-15-mil-plantines-en-tres-comunidades-de-totora\\\/#primaryimage\",\"url\":\"https:\\\/\\\/www.eldiario.net\\\/portal\\\/wp-content\\\/uploads\\\/2025\\\/01\\\/33-NAL.jpg\",\"contentUrl\":\"https:\\\/\\\/www.eldiario.net\\\/portal\\\/wp-content\\\/uploads\\\/2025\\\/01\\\/33-NAL.jpg\",\"width\":1200,\"height\":779,\"caption\":\"TRABAJADORES DEL SEDCAM EN PLENA LABOR DE REFORESTACI\u00d3N.\"},{\"@type\":\"BreadcrumbList\",\"@id\":\"https:\\\/\\\/www.eldiario.net\\\/portal\\\/2025\\\/01\\\/27\\\/colocan-15-mil-plantines-en-tres-comunidades-de-totora\\\/#breadcrumb\",\"itemListElement\":[{\"@type\":\"ListItem\",\"position\":1,\"name\":\"Portada\",\"item\":\"https:\\\/\\\/www.eldiario.net\\\/portal\\\/\"},{\"@type\":\"ListItem\",\"position\":2,\"name\":\"Colocan 15 mil plantines en tres comunidades de Totora\"}]},{\"@type\":\"WebSite\",\"@id\":\"https:\\\/\\\/www.eldiario.net\\\/portal\\\/#website\",\"url\":\"https:\\\/\\\/www.eldiario.net\\\/portal\\\/\",\"name\":\"El Diario - Decano de la prensa nacional\",\"description\":\"El Diario - Decano de la prensa nacional\",\"publisher\":{\"@id\":\"https:\\\/\\\/www.eldiario.net\\\/portal\\\/#organization\"},\"potentialAction\":[{\"@type\":\"SearchAction\",\"target\":{\"@type\":\"EntryPoint\",\"urlTemplate\":\"https:\\\/\\\/www.eldiario.net\\\/portal\\\/?s={search_term_string}\"},\"query-input\":{\"@type\":\"PropertyValueSpecification\",\"valueRequired\":true,\"valueName\":\"search_term_string\"}}],\"inLanguage\":\"es\"},{\"@type\":\"Organization\",\"@id\":\"https:\\\/\\\/www.eldiario.net\\\/portal\\\/#organization\",\"name\":\"El Diario - Decano de la prensa nacional\",\"url\":\"https:\\\/\\\/www.eldiario.net\\\/portal\\\/\",\"logo\":{\"@type\":\"ImageObject\",\"inLanguage\":\"es\",\"@id\":\"https:\\\/\\\/www.eldiario.net\\\/portal\\\/#\\\/schema\\\/logo\\\/image\\\/\",\"url\":\"https:\\\/\\\/www.eldiario.net\\\/portal\\\/wp-content\\\/uploads\\\/2023\\\/07\\\/logo_ED.jpg\",\"contentUrl\":\"https:\\\/\\\/www.eldiario.net\\\/portal\\\/wp-content\\\/uploads\\\/2023\\\/07\\\/logo_ED.jpg\",\"width\":272,\"height\":52,\"caption\":\"El Diario - Decano de la prensa nacional\"},\"image\":{\"@id\":\"https:\\\/\\\/www.eldiario.net\\\/portal\\\/#\\\/schema\\\/logo\\\/image\\\/\"},\"sameAs\":[\"https:\\\/\\\/www.facebook.com\\\/eldiario.bolivia\\\/\",\"https:\\\/\\\/x.com\\\/eldiario_net\"]},{\"@type\":\"Person\",\"@id\":\"https:\\\/\\\/www.eldiario.net\\\/portal\\\/#\\\/schema\\\/person\\\/f46445640444750d7d753ccd04ae01b7\",\"name\":\"Jeanette\",\"image\":{\"@type\":\"ImageObject\",\"inLanguage\":\"es\",\"@id\":\"https:\\\/\\\/secure.gravatar.com\\\/avatar\\\/3ea2118a5f7dad2b7138b1187a6b7ee55f160b9968b66013c3a3ef39dd7e5798?s=96&d=mm&r=g\",\"url\":\"https:\\\/\\\/secure.gravatar.com\\\/avatar\\\/3ea2118a5f7dad2b7138b1187a6b7ee55f160b9968b66013c3a3ef39dd7e5798?s=96&d=mm&r=g\",\"contentUrl\":\"https:\\\/\\\/secure.gravatar.com\\\/avatar\\\/3ea2118a5f7dad2b7138b1187a6b7ee55f160b9968b66013c3a3ef39dd7e5798?s=96&d=mm&r=g\",\"caption\":\"Jeanette\"},\"sameAs\":[\"https:\\\/\\\/www.eldiario.net\\\/portal\"],\"url\":\"https:\\\/\\\/www.eldiario.net\\\/portal\\\/author\\\/jeanette\\\/\"}]}<\/script>\n<!-- \/ Yoast SEO plugin. -->","yoast_head_json":{"title":"Colocan 15 mil plantines en tres comunidades de Totora - El Diario - Bolivia","robots":{"index":"index","follow":"follow","max-snippet":"max-snippet:-1","max-image-preview":"max-image-preview:large","max-video-preview":"max-video-preview:-1"},"canonical":"https:\/\/www.eldiario.net\/portal\/2025\/01\/27\/colocan-15-mil-plantines-en-tres-comunidades-de-totora\/","og_locale":"es_ES","og_type":"article","og_title":"Colocan 15 mil plantines en tres comunidades de Totora - El Diario - Bolivia","og_description":"Trabajadores del Servicio Departamental de Caminos (Sedcam) reforestaron tres comunidades en el municipio de Totora, con 15.000 plantines, que repondr\u00e1n \u00e1reas verdes afectadas por incendios forestales. Con palas y picotas, m\u00e1s de 200 trabajadores del Sedcam participaron de la actividad colocando los plantines, en lugares estrat\u00e9gicos de la zona, la lluvia acompa\u00f1\u00f3 la jornada y [&hellip;]","og_url":"https:\/\/www.eldiario.net\/portal\/2025\/01\/27\/colocan-15-mil-plantines-en-tres-comunidades-de-totora\/","og_site_name":"El Diario - Bolivia","article_publisher":"https:\/\/www.facebook.com\/eldiario.bolivia\/","article_published_time":"2025-01-27T09:59:12+00:00","og_image":[{"width":1200,"height":779,"url":"https:\/\/www.eldiario.net\/portal\/wp-content\/uploads\/2025\/01\/33-NAL.jpg","type":"image\/jpeg"}],"author":"Jeanette","twitter_card":"summary_large_image","twitter_creator":"@eldiario_net","twitter_site":"@eldiario_net","twitter_misc":{"Escrito por":"Jeanette","Tiempo de lectura":"2 minutos"},"schema":{"@context":"https:\/\/schema.org","@graph":[{"@type":"Article","@id":"https:\/\/www.eldiario.net\/portal\/2025\/01\/27\/colocan-15-mil-plantines-en-tres-comunidades-de-totora\/#article","isPartOf":{"@id":"https:\/\/www.eldiario.net\/portal\/2025\/01\/27\/colocan-15-mil-plantines-en-tres-comunidades-de-totora\/"},"author":{"name":"Jeanette","@id":"https:\/\/www.eldiario.net\/portal\/#\/schema\/person\/f46445640444750d7d753ccd04ae01b7"},"headline":"Colocan 15 mil plantines en tres comunidades de Totora","datePublished":"2025-01-27T09:59:12+00:00","mainEntityOfPage":{"@id":"https:\/\/www.eldiario.net\/portal\/2025\/01\/27\/colocan-15-mil-plantines-en-tres-comunidades-de-totora\/"},"wordCount":256,"publisher":{"@id":"https:\/\/www.eldiario.net\/portal\/#organization"},"image":{"@id":"https:\/\/www.eldiario.net\/portal\/2025\/01\/27\/colocan-15-mil-plantines-en-tres-comunidades-de-totora\/#primaryimage"},"thumbnailUrl":"https:\/\/www.eldiario.net\/portal\/wp-content\/uploads\/2025\/01\/33-NAL.jpg","articleSection":["Nacional"],"inLanguage":"es"},{"@type":"WebPage","@id":"https:\/\/www.eldiario.net\/portal\/2025\/01\/27\/colocan-15-mil-plantines-en-tres-comunidades-de-totora\/","url":"https:\/\/www.eldiario.net\/portal\/2025\/01\/27\/colocan-15-mil-plantines-en-tres-comunidades-de-totora\/","name":"Colocan 15 mil plantines en tres comunidades de Totora - El Diario - Bolivia","isPartOf":{"@id":"https:\/\/www.eldiario.net\/portal\/#website"},"primaryImageOfPage":{"@id":"https:\/\/www.eldiario.net\/portal\/2025\/01\/27\/colocan-15-mil-plantines-en-tres-comunidades-de-totora\/#primaryimage"},"image":{"@id":"https:\/\/www.eldiario.net\/portal\/2025\/01\/27\/colocan-15-mil-plantines-en-tres-comunidades-de-totora\/#primaryimage"},"thumbnailUrl":"https:\/\/www.eldiario.net\/portal\/wp-content\/uploads\/2025\/01\/33-NAL.jpg","datePublished":"2025-01-27T09:59:12+00:00","breadcrumb":{"@id":"https:\/\/www.eldiario.net\/portal\/2025\/01\/27\/colocan-15-mil-plantines-en-tres-comunidades-de-totora\/#breadcrumb"},"inLanguage":"es","potentialAction":[{"@type":"ReadAction","target":["https:\/\/www.eldiario.net\/portal\/2025\/01\/27\/colocan-15-mil-plantines-en-tres-comunidades-de-totora\/"]}]},{"@type":"ImageObject","inLanguage":"es","@id":"https:\/\/www.eldiario.net\/portal\/2025\/01\/27\/colocan-15-mil-plantines-en-tres-comunidades-de-totora\/#primaryimage","url":"https:\/\/www.eldiario.net\/portal\/wp-content\/uploads\/2025\/01\/33-NAL.jpg","contentUrl":"https:\/\/www.eldiario.net\/portal\/wp-content\/uploads\/2025\/01\/33-NAL.jpg","width":1200,"height":779,"caption":"TRABAJADORES DEL SEDCAM EN PLENA LABOR DE REFORESTACI\u00d3N."},{"@type":"BreadcrumbList","@id":"https:\/\/www.eldiario.net\/portal\/2025\/01\/27\/colocan-15-mil-plantines-en-tres-comunidades-de-totora\/#breadcrumb","itemListElement":[{"@type":"ListItem","position":1,"name":"Portada","item":"https:\/\/www.eldiario.net\/portal\/"},{"@type":"ListItem","position":2,"name":"Colocan 15 mil plantines en tres comunidades de Totora"}]},{"@type":"WebSite","@id":"https:\/\/www.eldiario.net\/portal\/#website","url":"https:\/\/www.eldiario.net\/portal\/","name":"El Diario - Decano de la prensa nacional","description":"El Diario - Decano de la prensa nacional","publisher":{"@id":"https:\/\/www.eldiario.net\/portal\/#organization"},"potentialAction":[{"@type":"SearchAction","target":{"@type":"EntryPoint","urlTemplate":"https:\/\/www.eldiario.net\/portal\/?s={search_term_string}"},"query-input":{"@type":"PropertyValueSpecification","valueRequired":true,"valueName":"search_term_string"}}],"inLanguage":"es"},{"@type":"Organization","@id":"https:\/\/www.eldiario.net\/portal\/#organization","name":"El Diario - Decano de la prensa nacional","url":"https:\/\/www.eldiario.net\/portal\/","logo":{"@type":"ImageObject","inLanguage":"es","@id":"https:\/\/www.eldiario.net\/portal\/#\/schema\/logo\/image\/","url":"https:\/\/www.eldiario.net\/portal\/wp-content\/uploads\/2023\/07\/logo_ED.jpg","contentUrl":"https:\/\/www.eldiario.net\/portal\/wp-content\/uploads\/2023\/07\/logo_ED.jpg","width":272,"height":52,"caption":"El Diario - Decano de la prensa nacional"},"image":{"@id":"https:\/\/www.eldiario.net\/portal\/#\/schema\/logo\/image\/"},"sameAs":["https:\/\/www.facebook.com\/eldiario.bolivia\/","https:\/\/x.com\/eldiario_net"]},{"@type":"Person","@id":"https:\/\/www.eldiario.net\/portal\/#\/schema\/person\/f46445640444750d7d753ccd04ae01b7","name":"Jeanette","image":{"@type":"ImageObject","inLanguage":"es","@id":"https:\/\/secure.gravatar.com\/avatar\/3ea2118a5f7dad2b7138b1187a6b7ee55f160b9968b66013c3a3ef39dd7e5798?s=96&d=mm&r=g","url":"https:\/\/secure.gravatar.com\/avatar\/3ea2118a5f7dad2b7138b1187a6b7ee55f160b9968b66013c3a3ef39dd7e5798?s=96&d=mm&r=g","contentUrl":"https:\/\/secure.gravatar.com\/avatar\/3ea2118a5f7dad2b7138b1187a6b7ee55f160b9968b66013c3a3ef39dd7e5798?s=96&d=mm&r=g","caption":"Jeanette"},"sameAs":["https:\/\/www.eldiario.net\/portal"],"url":"https:\/\/www.eldiario.net\/portal\/author\/jeanette\/"}]}},"_links":{"self":[{"href":"https:\/\/www.eldiario.net\/portal\/wp-json\/wp\/v2\/posts\/277438","targetHints":{"allow":["GET"]}}],"collection":[{"href":"https:\/\/www.eldiario.net\/portal\/wp-json\/wp\/v2\/posts"}],"about":[{"href":"https:\/\/www.eldiario.net\/portal\/wp-json\/wp\/v2\/types\/post"}],"author":[{"embeddable":true,"href":"https:\/\/www.eldiario.net\/portal\/wp-json\/wp\/v2\/users\/1"}],"replies":[{"embeddable":true,"href":"https:\/\/www.eldiario.net\/portal\/wp-json\/wp\/v2\/comments?post=277438"}],"version-history":[{"count":1,"href":"https:\/\/www.eldiario.net\/portal\/wp-json\/wp\/v2\/posts\/277438\/revisions"}],"predecessor-version":[{"id":277440,"href":"https:\/\/www.eldiario.net\/portal\/wp-json\/wp\/v2\/posts\/277438\/revisions\/277440"}],"wp:featuredmedia":[{"embeddable":true,"href":"https:\/\/www.eldiario.net\/portal\/wp-json\/wp\/v2\/media\/277439"}],"wp:attachment":[{"href":"https:\/\/www.eldiario.net\/portal\/wp-json\/wp\/v2\/media?parent=277438"}],"wp:term":[{"taxonomy":"category","embeddable":true,"href":"https:\/\/www.eldiario.net\/portal\/wp-json\/wp\/v2\/categories?post=277438"},{"taxonomy":"post_tag","embeddable":true,"href":"https:\/\/www.eldiario.net\/portal\/wp-json\/wp\/v2\/tags?post=277438"}],"curies":[{"name":"wp","href":"https:\/\/api.w.org\/{rel}","templated":true}]}}