{"id":277435,"date":"2025-01-27T05:58:30","date_gmt":"2025-01-27T09:58:30","guid":{"rendered":"https:\/\/www.eldiario.net\/portal\/?p=277435"},"modified":"2025-01-27T05:58:30","modified_gmt":"2025-01-27T09:58:30","slug":"comienza-construccion-de-nuevo-colector-en-avenida-ayacucho","status":"publish","type":"post","link":"https:\/\/www.eldiario.net\/portal\/2025\/01\/27\/comienza-construccion-de-nuevo-colector-en-avenida-ayacucho\/","title":{"rendered":"Comienza construcci\u00f3n de nuevo  colector en avenida Ayacucho"},"content":{"rendered":"<p>La construcci\u00f3n del nuevo colector de desag\u00fce pluvial en la avenida Ayacucho y Esteban Arze de la ciudad de Cochabamba comenz\u00f3 ayer, obra que permitir\u00e1 el desfogue de uno de los sectores m\u00e1s afectados por temporada de lluvias.<br \/>\nLa construcci\u00f3n del \u201cnuevo colector\u201d responde a la emergencia ocasionada por el colapso del sistema anterior que, por la cantidad de basura fue obstruido produciendo una p\u00e9rdida de 150 metros en el colector principal.<br \/>\nEl alcalde en ejercicio, Manfred Reyes Villa Avil\u00e9s, respondiendo a la necesidad de la poblaci\u00f3n que habita y tiene sus fuentes de trabajo en el sector, instruy\u00f3 la construcci\u00f3n de un sistema paralelo con una dimensi\u00f3n de 200 metros, el mismo, evitar\u00e1 anegaciones en la Av. Ayacucho.<br \/>\nA causa de la emergencia, la obra ser\u00e1 ejecutada en tiempo r\u00e9cord, pues en tres d\u00edas se prev\u00e9 concluir la construcci\u00f3n del nuevo colector y acelerar su instalaci\u00f3n, devolviendo la tranquilidad a los vecinos y comerciantes de la zona.<br \/>\nCon la construcci\u00f3n del colector, el agua que se acumula en la avenida Ayacucho circular\u00e1 por la nueva tuber\u00eda hacia la \u201cserpiente negra\u201d en la avenida 6 de Agosto. (Cochabamba, agencias)<\/p>\n","protected":false},"excerpt":{"rendered":"<p>La construcci\u00f3n del nuevo colector de desag\u00fce pluvial en la avenida Ayacucho y Esteban Arze de la ciudad de Cochabamba comenz\u00f3 ayer, obra que permitir\u00e1 el desfogue de uno de los sectores m\u00e1s afectados por temporada de lluvias. La construcci\u00f3n del \u201cnuevo colector\u201d responde a la emergencia ocasionada por el colapso del sistema anterior que, [&hellip;]<\/p>\n","protected":false},"author":1,"featured_media":277436,"comment_status":"closed","ping_status":"open","sticky":false,"template":"","format":"standard","meta":{"_acf_changed":false,"footnotes":""},"categories":[12],"tags":[],"class_list":["post-277435","post","type-post","status-publish","format-standard","has-post-thumbnail","category-nacional"],"acf":{"antetitulo":"En la ciudad del Valle"},"yoast_head":"<!-- This site is optimized with the Yoast SEO plugin v28.4 - https:\/\/yoast.com\/product\/yoast-seo-wordpress\/ -->\n<title>Comienza construcci\u00f3n de nuevo colector en avenida Ayacucho - El Diario - Bolivia<\/title>\n<meta name=\"robots\" content=\"index, follow, max-snippet:-1, max-image-preview:large, max-video-preview:-1\" \/>\n<link rel=\"canonical\" href=\"https:\/\/www.eldiario.net\/portal\/2025\/01\/27\/comienza-construccion-de-nuevo-colector-en-avenida-ayacucho\/\" \/>\n<meta property=\"og:locale\" content=\"es_ES\" \/>\n<meta property=\"og:type\" content=\"article\" \/>\n<meta property=\"og:title\" content=\"Comienza construcci\u00f3n de nuevo colector en avenida Ayacucho - El Diario - Bolivia\" \/>\n<meta property=\"og:description\" content=\"La construcci\u00f3n del nuevo colector de desag\u00fce pluvial en la avenida Ayacucho y Esteban Arze de la ciudad de Cochabamba comenz\u00f3 ayer, obra que permitir\u00e1 el desfogue de uno de los sectores m\u00e1s afectados por temporada de lluvias. La construcci\u00f3n del \u201cnuevo colector\u201d responde a la emergencia ocasionada por el colapso del sistema anterior que, [&hellip;]\" \/>\n<meta property=\"og:url\" content=\"https:\/\/www.eldiario.net\/portal\/2025\/01\/27\/comienza-construccion-de-nuevo-colector-en-avenida-ayacucho\/\" \/>\n<meta property=\"og:site_name\" content=\"El Diario - Bolivia\" \/>\n<meta property=\"article:publisher\" content=\"https:\/\/www.facebook.com\/eldiario.bolivia\/\" \/>\n<meta property=\"article:published_time\" content=\"2025-01-27T09:58:30+00:00\" \/>\n<meta property=\"og:image\" content=\"https:\/\/www.eldiario.net\/portal\/wp-content\/uploads\/2025\/01\/34-NAL.jpg\" \/>\n\t<meta property=\"og:image:width\" content=\"1280\" \/>\n\t<meta property=\"og:image:height\" content=\"853\" \/>\n\t<meta property=\"og:image:type\" content=\"image\/jpeg\" \/>\n<meta name=\"author\" content=\"Jeanette\" \/>\n<meta name=\"twitter:card\" content=\"summary_large_image\" \/>\n<meta name=\"twitter:creator\" content=\"@eldiario_net\" \/>\n<meta name=\"twitter:site\" content=\"@eldiario_net\" \/>\n<meta name=\"twitter:label1\" content=\"Escrito por\" \/>\n\t<meta name=\"twitter:data1\" content=\"Jeanette\" \/>\n\t<meta name=\"twitter:label2\" content=\"Tiempo de lectura\" \/>\n\t<meta name=\"twitter:data2\" content=\"2 minutos\" \/>\n<script type=\"application\/ld+json\" class=\"yoast-schema-graph\">{\"@context\":\"https:\\\/\\\/schema.org\",\"@graph\":[{\"@type\":\"Article\",\"@id\":\"https:\\\/\\\/www.eldiario.net\\\/portal\\\/2025\\\/01\\\/27\\\/comienza-construccion-de-nuevo-colector-en-avenida-ayacucho\\\/#article\",\"isPartOf\":{\"@id\":\"https:\\\/\\\/www.eldiario.net\\\/portal\\\/2025\\\/01\\\/27\\\/comienza-construccion-de-nuevo-colector-en-avenida-ayacucho\\\/\"},\"author\":{\"name\":\"Jeanette\",\"@id\":\"https:\\\/\\\/www.eldiario.net\\\/portal\\\/#\\\/schema\\\/person\\\/f46445640444750d7d753ccd04ae01b7\"},\"headline\":\"Comienza construcci\u00f3n de nuevo colector en avenida Ayacucho\",\"datePublished\":\"2025-01-27T09:58:30+00:00\",\"mainEntityOfPage\":{\"@id\":\"https:\\\/\\\/www.eldiario.net\\\/portal\\\/2025\\\/01\\\/27\\\/comienza-construccion-de-nuevo-colector-en-avenida-ayacucho\\\/\"},\"wordCount\":210,\"publisher\":{\"@id\":\"https:\\\/\\\/www.eldiario.net\\\/portal\\\/#organization\"},\"image\":{\"@id\":\"https:\\\/\\\/www.eldiario.net\\\/portal\\\/2025\\\/01\\\/27\\\/comienza-construccion-de-nuevo-colector-en-avenida-ayacucho\\\/#primaryimage\"},\"thumbnailUrl\":\"https:\\\/\\\/www.eldiario.net\\\/portal\\\/wp-content\\\/uploads\\\/2025\\\/01\\\/34-NAL.jpg\",\"articleSection\":[\"Nacional\"],\"inLanguage\":\"es\"},{\"@type\":\"WebPage\",\"@id\":\"https:\\\/\\\/www.eldiario.net\\\/portal\\\/2025\\\/01\\\/27\\\/comienza-construccion-de-nuevo-colector-en-avenida-ayacucho\\\/\",\"url\":\"https:\\\/\\\/www.eldiario.net\\\/portal\\\/2025\\\/01\\\/27\\\/comienza-construccion-de-nuevo-colector-en-avenida-ayacucho\\\/\",\"name\":\"Comienza construcci\u00f3n de nuevo colector en avenida Ayacucho - El Diario - Bolivia\",\"isPartOf\":{\"@id\":\"https:\\\/\\\/www.eldiario.net\\\/portal\\\/#website\"},\"primaryImageOfPage\":{\"@id\":\"https:\\\/\\\/www.eldiario.net\\\/portal\\\/2025\\\/01\\\/27\\\/comienza-construccion-de-nuevo-colector-en-avenida-ayacucho\\\/#primaryimage\"},\"image\":{\"@id\":\"https:\\\/\\\/www.eldiario.net\\\/portal\\\/2025\\\/01\\\/27\\\/comienza-construccion-de-nuevo-colector-en-avenida-ayacucho\\\/#primaryimage\"},\"thumbnailUrl\":\"https:\\\/\\\/www.eldiario.net\\\/portal\\\/wp-content\\\/uploads\\\/2025\\\/01\\\/34-NAL.jpg\",\"datePublished\":\"2025-01-27T09:58:30+00:00\",\"breadcrumb\":{\"@id\":\"https:\\\/\\\/www.eldiario.net\\\/portal\\\/2025\\\/01\\\/27\\\/comienza-construccion-de-nuevo-colector-en-avenida-ayacucho\\\/#breadcrumb\"},\"inLanguage\":\"es\",\"potentialAction\":[{\"@type\":\"ReadAction\",\"target\":[\"https:\\\/\\\/www.eldiario.net\\\/portal\\\/2025\\\/01\\\/27\\\/comienza-construccion-de-nuevo-colector-en-avenida-ayacucho\\\/\"]}]},{\"@type\":\"ImageObject\",\"inLanguage\":\"es\",\"@id\":\"https:\\\/\\\/www.eldiario.net\\\/portal\\\/2025\\\/01\\\/27\\\/comienza-construccion-de-nuevo-colector-en-avenida-ayacucho\\\/#primaryimage\",\"url\":\"https:\\\/\\\/www.eldiario.net\\\/portal\\\/wp-content\\\/uploads\\\/2025\\\/01\\\/34-NAL.jpg\",\"contentUrl\":\"https:\\\/\\\/www.eldiario.net\\\/portal\\\/wp-content\\\/uploads\\\/2025\\\/01\\\/34-NAL.jpg\",\"width\":1280,\"height\":853,\"caption\":\"Inicio de los trabajos en la avenida Ayacucho totalmente anegada por el agua.\"},{\"@type\":\"BreadcrumbList\",\"@id\":\"https:\\\/\\\/www.eldiario.net\\\/portal\\\/2025\\\/01\\\/27\\\/comienza-construccion-de-nuevo-colector-en-avenida-ayacucho\\\/#breadcrumb\",\"itemListElement\":[{\"@type\":\"ListItem\",\"position\":1,\"name\":\"Portada\",\"item\":\"https:\\\/\\\/www.eldiario.net\\\/portal\\\/\"},{\"@type\":\"ListItem\",\"position\":2,\"name\":\"Comienza construcci\u00f3n de nuevo colector en avenida Ayacucho\"}]},{\"@type\":\"WebSite\",\"@id\":\"https:\\\/\\\/www.eldiario.net\\\/portal\\\/#website\",\"url\":\"https:\\\/\\\/www.eldiario.net\\\/portal\\\/\",\"name\":\"El Diario - Decano de la prensa nacional\",\"description\":\"El Diario - Decano de la prensa nacional\",\"publisher\":{\"@id\":\"https:\\\/\\\/www.eldiario.net\\\/portal\\\/#organization\"},\"potentialAction\":[{\"@type\":\"SearchAction\",\"target\":{\"@type\":\"EntryPoint\",\"urlTemplate\":\"https:\\\/\\\/www.eldiario.net\\\/portal\\\/?s={search_term_string}\"},\"query-input\":{\"@type\":\"PropertyValueSpecification\",\"valueRequired\":true,\"valueName\":\"search_term_string\"}}],\"inLanguage\":\"es\"},{\"@type\":\"Organization\",\"@id\":\"https:\\\/\\\/www.eldiario.net\\\/portal\\\/#organization\",\"name\":\"El Diario - Decano de la prensa nacional\",\"url\":\"https:\\\/\\\/www.eldiario.net\\\/portal\\\/\",\"logo\":{\"@type\":\"ImageObject\",\"inLanguage\":\"es\",\"@id\":\"https:\\\/\\\/www.eldiario.net\\\/portal\\\/#\\\/schema\\\/logo\\\/image\\\/\",\"url\":\"https:\\\/\\\/www.eldiario.net\\\/portal\\\/wp-content\\\/uploads\\\/2023\\\/07\\\/logo_ED.jpg\",\"contentUrl\":\"https:\\\/\\\/www.eldiario.net\\\/portal\\\/wp-content\\\/uploads\\\/2023\\\/07\\\/logo_ED.jpg\",\"width\":272,\"height\":52,\"caption\":\"El Diario - Decano de la prensa nacional\"},\"image\":{\"@id\":\"https:\\\/\\\/www.eldiario.net\\\/portal\\\/#\\\/schema\\\/logo\\\/image\\\/\"},\"sameAs\":[\"https:\\\/\\\/www.facebook.com\\\/eldiario.bolivia\\\/\",\"https:\\\/\\\/x.com\\\/eldiario_net\"]},{\"@type\":\"Person\",\"@id\":\"https:\\\/\\\/www.eldiario.net\\\/portal\\\/#\\\/schema\\\/person\\\/f46445640444750d7d753ccd04ae01b7\",\"name\":\"Jeanette\",\"image\":{\"@type\":\"ImageObject\",\"inLanguage\":\"es\",\"@id\":\"https:\\\/\\\/secure.gravatar.com\\\/avatar\\\/3ea2118a5f7dad2b7138b1187a6b7ee55f160b9968b66013c3a3ef39dd7e5798?s=96&d=mm&r=g\",\"url\":\"https:\\\/\\\/secure.gravatar.com\\\/avatar\\\/3ea2118a5f7dad2b7138b1187a6b7ee55f160b9968b66013c3a3ef39dd7e5798?s=96&d=mm&r=g\",\"contentUrl\":\"https:\\\/\\\/secure.gravatar.com\\\/avatar\\\/3ea2118a5f7dad2b7138b1187a6b7ee55f160b9968b66013c3a3ef39dd7e5798?s=96&d=mm&r=g\",\"caption\":\"Jeanette\"},\"sameAs\":[\"https:\\\/\\\/www.eldiario.net\\\/portal\"],\"url\":\"https:\\\/\\\/www.eldiario.net\\\/portal\\\/author\\\/jeanette\\\/\"}]}<\/script>\n<!-- \/ Yoast SEO plugin. -->","yoast_head_json":{"title":"Comienza construcci\u00f3n de nuevo colector en avenida Ayacucho - El Diario - Bolivia","robots":{"index":"index","follow":"follow","max-snippet":"max-snippet:-1","max-image-preview":"max-image-preview:large","max-video-preview":"max-video-preview:-1"},"canonical":"https:\/\/www.eldiario.net\/portal\/2025\/01\/27\/comienza-construccion-de-nuevo-colector-en-avenida-ayacucho\/","og_locale":"es_ES","og_type":"article","og_title":"Comienza construcci\u00f3n de nuevo colector en avenida Ayacucho - El Diario - Bolivia","og_description":"La construcci\u00f3n del nuevo colector de desag\u00fce pluvial en la avenida Ayacucho y Esteban Arze de la ciudad de Cochabamba comenz\u00f3 ayer, obra que permitir\u00e1 el desfogue de uno de los sectores m\u00e1s afectados por temporada de lluvias. La construcci\u00f3n del \u201cnuevo colector\u201d responde a la emergencia ocasionada por el colapso del sistema anterior que, [&hellip;]","og_url":"https:\/\/www.eldiario.net\/portal\/2025\/01\/27\/comienza-construccion-de-nuevo-colector-en-avenida-ayacucho\/","og_site_name":"El Diario - Bolivia","article_publisher":"https:\/\/www.facebook.com\/eldiario.bolivia\/","article_published_time":"2025-01-27T09:58:30+00:00","og_image":[{"width":1280,"height":853,"url":"https:\/\/www.eldiario.net\/portal\/wp-content\/uploads\/2025\/01\/34-NAL.jpg","type":"image\/jpeg"}],"author":"Jeanette","twitter_card":"summary_large_image","twitter_creator":"@eldiario_net","twitter_site":"@eldiario_net","twitter_misc":{"Escrito por":"Jeanette","Tiempo de lectura":"2 minutos"},"schema":{"@context":"https:\/\/schema.org","@graph":[{"@type":"Article","@id":"https:\/\/www.eldiario.net\/portal\/2025\/01\/27\/comienza-construccion-de-nuevo-colector-en-avenida-ayacucho\/#article","isPartOf":{"@id":"https:\/\/www.eldiario.net\/portal\/2025\/01\/27\/comienza-construccion-de-nuevo-colector-en-avenida-ayacucho\/"},"author":{"name":"Jeanette","@id":"https:\/\/www.eldiario.net\/portal\/#\/schema\/person\/f46445640444750d7d753ccd04ae01b7"},"headline":"Comienza construcci\u00f3n de nuevo colector en avenida Ayacucho","datePublished":"2025-01-27T09:58:30+00:00","mainEntityOfPage":{"@id":"https:\/\/www.eldiario.net\/portal\/2025\/01\/27\/comienza-construccion-de-nuevo-colector-en-avenida-ayacucho\/"},"wordCount":210,"publisher":{"@id":"https:\/\/www.eldiario.net\/portal\/#organization"},"image":{"@id":"https:\/\/www.eldiario.net\/portal\/2025\/01\/27\/comienza-construccion-de-nuevo-colector-en-avenida-ayacucho\/#primaryimage"},"thumbnailUrl":"https:\/\/www.eldiario.net\/portal\/wp-content\/uploads\/2025\/01\/34-NAL.jpg","articleSection":["Nacional"],"inLanguage":"es"},{"@type":"WebPage","@id":"https:\/\/www.eldiario.net\/portal\/2025\/01\/27\/comienza-construccion-de-nuevo-colector-en-avenida-ayacucho\/","url":"https:\/\/www.eldiario.net\/portal\/2025\/01\/27\/comienza-construccion-de-nuevo-colector-en-avenida-ayacucho\/","name":"Comienza construcci\u00f3n de nuevo colector en avenida Ayacucho - El Diario - Bolivia","isPartOf":{"@id":"https:\/\/www.eldiario.net\/portal\/#website"},"primaryImageOfPage":{"@id":"https:\/\/www.eldiario.net\/portal\/2025\/01\/27\/comienza-construccion-de-nuevo-colector-en-avenida-ayacucho\/#primaryimage"},"image":{"@id":"https:\/\/www.eldiario.net\/portal\/2025\/01\/27\/comienza-construccion-de-nuevo-colector-en-avenida-ayacucho\/#primaryimage"},"thumbnailUrl":"https:\/\/www.eldiario.net\/portal\/wp-content\/uploads\/2025\/01\/34-NAL.jpg","datePublished":"2025-01-27T09:58:30+00:00","breadcrumb":{"@id":"https:\/\/www.eldiario.net\/portal\/2025\/01\/27\/comienza-construccion-de-nuevo-colector-en-avenida-ayacucho\/#breadcrumb"},"inLanguage":"es","potentialAction":[{"@type":"ReadAction","target":["https:\/\/www.eldiario.net\/portal\/2025\/01\/27\/comienza-construccion-de-nuevo-colector-en-avenida-ayacucho\/"]}]},{"@type":"ImageObject","inLanguage":"es","@id":"https:\/\/www.eldiario.net\/portal\/2025\/01\/27\/comienza-construccion-de-nuevo-colector-en-avenida-ayacucho\/#primaryimage","url":"https:\/\/www.eldiario.net\/portal\/wp-content\/uploads\/2025\/01\/34-NAL.jpg","contentUrl":"https:\/\/www.eldiario.net\/portal\/wp-content\/uploads\/2025\/01\/34-NAL.jpg","width":1280,"height":853,"caption":"Inicio de los trabajos en la avenida Ayacucho totalmente anegada por el agua."},{"@type":"BreadcrumbList","@id":"https:\/\/www.eldiario.net\/portal\/2025\/01\/27\/comienza-construccion-de-nuevo-colector-en-avenida-ayacucho\/#breadcrumb","itemListElement":[{"@type":"ListItem","position":1,"name":"Portada","item":"https:\/\/www.eldiario.net\/portal\/"},{"@type":"ListItem","position":2,"name":"Comienza construcci\u00f3n de nuevo colector en avenida Ayacucho"}]},{"@type":"WebSite","@id":"https:\/\/www.eldiario.net\/portal\/#website","url":"https:\/\/www.eldiario.net\/portal\/","name":"El Diario - Decano de la prensa nacional","description":"El Diario - Decano de la prensa nacional","publisher":{"@id":"https:\/\/www.eldiario.net\/portal\/#organization"},"potentialAction":[{"@type":"SearchAction","target":{"@type":"EntryPoint","urlTemplate":"https:\/\/www.eldiario.net\/portal\/?s={search_term_string}"},"query-input":{"@type":"PropertyValueSpecification","valueRequired":true,"valueName":"search_term_string"}}],"inLanguage":"es"},{"@type":"Organization","@id":"https:\/\/www.eldiario.net\/portal\/#organization","name":"El Diario - Decano de la prensa nacional","url":"https:\/\/www.eldiario.net\/portal\/","logo":{"@type":"ImageObject","inLanguage":"es","@id":"https:\/\/www.eldiario.net\/portal\/#\/schema\/logo\/image\/","url":"https:\/\/www.eldiario.net\/portal\/wp-content\/uploads\/2023\/07\/logo_ED.jpg","contentUrl":"https:\/\/www.eldiario.net\/portal\/wp-content\/uploads\/2023\/07\/logo_ED.jpg","width":272,"height":52,"caption":"El Diario - Decano de la prensa nacional"},"image":{"@id":"https:\/\/www.eldiario.net\/portal\/#\/schema\/logo\/image\/"},"sameAs":["https:\/\/www.facebook.com\/eldiario.bolivia\/","https:\/\/x.com\/eldiario_net"]},{"@type":"Person","@id":"https:\/\/www.eldiario.net\/portal\/#\/schema\/person\/f46445640444750d7d753ccd04ae01b7","name":"Jeanette","image":{"@type":"ImageObject","inLanguage":"es","@id":"https:\/\/secure.gravatar.com\/avatar\/3ea2118a5f7dad2b7138b1187a6b7ee55f160b9968b66013c3a3ef39dd7e5798?s=96&d=mm&r=g","url":"https:\/\/secure.gravatar.com\/avatar\/3ea2118a5f7dad2b7138b1187a6b7ee55f160b9968b66013c3a3ef39dd7e5798?s=96&d=mm&r=g","contentUrl":"https:\/\/secure.gravatar.com\/avatar\/3ea2118a5f7dad2b7138b1187a6b7ee55f160b9968b66013c3a3ef39dd7e5798?s=96&d=mm&r=g","caption":"Jeanette"},"sameAs":["https:\/\/www.eldiario.net\/portal"],"url":"https:\/\/www.eldiario.net\/portal\/author\/jeanette\/"}]}},"_links":{"self":[{"href":"https:\/\/www.eldiario.net\/portal\/wp-json\/wp\/v2\/posts\/277435","targetHints":{"allow":["GET"]}}],"collection":[{"href":"https:\/\/www.eldiario.net\/portal\/wp-json\/wp\/v2\/posts"}],"about":[{"href":"https:\/\/www.eldiario.net\/portal\/wp-json\/wp\/v2\/types\/post"}],"author":[{"embeddable":true,"href":"https:\/\/www.eldiario.net\/portal\/wp-json\/wp\/v2\/users\/1"}],"replies":[{"embeddable":true,"href":"https:\/\/www.eldiario.net\/portal\/wp-json\/wp\/v2\/comments?post=277435"}],"version-history":[{"count":1,"href":"https:\/\/www.eldiario.net\/portal\/wp-json\/wp\/v2\/posts\/277435\/revisions"}],"predecessor-version":[{"id":277437,"href":"https:\/\/www.eldiario.net\/portal\/wp-json\/wp\/v2\/posts\/277435\/revisions\/277437"}],"wp:featuredmedia":[{"embeddable":true,"href":"https:\/\/www.eldiario.net\/portal\/wp-json\/wp\/v2\/media\/277436"}],"wp:attachment":[{"href":"https:\/\/www.eldiario.net\/portal\/wp-json\/wp\/v2\/media?parent=277435"}],"wp:term":[{"taxonomy":"category","embeddable":true,"href":"https:\/\/www.eldiario.net\/portal\/wp-json\/wp\/v2\/categories?post=277435"},{"taxonomy":"post_tag","embeddable":true,"href":"https:\/\/www.eldiario.net\/portal\/wp-json\/wp\/v2\/tags?post=277435"}],"curies":[{"name":"wp","href":"https:\/\/api.w.org\/{rel}","templated":true}]}}