{"id":277432,"date":"2025-01-27T05:57:43","date_gmt":"2025-01-27T09:57:43","guid":{"rendered":"https:\/\/www.eldiario.net\/portal\/?p=277432"},"modified":"2025-01-27T05:57:43","modified_gmt":"2025-01-27T09:57:43","slug":"las-aventuras-de-dog-man-el-fenomeno-literario-infantill","status":"publish","type":"post","link":"https:\/\/www.eldiario.net\/portal\/2025\/01\/27\/las-aventuras-de-dog-man-el-fenomeno-literario-infantill\/","title":{"rendered":"\u201cLas aventuras de Dog Man\u201d, el fen\u00f3meno literario infantill"},"content":{"rendered":"<p>Las novelas gr\u00e1ficas de Hombre Perro (Dog Man), el fen\u00f3meno literario infantil con m\u00e1s de 70 millones de libros vendidos en el mundo, sobre un polic\u00eda mitad perro y mitad hombre, da el salto a la pantalla grande de la mano de DreamWorks Animation y Universal Pictures.<br \/>\nEl largometraje animado tiene la direcci\u00f3n del ganador del Emmy, Peter Hastings, que tambi\u00e9n estuvo detr\u00e1s de las series Kung Fu Panda: la leyenda de Po y las \u00e9picas aventuras del Capit\u00e1n Calzoncillos.<br \/>\nLas aventuras de Dog Man comienzan cuando un fiel perro polic\u00eda y su agente humano sufren graves heridas mientras cumplen con su deber, y solo se les puede salvar mediante una operaci\u00f3n descabellada en la que ambos se fusionan en uno.<br \/>\nEl nuevo agente jura proteger y servir, pero tambi\u00e9n sabe buscar, sentarse y dar la patita. Dog Man acepta su nueva identidad y se esfuerza en complacer a su jefe, mientras se enfrenta a las malvadas intenciones del supervillano felino Petey, que planea clonarse para crear al gatito Lil\u2019Petey y disponer del doble de posibilidades para cometer fechor\u00edas. Las cosas se complicar\u00e1n cuando Lil\u2019Petey y Dog Man se hacen amigos inesperadamente.<br \/>\n\u201cHombre Perro, la obra maestra de Dav Pilkey, iniciada en 20216 y publicada en 45 idiomas, est\u00e1 protagonizada por un personaje que combate el crimen mientras no puede controlar sus divertidos instintos caninos\u201d, comenta Sandra Cortez, gerente de marketing de Andes Films, distribuidora de la cinta en Bolivia, a\u00f1adiendo que, \u201cLas aventuras de Dog Man\u201d promete sumergir a los espectadores en un mundo donde la comedia, la aventura y la acci\u00f3n se conectan con la magia de la narraci\u00f3n de Pilkey, para ofrecer una \u00e9pica historia canina de 94 entretenidos minutos, desde el jueves 30 de enero.<\/p>\n","protected":false},"excerpt":{"rendered":"<p>Las novelas gr\u00e1ficas de Hombre Perro (Dog Man), el fen\u00f3meno literario infantil con m\u00e1s de 70 millones de libros vendidos en el mundo, sobre un polic\u00eda mitad perro y mitad hombre, da el salto a la pantalla grande de la mano de DreamWorks Animation y Universal Pictures. El largometraje animado tiene la direcci\u00f3n del ganador [&hellip;]<\/p>\n","protected":false},"author":1,"featured_media":277433,"comment_status":"closed","ping_status":"open","sticky":false,"template":"","format":"standard","meta":{"_acf_changed":false,"footnotes":""},"categories":[8],"tags":[],"class_list":["post-277432","post","type-post","status-publish","format-standard","has-post-thumbnail","category-cultural"],"acf":{"antetitulo":"Estreno"},"yoast_head":"<!-- This site is optimized with the Yoast SEO plugin v28.4 - https:\/\/yoast.com\/product\/yoast-seo-wordpress\/ -->\n<title>\u201cLas aventuras de Dog Man\u201d, el fen\u00f3meno literario infantill - El Diario - Bolivia<\/title>\n<meta name=\"robots\" content=\"index, follow, max-snippet:-1, max-image-preview:large, max-video-preview:-1\" \/>\n<link rel=\"canonical\" href=\"https:\/\/www.eldiario.net\/portal\/2025\/01\/27\/las-aventuras-de-dog-man-el-fenomeno-literario-infantill\/\" \/>\n<meta property=\"og:locale\" content=\"es_ES\" \/>\n<meta property=\"og:type\" content=\"article\" \/>\n<meta property=\"og:title\" content=\"\u201cLas aventuras de Dog Man\u201d, el fen\u00f3meno literario infantill - El Diario - Bolivia\" \/>\n<meta property=\"og:description\" content=\"Las novelas gr\u00e1ficas de Hombre Perro (Dog Man), el fen\u00f3meno literario infantil con m\u00e1s de 70 millones de libros vendidos en el mundo, sobre un polic\u00eda mitad perro y mitad hombre, da el salto a la pantalla grande de la mano de DreamWorks Animation y Universal Pictures. El largometraje animado tiene la direcci\u00f3n del ganador [&hellip;]\" \/>\n<meta property=\"og:url\" content=\"https:\/\/www.eldiario.net\/portal\/2025\/01\/27\/las-aventuras-de-dog-man-el-fenomeno-literario-infantill\/\" \/>\n<meta property=\"og:site_name\" content=\"El Diario - Bolivia\" \/>\n<meta property=\"article:publisher\" content=\"https:\/\/www.facebook.com\/eldiario.bolivia\/\" \/>\n<meta property=\"article:published_time\" content=\"2025-01-27T09:57:43+00:00\" \/>\n<meta property=\"og:image\" content=\"https:\/\/www.eldiario.net\/portal\/wp-content\/uploads\/2025\/01\/DOG.jpg\" \/>\n\t<meta property=\"og:image:width\" content=\"1280\" \/>\n\t<meta property=\"og:image:height\" content=\"720\" \/>\n\t<meta property=\"og:image:type\" content=\"image\/jpeg\" \/>\n<meta name=\"author\" content=\"Jeanette\" \/>\n<meta name=\"twitter:card\" content=\"summary_large_image\" \/>\n<meta name=\"twitter:creator\" content=\"@eldiario_net\" \/>\n<meta name=\"twitter:site\" content=\"@eldiario_net\" \/>\n<meta name=\"twitter:label1\" content=\"Escrito por\" \/>\n\t<meta name=\"twitter:data1\" content=\"Jeanette\" \/>\n\t<meta name=\"twitter:label2\" content=\"Tiempo de lectura\" \/>\n\t<meta name=\"twitter:data2\" content=\"2 minutos\" \/>\n<script type=\"application\/ld+json\" class=\"yoast-schema-graph\">{\"@context\":\"https:\\\/\\\/schema.org\",\"@graph\":[{\"@type\":\"Article\",\"@id\":\"https:\\\/\\\/www.eldiario.net\\\/portal\\\/2025\\\/01\\\/27\\\/las-aventuras-de-dog-man-el-fenomeno-literario-infantill\\\/#article\",\"isPartOf\":{\"@id\":\"https:\\\/\\\/www.eldiario.net\\\/portal\\\/2025\\\/01\\\/27\\\/las-aventuras-de-dog-man-el-fenomeno-literario-infantill\\\/\"},\"author\":{\"name\":\"Jeanette\",\"@id\":\"https:\\\/\\\/www.eldiario.net\\\/portal\\\/#\\\/schema\\\/person\\\/f46445640444750d7d753ccd04ae01b7\"},\"headline\":\"\u201cLas aventuras de Dog Man\u201d, el fen\u00f3meno literario infantill\",\"datePublished\":\"2025-01-27T09:57:43+00:00\",\"mainEntityOfPage\":{\"@id\":\"https:\\\/\\\/www.eldiario.net\\\/portal\\\/2025\\\/01\\\/27\\\/las-aventuras-de-dog-man-el-fenomeno-literario-infantill\\\/\"},\"wordCount\":312,\"publisher\":{\"@id\":\"https:\\\/\\\/www.eldiario.net\\\/portal\\\/#organization\"},\"image\":{\"@id\":\"https:\\\/\\\/www.eldiario.net\\\/portal\\\/2025\\\/01\\\/27\\\/las-aventuras-de-dog-man-el-fenomeno-literario-infantill\\\/#primaryimage\"},\"thumbnailUrl\":\"https:\\\/\\\/www.eldiario.net\\\/portal\\\/wp-content\\\/uploads\\\/2025\\\/01\\\/DOG.jpg\",\"articleSection\":[\"Cultural\"],\"inLanguage\":\"es\"},{\"@type\":\"WebPage\",\"@id\":\"https:\\\/\\\/www.eldiario.net\\\/portal\\\/2025\\\/01\\\/27\\\/las-aventuras-de-dog-man-el-fenomeno-literario-infantill\\\/\",\"url\":\"https:\\\/\\\/www.eldiario.net\\\/portal\\\/2025\\\/01\\\/27\\\/las-aventuras-de-dog-man-el-fenomeno-literario-infantill\\\/\",\"name\":\"\u201cLas aventuras de Dog Man\u201d, el fen\u00f3meno literario infantill - El Diario - Bolivia\",\"isPartOf\":{\"@id\":\"https:\\\/\\\/www.eldiario.net\\\/portal\\\/#website\"},\"primaryImageOfPage\":{\"@id\":\"https:\\\/\\\/www.eldiario.net\\\/portal\\\/2025\\\/01\\\/27\\\/las-aventuras-de-dog-man-el-fenomeno-literario-infantill\\\/#primaryimage\"},\"image\":{\"@id\":\"https:\\\/\\\/www.eldiario.net\\\/portal\\\/2025\\\/01\\\/27\\\/las-aventuras-de-dog-man-el-fenomeno-literario-infantill\\\/#primaryimage\"},\"thumbnailUrl\":\"https:\\\/\\\/www.eldiario.net\\\/portal\\\/wp-content\\\/uploads\\\/2025\\\/01\\\/DOG.jpg\",\"datePublished\":\"2025-01-27T09:57:43+00:00\",\"breadcrumb\":{\"@id\":\"https:\\\/\\\/www.eldiario.net\\\/portal\\\/2025\\\/01\\\/27\\\/las-aventuras-de-dog-man-el-fenomeno-literario-infantill\\\/#breadcrumb\"},\"inLanguage\":\"es\",\"potentialAction\":[{\"@type\":\"ReadAction\",\"target\":[\"https:\\\/\\\/www.eldiario.net\\\/portal\\\/2025\\\/01\\\/27\\\/las-aventuras-de-dog-man-el-fenomeno-literario-infantill\\\/\"]}]},{\"@type\":\"ImageObject\",\"inLanguage\":\"es\",\"@id\":\"https:\\\/\\\/www.eldiario.net\\\/portal\\\/2025\\\/01\\\/27\\\/las-aventuras-de-dog-man-el-fenomeno-literario-infantill\\\/#primaryimage\",\"url\":\"https:\\\/\\\/www.eldiario.net\\\/portal\\\/wp-content\\\/uploads\\\/2025\\\/01\\\/DOG.jpg\",\"contentUrl\":\"https:\\\/\\\/www.eldiario.net\\\/portal\\\/wp-content\\\/uploads\\\/2025\\\/01\\\/DOG.jpg\",\"width\":1280,\"height\":720,\"caption\":\"DOG MaN, EL NUEVO AGENTE, JURA PROTEGER Y SERVIR, PERO TAMBI\u00c9N SABE BUSCAR, SENTARSE Y DAR LA PATITA.\"},{\"@type\":\"BreadcrumbList\",\"@id\":\"https:\\\/\\\/www.eldiario.net\\\/portal\\\/2025\\\/01\\\/27\\\/las-aventuras-de-dog-man-el-fenomeno-literario-infantill\\\/#breadcrumb\",\"itemListElement\":[{\"@type\":\"ListItem\",\"position\":1,\"name\":\"Portada\",\"item\":\"https:\\\/\\\/www.eldiario.net\\\/portal\\\/\"},{\"@type\":\"ListItem\",\"position\":2,\"name\":\"\u201cLas aventuras de Dog Man\u201d, el fen\u00f3meno literario infantill\"}]},{\"@type\":\"WebSite\",\"@id\":\"https:\\\/\\\/www.eldiario.net\\\/portal\\\/#website\",\"url\":\"https:\\\/\\\/www.eldiario.net\\\/portal\\\/\",\"name\":\"El Diario - Decano de la prensa nacional\",\"description\":\"El Diario - Decano de la prensa nacional\",\"publisher\":{\"@id\":\"https:\\\/\\\/www.eldiario.net\\\/portal\\\/#organization\"},\"potentialAction\":[{\"@type\":\"SearchAction\",\"target\":{\"@type\":\"EntryPoint\",\"urlTemplate\":\"https:\\\/\\\/www.eldiario.net\\\/portal\\\/?s={search_term_string}\"},\"query-input\":{\"@type\":\"PropertyValueSpecification\",\"valueRequired\":true,\"valueName\":\"search_term_string\"}}],\"inLanguage\":\"es\"},{\"@type\":\"Organization\",\"@id\":\"https:\\\/\\\/www.eldiario.net\\\/portal\\\/#organization\",\"name\":\"El Diario - Decano de la prensa nacional\",\"url\":\"https:\\\/\\\/www.eldiario.net\\\/portal\\\/\",\"logo\":{\"@type\":\"ImageObject\",\"inLanguage\":\"es\",\"@id\":\"https:\\\/\\\/www.eldiario.net\\\/portal\\\/#\\\/schema\\\/logo\\\/image\\\/\",\"url\":\"https:\\\/\\\/www.eldiario.net\\\/portal\\\/wp-content\\\/uploads\\\/2023\\\/07\\\/logo_ED.jpg\",\"contentUrl\":\"https:\\\/\\\/www.eldiario.net\\\/portal\\\/wp-content\\\/uploads\\\/2023\\\/07\\\/logo_ED.jpg\",\"width\":272,\"height\":52,\"caption\":\"El Diario - Decano de la prensa nacional\"},\"image\":{\"@id\":\"https:\\\/\\\/www.eldiario.net\\\/portal\\\/#\\\/schema\\\/logo\\\/image\\\/\"},\"sameAs\":[\"https:\\\/\\\/www.facebook.com\\\/eldiario.bolivia\\\/\",\"https:\\\/\\\/x.com\\\/eldiario_net\"]},{\"@type\":\"Person\",\"@id\":\"https:\\\/\\\/www.eldiario.net\\\/portal\\\/#\\\/schema\\\/person\\\/f46445640444750d7d753ccd04ae01b7\",\"name\":\"Jeanette\",\"image\":{\"@type\":\"ImageObject\",\"inLanguage\":\"es\",\"@id\":\"https:\\\/\\\/secure.gravatar.com\\\/avatar\\\/3ea2118a5f7dad2b7138b1187a6b7ee55f160b9968b66013c3a3ef39dd7e5798?s=96&d=mm&r=g\",\"url\":\"https:\\\/\\\/secure.gravatar.com\\\/avatar\\\/3ea2118a5f7dad2b7138b1187a6b7ee55f160b9968b66013c3a3ef39dd7e5798?s=96&d=mm&r=g\",\"contentUrl\":\"https:\\\/\\\/secure.gravatar.com\\\/avatar\\\/3ea2118a5f7dad2b7138b1187a6b7ee55f160b9968b66013c3a3ef39dd7e5798?s=96&d=mm&r=g\",\"caption\":\"Jeanette\"},\"sameAs\":[\"https:\\\/\\\/www.eldiario.net\\\/portal\"],\"url\":\"https:\\\/\\\/www.eldiario.net\\\/portal\\\/author\\\/jeanette\\\/\"}]}<\/script>\n<!-- \/ Yoast SEO plugin. -->","yoast_head_json":{"title":"\u201cLas aventuras de Dog Man\u201d, el fen\u00f3meno literario infantill - El Diario - Bolivia","robots":{"index":"index","follow":"follow","max-snippet":"max-snippet:-1","max-image-preview":"max-image-preview:large","max-video-preview":"max-video-preview:-1"},"canonical":"https:\/\/www.eldiario.net\/portal\/2025\/01\/27\/las-aventuras-de-dog-man-el-fenomeno-literario-infantill\/","og_locale":"es_ES","og_type":"article","og_title":"\u201cLas aventuras de Dog Man\u201d, el fen\u00f3meno literario infantill - El Diario - Bolivia","og_description":"Las novelas gr\u00e1ficas de Hombre Perro (Dog Man), el fen\u00f3meno literario infantil con m\u00e1s de 70 millones de libros vendidos en el mundo, sobre un polic\u00eda mitad perro y mitad hombre, da el salto a la pantalla grande de la mano de DreamWorks Animation y Universal Pictures. El largometraje animado tiene la direcci\u00f3n del ganador [&hellip;]","og_url":"https:\/\/www.eldiario.net\/portal\/2025\/01\/27\/las-aventuras-de-dog-man-el-fenomeno-literario-infantill\/","og_site_name":"El Diario - Bolivia","article_publisher":"https:\/\/www.facebook.com\/eldiario.bolivia\/","article_published_time":"2025-01-27T09:57:43+00:00","og_image":[{"width":1280,"height":720,"url":"https:\/\/www.eldiario.net\/portal\/wp-content\/uploads\/2025\/01\/DOG.jpg","type":"image\/jpeg"}],"author":"Jeanette","twitter_card":"summary_large_image","twitter_creator":"@eldiario_net","twitter_site":"@eldiario_net","twitter_misc":{"Escrito por":"Jeanette","Tiempo de lectura":"2 minutos"},"schema":{"@context":"https:\/\/schema.org","@graph":[{"@type":"Article","@id":"https:\/\/www.eldiario.net\/portal\/2025\/01\/27\/las-aventuras-de-dog-man-el-fenomeno-literario-infantill\/#article","isPartOf":{"@id":"https:\/\/www.eldiario.net\/portal\/2025\/01\/27\/las-aventuras-de-dog-man-el-fenomeno-literario-infantill\/"},"author":{"name":"Jeanette","@id":"https:\/\/www.eldiario.net\/portal\/#\/schema\/person\/f46445640444750d7d753ccd04ae01b7"},"headline":"\u201cLas aventuras de Dog Man\u201d, el fen\u00f3meno literario infantill","datePublished":"2025-01-27T09:57:43+00:00","mainEntityOfPage":{"@id":"https:\/\/www.eldiario.net\/portal\/2025\/01\/27\/las-aventuras-de-dog-man-el-fenomeno-literario-infantill\/"},"wordCount":312,"publisher":{"@id":"https:\/\/www.eldiario.net\/portal\/#organization"},"image":{"@id":"https:\/\/www.eldiario.net\/portal\/2025\/01\/27\/las-aventuras-de-dog-man-el-fenomeno-literario-infantill\/#primaryimage"},"thumbnailUrl":"https:\/\/www.eldiario.net\/portal\/wp-content\/uploads\/2025\/01\/DOG.jpg","articleSection":["Cultural"],"inLanguage":"es"},{"@type":"WebPage","@id":"https:\/\/www.eldiario.net\/portal\/2025\/01\/27\/las-aventuras-de-dog-man-el-fenomeno-literario-infantill\/","url":"https:\/\/www.eldiario.net\/portal\/2025\/01\/27\/las-aventuras-de-dog-man-el-fenomeno-literario-infantill\/","name":"\u201cLas aventuras de Dog Man\u201d, el fen\u00f3meno literario infantill - El Diario - Bolivia","isPartOf":{"@id":"https:\/\/www.eldiario.net\/portal\/#website"},"primaryImageOfPage":{"@id":"https:\/\/www.eldiario.net\/portal\/2025\/01\/27\/las-aventuras-de-dog-man-el-fenomeno-literario-infantill\/#primaryimage"},"image":{"@id":"https:\/\/www.eldiario.net\/portal\/2025\/01\/27\/las-aventuras-de-dog-man-el-fenomeno-literario-infantill\/#primaryimage"},"thumbnailUrl":"https:\/\/www.eldiario.net\/portal\/wp-content\/uploads\/2025\/01\/DOG.jpg","datePublished":"2025-01-27T09:57:43+00:00","breadcrumb":{"@id":"https:\/\/www.eldiario.net\/portal\/2025\/01\/27\/las-aventuras-de-dog-man-el-fenomeno-literario-infantill\/#breadcrumb"},"inLanguage":"es","potentialAction":[{"@type":"ReadAction","target":["https:\/\/www.eldiario.net\/portal\/2025\/01\/27\/las-aventuras-de-dog-man-el-fenomeno-literario-infantill\/"]}]},{"@type":"ImageObject","inLanguage":"es","@id":"https:\/\/www.eldiario.net\/portal\/2025\/01\/27\/las-aventuras-de-dog-man-el-fenomeno-literario-infantill\/#primaryimage","url":"https:\/\/www.eldiario.net\/portal\/wp-content\/uploads\/2025\/01\/DOG.jpg","contentUrl":"https:\/\/www.eldiario.net\/portal\/wp-content\/uploads\/2025\/01\/DOG.jpg","width":1280,"height":720,"caption":"DOG MaN, EL NUEVO AGENTE, JURA PROTEGER Y SERVIR, PERO TAMBI\u00c9N SABE BUSCAR, SENTARSE Y DAR LA PATITA."},{"@type":"BreadcrumbList","@id":"https:\/\/www.eldiario.net\/portal\/2025\/01\/27\/las-aventuras-de-dog-man-el-fenomeno-literario-infantill\/#breadcrumb","itemListElement":[{"@type":"ListItem","position":1,"name":"Portada","item":"https:\/\/www.eldiario.net\/portal\/"},{"@type":"ListItem","position":2,"name":"\u201cLas aventuras de Dog Man\u201d, el fen\u00f3meno literario infantill"}]},{"@type":"WebSite","@id":"https:\/\/www.eldiario.net\/portal\/#website","url":"https:\/\/www.eldiario.net\/portal\/","name":"El Diario - Decano de la prensa nacional","description":"El Diario - Decano de la prensa nacional","publisher":{"@id":"https:\/\/www.eldiario.net\/portal\/#organization"},"potentialAction":[{"@type":"SearchAction","target":{"@type":"EntryPoint","urlTemplate":"https:\/\/www.eldiario.net\/portal\/?s={search_term_string}"},"query-input":{"@type":"PropertyValueSpecification","valueRequired":true,"valueName":"search_term_string"}}],"inLanguage":"es"},{"@type":"Organization","@id":"https:\/\/www.eldiario.net\/portal\/#organization","name":"El Diario - Decano de la prensa nacional","url":"https:\/\/www.eldiario.net\/portal\/","logo":{"@type":"ImageObject","inLanguage":"es","@id":"https:\/\/www.eldiario.net\/portal\/#\/schema\/logo\/image\/","url":"https:\/\/www.eldiario.net\/portal\/wp-content\/uploads\/2023\/07\/logo_ED.jpg","contentUrl":"https:\/\/www.eldiario.net\/portal\/wp-content\/uploads\/2023\/07\/logo_ED.jpg","width":272,"height":52,"caption":"El Diario - Decano de la prensa nacional"},"image":{"@id":"https:\/\/www.eldiario.net\/portal\/#\/schema\/logo\/image\/"},"sameAs":["https:\/\/www.facebook.com\/eldiario.bolivia\/","https:\/\/x.com\/eldiario_net"]},{"@type":"Person","@id":"https:\/\/www.eldiario.net\/portal\/#\/schema\/person\/f46445640444750d7d753ccd04ae01b7","name":"Jeanette","image":{"@type":"ImageObject","inLanguage":"es","@id":"https:\/\/secure.gravatar.com\/avatar\/3ea2118a5f7dad2b7138b1187a6b7ee55f160b9968b66013c3a3ef39dd7e5798?s=96&d=mm&r=g","url":"https:\/\/secure.gravatar.com\/avatar\/3ea2118a5f7dad2b7138b1187a6b7ee55f160b9968b66013c3a3ef39dd7e5798?s=96&d=mm&r=g","contentUrl":"https:\/\/secure.gravatar.com\/avatar\/3ea2118a5f7dad2b7138b1187a6b7ee55f160b9968b66013c3a3ef39dd7e5798?s=96&d=mm&r=g","caption":"Jeanette"},"sameAs":["https:\/\/www.eldiario.net\/portal"],"url":"https:\/\/www.eldiario.net\/portal\/author\/jeanette\/"}]}},"_links":{"self":[{"href":"https:\/\/www.eldiario.net\/portal\/wp-json\/wp\/v2\/posts\/277432","targetHints":{"allow":["GET"]}}],"collection":[{"href":"https:\/\/www.eldiario.net\/portal\/wp-json\/wp\/v2\/posts"}],"about":[{"href":"https:\/\/www.eldiario.net\/portal\/wp-json\/wp\/v2\/types\/post"}],"author":[{"embeddable":true,"href":"https:\/\/www.eldiario.net\/portal\/wp-json\/wp\/v2\/users\/1"}],"replies":[{"embeddable":true,"href":"https:\/\/www.eldiario.net\/portal\/wp-json\/wp\/v2\/comments?post=277432"}],"version-history":[{"count":1,"href":"https:\/\/www.eldiario.net\/portal\/wp-json\/wp\/v2\/posts\/277432\/revisions"}],"predecessor-version":[{"id":277434,"href":"https:\/\/www.eldiario.net\/portal\/wp-json\/wp\/v2\/posts\/277432\/revisions\/277434"}],"wp:featuredmedia":[{"embeddable":true,"href":"https:\/\/www.eldiario.net\/portal\/wp-json\/wp\/v2\/media\/277433"}],"wp:attachment":[{"href":"https:\/\/www.eldiario.net\/portal\/wp-json\/wp\/v2\/media?parent=277432"}],"wp:term":[{"taxonomy":"category","embeddable":true,"href":"https:\/\/www.eldiario.net\/portal\/wp-json\/wp\/v2\/categories?post=277432"},{"taxonomy":"post_tag","embeddable":true,"href":"https:\/\/www.eldiario.net\/portal\/wp-json\/wp\/v2\/tags?post=277432"}],"curies":[{"name":"wp","href":"https:\/\/api.w.org\/{rel}","templated":true}]}}